{"id":1000388,"date":"2022-05-27T13:14:36","date_gmt":"2022-05-27T12:14:36","guid":{"rendered":"https:\/\/kapitalis.com\/tunisie\/?p=1000388"},"modified":"2022-05-27T13:14:38","modified_gmt":"2022-05-27T12:14:38","slug":"cinema-tunisien-sous-les-figues-derige-sehiri-prime-a-la-quinzaine-des-realisateurs-a-cannes","status":"publish","type":"post","link":"https:\/\/kapitalis.com\/tunisie\/2022\/05\/27\/cinema-tunisien-sous-les-figues-derige-sehiri-prime-a-la-quinzaine-des-realisateurs-a-cannes\/","title":{"rendered":"Cin\u00e9ma tunisien : \u00ab\u00a0Sous les figues\u00a0\u00bb d&rsquo;Erige Sehiri prim\u00e9 \u00e0 la Quinzaine des R\u00e9alisateurs \u00e0 Cannes"},"content":{"rendered":"\n<p><em><strong>La r\u00e9alisatrice tunisienne Erige Sehiri vient de remporter le Prix EcoProd Award pour son film \u00ab\u00a0Sous les Figues\u00a0\u00bb, dans le cadre de la Quinzaine des R\u00e9alisateurs \u00e0 Cannes.<\/strong><\/em><\/p>\n\n\n\n<!--more-->\n\n\n\n<p>La Quinzaine des R\u00e9alisateurs est l\u2019une des sections parall\u00e8les du Festival de Cannes, elle permet de d\u00e9couvrir de nouveaux talents et de partager avec le public des films de diff\u00e9rentes cultures et de diff\u00e9rents horizons.<\/p>\n\n\n\n<p>La Quinzaine se cl\u00f4ture ce soir, et les premiers prix viennent d\u2019\u00eatre annonc\u00e9s. La jeune r\u00e9alisatrice tunisienne Erige Sehiri que l\u2019on a d\u2019abord connue avec son premier film \u00ab&nbsp;Sur la voie&nbsp;\u00bb, vient d\u2019\u00eatre r\u00e9compens\u00e9e pour son long-m\u00e9trage de fiction \u00ab&nbsp;Sous les figues&nbsp;\u00bb, elle remporte le prix Ecoprod \u00ab&nbsp;pour la d\u00e9marche d\u2019\u00e9co-production ambitieuse&nbsp;\u00bb, a indiqu\u00e9 le jury.<\/p>\n\n\n\n<p>Le film raconte l\u2019histoire de Melek et denses amies qui travaillent dans les vergers durant l\u2019\u00e9t\u00e9, pour payer leurs \u00e9tudes, pr\u00e9parer leur mariage ou aider leurs familles. Entre les figuiers, sous le regard des ouvri\u00e8res plus \u00e2g\u00e9es et des jeunes hommes, elles se d\u00e9voilent et se projettent, au seuil d\u2019une vie d\u2019adulte qui leur restera interdite.<\/p>\n\n\n\n<p class=\"has-text-align-right\"><strong>F.B<\/strong><\/p>\n","protected":false},"excerpt":{"rendered":"<p>La r\u00e9alisatrice tunisienne Erige Sehiri vient de remporter le Prix EcoProd Award pour son film \u00ab\u00a0Sous les Figues\u00a0\u00bb, dans le cadre de la Quinzaine des R\u00e9alisateurs \u00e0 Cannes.<\/p>\n","protected":false},"author":26,"featured_media":1000914,"comment_status":"open","ping_status":"open","sticky":false,"template":"","format":"standard","meta":{"footnotes":""},"categories":[994,2433],"tags":[99080,9668,92169,99076,62643],"class_list":["post-1000388","post","type-post","status-publish","format-standard","has-post-thumbnail","hentry","category-culture","category-tunisie","tag-cannes-2022","tag-cinema-tunisien","tag-erige-sehiri","tag-quinzaine-des-realisateurs","tag-tunisie"],"yoast_head":"<!-- This site is optimized with the Yoast SEO plugin v26.6 - https:\/\/yoast.com\/wordpress\/plugins\/seo\/ -->\n<title>Cin\u00e9ma tunisien : &quot;Sous les figues&quot; d&#039;Erige Sehiri prim\u00e9 \u00e0 la Quinzaine des R\u00e9alisateurs \u00e0 Cannes - Kapitalis<\/title>\n<meta name=\"robots\" content=\"index, follow, max-snippet:-1, max-image-preview:large, max-video-preview:-1\" \/>\n<link rel=\"canonical\" href=\"https:\/\/kapitalis.com\/tunisie\/2022\/05\/27\/cinema-tunisien-sous-les-figues-derige-sehiri-prime-a-la-quinzaine-des-realisateurs-a-cannes\/\" \/>\n<meta property=\"og:locale\" content=\"fr_FR\" \/>\n<meta property=\"og:type\" content=\"article\" \/>\n<meta property=\"og:title\" content=\"Cin\u00e9ma tunisien : &quot;Sous les figues&quot; d&#039;Erige Sehiri prim\u00e9 \u00e0 la Quinzaine des R\u00e9alisateurs \u00e0 Cannes - Kapitalis\" \/>\n<meta property=\"og:description\" content=\"La r\u00e9alisatrice tunisienne Erige Sehiri vient de remporter le Prix EcoProd Award pour son film \u00ab\u00a0Sous les Figues\u00a0\u00bb, dans le cadre de la Quinzaine des R\u00e9alisateurs \u00e0 Cannes.\" \/>\n<meta property=\"og:url\" content=\"https:\/\/kapitalis.com\/tunisie\/2022\/05\/27\/cinema-tunisien-sous-les-figues-derige-sehiri-prime-a-la-quinzaine-des-realisateurs-a-cannes\/\" \/>\n<meta property=\"og:site_name\" content=\"Kapitalis\" \/>\n<meta property=\"article:publisher\" content=\"https:\/\/www.facebook.com\/KapitalisInfo\/\" \/>\n<meta property=\"article:published_time\" content=\"2022-05-27T12:14:36+00:00\" \/>\n<meta property=\"article:modified_time\" content=\"2022-05-27T12:14:38+00:00\" \/>\n<meta property=\"og:image\" content=\"https:\/\/kapitalis.com\/tunisie\/wp-content\/uploads\/2022\/05\/Erige-Sehiri-Prix-Quinzaine-des-Realisateurs-Cannes-2022.jpg\" \/>\n\t<meta property=\"og:image:width\" content=\"1200\" \/>\n\t<meta property=\"og:image:height\" content=\"630\" \/>\n\t<meta property=\"og:image:type\" content=\"image\/jpeg\" \/>\n<meta name=\"author\" content=\"Fawz BenAli\" \/>\n<meta name=\"twitter:card\" content=\"summary_large_image\" \/>\n<meta name=\"twitter:creator\" content=\"@KapitalisInfo\" \/>\n<meta name=\"twitter:site\" content=\"@KapitalisInfo\" \/>\n<meta name=\"twitter:label1\" content=\"\u00c9crit par\" \/>\n\t<meta name=\"twitter:data1\" content=\"Fawz BenAli\" \/>\n\t<meta name=\"twitter:label2\" content=\"Dur\u00e9e de lecture estim\u00e9e\" \/>\n\t<meta name=\"twitter:data2\" content=\"1 minute\" \/>\n<script type=\"application\/ld+json\" class=\"yoast-schema-graph\">{\"@context\":\"https:\/\/schema.org\",\"@graph\":[{\"@type\":\"Article\",\"@id\":\"https:\/\/kapitalis.com\/tunisie\/2022\/05\/27\/cinema-tunisien-sous-les-figues-derige-sehiri-prime-a-la-quinzaine-des-realisateurs-a-cannes\/#article\",\"isPartOf\":{\"@id\":\"https:\/\/kapitalis.com\/tunisie\/2022\/05\/27\/cinema-tunisien-sous-les-figues-derige-sehiri-prime-a-la-quinzaine-des-realisateurs-a-cannes\/\"},\"author\":{\"name\":\"Fawz BenAli\",\"@id\":\"https:\/\/kapitalis.com\/tunisie\/#\/schema\/person\/73a5ecc1f6ae540c6ed91342eadca948\"},\"headline\":\"Cin\u00e9ma tunisien : \u00ab\u00a0Sous les figues\u00a0\u00bb d&rsquo;Erige Sehiri prim\u00e9 \u00e0 la Quinzaine des R\u00e9alisateurs \u00e0 Cannes\",\"datePublished\":\"2022-05-27T12:14:36+00:00\",\"dateModified\":\"2022-05-27T12:14:38+00:00\",\"mainEntityOfPage\":{\"@id\":\"https:\/\/kapitalis.com\/tunisie\/2022\/05\/27\/cinema-tunisien-sous-les-figues-derige-sehiri-prime-a-la-quinzaine-des-realisateurs-a-cannes\/\"},\"wordCount\":225,\"commentCount\":0,\"publisher\":{\"@id\":\"https:\/\/kapitalis.com\/tunisie\/#organization\"},\"image\":{\"@id\":\"https:\/\/kapitalis.com\/tunisie\/2022\/05\/27\/cinema-tunisien-sous-les-figues-derige-sehiri-prime-a-la-quinzaine-des-realisateurs-a-cannes\/#primaryimage\"},\"thumbnailUrl\":\"https:\/\/kapitalis.com\/tunisie\/wp-content\/uploads\/2022\/05\/Erige-Sehiri-Prix-Quinzaine-des-Realisateurs-Cannes-2022.jpg\",\"keywords\":[\"Cannes 2022\",\"cin\u00e9ma tunisien\",\"Erige Sehiri\",\"Quinzaine des R\u00e9alisateurs\",\"Tunisie\"],\"articleSection\":[\"CULTURE\",\"Tunisie\"],\"inLanguage\":\"fr-FR\",\"potentialAction\":[{\"@type\":\"CommentAction\",\"name\":\"Comment\",\"target\":[\"https:\/\/kapitalis.com\/tunisie\/2022\/05\/27\/cinema-tunisien-sous-les-figues-derige-sehiri-prime-a-la-quinzaine-des-realisateurs-a-cannes\/#respond\"]}]},{\"@type\":\"WebPage\",\"@id\":\"https:\/\/kapitalis.com\/tunisie\/2022\/05\/27\/cinema-tunisien-sous-les-figues-derige-sehiri-prime-a-la-quinzaine-des-realisateurs-a-cannes\/\",\"url\":\"https:\/\/kapitalis.com\/tunisie\/2022\/05\/27\/cinema-tunisien-sous-les-figues-derige-sehiri-prime-a-la-quinzaine-des-realisateurs-a-cannes\/\",\"name\":\"Cin\u00e9ma tunisien : \\\"Sous les figues\\\" d'Erige Sehiri prim\u00e9 \u00e0 la Quinzaine des R\u00e9alisateurs \u00e0 Cannes - Kapitalis\",\"isPartOf\":{\"@id\":\"https:\/\/kapitalis.com\/tunisie\/#website\"},\"primaryImageOfPage\":{\"@id\":\"https:\/\/kapitalis.com\/tunisie\/2022\/05\/27\/cinema-tunisien-sous-les-figues-derige-sehiri-prime-a-la-quinzaine-des-realisateurs-a-cannes\/#primaryimage\"},\"image\":{\"@id\":\"https:\/\/kapitalis.com\/tunisie\/2022\/05\/27\/cinema-tunisien-sous-les-figues-derige-sehiri-prime-a-la-quinzaine-des-realisateurs-a-cannes\/#primaryimage\"},\"thumbnailUrl\":\"https:\/\/kapitalis.com\/tunisie\/wp-content\/uploads\/2022\/05\/Erige-Sehiri-Prix-Quinzaine-des-Realisateurs-Cannes-2022.jpg\",\"datePublished\":\"2022-05-27T12:14:36+00:00\",\"dateModified\":\"2022-05-27T12:14:38+00:00\",\"breadcrumb\":{\"@id\":\"https:\/\/kapitalis.com\/tunisie\/2022\/05\/27\/cinema-tunisien-sous-les-figues-derige-sehiri-prime-a-la-quinzaine-des-realisateurs-a-cannes\/#breadcrumb\"},\"inLanguage\":\"fr-FR\",\"potentialAction\":[{\"@type\":\"ReadAction\",\"target\":[\"https:\/\/kapitalis.com\/tunisie\/2022\/05\/27\/cinema-tunisien-sous-les-figues-derige-sehiri-prime-a-la-quinzaine-des-realisateurs-a-cannes\/\"]}]},{\"@type\":\"ImageObject\",\"inLanguage\":\"fr-FR\",\"@id\":\"https:\/\/kapitalis.com\/tunisie\/2022\/05\/27\/cinema-tunisien-sous-les-figues-derige-sehiri-prime-a-la-quinzaine-des-realisateurs-a-cannes\/#primaryimage\",\"url\":\"https:\/\/kapitalis.com\/tunisie\/wp-content\/uploads\/2022\/05\/Erige-Sehiri-Prix-Quinzaine-des-Realisateurs-Cannes-2022.jpg\",\"contentUrl\":\"https:\/\/kapitalis.com\/tunisie\/wp-content\/uploads\/2022\/05\/Erige-Sehiri-Prix-Quinzaine-des-Realisateurs-Cannes-2022.jpg\",\"width\":1200,\"height\":630},{\"@type\":\"BreadcrumbList\",\"@id\":\"https:\/\/kapitalis.com\/tunisie\/2022\/05\/27\/cinema-tunisien-sous-les-figues-derige-sehiri-prime-a-la-quinzaine-des-realisateurs-a-cannes\/#breadcrumb\",\"itemListElement\":[{\"@type\":\"ListItem\",\"position\":1,\"name\":\"Accueil\",\"item\":\"https:\/\/kapitalis.com\/tunisie\/\"},{\"@type\":\"ListItem\",\"position\":2,\"name\":\"Cin\u00e9ma tunisien : \u00ab\u00a0Sous les figues\u00a0\u00bb d&rsquo;Erige Sehiri prim\u00e9 \u00e0 la Quinzaine des R\u00e9alisateurs \u00e0 Cannes\"}]},{\"@type\":\"WebSite\",\"@id\":\"https:\/\/kapitalis.com\/tunisie\/#website\",\"url\":\"https:\/\/kapitalis.com\/tunisie\/\",\"name\":\"Kapitalis\",\"description\":\"L&#039;actualit\u00e9 en Tunisie et dans le monde\",\"publisher\":{\"@id\":\"https:\/\/kapitalis.com\/tunisie\/#organization\"},\"potentialAction\":[{\"@type\":\"SearchAction\",\"target\":{\"@type\":\"EntryPoint\",\"urlTemplate\":\"https:\/\/kapitalis.com\/tunisie\/?s={search_term_string}\"},\"query-input\":{\"@type\":\"PropertyValueSpecification\",\"valueRequired\":true,\"valueName\":\"search_term_string\"}}],\"inLanguage\":\"fr-FR\"},{\"@type\":\"Organization\",\"@id\":\"https:\/\/kapitalis.com\/tunisie\/#organization\",\"name\":\"Kapitalis\",\"url\":\"https:\/\/kapitalis.com\/tunisie\/\",\"logo\":{\"@type\":\"ImageObject\",\"inLanguage\":\"fr-FR\",\"@id\":\"https:\/\/kapitalis.com\/tunisie\/#\/schema\/logo\/image\/\",\"url\":\"https:\/\/kapitalis.com\/tunisie\/wp-content\/uploads\/2022\/05\/Kapitalis-big-size.png\",\"contentUrl\":\"https:\/\/kapitalis.com\/tunisie\/wp-content\/uploads\/2022\/05\/Kapitalis-big-size.png\",\"width\":5000,\"height\":1500,\"caption\":\"Kapitalis\"},\"image\":{\"@id\":\"https:\/\/kapitalis.com\/tunisie\/#\/schema\/logo\/image\/\"},\"sameAs\":[\"https:\/\/www.facebook.com\/KapitalisInfo\/\",\"https:\/\/x.com\/KapitalisInfo\",\"https:\/\/www.youtube.com\/channel\/UC-yDYrHyfFBWWZaOw3FPg9Q\"]},{\"@type\":\"Person\",\"@id\":\"https:\/\/kapitalis.com\/tunisie\/#\/schema\/person\/73a5ecc1f6ae540c6ed91342eadca948\",\"name\":\"Fawz BenAli\",\"url\":\"https:\/\/kapitalis.com\/tunisie\/author\/fawz\/\"}]}<\/script>\n<!-- \/ Yoast SEO plugin. -->","yoast_head_json":{"title":"Cin\u00e9ma tunisien : \"Sous les figues\" d'Erige Sehiri prim\u00e9 \u00e0 la Quinzaine des R\u00e9alisateurs \u00e0 Cannes - Kapitalis","robots":{"index":"index","follow":"follow","max-snippet":"max-snippet:-1","max-image-preview":"max-image-preview:large","max-video-preview":"max-video-preview:-1"},"canonical":"https:\/\/kapitalis.com\/tunisie\/2022\/05\/27\/cinema-tunisien-sous-les-figues-derige-sehiri-prime-a-la-quinzaine-des-realisateurs-a-cannes\/","og_locale":"fr_FR","og_type":"article","og_title":"Cin\u00e9ma tunisien : \"Sous les figues\" d'Erige Sehiri prim\u00e9 \u00e0 la Quinzaine des R\u00e9alisateurs \u00e0 Cannes - Kapitalis","og_description":"La r\u00e9alisatrice tunisienne Erige Sehiri vient de remporter le Prix EcoProd Award pour son film \u00ab\u00a0Sous les Figues\u00a0\u00bb, dans le cadre de la Quinzaine des R\u00e9alisateurs \u00e0 Cannes.","og_url":"https:\/\/kapitalis.com\/tunisie\/2022\/05\/27\/cinema-tunisien-sous-les-figues-derige-sehiri-prime-a-la-quinzaine-des-realisateurs-a-cannes\/","og_site_name":"Kapitalis","article_publisher":"https:\/\/www.facebook.com\/KapitalisInfo\/","article_published_time":"2022-05-27T12:14:36+00:00","article_modified_time":"2022-05-27T12:14:38+00:00","og_image":[{"width":1200,"height":630,"url":"https:\/\/kapitalis.com\/tunisie\/wp-content\/uploads\/2022\/05\/Erige-Sehiri-Prix-Quinzaine-des-Realisateurs-Cannes-2022.jpg","type":"image\/jpeg"}],"author":"Fawz BenAli","twitter_card":"summary_large_image","twitter_creator":"@KapitalisInfo","twitter_site":"@KapitalisInfo","twitter_misc":{"\u00c9crit par":"Fawz BenAli","Dur\u00e9e de lecture estim\u00e9e":"1 minute"},"schema":{"@context":"https:\/\/schema.org","@graph":[{"@type":"Article","@id":"https:\/\/kapitalis.com\/tunisie\/2022\/05\/27\/cinema-tunisien-sous-les-figues-derige-sehiri-prime-a-la-quinzaine-des-realisateurs-a-cannes\/#article","isPartOf":{"@id":"https:\/\/kapitalis.com\/tunisie\/2022\/05\/27\/cinema-tunisien-sous-les-figues-derige-sehiri-prime-a-la-quinzaine-des-realisateurs-a-cannes\/"},"author":{"name":"Fawz BenAli","@id":"https:\/\/kapitalis.com\/tunisie\/#\/schema\/person\/73a5ecc1f6ae540c6ed91342eadca948"},"headline":"Cin\u00e9ma tunisien : \u00ab\u00a0Sous les figues\u00a0\u00bb d&rsquo;Erige Sehiri prim\u00e9 \u00e0 la Quinzaine des R\u00e9alisateurs \u00e0 Cannes","datePublished":"2022-05-27T12:14:36+00:00","dateModified":"2022-05-27T12:14:38+00:00","mainEntityOfPage":{"@id":"https:\/\/kapitalis.com\/tunisie\/2022\/05\/27\/cinema-tunisien-sous-les-figues-derige-sehiri-prime-a-la-quinzaine-des-realisateurs-a-cannes\/"},"wordCount":225,"commentCount":0,"publisher":{"@id":"https:\/\/kapitalis.com\/tunisie\/#organization"},"image":{"@id":"https:\/\/kapitalis.com\/tunisie\/2022\/05\/27\/cinema-tunisien-sous-les-figues-derige-sehiri-prime-a-la-quinzaine-des-realisateurs-a-cannes\/#primaryimage"},"thumbnailUrl":"https:\/\/kapitalis.com\/tunisie\/wp-content\/uploads\/2022\/05\/Erige-Sehiri-Prix-Quinzaine-des-Realisateurs-Cannes-2022.jpg","keywords":["Cannes 2022","cin\u00e9ma tunisien","Erige Sehiri","Quinzaine des R\u00e9alisateurs","Tunisie"],"articleSection":["CULTURE","Tunisie"],"inLanguage":"fr-FR","potentialAction":[{"@type":"CommentAction","name":"Comment","target":["https:\/\/kapitalis.com\/tunisie\/2022\/05\/27\/cinema-tunisien-sous-les-figues-derige-sehiri-prime-a-la-quinzaine-des-realisateurs-a-cannes\/#respond"]}]},{"@type":"WebPage","@id":"https:\/\/kapitalis.com\/tunisie\/2022\/05\/27\/cinema-tunisien-sous-les-figues-derige-sehiri-prime-a-la-quinzaine-des-realisateurs-a-cannes\/","url":"https:\/\/kapitalis.com\/tunisie\/2022\/05\/27\/cinema-tunisien-sous-les-figues-derige-sehiri-prime-a-la-quinzaine-des-realisateurs-a-cannes\/","name":"Cin\u00e9ma tunisien : \"Sous les figues\" d'Erige Sehiri prim\u00e9 \u00e0 la Quinzaine des R\u00e9alisateurs \u00e0 Cannes - Kapitalis","isPartOf":{"@id":"https:\/\/kapitalis.com\/tunisie\/#website"},"primaryImageOfPage":{"@id":"https:\/\/kapitalis.com\/tunisie\/2022\/05\/27\/cinema-tunisien-sous-les-figues-derige-sehiri-prime-a-la-quinzaine-des-realisateurs-a-cannes\/#primaryimage"},"image":{"@id":"https:\/\/kapitalis.com\/tunisie\/2022\/05\/27\/cinema-tunisien-sous-les-figues-derige-sehiri-prime-a-la-quinzaine-des-realisateurs-a-cannes\/#primaryimage"},"thumbnailUrl":"https:\/\/kapitalis.com\/tunisie\/wp-content\/uploads\/2022\/05\/Erige-Sehiri-Prix-Quinzaine-des-Realisateurs-Cannes-2022.jpg","datePublished":"2022-05-27T12:14:36+00:00","dateModified":"2022-05-27T12:14:38+00:00","breadcrumb":{"@id":"https:\/\/kapitalis.com\/tunisie\/2022\/05\/27\/cinema-tunisien-sous-les-figues-derige-sehiri-prime-a-la-quinzaine-des-realisateurs-a-cannes\/#breadcrumb"},"inLanguage":"fr-FR","potentialAction":[{"@type":"ReadAction","target":["https:\/\/kapitalis.com\/tunisie\/2022\/05\/27\/cinema-tunisien-sous-les-figues-derige-sehiri-prime-a-la-quinzaine-des-realisateurs-a-cannes\/"]}]},{"@type":"ImageObject","inLanguage":"fr-FR","@id":"https:\/\/kapitalis.com\/tunisie\/2022\/05\/27\/cinema-tunisien-sous-les-figues-derige-sehiri-prime-a-la-quinzaine-des-realisateurs-a-cannes\/#primaryimage","url":"https:\/\/kapitalis.com\/tunisie\/wp-content\/uploads\/2022\/05\/Erige-Sehiri-Prix-Quinzaine-des-Realisateurs-Cannes-2022.jpg","contentUrl":"https:\/\/kapitalis.com\/tunisie\/wp-content\/uploads\/2022\/05\/Erige-Sehiri-Prix-Quinzaine-des-Realisateurs-Cannes-2022.jpg","width":1200,"height":630},{"@type":"BreadcrumbList","@id":"https:\/\/kapitalis.com\/tunisie\/2022\/05\/27\/cinema-tunisien-sous-les-figues-derige-sehiri-prime-a-la-quinzaine-des-realisateurs-a-cannes\/#breadcrumb","itemListElement":[{"@type":"ListItem","position":1,"name":"Accueil","item":"https:\/\/kapitalis.com\/tunisie\/"},{"@type":"ListItem","position":2,"name":"Cin\u00e9ma tunisien : \u00ab\u00a0Sous les figues\u00a0\u00bb d&rsquo;Erige Sehiri prim\u00e9 \u00e0 la Quinzaine des R\u00e9alisateurs \u00e0 Cannes"}]},{"@type":"WebSite","@id":"https:\/\/kapitalis.com\/tunisie\/#website","url":"https:\/\/kapitalis.com\/tunisie\/","name":"Kapitalis","description":"L&#039;actualit\u00e9 en Tunisie et dans le monde","publisher":{"@id":"https:\/\/kapitalis.com\/tunisie\/#organization"},"potentialAction":[{"@type":"SearchAction","target":{"@type":"EntryPoint","urlTemplate":"https:\/\/kapitalis.com\/tunisie\/?s={search_term_string}"},"query-input":{"@type":"PropertyValueSpecification","valueRequired":true,"valueName":"search_term_string"}}],"inLanguage":"fr-FR"},{"@type":"Organization","@id":"https:\/\/kapitalis.com\/tunisie\/#organization","name":"Kapitalis","url":"https:\/\/kapitalis.com\/tunisie\/","logo":{"@type":"ImageObject","inLanguage":"fr-FR","@id":"https:\/\/kapitalis.com\/tunisie\/#\/schema\/logo\/image\/","url":"https:\/\/kapitalis.com\/tunisie\/wp-content\/uploads\/2022\/05\/Kapitalis-big-size.png","contentUrl":"https:\/\/kapitalis.com\/tunisie\/wp-content\/uploads\/2022\/05\/Kapitalis-big-size.png","width":5000,"height":1500,"caption":"Kapitalis"},"image":{"@id":"https:\/\/kapitalis.com\/tunisie\/#\/schema\/logo\/image\/"},"sameAs":["https:\/\/www.facebook.com\/KapitalisInfo\/","https:\/\/x.com\/KapitalisInfo","https:\/\/www.youtube.com\/channel\/UC-yDYrHyfFBWWZaOw3FPg9Q"]},{"@type":"Person","@id":"https:\/\/kapitalis.com\/tunisie\/#\/schema\/person\/73a5ecc1f6ae540c6ed91342eadca948","name":"Fawz BenAli","url":"https:\/\/kapitalis.com\/tunisie\/author\/fawz\/"}]}},"_links":{"self":[{"href":"https:\/\/kapitalis.com\/tunisie\/wp-json\/wp\/v2\/posts\/1000388","targetHints":{"allow":["GET"]}}],"collection":[{"href":"https:\/\/kapitalis.com\/tunisie\/wp-json\/wp\/v2\/posts"}],"about":[{"href":"https:\/\/kapitalis.com\/tunisie\/wp-json\/wp\/v2\/types\/post"}],"author":[{"embeddable":true,"href":"https:\/\/kapitalis.com\/tunisie\/wp-json\/wp\/v2\/users\/26"}],"replies":[{"embeddable":true,"href":"https:\/\/kapitalis.com\/tunisie\/wp-json\/wp\/v2\/comments?post=1000388"}],"version-history":[{"count":0,"href":"https:\/\/kapitalis.com\/tunisie\/wp-json\/wp\/v2\/posts\/1000388\/revisions"}],"wp:featuredmedia":[{"embeddable":true,"href":"https:\/\/kapitalis.com\/tunisie\/wp-json\/wp\/v2\/media\/1000914"}],"wp:attachment":[{"href":"https:\/\/kapitalis.com\/tunisie\/wp-json\/wp\/v2\/media?parent=1000388"}],"wp:term":[{"taxonomy":"category","embeddable":true,"href":"https:\/\/kapitalis.com\/tunisie\/wp-json\/wp\/v2\/categories?post=1000388"},{"taxonomy":"post_tag","embeddable":true,"href":"https:\/\/kapitalis.com\/tunisie\/wp-json\/wp\/v2\/tags?post=1000388"}],"curies":[{"name":"wp","href":"https:\/\/api.w.org\/{rel}","templated":true}]}}