{"id":10023348,"date":"2023-10-04T08:43:13","date_gmt":"2023-10-04T07:43:13","guid":{"rendered":"https:\/\/kapitalis.com\/tunisie\/?p=10023348"},"modified":"2023-10-04T08:43:14","modified_gmt":"2023-10-04T07:43:14","slug":"tunis-exposition-sur-les-revoltes-arabes-mediterraneennes-a-dar-ben-achour","status":"publish","type":"post","link":"https:\/\/kapitalis.com\/tunisie\/2023\/10\/04\/tunis-exposition-sur-les-revoltes-arabes-mediterraneennes-a-dar-ben-achour\/","title":{"rendered":"Tunis\u00a0: exposition sur les r\u00e9voltes arabes m\u00e9diterran\u00e9ennes \u00e0 Dar Ben Achour"},"content":{"rendered":"\n<p><strong><em>A Dar Ben Achour, dans la M\u00e9dina de Tunis, dans le cadre du festival d\u2019art multidisciplinaire Dream City, il est possible de visiter jusqu\u2019au 8 octobre une exposition originale intitul\u00e9e \u00abLes Cartes de la Dignit\u00e9\u00bb.<\/em><\/strong><\/p>\n\n\n\n<!--more-->\n\n\n\n<p>Organis\u00e9e par l\u2019\u00e9quipe de chercheurs du projet <em>\u00abR\u00eave &#8211; Planifier et mettre en \u0153uvre des r\u00e9volutions dans la M\u00e9diterran\u00e9e arabe\u00bb<\/em>, dirig\u00e9 par Leyla Dakhli, l\u2019exposition explore les espaces de r\u00e9volte dans le monde arabe m\u00e9diterran\u00e9en, \u00e0 partir des exp\u00e9riences v\u00e9cues dans le sud de l\u2019Italie m\u00e9diterran\u00e9enne depuis les ann\u00e9es 1950. Ce sont des exp\u00e9riences pratiques, sensorielles et \u00e9motionnelles ancr\u00e9es dans un concept de vie digne.<\/p>\n\n\n\n<p>Au d\u00e9part, il y avait l\u2019id\u00e9e d\u2019un projet de publication avec des cartes sensibles et les premi\u00e8res tentatives de visualisation des th\u00e8mes individuels des chercheurs avec le soutien inestimable du cartographe Philippe Rekacewicz.<\/p>\n\n\n\n<p>D\u2019une rencontre fatidique en juin 2022 est n\u00e9e l\u2019id\u00e9e ambitieuse de cr\u00e9er une exposition pr\u00e9sentant des projets dans le cadre du festival Dream City.<\/p>\n\n\n\n<p>En octobre 2022, la participation s\u2019est concr\u00e9tis\u00e9e et le projet a d\u00e9marr\u00e9, a indiqu\u00e9 Dahkli sur le site Internet du projet.<\/p>\n\n\n\n<p>Dans le contexte des r\u00e9volutions de 2011 dans la r\u00e9gion Mena, la dignit\u00e9\/karama a trouv\u00e9 une place centrale.<\/p>\n\n\n\n<p>Les r\u00e9volutions, du moins en Tunisie et en Syrie, ont \u00e9t\u00e9 appel\u00e9es r\u00e9volutions de la dignit\u00e9 (<em>thawr\u00e2t al-karama<\/em>). Aujourd\u2019hui encore, dans les processus r\u00e9volutionnaires et post-r\u00e9volutionnaires en cours dans la r\u00e9gion, la question de la dignit\u00e9 reste centrale : celle qui revient aux victimes de la violence, celle qui s\u2019est exprim\u00e9e et continue de s\u2019exprimer dans la r\u00e9sistance, celle qui accompagne les demandes de subsistance et le droit \u00e0 la vie m\u00eame dans des contextes de crise \u00e9conomique et climatique critique, notamment en Irak, au Liban, en Syrie et au Soudan.<\/p>\n\n\n\n<p>Le projet prend la dignit\u00e9 comme point central et l\u2019examine sous diff\u00e9rents angles.<\/p>\n\n\n\n<p>Bas\u00e9e sur un travail de recherche et de documentation, cette exposition est une tentative de r\u00e9ponse sous forme de cartes sensibles enrichies de sons, d\u2019images, d\u2019objets, de projections qui t\u00e9moignent de trajectoires de vie, de situations historiques ou de temps de r\u00e9voltes.<\/p>\n\n\n\n<p>Dans leurs projets, les chercheurs ont retrac\u00e9 les domaines de vie que les rebelles leur ont racont\u00e9s \u00e0 travers des entretiens, des observations ou des traces d\u2019archives.<\/p>\n\n\n\n<p>Reliant diff\u00e9rents espaces et temps, la pluralit\u00e9 de ces cartes nous plonge dans une exploration artistique \u00e0 la fois stimulante et imaginative de ces domaines de la vie. Nous devenons ainsi plus capables de comprendre la complexit\u00e9, le sens et l\u2019articulation de ces deux notions de dignit\u00e9 et de r\u00e9volte.<\/p>\n\n\n\n<p>L\u2019exposition, accompagn\u00e9e de mini-conf\u00e9rences et de performances, rassemble quatorze projets de cartes de micro-histoires de r\u00e9voltes \u00e0 Alger, Tunis, Damas ou Alexandrie, des portraits de femmes et d\u2019hommes, des lieux et formes de vie, des r\u00e9cits d\u2019\u00e9mancipation et d\u2019impulsions r\u00e9volutionnaires.<\/p>\n","protected":false},"excerpt":{"rendered":"<p>Exposition originale \u00e0 Dar Ben Achour \u00e0 Tunis sur les r\u00e9voltes arabes m\u00e9diterran\u00e9ennes. <\/p>\n","protected":false},"author":8,"featured_media":10023509,"comment_status":"open","ping_status":"open","sticky":false,"template":"","format":"standard","meta":{"footnotes":""},"categories":[994,2433],"tags":[111315,111312,3319,111313,111314,111316,62643],"class_list":["post-10023348","post","type-post","status-publish","format-standard","has-post-thumbnail","hentry","category-culture","category-tunisie","tag-cartes-de-la-dignite","tag-dar-ben-achour","tag-dream-city","tag-leyla-dakhli","tag-mediterranee-arabe","tag-philippe-rekacewicz","tag-tunisie"],"yoast_head":"<!-- This site is optimized with the Yoast SEO plugin v26.6 - https:\/\/yoast.com\/wordpress\/plugins\/seo\/ -->\n<title>Tunis\u00a0: exposition sur les r\u00e9voltes arabes m\u00e9diterran\u00e9ennes \u00e0 Dar Ben Achour - Kapitalis<\/title>\n<meta name=\"robots\" content=\"index, follow, max-snippet:-1, max-image-preview:large, max-video-preview:-1\" \/>\n<link rel=\"canonical\" href=\"https:\/\/kapitalis.com\/tunisie\/2023\/10\/04\/tunis-exposition-sur-les-revoltes-arabes-mediterraneennes-a-dar-ben-achour\/\" \/>\n<meta property=\"og:locale\" content=\"fr_FR\" \/>\n<meta property=\"og:type\" content=\"article\" \/>\n<meta property=\"og:title\" content=\"Tunis\u00a0: exposition sur les r\u00e9voltes arabes m\u00e9diterran\u00e9ennes \u00e0 Dar Ben Achour - Kapitalis\" \/>\n<meta property=\"og:description\" content=\"Exposition originale \u00e0 Dar Ben Achour \u00e0 Tunis sur les r\u00e9voltes arabes m\u00e9diterran\u00e9ennes.\" \/>\n<meta property=\"og:url\" content=\"https:\/\/kapitalis.com\/tunisie\/2023\/10\/04\/tunis-exposition-sur-les-revoltes-arabes-mediterraneennes-a-dar-ben-achour\/\" \/>\n<meta property=\"og:site_name\" content=\"Kapitalis\" \/>\n<meta property=\"article:publisher\" content=\"https:\/\/www.facebook.com\/KapitalisInfo\/\" \/>\n<meta property=\"article:published_time\" content=\"2023-10-04T07:43:13+00:00\" \/>\n<meta property=\"article:modified_time\" content=\"2023-10-04T07:43:14+00:00\" \/>\n<meta property=\"og:image\" content=\"https:\/\/kapitalis.com\/tunisie\/wp-content\/uploads\/2023\/10\/Cartes-de-la-dignite.jpg\" \/>\n\t<meta property=\"og:image:width\" content=\"1200\" \/>\n\t<meta property=\"og:image:height\" content=\"630\" \/>\n\t<meta property=\"og:image:type\" content=\"image\/jpeg\" \/>\n<meta name=\"author\" content=\"webmaster kapitalis\" \/>\n<meta name=\"twitter:card\" content=\"summary_large_image\" \/>\n<meta name=\"twitter:creator\" content=\"@KapitalisInfo\" \/>\n<meta name=\"twitter:site\" content=\"@KapitalisInfo\" \/>\n<meta name=\"twitter:label1\" content=\"\u00c9crit par\" \/>\n\t<meta name=\"twitter:data1\" content=\"webmaster kapitalis\" \/>\n\t<meta name=\"twitter:label2\" content=\"Dur\u00e9e de lecture estim\u00e9e\" \/>\n\t<meta name=\"twitter:data2\" content=\"3 minutes\" \/>\n<script type=\"application\/ld+json\" class=\"yoast-schema-graph\">{\"@context\":\"https:\/\/schema.org\",\"@graph\":[{\"@type\":\"Article\",\"@id\":\"https:\/\/kapitalis.com\/tunisie\/2023\/10\/04\/tunis-exposition-sur-les-revoltes-arabes-mediterraneennes-a-dar-ben-achour\/#article\",\"isPartOf\":{\"@id\":\"https:\/\/kapitalis.com\/tunisie\/2023\/10\/04\/tunis-exposition-sur-les-revoltes-arabes-mediterraneennes-a-dar-ben-achour\/\"},\"author\":{\"name\":\"webmaster kapitalis\",\"@id\":\"https:\/\/kapitalis.com\/tunisie\/#\/schema\/person\/d71f33a9ca44f7bad4698210b480c8e9\"},\"headline\":\"Tunis\u00a0: exposition sur les r\u00e9voltes arabes m\u00e9diterran\u00e9ennes \u00e0 Dar Ben Achour\",\"datePublished\":\"2023-10-04T07:43:13+00:00\",\"dateModified\":\"2023-10-04T07:43:14+00:00\",\"mainEntityOfPage\":{\"@id\":\"https:\/\/kapitalis.com\/tunisie\/2023\/10\/04\/tunis-exposition-sur-les-revoltes-arabes-mediterraneennes-a-dar-ben-achour\/\"},\"wordCount\":537,\"commentCount\":0,\"publisher\":{\"@id\":\"https:\/\/kapitalis.com\/tunisie\/#organization\"},\"image\":{\"@id\":\"https:\/\/kapitalis.com\/tunisie\/2023\/10\/04\/tunis-exposition-sur-les-revoltes-arabes-mediterraneennes-a-dar-ben-achour\/#primaryimage\"},\"thumbnailUrl\":\"https:\/\/kapitalis.com\/tunisie\/wp-content\/uploads\/2023\/10\/Cartes-de-la-dignite.jpg\",\"keywords\":[\"Cartes de la Dignit\u00e9\",\"Dar Ben Achour\",\"Dream City\",\"Leyla Dakhli\",\"M\u00e9diterran\u00e9e arabe\",\"Philippe Rekacewicz\",\"Tunisie\"],\"articleSection\":[\"CULTURE\",\"Tunisie\"],\"inLanguage\":\"fr-FR\",\"potentialAction\":[{\"@type\":\"CommentAction\",\"name\":\"Comment\",\"target\":[\"https:\/\/kapitalis.com\/tunisie\/2023\/10\/04\/tunis-exposition-sur-les-revoltes-arabes-mediterraneennes-a-dar-ben-achour\/#respond\"]}]},{\"@type\":\"WebPage\",\"@id\":\"https:\/\/kapitalis.com\/tunisie\/2023\/10\/04\/tunis-exposition-sur-les-revoltes-arabes-mediterraneennes-a-dar-ben-achour\/\",\"url\":\"https:\/\/kapitalis.com\/tunisie\/2023\/10\/04\/tunis-exposition-sur-les-revoltes-arabes-mediterraneennes-a-dar-ben-achour\/\",\"name\":\"Tunis\u00a0: exposition sur les r\u00e9voltes arabes m\u00e9diterran\u00e9ennes \u00e0 Dar Ben Achour - Kapitalis\",\"isPartOf\":{\"@id\":\"https:\/\/kapitalis.com\/tunisie\/#website\"},\"primaryImageOfPage\":{\"@id\":\"https:\/\/kapitalis.com\/tunisie\/2023\/10\/04\/tunis-exposition-sur-les-revoltes-arabes-mediterraneennes-a-dar-ben-achour\/#primaryimage\"},\"image\":{\"@id\":\"https:\/\/kapitalis.com\/tunisie\/2023\/10\/04\/tunis-exposition-sur-les-revoltes-arabes-mediterraneennes-a-dar-ben-achour\/#primaryimage\"},\"thumbnailUrl\":\"https:\/\/kapitalis.com\/tunisie\/wp-content\/uploads\/2023\/10\/Cartes-de-la-dignite.jpg\",\"datePublished\":\"2023-10-04T07:43:13+00:00\",\"dateModified\":\"2023-10-04T07:43:14+00:00\",\"breadcrumb\":{\"@id\":\"https:\/\/kapitalis.com\/tunisie\/2023\/10\/04\/tunis-exposition-sur-les-revoltes-arabes-mediterraneennes-a-dar-ben-achour\/#breadcrumb\"},\"inLanguage\":\"fr-FR\",\"potentialAction\":[{\"@type\":\"ReadAction\",\"target\":[\"https:\/\/kapitalis.com\/tunisie\/2023\/10\/04\/tunis-exposition-sur-les-revoltes-arabes-mediterraneennes-a-dar-ben-achour\/\"]}]},{\"@type\":\"ImageObject\",\"inLanguage\":\"fr-FR\",\"@id\":\"https:\/\/kapitalis.com\/tunisie\/2023\/10\/04\/tunis-exposition-sur-les-revoltes-arabes-mediterraneennes-a-dar-ben-achour\/#primaryimage\",\"url\":\"https:\/\/kapitalis.com\/tunisie\/wp-content\/uploads\/2023\/10\/Cartes-de-la-dignite.jpg\",\"contentUrl\":\"https:\/\/kapitalis.com\/tunisie\/wp-content\/uploads\/2023\/10\/Cartes-de-la-dignite.jpg\",\"width\":1200,\"height\":630},{\"@type\":\"BreadcrumbList\",\"@id\":\"https:\/\/kapitalis.com\/tunisie\/2023\/10\/04\/tunis-exposition-sur-les-revoltes-arabes-mediterraneennes-a-dar-ben-achour\/#breadcrumb\",\"itemListElement\":[{\"@type\":\"ListItem\",\"position\":1,\"name\":\"Accueil\",\"item\":\"https:\/\/kapitalis.com\/tunisie\/\"},{\"@type\":\"ListItem\",\"position\":2,\"name\":\"Tunis\u00a0: exposition sur les r\u00e9voltes arabes m\u00e9diterran\u00e9ennes \u00e0 Dar Ben Achour\"}]},{\"@type\":\"WebSite\",\"@id\":\"https:\/\/kapitalis.com\/tunisie\/#website\",\"url\":\"https:\/\/kapitalis.com\/tunisie\/\",\"name\":\"Kapitalis\",\"description\":\"L&#039;actualit\u00e9 en Tunisie et dans le monde\",\"publisher\":{\"@id\":\"https:\/\/kapitalis.com\/tunisie\/#organization\"},\"potentialAction\":[{\"@type\":\"SearchAction\",\"target\":{\"@type\":\"EntryPoint\",\"urlTemplate\":\"https:\/\/kapitalis.com\/tunisie\/?s={search_term_string}\"},\"query-input\":{\"@type\":\"PropertyValueSpecification\",\"valueRequired\":true,\"valueName\":\"search_term_string\"}}],\"inLanguage\":\"fr-FR\"},{\"@type\":\"Organization\",\"@id\":\"https:\/\/kapitalis.com\/tunisie\/#organization\",\"name\":\"Kapitalis\",\"url\":\"https:\/\/kapitalis.com\/tunisie\/\",\"logo\":{\"@type\":\"ImageObject\",\"inLanguage\":\"fr-FR\",\"@id\":\"https:\/\/kapitalis.com\/tunisie\/#\/schema\/logo\/image\/\",\"url\":\"https:\/\/kapitalis.com\/tunisie\/wp-content\/uploads\/2022\/05\/Kapitalis-big-size.png\",\"contentUrl\":\"https:\/\/kapitalis.com\/tunisie\/wp-content\/uploads\/2022\/05\/Kapitalis-big-size.png\",\"width\":5000,\"height\":1500,\"caption\":\"Kapitalis\"},\"image\":{\"@id\":\"https:\/\/kapitalis.com\/tunisie\/#\/schema\/logo\/image\/\"},\"sameAs\":[\"https:\/\/www.facebook.com\/KapitalisInfo\/\",\"https:\/\/x.com\/KapitalisInfo\",\"https:\/\/www.youtube.com\/channel\/UC-yDYrHyfFBWWZaOw3FPg9Q\"]},{\"@type\":\"Person\",\"@id\":\"https:\/\/kapitalis.com\/tunisie\/#\/schema\/person\/d71f33a9ca44f7bad4698210b480c8e9\",\"name\":\"webmaster kapitalis\",\"url\":\"https:\/\/kapitalis.com\/tunisie\/author\/webmaster-kapitalis\/\"}]}<\/script>\n<!-- \/ Yoast SEO plugin. -->","yoast_head_json":{"title":"Tunis\u00a0: exposition sur les r\u00e9voltes arabes m\u00e9diterran\u00e9ennes \u00e0 Dar Ben Achour - Kapitalis","robots":{"index":"index","follow":"follow","max-snippet":"max-snippet:-1","max-image-preview":"max-image-preview:large","max-video-preview":"max-video-preview:-1"},"canonical":"https:\/\/kapitalis.com\/tunisie\/2023\/10\/04\/tunis-exposition-sur-les-revoltes-arabes-mediterraneennes-a-dar-ben-achour\/","og_locale":"fr_FR","og_type":"article","og_title":"Tunis\u00a0: exposition sur les r\u00e9voltes arabes m\u00e9diterran\u00e9ennes \u00e0 Dar Ben Achour - Kapitalis","og_description":"Exposition originale \u00e0 Dar Ben Achour \u00e0 Tunis sur les r\u00e9voltes arabes m\u00e9diterran\u00e9ennes.","og_url":"https:\/\/kapitalis.com\/tunisie\/2023\/10\/04\/tunis-exposition-sur-les-revoltes-arabes-mediterraneennes-a-dar-ben-achour\/","og_site_name":"Kapitalis","article_publisher":"https:\/\/www.facebook.com\/KapitalisInfo\/","article_published_time":"2023-10-04T07:43:13+00:00","article_modified_time":"2023-10-04T07:43:14+00:00","og_image":[{"width":1200,"height":630,"url":"https:\/\/kapitalis.com\/tunisie\/wp-content\/uploads\/2023\/10\/Cartes-de-la-dignite.jpg","type":"image\/jpeg"}],"author":"webmaster kapitalis","twitter_card":"summary_large_image","twitter_creator":"@KapitalisInfo","twitter_site":"@KapitalisInfo","twitter_misc":{"\u00c9crit par":"webmaster kapitalis","Dur\u00e9e de lecture estim\u00e9e":"3 minutes"},"schema":{"@context":"https:\/\/schema.org","@graph":[{"@type":"Article","@id":"https:\/\/kapitalis.com\/tunisie\/2023\/10\/04\/tunis-exposition-sur-les-revoltes-arabes-mediterraneennes-a-dar-ben-achour\/#article","isPartOf":{"@id":"https:\/\/kapitalis.com\/tunisie\/2023\/10\/04\/tunis-exposition-sur-les-revoltes-arabes-mediterraneennes-a-dar-ben-achour\/"},"author":{"name":"webmaster kapitalis","@id":"https:\/\/kapitalis.com\/tunisie\/#\/schema\/person\/d71f33a9ca44f7bad4698210b480c8e9"},"headline":"Tunis\u00a0: exposition sur les r\u00e9voltes arabes m\u00e9diterran\u00e9ennes \u00e0 Dar Ben Achour","datePublished":"2023-10-04T07:43:13+00:00","dateModified":"2023-10-04T07:43:14+00:00","mainEntityOfPage":{"@id":"https:\/\/kapitalis.com\/tunisie\/2023\/10\/04\/tunis-exposition-sur-les-revoltes-arabes-mediterraneennes-a-dar-ben-achour\/"},"wordCount":537,"commentCount":0,"publisher":{"@id":"https:\/\/kapitalis.com\/tunisie\/#organization"},"image":{"@id":"https:\/\/kapitalis.com\/tunisie\/2023\/10\/04\/tunis-exposition-sur-les-revoltes-arabes-mediterraneennes-a-dar-ben-achour\/#primaryimage"},"thumbnailUrl":"https:\/\/kapitalis.com\/tunisie\/wp-content\/uploads\/2023\/10\/Cartes-de-la-dignite.jpg","keywords":["Cartes de la Dignit\u00e9","Dar Ben Achour","Dream City","Leyla Dakhli","M\u00e9diterran\u00e9e arabe","Philippe Rekacewicz","Tunisie"],"articleSection":["CULTURE","Tunisie"],"inLanguage":"fr-FR","potentialAction":[{"@type":"CommentAction","name":"Comment","target":["https:\/\/kapitalis.com\/tunisie\/2023\/10\/04\/tunis-exposition-sur-les-revoltes-arabes-mediterraneennes-a-dar-ben-achour\/#respond"]}]},{"@type":"WebPage","@id":"https:\/\/kapitalis.com\/tunisie\/2023\/10\/04\/tunis-exposition-sur-les-revoltes-arabes-mediterraneennes-a-dar-ben-achour\/","url":"https:\/\/kapitalis.com\/tunisie\/2023\/10\/04\/tunis-exposition-sur-les-revoltes-arabes-mediterraneennes-a-dar-ben-achour\/","name":"Tunis\u00a0: exposition sur les r\u00e9voltes arabes m\u00e9diterran\u00e9ennes \u00e0 Dar Ben Achour - Kapitalis","isPartOf":{"@id":"https:\/\/kapitalis.com\/tunisie\/#website"},"primaryImageOfPage":{"@id":"https:\/\/kapitalis.com\/tunisie\/2023\/10\/04\/tunis-exposition-sur-les-revoltes-arabes-mediterraneennes-a-dar-ben-achour\/#primaryimage"},"image":{"@id":"https:\/\/kapitalis.com\/tunisie\/2023\/10\/04\/tunis-exposition-sur-les-revoltes-arabes-mediterraneennes-a-dar-ben-achour\/#primaryimage"},"thumbnailUrl":"https:\/\/kapitalis.com\/tunisie\/wp-content\/uploads\/2023\/10\/Cartes-de-la-dignite.jpg","datePublished":"2023-10-04T07:43:13+00:00","dateModified":"2023-10-04T07:43:14+00:00","breadcrumb":{"@id":"https:\/\/kapitalis.com\/tunisie\/2023\/10\/04\/tunis-exposition-sur-les-revoltes-arabes-mediterraneennes-a-dar-ben-achour\/#breadcrumb"},"inLanguage":"fr-FR","potentialAction":[{"@type":"ReadAction","target":["https:\/\/kapitalis.com\/tunisie\/2023\/10\/04\/tunis-exposition-sur-les-revoltes-arabes-mediterraneennes-a-dar-ben-achour\/"]}]},{"@type":"ImageObject","inLanguage":"fr-FR","@id":"https:\/\/kapitalis.com\/tunisie\/2023\/10\/04\/tunis-exposition-sur-les-revoltes-arabes-mediterraneennes-a-dar-ben-achour\/#primaryimage","url":"https:\/\/kapitalis.com\/tunisie\/wp-content\/uploads\/2023\/10\/Cartes-de-la-dignite.jpg","contentUrl":"https:\/\/kapitalis.com\/tunisie\/wp-content\/uploads\/2023\/10\/Cartes-de-la-dignite.jpg","width":1200,"height":630},{"@type":"BreadcrumbList","@id":"https:\/\/kapitalis.com\/tunisie\/2023\/10\/04\/tunis-exposition-sur-les-revoltes-arabes-mediterraneennes-a-dar-ben-achour\/#breadcrumb","itemListElement":[{"@type":"ListItem","position":1,"name":"Accueil","item":"https:\/\/kapitalis.com\/tunisie\/"},{"@type":"ListItem","position":2,"name":"Tunis\u00a0: exposition sur les r\u00e9voltes arabes m\u00e9diterran\u00e9ennes \u00e0 Dar Ben Achour"}]},{"@type":"WebSite","@id":"https:\/\/kapitalis.com\/tunisie\/#website","url":"https:\/\/kapitalis.com\/tunisie\/","name":"Kapitalis","description":"L&#039;actualit\u00e9 en Tunisie et dans le monde","publisher":{"@id":"https:\/\/kapitalis.com\/tunisie\/#organization"},"potentialAction":[{"@type":"SearchAction","target":{"@type":"EntryPoint","urlTemplate":"https:\/\/kapitalis.com\/tunisie\/?s={search_term_string}"},"query-input":{"@type":"PropertyValueSpecification","valueRequired":true,"valueName":"search_term_string"}}],"inLanguage":"fr-FR"},{"@type":"Organization","@id":"https:\/\/kapitalis.com\/tunisie\/#organization","name":"Kapitalis","url":"https:\/\/kapitalis.com\/tunisie\/","logo":{"@type":"ImageObject","inLanguage":"fr-FR","@id":"https:\/\/kapitalis.com\/tunisie\/#\/schema\/logo\/image\/","url":"https:\/\/kapitalis.com\/tunisie\/wp-content\/uploads\/2022\/05\/Kapitalis-big-size.png","contentUrl":"https:\/\/kapitalis.com\/tunisie\/wp-content\/uploads\/2022\/05\/Kapitalis-big-size.png","width":5000,"height":1500,"caption":"Kapitalis"},"image":{"@id":"https:\/\/kapitalis.com\/tunisie\/#\/schema\/logo\/image\/"},"sameAs":["https:\/\/www.facebook.com\/KapitalisInfo\/","https:\/\/x.com\/KapitalisInfo","https:\/\/www.youtube.com\/channel\/UC-yDYrHyfFBWWZaOw3FPg9Q"]},{"@type":"Person","@id":"https:\/\/kapitalis.com\/tunisie\/#\/schema\/person\/d71f33a9ca44f7bad4698210b480c8e9","name":"webmaster kapitalis","url":"https:\/\/kapitalis.com\/tunisie\/author\/webmaster-kapitalis\/"}]}},"_links":{"self":[{"href":"https:\/\/kapitalis.com\/tunisie\/wp-json\/wp\/v2\/posts\/10023348","targetHints":{"allow":["GET"]}}],"collection":[{"href":"https:\/\/kapitalis.com\/tunisie\/wp-json\/wp\/v2\/posts"}],"about":[{"href":"https:\/\/kapitalis.com\/tunisie\/wp-json\/wp\/v2\/types\/post"}],"author":[{"embeddable":true,"href":"https:\/\/kapitalis.com\/tunisie\/wp-json\/wp\/v2\/users\/8"}],"replies":[{"embeddable":true,"href":"https:\/\/kapitalis.com\/tunisie\/wp-json\/wp\/v2\/comments?post=10023348"}],"version-history":[{"count":1,"href":"https:\/\/kapitalis.com\/tunisie\/wp-json\/wp\/v2\/posts\/10023348\/revisions"}],"predecessor-version":[{"id":10023531,"href":"https:\/\/kapitalis.com\/tunisie\/wp-json\/wp\/v2\/posts\/10023348\/revisions\/10023531"}],"wp:featuredmedia":[{"embeddable":true,"href":"https:\/\/kapitalis.com\/tunisie\/wp-json\/wp\/v2\/media\/10023509"}],"wp:attachment":[{"href":"https:\/\/kapitalis.com\/tunisie\/wp-json\/wp\/v2\/media?parent=10023348"}],"wp:term":[{"taxonomy":"category","embeddable":true,"href":"https:\/\/kapitalis.com\/tunisie\/wp-json\/wp\/v2\/categories?post=10023348"},{"taxonomy":"post_tag","embeddable":true,"href":"https:\/\/kapitalis.com\/tunisie\/wp-json\/wp\/v2\/tags?post=10023348"}],"curies":[{"name":"wp","href":"https:\/\/api.w.org\/{rel}","templated":true}]}}