{"id":10038862,"date":"2023-10-05T08:02:43","date_gmt":"2023-10-05T07:02:43","guid":{"rendered":"https:\/\/kapitalis.com\/tunisie\/?p=10038862"},"modified":"2023-10-05T08:02:45","modified_gmt":"2023-10-05T07:02:45","slug":"sfax-medibat-met-le-cap-sur-le-batiment-vert-et-durable","status":"publish","type":"post","link":"https:\/\/kapitalis.com\/tunisie\/2023\/10\/05\/sfax-medibat-met-le-cap-sur-le-batiment-vert-et-durable\/","title":{"rendered":"Sfax: Medibat met le cap sur le b\u00e2timent vert et durable"},"content":{"rendered":"\n<p><strong><em>La 17<sup>e<\/sup> \u00e9dition du Salon m\u00e9diterran\u00e9en du b\u00e2timent (Medibat), organis\u00e9e par la Chambre de commerce et d\u2019industrie de Sfax, se tient du 4 au 7 octobre 2023 au Parc des Expositions de Sfax.<\/em><\/strong><\/p>\n\n\n\n<!--more-->\n\n\n\n<p>Selon les organisateurs, l\u2019\u00e9dition 2023 de ce salon biennal, mise sous le th\u00e8me <em>\u00abL\u2019entrepreneuriat pour le b\u00e2timent vert et durable\u00bb<\/em>, a attir\u00e9 plus de 150 exposants venus de 7 pays, en plus de la Tunisie.<\/p>\n\n\n\n<p>Ces pays sont la Libye, le Cameroun, la C\u00f4te d\u2019Ivoire, le Congo Brazzaville, le S\u00e9n\u00e9gal, le Burkina Faso et la France. Des visiteurs professionnels en provenance de 12 pays africains et europ\u00e9ens sont \u00e9galement pr\u00e9sents.<\/p>\n\n\n\n<p>En inaugurant le salon, Sarra Zaafrani, ministre de l\u2019\u00c9quipement et de l\u2019Habitat, a d\u00e9clar\u00e9 que <em>\u00abla transition vers la construction verte et durable d\u00e9terminera l\u2019avenir du secteur de la construction, face aux nouveaux d\u00e9fis \u00e9nerg\u00e9tiques, \u00e9conomiques et de d\u00e9veloppement\u00bb<\/em>, en rappelant que <em>\u00able secteur du b\u00e2timent et des infrastructures est l\u2019un des secteurs \u00e0 forte intensit\u00e9 \u00e9nerg\u00e9tique, se classant au premier rang national en termes de consommation d\u2019\u00e9nergie, avec une part de 36%\u00bb<\/em>.<\/p>\n\n\n\n<p>La ministre a expliqu\u00e9 que la crise \u00e9nerg\u00e9tique mondiale, exacerb\u00e9e par le changement climatique et la d\u00e9t\u00e9rioration de la situation environnementale, n\u00e9cessiterait l\u2019utilisation d\u2019\u00e9nergies renouvelables et propres, ainsi qu\u2019une meilleure coordination \u00e0 l\u2019\u00e9chelle mondiale pour assurer une plus grande r\u00e9silience et un d\u00e9veloppement durable.<\/p>\n\n\n\n<p>Mme Zaafrani a indiqu\u00e9 que son d\u00e9partement travaille \u00e0 mettre en place la strat\u00e9gie \u00e9nerg\u00e9tique pour 2035 et \u00e0 \u00e9laborer la politique urbaine nationale pour la p\u00e9riode \u00e0 venir. Le minist\u00e8re s\u2019emploie \u00e9galement \u00e0 relancer le secteur de la construction, qui contribue \u00e0 hauteur de 7% au PIB, attire plus de 25% des investisseurs et offre plus de 400 000 emplois. La relance de ce secteur se fera \u00e0 travers la transition vers la construction \u00e9cologique, a-t-elle soulign\u00e9.<\/p>\n\n\n\n<p><strong><em>D\u2019apr\u00e8s Tap.<\/em><\/strong><\/p>\n","protected":false},"excerpt":{"rendered":"<p>La Tunisie \u00e0 l&rsquo;heure du b\u00e2timent vert et durable<\/p>\n","protected":false},"author":8,"featured_media":10038935,"comment_status":"open","ping_status":"open","sticky":false,"template":"","format":"standard","meta":{"footnotes":""},"categories":[995,2433],"tags":[134,24073,6030,1684,5640,4849,479,111354,93964,110022,823],"class_list":["post-10038862","post","type-post","status-publish","format-standard","has-post-thumbnail","hentry","category-economie","category-tunisie","tag-batiment","tag-changement-climatique","tag-construction","tag-developpement-durable","tag-energies-renouvelables","tag-entrepreneuriat","tag-infrastructure","tag-intensite-energetique","tag-medibat","tag-sarra-zaafrani-2","tag-sfax"],"yoast_head":"<!-- This site is optimized with the Yoast SEO plugin v26.6 - https:\/\/yoast.com\/wordpress\/plugins\/seo\/ -->\n<title>Sfax: Medibat met le cap sur le b\u00e2timent vert et durable - Kapitalis<\/title>\n<meta name=\"robots\" content=\"index, follow, max-snippet:-1, max-image-preview:large, max-video-preview:-1\" \/>\n<link rel=\"canonical\" href=\"https:\/\/kapitalis.com\/tunisie\/2023\/10\/05\/sfax-medibat-met-le-cap-sur-le-batiment-vert-et-durable\/\" \/>\n<meta property=\"og:locale\" content=\"fr_FR\" \/>\n<meta property=\"og:type\" content=\"article\" \/>\n<meta property=\"og:title\" content=\"Sfax: Medibat met le cap sur le b\u00e2timent vert et durable - Kapitalis\" \/>\n<meta property=\"og:description\" content=\"La Tunisie \u00e0 l&#039;heure du b\u00e2timent vert et durable\" \/>\n<meta property=\"og:url\" content=\"https:\/\/kapitalis.com\/tunisie\/2023\/10\/05\/sfax-medibat-met-le-cap-sur-le-batiment-vert-et-durable\/\" \/>\n<meta property=\"og:site_name\" content=\"Kapitalis\" \/>\n<meta property=\"article:publisher\" content=\"https:\/\/www.facebook.com\/KapitalisInfo\/\" \/>\n<meta property=\"article:published_time\" content=\"2023-10-05T07:02:43+00:00\" \/>\n<meta property=\"article:modified_time\" content=\"2023-10-05T07:02:45+00:00\" \/>\n<meta property=\"og:image\" content=\"https:\/\/kapitalis.com\/tunisie\/wp-content\/uploads\/2023\/10\/Medibat-2023.jpg\" \/>\n\t<meta property=\"og:image:width\" content=\"1200\" \/>\n\t<meta property=\"og:image:height\" content=\"630\" \/>\n\t<meta property=\"og:image:type\" content=\"image\/jpeg\" \/>\n<meta name=\"author\" content=\"webmaster kapitalis\" \/>\n<meta name=\"twitter:card\" content=\"summary_large_image\" \/>\n<meta name=\"twitter:creator\" content=\"@KapitalisInfo\" \/>\n<meta name=\"twitter:site\" content=\"@KapitalisInfo\" \/>\n<meta name=\"twitter:label1\" content=\"\u00c9crit par\" \/>\n\t<meta name=\"twitter:data1\" content=\"webmaster kapitalis\" \/>\n\t<meta name=\"twitter:label2\" content=\"Dur\u00e9e de lecture estim\u00e9e\" \/>\n\t<meta name=\"twitter:data2\" content=\"2 minutes\" \/>\n<script type=\"application\/ld+json\" class=\"yoast-schema-graph\">{\"@context\":\"https:\/\/schema.org\",\"@graph\":[{\"@type\":\"Article\",\"@id\":\"https:\/\/kapitalis.com\/tunisie\/2023\/10\/05\/sfax-medibat-met-le-cap-sur-le-batiment-vert-et-durable\/#article\",\"isPartOf\":{\"@id\":\"https:\/\/kapitalis.com\/tunisie\/2023\/10\/05\/sfax-medibat-met-le-cap-sur-le-batiment-vert-et-durable\/\"},\"author\":{\"name\":\"webmaster kapitalis\",\"@id\":\"https:\/\/kapitalis.com\/tunisie\/#\/schema\/person\/d71f33a9ca44f7bad4698210b480c8e9\"},\"headline\":\"Sfax: Medibat met le cap sur le b\u00e2timent vert et durable\",\"datePublished\":\"2023-10-05T07:02:43+00:00\",\"dateModified\":\"2023-10-05T07:02:45+00:00\",\"mainEntityOfPage\":{\"@id\":\"https:\/\/kapitalis.com\/tunisie\/2023\/10\/05\/sfax-medibat-met-le-cap-sur-le-batiment-vert-et-durable\/\"},\"wordCount\":337,\"commentCount\":0,\"publisher\":{\"@id\":\"https:\/\/kapitalis.com\/tunisie\/#organization\"},\"image\":{\"@id\":\"https:\/\/kapitalis.com\/tunisie\/2023\/10\/05\/sfax-medibat-met-le-cap-sur-le-batiment-vert-et-durable\/#primaryimage\"},\"thumbnailUrl\":\"https:\/\/kapitalis.com\/tunisie\/wp-content\/uploads\/2023\/10\/Medibat-2023.jpg\",\"keywords\":[\"b\u00e2timent\",\"changement climatique\",\"construction\",\"d\u00e9veloppement durable\",\"\u00e9nergies renouvelables\",\"entrepreneuriat\",\"infrastructure\",\"intensit\u00e9 \u00e9nerg\u00e9tique\",\"Medibat\",\"Sarra Zaafrani\",\"Sfax\"],\"articleSection\":[\"ECONOMIE\",\"Tunisie\"],\"inLanguage\":\"fr-FR\",\"potentialAction\":[{\"@type\":\"CommentAction\",\"name\":\"Comment\",\"target\":[\"https:\/\/kapitalis.com\/tunisie\/2023\/10\/05\/sfax-medibat-met-le-cap-sur-le-batiment-vert-et-durable\/#respond\"]}]},{\"@type\":\"WebPage\",\"@id\":\"https:\/\/kapitalis.com\/tunisie\/2023\/10\/05\/sfax-medibat-met-le-cap-sur-le-batiment-vert-et-durable\/\",\"url\":\"https:\/\/kapitalis.com\/tunisie\/2023\/10\/05\/sfax-medibat-met-le-cap-sur-le-batiment-vert-et-durable\/\",\"name\":\"Sfax: Medibat met le cap sur le b\u00e2timent vert et durable - Kapitalis\",\"isPartOf\":{\"@id\":\"https:\/\/kapitalis.com\/tunisie\/#website\"},\"primaryImageOfPage\":{\"@id\":\"https:\/\/kapitalis.com\/tunisie\/2023\/10\/05\/sfax-medibat-met-le-cap-sur-le-batiment-vert-et-durable\/#primaryimage\"},\"image\":{\"@id\":\"https:\/\/kapitalis.com\/tunisie\/2023\/10\/05\/sfax-medibat-met-le-cap-sur-le-batiment-vert-et-durable\/#primaryimage\"},\"thumbnailUrl\":\"https:\/\/kapitalis.com\/tunisie\/wp-content\/uploads\/2023\/10\/Medibat-2023.jpg\",\"datePublished\":\"2023-10-05T07:02:43+00:00\",\"dateModified\":\"2023-10-05T07:02:45+00:00\",\"breadcrumb\":{\"@id\":\"https:\/\/kapitalis.com\/tunisie\/2023\/10\/05\/sfax-medibat-met-le-cap-sur-le-batiment-vert-et-durable\/#breadcrumb\"},\"inLanguage\":\"fr-FR\",\"potentialAction\":[{\"@type\":\"ReadAction\",\"target\":[\"https:\/\/kapitalis.com\/tunisie\/2023\/10\/05\/sfax-medibat-met-le-cap-sur-le-batiment-vert-et-durable\/\"]}]},{\"@type\":\"ImageObject\",\"inLanguage\":\"fr-FR\",\"@id\":\"https:\/\/kapitalis.com\/tunisie\/2023\/10\/05\/sfax-medibat-met-le-cap-sur-le-batiment-vert-et-durable\/#primaryimage\",\"url\":\"https:\/\/kapitalis.com\/tunisie\/wp-content\/uploads\/2023\/10\/Medibat-2023.jpg\",\"contentUrl\":\"https:\/\/kapitalis.com\/tunisie\/wp-content\/uploads\/2023\/10\/Medibat-2023.jpg\",\"width\":1200,\"height\":630},{\"@type\":\"BreadcrumbList\",\"@id\":\"https:\/\/kapitalis.com\/tunisie\/2023\/10\/05\/sfax-medibat-met-le-cap-sur-le-batiment-vert-et-durable\/#breadcrumb\",\"itemListElement\":[{\"@type\":\"ListItem\",\"position\":1,\"name\":\"Accueil\",\"item\":\"https:\/\/kapitalis.com\/tunisie\/\"},{\"@type\":\"ListItem\",\"position\":2,\"name\":\"Sfax: Medibat met le cap sur le b\u00e2timent vert et durable\"}]},{\"@type\":\"WebSite\",\"@id\":\"https:\/\/kapitalis.com\/tunisie\/#website\",\"url\":\"https:\/\/kapitalis.com\/tunisie\/\",\"name\":\"Kapitalis\",\"description\":\"L&#039;actualit\u00e9 en Tunisie et dans le monde\",\"publisher\":{\"@id\":\"https:\/\/kapitalis.com\/tunisie\/#organization\"},\"potentialAction\":[{\"@type\":\"SearchAction\",\"target\":{\"@type\":\"EntryPoint\",\"urlTemplate\":\"https:\/\/kapitalis.com\/tunisie\/?s={search_term_string}\"},\"query-input\":{\"@type\":\"PropertyValueSpecification\",\"valueRequired\":true,\"valueName\":\"search_term_string\"}}],\"inLanguage\":\"fr-FR\"},{\"@type\":\"Organization\",\"@id\":\"https:\/\/kapitalis.com\/tunisie\/#organization\",\"name\":\"Kapitalis\",\"url\":\"https:\/\/kapitalis.com\/tunisie\/\",\"logo\":{\"@type\":\"ImageObject\",\"inLanguage\":\"fr-FR\",\"@id\":\"https:\/\/kapitalis.com\/tunisie\/#\/schema\/logo\/image\/\",\"url\":\"https:\/\/kapitalis.com\/tunisie\/wp-content\/uploads\/2022\/05\/Kapitalis-big-size.png\",\"contentUrl\":\"https:\/\/kapitalis.com\/tunisie\/wp-content\/uploads\/2022\/05\/Kapitalis-big-size.png\",\"width\":5000,\"height\":1500,\"caption\":\"Kapitalis\"},\"image\":{\"@id\":\"https:\/\/kapitalis.com\/tunisie\/#\/schema\/logo\/image\/\"},\"sameAs\":[\"https:\/\/www.facebook.com\/KapitalisInfo\/\",\"https:\/\/x.com\/KapitalisInfo\",\"https:\/\/www.youtube.com\/channel\/UC-yDYrHyfFBWWZaOw3FPg9Q\"]},{\"@type\":\"Person\",\"@id\":\"https:\/\/kapitalis.com\/tunisie\/#\/schema\/person\/d71f33a9ca44f7bad4698210b480c8e9\",\"name\":\"webmaster kapitalis\",\"url\":\"https:\/\/kapitalis.com\/tunisie\/author\/webmaster-kapitalis\/\"}]}<\/script>\n<!-- \/ Yoast SEO plugin. -->","yoast_head_json":{"title":"Sfax: Medibat met le cap sur le b\u00e2timent vert et durable - Kapitalis","robots":{"index":"index","follow":"follow","max-snippet":"max-snippet:-1","max-image-preview":"max-image-preview:large","max-video-preview":"max-video-preview:-1"},"canonical":"https:\/\/kapitalis.com\/tunisie\/2023\/10\/05\/sfax-medibat-met-le-cap-sur-le-batiment-vert-et-durable\/","og_locale":"fr_FR","og_type":"article","og_title":"Sfax: Medibat met le cap sur le b\u00e2timent vert et durable - Kapitalis","og_description":"La Tunisie \u00e0 l'heure du b\u00e2timent vert et durable","og_url":"https:\/\/kapitalis.com\/tunisie\/2023\/10\/05\/sfax-medibat-met-le-cap-sur-le-batiment-vert-et-durable\/","og_site_name":"Kapitalis","article_publisher":"https:\/\/www.facebook.com\/KapitalisInfo\/","article_published_time":"2023-10-05T07:02:43+00:00","article_modified_time":"2023-10-05T07:02:45+00:00","og_image":[{"width":1200,"height":630,"url":"https:\/\/kapitalis.com\/tunisie\/wp-content\/uploads\/2023\/10\/Medibat-2023.jpg","type":"image\/jpeg"}],"author":"webmaster kapitalis","twitter_card":"summary_large_image","twitter_creator":"@KapitalisInfo","twitter_site":"@KapitalisInfo","twitter_misc":{"\u00c9crit par":"webmaster kapitalis","Dur\u00e9e de lecture estim\u00e9e":"2 minutes"},"schema":{"@context":"https:\/\/schema.org","@graph":[{"@type":"Article","@id":"https:\/\/kapitalis.com\/tunisie\/2023\/10\/05\/sfax-medibat-met-le-cap-sur-le-batiment-vert-et-durable\/#article","isPartOf":{"@id":"https:\/\/kapitalis.com\/tunisie\/2023\/10\/05\/sfax-medibat-met-le-cap-sur-le-batiment-vert-et-durable\/"},"author":{"name":"webmaster kapitalis","@id":"https:\/\/kapitalis.com\/tunisie\/#\/schema\/person\/d71f33a9ca44f7bad4698210b480c8e9"},"headline":"Sfax: Medibat met le cap sur le b\u00e2timent vert et durable","datePublished":"2023-10-05T07:02:43+00:00","dateModified":"2023-10-05T07:02:45+00:00","mainEntityOfPage":{"@id":"https:\/\/kapitalis.com\/tunisie\/2023\/10\/05\/sfax-medibat-met-le-cap-sur-le-batiment-vert-et-durable\/"},"wordCount":337,"commentCount":0,"publisher":{"@id":"https:\/\/kapitalis.com\/tunisie\/#organization"},"image":{"@id":"https:\/\/kapitalis.com\/tunisie\/2023\/10\/05\/sfax-medibat-met-le-cap-sur-le-batiment-vert-et-durable\/#primaryimage"},"thumbnailUrl":"https:\/\/kapitalis.com\/tunisie\/wp-content\/uploads\/2023\/10\/Medibat-2023.jpg","keywords":["b\u00e2timent","changement climatique","construction","d\u00e9veloppement durable","\u00e9nergies renouvelables","entrepreneuriat","infrastructure","intensit\u00e9 \u00e9nerg\u00e9tique","Medibat","Sarra Zaafrani","Sfax"],"articleSection":["ECONOMIE","Tunisie"],"inLanguage":"fr-FR","potentialAction":[{"@type":"CommentAction","name":"Comment","target":["https:\/\/kapitalis.com\/tunisie\/2023\/10\/05\/sfax-medibat-met-le-cap-sur-le-batiment-vert-et-durable\/#respond"]}]},{"@type":"WebPage","@id":"https:\/\/kapitalis.com\/tunisie\/2023\/10\/05\/sfax-medibat-met-le-cap-sur-le-batiment-vert-et-durable\/","url":"https:\/\/kapitalis.com\/tunisie\/2023\/10\/05\/sfax-medibat-met-le-cap-sur-le-batiment-vert-et-durable\/","name":"Sfax: Medibat met le cap sur le b\u00e2timent vert et durable - Kapitalis","isPartOf":{"@id":"https:\/\/kapitalis.com\/tunisie\/#website"},"primaryImageOfPage":{"@id":"https:\/\/kapitalis.com\/tunisie\/2023\/10\/05\/sfax-medibat-met-le-cap-sur-le-batiment-vert-et-durable\/#primaryimage"},"image":{"@id":"https:\/\/kapitalis.com\/tunisie\/2023\/10\/05\/sfax-medibat-met-le-cap-sur-le-batiment-vert-et-durable\/#primaryimage"},"thumbnailUrl":"https:\/\/kapitalis.com\/tunisie\/wp-content\/uploads\/2023\/10\/Medibat-2023.jpg","datePublished":"2023-10-05T07:02:43+00:00","dateModified":"2023-10-05T07:02:45+00:00","breadcrumb":{"@id":"https:\/\/kapitalis.com\/tunisie\/2023\/10\/05\/sfax-medibat-met-le-cap-sur-le-batiment-vert-et-durable\/#breadcrumb"},"inLanguage":"fr-FR","potentialAction":[{"@type":"ReadAction","target":["https:\/\/kapitalis.com\/tunisie\/2023\/10\/05\/sfax-medibat-met-le-cap-sur-le-batiment-vert-et-durable\/"]}]},{"@type":"ImageObject","inLanguage":"fr-FR","@id":"https:\/\/kapitalis.com\/tunisie\/2023\/10\/05\/sfax-medibat-met-le-cap-sur-le-batiment-vert-et-durable\/#primaryimage","url":"https:\/\/kapitalis.com\/tunisie\/wp-content\/uploads\/2023\/10\/Medibat-2023.jpg","contentUrl":"https:\/\/kapitalis.com\/tunisie\/wp-content\/uploads\/2023\/10\/Medibat-2023.jpg","width":1200,"height":630},{"@type":"BreadcrumbList","@id":"https:\/\/kapitalis.com\/tunisie\/2023\/10\/05\/sfax-medibat-met-le-cap-sur-le-batiment-vert-et-durable\/#breadcrumb","itemListElement":[{"@type":"ListItem","position":1,"name":"Accueil","item":"https:\/\/kapitalis.com\/tunisie\/"},{"@type":"ListItem","position":2,"name":"Sfax: Medibat met le cap sur le b\u00e2timent vert et durable"}]},{"@type":"WebSite","@id":"https:\/\/kapitalis.com\/tunisie\/#website","url":"https:\/\/kapitalis.com\/tunisie\/","name":"Kapitalis","description":"L&#039;actualit\u00e9 en Tunisie et dans le monde","publisher":{"@id":"https:\/\/kapitalis.com\/tunisie\/#organization"},"potentialAction":[{"@type":"SearchAction","target":{"@type":"EntryPoint","urlTemplate":"https:\/\/kapitalis.com\/tunisie\/?s={search_term_string}"},"query-input":{"@type":"PropertyValueSpecification","valueRequired":true,"valueName":"search_term_string"}}],"inLanguage":"fr-FR"},{"@type":"Organization","@id":"https:\/\/kapitalis.com\/tunisie\/#organization","name":"Kapitalis","url":"https:\/\/kapitalis.com\/tunisie\/","logo":{"@type":"ImageObject","inLanguage":"fr-FR","@id":"https:\/\/kapitalis.com\/tunisie\/#\/schema\/logo\/image\/","url":"https:\/\/kapitalis.com\/tunisie\/wp-content\/uploads\/2022\/05\/Kapitalis-big-size.png","contentUrl":"https:\/\/kapitalis.com\/tunisie\/wp-content\/uploads\/2022\/05\/Kapitalis-big-size.png","width":5000,"height":1500,"caption":"Kapitalis"},"image":{"@id":"https:\/\/kapitalis.com\/tunisie\/#\/schema\/logo\/image\/"},"sameAs":["https:\/\/www.facebook.com\/KapitalisInfo\/","https:\/\/x.com\/KapitalisInfo","https:\/\/www.youtube.com\/channel\/UC-yDYrHyfFBWWZaOw3FPg9Q"]},{"@type":"Person","@id":"https:\/\/kapitalis.com\/tunisie\/#\/schema\/person\/d71f33a9ca44f7bad4698210b480c8e9","name":"webmaster kapitalis","url":"https:\/\/kapitalis.com\/tunisie\/author\/webmaster-kapitalis\/"}]}},"_links":{"self":[{"href":"https:\/\/kapitalis.com\/tunisie\/wp-json\/wp\/v2\/posts\/10038862","targetHints":{"allow":["GET"]}}],"collection":[{"href":"https:\/\/kapitalis.com\/tunisie\/wp-json\/wp\/v2\/posts"}],"about":[{"href":"https:\/\/kapitalis.com\/tunisie\/wp-json\/wp\/v2\/types\/post"}],"author":[{"embeddable":true,"href":"https:\/\/kapitalis.com\/tunisie\/wp-json\/wp\/v2\/users\/8"}],"replies":[{"embeddable":true,"href":"https:\/\/kapitalis.com\/tunisie\/wp-json\/wp\/v2\/comments?post=10038862"}],"version-history":[{"count":1,"href":"https:\/\/kapitalis.com\/tunisie\/wp-json\/wp\/v2\/posts\/10038862\/revisions"}],"predecessor-version":[{"id":10038952,"href":"https:\/\/kapitalis.com\/tunisie\/wp-json\/wp\/v2\/posts\/10038862\/revisions\/10038952"}],"wp:featuredmedia":[{"embeddable":true,"href":"https:\/\/kapitalis.com\/tunisie\/wp-json\/wp\/v2\/media\/10038935"}],"wp:attachment":[{"href":"https:\/\/kapitalis.com\/tunisie\/wp-json\/wp\/v2\/media?parent=10038862"}],"wp:term":[{"taxonomy":"category","embeddable":true,"href":"https:\/\/kapitalis.com\/tunisie\/wp-json\/wp\/v2\/categories?post=10038862"},{"taxonomy":"post_tag","embeddable":true,"href":"https:\/\/kapitalis.com\/tunisie\/wp-json\/wp\/v2\/tags?post=10038862"}],"curies":[{"name":"wp","href":"https:\/\/api.w.org\/{rel}","templated":true}]}}