{"id":100523,"date":"2017-06-08T08:36:27","date_gmt":"2017-06-08T08:06:27","guid":{"rendered":"http:\/\/kapitalis.com\/tunisie\/?p=100523"},"modified":"2017-06-08T08:38:43","modified_gmt":"2017-06-08T08:08:43","slug":"kebili-deploiement-de-larmee-apres-des-affrontements-entre-deux-villages","status":"publish","type":"post","link":"https:\/\/kapitalis.com\/tunisie\/2017\/06\/08\/kebili-deploiement-de-larmee-apres-des-affrontements-entre-deux-villages\/","title":{"rendered":"Kebili : D\u00e9ploiement de l\u2019arm\u00e9e apr\u00e8s des affrontements entre deux villages"},"content":{"rendered":"<p style=\"text-align: center;\"><img loading=\"lazy\" decoding=\"async\" class=\"alignnone size-full wp-image-73200\" src=\"http:\/\/kapitalis.com\/tunisie\/wp-content\/uploads\/2016\/11\/Kebili.jpg\" alt=\"\" width=\"626\" height=\"380\" \/><\/p>\n<p style=\"text-align: center;\"><em>Kebili.<\/em><\/p>\n<p><em><strong>Le calme est revenu mercredi soir \u00e0 Kebili apr\u00e8s des affrontements entre les habitants de deux villages voisins.<\/strong><\/em><\/p>\n<p><!--more--><\/p>\n<p>Suite aux affrontements qui ont eu lieu dans l\u2019apr\u00e8s-midi du mercredi 7 juin 2017, entre les habitants du village de Bechni, d\u00e9l\u00e9gation d\u2019El Faouar, et celui de Jersin, d\u00e9l\u00e9gation de Kebili Sud\u00a0(gouvernorat de Kebili), des unit\u00e9s des forces arm\u00e9es nationales ont \u00e9t\u00e9 d\u00e9ploy\u00e9es entre les deux localit\u00e9s pour emp\u00eacher une \u00e9ventuelle reprise des affrontements, d\u00e9clench\u00e9s \u00e0 la suite d\u2019un diff\u00e9rend opposant deux familles appartenant chacune \u00e0 l\u2019une des localit\u00e9s autour de la propri\u00e9t\u00e9 d\u2019un terrain dans la r\u00e9gion.<\/p>\n<p>Ces affrontements se sont sold\u00e9s par 11 bless\u00e9s, dont un agent de l\u2019ordre.<\/p>\n<p>Des sources m\u00e9dicales \u00e0 l\u2019h\u00f4pital de Kebili ont indiqu\u00e9 que 9 des 11 bless\u00e9s ont quitt\u00e9 l\u2019h\u00f4pital, tandis que les deux autres, souffrant de fractures, sont encore hospitalis\u00e9s.<\/p>\n<p>Les autorit\u00e9s r\u00e9gionales ont d\u00e9cid\u00e9 de faire appel \u00e0 l\u2019arm\u00e9e nationale pour se positionner entre les deux villages et intervenir, le cas \u00e9ch\u00e9ant, pour emp\u00eacher de nouveaux\u00a0affrontements.<\/p>\n<p>Le calme est revenu durant la nuit, mais l\u2019atmosph\u00e8re reste tendue.<\/p>\n<p style=\"text-align: right;\"><strong>A. K.<\/strong><\/p>\n","protected":false},"excerpt":{"rendered":"<p>Kebili. Le calme est revenu mercredi soir \u00e0 Kebili apr\u00e8s des affrontements entre les habitants de deux villages voisins.<\/p>\n","protected":false},"author":8,"featured_media":0,"comment_status":"open","ping_status":"open","sticky":false,"template":"","format":"standard","meta":{"footnotes":""},"categories":[998,2433],"tags":[36,28073,526],"class_list":["post-100523","post","type-post","status-publish","format-standard","hentry","category-societe","category-tunisie","tag-affrontements","tag-el-faouar","tag-kebili"],"yoast_head":"<!-- This site is optimized with the Yoast SEO plugin v26.6 - https:\/\/yoast.com\/wordpress\/plugins\/seo\/ -->\n<title>Kebili : D\u00e9ploiement de l\u2019arm\u00e9e apr\u00e8s des affrontements entre deux villages - Kapitalis<\/title>\n<meta name=\"robots\" content=\"index, follow, max-snippet:-1, max-image-preview:large, max-video-preview:-1\" \/>\n<link rel=\"canonical\" href=\"https:\/\/kapitalis.com\/tunisie\/2017\/06\/08\/kebili-deploiement-de-larmee-apres-des-affrontements-entre-deux-villages\/\" \/>\n<meta property=\"og:locale\" content=\"fr_FR\" \/>\n<meta property=\"og:type\" content=\"article\" \/>\n<meta property=\"og:title\" content=\"Kebili : D\u00e9ploiement de l\u2019arm\u00e9e apr\u00e8s des affrontements entre deux villages - Kapitalis\" \/>\n<meta property=\"og:description\" content=\"Kebili. Le calme est revenu mercredi soir \u00e0 Kebili apr\u00e8s des affrontements entre les habitants de deux villages voisins.\" \/>\n<meta property=\"og:url\" content=\"https:\/\/kapitalis.com\/tunisie\/2017\/06\/08\/kebili-deploiement-de-larmee-apres-des-affrontements-entre-deux-villages\/\" \/>\n<meta property=\"og:site_name\" content=\"Kapitalis\" \/>\n<meta property=\"article:publisher\" content=\"https:\/\/www.facebook.com\/KapitalisInfo\/\" \/>\n<meta property=\"article:published_time\" content=\"2017-06-08T08:06:27+00:00\" \/>\n<meta property=\"article:modified_time\" content=\"2017-06-08T08:08:43+00:00\" \/>\n<meta property=\"og:image\" content=\"http:\/\/kapitalis.com\/tunisie\/wp-content\/uploads\/2016\/11\/Kebili.jpg\" \/>\n<meta name=\"author\" content=\"webmaster kapitalis\" \/>\n<meta name=\"twitter:card\" content=\"summary_large_image\" \/>\n<meta name=\"twitter:creator\" content=\"@KapitalisInfo\" \/>\n<meta name=\"twitter:site\" content=\"@KapitalisInfo\" \/>\n<meta name=\"twitter:label1\" content=\"\u00c9crit par\" \/>\n\t<meta name=\"twitter:data1\" content=\"webmaster kapitalis\" \/>\n\t<meta name=\"twitter:label2\" content=\"Dur\u00e9e de lecture estim\u00e9e\" \/>\n\t<meta name=\"twitter:data2\" content=\"1 minute\" \/>\n<script type=\"application\/ld+json\" class=\"yoast-schema-graph\">{\"@context\":\"https:\/\/schema.org\",\"@graph\":[{\"@type\":\"Article\",\"@id\":\"https:\/\/kapitalis.com\/tunisie\/2017\/06\/08\/kebili-deploiement-de-larmee-apres-des-affrontements-entre-deux-villages\/#article\",\"isPartOf\":{\"@id\":\"https:\/\/kapitalis.com\/tunisie\/2017\/06\/08\/kebili-deploiement-de-larmee-apres-des-affrontements-entre-deux-villages\/\"},\"author\":{\"name\":\"webmaster kapitalis\",\"@id\":\"https:\/\/kapitalis.com\/tunisie\/#\/schema\/person\/d71f33a9ca44f7bad4698210b480c8e9\"},\"headline\":\"Kebili : D\u00e9ploiement de l\u2019arm\u00e9e apr\u00e8s des affrontements entre deux villages\",\"datePublished\":\"2017-06-08T08:06:27+00:00\",\"dateModified\":\"2017-06-08T08:08:43+00:00\",\"mainEntityOfPage\":{\"@id\":\"https:\/\/kapitalis.com\/tunisie\/2017\/06\/08\/kebili-deploiement-de-larmee-apres-des-affrontements-entre-deux-villages\/\"},\"wordCount\":226,\"commentCount\":0,\"publisher\":{\"@id\":\"https:\/\/kapitalis.com\/tunisie\/#organization\"},\"image\":{\"@id\":\"https:\/\/kapitalis.com\/tunisie\/2017\/06\/08\/kebili-deploiement-de-larmee-apres-des-affrontements-entre-deux-villages\/#primaryimage\"},\"thumbnailUrl\":\"http:\/\/kapitalis.com\/tunisie\/wp-content\/uploads\/2016\/11\/Kebili.jpg\",\"keywords\":[\"affrontements\",\"El-Faouar\",\"K\u00e9bili\"],\"articleSection\":[\"SOCIETE\",\"Tunisie\"],\"inLanguage\":\"fr-FR\",\"potentialAction\":[{\"@type\":\"CommentAction\",\"name\":\"Comment\",\"target\":[\"https:\/\/kapitalis.com\/tunisie\/2017\/06\/08\/kebili-deploiement-de-larmee-apres-des-affrontements-entre-deux-villages\/#respond\"]}]},{\"@type\":\"WebPage\",\"@id\":\"https:\/\/kapitalis.com\/tunisie\/2017\/06\/08\/kebili-deploiement-de-larmee-apres-des-affrontements-entre-deux-villages\/\",\"url\":\"https:\/\/kapitalis.com\/tunisie\/2017\/06\/08\/kebili-deploiement-de-larmee-apres-des-affrontements-entre-deux-villages\/\",\"name\":\"Kebili : D\u00e9ploiement de l\u2019arm\u00e9e apr\u00e8s des affrontements entre deux villages - Kapitalis\",\"isPartOf\":{\"@id\":\"https:\/\/kapitalis.com\/tunisie\/#website\"},\"primaryImageOfPage\":{\"@id\":\"https:\/\/kapitalis.com\/tunisie\/2017\/06\/08\/kebili-deploiement-de-larmee-apres-des-affrontements-entre-deux-villages\/#primaryimage\"},\"image\":{\"@id\":\"https:\/\/kapitalis.com\/tunisie\/2017\/06\/08\/kebili-deploiement-de-larmee-apres-des-affrontements-entre-deux-villages\/#primaryimage\"},\"thumbnailUrl\":\"http:\/\/kapitalis.com\/tunisie\/wp-content\/uploads\/2016\/11\/Kebili.jpg\",\"datePublished\":\"2017-06-08T08:06:27+00:00\",\"dateModified\":\"2017-06-08T08:08:43+00:00\",\"breadcrumb\":{\"@id\":\"https:\/\/kapitalis.com\/tunisie\/2017\/06\/08\/kebili-deploiement-de-larmee-apres-des-affrontements-entre-deux-villages\/#breadcrumb\"},\"inLanguage\":\"fr-FR\",\"potentialAction\":[{\"@type\":\"ReadAction\",\"target\":[\"https:\/\/kapitalis.com\/tunisie\/2017\/06\/08\/kebili-deploiement-de-larmee-apres-des-affrontements-entre-deux-villages\/\"]}]},{\"@type\":\"ImageObject\",\"inLanguage\":\"fr-FR\",\"@id\":\"https:\/\/kapitalis.com\/tunisie\/2017\/06\/08\/kebili-deploiement-de-larmee-apres-des-affrontements-entre-deux-villages\/#primaryimage\",\"url\":\"http:\/\/kapitalis.com\/tunisie\/wp-content\/uploads\/2016\/11\/Kebili.jpg\",\"contentUrl\":\"http:\/\/kapitalis.com\/tunisie\/wp-content\/uploads\/2016\/11\/Kebili.jpg\"},{\"@type\":\"BreadcrumbList\",\"@id\":\"https:\/\/kapitalis.com\/tunisie\/2017\/06\/08\/kebili-deploiement-de-larmee-apres-des-affrontements-entre-deux-villages\/#breadcrumb\",\"itemListElement\":[{\"@type\":\"ListItem\",\"position\":1,\"name\":\"Accueil\",\"item\":\"https:\/\/kapitalis.com\/tunisie\/\"},{\"@type\":\"ListItem\",\"position\":2,\"name\":\"Kebili : D\u00e9ploiement de l\u2019arm\u00e9e apr\u00e8s des affrontements entre deux villages\"}]},{\"@type\":\"WebSite\",\"@id\":\"https:\/\/kapitalis.com\/tunisie\/#website\",\"url\":\"https:\/\/kapitalis.com\/tunisie\/\",\"name\":\"Kapitalis\",\"description\":\"L&#039;actualit\u00e9 en Tunisie et dans le monde\",\"publisher\":{\"@id\":\"https:\/\/kapitalis.com\/tunisie\/#organization\"},\"potentialAction\":[{\"@type\":\"SearchAction\",\"target\":{\"@type\":\"EntryPoint\",\"urlTemplate\":\"https:\/\/kapitalis.com\/tunisie\/?s={search_term_string}\"},\"query-input\":{\"@type\":\"PropertyValueSpecification\",\"valueRequired\":true,\"valueName\":\"search_term_string\"}}],\"inLanguage\":\"fr-FR\"},{\"@type\":\"Organization\",\"@id\":\"https:\/\/kapitalis.com\/tunisie\/#organization\",\"name\":\"Kapitalis\",\"url\":\"https:\/\/kapitalis.com\/tunisie\/\",\"logo\":{\"@type\":\"ImageObject\",\"inLanguage\":\"fr-FR\",\"@id\":\"https:\/\/kapitalis.com\/tunisie\/#\/schema\/logo\/image\/\",\"url\":\"https:\/\/kapitalis.com\/tunisie\/wp-content\/uploads\/2022\/05\/Kapitalis-big-size.png\",\"contentUrl\":\"https:\/\/kapitalis.com\/tunisie\/wp-content\/uploads\/2022\/05\/Kapitalis-big-size.png\",\"width\":5000,\"height\":1500,\"caption\":\"Kapitalis\"},\"image\":{\"@id\":\"https:\/\/kapitalis.com\/tunisie\/#\/schema\/logo\/image\/\"},\"sameAs\":[\"https:\/\/www.facebook.com\/KapitalisInfo\/\",\"https:\/\/x.com\/KapitalisInfo\",\"https:\/\/www.youtube.com\/channel\/UC-yDYrHyfFBWWZaOw3FPg9Q\"]},{\"@type\":\"Person\",\"@id\":\"https:\/\/kapitalis.com\/tunisie\/#\/schema\/person\/d71f33a9ca44f7bad4698210b480c8e9\",\"name\":\"webmaster kapitalis\",\"url\":\"https:\/\/kapitalis.com\/tunisie\/author\/webmaster-kapitalis\/\"}]}<\/script>\n<!-- \/ Yoast SEO plugin. -->","yoast_head_json":{"title":"Kebili : D\u00e9ploiement de l\u2019arm\u00e9e apr\u00e8s des affrontements entre deux villages - Kapitalis","robots":{"index":"index","follow":"follow","max-snippet":"max-snippet:-1","max-image-preview":"max-image-preview:large","max-video-preview":"max-video-preview:-1"},"canonical":"https:\/\/kapitalis.com\/tunisie\/2017\/06\/08\/kebili-deploiement-de-larmee-apres-des-affrontements-entre-deux-villages\/","og_locale":"fr_FR","og_type":"article","og_title":"Kebili : D\u00e9ploiement de l\u2019arm\u00e9e apr\u00e8s des affrontements entre deux villages - Kapitalis","og_description":"Kebili. Le calme est revenu mercredi soir \u00e0 Kebili apr\u00e8s des affrontements entre les habitants de deux villages voisins.","og_url":"https:\/\/kapitalis.com\/tunisie\/2017\/06\/08\/kebili-deploiement-de-larmee-apres-des-affrontements-entre-deux-villages\/","og_site_name":"Kapitalis","article_publisher":"https:\/\/www.facebook.com\/KapitalisInfo\/","article_published_time":"2017-06-08T08:06:27+00:00","article_modified_time":"2017-06-08T08:08:43+00:00","og_image":[{"url":"http:\/\/kapitalis.com\/tunisie\/wp-content\/uploads\/2016\/11\/Kebili.jpg","type":"","width":"","height":""}],"author":"webmaster kapitalis","twitter_card":"summary_large_image","twitter_creator":"@KapitalisInfo","twitter_site":"@KapitalisInfo","twitter_misc":{"\u00c9crit par":"webmaster kapitalis","Dur\u00e9e de lecture estim\u00e9e":"1 minute"},"schema":{"@context":"https:\/\/schema.org","@graph":[{"@type":"Article","@id":"https:\/\/kapitalis.com\/tunisie\/2017\/06\/08\/kebili-deploiement-de-larmee-apres-des-affrontements-entre-deux-villages\/#article","isPartOf":{"@id":"https:\/\/kapitalis.com\/tunisie\/2017\/06\/08\/kebili-deploiement-de-larmee-apres-des-affrontements-entre-deux-villages\/"},"author":{"name":"webmaster kapitalis","@id":"https:\/\/kapitalis.com\/tunisie\/#\/schema\/person\/d71f33a9ca44f7bad4698210b480c8e9"},"headline":"Kebili : D\u00e9ploiement de l\u2019arm\u00e9e apr\u00e8s des affrontements entre deux villages","datePublished":"2017-06-08T08:06:27+00:00","dateModified":"2017-06-08T08:08:43+00:00","mainEntityOfPage":{"@id":"https:\/\/kapitalis.com\/tunisie\/2017\/06\/08\/kebili-deploiement-de-larmee-apres-des-affrontements-entre-deux-villages\/"},"wordCount":226,"commentCount":0,"publisher":{"@id":"https:\/\/kapitalis.com\/tunisie\/#organization"},"image":{"@id":"https:\/\/kapitalis.com\/tunisie\/2017\/06\/08\/kebili-deploiement-de-larmee-apres-des-affrontements-entre-deux-villages\/#primaryimage"},"thumbnailUrl":"http:\/\/kapitalis.com\/tunisie\/wp-content\/uploads\/2016\/11\/Kebili.jpg","keywords":["affrontements","El-Faouar","K\u00e9bili"],"articleSection":["SOCIETE","Tunisie"],"inLanguage":"fr-FR","potentialAction":[{"@type":"CommentAction","name":"Comment","target":["https:\/\/kapitalis.com\/tunisie\/2017\/06\/08\/kebili-deploiement-de-larmee-apres-des-affrontements-entre-deux-villages\/#respond"]}]},{"@type":"WebPage","@id":"https:\/\/kapitalis.com\/tunisie\/2017\/06\/08\/kebili-deploiement-de-larmee-apres-des-affrontements-entre-deux-villages\/","url":"https:\/\/kapitalis.com\/tunisie\/2017\/06\/08\/kebili-deploiement-de-larmee-apres-des-affrontements-entre-deux-villages\/","name":"Kebili : D\u00e9ploiement de l\u2019arm\u00e9e apr\u00e8s des affrontements entre deux villages - Kapitalis","isPartOf":{"@id":"https:\/\/kapitalis.com\/tunisie\/#website"},"primaryImageOfPage":{"@id":"https:\/\/kapitalis.com\/tunisie\/2017\/06\/08\/kebili-deploiement-de-larmee-apres-des-affrontements-entre-deux-villages\/#primaryimage"},"image":{"@id":"https:\/\/kapitalis.com\/tunisie\/2017\/06\/08\/kebili-deploiement-de-larmee-apres-des-affrontements-entre-deux-villages\/#primaryimage"},"thumbnailUrl":"http:\/\/kapitalis.com\/tunisie\/wp-content\/uploads\/2016\/11\/Kebili.jpg","datePublished":"2017-06-08T08:06:27+00:00","dateModified":"2017-06-08T08:08:43+00:00","breadcrumb":{"@id":"https:\/\/kapitalis.com\/tunisie\/2017\/06\/08\/kebili-deploiement-de-larmee-apres-des-affrontements-entre-deux-villages\/#breadcrumb"},"inLanguage":"fr-FR","potentialAction":[{"@type":"ReadAction","target":["https:\/\/kapitalis.com\/tunisie\/2017\/06\/08\/kebili-deploiement-de-larmee-apres-des-affrontements-entre-deux-villages\/"]}]},{"@type":"ImageObject","inLanguage":"fr-FR","@id":"https:\/\/kapitalis.com\/tunisie\/2017\/06\/08\/kebili-deploiement-de-larmee-apres-des-affrontements-entre-deux-villages\/#primaryimage","url":"http:\/\/kapitalis.com\/tunisie\/wp-content\/uploads\/2016\/11\/Kebili.jpg","contentUrl":"http:\/\/kapitalis.com\/tunisie\/wp-content\/uploads\/2016\/11\/Kebili.jpg"},{"@type":"BreadcrumbList","@id":"https:\/\/kapitalis.com\/tunisie\/2017\/06\/08\/kebili-deploiement-de-larmee-apres-des-affrontements-entre-deux-villages\/#breadcrumb","itemListElement":[{"@type":"ListItem","position":1,"name":"Accueil","item":"https:\/\/kapitalis.com\/tunisie\/"},{"@type":"ListItem","position":2,"name":"Kebili : D\u00e9ploiement de l\u2019arm\u00e9e apr\u00e8s des affrontements entre deux villages"}]},{"@type":"WebSite","@id":"https:\/\/kapitalis.com\/tunisie\/#website","url":"https:\/\/kapitalis.com\/tunisie\/","name":"Kapitalis","description":"L&#039;actualit\u00e9 en Tunisie et dans le monde","publisher":{"@id":"https:\/\/kapitalis.com\/tunisie\/#organization"},"potentialAction":[{"@type":"SearchAction","target":{"@type":"EntryPoint","urlTemplate":"https:\/\/kapitalis.com\/tunisie\/?s={search_term_string}"},"query-input":{"@type":"PropertyValueSpecification","valueRequired":true,"valueName":"search_term_string"}}],"inLanguage":"fr-FR"},{"@type":"Organization","@id":"https:\/\/kapitalis.com\/tunisie\/#organization","name":"Kapitalis","url":"https:\/\/kapitalis.com\/tunisie\/","logo":{"@type":"ImageObject","inLanguage":"fr-FR","@id":"https:\/\/kapitalis.com\/tunisie\/#\/schema\/logo\/image\/","url":"https:\/\/kapitalis.com\/tunisie\/wp-content\/uploads\/2022\/05\/Kapitalis-big-size.png","contentUrl":"https:\/\/kapitalis.com\/tunisie\/wp-content\/uploads\/2022\/05\/Kapitalis-big-size.png","width":5000,"height":1500,"caption":"Kapitalis"},"image":{"@id":"https:\/\/kapitalis.com\/tunisie\/#\/schema\/logo\/image\/"},"sameAs":["https:\/\/www.facebook.com\/KapitalisInfo\/","https:\/\/x.com\/KapitalisInfo","https:\/\/www.youtube.com\/channel\/UC-yDYrHyfFBWWZaOw3FPg9Q"]},{"@type":"Person","@id":"https:\/\/kapitalis.com\/tunisie\/#\/schema\/person\/d71f33a9ca44f7bad4698210b480c8e9","name":"webmaster kapitalis","url":"https:\/\/kapitalis.com\/tunisie\/author\/webmaster-kapitalis\/"}]}},"_links":{"self":[{"href":"https:\/\/kapitalis.com\/tunisie\/wp-json\/wp\/v2\/posts\/100523","targetHints":{"allow":["GET"]}}],"collection":[{"href":"https:\/\/kapitalis.com\/tunisie\/wp-json\/wp\/v2\/posts"}],"about":[{"href":"https:\/\/kapitalis.com\/tunisie\/wp-json\/wp\/v2\/types\/post"}],"author":[{"embeddable":true,"href":"https:\/\/kapitalis.com\/tunisie\/wp-json\/wp\/v2\/users\/8"}],"replies":[{"embeddable":true,"href":"https:\/\/kapitalis.com\/tunisie\/wp-json\/wp\/v2\/comments?post=100523"}],"version-history":[{"count":0,"href":"https:\/\/kapitalis.com\/tunisie\/wp-json\/wp\/v2\/posts\/100523\/revisions"}],"wp:attachment":[{"href":"https:\/\/kapitalis.com\/tunisie\/wp-json\/wp\/v2\/media?parent=100523"}],"wp:term":[{"taxonomy":"category","embeddable":true,"href":"https:\/\/kapitalis.com\/tunisie\/wp-json\/wp\/v2\/categories?post=100523"},{"taxonomy":"post_tag","embeddable":true,"href":"https:\/\/kapitalis.com\/tunisie\/wp-json\/wp\/v2\/tags?post=100523"}],"curies":[{"name":"wp","href":"https:\/\/api.w.org\/{rel}","templated":true}]}}