{"id":100550,"date":"2017-06-08T09:58:25","date_gmt":"2017-06-08T09:28:25","guid":{"rendered":"http:\/\/kapitalis.com\/tunisie\/?p=100550"},"modified":"2017-06-08T09:58:25","modified_gmt":"2017-06-08T09:28:25","slug":"ben-guerdane-un-jeune-se-pend-a-el-akroutia","status":"publish","type":"post","link":"https:\/\/kapitalis.com\/tunisie\/2017\/06\/08\/ben-guerdane-un-jeune-se-pend-a-el-akroutia\/","title":{"rendered":"Ben Guerdane : Un jeune se pend \u00e0 El-Akroutia"},"content":{"rendered":"<p style=\"text-align: center;\"><img loading=\"lazy\" decoding=\"async\" class=\"alignnone size-full wp-image-100553\" src=\"http:\/\/kapitalis.com\/tunisie\/wp-content\/uploads\/2017\/06\/Ben-Guerdane-suicide-.jpg\" alt=\"\" width=\"626\" height=\"380\" \/><\/p>\n<p><em><strong>Les habitants ont d\u00e9couvert un jeune homme pendu \u00e0 un olivier, dans un champ de la localit\u00e9 d&rsquo;El-Akroutia \u00e0 Ben Guerdane.<\/strong><\/em><!--more--><\/p>\n<p>Cela s\u2019est pass\u00e9, hier, mercredi 7 juin 2017, et le corps a \u00e9t\u00e9 transport\u00e9 \u00e0 l\u2019h\u00f4pital r\u00e9gional de M\u00e9denine o\u00f9 les premiers examens r\u00e9alis\u00e9s ont confirm\u00e9 la th\u00e8se du suicide.<\/p>\n<p>Mohamed Ben Sa\u00efd Ben Fradj, originaire de la localit\u00e9 de Chahbania, avait 34 ans. Selon ses proches il n\u2019avait pas de probl\u00e8me connu pouvant le\u00a0pousser \u00e0 mettre fin \u00e0 ses jours.<\/p>\n<p style=\"text-align: right;\"><strong>Y. N.<\/strong><\/p>\n","protected":false},"excerpt":{"rendered":"<p>Les habitants ont d\u00e9couvert un jeune homme pendu \u00e0 un olivier, dans un champ de la localit\u00e9 d&rsquo;El-Akroutia \u00e0 Ben Guerdane.<\/p>\n","protected":false},"author":6,"featured_media":100553,"comment_status":"open","ping_status":"open","sticky":false,"template":"","format":"standard","meta":{"footnotes":""},"categories":[998,2433],"tags":[112,1818,591,1557,865],"class_list":["post-100550","post","type-post","status-publish","format-standard","has-post-thumbnail","hentry","category-societe","category-tunisie","tag-autopsie","tag-ben-guerdane","tag-medenine","tag-pendu","tag-suicide"],"yoast_head":"<!-- This site is optimized with the Yoast SEO plugin v26.6 - https:\/\/yoast.com\/wordpress\/plugins\/seo\/ -->\n<title>Ben Guerdane : Un jeune se pend \u00e0 El-Akroutia - Kapitalis<\/title>\n<meta name=\"robots\" content=\"index, follow, max-snippet:-1, max-image-preview:large, max-video-preview:-1\" \/>\n<link rel=\"canonical\" href=\"https:\/\/kapitalis.com\/tunisie\/2017\/06\/08\/ben-guerdane-un-jeune-se-pend-a-el-akroutia\/\" \/>\n<meta property=\"og:locale\" content=\"fr_FR\" \/>\n<meta property=\"og:type\" content=\"article\" \/>\n<meta property=\"og:title\" content=\"Ben Guerdane : Un jeune se pend \u00e0 El-Akroutia - Kapitalis\" \/>\n<meta property=\"og:description\" content=\"Les habitants ont d\u00e9couvert un jeune homme pendu \u00e0 un olivier, dans un champ de la localit\u00e9 d&rsquo;El-Akroutia \u00e0 Ben Guerdane.\" \/>\n<meta property=\"og:url\" content=\"https:\/\/kapitalis.com\/tunisie\/2017\/06\/08\/ben-guerdane-un-jeune-se-pend-a-el-akroutia\/\" \/>\n<meta property=\"og:site_name\" content=\"Kapitalis\" \/>\n<meta property=\"article:publisher\" content=\"https:\/\/www.facebook.com\/KapitalisInfo\/\" \/>\n<meta property=\"article:published_time\" content=\"2017-06-08T09:28:25+00:00\" \/>\n<meta property=\"og:image\" content=\"https:\/\/kapitalis.com\/tunisie\/wp-content\/uploads\/2022\/05\/kapitalis-logo-fb.png\" \/>\n\t<meta property=\"og:image:width\" content=\"1200\" \/>\n\t<meta property=\"og:image:height\" content=\"630\" \/>\n\t<meta property=\"og:image:type\" content=\"image\/png\" \/>\n<meta name=\"author\" content=\"Yusra NY\" \/>\n<meta name=\"twitter:card\" content=\"summary_large_image\" \/>\n<meta name=\"twitter:creator\" content=\"@KapitalisInfo\" \/>\n<meta name=\"twitter:site\" content=\"@KapitalisInfo\" \/>\n<meta name=\"twitter:label1\" content=\"\u00c9crit par\" \/>\n\t<meta name=\"twitter:data1\" content=\"Yusra NY\" \/>\n<script type=\"application\/ld+json\" class=\"yoast-schema-graph\">{\"@context\":\"https:\/\/schema.org\",\"@graph\":[{\"@type\":\"Article\",\"@id\":\"https:\/\/kapitalis.com\/tunisie\/2017\/06\/08\/ben-guerdane-un-jeune-se-pend-a-el-akroutia\/#article\",\"isPartOf\":{\"@id\":\"https:\/\/kapitalis.com\/tunisie\/2017\/06\/08\/ben-guerdane-un-jeune-se-pend-a-el-akroutia\/\"},\"author\":{\"name\":\"Yusra NY\",\"@id\":\"https:\/\/kapitalis.com\/tunisie\/#\/schema\/person\/74bbde0154d49d790a92aaeac5bc01d5\"},\"headline\":\"Ben Guerdane : Un jeune se pend \u00e0 El-Akroutia\",\"datePublished\":\"2017-06-08T09:28:25+00:00\",\"mainEntityOfPage\":{\"@id\":\"https:\/\/kapitalis.com\/tunisie\/2017\/06\/08\/ben-guerdane-un-jeune-se-pend-a-el-akroutia\/\"},\"wordCount\":96,\"commentCount\":0,\"publisher\":{\"@id\":\"https:\/\/kapitalis.com\/tunisie\/#organization\"},\"image\":{\"@id\":\"https:\/\/kapitalis.com\/tunisie\/2017\/06\/08\/ben-guerdane-un-jeune-se-pend-a-el-akroutia\/#primaryimage\"},\"thumbnailUrl\":\"\",\"keywords\":[\"autopsie\",\"Ben Guerdane\",\"Medenine\",\"pendu\",\"suicide\"],\"articleSection\":[\"SOCIETE\",\"Tunisie\"],\"inLanguage\":\"fr-FR\",\"potentialAction\":[{\"@type\":\"CommentAction\",\"name\":\"Comment\",\"target\":[\"https:\/\/kapitalis.com\/tunisie\/2017\/06\/08\/ben-guerdane-un-jeune-se-pend-a-el-akroutia\/#respond\"]}]},{\"@type\":\"WebPage\",\"@id\":\"https:\/\/kapitalis.com\/tunisie\/2017\/06\/08\/ben-guerdane-un-jeune-se-pend-a-el-akroutia\/\",\"url\":\"https:\/\/kapitalis.com\/tunisie\/2017\/06\/08\/ben-guerdane-un-jeune-se-pend-a-el-akroutia\/\",\"name\":\"Ben Guerdane : Un jeune se pend \u00e0 El-Akroutia - Kapitalis\",\"isPartOf\":{\"@id\":\"https:\/\/kapitalis.com\/tunisie\/#website\"},\"primaryImageOfPage\":{\"@id\":\"https:\/\/kapitalis.com\/tunisie\/2017\/06\/08\/ben-guerdane-un-jeune-se-pend-a-el-akroutia\/#primaryimage\"},\"image\":{\"@id\":\"https:\/\/kapitalis.com\/tunisie\/2017\/06\/08\/ben-guerdane-un-jeune-se-pend-a-el-akroutia\/#primaryimage\"},\"thumbnailUrl\":\"\",\"datePublished\":\"2017-06-08T09:28:25+00:00\",\"breadcrumb\":{\"@id\":\"https:\/\/kapitalis.com\/tunisie\/2017\/06\/08\/ben-guerdane-un-jeune-se-pend-a-el-akroutia\/#breadcrumb\"},\"inLanguage\":\"fr-FR\",\"potentialAction\":[{\"@type\":\"ReadAction\",\"target\":[\"https:\/\/kapitalis.com\/tunisie\/2017\/06\/08\/ben-guerdane-un-jeune-se-pend-a-el-akroutia\/\"]}]},{\"@type\":\"ImageObject\",\"inLanguage\":\"fr-FR\",\"@id\":\"https:\/\/kapitalis.com\/tunisie\/2017\/06\/08\/ben-guerdane-un-jeune-se-pend-a-el-akroutia\/#primaryimage\",\"url\":\"\",\"contentUrl\":\"\"},{\"@type\":\"BreadcrumbList\",\"@id\":\"https:\/\/kapitalis.com\/tunisie\/2017\/06\/08\/ben-guerdane-un-jeune-se-pend-a-el-akroutia\/#breadcrumb\",\"itemListElement\":[{\"@type\":\"ListItem\",\"position\":1,\"name\":\"Accueil\",\"item\":\"https:\/\/kapitalis.com\/tunisie\/\"},{\"@type\":\"ListItem\",\"position\":2,\"name\":\"Ben Guerdane : Un jeune se pend \u00e0 El-Akroutia\"}]},{\"@type\":\"WebSite\",\"@id\":\"https:\/\/kapitalis.com\/tunisie\/#website\",\"url\":\"https:\/\/kapitalis.com\/tunisie\/\",\"name\":\"Kapitalis\",\"description\":\"L&#039;actualit\u00e9 en Tunisie et dans le monde\",\"publisher\":{\"@id\":\"https:\/\/kapitalis.com\/tunisie\/#organization\"},\"potentialAction\":[{\"@type\":\"SearchAction\",\"target\":{\"@type\":\"EntryPoint\",\"urlTemplate\":\"https:\/\/kapitalis.com\/tunisie\/?s={search_term_string}\"},\"query-input\":{\"@type\":\"PropertyValueSpecification\",\"valueRequired\":true,\"valueName\":\"search_term_string\"}}],\"inLanguage\":\"fr-FR\"},{\"@type\":\"Organization\",\"@id\":\"https:\/\/kapitalis.com\/tunisie\/#organization\",\"name\":\"Kapitalis\",\"url\":\"https:\/\/kapitalis.com\/tunisie\/\",\"logo\":{\"@type\":\"ImageObject\",\"inLanguage\":\"fr-FR\",\"@id\":\"https:\/\/kapitalis.com\/tunisie\/#\/schema\/logo\/image\/\",\"url\":\"https:\/\/kapitalis.com\/tunisie\/wp-content\/uploads\/2022\/05\/Kapitalis-big-size.png\",\"contentUrl\":\"https:\/\/kapitalis.com\/tunisie\/wp-content\/uploads\/2022\/05\/Kapitalis-big-size.png\",\"width\":5000,\"height\":1500,\"caption\":\"Kapitalis\"},\"image\":{\"@id\":\"https:\/\/kapitalis.com\/tunisie\/#\/schema\/logo\/image\/\"},\"sameAs\":[\"https:\/\/www.facebook.com\/KapitalisInfo\/\",\"https:\/\/x.com\/KapitalisInfo\",\"https:\/\/www.youtube.com\/channel\/UC-yDYrHyfFBWWZaOw3FPg9Q\"]},{\"@type\":\"Person\",\"@id\":\"https:\/\/kapitalis.com\/tunisie\/#\/schema\/person\/74bbde0154d49d790a92aaeac5bc01d5\",\"name\":\"Yusra NY\",\"url\":\"https:\/\/kapitalis.com\/tunisie\/author\/yuza_adam\/\"}]}<\/script>\n<!-- \/ Yoast SEO plugin. -->","yoast_head_json":{"title":"Ben Guerdane : Un jeune se pend \u00e0 El-Akroutia - Kapitalis","robots":{"index":"index","follow":"follow","max-snippet":"max-snippet:-1","max-image-preview":"max-image-preview:large","max-video-preview":"max-video-preview:-1"},"canonical":"https:\/\/kapitalis.com\/tunisie\/2017\/06\/08\/ben-guerdane-un-jeune-se-pend-a-el-akroutia\/","og_locale":"fr_FR","og_type":"article","og_title":"Ben Guerdane : Un jeune se pend \u00e0 El-Akroutia - Kapitalis","og_description":"Les habitants ont d\u00e9couvert un jeune homme pendu \u00e0 un olivier, dans un champ de la localit\u00e9 d&rsquo;El-Akroutia \u00e0 Ben Guerdane.","og_url":"https:\/\/kapitalis.com\/tunisie\/2017\/06\/08\/ben-guerdane-un-jeune-se-pend-a-el-akroutia\/","og_site_name":"Kapitalis","article_publisher":"https:\/\/www.facebook.com\/KapitalisInfo\/","article_published_time":"2017-06-08T09:28:25+00:00","og_image":[{"width":1200,"height":630,"url":"https:\/\/kapitalis.com\/tunisie\/wp-content\/uploads\/2022\/05\/kapitalis-logo-fb.png","type":"image\/png"}],"author":"Yusra NY","twitter_card":"summary_large_image","twitter_creator":"@KapitalisInfo","twitter_site":"@KapitalisInfo","twitter_misc":{"\u00c9crit par":"Yusra NY"},"schema":{"@context":"https:\/\/schema.org","@graph":[{"@type":"Article","@id":"https:\/\/kapitalis.com\/tunisie\/2017\/06\/08\/ben-guerdane-un-jeune-se-pend-a-el-akroutia\/#article","isPartOf":{"@id":"https:\/\/kapitalis.com\/tunisie\/2017\/06\/08\/ben-guerdane-un-jeune-se-pend-a-el-akroutia\/"},"author":{"name":"Yusra NY","@id":"https:\/\/kapitalis.com\/tunisie\/#\/schema\/person\/74bbde0154d49d790a92aaeac5bc01d5"},"headline":"Ben Guerdane : Un jeune se pend \u00e0 El-Akroutia","datePublished":"2017-06-08T09:28:25+00:00","mainEntityOfPage":{"@id":"https:\/\/kapitalis.com\/tunisie\/2017\/06\/08\/ben-guerdane-un-jeune-se-pend-a-el-akroutia\/"},"wordCount":96,"commentCount":0,"publisher":{"@id":"https:\/\/kapitalis.com\/tunisie\/#organization"},"image":{"@id":"https:\/\/kapitalis.com\/tunisie\/2017\/06\/08\/ben-guerdane-un-jeune-se-pend-a-el-akroutia\/#primaryimage"},"thumbnailUrl":"","keywords":["autopsie","Ben Guerdane","Medenine","pendu","suicide"],"articleSection":["SOCIETE","Tunisie"],"inLanguage":"fr-FR","potentialAction":[{"@type":"CommentAction","name":"Comment","target":["https:\/\/kapitalis.com\/tunisie\/2017\/06\/08\/ben-guerdane-un-jeune-se-pend-a-el-akroutia\/#respond"]}]},{"@type":"WebPage","@id":"https:\/\/kapitalis.com\/tunisie\/2017\/06\/08\/ben-guerdane-un-jeune-se-pend-a-el-akroutia\/","url":"https:\/\/kapitalis.com\/tunisie\/2017\/06\/08\/ben-guerdane-un-jeune-se-pend-a-el-akroutia\/","name":"Ben Guerdane : Un jeune se pend \u00e0 El-Akroutia - Kapitalis","isPartOf":{"@id":"https:\/\/kapitalis.com\/tunisie\/#website"},"primaryImageOfPage":{"@id":"https:\/\/kapitalis.com\/tunisie\/2017\/06\/08\/ben-guerdane-un-jeune-se-pend-a-el-akroutia\/#primaryimage"},"image":{"@id":"https:\/\/kapitalis.com\/tunisie\/2017\/06\/08\/ben-guerdane-un-jeune-se-pend-a-el-akroutia\/#primaryimage"},"thumbnailUrl":"","datePublished":"2017-06-08T09:28:25+00:00","breadcrumb":{"@id":"https:\/\/kapitalis.com\/tunisie\/2017\/06\/08\/ben-guerdane-un-jeune-se-pend-a-el-akroutia\/#breadcrumb"},"inLanguage":"fr-FR","potentialAction":[{"@type":"ReadAction","target":["https:\/\/kapitalis.com\/tunisie\/2017\/06\/08\/ben-guerdane-un-jeune-se-pend-a-el-akroutia\/"]}]},{"@type":"ImageObject","inLanguage":"fr-FR","@id":"https:\/\/kapitalis.com\/tunisie\/2017\/06\/08\/ben-guerdane-un-jeune-se-pend-a-el-akroutia\/#primaryimage","url":"","contentUrl":""},{"@type":"BreadcrumbList","@id":"https:\/\/kapitalis.com\/tunisie\/2017\/06\/08\/ben-guerdane-un-jeune-se-pend-a-el-akroutia\/#breadcrumb","itemListElement":[{"@type":"ListItem","position":1,"name":"Accueil","item":"https:\/\/kapitalis.com\/tunisie\/"},{"@type":"ListItem","position":2,"name":"Ben Guerdane : Un jeune se pend \u00e0 El-Akroutia"}]},{"@type":"WebSite","@id":"https:\/\/kapitalis.com\/tunisie\/#website","url":"https:\/\/kapitalis.com\/tunisie\/","name":"Kapitalis","description":"L&#039;actualit\u00e9 en Tunisie et dans le monde","publisher":{"@id":"https:\/\/kapitalis.com\/tunisie\/#organization"},"potentialAction":[{"@type":"SearchAction","target":{"@type":"EntryPoint","urlTemplate":"https:\/\/kapitalis.com\/tunisie\/?s={search_term_string}"},"query-input":{"@type":"PropertyValueSpecification","valueRequired":true,"valueName":"search_term_string"}}],"inLanguage":"fr-FR"},{"@type":"Organization","@id":"https:\/\/kapitalis.com\/tunisie\/#organization","name":"Kapitalis","url":"https:\/\/kapitalis.com\/tunisie\/","logo":{"@type":"ImageObject","inLanguage":"fr-FR","@id":"https:\/\/kapitalis.com\/tunisie\/#\/schema\/logo\/image\/","url":"https:\/\/kapitalis.com\/tunisie\/wp-content\/uploads\/2022\/05\/Kapitalis-big-size.png","contentUrl":"https:\/\/kapitalis.com\/tunisie\/wp-content\/uploads\/2022\/05\/Kapitalis-big-size.png","width":5000,"height":1500,"caption":"Kapitalis"},"image":{"@id":"https:\/\/kapitalis.com\/tunisie\/#\/schema\/logo\/image\/"},"sameAs":["https:\/\/www.facebook.com\/KapitalisInfo\/","https:\/\/x.com\/KapitalisInfo","https:\/\/www.youtube.com\/channel\/UC-yDYrHyfFBWWZaOw3FPg9Q"]},{"@type":"Person","@id":"https:\/\/kapitalis.com\/tunisie\/#\/schema\/person\/74bbde0154d49d790a92aaeac5bc01d5","name":"Yusra NY","url":"https:\/\/kapitalis.com\/tunisie\/author\/yuza_adam\/"}]}},"_links":{"self":[{"href":"https:\/\/kapitalis.com\/tunisie\/wp-json\/wp\/v2\/posts\/100550","targetHints":{"allow":["GET"]}}],"collection":[{"href":"https:\/\/kapitalis.com\/tunisie\/wp-json\/wp\/v2\/posts"}],"about":[{"href":"https:\/\/kapitalis.com\/tunisie\/wp-json\/wp\/v2\/types\/post"}],"author":[{"embeddable":true,"href":"https:\/\/kapitalis.com\/tunisie\/wp-json\/wp\/v2\/users\/6"}],"replies":[{"embeddable":true,"href":"https:\/\/kapitalis.com\/tunisie\/wp-json\/wp\/v2\/comments?post=100550"}],"version-history":[{"count":0,"href":"https:\/\/kapitalis.com\/tunisie\/wp-json\/wp\/v2\/posts\/100550\/revisions"}],"wp:featuredmedia":[{"embeddable":true,"href":"https:\/\/kapitalis.com\/tunisie\/wp-json\/wp\/v2\/media\/100553"}],"wp:attachment":[{"href":"https:\/\/kapitalis.com\/tunisie\/wp-json\/wp\/v2\/media?parent=100550"}],"wp:term":[{"taxonomy":"category","embeddable":true,"href":"https:\/\/kapitalis.com\/tunisie\/wp-json\/wp\/v2\/categories?post=100550"},{"taxonomy":"post_tag","embeddable":true,"href":"https:\/\/kapitalis.com\/tunisie\/wp-json\/wp\/v2\/tags?post=100550"}],"curies":[{"name":"wp","href":"https:\/\/api.w.org\/{rel}","templated":true}]}}