{"id":10055713,"date":"2023-10-06T08:05:04","date_gmt":"2023-10-06T07:05:04","guid":{"rendered":"https:\/\/kapitalis.com\/tunisie\/?p=10055713"},"modified":"2023-10-06T08:05:06","modified_gmt":"2023-10-06T07:05:06","slug":"yosr-ben-ammar-gallery-lextase-detre-vivant","status":"publish","type":"post","link":"https:\/\/kapitalis.com\/tunisie\/2023\/10\/06\/yosr-ben-ammar-gallery-lextase-detre-vivant\/","title":{"rendered":"Yosr Ben Ammar Gallery\u00a0: \u00abL\u2019extase d\u2019\u00eatre vivant\u00bb"},"content":{"rendered":"\n<p><strong><em>Yosr Ben Ammar Gallery organise une exposition de groupe intitul\u00e9e \u00abL\u2019extase d\u2019\u00eatre vivant\u00bb. Inaugur\u00e9e le 6 octobre 2023 \u00e0 Bhar Lazreg, La Marsa, l\u2019exposition se poursuivra jusqu\u2019au 25 novembre prochain.<\/em><\/strong><\/p>\n\n\n\n<!--more-->\n\n\n\n<p>L\u2019exposition r\u00e9unit les \u0153uvres des artistes suivants\u00a0:\u00a0Akacha, Abdesslem Ayed, Amira Lamti, Dora Dalila Cheffi, Ghad, Kais Dhifi, Khadija Essaied Jeddi, Marlo Kara, Nabil Saouabi, Slimen El Kamel,Souheila Ghorbelle, et Tom Egoumenides.<\/p>\n\n\n\n<p>Dans le texte de pr\u00e9sentation de l\u2019exposition, Khedija Essaied Jeddi \u00e9crit\u00a0:<strong> <\/strong><em>\u00abAlors que, nous \u00e9voluons dans un syst\u00e8me qui soumet, qui anesth\u00e9sie, qui inhibe, la galerie expose le travail de 12 artistes, 12 g\u00eaneurs, \u00e0 qui elle a demand\u00e9 d\u2019appr\u00e9hender l\u2019insaisissable \u00eatre, de dessiner les contours de la puissante et \u00e9ph\u00e9m\u00e8re extase, de donner corps et \u00e2me \u00e0 un concept, par ces temps, r\u00e9animant ! Mais \u00e0 d\u00e9faut de pouvoir la d\u00e9finir, cette expo\u2019, &#8230; je dirais d\u2019elle&#8230; tout ce qu\u2019elle n\u2019est pas ! Je dirais d\u2019elle que \u00e7a n\u2019est, en aucun cas, une sommation au bonheur&#8230; qui aurait \u00e9t\u00e9 aussi ridicule que d\u00e9plac\u00e9e! Que vous n\u2019y trouverez pas de \u2018\u2018l\u2019extase d\u2019\u00eatre-vivant\u2019\u2019, mise en bouteille, \u00e9tiquet\u00e9e avec date de p\u00e9remption. \u00c7a n\u2019est non plus pas un guideline pour faire face \u00e0 la difficult\u00e9 de la vie, plus haut cit\u00e9e (quoi que\u2026) Cependant, la direction pr\u00e9cise qu\u2019il n&rsquo;est pas interdit, de suivre, tel le petit poucet les traces de pas des artistes qui ont \u00e9t\u00e9 dans cette qu\u00eate!&#8230; qui sait, si l\u2019extase ne se pr\u00e9sentera pas a vous, dans un moment de besoin !\u00bb<\/em><\/p>\n","protected":false},"excerpt":{"rendered":"<p>Yosr Ben Ammar Gallery organise une exposition de groupe intitul\u00e9e \u00abL\u2019extase d\u2019\u00eatre vivant\u00bb. <\/p>\n","protected":false},"author":8,"featured_media":10055743,"comment_status":"open","ping_status":"open","sticky":false,"template":"","format":"standard","meta":{"footnotes":""},"categories":[994,2433],"tags":[111366,111368,31222,99932,111365,111367,111370,111369,2991,103160],"class_list":["post-10055713","post","type-post","status-publish","format-standard","has-post-thumbnail","hentry","category-culture","category-tunisie","tag-abdesslem-ayed","tag-amira-lamti","tag-bhar-lazreg","tag-dora-dalila-cheffi","tag-ghad","tag-kais-dhifi-2","tag-khadija-essaied-jeddi","tag-khedija-essaied-jeddi","tag-la-marsa","tag-yosr-ben-ammar-gallery"],"yoast_head":"<!-- This site is optimized with the Yoast SEO plugin v26.6 - https:\/\/yoast.com\/wordpress\/plugins\/seo\/ -->\n<title>Yosr Ben Ammar Gallery\u00a0: \u00abL\u2019extase d\u2019\u00eatre vivant\u00bb - Kapitalis<\/title>\n<meta name=\"robots\" content=\"index, follow, max-snippet:-1, max-image-preview:large, max-video-preview:-1\" \/>\n<link rel=\"canonical\" href=\"https:\/\/kapitalis.com\/tunisie\/2023\/10\/06\/yosr-ben-ammar-gallery-lextase-detre-vivant\/\" \/>\n<meta property=\"og:locale\" content=\"fr_FR\" \/>\n<meta property=\"og:type\" content=\"article\" \/>\n<meta property=\"og:title\" content=\"Yosr Ben Ammar Gallery\u00a0: \u00abL\u2019extase d\u2019\u00eatre vivant\u00bb - Kapitalis\" \/>\n<meta property=\"og:description\" content=\"Yosr Ben Ammar Gallery organise une exposition de groupe intitul\u00e9e \u00abL\u2019extase d\u2019\u00eatre vivant\u00bb.\" \/>\n<meta property=\"og:url\" content=\"https:\/\/kapitalis.com\/tunisie\/2023\/10\/06\/yosr-ben-ammar-gallery-lextase-detre-vivant\/\" \/>\n<meta property=\"og:site_name\" content=\"Kapitalis\" \/>\n<meta property=\"article:publisher\" content=\"https:\/\/www.facebook.com\/KapitalisInfo\/\" \/>\n<meta property=\"article:published_time\" content=\"2023-10-06T07:05:04+00:00\" \/>\n<meta property=\"article:modified_time\" content=\"2023-10-06T07:05:06+00:00\" \/>\n<meta property=\"og:image\" content=\"https:\/\/kapitalis.com\/tunisie\/wp-content\/uploads\/2023\/10\/Yosr-Ben-Ammar-Gallery.jpg\" \/>\n\t<meta property=\"og:image:width\" content=\"1200\" \/>\n\t<meta property=\"og:image:height\" content=\"630\" \/>\n\t<meta property=\"og:image:type\" content=\"image\/jpeg\" \/>\n<meta name=\"author\" content=\"webmaster kapitalis\" \/>\n<meta name=\"twitter:card\" content=\"summary_large_image\" \/>\n<meta name=\"twitter:creator\" content=\"@KapitalisInfo\" \/>\n<meta name=\"twitter:site\" content=\"@KapitalisInfo\" \/>\n<meta name=\"twitter:label1\" content=\"\u00c9crit par\" \/>\n\t<meta name=\"twitter:data1\" content=\"webmaster kapitalis\" \/>\n\t<meta name=\"twitter:label2\" content=\"Dur\u00e9e de lecture estim\u00e9e\" \/>\n\t<meta name=\"twitter:data2\" content=\"2 minutes\" \/>\n<script type=\"application\/ld+json\" class=\"yoast-schema-graph\">{\"@context\":\"https:\/\/schema.org\",\"@graph\":[{\"@type\":\"Article\",\"@id\":\"https:\/\/kapitalis.com\/tunisie\/2023\/10\/06\/yosr-ben-ammar-gallery-lextase-detre-vivant\/#article\",\"isPartOf\":{\"@id\":\"https:\/\/kapitalis.com\/tunisie\/2023\/10\/06\/yosr-ben-ammar-gallery-lextase-detre-vivant\/\"},\"author\":{\"name\":\"webmaster kapitalis\",\"@id\":\"https:\/\/kapitalis.com\/tunisie\/#\/schema\/person\/d71f33a9ca44f7bad4698210b480c8e9\"},\"headline\":\"Yosr Ben Ammar Gallery\u00a0: \u00abL\u2019extase d\u2019\u00eatre vivant\u00bb\",\"datePublished\":\"2023-10-06T07:05:04+00:00\",\"dateModified\":\"2023-10-06T07:05:06+00:00\",\"mainEntityOfPage\":{\"@id\":\"https:\/\/kapitalis.com\/tunisie\/2023\/10\/06\/yosr-ben-ammar-gallery-lextase-detre-vivant\/\"},\"wordCount\":281,\"commentCount\":0,\"publisher\":{\"@id\":\"https:\/\/kapitalis.com\/tunisie\/#organization\"},\"image\":{\"@id\":\"https:\/\/kapitalis.com\/tunisie\/2023\/10\/06\/yosr-ben-ammar-gallery-lextase-detre-vivant\/#primaryimage\"},\"thumbnailUrl\":\"https:\/\/kapitalis.com\/tunisie\/wp-content\/uploads\/2023\/10\/Yosr-Ben-Ammar-Gallery.jpg\",\"keywords\":[\"Abdesslem Ayed\",\"Amira Lamti\",\"Bhar Lazreg\",\"Dora Dalila Cheffi\",\"Ghad\",\"Kais Dhifi\",\"Khadija Essaied Jeddi\",\"Khedija Essaied Jeddi\",\"La Marsa\",\"Yosr Ben Ammar Gallery\"],\"articleSection\":[\"CULTURE\",\"Tunisie\"],\"inLanguage\":\"fr-FR\",\"potentialAction\":[{\"@type\":\"CommentAction\",\"name\":\"Comment\",\"target\":[\"https:\/\/kapitalis.com\/tunisie\/2023\/10\/06\/yosr-ben-ammar-gallery-lextase-detre-vivant\/#respond\"]}]},{\"@type\":\"WebPage\",\"@id\":\"https:\/\/kapitalis.com\/tunisie\/2023\/10\/06\/yosr-ben-ammar-gallery-lextase-detre-vivant\/\",\"url\":\"https:\/\/kapitalis.com\/tunisie\/2023\/10\/06\/yosr-ben-ammar-gallery-lextase-detre-vivant\/\",\"name\":\"Yosr Ben Ammar Gallery\u00a0: \u00abL\u2019extase d\u2019\u00eatre vivant\u00bb - Kapitalis\",\"isPartOf\":{\"@id\":\"https:\/\/kapitalis.com\/tunisie\/#website\"},\"primaryImageOfPage\":{\"@id\":\"https:\/\/kapitalis.com\/tunisie\/2023\/10\/06\/yosr-ben-ammar-gallery-lextase-detre-vivant\/#primaryimage\"},\"image\":{\"@id\":\"https:\/\/kapitalis.com\/tunisie\/2023\/10\/06\/yosr-ben-ammar-gallery-lextase-detre-vivant\/#primaryimage\"},\"thumbnailUrl\":\"https:\/\/kapitalis.com\/tunisie\/wp-content\/uploads\/2023\/10\/Yosr-Ben-Ammar-Gallery.jpg\",\"datePublished\":\"2023-10-06T07:05:04+00:00\",\"dateModified\":\"2023-10-06T07:05:06+00:00\",\"breadcrumb\":{\"@id\":\"https:\/\/kapitalis.com\/tunisie\/2023\/10\/06\/yosr-ben-ammar-gallery-lextase-detre-vivant\/#breadcrumb\"},\"inLanguage\":\"fr-FR\",\"potentialAction\":[{\"@type\":\"ReadAction\",\"target\":[\"https:\/\/kapitalis.com\/tunisie\/2023\/10\/06\/yosr-ben-ammar-gallery-lextase-detre-vivant\/\"]}]},{\"@type\":\"ImageObject\",\"inLanguage\":\"fr-FR\",\"@id\":\"https:\/\/kapitalis.com\/tunisie\/2023\/10\/06\/yosr-ben-ammar-gallery-lextase-detre-vivant\/#primaryimage\",\"url\":\"https:\/\/kapitalis.com\/tunisie\/wp-content\/uploads\/2023\/10\/Yosr-Ben-Ammar-Gallery.jpg\",\"contentUrl\":\"https:\/\/kapitalis.com\/tunisie\/wp-content\/uploads\/2023\/10\/Yosr-Ben-Ammar-Gallery.jpg\",\"width\":1200,\"height\":630},{\"@type\":\"BreadcrumbList\",\"@id\":\"https:\/\/kapitalis.com\/tunisie\/2023\/10\/06\/yosr-ben-ammar-gallery-lextase-detre-vivant\/#breadcrumb\",\"itemListElement\":[{\"@type\":\"ListItem\",\"position\":1,\"name\":\"Accueil\",\"item\":\"https:\/\/kapitalis.com\/tunisie\/\"},{\"@type\":\"ListItem\",\"position\":2,\"name\":\"Yosr Ben Ammar Gallery\u00a0: \u00abL\u2019extase d\u2019\u00eatre vivant\u00bb\"}]},{\"@type\":\"WebSite\",\"@id\":\"https:\/\/kapitalis.com\/tunisie\/#website\",\"url\":\"https:\/\/kapitalis.com\/tunisie\/\",\"name\":\"Kapitalis\",\"description\":\"L&#039;actualit\u00e9 en Tunisie et dans le monde\",\"publisher\":{\"@id\":\"https:\/\/kapitalis.com\/tunisie\/#organization\"},\"potentialAction\":[{\"@type\":\"SearchAction\",\"target\":{\"@type\":\"EntryPoint\",\"urlTemplate\":\"https:\/\/kapitalis.com\/tunisie\/?s={search_term_string}\"},\"query-input\":{\"@type\":\"PropertyValueSpecification\",\"valueRequired\":true,\"valueName\":\"search_term_string\"}}],\"inLanguage\":\"fr-FR\"},{\"@type\":\"Organization\",\"@id\":\"https:\/\/kapitalis.com\/tunisie\/#organization\",\"name\":\"Kapitalis\",\"url\":\"https:\/\/kapitalis.com\/tunisie\/\",\"logo\":{\"@type\":\"ImageObject\",\"inLanguage\":\"fr-FR\",\"@id\":\"https:\/\/kapitalis.com\/tunisie\/#\/schema\/logo\/image\/\",\"url\":\"https:\/\/kapitalis.com\/tunisie\/wp-content\/uploads\/2022\/05\/Kapitalis-big-size.png\",\"contentUrl\":\"https:\/\/kapitalis.com\/tunisie\/wp-content\/uploads\/2022\/05\/Kapitalis-big-size.png\",\"width\":5000,\"height\":1500,\"caption\":\"Kapitalis\"},\"image\":{\"@id\":\"https:\/\/kapitalis.com\/tunisie\/#\/schema\/logo\/image\/\"},\"sameAs\":[\"https:\/\/www.facebook.com\/KapitalisInfo\/\",\"https:\/\/x.com\/KapitalisInfo\",\"https:\/\/www.youtube.com\/channel\/UC-yDYrHyfFBWWZaOw3FPg9Q\"]},{\"@type\":\"Person\",\"@id\":\"https:\/\/kapitalis.com\/tunisie\/#\/schema\/person\/d71f33a9ca44f7bad4698210b480c8e9\",\"name\":\"webmaster kapitalis\",\"url\":\"https:\/\/kapitalis.com\/tunisie\/author\/webmaster-kapitalis\/\"}]}<\/script>\n<!-- \/ Yoast SEO plugin. -->","yoast_head_json":{"title":"Yosr Ben Ammar Gallery\u00a0: \u00abL\u2019extase d\u2019\u00eatre vivant\u00bb - Kapitalis","robots":{"index":"index","follow":"follow","max-snippet":"max-snippet:-1","max-image-preview":"max-image-preview:large","max-video-preview":"max-video-preview:-1"},"canonical":"https:\/\/kapitalis.com\/tunisie\/2023\/10\/06\/yosr-ben-ammar-gallery-lextase-detre-vivant\/","og_locale":"fr_FR","og_type":"article","og_title":"Yosr Ben Ammar Gallery\u00a0: \u00abL\u2019extase d\u2019\u00eatre vivant\u00bb - Kapitalis","og_description":"Yosr Ben Ammar Gallery organise une exposition de groupe intitul\u00e9e \u00abL\u2019extase d\u2019\u00eatre vivant\u00bb.","og_url":"https:\/\/kapitalis.com\/tunisie\/2023\/10\/06\/yosr-ben-ammar-gallery-lextase-detre-vivant\/","og_site_name":"Kapitalis","article_publisher":"https:\/\/www.facebook.com\/KapitalisInfo\/","article_published_time":"2023-10-06T07:05:04+00:00","article_modified_time":"2023-10-06T07:05:06+00:00","og_image":[{"width":1200,"height":630,"url":"https:\/\/kapitalis.com\/tunisie\/wp-content\/uploads\/2023\/10\/Yosr-Ben-Ammar-Gallery.jpg","type":"image\/jpeg"}],"author":"webmaster kapitalis","twitter_card":"summary_large_image","twitter_creator":"@KapitalisInfo","twitter_site":"@KapitalisInfo","twitter_misc":{"\u00c9crit par":"webmaster kapitalis","Dur\u00e9e de lecture estim\u00e9e":"2 minutes"},"schema":{"@context":"https:\/\/schema.org","@graph":[{"@type":"Article","@id":"https:\/\/kapitalis.com\/tunisie\/2023\/10\/06\/yosr-ben-ammar-gallery-lextase-detre-vivant\/#article","isPartOf":{"@id":"https:\/\/kapitalis.com\/tunisie\/2023\/10\/06\/yosr-ben-ammar-gallery-lextase-detre-vivant\/"},"author":{"name":"webmaster kapitalis","@id":"https:\/\/kapitalis.com\/tunisie\/#\/schema\/person\/d71f33a9ca44f7bad4698210b480c8e9"},"headline":"Yosr Ben Ammar Gallery\u00a0: \u00abL\u2019extase d\u2019\u00eatre vivant\u00bb","datePublished":"2023-10-06T07:05:04+00:00","dateModified":"2023-10-06T07:05:06+00:00","mainEntityOfPage":{"@id":"https:\/\/kapitalis.com\/tunisie\/2023\/10\/06\/yosr-ben-ammar-gallery-lextase-detre-vivant\/"},"wordCount":281,"commentCount":0,"publisher":{"@id":"https:\/\/kapitalis.com\/tunisie\/#organization"},"image":{"@id":"https:\/\/kapitalis.com\/tunisie\/2023\/10\/06\/yosr-ben-ammar-gallery-lextase-detre-vivant\/#primaryimage"},"thumbnailUrl":"https:\/\/kapitalis.com\/tunisie\/wp-content\/uploads\/2023\/10\/Yosr-Ben-Ammar-Gallery.jpg","keywords":["Abdesslem Ayed","Amira Lamti","Bhar Lazreg","Dora Dalila Cheffi","Ghad","Kais Dhifi","Khadija Essaied Jeddi","Khedija Essaied Jeddi","La Marsa","Yosr Ben Ammar Gallery"],"articleSection":["CULTURE","Tunisie"],"inLanguage":"fr-FR","potentialAction":[{"@type":"CommentAction","name":"Comment","target":["https:\/\/kapitalis.com\/tunisie\/2023\/10\/06\/yosr-ben-ammar-gallery-lextase-detre-vivant\/#respond"]}]},{"@type":"WebPage","@id":"https:\/\/kapitalis.com\/tunisie\/2023\/10\/06\/yosr-ben-ammar-gallery-lextase-detre-vivant\/","url":"https:\/\/kapitalis.com\/tunisie\/2023\/10\/06\/yosr-ben-ammar-gallery-lextase-detre-vivant\/","name":"Yosr Ben Ammar Gallery\u00a0: \u00abL\u2019extase d\u2019\u00eatre vivant\u00bb - Kapitalis","isPartOf":{"@id":"https:\/\/kapitalis.com\/tunisie\/#website"},"primaryImageOfPage":{"@id":"https:\/\/kapitalis.com\/tunisie\/2023\/10\/06\/yosr-ben-ammar-gallery-lextase-detre-vivant\/#primaryimage"},"image":{"@id":"https:\/\/kapitalis.com\/tunisie\/2023\/10\/06\/yosr-ben-ammar-gallery-lextase-detre-vivant\/#primaryimage"},"thumbnailUrl":"https:\/\/kapitalis.com\/tunisie\/wp-content\/uploads\/2023\/10\/Yosr-Ben-Ammar-Gallery.jpg","datePublished":"2023-10-06T07:05:04+00:00","dateModified":"2023-10-06T07:05:06+00:00","breadcrumb":{"@id":"https:\/\/kapitalis.com\/tunisie\/2023\/10\/06\/yosr-ben-ammar-gallery-lextase-detre-vivant\/#breadcrumb"},"inLanguage":"fr-FR","potentialAction":[{"@type":"ReadAction","target":["https:\/\/kapitalis.com\/tunisie\/2023\/10\/06\/yosr-ben-ammar-gallery-lextase-detre-vivant\/"]}]},{"@type":"ImageObject","inLanguage":"fr-FR","@id":"https:\/\/kapitalis.com\/tunisie\/2023\/10\/06\/yosr-ben-ammar-gallery-lextase-detre-vivant\/#primaryimage","url":"https:\/\/kapitalis.com\/tunisie\/wp-content\/uploads\/2023\/10\/Yosr-Ben-Ammar-Gallery.jpg","contentUrl":"https:\/\/kapitalis.com\/tunisie\/wp-content\/uploads\/2023\/10\/Yosr-Ben-Ammar-Gallery.jpg","width":1200,"height":630},{"@type":"BreadcrumbList","@id":"https:\/\/kapitalis.com\/tunisie\/2023\/10\/06\/yosr-ben-ammar-gallery-lextase-detre-vivant\/#breadcrumb","itemListElement":[{"@type":"ListItem","position":1,"name":"Accueil","item":"https:\/\/kapitalis.com\/tunisie\/"},{"@type":"ListItem","position":2,"name":"Yosr Ben Ammar Gallery\u00a0: \u00abL\u2019extase d\u2019\u00eatre vivant\u00bb"}]},{"@type":"WebSite","@id":"https:\/\/kapitalis.com\/tunisie\/#website","url":"https:\/\/kapitalis.com\/tunisie\/","name":"Kapitalis","description":"L&#039;actualit\u00e9 en Tunisie et dans le monde","publisher":{"@id":"https:\/\/kapitalis.com\/tunisie\/#organization"},"potentialAction":[{"@type":"SearchAction","target":{"@type":"EntryPoint","urlTemplate":"https:\/\/kapitalis.com\/tunisie\/?s={search_term_string}"},"query-input":{"@type":"PropertyValueSpecification","valueRequired":true,"valueName":"search_term_string"}}],"inLanguage":"fr-FR"},{"@type":"Organization","@id":"https:\/\/kapitalis.com\/tunisie\/#organization","name":"Kapitalis","url":"https:\/\/kapitalis.com\/tunisie\/","logo":{"@type":"ImageObject","inLanguage":"fr-FR","@id":"https:\/\/kapitalis.com\/tunisie\/#\/schema\/logo\/image\/","url":"https:\/\/kapitalis.com\/tunisie\/wp-content\/uploads\/2022\/05\/Kapitalis-big-size.png","contentUrl":"https:\/\/kapitalis.com\/tunisie\/wp-content\/uploads\/2022\/05\/Kapitalis-big-size.png","width":5000,"height":1500,"caption":"Kapitalis"},"image":{"@id":"https:\/\/kapitalis.com\/tunisie\/#\/schema\/logo\/image\/"},"sameAs":["https:\/\/www.facebook.com\/KapitalisInfo\/","https:\/\/x.com\/KapitalisInfo","https:\/\/www.youtube.com\/channel\/UC-yDYrHyfFBWWZaOw3FPg9Q"]},{"@type":"Person","@id":"https:\/\/kapitalis.com\/tunisie\/#\/schema\/person\/d71f33a9ca44f7bad4698210b480c8e9","name":"webmaster kapitalis","url":"https:\/\/kapitalis.com\/tunisie\/author\/webmaster-kapitalis\/"}]}},"_links":{"self":[{"href":"https:\/\/kapitalis.com\/tunisie\/wp-json\/wp\/v2\/posts\/10055713","targetHints":{"allow":["GET"]}}],"collection":[{"href":"https:\/\/kapitalis.com\/tunisie\/wp-json\/wp\/v2\/posts"}],"about":[{"href":"https:\/\/kapitalis.com\/tunisie\/wp-json\/wp\/v2\/types\/post"}],"author":[{"embeddable":true,"href":"https:\/\/kapitalis.com\/tunisie\/wp-json\/wp\/v2\/users\/8"}],"replies":[{"embeddable":true,"href":"https:\/\/kapitalis.com\/tunisie\/wp-json\/wp\/v2\/comments?post=10055713"}],"version-history":[{"count":1,"href":"https:\/\/kapitalis.com\/tunisie\/wp-json\/wp\/v2\/posts\/10055713\/revisions"}],"predecessor-version":[{"id":10055750,"href":"https:\/\/kapitalis.com\/tunisie\/wp-json\/wp\/v2\/posts\/10055713\/revisions\/10055750"}],"wp:featuredmedia":[{"embeddable":true,"href":"https:\/\/kapitalis.com\/tunisie\/wp-json\/wp\/v2\/media\/10055743"}],"wp:attachment":[{"href":"https:\/\/kapitalis.com\/tunisie\/wp-json\/wp\/v2\/media?parent=10055713"}],"wp:term":[{"taxonomy":"category","embeddable":true,"href":"https:\/\/kapitalis.com\/tunisie\/wp-json\/wp\/v2\/categories?post=10055713"},{"taxonomy":"post_tag","embeddable":true,"href":"https:\/\/kapitalis.com\/tunisie\/wp-json\/wp\/v2\/tags?post=10055713"}],"curies":[{"name":"wp","href":"https:\/\/api.w.org\/{rel}","templated":true}]}}