{"id":10057481,"date":"2023-10-06T11:19:57","date_gmt":"2023-10-06T10:19:57","guid":{"rendered":"https:\/\/kapitalis.com\/tunisie\/?p=10057481"},"modified":"2023-10-06T12:57:10","modified_gmt":"2023-10-06T11:57:10","slug":"borrell-veut-convoquer-le-conseil-dassociation-union-europeenne-tunisie","status":"publish","type":"post","link":"https:\/\/kapitalis.com\/tunisie\/2023\/10\/06\/borrell-veut-convoquer-le-conseil-dassociation-union-europeenne-tunisie\/","title":{"rendered":"Borrell veut convoquer le Conseil d\u2019association Union europ\u00e9enne-Tunisie"},"content":{"rendered":"\n<p><strong><em>Alors que le m\u00e9morandum d\u2019accord entre la Tunisie et l\u2019Union europ\u00e9enne (UE) semble <a href=\"https:\/\/kapitalis.com\/tunisie\/2023\/10\/06\/tunisie-diplomatie-du-clash-diplomatie-du-crash\/\" target=\"_blank\" rel=\"noreferrer noopener\">dans l\u2019impasse<\/a>, Josep Borrell semble vouloir aplanir les divergences entre les deux parties en convoquant une r\u00e9union du Conseil d\u2019association UE-Tunisie avant la fin de cette ann\u00e9e. <\/em><\/strong><\/p>\n\n\n\n<!--more-->\n\n\n\n<p><em>\u00abLe recours aux missions de l\u2019Union europ\u00e9enne, navales ou terrestres, pour lutter contre les trafiquants d\u2019\u00eatres humains en M\u00e9diterran\u00e9e n\u00e9cessite l\u2019accord de la Tunisie\u00bb<\/em>, a d\u00e9clar\u00e9 le haut repr\u00e9sentant de l\u2019UE pour la politique \u00e9trang\u00e8re, Josep Borrell, lors du sommet europ\u00e9en de Grenade, vendredi 6 octobre 20213, qui a \u00e9galement d\u00e9clar\u00e9 qu\u2019il souhaitait convoquer une r\u00e9union du Conseil d\u2019association UE-Tunisie dans le courant de l\u2019ann\u00e9e. <em>\u00abNous devons penser au contr\u00f4le des fronti\u00e8res ext\u00e9rieures non seulement en M\u00e9diterran\u00e9e mais aussi au Sahel. C\u2019est une t\u00e2che difficile mais je suis pr\u00eat \u00e0 envisager cette option.\u00bb<\/em><\/p>\n\n\n\n<p><em>\u00abLes gens fuient parce qu\u2019ils y sont contraints ou parce qu\u2019ils ont plus d\u2019opportunit\u00e9s, et l\u2019UE doit avoir une position commune sur ce dossier\u00bb<\/em>, a expliqu\u00e9 Borrell, soutenant l\u2019hypoth\u00e8se d\u2019utiliser les missions de politique de s\u00e9curit\u00e9 et de d\u00e9fense commune europ\u00e9enne, comme celles navales ou terrestres, pour lutter contre les trafiquants.<\/p>\n\n\n\n<p><em>\u00abIl y a deux mani\u00e8res de travailler avec la Tunisie. L\u2019une est le m\u00e9morandum et l\u2019autre est le Conseil d\u2019association UE-Tunisie, que je pr\u00e9side. Je convoquerai une r\u00e9union du Conseil d\u2019ici la fin de l\u2019ann\u00e9e, c\u2019est l\u2019enceinte o\u00f9 nous pouvons discuter avec la Tunisie de la mani\u00e8re de coop\u00e9rer sur tout, y compris la migration\u00bb<\/em>, a ensuite d\u00e9clar\u00e9 le haute repr\u00e9sentant.<\/p>\n\n\n\n<p><em>\u00abLa mission Irini a \u00e9t\u00e9 con\u00e7ue pour la Libye, mais si nous devons maintenant nous d\u00e9placer vers un autre pays, nous pouvons le faire mais nous avons certainement besoin de l\u2019accord de ce pays\u00bb<\/em>, a expliqu\u00e9 Borrell, retenant \u00e9galement la possibilit\u00e9 d\u2019envoyer du personnel de l\u2019UE dans des pays d\u2019Afrique du Nord pour des activit\u00e9s de conseil aupr\u00e8s des autorit\u00e9s locales.<\/p>\n\n\n\n<p>De son c\u00f4t\u00e9, la pr\u00e9sidente de la Commission europ\u00e9enne, Ursula von der Leyen, a d\u00e9clar\u00e9 que <em>\u00abl\u2019accord sur le r\u00e8glement des crises migratoires a \u00e9t\u00e9 un grand succ\u00e8s (\u2026) Mais il y a aussi des actions op\u00e9rationnelles : dans le court terme, nous agirons selon les dix points de Lampedusa et \u00e0 moyen terme \u00e0 travers le m\u00e9morandum avec la Tunisie. Il est important d\u2019investir dans ces pays et d\u2019\u00e9tablir des couloirs juridiques et humanitaires\u00bb<\/em> pour la migration, a-t-elle d\u00e9clar\u00e9.<\/p>\n\n\n\n<p>A son arriv\u00e9e au sommet du CPE \u00e0 Grenade, la Premi\u00e8re ministre Giorgia Meloni a d\u00e9clar\u00e9: <em>\u00abSi nous n&rsquo;aidons pas la Tunisie avec un partenariat strat\u00e9gique sur un pied d&rsquo;\u00e9galit\u00e9, il sera difficile de faire valoir un argument s\u00e9rieux. J&rsquo;ai confiance qu&rsquo;avec Sa\u00efed nous avancerons et que nous pourrons travailler sur un v\u00e9ritable partenariat strat\u00e9gique \u00e9galement avec l&rsquo;aide de la Commission\u00bb<\/em>.<\/p>\n\n\n\n<p class=\"has-text-align-right\"><strong>I. B.<\/strong><\/p>\n\n\n\n<figure class=\"wp-block-embed is-type-wp-embed is-provider-kapitalis wp-block-embed-kapitalis\"><div class=\"wp-block-embed__wrapper\">\n<blockquote class=\"wp-embedded-content\" data-secret=\"jQIjTrDEuk\"><a href=\"https:\/\/kapitalis.com\/tunisie\/2023\/10\/06\/tunisie-diplomatie-du-clash-diplomatie-du-crash\/\">Tunisie\u00a0: diplomatie du clash, diplomatie du crash!<\/a><\/blockquote><iframe loading=\"lazy\" class=\"wp-embedded-content\" sandbox=\"allow-scripts\" security=\"restricted\" style=\"position: absolute; clip: rect(1px, 1px, 1px, 1px);\" title=\"\u00ab\u00a0Tunisie\u00a0: diplomatie du clash, diplomatie du crash!\u00a0\u00bb &#8212; Kapitalis\" src=\"https:\/\/kapitalis.com\/tunisie\/2023\/10\/06\/tunisie-diplomatie-du-clash-diplomatie-du-crash\/embed\/#?secret=8JmM1b1BTS#?secret=jQIjTrDEuk\" data-secret=\"jQIjTrDEuk\" width=\"600\" height=\"338\" frameborder=\"0\" marginwidth=\"0\" marginheight=\"0\" scrolling=\"no\"><\/iframe>\n<\/div><\/figure>\n","protected":false},"excerpt":{"rendered":"<p>Josep Borrell voudrait convoquer une r\u00e9union du Conseil d\u2019association UE-Tunisie avant la fin de cette ann\u00e9e. <\/p>\n","protected":false},"author":8,"featured_media":6606856,"comment_status":"open","ping_status":"open","sticky":false,"template":"","format":"standard","meta":{"footnotes":""},"categories":[997,2433],"tags":[14004,16440,111377,103508,79063,111376,62643,107607,90803],"class_list":["post-10057481","post","type-post","status-publish","format-standard","has-post-thumbnail","hentry","category-politique","category-tunisie","tag-commission-europeenne","tag-conseil-dassociation","tag-frontieres-exterieures","tag-giorgia-meloni","tag-josep-borrell","tag-trafiquants-detres-humains","tag-tunisie","tag-union-europeeene","tag-ursula-van-der-leyen"],"yoast_head":"<!-- This site is optimized with the Yoast SEO plugin v26.6 - https:\/\/yoast.com\/wordpress\/plugins\/seo\/ -->\n<title>Borrell veut convoquer le Conseil d\u2019association Union europ\u00e9enne-Tunisie - Kapitalis<\/title>\n<meta name=\"robots\" content=\"index, follow, max-snippet:-1, max-image-preview:large, max-video-preview:-1\" \/>\n<link rel=\"canonical\" href=\"https:\/\/kapitalis.com\/tunisie\/2023\/10\/06\/borrell-veut-convoquer-le-conseil-dassociation-union-europeenne-tunisie\/\" \/>\n<meta property=\"og:locale\" content=\"fr_FR\" \/>\n<meta property=\"og:type\" content=\"article\" \/>\n<meta property=\"og:title\" content=\"Borrell veut convoquer le Conseil d\u2019association Union europ\u00e9enne-Tunisie - Kapitalis\" \/>\n<meta property=\"og:description\" content=\"Josep Borrell voudrait convoquer une r\u00e9union du Conseil d\u2019association UE-Tunisie avant la fin de cette ann\u00e9e.\" \/>\n<meta property=\"og:url\" content=\"https:\/\/kapitalis.com\/tunisie\/2023\/10\/06\/borrell-veut-convoquer-le-conseil-dassociation-union-europeenne-tunisie\/\" \/>\n<meta property=\"og:site_name\" content=\"Kapitalis\" \/>\n<meta property=\"article:publisher\" content=\"https:\/\/www.facebook.com\/KapitalisInfo\/\" \/>\n<meta property=\"article:published_time\" content=\"2023-10-06T10:19:57+00:00\" \/>\n<meta property=\"article:modified_time\" content=\"2023-10-06T11:57:10+00:00\" \/>\n<meta property=\"og:image\" content=\"https:\/\/kapitalis.com\/tunisie\/wp-content\/uploads\/2023\/02\/Kais-Saied-Josep-Borrell.jpg\" \/>\n\t<meta property=\"og:image:width\" content=\"1200\" \/>\n\t<meta property=\"og:image:height\" content=\"630\" \/>\n\t<meta property=\"og:image:type\" content=\"image\/jpeg\" \/>\n<meta name=\"author\" content=\"webmaster kapitalis\" \/>\n<meta name=\"twitter:card\" content=\"summary_large_image\" \/>\n<meta name=\"twitter:creator\" content=\"@KapitalisInfo\" \/>\n<meta name=\"twitter:site\" content=\"@KapitalisInfo\" \/>\n<meta name=\"twitter:label1\" content=\"\u00c9crit par\" \/>\n\t<meta name=\"twitter:data1\" content=\"webmaster kapitalis\" \/>\n\t<meta name=\"twitter:label2\" content=\"Dur\u00e9e de lecture estim\u00e9e\" \/>\n\t<meta name=\"twitter:data2\" content=\"3 minutes\" \/>\n<script type=\"application\/ld+json\" class=\"yoast-schema-graph\">{\"@context\":\"https:\/\/schema.org\",\"@graph\":[{\"@type\":\"Article\",\"@id\":\"https:\/\/kapitalis.com\/tunisie\/2023\/10\/06\/borrell-veut-convoquer-le-conseil-dassociation-union-europeenne-tunisie\/#article\",\"isPartOf\":{\"@id\":\"https:\/\/kapitalis.com\/tunisie\/2023\/10\/06\/borrell-veut-convoquer-le-conseil-dassociation-union-europeenne-tunisie\/\"},\"author\":{\"name\":\"webmaster kapitalis\",\"@id\":\"https:\/\/kapitalis.com\/tunisie\/#\/schema\/person\/d71f33a9ca44f7bad4698210b480c8e9\"},\"headline\":\"Borrell veut convoquer le Conseil d\u2019association Union europ\u00e9enne-Tunisie\",\"datePublished\":\"2023-10-06T10:19:57+00:00\",\"dateModified\":\"2023-10-06T11:57:10+00:00\",\"mainEntityOfPage\":{\"@id\":\"https:\/\/kapitalis.com\/tunisie\/2023\/10\/06\/borrell-veut-convoquer-le-conseil-dassociation-union-europeenne-tunisie\/\"},\"wordCount\":547,\"commentCount\":0,\"publisher\":{\"@id\":\"https:\/\/kapitalis.com\/tunisie\/#organization\"},\"image\":{\"@id\":\"https:\/\/kapitalis.com\/tunisie\/2023\/10\/06\/borrell-veut-convoquer-le-conseil-dassociation-union-europeenne-tunisie\/#primaryimage\"},\"thumbnailUrl\":\"https:\/\/kapitalis.com\/tunisie\/wp-content\/uploads\/2023\/02\/Kais-Saied-Josep-Borrell.jpg\",\"keywords\":[\"Commission europ\u00e9enne\",\"conseil d'association\",\"fronti\u00e8res ext\u00e9rieures\",\"Giorgia Meloni\",\"Josep Borrell\",\"trafiquants d'\u00eatres humains\",\"Tunisie\",\"Union europ\u00e9eene\",\"Ursula van der Leyen\"],\"articleSection\":[\"POLITIQUE\",\"Tunisie\"],\"inLanguage\":\"fr-FR\",\"potentialAction\":[{\"@type\":\"CommentAction\",\"name\":\"Comment\",\"target\":[\"https:\/\/kapitalis.com\/tunisie\/2023\/10\/06\/borrell-veut-convoquer-le-conseil-dassociation-union-europeenne-tunisie\/#respond\"]}]},{\"@type\":\"WebPage\",\"@id\":\"https:\/\/kapitalis.com\/tunisie\/2023\/10\/06\/borrell-veut-convoquer-le-conseil-dassociation-union-europeenne-tunisie\/\",\"url\":\"https:\/\/kapitalis.com\/tunisie\/2023\/10\/06\/borrell-veut-convoquer-le-conseil-dassociation-union-europeenne-tunisie\/\",\"name\":\"Borrell veut convoquer le Conseil d\u2019association Union europ\u00e9enne-Tunisie - Kapitalis\",\"isPartOf\":{\"@id\":\"https:\/\/kapitalis.com\/tunisie\/#website\"},\"primaryImageOfPage\":{\"@id\":\"https:\/\/kapitalis.com\/tunisie\/2023\/10\/06\/borrell-veut-convoquer-le-conseil-dassociation-union-europeenne-tunisie\/#primaryimage\"},\"image\":{\"@id\":\"https:\/\/kapitalis.com\/tunisie\/2023\/10\/06\/borrell-veut-convoquer-le-conseil-dassociation-union-europeenne-tunisie\/#primaryimage\"},\"thumbnailUrl\":\"https:\/\/kapitalis.com\/tunisie\/wp-content\/uploads\/2023\/02\/Kais-Saied-Josep-Borrell.jpg\",\"datePublished\":\"2023-10-06T10:19:57+00:00\",\"dateModified\":\"2023-10-06T11:57:10+00:00\",\"breadcrumb\":{\"@id\":\"https:\/\/kapitalis.com\/tunisie\/2023\/10\/06\/borrell-veut-convoquer-le-conseil-dassociation-union-europeenne-tunisie\/#breadcrumb\"},\"inLanguage\":\"fr-FR\",\"potentialAction\":[{\"@type\":\"ReadAction\",\"target\":[\"https:\/\/kapitalis.com\/tunisie\/2023\/10\/06\/borrell-veut-convoquer-le-conseil-dassociation-union-europeenne-tunisie\/\"]}]},{\"@type\":\"ImageObject\",\"inLanguage\":\"fr-FR\",\"@id\":\"https:\/\/kapitalis.com\/tunisie\/2023\/10\/06\/borrell-veut-convoquer-le-conseil-dassociation-union-europeenne-tunisie\/#primaryimage\",\"url\":\"https:\/\/kapitalis.com\/tunisie\/wp-content\/uploads\/2023\/02\/Kais-Saied-Josep-Borrell.jpg\",\"contentUrl\":\"https:\/\/kapitalis.com\/tunisie\/wp-content\/uploads\/2023\/02\/Kais-Saied-Josep-Borrell.jpg\",\"width\":1200,\"height\":630},{\"@type\":\"BreadcrumbList\",\"@id\":\"https:\/\/kapitalis.com\/tunisie\/2023\/10\/06\/borrell-veut-convoquer-le-conseil-dassociation-union-europeenne-tunisie\/#breadcrumb\",\"itemListElement\":[{\"@type\":\"ListItem\",\"position\":1,\"name\":\"Accueil\",\"item\":\"https:\/\/kapitalis.com\/tunisie\/\"},{\"@type\":\"ListItem\",\"position\":2,\"name\":\"Borrell veut convoquer le Conseil d\u2019association Union europ\u00e9enne-Tunisie\"}]},{\"@type\":\"WebSite\",\"@id\":\"https:\/\/kapitalis.com\/tunisie\/#website\",\"url\":\"https:\/\/kapitalis.com\/tunisie\/\",\"name\":\"Kapitalis\",\"description\":\"L&#039;actualit\u00e9 en Tunisie et dans le monde\",\"publisher\":{\"@id\":\"https:\/\/kapitalis.com\/tunisie\/#organization\"},\"potentialAction\":[{\"@type\":\"SearchAction\",\"target\":{\"@type\":\"EntryPoint\",\"urlTemplate\":\"https:\/\/kapitalis.com\/tunisie\/?s={search_term_string}\"},\"query-input\":{\"@type\":\"PropertyValueSpecification\",\"valueRequired\":true,\"valueName\":\"search_term_string\"}}],\"inLanguage\":\"fr-FR\"},{\"@type\":\"Organization\",\"@id\":\"https:\/\/kapitalis.com\/tunisie\/#organization\",\"name\":\"Kapitalis\",\"url\":\"https:\/\/kapitalis.com\/tunisie\/\",\"logo\":{\"@type\":\"ImageObject\",\"inLanguage\":\"fr-FR\",\"@id\":\"https:\/\/kapitalis.com\/tunisie\/#\/schema\/logo\/image\/\",\"url\":\"https:\/\/kapitalis.com\/tunisie\/wp-content\/uploads\/2022\/05\/Kapitalis-big-size.png\",\"contentUrl\":\"https:\/\/kapitalis.com\/tunisie\/wp-content\/uploads\/2022\/05\/Kapitalis-big-size.png\",\"width\":5000,\"height\":1500,\"caption\":\"Kapitalis\"},\"image\":{\"@id\":\"https:\/\/kapitalis.com\/tunisie\/#\/schema\/logo\/image\/\"},\"sameAs\":[\"https:\/\/www.facebook.com\/KapitalisInfo\/\",\"https:\/\/x.com\/KapitalisInfo\",\"https:\/\/www.youtube.com\/channel\/UC-yDYrHyfFBWWZaOw3FPg9Q\"]},{\"@type\":\"Person\",\"@id\":\"https:\/\/kapitalis.com\/tunisie\/#\/schema\/person\/d71f33a9ca44f7bad4698210b480c8e9\",\"name\":\"webmaster kapitalis\",\"url\":\"https:\/\/kapitalis.com\/tunisie\/author\/webmaster-kapitalis\/\"}]}<\/script>\n<!-- \/ Yoast SEO plugin. -->","yoast_head_json":{"title":"Borrell veut convoquer le Conseil d\u2019association Union europ\u00e9enne-Tunisie - Kapitalis","robots":{"index":"index","follow":"follow","max-snippet":"max-snippet:-1","max-image-preview":"max-image-preview:large","max-video-preview":"max-video-preview:-1"},"canonical":"https:\/\/kapitalis.com\/tunisie\/2023\/10\/06\/borrell-veut-convoquer-le-conseil-dassociation-union-europeenne-tunisie\/","og_locale":"fr_FR","og_type":"article","og_title":"Borrell veut convoquer le Conseil d\u2019association Union europ\u00e9enne-Tunisie - Kapitalis","og_description":"Josep Borrell voudrait convoquer une r\u00e9union du Conseil d\u2019association UE-Tunisie avant la fin de cette ann\u00e9e.","og_url":"https:\/\/kapitalis.com\/tunisie\/2023\/10\/06\/borrell-veut-convoquer-le-conseil-dassociation-union-europeenne-tunisie\/","og_site_name":"Kapitalis","article_publisher":"https:\/\/www.facebook.com\/KapitalisInfo\/","article_published_time":"2023-10-06T10:19:57+00:00","article_modified_time":"2023-10-06T11:57:10+00:00","og_image":[{"width":1200,"height":630,"url":"https:\/\/kapitalis.com\/tunisie\/wp-content\/uploads\/2023\/02\/Kais-Saied-Josep-Borrell.jpg","type":"image\/jpeg"}],"author":"webmaster kapitalis","twitter_card":"summary_large_image","twitter_creator":"@KapitalisInfo","twitter_site":"@KapitalisInfo","twitter_misc":{"\u00c9crit par":"webmaster kapitalis","Dur\u00e9e de lecture estim\u00e9e":"3 minutes"},"schema":{"@context":"https:\/\/schema.org","@graph":[{"@type":"Article","@id":"https:\/\/kapitalis.com\/tunisie\/2023\/10\/06\/borrell-veut-convoquer-le-conseil-dassociation-union-europeenne-tunisie\/#article","isPartOf":{"@id":"https:\/\/kapitalis.com\/tunisie\/2023\/10\/06\/borrell-veut-convoquer-le-conseil-dassociation-union-europeenne-tunisie\/"},"author":{"name":"webmaster kapitalis","@id":"https:\/\/kapitalis.com\/tunisie\/#\/schema\/person\/d71f33a9ca44f7bad4698210b480c8e9"},"headline":"Borrell veut convoquer le Conseil d\u2019association Union europ\u00e9enne-Tunisie","datePublished":"2023-10-06T10:19:57+00:00","dateModified":"2023-10-06T11:57:10+00:00","mainEntityOfPage":{"@id":"https:\/\/kapitalis.com\/tunisie\/2023\/10\/06\/borrell-veut-convoquer-le-conseil-dassociation-union-europeenne-tunisie\/"},"wordCount":547,"commentCount":0,"publisher":{"@id":"https:\/\/kapitalis.com\/tunisie\/#organization"},"image":{"@id":"https:\/\/kapitalis.com\/tunisie\/2023\/10\/06\/borrell-veut-convoquer-le-conseil-dassociation-union-europeenne-tunisie\/#primaryimage"},"thumbnailUrl":"https:\/\/kapitalis.com\/tunisie\/wp-content\/uploads\/2023\/02\/Kais-Saied-Josep-Borrell.jpg","keywords":["Commission europ\u00e9enne","conseil d'association","fronti\u00e8res ext\u00e9rieures","Giorgia Meloni","Josep Borrell","trafiquants d'\u00eatres humains","Tunisie","Union europ\u00e9eene","Ursula van der Leyen"],"articleSection":["POLITIQUE","Tunisie"],"inLanguage":"fr-FR","potentialAction":[{"@type":"CommentAction","name":"Comment","target":["https:\/\/kapitalis.com\/tunisie\/2023\/10\/06\/borrell-veut-convoquer-le-conseil-dassociation-union-europeenne-tunisie\/#respond"]}]},{"@type":"WebPage","@id":"https:\/\/kapitalis.com\/tunisie\/2023\/10\/06\/borrell-veut-convoquer-le-conseil-dassociation-union-europeenne-tunisie\/","url":"https:\/\/kapitalis.com\/tunisie\/2023\/10\/06\/borrell-veut-convoquer-le-conseil-dassociation-union-europeenne-tunisie\/","name":"Borrell veut convoquer le Conseil d\u2019association Union europ\u00e9enne-Tunisie - Kapitalis","isPartOf":{"@id":"https:\/\/kapitalis.com\/tunisie\/#website"},"primaryImageOfPage":{"@id":"https:\/\/kapitalis.com\/tunisie\/2023\/10\/06\/borrell-veut-convoquer-le-conseil-dassociation-union-europeenne-tunisie\/#primaryimage"},"image":{"@id":"https:\/\/kapitalis.com\/tunisie\/2023\/10\/06\/borrell-veut-convoquer-le-conseil-dassociation-union-europeenne-tunisie\/#primaryimage"},"thumbnailUrl":"https:\/\/kapitalis.com\/tunisie\/wp-content\/uploads\/2023\/02\/Kais-Saied-Josep-Borrell.jpg","datePublished":"2023-10-06T10:19:57+00:00","dateModified":"2023-10-06T11:57:10+00:00","breadcrumb":{"@id":"https:\/\/kapitalis.com\/tunisie\/2023\/10\/06\/borrell-veut-convoquer-le-conseil-dassociation-union-europeenne-tunisie\/#breadcrumb"},"inLanguage":"fr-FR","potentialAction":[{"@type":"ReadAction","target":["https:\/\/kapitalis.com\/tunisie\/2023\/10\/06\/borrell-veut-convoquer-le-conseil-dassociation-union-europeenne-tunisie\/"]}]},{"@type":"ImageObject","inLanguage":"fr-FR","@id":"https:\/\/kapitalis.com\/tunisie\/2023\/10\/06\/borrell-veut-convoquer-le-conseil-dassociation-union-europeenne-tunisie\/#primaryimage","url":"https:\/\/kapitalis.com\/tunisie\/wp-content\/uploads\/2023\/02\/Kais-Saied-Josep-Borrell.jpg","contentUrl":"https:\/\/kapitalis.com\/tunisie\/wp-content\/uploads\/2023\/02\/Kais-Saied-Josep-Borrell.jpg","width":1200,"height":630},{"@type":"BreadcrumbList","@id":"https:\/\/kapitalis.com\/tunisie\/2023\/10\/06\/borrell-veut-convoquer-le-conseil-dassociation-union-europeenne-tunisie\/#breadcrumb","itemListElement":[{"@type":"ListItem","position":1,"name":"Accueil","item":"https:\/\/kapitalis.com\/tunisie\/"},{"@type":"ListItem","position":2,"name":"Borrell veut convoquer le Conseil d\u2019association Union europ\u00e9enne-Tunisie"}]},{"@type":"WebSite","@id":"https:\/\/kapitalis.com\/tunisie\/#website","url":"https:\/\/kapitalis.com\/tunisie\/","name":"Kapitalis","description":"L&#039;actualit\u00e9 en Tunisie et dans le monde","publisher":{"@id":"https:\/\/kapitalis.com\/tunisie\/#organization"},"potentialAction":[{"@type":"SearchAction","target":{"@type":"EntryPoint","urlTemplate":"https:\/\/kapitalis.com\/tunisie\/?s={search_term_string}"},"query-input":{"@type":"PropertyValueSpecification","valueRequired":true,"valueName":"search_term_string"}}],"inLanguage":"fr-FR"},{"@type":"Organization","@id":"https:\/\/kapitalis.com\/tunisie\/#organization","name":"Kapitalis","url":"https:\/\/kapitalis.com\/tunisie\/","logo":{"@type":"ImageObject","inLanguage":"fr-FR","@id":"https:\/\/kapitalis.com\/tunisie\/#\/schema\/logo\/image\/","url":"https:\/\/kapitalis.com\/tunisie\/wp-content\/uploads\/2022\/05\/Kapitalis-big-size.png","contentUrl":"https:\/\/kapitalis.com\/tunisie\/wp-content\/uploads\/2022\/05\/Kapitalis-big-size.png","width":5000,"height":1500,"caption":"Kapitalis"},"image":{"@id":"https:\/\/kapitalis.com\/tunisie\/#\/schema\/logo\/image\/"},"sameAs":["https:\/\/www.facebook.com\/KapitalisInfo\/","https:\/\/x.com\/KapitalisInfo","https:\/\/www.youtube.com\/channel\/UC-yDYrHyfFBWWZaOw3FPg9Q"]},{"@type":"Person","@id":"https:\/\/kapitalis.com\/tunisie\/#\/schema\/person\/d71f33a9ca44f7bad4698210b480c8e9","name":"webmaster kapitalis","url":"https:\/\/kapitalis.com\/tunisie\/author\/webmaster-kapitalis\/"}]}},"_links":{"self":[{"href":"https:\/\/kapitalis.com\/tunisie\/wp-json\/wp\/v2\/posts\/10057481","targetHints":{"allow":["GET"]}}],"collection":[{"href":"https:\/\/kapitalis.com\/tunisie\/wp-json\/wp\/v2\/posts"}],"about":[{"href":"https:\/\/kapitalis.com\/tunisie\/wp-json\/wp\/v2\/types\/post"}],"author":[{"embeddable":true,"href":"https:\/\/kapitalis.com\/tunisie\/wp-json\/wp\/v2\/users\/8"}],"replies":[{"embeddable":true,"href":"https:\/\/kapitalis.com\/tunisie\/wp-json\/wp\/v2\/comments?post=10057481"}],"version-history":[{"count":2,"href":"https:\/\/kapitalis.com\/tunisie\/wp-json\/wp\/v2\/posts\/10057481\/revisions"}],"predecessor-version":[{"id":10058389,"href":"https:\/\/kapitalis.com\/tunisie\/wp-json\/wp\/v2\/posts\/10057481\/revisions\/10058389"}],"wp:featuredmedia":[{"embeddable":true,"href":"https:\/\/kapitalis.com\/tunisie\/wp-json\/wp\/v2\/media\/6606856"}],"wp:attachment":[{"href":"https:\/\/kapitalis.com\/tunisie\/wp-json\/wp\/v2\/media?parent=10057481"}],"wp:term":[{"taxonomy":"category","embeddable":true,"href":"https:\/\/kapitalis.com\/tunisie\/wp-json\/wp\/v2\/categories?post=10057481"},{"taxonomy":"post_tag","embeddable":true,"href":"https:\/\/kapitalis.com\/tunisie\/wp-json\/wp\/v2\/tags?post=10057481"}],"curies":[{"name":"wp","href":"https:\/\/api.w.org\/{rel}","templated":true}]}}