{"id":10065432,"date":"2023-10-07T07:53:30","date_gmt":"2023-10-07T06:53:30","guid":{"rendered":"https:\/\/kapitalis.com\/tunisie\/?p=10065432"},"modified":"2023-10-07T07:53:31","modified_gmt":"2023-10-07T06:53:31","slug":"les-camaieux-et-haiku-de-hichem-ben-ammar","status":"publish","type":"post","link":"https:\/\/kapitalis.com\/tunisie\/2023\/10\/07\/les-camaieux-et-haiku-de-hichem-ben-ammar\/","title":{"rendered":"Les cama\u00efeux et ha\u00efku de Hichem Ben Ammar \u00a0"},"content":{"rendered":"\n<p><strong><em>On le conna\u00eet critique de cin\u00e9ma et r\u00e9alisateur, auteur de plusieurs films documentaires, mais Hichem Ben Ammar est un artiste polyvalent et aux divers talents\u00a0: il est aussi peintre et po\u00e8te \u00e0 ses heures. \u00a0\u00a0\u00a0<\/em><\/strong><\/p>\n\n\n\n<!--more-->\n\n\n\n<p>Librairie Fahrenheit 451, \u00e0 Carthage, va nous r\u00e9v\u00e9ler cette face secr\u00e8te de l\u2019artiste en pr\u00e9sentant du 14 octobre au 2 novembre 2023 une exposition de paysages cama\u00efeux, peintures o\u00f9 il n&#8217;emploie qu\u2019une couleur avec des tons diff\u00e9rents.<strong><\/strong><\/p>\n\n\n\n<p>Le vernissage de l\u2019exposition, pr\u00e9vu le 14 octobre \u00e0 partir de 17 heures sera aussi marqu\u00e9 par la pr\u00e9sentation du nouveau recueil de ha\u00efku, tr\u00e8s courts po\u00e8mes en trois vers, \u2018\u2018Bribes et d\u00e9bris de la m\u00e9moire\u2019\u2019 publi\u00e9 par Contraste Editions.<\/p>\n","protected":false},"excerpt":{"rendered":"<p>L&rsquo;autre Hichem Ben Ammar : peintre et po\u00e8te. <\/p>\n","protected":false},"author":8,"featured_media":10065613,"comment_status":"open","ping_status":"open","sticky":false,"template":"","format":"standard","meta":{"footnotes":""},"categories":[994,2433],"tags":[111393,1234,111394,15268,111392,62643],"class_list":["post-10065432","post","type-post","status-publish","format-standard","has-post-thumbnail","hentry","category-culture","category-tunisie","tag-camaieux","tag-carthage","tag-haiku","tag-hichem-ben-ammar","tag-librairie-fahrenheit-451","tag-tunisie"],"yoast_head":"<!-- This site is optimized with the Yoast SEO plugin v26.6 - https:\/\/yoast.com\/wordpress\/plugins\/seo\/ -->\n<title>Les cama\u00efeux et ha\u00efku de Hichem Ben Ammar \u00a0 - Kapitalis<\/title>\n<meta name=\"robots\" content=\"index, follow, max-snippet:-1, max-image-preview:large, max-video-preview:-1\" \/>\n<link rel=\"canonical\" href=\"https:\/\/kapitalis.com\/tunisie\/2023\/10\/07\/les-camaieux-et-haiku-de-hichem-ben-ammar\/\" \/>\n<meta property=\"og:locale\" content=\"fr_FR\" \/>\n<meta property=\"og:type\" content=\"article\" \/>\n<meta property=\"og:title\" content=\"Les cama\u00efeux et ha\u00efku de Hichem Ben Ammar \u00a0 - Kapitalis\" \/>\n<meta property=\"og:description\" content=\"L&#039;autre Hichem Ben Ammar : peintre et po\u00e8te.\" \/>\n<meta property=\"og:url\" content=\"https:\/\/kapitalis.com\/tunisie\/2023\/10\/07\/les-camaieux-et-haiku-de-hichem-ben-ammar\/\" \/>\n<meta property=\"og:site_name\" content=\"Kapitalis\" \/>\n<meta property=\"article:publisher\" content=\"https:\/\/www.facebook.com\/KapitalisInfo\/\" \/>\n<meta property=\"article:published_time\" content=\"2023-10-07T06:53:30+00:00\" \/>\n<meta property=\"article:modified_time\" content=\"2023-10-07T06:53:31+00:00\" \/>\n<meta property=\"og:image\" content=\"https:\/\/kapitalis.com\/tunisie\/wp-content\/uploads\/2023\/10\/Hichem-Ben-Ammar.jpg\" \/>\n\t<meta property=\"og:image:width\" content=\"1200\" \/>\n\t<meta property=\"og:image:height\" content=\"630\" \/>\n\t<meta property=\"og:image:type\" content=\"image\/jpeg\" \/>\n<meta name=\"author\" content=\"webmaster kapitalis\" \/>\n<meta name=\"twitter:card\" content=\"summary_large_image\" \/>\n<meta name=\"twitter:creator\" content=\"@KapitalisInfo\" \/>\n<meta name=\"twitter:site\" content=\"@KapitalisInfo\" \/>\n<meta name=\"twitter:label1\" content=\"\u00c9crit par\" \/>\n\t<meta name=\"twitter:data1\" content=\"webmaster kapitalis\" \/>\n\t<meta name=\"twitter:label2\" content=\"Dur\u00e9e de lecture estim\u00e9e\" \/>\n\t<meta name=\"twitter:data2\" content=\"1 minute\" \/>\n<script type=\"application\/ld+json\" class=\"yoast-schema-graph\">{\"@context\":\"https:\/\/schema.org\",\"@graph\":[{\"@type\":\"Article\",\"@id\":\"https:\/\/kapitalis.com\/tunisie\/2023\/10\/07\/les-camaieux-et-haiku-de-hichem-ben-ammar\/#article\",\"isPartOf\":{\"@id\":\"https:\/\/kapitalis.com\/tunisie\/2023\/10\/07\/les-camaieux-et-haiku-de-hichem-ben-ammar\/\"},\"author\":{\"name\":\"webmaster kapitalis\",\"@id\":\"https:\/\/kapitalis.com\/tunisie\/#\/schema\/person\/d71f33a9ca44f7bad4698210b480c8e9\"},\"headline\":\"Les cama\u00efeux et ha\u00efku de Hichem Ben Ammar \u00a0\",\"datePublished\":\"2023-10-07T06:53:30+00:00\",\"dateModified\":\"2023-10-07T06:53:31+00:00\",\"mainEntityOfPage\":{\"@id\":\"https:\/\/kapitalis.com\/tunisie\/2023\/10\/07\/les-camaieux-et-haiku-de-hichem-ben-ammar\/\"},\"wordCount\":132,\"commentCount\":0,\"publisher\":{\"@id\":\"https:\/\/kapitalis.com\/tunisie\/#organization\"},\"image\":{\"@id\":\"https:\/\/kapitalis.com\/tunisie\/2023\/10\/07\/les-camaieux-et-haiku-de-hichem-ben-ammar\/#primaryimage\"},\"thumbnailUrl\":\"https:\/\/kapitalis.com\/tunisie\/wp-content\/uploads\/2023\/10\/Hichem-Ben-Ammar.jpg\",\"keywords\":[\"cama\u00efeux\",\"Carthage\",\"ha\u00efku\",\"Hichem Ben Ammar\",\"Librairie Fahrenheit 451\",\"Tunisie\"],\"articleSection\":[\"CULTURE\",\"Tunisie\"],\"inLanguage\":\"fr-FR\",\"potentialAction\":[{\"@type\":\"CommentAction\",\"name\":\"Comment\",\"target\":[\"https:\/\/kapitalis.com\/tunisie\/2023\/10\/07\/les-camaieux-et-haiku-de-hichem-ben-ammar\/#respond\"]}]},{\"@type\":\"WebPage\",\"@id\":\"https:\/\/kapitalis.com\/tunisie\/2023\/10\/07\/les-camaieux-et-haiku-de-hichem-ben-ammar\/\",\"url\":\"https:\/\/kapitalis.com\/tunisie\/2023\/10\/07\/les-camaieux-et-haiku-de-hichem-ben-ammar\/\",\"name\":\"Les cama\u00efeux et ha\u00efku de Hichem Ben Ammar \u00a0 - Kapitalis\",\"isPartOf\":{\"@id\":\"https:\/\/kapitalis.com\/tunisie\/#website\"},\"primaryImageOfPage\":{\"@id\":\"https:\/\/kapitalis.com\/tunisie\/2023\/10\/07\/les-camaieux-et-haiku-de-hichem-ben-ammar\/#primaryimage\"},\"image\":{\"@id\":\"https:\/\/kapitalis.com\/tunisie\/2023\/10\/07\/les-camaieux-et-haiku-de-hichem-ben-ammar\/#primaryimage\"},\"thumbnailUrl\":\"https:\/\/kapitalis.com\/tunisie\/wp-content\/uploads\/2023\/10\/Hichem-Ben-Ammar.jpg\",\"datePublished\":\"2023-10-07T06:53:30+00:00\",\"dateModified\":\"2023-10-07T06:53:31+00:00\",\"breadcrumb\":{\"@id\":\"https:\/\/kapitalis.com\/tunisie\/2023\/10\/07\/les-camaieux-et-haiku-de-hichem-ben-ammar\/#breadcrumb\"},\"inLanguage\":\"fr-FR\",\"potentialAction\":[{\"@type\":\"ReadAction\",\"target\":[\"https:\/\/kapitalis.com\/tunisie\/2023\/10\/07\/les-camaieux-et-haiku-de-hichem-ben-ammar\/\"]}]},{\"@type\":\"ImageObject\",\"inLanguage\":\"fr-FR\",\"@id\":\"https:\/\/kapitalis.com\/tunisie\/2023\/10\/07\/les-camaieux-et-haiku-de-hichem-ben-ammar\/#primaryimage\",\"url\":\"https:\/\/kapitalis.com\/tunisie\/wp-content\/uploads\/2023\/10\/Hichem-Ben-Ammar.jpg\",\"contentUrl\":\"https:\/\/kapitalis.com\/tunisie\/wp-content\/uploads\/2023\/10\/Hichem-Ben-Ammar.jpg\",\"width\":1200,\"height\":630},{\"@type\":\"BreadcrumbList\",\"@id\":\"https:\/\/kapitalis.com\/tunisie\/2023\/10\/07\/les-camaieux-et-haiku-de-hichem-ben-ammar\/#breadcrumb\",\"itemListElement\":[{\"@type\":\"ListItem\",\"position\":1,\"name\":\"Accueil\",\"item\":\"https:\/\/kapitalis.com\/tunisie\/\"},{\"@type\":\"ListItem\",\"position\":2,\"name\":\"Les cama\u00efeux et ha\u00efku de Hichem Ben Ammar \u00a0\"}]},{\"@type\":\"WebSite\",\"@id\":\"https:\/\/kapitalis.com\/tunisie\/#website\",\"url\":\"https:\/\/kapitalis.com\/tunisie\/\",\"name\":\"Kapitalis\",\"description\":\"L&#039;actualit\u00e9 en Tunisie et dans le monde\",\"publisher\":{\"@id\":\"https:\/\/kapitalis.com\/tunisie\/#organization\"},\"potentialAction\":[{\"@type\":\"SearchAction\",\"target\":{\"@type\":\"EntryPoint\",\"urlTemplate\":\"https:\/\/kapitalis.com\/tunisie\/?s={search_term_string}\"},\"query-input\":{\"@type\":\"PropertyValueSpecification\",\"valueRequired\":true,\"valueName\":\"search_term_string\"}}],\"inLanguage\":\"fr-FR\"},{\"@type\":\"Organization\",\"@id\":\"https:\/\/kapitalis.com\/tunisie\/#organization\",\"name\":\"Kapitalis\",\"url\":\"https:\/\/kapitalis.com\/tunisie\/\",\"logo\":{\"@type\":\"ImageObject\",\"inLanguage\":\"fr-FR\",\"@id\":\"https:\/\/kapitalis.com\/tunisie\/#\/schema\/logo\/image\/\",\"url\":\"https:\/\/kapitalis.com\/tunisie\/wp-content\/uploads\/2022\/05\/Kapitalis-big-size.png\",\"contentUrl\":\"https:\/\/kapitalis.com\/tunisie\/wp-content\/uploads\/2022\/05\/Kapitalis-big-size.png\",\"width\":5000,\"height\":1500,\"caption\":\"Kapitalis\"},\"image\":{\"@id\":\"https:\/\/kapitalis.com\/tunisie\/#\/schema\/logo\/image\/\"},\"sameAs\":[\"https:\/\/www.facebook.com\/KapitalisInfo\/\",\"https:\/\/x.com\/KapitalisInfo\",\"https:\/\/www.youtube.com\/channel\/UC-yDYrHyfFBWWZaOw3FPg9Q\"]},{\"@type\":\"Person\",\"@id\":\"https:\/\/kapitalis.com\/tunisie\/#\/schema\/person\/d71f33a9ca44f7bad4698210b480c8e9\",\"name\":\"webmaster kapitalis\",\"url\":\"https:\/\/kapitalis.com\/tunisie\/author\/webmaster-kapitalis\/\"}]}<\/script>\n<!-- \/ Yoast SEO plugin. -->","yoast_head_json":{"title":"Les cama\u00efeux et ha\u00efku de Hichem Ben Ammar \u00a0 - Kapitalis","robots":{"index":"index","follow":"follow","max-snippet":"max-snippet:-1","max-image-preview":"max-image-preview:large","max-video-preview":"max-video-preview:-1"},"canonical":"https:\/\/kapitalis.com\/tunisie\/2023\/10\/07\/les-camaieux-et-haiku-de-hichem-ben-ammar\/","og_locale":"fr_FR","og_type":"article","og_title":"Les cama\u00efeux et ha\u00efku de Hichem Ben Ammar \u00a0 - Kapitalis","og_description":"L'autre Hichem Ben Ammar : peintre et po\u00e8te.","og_url":"https:\/\/kapitalis.com\/tunisie\/2023\/10\/07\/les-camaieux-et-haiku-de-hichem-ben-ammar\/","og_site_name":"Kapitalis","article_publisher":"https:\/\/www.facebook.com\/KapitalisInfo\/","article_published_time":"2023-10-07T06:53:30+00:00","article_modified_time":"2023-10-07T06:53:31+00:00","og_image":[{"width":1200,"height":630,"url":"https:\/\/kapitalis.com\/tunisie\/wp-content\/uploads\/2023\/10\/Hichem-Ben-Ammar.jpg","type":"image\/jpeg"}],"author":"webmaster kapitalis","twitter_card":"summary_large_image","twitter_creator":"@KapitalisInfo","twitter_site":"@KapitalisInfo","twitter_misc":{"\u00c9crit par":"webmaster kapitalis","Dur\u00e9e de lecture estim\u00e9e":"1 minute"},"schema":{"@context":"https:\/\/schema.org","@graph":[{"@type":"Article","@id":"https:\/\/kapitalis.com\/tunisie\/2023\/10\/07\/les-camaieux-et-haiku-de-hichem-ben-ammar\/#article","isPartOf":{"@id":"https:\/\/kapitalis.com\/tunisie\/2023\/10\/07\/les-camaieux-et-haiku-de-hichem-ben-ammar\/"},"author":{"name":"webmaster kapitalis","@id":"https:\/\/kapitalis.com\/tunisie\/#\/schema\/person\/d71f33a9ca44f7bad4698210b480c8e9"},"headline":"Les cama\u00efeux et ha\u00efku de Hichem Ben Ammar \u00a0","datePublished":"2023-10-07T06:53:30+00:00","dateModified":"2023-10-07T06:53:31+00:00","mainEntityOfPage":{"@id":"https:\/\/kapitalis.com\/tunisie\/2023\/10\/07\/les-camaieux-et-haiku-de-hichem-ben-ammar\/"},"wordCount":132,"commentCount":0,"publisher":{"@id":"https:\/\/kapitalis.com\/tunisie\/#organization"},"image":{"@id":"https:\/\/kapitalis.com\/tunisie\/2023\/10\/07\/les-camaieux-et-haiku-de-hichem-ben-ammar\/#primaryimage"},"thumbnailUrl":"https:\/\/kapitalis.com\/tunisie\/wp-content\/uploads\/2023\/10\/Hichem-Ben-Ammar.jpg","keywords":["cama\u00efeux","Carthage","ha\u00efku","Hichem Ben Ammar","Librairie Fahrenheit 451","Tunisie"],"articleSection":["CULTURE","Tunisie"],"inLanguage":"fr-FR","potentialAction":[{"@type":"CommentAction","name":"Comment","target":["https:\/\/kapitalis.com\/tunisie\/2023\/10\/07\/les-camaieux-et-haiku-de-hichem-ben-ammar\/#respond"]}]},{"@type":"WebPage","@id":"https:\/\/kapitalis.com\/tunisie\/2023\/10\/07\/les-camaieux-et-haiku-de-hichem-ben-ammar\/","url":"https:\/\/kapitalis.com\/tunisie\/2023\/10\/07\/les-camaieux-et-haiku-de-hichem-ben-ammar\/","name":"Les cama\u00efeux et ha\u00efku de Hichem Ben Ammar \u00a0 - Kapitalis","isPartOf":{"@id":"https:\/\/kapitalis.com\/tunisie\/#website"},"primaryImageOfPage":{"@id":"https:\/\/kapitalis.com\/tunisie\/2023\/10\/07\/les-camaieux-et-haiku-de-hichem-ben-ammar\/#primaryimage"},"image":{"@id":"https:\/\/kapitalis.com\/tunisie\/2023\/10\/07\/les-camaieux-et-haiku-de-hichem-ben-ammar\/#primaryimage"},"thumbnailUrl":"https:\/\/kapitalis.com\/tunisie\/wp-content\/uploads\/2023\/10\/Hichem-Ben-Ammar.jpg","datePublished":"2023-10-07T06:53:30+00:00","dateModified":"2023-10-07T06:53:31+00:00","breadcrumb":{"@id":"https:\/\/kapitalis.com\/tunisie\/2023\/10\/07\/les-camaieux-et-haiku-de-hichem-ben-ammar\/#breadcrumb"},"inLanguage":"fr-FR","potentialAction":[{"@type":"ReadAction","target":["https:\/\/kapitalis.com\/tunisie\/2023\/10\/07\/les-camaieux-et-haiku-de-hichem-ben-ammar\/"]}]},{"@type":"ImageObject","inLanguage":"fr-FR","@id":"https:\/\/kapitalis.com\/tunisie\/2023\/10\/07\/les-camaieux-et-haiku-de-hichem-ben-ammar\/#primaryimage","url":"https:\/\/kapitalis.com\/tunisie\/wp-content\/uploads\/2023\/10\/Hichem-Ben-Ammar.jpg","contentUrl":"https:\/\/kapitalis.com\/tunisie\/wp-content\/uploads\/2023\/10\/Hichem-Ben-Ammar.jpg","width":1200,"height":630},{"@type":"BreadcrumbList","@id":"https:\/\/kapitalis.com\/tunisie\/2023\/10\/07\/les-camaieux-et-haiku-de-hichem-ben-ammar\/#breadcrumb","itemListElement":[{"@type":"ListItem","position":1,"name":"Accueil","item":"https:\/\/kapitalis.com\/tunisie\/"},{"@type":"ListItem","position":2,"name":"Les cama\u00efeux et ha\u00efku de Hichem Ben Ammar \u00a0"}]},{"@type":"WebSite","@id":"https:\/\/kapitalis.com\/tunisie\/#website","url":"https:\/\/kapitalis.com\/tunisie\/","name":"Kapitalis","description":"L&#039;actualit\u00e9 en Tunisie et dans le monde","publisher":{"@id":"https:\/\/kapitalis.com\/tunisie\/#organization"},"potentialAction":[{"@type":"SearchAction","target":{"@type":"EntryPoint","urlTemplate":"https:\/\/kapitalis.com\/tunisie\/?s={search_term_string}"},"query-input":{"@type":"PropertyValueSpecification","valueRequired":true,"valueName":"search_term_string"}}],"inLanguage":"fr-FR"},{"@type":"Organization","@id":"https:\/\/kapitalis.com\/tunisie\/#organization","name":"Kapitalis","url":"https:\/\/kapitalis.com\/tunisie\/","logo":{"@type":"ImageObject","inLanguage":"fr-FR","@id":"https:\/\/kapitalis.com\/tunisie\/#\/schema\/logo\/image\/","url":"https:\/\/kapitalis.com\/tunisie\/wp-content\/uploads\/2022\/05\/Kapitalis-big-size.png","contentUrl":"https:\/\/kapitalis.com\/tunisie\/wp-content\/uploads\/2022\/05\/Kapitalis-big-size.png","width":5000,"height":1500,"caption":"Kapitalis"},"image":{"@id":"https:\/\/kapitalis.com\/tunisie\/#\/schema\/logo\/image\/"},"sameAs":["https:\/\/www.facebook.com\/KapitalisInfo\/","https:\/\/x.com\/KapitalisInfo","https:\/\/www.youtube.com\/channel\/UC-yDYrHyfFBWWZaOw3FPg9Q"]},{"@type":"Person","@id":"https:\/\/kapitalis.com\/tunisie\/#\/schema\/person\/d71f33a9ca44f7bad4698210b480c8e9","name":"webmaster kapitalis","url":"https:\/\/kapitalis.com\/tunisie\/author\/webmaster-kapitalis\/"}]}},"_links":{"self":[{"href":"https:\/\/kapitalis.com\/tunisie\/wp-json\/wp\/v2\/posts\/10065432","targetHints":{"allow":["GET"]}}],"collection":[{"href":"https:\/\/kapitalis.com\/tunisie\/wp-json\/wp\/v2\/posts"}],"about":[{"href":"https:\/\/kapitalis.com\/tunisie\/wp-json\/wp\/v2\/types\/post"}],"author":[{"embeddable":true,"href":"https:\/\/kapitalis.com\/tunisie\/wp-json\/wp\/v2\/users\/8"}],"replies":[{"embeddable":true,"href":"https:\/\/kapitalis.com\/tunisie\/wp-json\/wp\/v2\/comments?post=10065432"}],"version-history":[{"count":1,"href":"https:\/\/kapitalis.com\/tunisie\/wp-json\/wp\/v2\/posts\/10065432\/revisions"}],"predecessor-version":[{"id":10065620,"href":"https:\/\/kapitalis.com\/tunisie\/wp-json\/wp\/v2\/posts\/10065432\/revisions\/10065620"}],"wp:featuredmedia":[{"embeddable":true,"href":"https:\/\/kapitalis.com\/tunisie\/wp-json\/wp\/v2\/media\/10065613"}],"wp:attachment":[{"href":"https:\/\/kapitalis.com\/tunisie\/wp-json\/wp\/v2\/media?parent=10065432"}],"wp:term":[{"taxonomy":"category","embeddable":true,"href":"https:\/\/kapitalis.com\/tunisie\/wp-json\/wp\/v2\/categories?post=10065432"},{"taxonomy":"post_tag","embeddable":true,"href":"https:\/\/kapitalis.com\/tunisie\/wp-json\/wp\/v2\/tags?post=10065432"}],"curies":[{"name":"wp","href":"https:\/\/api.w.org\/{rel}","templated":true}]}}