{"id":10068069,"date":"2023-10-07T12:50:18","date_gmt":"2023-10-07T11:50:18","guid":{"rendered":"https:\/\/kapitalis.com\/tunisie\/?p=10068069"},"modified":"2023-10-07T12:50:20","modified_gmt":"2023-10-07T11:50:20","slug":"la-balance-commerciale-du-textile-habillement-tunisien-augmente-de-162-points-8-mois-2023","status":"publish","type":"post","link":"https:\/\/kapitalis.com\/tunisie\/2023\/10\/07\/la-balance-commerciale-du-textile-habillement-tunisien-augmente-de-162-points-8-mois-2023\/","title":{"rendered":"La balance commerciale du textile\/habillement tunisien augmente de 16,2 points (8 mois 2023)"},"content":{"rendered":"\n<p><strong><em>La balance commerciale du secteur textile\/habillement tunisien a augment\u00e9 de 16,2 points au cours des 8 premiers mois de 2023 par rapport \u00e0 la m\u00eame p\u00e9riode de 2022, passant de 116,6% \u00e0 132,8%, selon une analyse publi\u00e9e jeudi 5 octobre 2023 par le Centre technique du textile (Cettex).<\/em><\/strong><\/p>\n\n\n\n<!--more-->\n\n\n\n<p>Les exportations du secteur ont augment\u00e9 de 10% \u00e0 6 466,19 millions de dinars (MDT) ou 1939,45 M\u20ac (+7,76%). En volume, elles ont baiss\u00e9 de 4,54% \u00e0 109760,44 tonnes.<\/p>\n\n\n\n<p>Les importations ont \u00e9galement baiss\u00e9 de 3,45% \u00e0 4 868,66 MDT. En euros, elles ont diminu\u00e9 de 5,41% \u00e0 1 460,20 M\u20ac.<\/p>\n\n\n\n<p>Les exportations du secteur de l\u2019habillement ont progress\u00e9 de 11,54% \u00e0 5 504,12 MDT. Celles de textile ont progress\u00e9 de 1,95% en valeur (DT) et chut\u00e9 de 6,41% en volume.<\/p>\n\n\n\n<p>Le groupe \u2018tissus et enduits &amp; moquettes\u2019a enregistr\u00e9 des baisses respectives de 25,04% et 77,16% en valeur (DT).<\/p>\n\n\n\n<p>En valeur, les exportations de textile vers la France ont baiss\u00e9 de 0,77% mais elles ont augment\u00e9 vers l\u2019Italie (+12,38%) et la Slovaquie (+175,22%).<\/p>\n\n\n\n<p>Les importations de textiles\/habillement sous r\u00e9gime suspensif ont baiss\u00e9 de 25,54% en dinar tunisien et de 50,72% en volume.<\/p>\n\n\n\n<p>Les importations en provenance du principal fournisseur italien ont \u00e9galement affich\u00e9 une tendance \u00e0 la baisse (-5,40% en DT). La Chine, deuxi\u00e8me fournisseur, a enregistr\u00e9 une hausse de 69,28% en DT.<\/p>\n\n\n\n<p>De m\u00eame pour les importations de fils qui ont recul\u00e9 de 12,81% en DT. Les ventes en provenance de l\u2019Italie, premier fournisseur, ont progress\u00e9 de 7,77% en valeur (DT) contre une baisse de 15,13% en volume.<\/p>\n\n\n\n<p>La Turquie, deuxi\u00e8me fournisseur de la Tunisie, a vu ses exportations chuter de 33,79% en valeur.<\/p>\n\n\n\n<p>Les donn\u00e9es &#8211; bas\u00e9es sur l\u2019analyse des importations de textiles\/habillement pour le march\u00e9 local en dehors du r\u00e9gime suspensif \u2013 montrent une baisse de 37,32% des importations de fibres.<\/p>\n\n\n\n<p>La Turquie a retrouv\u00e9 sa place de premier fournisseur avec une hausse significative de 292% en valeur et de 230% en volume. Le Bangladesh, deuxi\u00e8me fournisseur, a enregistr\u00e9 une baisse en valeur de 71,6%.<\/p>\n\n\n\n<p>Les importations de v\u00eatements ont l\u00e9g\u00e8rement recul\u00e9 de 14,56% en valeur (DT). Pr\u00e8s de 26% de ces importations provenaient de Turquie. Les importations de fils et de tissus ont recul\u00e9 respectivement de 6,46% et 10,37% en valeur (DT) au cours des 8 premiers mois de 2023.<\/p>\n","protected":false},"excerpt":{"rendered":"<p>La balance commerciale du secteur textile\/habillement tunisien a augment\u00e9 de 16,2 points au cours des 8 premiers mois de 2023. <\/p>\n","protected":false},"author":8,"featured_media":939093,"comment_status":"open","ping_status":"open","sticky":false,"template":"","format":"standard","meta":{"footnotes":""},"categories":[995,2433],"tags":[365,395,469,505,111398,62643],"class_list":["post-10068069","post","type-post","status-publish","format-standard","has-post-thumbnail","hentry","category-economie","category-tunisie","tag-exportations","tag-france","tag-importations","tag-italie","tag-textile-habillement-2","tag-tunisie"],"yoast_head":"<!-- This site is optimized with the Yoast SEO plugin v26.6 - https:\/\/yoast.com\/wordpress\/plugins\/seo\/ -->\n<title>La balance commerciale du textile\/habillement tunisien augmente de 16,2 points (8 mois 2023) - Kapitalis<\/title>\n<meta name=\"robots\" content=\"index, follow, max-snippet:-1, max-image-preview:large, max-video-preview:-1\" \/>\n<link rel=\"canonical\" href=\"https:\/\/kapitalis.com\/tunisie\/2023\/10\/07\/la-balance-commerciale-du-textile-habillement-tunisien-augmente-de-162-points-8-mois-2023\/\" \/>\n<meta property=\"og:locale\" content=\"fr_FR\" \/>\n<meta property=\"og:type\" content=\"article\" \/>\n<meta property=\"og:title\" content=\"La balance commerciale du textile\/habillement tunisien augmente de 16,2 points (8 mois 2023) - Kapitalis\" \/>\n<meta property=\"og:description\" content=\"La balance commerciale du secteur textile\/habillement tunisien a augment\u00e9 de 16,2 points au cours des 8 premiers mois de 2023.\" \/>\n<meta property=\"og:url\" content=\"https:\/\/kapitalis.com\/tunisie\/2023\/10\/07\/la-balance-commerciale-du-textile-habillement-tunisien-augmente-de-162-points-8-mois-2023\/\" \/>\n<meta property=\"og:site_name\" content=\"Kapitalis\" \/>\n<meta property=\"article:publisher\" content=\"https:\/\/www.facebook.com\/KapitalisInfo\/\" \/>\n<meta property=\"article:published_time\" content=\"2023-10-07T11:50:18+00:00\" \/>\n<meta property=\"article:modified_time\" content=\"2023-10-07T11:50:20+00:00\" \/>\n<meta property=\"og:image\" content=\"https:\/\/kapitalis.com\/tunisie\/wp-content\/uploads\/2022\/05\/Textile-habillement.jpg\" \/>\n\t<meta property=\"og:image:width\" content=\"1200\" \/>\n\t<meta property=\"og:image:height\" content=\"630\" \/>\n\t<meta property=\"og:image:type\" content=\"image\/jpeg\" \/>\n<meta name=\"author\" content=\"webmaster kapitalis\" \/>\n<meta name=\"twitter:card\" content=\"summary_large_image\" \/>\n<meta name=\"twitter:creator\" content=\"@KapitalisInfo\" \/>\n<meta name=\"twitter:site\" content=\"@KapitalisInfo\" \/>\n<meta name=\"twitter:label1\" content=\"\u00c9crit par\" \/>\n\t<meta name=\"twitter:data1\" content=\"webmaster kapitalis\" \/>\n\t<meta name=\"twitter:label2\" content=\"Dur\u00e9e de lecture estim\u00e9e\" \/>\n\t<meta name=\"twitter:data2\" content=\"2 minutes\" \/>\n<script type=\"application\/ld+json\" class=\"yoast-schema-graph\">{\"@context\":\"https:\/\/schema.org\",\"@graph\":[{\"@type\":\"Article\",\"@id\":\"https:\/\/kapitalis.com\/tunisie\/2023\/10\/07\/la-balance-commerciale-du-textile-habillement-tunisien-augmente-de-162-points-8-mois-2023\/#article\",\"isPartOf\":{\"@id\":\"https:\/\/kapitalis.com\/tunisie\/2023\/10\/07\/la-balance-commerciale-du-textile-habillement-tunisien-augmente-de-162-points-8-mois-2023\/\"},\"author\":{\"name\":\"webmaster kapitalis\",\"@id\":\"https:\/\/kapitalis.com\/tunisie\/#\/schema\/person\/d71f33a9ca44f7bad4698210b480c8e9\"},\"headline\":\"La balance commerciale du textile\/habillement tunisien augmente de 16,2 points (8 mois 2023)\",\"datePublished\":\"2023-10-07T11:50:18+00:00\",\"dateModified\":\"2023-10-07T11:50:20+00:00\",\"mainEntityOfPage\":{\"@id\":\"https:\/\/kapitalis.com\/tunisie\/2023\/10\/07\/la-balance-commerciale-du-textile-habillement-tunisien-augmente-de-162-points-8-mois-2023\/\"},\"wordCount\":359,\"commentCount\":0,\"publisher\":{\"@id\":\"https:\/\/kapitalis.com\/tunisie\/#organization\"},\"image\":{\"@id\":\"https:\/\/kapitalis.com\/tunisie\/2023\/10\/07\/la-balance-commerciale-du-textile-habillement-tunisien-augmente-de-162-points-8-mois-2023\/#primaryimage\"},\"thumbnailUrl\":\"https:\/\/kapitalis.com\/tunisie\/wp-content\/uploads\/2022\/05\/Textile-habillement.jpg\",\"keywords\":[\"exportations\",\"France\",\"importations\",\"Italie\",\"textile\/habillement\",\"Tunisie\"],\"articleSection\":[\"ECONOMIE\",\"Tunisie\"],\"inLanguage\":\"fr-FR\",\"potentialAction\":[{\"@type\":\"CommentAction\",\"name\":\"Comment\",\"target\":[\"https:\/\/kapitalis.com\/tunisie\/2023\/10\/07\/la-balance-commerciale-du-textile-habillement-tunisien-augmente-de-162-points-8-mois-2023\/#respond\"]}]},{\"@type\":\"WebPage\",\"@id\":\"https:\/\/kapitalis.com\/tunisie\/2023\/10\/07\/la-balance-commerciale-du-textile-habillement-tunisien-augmente-de-162-points-8-mois-2023\/\",\"url\":\"https:\/\/kapitalis.com\/tunisie\/2023\/10\/07\/la-balance-commerciale-du-textile-habillement-tunisien-augmente-de-162-points-8-mois-2023\/\",\"name\":\"La balance commerciale du textile\/habillement tunisien augmente de 16,2 points (8 mois 2023) - Kapitalis\",\"isPartOf\":{\"@id\":\"https:\/\/kapitalis.com\/tunisie\/#website\"},\"primaryImageOfPage\":{\"@id\":\"https:\/\/kapitalis.com\/tunisie\/2023\/10\/07\/la-balance-commerciale-du-textile-habillement-tunisien-augmente-de-162-points-8-mois-2023\/#primaryimage\"},\"image\":{\"@id\":\"https:\/\/kapitalis.com\/tunisie\/2023\/10\/07\/la-balance-commerciale-du-textile-habillement-tunisien-augmente-de-162-points-8-mois-2023\/#primaryimage\"},\"thumbnailUrl\":\"https:\/\/kapitalis.com\/tunisie\/wp-content\/uploads\/2022\/05\/Textile-habillement.jpg\",\"datePublished\":\"2023-10-07T11:50:18+00:00\",\"dateModified\":\"2023-10-07T11:50:20+00:00\",\"breadcrumb\":{\"@id\":\"https:\/\/kapitalis.com\/tunisie\/2023\/10\/07\/la-balance-commerciale-du-textile-habillement-tunisien-augmente-de-162-points-8-mois-2023\/#breadcrumb\"},\"inLanguage\":\"fr-FR\",\"potentialAction\":[{\"@type\":\"ReadAction\",\"target\":[\"https:\/\/kapitalis.com\/tunisie\/2023\/10\/07\/la-balance-commerciale-du-textile-habillement-tunisien-augmente-de-162-points-8-mois-2023\/\"]}]},{\"@type\":\"ImageObject\",\"inLanguage\":\"fr-FR\",\"@id\":\"https:\/\/kapitalis.com\/tunisie\/2023\/10\/07\/la-balance-commerciale-du-textile-habillement-tunisien-augmente-de-162-points-8-mois-2023\/#primaryimage\",\"url\":\"https:\/\/kapitalis.com\/tunisie\/wp-content\/uploads\/2022\/05\/Textile-habillement.jpg\",\"contentUrl\":\"https:\/\/kapitalis.com\/tunisie\/wp-content\/uploads\/2022\/05\/Textile-habillement.jpg\",\"width\":1200,\"height\":630},{\"@type\":\"BreadcrumbList\",\"@id\":\"https:\/\/kapitalis.com\/tunisie\/2023\/10\/07\/la-balance-commerciale-du-textile-habillement-tunisien-augmente-de-162-points-8-mois-2023\/#breadcrumb\",\"itemListElement\":[{\"@type\":\"ListItem\",\"position\":1,\"name\":\"Accueil\",\"item\":\"https:\/\/kapitalis.com\/tunisie\/\"},{\"@type\":\"ListItem\",\"position\":2,\"name\":\"La balance commerciale du textile\/habillement tunisien augmente de 16,2 points (8 mois 2023)\"}]},{\"@type\":\"WebSite\",\"@id\":\"https:\/\/kapitalis.com\/tunisie\/#website\",\"url\":\"https:\/\/kapitalis.com\/tunisie\/\",\"name\":\"Kapitalis\",\"description\":\"L&#039;actualit\u00e9 en Tunisie et dans le monde\",\"publisher\":{\"@id\":\"https:\/\/kapitalis.com\/tunisie\/#organization\"},\"potentialAction\":[{\"@type\":\"SearchAction\",\"target\":{\"@type\":\"EntryPoint\",\"urlTemplate\":\"https:\/\/kapitalis.com\/tunisie\/?s={search_term_string}\"},\"query-input\":{\"@type\":\"PropertyValueSpecification\",\"valueRequired\":true,\"valueName\":\"search_term_string\"}}],\"inLanguage\":\"fr-FR\"},{\"@type\":\"Organization\",\"@id\":\"https:\/\/kapitalis.com\/tunisie\/#organization\",\"name\":\"Kapitalis\",\"url\":\"https:\/\/kapitalis.com\/tunisie\/\",\"logo\":{\"@type\":\"ImageObject\",\"inLanguage\":\"fr-FR\",\"@id\":\"https:\/\/kapitalis.com\/tunisie\/#\/schema\/logo\/image\/\",\"url\":\"https:\/\/kapitalis.com\/tunisie\/wp-content\/uploads\/2022\/05\/Kapitalis-big-size.png\",\"contentUrl\":\"https:\/\/kapitalis.com\/tunisie\/wp-content\/uploads\/2022\/05\/Kapitalis-big-size.png\",\"width\":5000,\"height\":1500,\"caption\":\"Kapitalis\"},\"image\":{\"@id\":\"https:\/\/kapitalis.com\/tunisie\/#\/schema\/logo\/image\/\"},\"sameAs\":[\"https:\/\/www.facebook.com\/KapitalisInfo\/\",\"https:\/\/x.com\/KapitalisInfo\",\"https:\/\/www.youtube.com\/channel\/UC-yDYrHyfFBWWZaOw3FPg9Q\"]},{\"@type\":\"Person\",\"@id\":\"https:\/\/kapitalis.com\/tunisie\/#\/schema\/person\/d71f33a9ca44f7bad4698210b480c8e9\",\"name\":\"webmaster kapitalis\",\"url\":\"https:\/\/kapitalis.com\/tunisie\/author\/webmaster-kapitalis\/\"}]}<\/script>\n<!-- \/ Yoast SEO plugin. -->","yoast_head_json":{"title":"La balance commerciale du textile\/habillement tunisien augmente de 16,2 points (8 mois 2023) - Kapitalis","robots":{"index":"index","follow":"follow","max-snippet":"max-snippet:-1","max-image-preview":"max-image-preview:large","max-video-preview":"max-video-preview:-1"},"canonical":"https:\/\/kapitalis.com\/tunisie\/2023\/10\/07\/la-balance-commerciale-du-textile-habillement-tunisien-augmente-de-162-points-8-mois-2023\/","og_locale":"fr_FR","og_type":"article","og_title":"La balance commerciale du textile\/habillement tunisien augmente de 16,2 points (8 mois 2023) - Kapitalis","og_description":"La balance commerciale du secteur textile\/habillement tunisien a augment\u00e9 de 16,2 points au cours des 8 premiers mois de 2023.","og_url":"https:\/\/kapitalis.com\/tunisie\/2023\/10\/07\/la-balance-commerciale-du-textile-habillement-tunisien-augmente-de-162-points-8-mois-2023\/","og_site_name":"Kapitalis","article_publisher":"https:\/\/www.facebook.com\/KapitalisInfo\/","article_published_time":"2023-10-07T11:50:18+00:00","article_modified_time":"2023-10-07T11:50:20+00:00","og_image":[{"width":1200,"height":630,"url":"https:\/\/kapitalis.com\/tunisie\/wp-content\/uploads\/2022\/05\/Textile-habillement.jpg","type":"image\/jpeg"}],"author":"webmaster kapitalis","twitter_card":"summary_large_image","twitter_creator":"@KapitalisInfo","twitter_site":"@KapitalisInfo","twitter_misc":{"\u00c9crit par":"webmaster kapitalis","Dur\u00e9e de lecture estim\u00e9e":"2 minutes"},"schema":{"@context":"https:\/\/schema.org","@graph":[{"@type":"Article","@id":"https:\/\/kapitalis.com\/tunisie\/2023\/10\/07\/la-balance-commerciale-du-textile-habillement-tunisien-augmente-de-162-points-8-mois-2023\/#article","isPartOf":{"@id":"https:\/\/kapitalis.com\/tunisie\/2023\/10\/07\/la-balance-commerciale-du-textile-habillement-tunisien-augmente-de-162-points-8-mois-2023\/"},"author":{"name":"webmaster kapitalis","@id":"https:\/\/kapitalis.com\/tunisie\/#\/schema\/person\/d71f33a9ca44f7bad4698210b480c8e9"},"headline":"La balance commerciale du textile\/habillement tunisien augmente de 16,2 points (8 mois 2023)","datePublished":"2023-10-07T11:50:18+00:00","dateModified":"2023-10-07T11:50:20+00:00","mainEntityOfPage":{"@id":"https:\/\/kapitalis.com\/tunisie\/2023\/10\/07\/la-balance-commerciale-du-textile-habillement-tunisien-augmente-de-162-points-8-mois-2023\/"},"wordCount":359,"commentCount":0,"publisher":{"@id":"https:\/\/kapitalis.com\/tunisie\/#organization"},"image":{"@id":"https:\/\/kapitalis.com\/tunisie\/2023\/10\/07\/la-balance-commerciale-du-textile-habillement-tunisien-augmente-de-162-points-8-mois-2023\/#primaryimage"},"thumbnailUrl":"https:\/\/kapitalis.com\/tunisie\/wp-content\/uploads\/2022\/05\/Textile-habillement.jpg","keywords":["exportations","France","importations","Italie","textile\/habillement","Tunisie"],"articleSection":["ECONOMIE","Tunisie"],"inLanguage":"fr-FR","potentialAction":[{"@type":"CommentAction","name":"Comment","target":["https:\/\/kapitalis.com\/tunisie\/2023\/10\/07\/la-balance-commerciale-du-textile-habillement-tunisien-augmente-de-162-points-8-mois-2023\/#respond"]}]},{"@type":"WebPage","@id":"https:\/\/kapitalis.com\/tunisie\/2023\/10\/07\/la-balance-commerciale-du-textile-habillement-tunisien-augmente-de-162-points-8-mois-2023\/","url":"https:\/\/kapitalis.com\/tunisie\/2023\/10\/07\/la-balance-commerciale-du-textile-habillement-tunisien-augmente-de-162-points-8-mois-2023\/","name":"La balance commerciale du textile\/habillement tunisien augmente de 16,2 points (8 mois 2023) - Kapitalis","isPartOf":{"@id":"https:\/\/kapitalis.com\/tunisie\/#website"},"primaryImageOfPage":{"@id":"https:\/\/kapitalis.com\/tunisie\/2023\/10\/07\/la-balance-commerciale-du-textile-habillement-tunisien-augmente-de-162-points-8-mois-2023\/#primaryimage"},"image":{"@id":"https:\/\/kapitalis.com\/tunisie\/2023\/10\/07\/la-balance-commerciale-du-textile-habillement-tunisien-augmente-de-162-points-8-mois-2023\/#primaryimage"},"thumbnailUrl":"https:\/\/kapitalis.com\/tunisie\/wp-content\/uploads\/2022\/05\/Textile-habillement.jpg","datePublished":"2023-10-07T11:50:18+00:00","dateModified":"2023-10-07T11:50:20+00:00","breadcrumb":{"@id":"https:\/\/kapitalis.com\/tunisie\/2023\/10\/07\/la-balance-commerciale-du-textile-habillement-tunisien-augmente-de-162-points-8-mois-2023\/#breadcrumb"},"inLanguage":"fr-FR","potentialAction":[{"@type":"ReadAction","target":["https:\/\/kapitalis.com\/tunisie\/2023\/10\/07\/la-balance-commerciale-du-textile-habillement-tunisien-augmente-de-162-points-8-mois-2023\/"]}]},{"@type":"ImageObject","inLanguage":"fr-FR","@id":"https:\/\/kapitalis.com\/tunisie\/2023\/10\/07\/la-balance-commerciale-du-textile-habillement-tunisien-augmente-de-162-points-8-mois-2023\/#primaryimage","url":"https:\/\/kapitalis.com\/tunisie\/wp-content\/uploads\/2022\/05\/Textile-habillement.jpg","contentUrl":"https:\/\/kapitalis.com\/tunisie\/wp-content\/uploads\/2022\/05\/Textile-habillement.jpg","width":1200,"height":630},{"@type":"BreadcrumbList","@id":"https:\/\/kapitalis.com\/tunisie\/2023\/10\/07\/la-balance-commerciale-du-textile-habillement-tunisien-augmente-de-162-points-8-mois-2023\/#breadcrumb","itemListElement":[{"@type":"ListItem","position":1,"name":"Accueil","item":"https:\/\/kapitalis.com\/tunisie\/"},{"@type":"ListItem","position":2,"name":"La balance commerciale du textile\/habillement tunisien augmente de 16,2 points (8 mois 2023)"}]},{"@type":"WebSite","@id":"https:\/\/kapitalis.com\/tunisie\/#website","url":"https:\/\/kapitalis.com\/tunisie\/","name":"Kapitalis","description":"L&#039;actualit\u00e9 en Tunisie et dans le monde","publisher":{"@id":"https:\/\/kapitalis.com\/tunisie\/#organization"},"potentialAction":[{"@type":"SearchAction","target":{"@type":"EntryPoint","urlTemplate":"https:\/\/kapitalis.com\/tunisie\/?s={search_term_string}"},"query-input":{"@type":"PropertyValueSpecification","valueRequired":true,"valueName":"search_term_string"}}],"inLanguage":"fr-FR"},{"@type":"Organization","@id":"https:\/\/kapitalis.com\/tunisie\/#organization","name":"Kapitalis","url":"https:\/\/kapitalis.com\/tunisie\/","logo":{"@type":"ImageObject","inLanguage":"fr-FR","@id":"https:\/\/kapitalis.com\/tunisie\/#\/schema\/logo\/image\/","url":"https:\/\/kapitalis.com\/tunisie\/wp-content\/uploads\/2022\/05\/Kapitalis-big-size.png","contentUrl":"https:\/\/kapitalis.com\/tunisie\/wp-content\/uploads\/2022\/05\/Kapitalis-big-size.png","width":5000,"height":1500,"caption":"Kapitalis"},"image":{"@id":"https:\/\/kapitalis.com\/tunisie\/#\/schema\/logo\/image\/"},"sameAs":["https:\/\/www.facebook.com\/KapitalisInfo\/","https:\/\/x.com\/KapitalisInfo","https:\/\/www.youtube.com\/channel\/UC-yDYrHyfFBWWZaOw3FPg9Q"]},{"@type":"Person","@id":"https:\/\/kapitalis.com\/tunisie\/#\/schema\/person\/d71f33a9ca44f7bad4698210b480c8e9","name":"webmaster kapitalis","url":"https:\/\/kapitalis.com\/tunisie\/author\/webmaster-kapitalis\/"}]}},"_links":{"self":[{"href":"https:\/\/kapitalis.com\/tunisie\/wp-json\/wp\/v2\/posts\/10068069","targetHints":{"allow":["GET"]}}],"collection":[{"href":"https:\/\/kapitalis.com\/tunisie\/wp-json\/wp\/v2\/posts"}],"about":[{"href":"https:\/\/kapitalis.com\/tunisie\/wp-json\/wp\/v2\/types\/post"}],"author":[{"embeddable":true,"href":"https:\/\/kapitalis.com\/tunisie\/wp-json\/wp\/v2\/users\/8"}],"replies":[{"embeddable":true,"href":"https:\/\/kapitalis.com\/tunisie\/wp-json\/wp\/v2\/comments?post=10068069"}],"version-history":[{"count":1,"href":"https:\/\/kapitalis.com\/tunisie\/wp-json\/wp\/v2\/posts\/10068069\/revisions"}],"predecessor-version":[{"id":10068086,"href":"https:\/\/kapitalis.com\/tunisie\/wp-json\/wp\/v2\/posts\/10068069\/revisions\/10068086"}],"wp:featuredmedia":[{"embeddable":true,"href":"https:\/\/kapitalis.com\/tunisie\/wp-json\/wp\/v2\/media\/939093"}],"wp:attachment":[{"href":"https:\/\/kapitalis.com\/tunisie\/wp-json\/wp\/v2\/media?parent=10068069"}],"wp:term":[{"taxonomy":"category","embeddable":true,"href":"https:\/\/kapitalis.com\/tunisie\/wp-json\/wp\/v2\/categories?post=10068069"},{"taxonomy":"post_tag","embeddable":true,"href":"https:\/\/kapitalis.com\/tunisie\/wp-json\/wp\/v2\/tags?post=10068069"}],"curies":[{"name":"wp","href":"https:\/\/api.w.org\/{rel}","templated":true}]}}