{"id":10068373,"date":"2023-10-07T13:45:19","date_gmt":"2023-10-07T12:45:19","guid":{"rendered":"https:\/\/kapitalis.com\/tunisie\/?p=10068373"},"modified":"2023-10-07T13:45:20","modified_gmt":"2023-10-07T12:45:20","slug":"la-route-culinaire-de-tunisie-presentee-au-salon-iftm-topresa-de-paris","status":"publish","type":"post","link":"https:\/\/kapitalis.com\/tunisie\/2023\/10\/07\/la-route-culinaire-de-tunisie-presentee-au-salon-iftm-topresa-de-paris\/","title":{"rendered":"La Route Culinaire de Tunisie pr\u00e9sent\u00e9e au salon IFTM TopR\u00e9sa de Paris \u00a0"},"content":{"rendered":"\n<p><strong><em>Les visiteurs qui se rendent en Tunisie tout au long de l\u2019ann\u00e9e peuvent d\u00e9sormais apprendre \u00e0 pr\u00e9parer l\u2019harissa au Cap Bon, p\u00eacher le poulpe selon les techniques ancestrales aux \u00eeles Kerkennah, cueillir des dattes \u00e0 la cime des palmiers dans la r\u00e9gion de Tozeur, \u00e9laborer leur huile et cosm\u00e9tiques naturels dans des huileries souterraines \u00e0 Djerba et dans le Dahar&#8230;<\/em><\/strong><\/p>\n\n\n\n<!--more-->\n\n\n\n<p>Nombreux ont \u00e9t\u00e9 les tours op\u00e9rateurs et journalistes qui se sont rendus sur le stand de la Tunisie lors de l\u2019\u00e9dition 2023 de l\u2019IFTM Top Resa, afin de d\u00e9couvrir les offres cr\u00e9\u00e9es dans le cadre de la <a href=\"https:\/\/larouteculinairedetunisie.info\/\">Route culinaire de Tunisie<\/a>.<\/p>\n\n\n\n<p>Ils ont ainsi accueilli avec enthousiasme<a href=\"https:\/\/larouteculinairedetunisie.info\/\"> la plateforme\u00a0 <\/a>d\u2019exp\u00e9riences inaugur\u00e9e \u00e0 l\u2019occasion de la Journ\u00e9e Mondiale du tourisme le 27 septembre dernier, gr\u00e2ce \u00e0 laquelle, ils vont pouvoir inclure la Tunisie parmi leurs destinations phare en termes de tourisme culinaire, exp\u00e9rientiel et durable.\u00a0 <sup>\u00a0<\/sup><\/p>\n\n\n\n<p>Une centaine d\u2019exp\u00e9riences issues d\u2019un processus de co-cr\u00e9ation entre acteurs locaux de divers secteurs \u2013 agriculture, artisanat, industries cr\u00e9atives, tourisme, organismes publics \u2013\u00a0 orchestr\u00e9 par le Creative Tourism Network\u00ae &#8211; R\u00e9seau mondial de tourisme cr\u00e9atif \u2013 qui en garantit la durabilit\u00e9 et l\u2019ad\u00e9quation avec les nouvelles demandes, sous le label <em>\u00abCreative Friendly Destination\u00bb<\/em>.<\/p>\n\n\n\n<p>Les voyageurs \u2013 en B2C et B2B peuvent ainsi d\u00e9sormais d\u00e9couvrir la diversit\u00e9 des cultures et \u00e9cosyst\u00e8mes de la Tunisie gr\u00e2ce \u00e0 des exp\u00e9riences disponibles tout au long de l\u2019ann\u00e9e et sur l\u2019ensemble du pays, parmi lesquelles, des ateliers pour apprendre \u00e0 pr\u00e9parer l\u2019harissa au Cap Bon, p\u00eacher le poulpe selon les techniques ancestrales aux \u00eeles Kerkennah, cueillir des dattes \u00e0 la cime des palmiers dans la r\u00e9gion de Tozeur, \u00e9laborer leur huile et cosm\u00e9tiques naturels dans des huileries souterraines \u00e0 Djerba et dans le Dahar, fabriquer des fromages artisanaux dans les fermes du nord-ouest au c\u0153ur des montagnes, ou encore plonger dans le quotidien des vignerons et apprenez les secrets de production de leurs cuv\u00e9es haut de gamme.<\/p>\n\n\n<div class=\"wp-block-image\">\n<figure class=\"aligncenter size-large is-resized\"><img decoding=\"async\" src=\"https:\/\/kapitalis.com\/tunisie\/wp-content\/uploads\/2023\/10\/IFTM-RopReza-1024x538.jpg\" alt=\"\" class=\"wp-image-10068451\" style=\"width:800px\" width=\"800\" srcset=\"https:\/\/kapitalis.com\/tunisie\/wp-content\/uploads\/2023\/10\/IFTM-RopReza-1024x538.jpg 1024w, https:\/\/kapitalis.com\/tunisie\/wp-content\/uploads\/2023\/10\/IFTM-RopReza-300x158.jpg 300w, https:\/\/kapitalis.com\/tunisie\/wp-content\/uploads\/2023\/10\/IFTM-RopReza-768x403.jpg 768w, https:\/\/kapitalis.com\/tunisie\/wp-content\/uploads\/2023\/10\/IFTM-RopReza-580x305.jpg 580w, https:\/\/kapitalis.com\/tunisie\/wp-content\/uploads\/2023\/10\/IFTM-RopReza-860x452.jpg 860w, https:\/\/kapitalis.com\/tunisie\/wp-content\/uploads\/2023\/10\/IFTM-RopReza-1160x609.jpg 1160w, https:\/\/kapitalis.com\/tunisie\/wp-content\/uploads\/2023\/10\/IFTM-RopReza.jpg 1200w\" sizes=\"(max-width: 1024px) 100vw, 1024px\" \/><\/figure>\n<\/div>\n\n\n<p>Gr\u00e2ce \u00e0 ce catalogue d\u2019exp\u00e9riences, les professionnels vont satisfaire leurs clients internationaux en qu\u00eate d\u2019authenticit\u00e9, parmi des profils aussi divers, du voyageur solo, aux familles et groupes d\u2019affaires, en passant par les foodies, les cr\u00e9atifs, ou les \u00ab&nbsp;women travelers communities&nbsp;\u00bb, pour ne citer que quelques-uns.&nbsp;<\/p>\n\n\n\n<p>La Route Culinaire n\u2019est toutefois que la partie visible d\u2019un processus qui, gr\u00e2ce \u00e0 une vision inclusive du tourisme, un soutien et un accompagnement des acteurs locaux, ainsi que la promotion internationale de l\u2019offre, favorise la cr\u00e9ation d\u2019une chaine de valeur sur l\u2019ensemble des territoires, tout en positionnant la Tunisie comme destination de tourisme gastronomique, responsable et durable.<\/p>\n\n\n\n<p>Ainsi, la Route Culinaire de Tunisie repr\u00e9sente d\u00e9sormais un mod\u00e8le de tourisme vertueux, satisfaisant un grand nombre d\u2019Objectifs de D\u00e9veloppement Durable de l\u2019Agenda 2023 des Nations Unies, notamment en termes de respect des \u00e9cosyst\u00e8mes naturels, \u00e9conomiques et sociaux, en faisant des traditions culinaires de nouveaux moteurs d\u2019attractivit\u00e9.<\/p>\n\n\n\n<p>La participation \u00e0 l\u2019IFTM TopR\u00e9sa est la premi\u00e8re d\u2019une s\u00e9rie d\u2019actions promotionnelles de La Route Culinaire de Tunisie, qui se poursuivra au salon World Travel Market de Londres, ainsi qu\u2019avec l\u2019organisation de voyages de presse et \u00e9ductours.<\/p>\n\n\n\n<p>La Route Culinaire de Tunisie est un axe th\u00e9matique, fruit de la collaboration entre diff\u00e9rentes institutions, nationales et internationales, visant \u00e0 convertir le patrimoine culinaire tunisien en exp\u00e9riences cr\u00e9atives pouvant attirer diff\u00e9rents profils de touristes, tout au long de l\u2019ann\u00e9e, et sur l\u2019ensemble du territoire.<\/p>\n\n\n\n<figure class=\"wp-block-gallery aligncenter has-nested-images columns-default is-cropped wp-block-gallery-1 is-layout-flex wp-block-gallery-is-layout-flex\">\n<figure class=\"wp-block-image size-large is-resized\"><img decoding=\"async\" data-id=\"10068462\" src=\"https:\/\/kapitalis.com\/tunisie\/wp-content\/uploads\/2023\/10\/Route-culinaire-de-Tunisie-1-1024x538.jpg\" alt=\"\" class=\"wp-image-10068462\" style=\"width:800px\" width=\"800\" srcset=\"https:\/\/kapitalis.com\/tunisie\/wp-content\/uploads\/2023\/10\/Route-culinaire-de-Tunisie-1-1024x538.jpg 1024w, https:\/\/kapitalis.com\/tunisie\/wp-content\/uploads\/2023\/10\/Route-culinaire-de-Tunisie-1-300x158.jpg 300w, https:\/\/kapitalis.com\/tunisie\/wp-content\/uploads\/2023\/10\/Route-culinaire-de-Tunisie-1-768x403.jpg 768w, https:\/\/kapitalis.com\/tunisie\/wp-content\/uploads\/2023\/10\/Route-culinaire-de-Tunisie-1-580x305.jpg 580w, https:\/\/kapitalis.com\/tunisie\/wp-content\/uploads\/2023\/10\/Route-culinaire-de-Tunisie-1-860x452.jpg 860w, https:\/\/kapitalis.com\/tunisie\/wp-content\/uploads\/2023\/10\/Route-culinaire-de-Tunisie-1-1160x609.jpg 1160w, https:\/\/kapitalis.com\/tunisie\/wp-content\/uploads\/2023\/10\/Route-culinaire-de-Tunisie-1.jpg 1200w\" sizes=\"(max-width: 1024px) 100vw, 1024px\" \/><\/figure>\n<\/figure>\n","protected":false},"excerpt":{"rendered":"<p>Les offres cr\u00e9\u00e9es dans le cadre de la Route culinaire de Tunisie pr\u00e9sent\u00e9es au salon IFTM TopR\u00e9sa de Paris <\/p>\n","protected":false},"author":8,"featured_media":10068447,"comment_status":"open","ping_status":"open","sticky":false,"template":"","format":"standard","meta":{"footnotes":""},"categories":[995,2433],"tags":[99521,284,1452,111401,4479,107676,908,62643,66936],"class_list":["post-10068373","post","type-post","status-publish","format-standard","has-post-thumbnail","hentry","category-economie","category-tunisie","tag-dahar","tag-djerba","tag-harissa","tag-iftm-topresa","tag-kerkennah","tag-route-culinaire","tag-tourisme","tag-tunisie","tag-world-travel-market"],"yoast_head":"<!-- This site is optimized with the Yoast SEO plugin v26.6 - https:\/\/yoast.com\/wordpress\/plugins\/seo\/ -->\n<title>La Route Culinaire de Tunisie pr\u00e9sent\u00e9e au salon IFTM TopR\u00e9sa de Paris \u00a0 - Kapitalis<\/title>\n<meta name=\"robots\" content=\"index, follow, max-snippet:-1, max-image-preview:large, max-video-preview:-1\" \/>\n<link rel=\"canonical\" href=\"https:\/\/kapitalis.com\/tunisie\/2023\/10\/07\/la-route-culinaire-de-tunisie-presentee-au-salon-iftm-topresa-de-paris\/\" \/>\n<meta property=\"og:locale\" content=\"fr_FR\" \/>\n<meta property=\"og:type\" content=\"article\" \/>\n<meta property=\"og:title\" content=\"La Route Culinaire de Tunisie pr\u00e9sent\u00e9e au salon IFTM TopR\u00e9sa de Paris \u00a0 - Kapitalis\" \/>\n<meta property=\"og:description\" content=\"Les offres cr\u00e9\u00e9es dans le cadre de la Route culinaire de Tunisie pr\u00e9sent\u00e9es au salon IFTM TopR\u00e9sa de Paris\" \/>\n<meta property=\"og:url\" content=\"https:\/\/kapitalis.com\/tunisie\/2023\/10\/07\/la-route-culinaire-de-tunisie-presentee-au-salon-iftm-topresa-de-paris\/\" \/>\n<meta property=\"og:site_name\" content=\"Kapitalis\" \/>\n<meta property=\"article:publisher\" content=\"https:\/\/www.facebook.com\/KapitalisInfo\/\" \/>\n<meta property=\"article:published_time\" content=\"2023-10-07T12:45:19+00:00\" \/>\n<meta property=\"article:modified_time\" content=\"2023-10-07T12:45:20+00:00\" \/>\n<meta property=\"og:image\" content=\"https:\/\/kapitalis.com\/tunisie\/wp-content\/uploads\/2023\/10\/Route-culinaire-de-Tunisie.jpg\" \/>\n\t<meta property=\"og:image:width\" content=\"1200\" \/>\n\t<meta property=\"og:image:height\" content=\"630\" \/>\n\t<meta property=\"og:image:type\" content=\"image\/jpeg\" \/>\n<meta name=\"author\" content=\"webmaster kapitalis\" \/>\n<meta name=\"twitter:card\" content=\"summary_large_image\" \/>\n<meta name=\"twitter:creator\" content=\"@KapitalisInfo\" \/>\n<meta name=\"twitter:site\" content=\"@KapitalisInfo\" \/>\n<meta name=\"twitter:label1\" content=\"\u00c9crit par\" \/>\n\t<meta name=\"twitter:data1\" content=\"webmaster kapitalis\" \/>\n\t<meta name=\"twitter:label2\" content=\"Dur\u00e9e de lecture estim\u00e9e\" \/>\n\t<meta name=\"twitter:data2\" content=\"4 minutes\" \/>\n<script type=\"application\/ld+json\" class=\"yoast-schema-graph\">{\"@context\":\"https:\/\/schema.org\",\"@graph\":[{\"@type\":\"Article\",\"@id\":\"https:\/\/kapitalis.com\/tunisie\/2023\/10\/07\/la-route-culinaire-de-tunisie-presentee-au-salon-iftm-topresa-de-paris\/#article\",\"isPartOf\":{\"@id\":\"https:\/\/kapitalis.com\/tunisie\/2023\/10\/07\/la-route-culinaire-de-tunisie-presentee-au-salon-iftm-topresa-de-paris\/\"},\"author\":{\"name\":\"webmaster kapitalis\",\"@id\":\"https:\/\/kapitalis.com\/tunisie\/#\/schema\/person\/d71f33a9ca44f7bad4698210b480c8e9\"},\"headline\":\"La Route Culinaire de Tunisie pr\u00e9sent\u00e9e au salon IFTM TopR\u00e9sa de Paris \u00a0\",\"datePublished\":\"2023-10-07T12:45:19+00:00\",\"dateModified\":\"2023-10-07T12:45:20+00:00\",\"mainEntityOfPage\":{\"@id\":\"https:\/\/kapitalis.com\/tunisie\/2023\/10\/07\/la-route-culinaire-de-tunisie-presentee-au-salon-iftm-topresa-de-paris\/\"},\"wordCount\":630,\"commentCount\":0,\"publisher\":{\"@id\":\"https:\/\/kapitalis.com\/tunisie\/#organization\"},\"image\":{\"@id\":\"https:\/\/kapitalis.com\/tunisie\/2023\/10\/07\/la-route-culinaire-de-tunisie-presentee-au-salon-iftm-topresa-de-paris\/#primaryimage\"},\"thumbnailUrl\":\"https:\/\/kapitalis.com\/tunisie\/wp-content\/uploads\/2023\/10\/Route-culinaire-de-Tunisie.jpg\",\"keywords\":[\"Dahar\",\"Djerba\",\"harissa\",\"IFTM TopR\u00e9sa\",\"Kerkennah\",\"route culinaire\",\"tourisme\",\"Tunisie\",\"World Travel Market\"],\"articleSection\":[\"ECONOMIE\",\"Tunisie\"],\"inLanguage\":\"fr-FR\",\"potentialAction\":[{\"@type\":\"CommentAction\",\"name\":\"Comment\",\"target\":[\"https:\/\/kapitalis.com\/tunisie\/2023\/10\/07\/la-route-culinaire-de-tunisie-presentee-au-salon-iftm-topresa-de-paris\/#respond\"]}]},{\"@type\":\"WebPage\",\"@id\":\"https:\/\/kapitalis.com\/tunisie\/2023\/10\/07\/la-route-culinaire-de-tunisie-presentee-au-salon-iftm-topresa-de-paris\/\",\"url\":\"https:\/\/kapitalis.com\/tunisie\/2023\/10\/07\/la-route-culinaire-de-tunisie-presentee-au-salon-iftm-topresa-de-paris\/\",\"name\":\"La Route Culinaire de Tunisie pr\u00e9sent\u00e9e au salon IFTM TopR\u00e9sa de Paris \u00a0 - Kapitalis\",\"isPartOf\":{\"@id\":\"https:\/\/kapitalis.com\/tunisie\/#website\"},\"primaryImageOfPage\":{\"@id\":\"https:\/\/kapitalis.com\/tunisie\/2023\/10\/07\/la-route-culinaire-de-tunisie-presentee-au-salon-iftm-topresa-de-paris\/#primaryimage\"},\"image\":{\"@id\":\"https:\/\/kapitalis.com\/tunisie\/2023\/10\/07\/la-route-culinaire-de-tunisie-presentee-au-salon-iftm-topresa-de-paris\/#primaryimage\"},\"thumbnailUrl\":\"https:\/\/kapitalis.com\/tunisie\/wp-content\/uploads\/2023\/10\/Route-culinaire-de-Tunisie.jpg\",\"datePublished\":\"2023-10-07T12:45:19+00:00\",\"dateModified\":\"2023-10-07T12:45:20+00:00\",\"breadcrumb\":{\"@id\":\"https:\/\/kapitalis.com\/tunisie\/2023\/10\/07\/la-route-culinaire-de-tunisie-presentee-au-salon-iftm-topresa-de-paris\/#breadcrumb\"},\"inLanguage\":\"fr-FR\",\"potentialAction\":[{\"@type\":\"ReadAction\",\"target\":[\"https:\/\/kapitalis.com\/tunisie\/2023\/10\/07\/la-route-culinaire-de-tunisie-presentee-au-salon-iftm-topresa-de-paris\/\"]}]},{\"@type\":\"ImageObject\",\"inLanguage\":\"fr-FR\",\"@id\":\"https:\/\/kapitalis.com\/tunisie\/2023\/10\/07\/la-route-culinaire-de-tunisie-presentee-au-salon-iftm-topresa-de-paris\/#primaryimage\",\"url\":\"https:\/\/kapitalis.com\/tunisie\/wp-content\/uploads\/2023\/10\/Route-culinaire-de-Tunisie.jpg\",\"contentUrl\":\"https:\/\/kapitalis.com\/tunisie\/wp-content\/uploads\/2023\/10\/Route-culinaire-de-Tunisie.jpg\",\"width\":1200,\"height\":630},{\"@type\":\"BreadcrumbList\",\"@id\":\"https:\/\/kapitalis.com\/tunisie\/2023\/10\/07\/la-route-culinaire-de-tunisie-presentee-au-salon-iftm-topresa-de-paris\/#breadcrumb\",\"itemListElement\":[{\"@type\":\"ListItem\",\"position\":1,\"name\":\"Accueil\",\"item\":\"https:\/\/kapitalis.com\/tunisie\/\"},{\"@type\":\"ListItem\",\"position\":2,\"name\":\"La Route Culinaire de Tunisie pr\u00e9sent\u00e9e au salon IFTM TopR\u00e9sa de Paris \u00a0\"}]},{\"@type\":\"WebSite\",\"@id\":\"https:\/\/kapitalis.com\/tunisie\/#website\",\"url\":\"https:\/\/kapitalis.com\/tunisie\/\",\"name\":\"Kapitalis\",\"description\":\"L&#039;actualit\u00e9 en Tunisie et dans le monde\",\"publisher\":{\"@id\":\"https:\/\/kapitalis.com\/tunisie\/#organization\"},\"potentialAction\":[{\"@type\":\"SearchAction\",\"target\":{\"@type\":\"EntryPoint\",\"urlTemplate\":\"https:\/\/kapitalis.com\/tunisie\/?s={search_term_string}\"},\"query-input\":{\"@type\":\"PropertyValueSpecification\",\"valueRequired\":true,\"valueName\":\"search_term_string\"}}],\"inLanguage\":\"fr-FR\"},{\"@type\":\"Organization\",\"@id\":\"https:\/\/kapitalis.com\/tunisie\/#organization\",\"name\":\"Kapitalis\",\"url\":\"https:\/\/kapitalis.com\/tunisie\/\",\"logo\":{\"@type\":\"ImageObject\",\"inLanguage\":\"fr-FR\",\"@id\":\"https:\/\/kapitalis.com\/tunisie\/#\/schema\/logo\/image\/\",\"url\":\"https:\/\/kapitalis.com\/tunisie\/wp-content\/uploads\/2022\/05\/Kapitalis-big-size.png\",\"contentUrl\":\"https:\/\/kapitalis.com\/tunisie\/wp-content\/uploads\/2022\/05\/Kapitalis-big-size.png\",\"width\":5000,\"height\":1500,\"caption\":\"Kapitalis\"},\"image\":{\"@id\":\"https:\/\/kapitalis.com\/tunisie\/#\/schema\/logo\/image\/\"},\"sameAs\":[\"https:\/\/www.facebook.com\/KapitalisInfo\/\",\"https:\/\/x.com\/KapitalisInfo\",\"https:\/\/www.youtube.com\/channel\/UC-yDYrHyfFBWWZaOw3FPg9Q\"]},{\"@type\":\"Person\",\"@id\":\"https:\/\/kapitalis.com\/tunisie\/#\/schema\/person\/d71f33a9ca44f7bad4698210b480c8e9\",\"name\":\"webmaster kapitalis\",\"url\":\"https:\/\/kapitalis.com\/tunisie\/author\/webmaster-kapitalis\/\"}]}<\/script>\n<!-- \/ Yoast SEO plugin. -->","yoast_head_json":{"title":"La Route Culinaire de Tunisie pr\u00e9sent\u00e9e au salon IFTM TopR\u00e9sa de Paris \u00a0 - Kapitalis","robots":{"index":"index","follow":"follow","max-snippet":"max-snippet:-1","max-image-preview":"max-image-preview:large","max-video-preview":"max-video-preview:-1"},"canonical":"https:\/\/kapitalis.com\/tunisie\/2023\/10\/07\/la-route-culinaire-de-tunisie-presentee-au-salon-iftm-topresa-de-paris\/","og_locale":"fr_FR","og_type":"article","og_title":"La Route Culinaire de Tunisie pr\u00e9sent\u00e9e au salon IFTM TopR\u00e9sa de Paris \u00a0 - Kapitalis","og_description":"Les offres cr\u00e9\u00e9es dans le cadre de la Route culinaire de Tunisie pr\u00e9sent\u00e9es au salon IFTM TopR\u00e9sa de Paris","og_url":"https:\/\/kapitalis.com\/tunisie\/2023\/10\/07\/la-route-culinaire-de-tunisie-presentee-au-salon-iftm-topresa-de-paris\/","og_site_name":"Kapitalis","article_publisher":"https:\/\/www.facebook.com\/KapitalisInfo\/","article_published_time":"2023-10-07T12:45:19+00:00","article_modified_time":"2023-10-07T12:45:20+00:00","og_image":[{"width":1200,"height":630,"url":"https:\/\/kapitalis.com\/tunisie\/wp-content\/uploads\/2023\/10\/Route-culinaire-de-Tunisie.jpg","type":"image\/jpeg"}],"author":"webmaster kapitalis","twitter_card":"summary_large_image","twitter_creator":"@KapitalisInfo","twitter_site":"@KapitalisInfo","twitter_misc":{"\u00c9crit par":"webmaster kapitalis","Dur\u00e9e de lecture estim\u00e9e":"4 minutes"},"schema":{"@context":"https:\/\/schema.org","@graph":[{"@type":"Article","@id":"https:\/\/kapitalis.com\/tunisie\/2023\/10\/07\/la-route-culinaire-de-tunisie-presentee-au-salon-iftm-topresa-de-paris\/#article","isPartOf":{"@id":"https:\/\/kapitalis.com\/tunisie\/2023\/10\/07\/la-route-culinaire-de-tunisie-presentee-au-salon-iftm-topresa-de-paris\/"},"author":{"name":"webmaster kapitalis","@id":"https:\/\/kapitalis.com\/tunisie\/#\/schema\/person\/d71f33a9ca44f7bad4698210b480c8e9"},"headline":"La Route Culinaire de Tunisie pr\u00e9sent\u00e9e au salon IFTM TopR\u00e9sa de Paris \u00a0","datePublished":"2023-10-07T12:45:19+00:00","dateModified":"2023-10-07T12:45:20+00:00","mainEntityOfPage":{"@id":"https:\/\/kapitalis.com\/tunisie\/2023\/10\/07\/la-route-culinaire-de-tunisie-presentee-au-salon-iftm-topresa-de-paris\/"},"wordCount":630,"commentCount":0,"publisher":{"@id":"https:\/\/kapitalis.com\/tunisie\/#organization"},"image":{"@id":"https:\/\/kapitalis.com\/tunisie\/2023\/10\/07\/la-route-culinaire-de-tunisie-presentee-au-salon-iftm-topresa-de-paris\/#primaryimage"},"thumbnailUrl":"https:\/\/kapitalis.com\/tunisie\/wp-content\/uploads\/2023\/10\/Route-culinaire-de-Tunisie.jpg","keywords":["Dahar","Djerba","harissa","IFTM TopR\u00e9sa","Kerkennah","route culinaire","tourisme","Tunisie","World Travel Market"],"articleSection":["ECONOMIE","Tunisie"],"inLanguage":"fr-FR","potentialAction":[{"@type":"CommentAction","name":"Comment","target":["https:\/\/kapitalis.com\/tunisie\/2023\/10\/07\/la-route-culinaire-de-tunisie-presentee-au-salon-iftm-topresa-de-paris\/#respond"]}]},{"@type":"WebPage","@id":"https:\/\/kapitalis.com\/tunisie\/2023\/10\/07\/la-route-culinaire-de-tunisie-presentee-au-salon-iftm-topresa-de-paris\/","url":"https:\/\/kapitalis.com\/tunisie\/2023\/10\/07\/la-route-culinaire-de-tunisie-presentee-au-salon-iftm-topresa-de-paris\/","name":"La Route Culinaire de Tunisie pr\u00e9sent\u00e9e au salon IFTM TopR\u00e9sa de Paris \u00a0 - Kapitalis","isPartOf":{"@id":"https:\/\/kapitalis.com\/tunisie\/#website"},"primaryImageOfPage":{"@id":"https:\/\/kapitalis.com\/tunisie\/2023\/10\/07\/la-route-culinaire-de-tunisie-presentee-au-salon-iftm-topresa-de-paris\/#primaryimage"},"image":{"@id":"https:\/\/kapitalis.com\/tunisie\/2023\/10\/07\/la-route-culinaire-de-tunisie-presentee-au-salon-iftm-topresa-de-paris\/#primaryimage"},"thumbnailUrl":"https:\/\/kapitalis.com\/tunisie\/wp-content\/uploads\/2023\/10\/Route-culinaire-de-Tunisie.jpg","datePublished":"2023-10-07T12:45:19+00:00","dateModified":"2023-10-07T12:45:20+00:00","breadcrumb":{"@id":"https:\/\/kapitalis.com\/tunisie\/2023\/10\/07\/la-route-culinaire-de-tunisie-presentee-au-salon-iftm-topresa-de-paris\/#breadcrumb"},"inLanguage":"fr-FR","potentialAction":[{"@type":"ReadAction","target":["https:\/\/kapitalis.com\/tunisie\/2023\/10\/07\/la-route-culinaire-de-tunisie-presentee-au-salon-iftm-topresa-de-paris\/"]}]},{"@type":"ImageObject","inLanguage":"fr-FR","@id":"https:\/\/kapitalis.com\/tunisie\/2023\/10\/07\/la-route-culinaire-de-tunisie-presentee-au-salon-iftm-topresa-de-paris\/#primaryimage","url":"https:\/\/kapitalis.com\/tunisie\/wp-content\/uploads\/2023\/10\/Route-culinaire-de-Tunisie.jpg","contentUrl":"https:\/\/kapitalis.com\/tunisie\/wp-content\/uploads\/2023\/10\/Route-culinaire-de-Tunisie.jpg","width":1200,"height":630},{"@type":"BreadcrumbList","@id":"https:\/\/kapitalis.com\/tunisie\/2023\/10\/07\/la-route-culinaire-de-tunisie-presentee-au-salon-iftm-topresa-de-paris\/#breadcrumb","itemListElement":[{"@type":"ListItem","position":1,"name":"Accueil","item":"https:\/\/kapitalis.com\/tunisie\/"},{"@type":"ListItem","position":2,"name":"La Route Culinaire de Tunisie pr\u00e9sent\u00e9e au salon IFTM TopR\u00e9sa de Paris \u00a0"}]},{"@type":"WebSite","@id":"https:\/\/kapitalis.com\/tunisie\/#website","url":"https:\/\/kapitalis.com\/tunisie\/","name":"Kapitalis","description":"L&#039;actualit\u00e9 en Tunisie et dans le monde","publisher":{"@id":"https:\/\/kapitalis.com\/tunisie\/#organization"},"potentialAction":[{"@type":"SearchAction","target":{"@type":"EntryPoint","urlTemplate":"https:\/\/kapitalis.com\/tunisie\/?s={search_term_string}"},"query-input":{"@type":"PropertyValueSpecification","valueRequired":true,"valueName":"search_term_string"}}],"inLanguage":"fr-FR"},{"@type":"Organization","@id":"https:\/\/kapitalis.com\/tunisie\/#organization","name":"Kapitalis","url":"https:\/\/kapitalis.com\/tunisie\/","logo":{"@type":"ImageObject","inLanguage":"fr-FR","@id":"https:\/\/kapitalis.com\/tunisie\/#\/schema\/logo\/image\/","url":"https:\/\/kapitalis.com\/tunisie\/wp-content\/uploads\/2022\/05\/Kapitalis-big-size.png","contentUrl":"https:\/\/kapitalis.com\/tunisie\/wp-content\/uploads\/2022\/05\/Kapitalis-big-size.png","width":5000,"height":1500,"caption":"Kapitalis"},"image":{"@id":"https:\/\/kapitalis.com\/tunisie\/#\/schema\/logo\/image\/"},"sameAs":["https:\/\/www.facebook.com\/KapitalisInfo\/","https:\/\/x.com\/KapitalisInfo","https:\/\/www.youtube.com\/channel\/UC-yDYrHyfFBWWZaOw3FPg9Q"]},{"@type":"Person","@id":"https:\/\/kapitalis.com\/tunisie\/#\/schema\/person\/d71f33a9ca44f7bad4698210b480c8e9","name":"webmaster kapitalis","url":"https:\/\/kapitalis.com\/tunisie\/author\/webmaster-kapitalis\/"}]}},"_links":{"self":[{"href":"https:\/\/kapitalis.com\/tunisie\/wp-json\/wp\/v2\/posts\/10068373","targetHints":{"allow":["GET"]}}],"collection":[{"href":"https:\/\/kapitalis.com\/tunisie\/wp-json\/wp\/v2\/posts"}],"about":[{"href":"https:\/\/kapitalis.com\/tunisie\/wp-json\/wp\/v2\/types\/post"}],"author":[{"embeddable":true,"href":"https:\/\/kapitalis.com\/tunisie\/wp-json\/wp\/v2\/users\/8"}],"replies":[{"embeddable":true,"href":"https:\/\/kapitalis.com\/tunisie\/wp-json\/wp\/v2\/comments?post=10068373"}],"version-history":[{"count":1,"href":"https:\/\/kapitalis.com\/tunisie\/wp-json\/wp\/v2\/posts\/10068373\/revisions"}],"predecessor-version":[{"id":10068468,"href":"https:\/\/kapitalis.com\/tunisie\/wp-json\/wp\/v2\/posts\/10068373\/revisions\/10068468"}],"wp:featuredmedia":[{"embeddable":true,"href":"https:\/\/kapitalis.com\/tunisie\/wp-json\/wp\/v2\/media\/10068447"}],"wp:attachment":[{"href":"https:\/\/kapitalis.com\/tunisie\/wp-json\/wp\/v2\/media?parent=10068373"}],"wp:term":[{"taxonomy":"category","embeddable":true,"href":"https:\/\/kapitalis.com\/tunisie\/wp-json\/wp\/v2\/categories?post=10068373"},{"taxonomy":"post_tag","embeddable":true,"href":"https:\/\/kapitalis.com\/tunisie\/wp-json\/wp\/v2\/tags?post=10068373"}],"curies":[{"name":"wp","href":"https:\/\/api.w.org\/{rel}","templated":true}]}}