{"id":100799,"date":"2017-06-09T17:26:08","date_gmt":"2017-06-09T16:56:08","guid":{"rendered":"http:\/\/kapitalis.com\/tunisie\/?p=100799"},"modified":"2017-06-09T17:26:08","modified_gmt":"2017-06-09T16:56:08","slug":"tunis-maitre-gims-a-carthage-le-2-juillet-2017","status":"publish","type":"post","link":"https:\/\/kapitalis.com\/tunisie\/2017\/06\/09\/tunis-maitre-gims-a-carthage-le-2-juillet-2017\/","title":{"rendered":"Tunis : Ma\u00eetre Gims \u00e0 Carthage le 2 juillet 2017"},"content":{"rendered":"<p style=\"text-align: center;\"><img loading=\"lazy\" decoding=\"async\" class=\"alignnone size-full wp-image-100810\" src=\"http:\/\/kapitalis.com\/tunisie\/wp-content\/uploads\/2017\/06\/Maitre-Gims-Akram-Mag.jpg\" alt=\"\" width=\"626\" height=\"380\" \/><\/p>\n<p><em><strong>Le rappeur fran\u00e7ais de renomm\u00e9e internationale Ma\u00eetre Gims donnera un concert \u00e0 l\u2019amphith\u00e9\u00e2tre de Carthage, le 2 juillet 2017.<\/strong><\/em><!--more--><\/p>\n<p>Organis\u00e9 par le Syndicat des fonctionnaires de la direction g\u00e9n\u00e9rale des unit\u00e9s d\u2019intervention (SFDGUI), ce concert, qui \u00e9tait pr\u00e9vu le 29 avril dernier, a \u00e9t\u00e9 report\u00e9 pour des raisons organisationnelles.<\/p>\n<p>Le spectacle accueillera \u00e9galement le rappeur tunisien Akram Mag qui accompagnera Ma\u00eetre Gims sur sc\u00e8ne ainsi que le groupe Vertige Band.<\/p>\n<p>Les billets sont en vente \u00e0 Carthage, au Z\u00e9phir la Marsa, au Palmarium (avenue Habib Bourguiba, Tunis), \u00e0 Monoprix de la cit\u00e9 Ennasr et dans les bureaux r\u00e9gionaux du SFDGUI, dans les diff\u00e9rentes villes de Tunisie.<\/p>\n<p>Ma\u00eetre Gims, de son vrai nom Gandhi Djuna est issu d&rsquo;une famille de musiciens originaire du Kinshasa. Il \u00e9tait membre du groupe de rap fran\u00e7ais Sexion d&rsquo;Assaut, avant de sortir son premier album solo en 2013. L&rsquo;album conna\u00eet un succ\u00e8s commercial avec plus de 1.000.000 d&rsquo;exemplaires vendus.<\/p>\n<p style=\"text-align: right;\"><strong>Y. N.<\/strong><\/p>\n","protected":false},"excerpt":{"rendered":"<p>Le rappeur fran\u00e7ais de renomm\u00e9e internationale Ma\u00eetre Gims donnera un concert \u00e0 l\u2019amphith\u00e9\u00e2tre de Carthage, le 2 juillet 2017.<\/p>\n","protected":false},"author":6,"featured_media":100810,"comment_status":"open","ping_status":"open","sticky":false,"template":"","format":"standard","meta":{"footnotes":""},"categories":[994,2433],"tags":[1234,2360,18213,3056,17406],"class_list":["post-100799","post","type-post","status-publish","format-standard","has-post-thumbnail","hentry","category-culture","category-tunisie","tag-carthage","tag-concert","tag-maitre-gims","tag-rap","tag-spectacle"],"yoast_head":"<!-- This site is optimized with the Yoast SEO plugin v26.6 - https:\/\/yoast.com\/wordpress\/plugins\/seo\/ -->\n<title>Tunis : Ma\u00eetre Gims \u00e0 Carthage le 2 juillet 2017 - Kapitalis<\/title>\n<meta name=\"robots\" content=\"index, follow, max-snippet:-1, max-image-preview:large, max-video-preview:-1\" \/>\n<link rel=\"canonical\" href=\"https:\/\/kapitalis.com\/tunisie\/2017\/06\/09\/tunis-maitre-gims-a-carthage-le-2-juillet-2017\/\" \/>\n<meta property=\"og:locale\" content=\"fr_FR\" \/>\n<meta property=\"og:type\" content=\"article\" \/>\n<meta property=\"og:title\" content=\"Tunis : Ma\u00eetre Gims \u00e0 Carthage le 2 juillet 2017 - Kapitalis\" \/>\n<meta property=\"og:description\" content=\"Le rappeur fran\u00e7ais de renomm\u00e9e internationale Ma\u00eetre Gims donnera un concert \u00e0 l\u2019amphith\u00e9\u00e2tre de Carthage, le 2 juillet 2017.\" \/>\n<meta property=\"og:url\" content=\"https:\/\/kapitalis.com\/tunisie\/2017\/06\/09\/tunis-maitre-gims-a-carthage-le-2-juillet-2017\/\" \/>\n<meta property=\"og:site_name\" content=\"Kapitalis\" \/>\n<meta property=\"article:publisher\" content=\"https:\/\/www.facebook.com\/KapitalisInfo\/\" \/>\n<meta property=\"article:published_time\" content=\"2017-06-09T16:56:08+00:00\" \/>\n<meta property=\"og:image\" content=\"https:\/\/kapitalis.com\/tunisie\/wp-content\/uploads\/2022\/05\/kapitalis-logo-fb.png\" \/>\n\t<meta property=\"og:image:width\" content=\"1200\" \/>\n\t<meta property=\"og:image:height\" content=\"630\" \/>\n\t<meta property=\"og:image:type\" content=\"image\/png\" \/>\n<meta name=\"author\" content=\"Yusra NY\" \/>\n<meta name=\"twitter:card\" content=\"summary_large_image\" \/>\n<meta name=\"twitter:creator\" content=\"@KapitalisInfo\" \/>\n<meta name=\"twitter:site\" content=\"@KapitalisInfo\" \/>\n<meta name=\"twitter:label1\" content=\"\u00c9crit par\" \/>\n\t<meta name=\"twitter:data1\" content=\"Yusra NY\" \/>\n\t<meta name=\"twitter:label2\" content=\"Dur\u00e9e de lecture estim\u00e9e\" \/>\n\t<meta name=\"twitter:data2\" content=\"1 minute\" \/>\n<script type=\"application\/ld+json\" class=\"yoast-schema-graph\">{\"@context\":\"https:\/\/schema.org\",\"@graph\":[{\"@type\":\"Article\",\"@id\":\"https:\/\/kapitalis.com\/tunisie\/2017\/06\/09\/tunis-maitre-gims-a-carthage-le-2-juillet-2017\/#article\",\"isPartOf\":{\"@id\":\"https:\/\/kapitalis.com\/tunisie\/2017\/06\/09\/tunis-maitre-gims-a-carthage-le-2-juillet-2017\/\"},\"author\":{\"name\":\"Yusra NY\",\"@id\":\"https:\/\/kapitalis.com\/tunisie\/#\/schema\/person\/74bbde0154d49d790a92aaeac5bc01d5\"},\"headline\":\"Tunis : Ma\u00eetre Gims \u00e0 Carthage le 2 juillet 2017\",\"datePublished\":\"2017-06-09T16:56:08+00:00\",\"mainEntityOfPage\":{\"@id\":\"https:\/\/kapitalis.com\/tunisie\/2017\/06\/09\/tunis-maitre-gims-a-carthage-le-2-juillet-2017\/\"},\"wordCount\":173,\"commentCount\":3,\"publisher\":{\"@id\":\"https:\/\/kapitalis.com\/tunisie\/#organization\"},\"image\":{\"@id\":\"https:\/\/kapitalis.com\/tunisie\/2017\/06\/09\/tunis-maitre-gims-a-carthage-le-2-juillet-2017\/#primaryimage\"},\"thumbnailUrl\":\"\",\"keywords\":[\"Carthage\",\"concert\",\"Ma\u00eetre Gims\",\"rap\",\"spectacle\"],\"articleSection\":[\"CULTURE\",\"Tunisie\"],\"inLanguage\":\"fr-FR\",\"potentialAction\":[{\"@type\":\"CommentAction\",\"name\":\"Comment\",\"target\":[\"https:\/\/kapitalis.com\/tunisie\/2017\/06\/09\/tunis-maitre-gims-a-carthage-le-2-juillet-2017\/#respond\"]}]},{\"@type\":\"WebPage\",\"@id\":\"https:\/\/kapitalis.com\/tunisie\/2017\/06\/09\/tunis-maitre-gims-a-carthage-le-2-juillet-2017\/\",\"url\":\"https:\/\/kapitalis.com\/tunisie\/2017\/06\/09\/tunis-maitre-gims-a-carthage-le-2-juillet-2017\/\",\"name\":\"Tunis : Ma\u00eetre Gims \u00e0 Carthage le 2 juillet 2017 - Kapitalis\",\"isPartOf\":{\"@id\":\"https:\/\/kapitalis.com\/tunisie\/#website\"},\"primaryImageOfPage\":{\"@id\":\"https:\/\/kapitalis.com\/tunisie\/2017\/06\/09\/tunis-maitre-gims-a-carthage-le-2-juillet-2017\/#primaryimage\"},\"image\":{\"@id\":\"https:\/\/kapitalis.com\/tunisie\/2017\/06\/09\/tunis-maitre-gims-a-carthage-le-2-juillet-2017\/#primaryimage\"},\"thumbnailUrl\":\"\",\"datePublished\":\"2017-06-09T16:56:08+00:00\",\"breadcrumb\":{\"@id\":\"https:\/\/kapitalis.com\/tunisie\/2017\/06\/09\/tunis-maitre-gims-a-carthage-le-2-juillet-2017\/#breadcrumb\"},\"inLanguage\":\"fr-FR\",\"potentialAction\":[{\"@type\":\"ReadAction\",\"target\":[\"https:\/\/kapitalis.com\/tunisie\/2017\/06\/09\/tunis-maitre-gims-a-carthage-le-2-juillet-2017\/\"]}]},{\"@type\":\"ImageObject\",\"inLanguage\":\"fr-FR\",\"@id\":\"https:\/\/kapitalis.com\/tunisie\/2017\/06\/09\/tunis-maitre-gims-a-carthage-le-2-juillet-2017\/#primaryimage\",\"url\":\"\",\"contentUrl\":\"\"},{\"@type\":\"BreadcrumbList\",\"@id\":\"https:\/\/kapitalis.com\/tunisie\/2017\/06\/09\/tunis-maitre-gims-a-carthage-le-2-juillet-2017\/#breadcrumb\",\"itemListElement\":[{\"@type\":\"ListItem\",\"position\":1,\"name\":\"Accueil\",\"item\":\"https:\/\/kapitalis.com\/tunisie\/\"},{\"@type\":\"ListItem\",\"position\":2,\"name\":\"Tunis : Ma\u00eetre Gims \u00e0 Carthage le 2 juillet 2017\"}]},{\"@type\":\"WebSite\",\"@id\":\"https:\/\/kapitalis.com\/tunisie\/#website\",\"url\":\"https:\/\/kapitalis.com\/tunisie\/\",\"name\":\"Kapitalis\",\"description\":\"L&#039;actualit\u00e9 en Tunisie et dans le monde\",\"publisher\":{\"@id\":\"https:\/\/kapitalis.com\/tunisie\/#organization\"},\"potentialAction\":[{\"@type\":\"SearchAction\",\"target\":{\"@type\":\"EntryPoint\",\"urlTemplate\":\"https:\/\/kapitalis.com\/tunisie\/?s={search_term_string}\"},\"query-input\":{\"@type\":\"PropertyValueSpecification\",\"valueRequired\":true,\"valueName\":\"search_term_string\"}}],\"inLanguage\":\"fr-FR\"},{\"@type\":\"Organization\",\"@id\":\"https:\/\/kapitalis.com\/tunisie\/#organization\",\"name\":\"Kapitalis\",\"url\":\"https:\/\/kapitalis.com\/tunisie\/\",\"logo\":{\"@type\":\"ImageObject\",\"inLanguage\":\"fr-FR\",\"@id\":\"https:\/\/kapitalis.com\/tunisie\/#\/schema\/logo\/image\/\",\"url\":\"https:\/\/kapitalis.com\/tunisie\/wp-content\/uploads\/2022\/05\/Kapitalis-big-size.png\",\"contentUrl\":\"https:\/\/kapitalis.com\/tunisie\/wp-content\/uploads\/2022\/05\/Kapitalis-big-size.png\",\"width\":5000,\"height\":1500,\"caption\":\"Kapitalis\"},\"image\":{\"@id\":\"https:\/\/kapitalis.com\/tunisie\/#\/schema\/logo\/image\/\"},\"sameAs\":[\"https:\/\/www.facebook.com\/KapitalisInfo\/\",\"https:\/\/x.com\/KapitalisInfo\",\"https:\/\/www.youtube.com\/channel\/UC-yDYrHyfFBWWZaOw3FPg9Q\"]},{\"@type\":\"Person\",\"@id\":\"https:\/\/kapitalis.com\/tunisie\/#\/schema\/person\/74bbde0154d49d790a92aaeac5bc01d5\",\"name\":\"Yusra NY\",\"url\":\"https:\/\/kapitalis.com\/tunisie\/author\/yuza_adam\/\"}]}<\/script>\n<!-- \/ Yoast SEO plugin. -->","yoast_head_json":{"title":"Tunis : Ma\u00eetre Gims \u00e0 Carthage le 2 juillet 2017 - Kapitalis","robots":{"index":"index","follow":"follow","max-snippet":"max-snippet:-1","max-image-preview":"max-image-preview:large","max-video-preview":"max-video-preview:-1"},"canonical":"https:\/\/kapitalis.com\/tunisie\/2017\/06\/09\/tunis-maitre-gims-a-carthage-le-2-juillet-2017\/","og_locale":"fr_FR","og_type":"article","og_title":"Tunis : Ma\u00eetre Gims \u00e0 Carthage le 2 juillet 2017 - Kapitalis","og_description":"Le rappeur fran\u00e7ais de renomm\u00e9e internationale Ma\u00eetre Gims donnera un concert \u00e0 l\u2019amphith\u00e9\u00e2tre de Carthage, le 2 juillet 2017.","og_url":"https:\/\/kapitalis.com\/tunisie\/2017\/06\/09\/tunis-maitre-gims-a-carthage-le-2-juillet-2017\/","og_site_name":"Kapitalis","article_publisher":"https:\/\/www.facebook.com\/KapitalisInfo\/","article_published_time":"2017-06-09T16:56:08+00:00","og_image":[{"width":1200,"height":630,"url":"https:\/\/kapitalis.com\/tunisie\/wp-content\/uploads\/2022\/05\/kapitalis-logo-fb.png","type":"image\/png"}],"author":"Yusra NY","twitter_card":"summary_large_image","twitter_creator":"@KapitalisInfo","twitter_site":"@KapitalisInfo","twitter_misc":{"\u00c9crit par":"Yusra NY","Dur\u00e9e de lecture estim\u00e9e":"1 minute"},"schema":{"@context":"https:\/\/schema.org","@graph":[{"@type":"Article","@id":"https:\/\/kapitalis.com\/tunisie\/2017\/06\/09\/tunis-maitre-gims-a-carthage-le-2-juillet-2017\/#article","isPartOf":{"@id":"https:\/\/kapitalis.com\/tunisie\/2017\/06\/09\/tunis-maitre-gims-a-carthage-le-2-juillet-2017\/"},"author":{"name":"Yusra NY","@id":"https:\/\/kapitalis.com\/tunisie\/#\/schema\/person\/74bbde0154d49d790a92aaeac5bc01d5"},"headline":"Tunis : Ma\u00eetre Gims \u00e0 Carthage le 2 juillet 2017","datePublished":"2017-06-09T16:56:08+00:00","mainEntityOfPage":{"@id":"https:\/\/kapitalis.com\/tunisie\/2017\/06\/09\/tunis-maitre-gims-a-carthage-le-2-juillet-2017\/"},"wordCount":173,"commentCount":3,"publisher":{"@id":"https:\/\/kapitalis.com\/tunisie\/#organization"},"image":{"@id":"https:\/\/kapitalis.com\/tunisie\/2017\/06\/09\/tunis-maitre-gims-a-carthage-le-2-juillet-2017\/#primaryimage"},"thumbnailUrl":"","keywords":["Carthage","concert","Ma\u00eetre Gims","rap","spectacle"],"articleSection":["CULTURE","Tunisie"],"inLanguage":"fr-FR","potentialAction":[{"@type":"CommentAction","name":"Comment","target":["https:\/\/kapitalis.com\/tunisie\/2017\/06\/09\/tunis-maitre-gims-a-carthage-le-2-juillet-2017\/#respond"]}]},{"@type":"WebPage","@id":"https:\/\/kapitalis.com\/tunisie\/2017\/06\/09\/tunis-maitre-gims-a-carthage-le-2-juillet-2017\/","url":"https:\/\/kapitalis.com\/tunisie\/2017\/06\/09\/tunis-maitre-gims-a-carthage-le-2-juillet-2017\/","name":"Tunis : Ma\u00eetre Gims \u00e0 Carthage le 2 juillet 2017 - Kapitalis","isPartOf":{"@id":"https:\/\/kapitalis.com\/tunisie\/#website"},"primaryImageOfPage":{"@id":"https:\/\/kapitalis.com\/tunisie\/2017\/06\/09\/tunis-maitre-gims-a-carthage-le-2-juillet-2017\/#primaryimage"},"image":{"@id":"https:\/\/kapitalis.com\/tunisie\/2017\/06\/09\/tunis-maitre-gims-a-carthage-le-2-juillet-2017\/#primaryimage"},"thumbnailUrl":"","datePublished":"2017-06-09T16:56:08+00:00","breadcrumb":{"@id":"https:\/\/kapitalis.com\/tunisie\/2017\/06\/09\/tunis-maitre-gims-a-carthage-le-2-juillet-2017\/#breadcrumb"},"inLanguage":"fr-FR","potentialAction":[{"@type":"ReadAction","target":["https:\/\/kapitalis.com\/tunisie\/2017\/06\/09\/tunis-maitre-gims-a-carthage-le-2-juillet-2017\/"]}]},{"@type":"ImageObject","inLanguage":"fr-FR","@id":"https:\/\/kapitalis.com\/tunisie\/2017\/06\/09\/tunis-maitre-gims-a-carthage-le-2-juillet-2017\/#primaryimage","url":"","contentUrl":""},{"@type":"BreadcrumbList","@id":"https:\/\/kapitalis.com\/tunisie\/2017\/06\/09\/tunis-maitre-gims-a-carthage-le-2-juillet-2017\/#breadcrumb","itemListElement":[{"@type":"ListItem","position":1,"name":"Accueil","item":"https:\/\/kapitalis.com\/tunisie\/"},{"@type":"ListItem","position":2,"name":"Tunis : Ma\u00eetre Gims \u00e0 Carthage le 2 juillet 2017"}]},{"@type":"WebSite","@id":"https:\/\/kapitalis.com\/tunisie\/#website","url":"https:\/\/kapitalis.com\/tunisie\/","name":"Kapitalis","description":"L&#039;actualit\u00e9 en Tunisie et dans le monde","publisher":{"@id":"https:\/\/kapitalis.com\/tunisie\/#organization"},"potentialAction":[{"@type":"SearchAction","target":{"@type":"EntryPoint","urlTemplate":"https:\/\/kapitalis.com\/tunisie\/?s={search_term_string}"},"query-input":{"@type":"PropertyValueSpecification","valueRequired":true,"valueName":"search_term_string"}}],"inLanguage":"fr-FR"},{"@type":"Organization","@id":"https:\/\/kapitalis.com\/tunisie\/#organization","name":"Kapitalis","url":"https:\/\/kapitalis.com\/tunisie\/","logo":{"@type":"ImageObject","inLanguage":"fr-FR","@id":"https:\/\/kapitalis.com\/tunisie\/#\/schema\/logo\/image\/","url":"https:\/\/kapitalis.com\/tunisie\/wp-content\/uploads\/2022\/05\/Kapitalis-big-size.png","contentUrl":"https:\/\/kapitalis.com\/tunisie\/wp-content\/uploads\/2022\/05\/Kapitalis-big-size.png","width":5000,"height":1500,"caption":"Kapitalis"},"image":{"@id":"https:\/\/kapitalis.com\/tunisie\/#\/schema\/logo\/image\/"},"sameAs":["https:\/\/www.facebook.com\/KapitalisInfo\/","https:\/\/x.com\/KapitalisInfo","https:\/\/www.youtube.com\/channel\/UC-yDYrHyfFBWWZaOw3FPg9Q"]},{"@type":"Person","@id":"https:\/\/kapitalis.com\/tunisie\/#\/schema\/person\/74bbde0154d49d790a92aaeac5bc01d5","name":"Yusra NY","url":"https:\/\/kapitalis.com\/tunisie\/author\/yuza_adam\/"}]}},"_links":{"self":[{"href":"https:\/\/kapitalis.com\/tunisie\/wp-json\/wp\/v2\/posts\/100799","targetHints":{"allow":["GET"]}}],"collection":[{"href":"https:\/\/kapitalis.com\/tunisie\/wp-json\/wp\/v2\/posts"}],"about":[{"href":"https:\/\/kapitalis.com\/tunisie\/wp-json\/wp\/v2\/types\/post"}],"author":[{"embeddable":true,"href":"https:\/\/kapitalis.com\/tunisie\/wp-json\/wp\/v2\/users\/6"}],"replies":[{"embeddable":true,"href":"https:\/\/kapitalis.com\/tunisie\/wp-json\/wp\/v2\/comments?post=100799"}],"version-history":[{"count":0,"href":"https:\/\/kapitalis.com\/tunisie\/wp-json\/wp\/v2\/posts\/100799\/revisions"}],"wp:featuredmedia":[{"embeddable":true,"href":"https:\/\/kapitalis.com\/tunisie\/wp-json\/wp\/v2\/media\/100810"}],"wp:attachment":[{"href":"https:\/\/kapitalis.com\/tunisie\/wp-json\/wp\/v2\/media?parent=100799"}],"wp:term":[{"taxonomy":"category","embeddable":true,"href":"https:\/\/kapitalis.com\/tunisie\/wp-json\/wp\/v2\/categories?post=100799"},{"taxonomy":"post_tag","embeddable":true,"href":"https:\/\/kapitalis.com\/tunisie\/wp-json\/wp\/v2\/tags?post=100799"}],"curies":[{"name":"wp","href":"https:\/\/api.w.org\/{rel}","templated":true}]}}