{"id":10090001,"date":"2023-10-09T08:40:58","date_gmt":"2023-10-09T07:40:58","guid":{"rendered":"https:\/\/kapitalis.com\/tunisie\/?p=10090001"},"modified":"2023-10-09T08:41:00","modified_gmt":"2023-10-09T07:41:00","slug":"faouzia-zouari-sur-la-1ere-liste-du-prix-du-livre-europeen-mediterraneen","status":"publish","type":"post","link":"https:\/\/kapitalis.com\/tunisie\/2023\/10\/09\/faouzia-zouari-sur-la-1ere-liste-du-prix-du-livre-europeen-mediterraneen\/","title":{"rendered":"Faouzia Zouari sur la 1\u00e8re liste du Prix du livre europ\u00e9en &amp; m\u00e9diterran\u00e9en"},"content":{"rendered":"\n<p><strong><em>Le dernier roman \u2018\u2018Par le fil je t&rsquo;ai cousue\u2019\u2019 de la romanci\u00e8re franco-tunisienne Faouzia Zouari, pr\u00e9sidente du Parlement des \u00e9crivaines francophones, figure sur la premi\u00e8re liste du Prix du livre europ\u00e9en &amp; m\u00e9diterran\u00e9en<strong><em>\u2013\u00a0Prix\u00a0Paul Balta<\/em><\/strong>.<\/em><\/strong><\/p>\n\n\n\n<!--more-->\n\n\n\n<p>Dans ce roman brillant et \u00e9mouvant, largement autobiographique, Faouzi Zouari raconte son enfance dans un village du nord-ouest tunisien, au lendemain de l\u2019ind\u00e9pendance de la Tunisie, dans une famille nombreuse prise en tenaille entre un conservatisme \u00e9triqu\u00e9 et asphyxiant et une irr\u00e9pressible soif de libert\u00e9 et de modernit\u00e9. <\/p>\n\n\n\n<p>Cette soci\u00e9t\u00e9 en pleine mutation est vue \u00e0 travers le regard d\u2019une jeune fille qui d\u00e9couvre le monde, entre r\u00e9signation et r\u00e9volte, mais qui finit par briser les cha\u00eenes et sortir du carcan de la tradition.<\/p>\n\n\n<div class=\"wp-block-image\">\n<figure class=\"aligncenter size-full\"><img loading=\"lazy\" decoding=\"async\" width=\"640\" height=\"532\" src=\"https:\/\/kapitalis.com\/tunisie\/wp-content\/uploads\/2023\/10\/1ere-liste-Prix-Livre-europeen.jpg\" alt=\"\" class=\"wp-image-10090056\" srcset=\"https:\/\/kapitalis.com\/tunisie\/wp-content\/uploads\/2023\/10\/1ere-liste-Prix-Livre-europeen.jpg 640w, https:\/\/kapitalis.com\/tunisie\/wp-content\/uploads\/2023\/10\/1ere-liste-Prix-Livre-europeen-300x249.jpg 300w, https:\/\/kapitalis.com\/tunisie\/wp-content\/uploads\/2023\/10\/1ere-liste-Prix-Livre-europeen-580x482.jpg 580w\" sizes=\"auto, (max-width: 640px) 100vw, 640px\" \/><\/figure>\n<\/div>\n\n\n<p>Depuis 2013, le\u00a0Prix du livre europ\u00e9en et m\u00e9diterran\u00e9en\u00a0r\u00e9compense un\u00a0livre\u00a0qui a pour particularit\u00e9 de traiter des \u00e9changes culturels entre l\u2019Europe\u00a0et la\u00a0M\u00e9diterran\u00e9e\u00a0en mettant en exergue non pas ce qui diff\u00e9rencie les peuples des deux rives, mais ce qui les rassemble.<\/p>\n\n\n\n<p class=\"has-text-align-right\"><strong>I. B.<\/strong><\/p>\n","protected":false},"excerpt":{"rendered":"<p>Le dernier roman \u2018\u2018Par le fil je t&rsquo;ai cousue\u2019\u2019 de la romanci\u00e8re franco-tunisienne Faouzia Zouari sur la 1\u00e8re liste du Prix du livre europ\u00e9en &#038; m\u00e9diterran\u00e9en. <\/p>\n","protected":false},"author":8,"featured_media":10090069,"comment_status":"open","ping_status":"open","sticky":false,"template":"","format":"standard","meta":{"footnotes":""},"categories":[994,2433],"tags":[10209,111438,62643],"class_list":["post-10090001","post","type-post","status-publish","format-standard","has-post-thumbnail","hentry","category-culture","category-tunisie","tag-faouzia-zouari","tag-prix-du-livre-europeen-mediterraneen","tag-tunisie"],"yoast_head":"<!-- This site is optimized with the Yoast SEO plugin v26.6 - https:\/\/yoast.com\/wordpress\/plugins\/seo\/ -->\n<title>Faouzia Zouari sur la 1\u00e8re liste du Prix du livre europ\u00e9en &amp; m\u00e9diterran\u00e9en - Kapitalis<\/title>\n<meta name=\"robots\" content=\"index, follow, max-snippet:-1, max-image-preview:large, max-video-preview:-1\" \/>\n<link rel=\"canonical\" href=\"https:\/\/kapitalis.com\/tunisie\/2023\/10\/09\/faouzia-zouari-sur-la-1ere-liste-du-prix-du-livre-europeen-mediterraneen\/\" \/>\n<meta property=\"og:locale\" content=\"fr_FR\" \/>\n<meta property=\"og:type\" content=\"article\" \/>\n<meta property=\"og:title\" content=\"Faouzia Zouari sur la 1\u00e8re liste du Prix du livre europ\u00e9en &amp; m\u00e9diterran\u00e9en - Kapitalis\" \/>\n<meta property=\"og:description\" content=\"Le dernier roman \u2018\u2018Par le fil je t&#039;ai cousue\u2019\u2019 de la romanci\u00e8re franco-tunisienne Faouzia Zouari sur la 1\u00e8re liste du Prix du livre europ\u00e9en &amp; m\u00e9diterran\u00e9en.\" \/>\n<meta property=\"og:url\" content=\"https:\/\/kapitalis.com\/tunisie\/2023\/10\/09\/faouzia-zouari-sur-la-1ere-liste-du-prix-du-livre-europeen-mediterraneen\/\" \/>\n<meta property=\"og:site_name\" content=\"Kapitalis\" \/>\n<meta property=\"article:publisher\" content=\"https:\/\/www.facebook.com\/KapitalisInfo\/\" \/>\n<meta property=\"article:published_time\" content=\"2023-10-09T07:40:58+00:00\" \/>\n<meta property=\"article:modified_time\" content=\"2023-10-09T07:41:00+00:00\" \/>\n<meta property=\"og:image\" content=\"https:\/\/kapitalis.com\/tunisie\/wp-content\/uploads\/2023\/10\/Faouzia-Zouari.jpg\" \/>\n\t<meta property=\"og:image:width\" content=\"1200\" \/>\n\t<meta property=\"og:image:height\" content=\"630\" \/>\n\t<meta property=\"og:image:type\" content=\"image\/jpeg\" \/>\n<meta name=\"author\" content=\"webmaster kapitalis\" \/>\n<meta name=\"twitter:card\" content=\"summary_large_image\" \/>\n<meta name=\"twitter:creator\" content=\"@KapitalisInfo\" \/>\n<meta name=\"twitter:site\" content=\"@KapitalisInfo\" \/>\n<meta name=\"twitter:label1\" content=\"\u00c9crit par\" \/>\n\t<meta name=\"twitter:data1\" content=\"webmaster kapitalis\" \/>\n\t<meta name=\"twitter:label2\" content=\"Dur\u00e9e de lecture estim\u00e9e\" \/>\n\t<meta name=\"twitter:data2\" content=\"2 minutes\" \/>\n<script type=\"application\/ld+json\" class=\"yoast-schema-graph\">{\"@context\":\"https:\/\/schema.org\",\"@graph\":[{\"@type\":\"Article\",\"@id\":\"https:\/\/kapitalis.com\/tunisie\/2023\/10\/09\/faouzia-zouari-sur-la-1ere-liste-du-prix-du-livre-europeen-mediterraneen\/#article\",\"isPartOf\":{\"@id\":\"https:\/\/kapitalis.com\/tunisie\/2023\/10\/09\/faouzia-zouari-sur-la-1ere-liste-du-prix-du-livre-europeen-mediterraneen\/\"},\"author\":{\"name\":\"webmaster kapitalis\",\"@id\":\"https:\/\/kapitalis.com\/tunisie\/#\/schema\/person\/d71f33a9ca44f7bad4698210b480c8e9\"},\"headline\":\"Faouzia Zouari sur la 1\u00e8re liste du Prix du livre europ\u00e9en &amp; m\u00e9diterran\u00e9en\",\"datePublished\":\"2023-10-09T07:40:58+00:00\",\"dateModified\":\"2023-10-09T07:41:00+00:00\",\"mainEntityOfPage\":{\"@id\":\"https:\/\/kapitalis.com\/tunisie\/2023\/10\/09\/faouzia-zouari-sur-la-1ere-liste-du-prix-du-livre-europeen-mediterraneen\/\"},\"wordCount\":204,\"commentCount\":0,\"publisher\":{\"@id\":\"https:\/\/kapitalis.com\/tunisie\/#organization\"},\"image\":{\"@id\":\"https:\/\/kapitalis.com\/tunisie\/2023\/10\/09\/faouzia-zouari-sur-la-1ere-liste-du-prix-du-livre-europeen-mediterraneen\/#primaryimage\"},\"thumbnailUrl\":\"https:\/\/kapitalis.com\/tunisie\/wp-content\/uploads\/2023\/10\/Faouzia-Zouari.jpg\",\"keywords\":[\"Faouzia Zouari\",\"Prix du livre europ\u00e9en &amp; m\u00e9diterran\u00e9en\",\"Tunisie\"],\"articleSection\":[\"CULTURE\",\"Tunisie\"],\"inLanguage\":\"fr-FR\",\"potentialAction\":[{\"@type\":\"CommentAction\",\"name\":\"Comment\",\"target\":[\"https:\/\/kapitalis.com\/tunisie\/2023\/10\/09\/faouzia-zouari-sur-la-1ere-liste-du-prix-du-livre-europeen-mediterraneen\/#respond\"]}]},{\"@type\":\"WebPage\",\"@id\":\"https:\/\/kapitalis.com\/tunisie\/2023\/10\/09\/faouzia-zouari-sur-la-1ere-liste-du-prix-du-livre-europeen-mediterraneen\/\",\"url\":\"https:\/\/kapitalis.com\/tunisie\/2023\/10\/09\/faouzia-zouari-sur-la-1ere-liste-du-prix-du-livre-europeen-mediterraneen\/\",\"name\":\"Faouzia Zouari sur la 1\u00e8re liste du Prix du livre europ\u00e9en &amp; m\u00e9diterran\u00e9en - Kapitalis\",\"isPartOf\":{\"@id\":\"https:\/\/kapitalis.com\/tunisie\/#website\"},\"primaryImageOfPage\":{\"@id\":\"https:\/\/kapitalis.com\/tunisie\/2023\/10\/09\/faouzia-zouari-sur-la-1ere-liste-du-prix-du-livre-europeen-mediterraneen\/#primaryimage\"},\"image\":{\"@id\":\"https:\/\/kapitalis.com\/tunisie\/2023\/10\/09\/faouzia-zouari-sur-la-1ere-liste-du-prix-du-livre-europeen-mediterraneen\/#primaryimage\"},\"thumbnailUrl\":\"https:\/\/kapitalis.com\/tunisie\/wp-content\/uploads\/2023\/10\/Faouzia-Zouari.jpg\",\"datePublished\":\"2023-10-09T07:40:58+00:00\",\"dateModified\":\"2023-10-09T07:41:00+00:00\",\"breadcrumb\":{\"@id\":\"https:\/\/kapitalis.com\/tunisie\/2023\/10\/09\/faouzia-zouari-sur-la-1ere-liste-du-prix-du-livre-europeen-mediterraneen\/#breadcrumb\"},\"inLanguage\":\"fr-FR\",\"potentialAction\":[{\"@type\":\"ReadAction\",\"target\":[\"https:\/\/kapitalis.com\/tunisie\/2023\/10\/09\/faouzia-zouari-sur-la-1ere-liste-du-prix-du-livre-europeen-mediterraneen\/\"]}]},{\"@type\":\"ImageObject\",\"inLanguage\":\"fr-FR\",\"@id\":\"https:\/\/kapitalis.com\/tunisie\/2023\/10\/09\/faouzia-zouari-sur-la-1ere-liste-du-prix-du-livre-europeen-mediterraneen\/#primaryimage\",\"url\":\"https:\/\/kapitalis.com\/tunisie\/wp-content\/uploads\/2023\/10\/Faouzia-Zouari.jpg\",\"contentUrl\":\"https:\/\/kapitalis.com\/tunisie\/wp-content\/uploads\/2023\/10\/Faouzia-Zouari.jpg\",\"width\":1200,\"height\":630},{\"@type\":\"BreadcrumbList\",\"@id\":\"https:\/\/kapitalis.com\/tunisie\/2023\/10\/09\/faouzia-zouari-sur-la-1ere-liste-du-prix-du-livre-europeen-mediterraneen\/#breadcrumb\",\"itemListElement\":[{\"@type\":\"ListItem\",\"position\":1,\"name\":\"Accueil\",\"item\":\"https:\/\/kapitalis.com\/tunisie\/\"},{\"@type\":\"ListItem\",\"position\":2,\"name\":\"Faouzia Zouari sur la 1\u00e8re liste du Prix du livre europ\u00e9en &amp; m\u00e9diterran\u00e9en\"}]},{\"@type\":\"WebSite\",\"@id\":\"https:\/\/kapitalis.com\/tunisie\/#website\",\"url\":\"https:\/\/kapitalis.com\/tunisie\/\",\"name\":\"Kapitalis\",\"description\":\"L&#039;actualit\u00e9 en Tunisie et dans le monde\",\"publisher\":{\"@id\":\"https:\/\/kapitalis.com\/tunisie\/#organization\"},\"potentialAction\":[{\"@type\":\"SearchAction\",\"target\":{\"@type\":\"EntryPoint\",\"urlTemplate\":\"https:\/\/kapitalis.com\/tunisie\/?s={search_term_string}\"},\"query-input\":{\"@type\":\"PropertyValueSpecification\",\"valueRequired\":true,\"valueName\":\"search_term_string\"}}],\"inLanguage\":\"fr-FR\"},{\"@type\":\"Organization\",\"@id\":\"https:\/\/kapitalis.com\/tunisie\/#organization\",\"name\":\"Kapitalis\",\"url\":\"https:\/\/kapitalis.com\/tunisie\/\",\"logo\":{\"@type\":\"ImageObject\",\"inLanguage\":\"fr-FR\",\"@id\":\"https:\/\/kapitalis.com\/tunisie\/#\/schema\/logo\/image\/\",\"url\":\"https:\/\/kapitalis.com\/tunisie\/wp-content\/uploads\/2022\/05\/Kapitalis-big-size.png\",\"contentUrl\":\"https:\/\/kapitalis.com\/tunisie\/wp-content\/uploads\/2022\/05\/Kapitalis-big-size.png\",\"width\":5000,\"height\":1500,\"caption\":\"Kapitalis\"},\"image\":{\"@id\":\"https:\/\/kapitalis.com\/tunisie\/#\/schema\/logo\/image\/\"},\"sameAs\":[\"https:\/\/www.facebook.com\/KapitalisInfo\/\",\"https:\/\/x.com\/KapitalisInfo\",\"https:\/\/www.youtube.com\/channel\/UC-yDYrHyfFBWWZaOw3FPg9Q\"]},{\"@type\":\"Person\",\"@id\":\"https:\/\/kapitalis.com\/tunisie\/#\/schema\/person\/d71f33a9ca44f7bad4698210b480c8e9\",\"name\":\"webmaster kapitalis\",\"url\":\"https:\/\/kapitalis.com\/tunisie\/author\/webmaster-kapitalis\/\"}]}<\/script>\n<!-- \/ Yoast SEO plugin. -->","yoast_head_json":{"title":"Faouzia Zouari sur la 1\u00e8re liste du Prix du livre europ\u00e9en &amp; m\u00e9diterran\u00e9en - Kapitalis","robots":{"index":"index","follow":"follow","max-snippet":"max-snippet:-1","max-image-preview":"max-image-preview:large","max-video-preview":"max-video-preview:-1"},"canonical":"https:\/\/kapitalis.com\/tunisie\/2023\/10\/09\/faouzia-zouari-sur-la-1ere-liste-du-prix-du-livre-europeen-mediterraneen\/","og_locale":"fr_FR","og_type":"article","og_title":"Faouzia Zouari sur la 1\u00e8re liste du Prix du livre europ\u00e9en &amp; m\u00e9diterran\u00e9en - Kapitalis","og_description":"Le dernier roman \u2018\u2018Par le fil je t'ai cousue\u2019\u2019 de la romanci\u00e8re franco-tunisienne Faouzia Zouari sur la 1\u00e8re liste du Prix du livre europ\u00e9en & m\u00e9diterran\u00e9en.","og_url":"https:\/\/kapitalis.com\/tunisie\/2023\/10\/09\/faouzia-zouari-sur-la-1ere-liste-du-prix-du-livre-europeen-mediterraneen\/","og_site_name":"Kapitalis","article_publisher":"https:\/\/www.facebook.com\/KapitalisInfo\/","article_published_time":"2023-10-09T07:40:58+00:00","article_modified_time":"2023-10-09T07:41:00+00:00","og_image":[{"width":1200,"height":630,"url":"https:\/\/kapitalis.com\/tunisie\/wp-content\/uploads\/2023\/10\/Faouzia-Zouari.jpg","type":"image\/jpeg"}],"author":"webmaster kapitalis","twitter_card":"summary_large_image","twitter_creator":"@KapitalisInfo","twitter_site":"@KapitalisInfo","twitter_misc":{"\u00c9crit par":"webmaster kapitalis","Dur\u00e9e de lecture estim\u00e9e":"2 minutes"},"schema":{"@context":"https:\/\/schema.org","@graph":[{"@type":"Article","@id":"https:\/\/kapitalis.com\/tunisie\/2023\/10\/09\/faouzia-zouari-sur-la-1ere-liste-du-prix-du-livre-europeen-mediterraneen\/#article","isPartOf":{"@id":"https:\/\/kapitalis.com\/tunisie\/2023\/10\/09\/faouzia-zouari-sur-la-1ere-liste-du-prix-du-livre-europeen-mediterraneen\/"},"author":{"name":"webmaster kapitalis","@id":"https:\/\/kapitalis.com\/tunisie\/#\/schema\/person\/d71f33a9ca44f7bad4698210b480c8e9"},"headline":"Faouzia Zouari sur la 1\u00e8re liste du Prix du livre europ\u00e9en &amp; m\u00e9diterran\u00e9en","datePublished":"2023-10-09T07:40:58+00:00","dateModified":"2023-10-09T07:41:00+00:00","mainEntityOfPage":{"@id":"https:\/\/kapitalis.com\/tunisie\/2023\/10\/09\/faouzia-zouari-sur-la-1ere-liste-du-prix-du-livre-europeen-mediterraneen\/"},"wordCount":204,"commentCount":0,"publisher":{"@id":"https:\/\/kapitalis.com\/tunisie\/#organization"},"image":{"@id":"https:\/\/kapitalis.com\/tunisie\/2023\/10\/09\/faouzia-zouari-sur-la-1ere-liste-du-prix-du-livre-europeen-mediterraneen\/#primaryimage"},"thumbnailUrl":"https:\/\/kapitalis.com\/tunisie\/wp-content\/uploads\/2023\/10\/Faouzia-Zouari.jpg","keywords":["Faouzia Zouari","Prix du livre europ\u00e9en &amp; m\u00e9diterran\u00e9en","Tunisie"],"articleSection":["CULTURE","Tunisie"],"inLanguage":"fr-FR","potentialAction":[{"@type":"CommentAction","name":"Comment","target":["https:\/\/kapitalis.com\/tunisie\/2023\/10\/09\/faouzia-zouari-sur-la-1ere-liste-du-prix-du-livre-europeen-mediterraneen\/#respond"]}]},{"@type":"WebPage","@id":"https:\/\/kapitalis.com\/tunisie\/2023\/10\/09\/faouzia-zouari-sur-la-1ere-liste-du-prix-du-livre-europeen-mediterraneen\/","url":"https:\/\/kapitalis.com\/tunisie\/2023\/10\/09\/faouzia-zouari-sur-la-1ere-liste-du-prix-du-livre-europeen-mediterraneen\/","name":"Faouzia Zouari sur la 1\u00e8re liste du Prix du livre europ\u00e9en &amp; m\u00e9diterran\u00e9en - Kapitalis","isPartOf":{"@id":"https:\/\/kapitalis.com\/tunisie\/#website"},"primaryImageOfPage":{"@id":"https:\/\/kapitalis.com\/tunisie\/2023\/10\/09\/faouzia-zouari-sur-la-1ere-liste-du-prix-du-livre-europeen-mediterraneen\/#primaryimage"},"image":{"@id":"https:\/\/kapitalis.com\/tunisie\/2023\/10\/09\/faouzia-zouari-sur-la-1ere-liste-du-prix-du-livre-europeen-mediterraneen\/#primaryimage"},"thumbnailUrl":"https:\/\/kapitalis.com\/tunisie\/wp-content\/uploads\/2023\/10\/Faouzia-Zouari.jpg","datePublished":"2023-10-09T07:40:58+00:00","dateModified":"2023-10-09T07:41:00+00:00","breadcrumb":{"@id":"https:\/\/kapitalis.com\/tunisie\/2023\/10\/09\/faouzia-zouari-sur-la-1ere-liste-du-prix-du-livre-europeen-mediterraneen\/#breadcrumb"},"inLanguage":"fr-FR","potentialAction":[{"@type":"ReadAction","target":["https:\/\/kapitalis.com\/tunisie\/2023\/10\/09\/faouzia-zouari-sur-la-1ere-liste-du-prix-du-livre-europeen-mediterraneen\/"]}]},{"@type":"ImageObject","inLanguage":"fr-FR","@id":"https:\/\/kapitalis.com\/tunisie\/2023\/10\/09\/faouzia-zouari-sur-la-1ere-liste-du-prix-du-livre-europeen-mediterraneen\/#primaryimage","url":"https:\/\/kapitalis.com\/tunisie\/wp-content\/uploads\/2023\/10\/Faouzia-Zouari.jpg","contentUrl":"https:\/\/kapitalis.com\/tunisie\/wp-content\/uploads\/2023\/10\/Faouzia-Zouari.jpg","width":1200,"height":630},{"@type":"BreadcrumbList","@id":"https:\/\/kapitalis.com\/tunisie\/2023\/10\/09\/faouzia-zouari-sur-la-1ere-liste-du-prix-du-livre-europeen-mediterraneen\/#breadcrumb","itemListElement":[{"@type":"ListItem","position":1,"name":"Accueil","item":"https:\/\/kapitalis.com\/tunisie\/"},{"@type":"ListItem","position":2,"name":"Faouzia Zouari sur la 1\u00e8re liste du Prix du livre europ\u00e9en &amp; m\u00e9diterran\u00e9en"}]},{"@type":"WebSite","@id":"https:\/\/kapitalis.com\/tunisie\/#website","url":"https:\/\/kapitalis.com\/tunisie\/","name":"Kapitalis","description":"L&#039;actualit\u00e9 en Tunisie et dans le monde","publisher":{"@id":"https:\/\/kapitalis.com\/tunisie\/#organization"},"potentialAction":[{"@type":"SearchAction","target":{"@type":"EntryPoint","urlTemplate":"https:\/\/kapitalis.com\/tunisie\/?s={search_term_string}"},"query-input":{"@type":"PropertyValueSpecification","valueRequired":true,"valueName":"search_term_string"}}],"inLanguage":"fr-FR"},{"@type":"Organization","@id":"https:\/\/kapitalis.com\/tunisie\/#organization","name":"Kapitalis","url":"https:\/\/kapitalis.com\/tunisie\/","logo":{"@type":"ImageObject","inLanguage":"fr-FR","@id":"https:\/\/kapitalis.com\/tunisie\/#\/schema\/logo\/image\/","url":"https:\/\/kapitalis.com\/tunisie\/wp-content\/uploads\/2022\/05\/Kapitalis-big-size.png","contentUrl":"https:\/\/kapitalis.com\/tunisie\/wp-content\/uploads\/2022\/05\/Kapitalis-big-size.png","width":5000,"height":1500,"caption":"Kapitalis"},"image":{"@id":"https:\/\/kapitalis.com\/tunisie\/#\/schema\/logo\/image\/"},"sameAs":["https:\/\/www.facebook.com\/KapitalisInfo\/","https:\/\/x.com\/KapitalisInfo","https:\/\/www.youtube.com\/channel\/UC-yDYrHyfFBWWZaOw3FPg9Q"]},{"@type":"Person","@id":"https:\/\/kapitalis.com\/tunisie\/#\/schema\/person\/d71f33a9ca44f7bad4698210b480c8e9","name":"webmaster kapitalis","url":"https:\/\/kapitalis.com\/tunisie\/author\/webmaster-kapitalis\/"}]}},"_links":{"self":[{"href":"https:\/\/kapitalis.com\/tunisie\/wp-json\/wp\/v2\/posts\/10090001","targetHints":{"allow":["GET"]}}],"collection":[{"href":"https:\/\/kapitalis.com\/tunisie\/wp-json\/wp\/v2\/posts"}],"about":[{"href":"https:\/\/kapitalis.com\/tunisie\/wp-json\/wp\/v2\/types\/post"}],"author":[{"embeddable":true,"href":"https:\/\/kapitalis.com\/tunisie\/wp-json\/wp\/v2\/users\/8"}],"replies":[{"embeddable":true,"href":"https:\/\/kapitalis.com\/tunisie\/wp-json\/wp\/v2\/comments?post=10090001"}],"version-history":[{"count":1,"href":"https:\/\/kapitalis.com\/tunisie\/wp-json\/wp\/v2\/posts\/10090001\/revisions"}],"predecessor-version":[{"id":10090081,"href":"https:\/\/kapitalis.com\/tunisie\/wp-json\/wp\/v2\/posts\/10090001\/revisions\/10090081"}],"wp:featuredmedia":[{"embeddable":true,"href":"https:\/\/kapitalis.com\/tunisie\/wp-json\/wp\/v2\/media\/10090069"}],"wp:attachment":[{"href":"https:\/\/kapitalis.com\/tunisie\/wp-json\/wp\/v2\/media?parent=10090001"}],"wp:term":[{"taxonomy":"category","embeddable":true,"href":"https:\/\/kapitalis.com\/tunisie\/wp-json\/wp\/v2\/categories?post=10090001"},{"taxonomy":"post_tag","embeddable":true,"href":"https:\/\/kapitalis.com\/tunisie\/wp-json\/wp\/v2\/tags?post=10090001"}],"curies":[{"name":"wp","href":"https:\/\/api.w.org\/{rel}","templated":true}]}}