{"id":10091652,"date":"2023-10-09T12:47:16","date_gmt":"2023-10-09T11:47:16","guid":{"rendered":"https:\/\/kapitalis.com\/tunisie\/?p=10091652"},"modified":"2023-10-09T12:47:18","modified_gmt":"2023-10-09T11:47:18","slug":"ouided-bouchamaoui-laureate-du-prix-lysistrata-2023","status":"publish","type":"post","link":"https:\/\/kapitalis.com\/tunisie\/2023\/10\/09\/ouided-bouchamaoui-laureate-du-prix-lysistrata-2023\/","title":{"rendered":"Ouided Bouchamaoui laur\u00e9ate du Prix Lysistrata 2023"},"content":{"rendered":"\n<p><strong><em>Ouided Bouchamaoui, ancienne pr\u00e9sidente de l\u2019Union tunisienne de l\u2019industrie, du commerce et de l\u2019artisanat (Utica), Prix Nobel de la Paix 2015, est la laur\u00e9ate pour la rive sud du Prix Lysistrata pour la promotion du r\u00e8glement pacifique des conflits par la m\u00e9diation.<\/em><\/strong><\/p>\n\n\n\n<!--more-->\n\n\n\n<p>Les autres laur\u00e9ats de cette ann\u00e9e 2023 sont, pour la rive nord, Annelles Verlinden, ministre de l\u2019Int\u00e9rieur, des R\u00e9formes institutionnelles et du Renouveau d\u00e9mocratique en\u00a0Belgique, et pour le pays d\u2019accueil, le fondateur et pr\u00e9sident du Laboratoire de la Paix, P\u00e8re Dijonisju Mintoff \u00e0 Malte.<\/p>\n\n\n\n<p>La c\u00e9r\u00e9monie de remise du prix aura lieu jeudi 19 octobre 2023 \u00e0 18 heures \u00e0 la Villa Brighi \u00e0 Kalkara (Malte), dans le cadre de la c\u00e9l\u00e9bration de la Journ\u00e9e mondiale de la r\u00e9solution pacifique des conflits, en pr\u00e9sence du ministre des Affaires \u00e9trang\u00e8res et europ\u00e9ennes et du Commerce, Ian Borg, la fondatrice et pr\u00e9sidente de la fondation pour le bien-\u00eatre sociale, Marie-Louise Coleiro Preca, le pr\u00e9sident du programme Med 21, Mohamed Aziza, la directrice de l\u2019Institut de m\u00e9diation Guillaume-Hofnung, Michelle Guillaume-Hofnung. \u00a0<\/p>\n\n\n\n<p><em>\u2018\u2018Lysistrata\u2019\u2019<\/em> est une com\u00e9die grecque antique compos\u00e9e d\u2019un acte unique, \u00e9crite en 411 av. J.-C. par Aristophane qui\u00a0imagine pour les femmes un mot d\u2019ordre efficace\u00a0: <em>\u00abPour arr\u00eater la guerre, refusez-vous \u00e0 vos maris.\u00bb <\/em>Le gouvernement des femmes imagin\u00e9 par le dramaturge grec est une forme d\u2019utopie, incarnant son r\u00eave de paix et de bonheur, inventant la paix perp\u00e9tuelle.<\/p>\n\n\n\n<p class=\"has-text-align-right\"><strong>I. B.<\/strong> <\/p>\n","protected":false},"excerpt":{"rendered":"<p>Ouided Bouchamaoui d\u00e9sign\u00e9e laur\u00e9ate du prix Lysisrata 2023.  <\/p>\n","protected":false},"author":8,"featured_media":10091697,"comment_status":"open","ping_status":"open","sticky":false,"template":"","format":"standard","meta":{"footnotes":""},"categories":[997,2433],"tags":[111448,7317,94352,10871,111449,111447,62643],"class_list":["post-10091652","post","type-post","status-publish","format-standard","has-post-thumbnail","hentry","category-politique","category-tunisie","tag-annelles-verlinden","tag-malte","tag-mohamed-aziza","tag-ouided-bouchamaoui","tag-pere-dijonisju-mintoff","tag-prix-lysistrata","tag-tunisie"],"yoast_head":"<!-- This site is optimized with the Yoast SEO plugin v26.6 - https:\/\/yoast.com\/wordpress\/plugins\/seo\/ -->\n<title>Ouided Bouchamaoui laur\u00e9ate du Prix Lysistrata 2023 - Kapitalis<\/title>\n<meta name=\"robots\" content=\"index, follow, max-snippet:-1, max-image-preview:large, max-video-preview:-1\" \/>\n<link rel=\"canonical\" href=\"https:\/\/kapitalis.com\/tunisie\/2023\/10\/09\/ouided-bouchamaoui-laureate-du-prix-lysistrata-2023\/\" \/>\n<meta property=\"og:locale\" content=\"fr_FR\" \/>\n<meta property=\"og:type\" content=\"article\" \/>\n<meta property=\"og:title\" content=\"Ouided Bouchamaoui laur\u00e9ate du Prix Lysistrata 2023 - Kapitalis\" \/>\n<meta property=\"og:description\" content=\"Ouided Bouchamaoui d\u00e9sign\u00e9e laur\u00e9ate du prix Lysisrata 2023.\" \/>\n<meta property=\"og:url\" content=\"https:\/\/kapitalis.com\/tunisie\/2023\/10\/09\/ouided-bouchamaoui-laureate-du-prix-lysistrata-2023\/\" \/>\n<meta property=\"og:site_name\" content=\"Kapitalis\" \/>\n<meta property=\"article:publisher\" content=\"https:\/\/www.facebook.com\/KapitalisInfo\/\" \/>\n<meta property=\"article:published_time\" content=\"2023-10-09T11:47:16+00:00\" \/>\n<meta property=\"article:modified_time\" content=\"2023-10-09T11:47:18+00:00\" \/>\n<meta property=\"og:image\" content=\"https:\/\/kapitalis.com\/tunisie\/wp-content\/uploads\/2023\/10\/Ouided-Bouchamaoui.jpg\" \/>\n\t<meta property=\"og:image:width\" content=\"1200\" \/>\n\t<meta property=\"og:image:height\" content=\"630\" \/>\n\t<meta property=\"og:image:type\" content=\"image\/jpeg\" \/>\n<meta name=\"author\" content=\"webmaster kapitalis\" \/>\n<meta name=\"twitter:card\" content=\"summary_large_image\" \/>\n<meta name=\"twitter:creator\" content=\"@KapitalisInfo\" \/>\n<meta name=\"twitter:site\" content=\"@KapitalisInfo\" \/>\n<meta name=\"twitter:label1\" content=\"\u00c9crit par\" \/>\n\t<meta name=\"twitter:data1\" content=\"webmaster kapitalis\" \/>\n\t<meta name=\"twitter:label2\" content=\"Dur\u00e9e de lecture estim\u00e9e\" \/>\n\t<meta name=\"twitter:data2\" content=\"2 minutes\" \/>\n<script type=\"application\/ld+json\" class=\"yoast-schema-graph\">{\"@context\":\"https:\/\/schema.org\",\"@graph\":[{\"@type\":\"Article\",\"@id\":\"https:\/\/kapitalis.com\/tunisie\/2023\/10\/09\/ouided-bouchamaoui-laureate-du-prix-lysistrata-2023\/#article\",\"isPartOf\":{\"@id\":\"https:\/\/kapitalis.com\/tunisie\/2023\/10\/09\/ouided-bouchamaoui-laureate-du-prix-lysistrata-2023\/\"},\"author\":{\"name\":\"webmaster kapitalis\",\"@id\":\"https:\/\/kapitalis.com\/tunisie\/#\/schema\/person\/d71f33a9ca44f7bad4698210b480c8e9\"},\"headline\":\"Ouided Bouchamaoui laur\u00e9ate du Prix Lysistrata 2023\",\"datePublished\":\"2023-10-09T11:47:16+00:00\",\"dateModified\":\"2023-10-09T11:47:18+00:00\",\"mainEntityOfPage\":{\"@id\":\"https:\/\/kapitalis.com\/tunisie\/2023\/10\/09\/ouided-bouchamaoui-laureate-du-prix-lysistrata-2023\/\"},\"wordCount\":265,\"commentCount\":0,\"publisher\":{\"@id\":\"https:\/\/kapitalis.com\/tunisie\/#organization\"},\"image\":{\"@id\":\"https:\/\/kapitalis.com\/tunisie\/2023\/10\/09\/ouided-bouchamaoui-laureate-du-prix-lysistrata-2023\/#primaryimage\"},\"thumbnailUrl\":\"https:\/\/kapitalis.com\/tunisie\/wp-content\/uploads\/2023\/10\/Ouided-Bouchamaoui.jpg\",\"keywords\":[\"Annelles Verlinden\",\"Malte\",\"Mohamed Aziza\",\"Ouided Bouchamaoui\",\"P\u00e8re Dijonisju Mintoff\",\"Prix Lysistrata\",\"Tunisie\"],\"articleSection\":[\"POLITIQUE\",\"Tunisie\"],\"inLanguage\":\"fr-FR\",\"potentialAction\":[{\"@type\":\"CommentAction\",\"name\":\"Comment\",\"target\":[\"https:\/\/kapitalis.com\/tunisie\/2023\/10\/09\/ouided-bouchamaoui-laureate-du-prix-lysistrata-2023\/#respond\"]}]},{\"@type\":\"WebPage\",\"@id\":\"https:\/\/kapitalis.com\/tunisie\/2023\/10\/09\/ouided-bouchamaoui-laureate-du-prix-lysistrata-2023\/\",\"url\":\"https:\/\/kapitalis.com\/tunisie\/2023\/10\/09\/ouided-bouchamaoui-laureate-du-prix-lysistrata-2023\/\",\"name\":\"Ouided Bouchamaoui laur\u00e9ate du Prix Lysistrata 2023 - Kapitalis\",\"isPartOf\":{\"@id\":\"https:\/\/kapitalis.com\/tunisie\/#website\"},\"primaryImageOfPage\":{\"@id\":\"https:\/\/kapitalis.com\/tunisie\/2023\/10\/09\/ouided-bouchamaoui-laureate-du-prix-lysistrata-2023\/#primaryimage\"},\"image\":{\"@id\":\"https:\/\/kapitalis.com\/tunisie\/2023\/10\/09\/ouided-bouchamaoui-laureate-du-prix-lysistrata-2023\/#primaryimage\"},\"thumbnailUrl\":\"https:\/\/kapitalis.com\/tunisie\/wp-content\/uploads\/2023\/10\/Ouided-Bouchamaoui.jpg\",\"datePublished\":\"2023-10-09T11:47:16+00:00\",\"dateModified\":\"2023-10-09T11:47:18+00:00\",\"breadcrumb\":{\"@id\":\"https:\/\/kapitalis.com\/tunisie\/2023\/10\/09\/ouided-bouchamaoui-laureate-du-prix-lysistrata-2023\/#breadcrumb\"},\"inLanguage\":\"fr-FR\",\"potentialAction\":[{\"@type\":\"ReadAction\",\"target\":[\"https:\/\/kapitalis.com\/tunisie\/2023\/10\/09\/ouided-bouchamaoui-laureate-du-prix-lysistrata-2023\/\"]}]},{\"@type\":\"ImageObject\",\"inLanguage\":\"fr-FR\",\"@id\":\"https:\/\/kapitalis.com\/tunisie\/2023\/10\/09\/ouided-bouchamaoui-laureate-du-prix-lysistrata-2023\/#primaryimage\",\"url\":\"https:\/\/kapitalis.com\/tunisie\/wp-content\/uploads\/2023\/10\/Ouided-Bouchamaoui.jpg\",\"contentUrl\":\"https:\/\/kapitalis.com\/tunisie\/wp-content\/uploads\/2023\/10\/Ouided-Bouchamaoui.jpg\",\"width\":1200,\"height\":630},{\"@type\":\"BreadcrumbList\",\"@id\":\"https:\/\/kapitalis.com\/tunisie\/2023\/10\/09\/ouided-bouchamaoui-laureate-du-prix-lysistrata-2023\/#breadcrumb\",\"itemListElement\":[{\"@type\":\"ListItem\",\"position\":1,\"name\":\"Accueil\",\"item\":\"https:\/\/kapitalis.com\/tunisie\/\"},{\"@type\":\"ListItem\",\"position\":2,\"name\":\"Ouided Bouchamaoui laur\u00e9ate du Prix Lysistrata 2023\"}]},{\"@type\":\"WebSite\",\"@id\":\"https:\/\/kapitalis.com\/tunisie\/#website\",\"url\":\"https:\/\/kapitalis.com\/tunisie\/\",\"name\":\"Kapitalis\",\"description\":\"L&#039;actualit\u00e9 en Tunisie et dans le monde\",\"publisher\":{\"@id\":\"https:\/\/kapitalis.com\/tunisie\/#organization\"},\"potentialAction\":[{\"@type\":\"SearchAction\",\"target\":{\"@type\":\"EntryPoint\",\"urlTemplate\":\"https:\/\/kapitalis.com\/tunisie\/?s={search_term_string}\"},\"query-input\":{\"@type\":\"PropertyValueSpecification\",\"valueRequired\":true,\"valueName\":\"search_term_string\"}}],\"inLanguage\":\"fr-FR\"},{\"@type\":\"Organization\",\"@id\":\"https:\/\/kapitalis.com\/tunisie\/#organization\",\"name\":\"Kapitalis\",\"url\":\"https:\/\/kapitalis.com\/tunisie\/\",\"logo\":{\"@type\":\"ImageObject\",\"inLanguage\":\"fr-FR\",\"@id\":\"https:\/\/kapitalis.com\/tunisie\/#\/schema\/logo\/image\/\",\"url\":\"https:\/\/kapitalis.com\/tunisie\/wp-content\/uploads\/2022\/05\/Kapitalis-big-size.png\",\"contentUrl\":\"https:\/\/kapitalis.com\/tunisie\/wp-content\/uploads\/2022\/05\/Kapitalis-big-size.png\",\"width\":5000,\"height\":1500,\"caption\":\"Kapitalis\"},\"image\":{\"@id\":\"https:\/\/kapitalis.com\/tunisie\/#\/schema\/logo\/image\/\"},\"sameAs\":[\"https:\/\/www.facebook.com\/KapitalisInfo\/\",\"https:\/\/x.com\/KapitalisInfo\",\"https:\/\/www.youtube.com\/channel\/UC-yDYrHyfFBWWZaOw3FPg9Q\"]},{\"@type\":\"Person\",\"@id\":\"https:\/\/kapitalis.com\/tunisie\/#\/schema\/person\/d71f33a9ca44f7bad4698210b480c8e9\",\"name\":\"webmaster kapitalis\",\"url\":\"https:\/\/kapitalis.com\/tunisie\/author\/webmaster-kapitalis\/\"}]}<\/script>\n<!-- \/ Yoast SEO plugin. -->","yoast_head_json":{"title":"Ouided Bouchamaoui laur\u00e9ate du Prix Lysistrata 2023 - Kapitalis","robots":{"index":"index","follow":"follow","max-snippet":"max-snippet:-1","max-image-preview":"max-image-preview:large","max-video-preview":"max-video-preview:-1"},"canonical":"https:\/\/kapitalis.com\/tunisie\/2023\/10\/09\/ouided-bouchamaoui-laureate-du-prix-lysistrata-2023\/","og_locale":"fr_FR","og_type":"article","og_title":"Ouided Bouchamaoui laur\u00e9ate du Prix Lysistrata 2023 - Kapitalis","og_description":"Ouided Bouchamaoui d\u00e9sign\u00e9e laur\u00e9ate du prix Lysisrata 2023.","og_url":"https:\/\/kapitalis.com\/tunisie\/2023\/10\/09\/ouided-bouchamaoui-laureate-du-prix-lysistrata-2023\/","og_site_name":"Kapitalis","article_publisher":"https:\/\/www.facebook.com\/KapitalisInfo\/","article_published_time":"2023-10-09T11:47:16+00:00","article_modified_time":"2023-10-09T11:47:18+00:00","og_image":[{"width":1200,"height":630,"url":"https:\/\/kapitalis.com\/tunisie\/wp-content\/uploads\/2023\/10\/Ouided-Bouchamaoui.jpg","type":"image\/jpeg"}],"author":"webmaster kapitalis","twitter_card":"summary_large_image","twitter_creator":"@KapitalisInfo","twitter_site":"@KapitalisInfo","twitter_misc":{"\u00c9crit par":"webmaster kapitalis","Dur\u00e9e de lecture estim\u00e9e":"2 minutes"},"schema":{"@context":"https:\/\/schema.org","@graph":[{"@type":"Article","@id":"https:\/\/kapitalis.com\/tunisie\/2023\/10\/09\/ouided-bouchamaoui-laureate-du-prix-lysistrata-2023\/#article","isPartOf":{"@id":"https:\/\/kapitalis.com\/tunisie\/2023\/10\/09\/ouided-bouchamaoui-laureate-du-prix-lysistrata-2023\/"},"author":{"name":"webmaster kapitalis","@id":"https:\/\/kapitalis.com\/tunisie\/#\/schema\/person\/d71f33a9ca44f7bad4698210b480c8e9"},"headline":"Ouided Bouchamaoui laur\u00e9ate du Prix Lysistrata 2023","datePublished":"2023-10-09T11:47:16+00:00","dateModified":"2023-10-09T11:47:18+00:00","mainEntityOfPage":{"@id":"https:\/\/kapitalis.com\/tunisie\/2023\/10\/09\/ouided-bouchamaoui-laureate-du-prix-lysistrata-2023\/"},"wordCount":265,"commentCount":0,"publisher":{"@id":"https:\/\/kapitalis.com\/tunisie\/#organization"},"image":{"@id":"https:\/\/kapitalis.com\/tunisie\/2023\/10\/09\/ouided-bouchamaoui-laureate-du-prix-lysistrata-2023\/#primaryimage"},"thumbnailUrl":"https:\/\/kapitalis.com\/tunisie\/wp-content\/uploads\/2023\/10\/Ouided-Bouchamaoui.jpg","keywords":["Annelles Verlinden","Malte","Mohamed Aziza","Ouided Bouchamaoui","P\u00e8re Dijonisju Mintoff","Prix Lysistrata","Tunisie"],"articleSection":["POLITIQUE","Tunisie"],"inLanguage":"fr-FR","potentialAction":[{"@type":"CommentAction","name":"Comment","target":["https:\/\/kapitalis.com\/tunisie\/2023\/10\/09\/ouided-bouchamaoui-laureate-du-prix-lysistrata-2023\/#respond"]}]},{"@type":"WebPage","@id":"https:\/\/kapitalis.com\/tunisie\/2023\/10\/09\/ouided-bouchamaoui-laureate-du-prix-lysistrata-2023\/","url":"https:\/\/kapitalis.com\/tunisie\/2023\/10\/09\/ouided-bouchamaoui-laureate-du-prix-lysistrata-2023\/","name":"Ouided Bouchamaoui laur\u00e9ate du Prix Lysistrata 2023 - Kapitalis","isPartOf":{"@id":"https:\/\/kapitalis.com\/tunisie\/#website"},"primaryImageOfPage":{"@id":"https:\/\/kapitalis.com\/tunisie\/2023\/10\/09\/ouided-bouchamaoui-laureate-du-prix-lysistrata-2023\/#primaryimage"},"image":{"@id":"https:\/\/kapitalis.com\/tunisie\/2023\/10\/09\/ouided-bouchamaoui-laureate-du-prix-lysistrata-2023\/#primaryimage"},"thumbnailUrl":"https:\/\/kapitalis.com\/tunisie\/wp-content\/uploads\/2023\/10\/Ouided-Bouchamaoui.jpg","datePublished":"2023-10-09T11:47:16+00:00","dateModified":"2023-10-09T11:47:18+00:00","breadcrumb":{"@id":"https:\/\/kapitalis.com\/tunisie\/2023\/10\/09\/ouided-bouchamaoui-laureate-du-prix-lysistrata-2023\/#breadcrumb"},"inLanguage":"fr-FR","potentialAction":[{"@type":"ReadAction","target":["https:\/\/kapitalis.com\/tunisie\/2023\/10\/09\/ouided-bouchamaoui-laureate-du-prix-lysistrata-2023\/"]}]},{"@type":"ImageObject","inLanguage":"fr-FR","@id":"https:\/\/kapitalis.com\/tunisie\/2023\/10\/09\/ouided-bouchamaoui-laureate-du-prix-lysistrata-2023\/#primaryimage","url":"https:\/\/kapitalis.com\/tunisie\/wp-content\/uploads\/2023\/10\/Ouided-Bouchamaoui.jpg","contentUrl":"https:\/\/kapitalis.com\/tunisie\/wp-content\/uploads\/2023\/10\/Ouided-Bouchamaoui.jpg","width":1200,"height":630},{"@type":"BreadcrumbList","@id":"https:\/\/kapitalis.com\/tunisie\/2023\/10\/09\/ouided-bouchamaoui-laureate-du-prix-lysistrata-2023\/#breadcrumb","itemListElement":[{"@type":"ListItem","position":1,"name":"Accueil","item":"https:\/\/kapitalis.com\/tunisie\/"},{"@type":"ListItem","position":2,"name":"Ouided Bouchamaoui laur\u00e9ate du Prix Lysistrata 2023"}]},{"@type":"WebSite","@id":"https:\/\/kapitalis.com\/tunisie\/#website","url":"https:\/\/kapitalis.com\/tunisie\/","name":"Kapitalis","description":"L&#039;actualit\u00e9 en Tunisie et dans le monde","publisher":{"@id":"https:\/\/kapitalis.com\/tunisie\/#organization"},"potentialAction":[{"@type":"SearchAction","target":{"@type":"EntryPoint","urlTemplate":"https:\/\/kapitalis.com\/tunisie\/?s={search_term_string}"},"query-input":{"@type":"PropertyValueSpecification","valueRequired":true,"valueName":"search_term_string"}}],"inLanguage":"fr-FR"},{"@type":"Organization","@id":"https:\/\/kapitalis.com\/tunisie\/#organization","name":"Kapitalis","url":"https:\/\/kapitalis.com\/tunisie\/","logo":{"@type":"ImageObject","inLanguage":"fr-FR","@id":"https:\/\/kapitalis.com\/tunisie\/#\/schema\/logo\/image\/","url":"https:\/\/kapitalis.com\/tunisie\/wp-content\/uploads\/2022\/05\/Kapitalis-big-size.png","contentUrl":"https:\/\/kapitalis.com\/tunisie\/wp-content\/uploads\/2022\/05\/Kapitalis-big-size.png","width":5000,"height":1500,"caption":"Kapitalis"},"image":{"@id":"https:\/\/kapitalis.com\/tunisie\/#\/schema\/logo\/image\/"},"sameAs":["https:\/\/www.facebook.com\/KapitalisInfo\/","https:\/\/x.com\/KapitalisInfo","https:\/\/www.youtube.com\/channel\/UC-yDYrHyfFBWWZaOw3FPg9Q"]},{"@type":"Person","@id":"https:\/\/kapitalis.com\/tunisie\/#\/schema\/person\/d71f33a9ca44f7bad4698210b480c8e9","name":"webmaster kapitalis","url":"https:\/\/kapitalis.com\/tunisie\/author\/webmaster-kapitalis\/"}]}},"_links":{"self":[{"href":"https:\/\/kapitalis.com\/tunisie\/wp-json\/wp\/v2\/posts\/10091652","targetHints":{"allow":["GET"]}}],"collection":[{"href":"https:\/\/kapitalis.com\/tunisie\/wp-json\/wp\/v2\/posts"}],"about":[{"href":"https:\/\/kapitalis.com\/tunisie\/wp-json\/wp\/v2\/types\/post"}],"author":[{"embeddable":true,"href":"https:\/\/kapitalis.com\/tunisie\/wp-json\/wp\/v2\/users\/8"}],"replies":[{"embeddable":true,"href":"https:\/\/kapitalis.com\/tunisie\/wp-json\/wp\/v2\/comments?post=10091652"}],"version-history":[{"count":1,"href":"https:\/\/kapitalis.com\/tunisie\/wp-json\/wp\/v2\/posts\/10091652\/revisions"}],"predecessor-version":[{"id":10091704,"href":"https:\/\/kapitalis.com\/tunisie\/wp-json\/wp\/v2\/posts\/10091652\/revisions\/10091704"}],"wp:featuredmedia":[{"embeddable":true,"href":"https:\/\/kapitalis.com\/tunisie\/wp-json\/wp\/v2\/media\/10091697"}],"wp:attachment":[{"href":"https:\/\/kapitalis.com\/tunisie\/wp-json\/wp\/v2\/media?parent=10091652"}],"wp:term":[{"taxonomy":"category","embeddable":true,"href":"https:\/\/kapitalis.com\/tunisie\/wp-json\/wp\/v2\/categories?post=10091652"},{"taxonomy":"post_tag","embeddable":true,"href":"https:\/\/kapitalis.com\/tunisie\/wp-json\/wp\/v2\/tags?post=10091652"}],"curies":[{"name":"wp","href":"https:\/\/api.w.org\/{rel}","templated":true}]}}