{"id":10108556,"date":"2023-10-11T09:55:46","date_gmt":"2023-10-11T08:55:46","guid":{"rendered":"https:\/\/kapitalis.com\/tunisie\/?p=10108556"},"modified":"2023-10-11T09:55:48","modified_gmt":"2023-10-11T08:55:48","slug":"djerba-patrimoine-mondial-lheure-est-a-la-mise-en-oeuvre","status":"publish","type":"post","link":"https:\/\/kapitalis.com\/tunisie\/2023\/10\/11\/djerba-patrimoine-mondial-lheure-est-a-la-mise-en-oeuvre\/","title":{"rendered":"Djerba, patrimoine mondial\u00a0: l\u2019heure est \u00e0 la mise en \u0153uvre"},"content":{"rendered":"\n<p><strong><em>Si le patrimoine culturel de Djerba est sorti aur\u00e9ol\u00e9 de la reconnaissance universelle de l&rsquo;Unesco, son environnement, en revanche, <strong><em>sombre<\/em><\/strong><\/em><\/strong> <strong><em>dans la laideur et la d\u00e9solation.<\/em><\/strong><\/p>\n\n\n\n<p>Par <strong>Naceur Bouabid <\/strong>*<\/p>\n\n\n\n<!--more-->\n\n\n<div class=\"wp-block-image\">\n<figure class=\"alignleft size-full\"><img decoding=\"async\" src=\"http:\/\/kapitalis.com\/tunisie\/wp-content\/uploads\/2020\/04\/Naceur-Bouabid.jpg\" alt=\"\" class=\"wp-image-295058\"\/><\/figure>\n<\/div>\n\n\n<p>L\u2019inscription de Djerba sur la Liste du patrimoine mondial de\u00a0 l\u2019Unesco est sur toutes les l\u00e8vres dans la c\u00e9l\u00e8bre \u00eele et ailleurs, ayant suscit\u00e9 une effervescence sans pr\u00e9c\u00e9dent, j\u2019ose dire inattendue, mais combien salutaire et de bonne augure \u00e0 maints \u00e9gards.<\/p>\n\n\n\n<p>L\u2019engouement tous azimuts et les r\u00e9actions spontan\u00e9es de liesse populaire constat\u00e9s \u00e0 l\u2019annonce en live du verdict viennent \u00e0 point nomm\u00e9 pour traduire le sentiment d\u2019attachement des citoyens envers leur histoire et leur patrimoine, et satisfaire vraisemblablement un d\u00e9sir ou une qu\u00eate d\u2019un projet rassembleur \u00e0 m\u00eame de faire parler davantage de leur \u00eele et de la rendre&nbsp; durablement plus attrayante.<\/p>\n\n\n\n<p>Que les responsables, toutes disciplines confondues, tant \u00e0 l\u2019\u00e9chelle nationale, r\u00e9gionale que locale, s\u2019enthousiasment autant et aussi manifestement \u00e0 un tel fait, que le grand public le f\u00eate spontan\u00e9ment et en grandes pompes, comme ce fut le cas dans les rues de l\u2019\u00eele, que les commentaires les plus flatteurs et \u00e9logieux fusent de toutes parts, voil\u00e0 une belle d\u00e9monstration de prise de conscience qui rassure et qui augure d\u2019un lendemain meilleur.<\/p>\n\n\n\n<h2 class=\"wp-block-heading\">Pr\u00e9server un h\u00e9ritage exceptionnel<\/h2>\n\n\n\n<p>En effet, la simple reconnaissance de l\u2019Unesco, quand bien-m\u00eame elle serait une source de prestige et un motif de fiert\u00e9, ne suffirait pas pour pr\u00e9server cet h\u00e9ritage exceptionnel et aboutir aux impacts socio-\u00e9conomiques escompt\u00e9s, si elle n\u2019\u00e9tait pas suivie par la mise en \u0153uvre par l\u2019Etat tunisien des engagements pris \u00e0 prot\u00e9ger le bien inscrit, et \u00e0 ne prendre aucune mesure susceptible d\u2019endommager sa vocation de patrimoine mondial; cette d\u00e9signation Unesco attribu\u00e9e m\u00e9ritoirement \u00e0 l\u2019\u00eele de Djerba n\u2019entra\u00eenerait pas automatiquement un d\u00e9veloppement \u00e9conomique et social substantiel durable, si elle n\u2019\u00e9tait pas accompagn\u00e9e d\u2019une implication institutionnelle et citoyenne inconditionnelle et effective illustr\u00e9e concr\u00e8tement par d\u2019\u00e9normes efforts locaux de conscience, de promotion et de d\u00e9veloppement.<\/p>\n\n\n\n<p>L\u2019euphorie de la cons\u00e9cration consomm\u00e9e, l\u2019heure est, donc, \u00e0 la mobilisation et au travail; chacun a sa part de responsabilit\u00e9 \u00e0 assumer \u00e0 bon escient\u00a0: il s\u2019agira pour le minist\u00e8re des Affaires culturelles et l\u2019INP de veiller \u00e0 soumettre avant le 1<sup>er<\/sup> d\u00e9cembre de cette ann\u00e9e la carte du bien illustrant les limites du bien r\u00e9vis\u00e9es, \u00e0 mettre en place un syst\u00e8me provisoire de gestion du bien dans l\u2019attente de la mise en \u0153uvre d\u00e9finitive de l\u2019unit\u00e9 de gestion d\u00e9cid\u00e9e par d\u00e9cret minist\u00e9riel \u00e0 la date du 1<sup>er<\/sup> septembre 2023, et la constitution d\u2019un comit\u00e9 de pilotage repr\u00e9sentatif des minist\u00e8res concern\u00e9s, susceptibles ensemble d\u2019assurer une protection juridique \u00e0 tous les \u00e9l\u00e9ments constitutifs du bien inscrit et d\u2019en am\u00e9liorer le syst\u00e8me de gouvernance et de gestion.<\/p>\n\n\n\n<figure class=\"wp-block-embed is-type-wp-embed is-provider-kapitalis wp-block-embed-kapitalis\"><div class=\"wp-block-embed__wrapper\">\n<blockquote class=\"wp-embedded-content\" data-secret=\"k8UxUHTGEX\"><a href=\"https:\/\/kapitalis.com\/tunisie\/2022\/06\/18\/le-site-de-ras-rmal-a-djerba-theatre-de-tous-les-outrages\/\">Le site de Ras R\u2019mal \u00e0 Djerba, th\u00e9\u00e2tre de tous les outrages<\/a><\/blockquote><iframe loading=\"lazy\" class=\"wp-embedded-content\" sandbox=\"allow-scripts\" security=\"restricted\" style=\"position: absolute; clip: rect(1px, 1px, 1px, 1px);\" title=\"\u00ab\u00a0Le site de Ras R\u2019mal \u00e0 Djerba, th\u00e9\u00e2tre de tous les outrages\u00a0\u00bb &#8212; Kapitalis\" src=\"https:\/\/kapitalis.com\/tunisie\/2022\/06\/18\/le-site-de-ras-rmal-a-djerba-theatre-de-tous-les-outrages\/embed\/#?secret=616roWfmo9#?secret=k8UxUHTGEX\" data-secret=\"k8UxUHTGEX\" width=\"600\" height=\"338\" frameborder=\"0\" marginwidth=\"0\" marginheight=\"0\" scrolling=\"no\"><\/iframe>\n<\/div><\/figure>\n\n\n\n<p>L\u2019Etat tunisien est, donc, redevable, \u00e0 ce propos, d\u2019un rapport relatif \u00e0 la mise en \u0153uvre des recommandations \u00e9mises dans la proposition d\u2019amendement pr\u00e9sent\u00e9e \u00e0 Riyadh et sur la base de laquelle les membres du comit\u00e9 du patrimoine mondial ont plaid\u00e9, \u00e0 l\u2019unanimit\u00e9, en faveur de l\u2019inscription imm\u00e9diate du bien; un tel rapport qui devra attester de la mise en \u0153uvre effective de telles recommandations est \u00e0 soumettre obligatoirement, alors, avant le 1<sup>er<\/sup> d\u00e9cembre 2024 pour examen par le comit\u00e9 du patrimoine mondial lors de la tenue de sa 47e session, en 2025.\u00a0<\/p>\n\n\n\n<p>Les autorit\u00e9s et les directions administratives, \u00e0 leur tour, tant \u00e0 l\u2019\u00e9chelle r\u00e9gionale que locale, doivent apprendre d\u00e9sormais \u00e0 s\u2019impliquer davantage et contribuer savamment \u00e0 la bonne gouvernance et la gestion de tous les \u00e9l\u00e9ments constitutifs du bien&nbsp;;&nbsp; la soci\u00e9t\u00e9 civile devra toujours rester sur le qui-vive, toujours pr\u00eate \u00e0 \u00eatre de veille et \u00e0 accompagner tout effort d\u2019information ou de sensibilisation au patrimoine de l\u2019\u00eele&nbsp; et \u00e0 ses valeurs exceptionnelles.<\/p>\n\n\n\n<h2 class=\"wp-block-heading\">Une exp\u00e9rience aboutie \u00e0 reproduire<\/h2>\n\n\n\n<p>L\u2019inscription de l\u2019\u00eele de Djerba sur la Liste du patrimoine mondial est un aboutissement logique d\u2019un long processus d\u2019\u00e9laboration du dossier y aff\u00e9rent, tortueux, sem\u00e9 de difficult\u00e9s et de contrari\u00e9t\u00e9s de tous genres, entam\u00e9 au printemps de 2012, suite \u00e0 l\u2019inscription de l\u2019\u00eele sur la liste indicative, avec tant d\u2019autres demeur\u00e9s malheureusement sans suite.<\/p>\n\n\n\n<p>A ce titre, en effet, il est bon de rappeler que la liste indicative \u00e9tabli par l\u2019Etat tunisien compte aujourd\u2019hui une quinzaine de biens dont le Parc National d&rsquo;El Feija (2008), le Parc National de Bouhedma (2008), Chott El Jerid (2008), l\u2019oasis de Gab\u00e8s (2008), les Mausol\u00e9es Royaux de Numidie, de la Maur\u00e9tanie, les monuments fun\u00e9raires pr\u00e9-islamiques (2012), le complexe hydraulique romain de Zaghouan-Carthage (2012), les carri\u00e8res antiques de marbre numidique de Chimtou(2012), les fronti\u00e8res de l\u2019empire romain, le Limes du Sud tunisien (2012), la M\u00e9dina de Sfax (2012), le <a href=\"https:\/\/fr.wikipedia.org\/wiki\/Permien\">Permien<\/a>&nbsp;marin de Jebel Tebaga (2016), <a href=\"https:\/\/fr.wikipedia.org\/wiki\/Stratotype\">le <\/a><a href=\"https:\/\/fr.wikipedia.org\/wiki\/Stratotype\">stratotype<\/a>&nbsp;de la limite&nbsp;<a href=\"https:\/\/fr.wikipedia.org\/wiki\/Cr%C3%A9tac%C3%A9\">Cr\u00e9tac\u00e9<\/a>&#8211;<a href=\"https:\/\/fr.wikipedia.org\/wiki\/Tertiaire_(g%C3%A9ologie)\">Tertiaire<\/a>&nbsp;(limite K-T) (2016), la <a href=\"https:\/\/fr.wikipedia.org\/wiki\/Table_de_Jugurtha\">Table de Jugurtha<\/a>&nbsp;\u00e0 Kalaat-Senen (2017), l\u2019habitat troglodytique et le&nbsp;<a href=\"https:\/\/fr.wikipedia.org\/wiki\/Ksour_de_Tunisie\">monde des ksour<\/a>&nbsp;du Sud tunisien (2020), la <a href=\"https:\/\/fr.wikipedia.org\/wiki\/Gisement_pr%C3%A9historique_d%27El_Mekta\">Rammadiya<\/a><a href=\"https:\/\/fr.wikipedia.org\/wiki\/Gisement_pr%C3%A9historique_d%27El_Mekta\"> d&rsquo;El <\/a><a href=\"https:\/\/fr.wikipedia.org\/wiki\/Gisement_pr%C3%A9historique_d%27El_Mekta\">Magtaa<\/a><a href=\"https:\/\/fr.wikipedia.org\/wiki\/Gisement_pr%C3%A9historique_d%27El_Mekta\"> (El <\/a><a href=\"https:\/\/fr.wikipedia.org\/wiki\/Gisement_pr%C3%A9historique_d%27El_Mekta\">Mekta<\/a><a href=\"https:\/\/fr.wikipedia.org\/wiki\/Gisement_pr%C3%A9historique_d%27El_Mekta\">)<\/a>, le site&nbsp;<em>princeps<\/em>&nbsp;de la culture&nbsp;<a href=\"https:\/\/fr.wikipedia.org\/wiki\/Capsien\">capsienne<\/a> (2021), <a href=\"https:\/\/fr.wikipedia.org\/wiki\/Site_arch%C3%A9ologique_de_Sbe%C3%AFtla\">le site arch\u00e9ologique de Sbe\u00eftla<\/a> (2021).<\/p>\n\n\n\n<p>Si le dossier de Djerba est le seul bien \u00e0 avoir \u00e9merg\u00e9 du lot et surv\u00e9cu aux innombrables entraves, c\u2019est indubitablement gr\u00e2ce \u00e0 l\u2019obstination de la poign\u00e9e de femmes et d\u2019hommes ayant \u00e9volu\u00e9 au sein de l\u2019Association pour la sauvegarde de l\u2019\u00eele de Djerba (Assidje), pour parer alors au d\u00e9saveu g\u00e9n\u00e9ral manifeste vis-\u00e0-vis de la question de l\u2019inscription et \u00e0 l\u2019instabilit\u00e9 institutionnelle pr\u00e9valant dans le contexte critique post-r\u00e9volution.<\/p>\n\n\n\n<figure class=\"wp-block-embed is-type-wp-embed is-provider-kapitalis wp-block-embed-kapitalis\"><div class=\"wp-block-embed__wrapper\">\n<blockquote class=\"wp-embedded-content\" data-secret=\"WrtOCie4LV\"><a href=\"https:\/\/kapitalis.com\/tunisie\/2022\/06\/27\/djerba-sans-sachets-plastiques-a-usage-unique-est-ce-la-fin-du-cauchemar\/\">Djerba sans sachets plastiques \u00e0 usage unique : Est-ce la fin du cauchemar\u00a0?<\/a><\/blockquote><iframe loading=\"lazy\" class=\"wp-embedded-content\" sandbox=\"allow-scripts\" security=\"restricted\" style=\"position: absolute; clip: rect(1px, 1px, 1px, 1px);\" title=\"\u00ab\u00a0Djerba sans sachets plastiques \u00e0 usage unique : Est-ce la fin du cauchemar\u00a0?\u00a0\u00bb &#8212; Kapitalis\" src=\"https:\/\/kapitalis.com\/tunisie\/2022\/06\/27\/djerba-sans-sachets-plastiques-a-usage-unique-est-ce-la-fin-du-cauchemar\/embed\/#?secret=salynpbzAZ#?secret=WrtOCie4LV\" data-secret=\"WrtOCie4LV\" width=\"600\" height=\"338\" frameborder=\"0\" marginwidth=\"0\" marginheight=\"0\" scrolling=\"no\"><\/iframe>\n<\/div><\/figure>\n\n\n\n<p>Ces femmes et ces hommes ont travaill\u00e9 d\u2019arrache-pied, avant m\u00eame d\u2019\u00eatre officiellement d\u00e9sign\u00e9s pour constituer, par arr\u00eat\u00e9 minist\u00e9riel \u00e0 partir de 2018, la commission scientifique nationale, \u0153uvrant quasi b\u00e9n\u00e9volement, une dizaine d\u2019ann\u00e9es durant, \u00e0 \u00e9laborer le dossier de proposition d\u2019inscription\u00a0 et \u00e0 y apporter sans jamais se lasser, les corrections ou les ajouts requis pour enfin pr\u00e9senter un dossier dans les r\u00e8gles, et qui a convaincu outre mesure. Et aujourd\u2019hui, dans ce contexte de festivit\u00e9s et de c\u00e9r\u00e9moniaux \u00e0 r\u00e9p\u00e9tition, il aurait \u00e9t\u00e9 plus juste, soit dit en passant, d\u2019y associer ces braves membres de la commission scientifique, de les inviter nomm\u00e9ment par devoir de reconnaissance, au lieu de les ignorer, comme ce fut malheureusement le cas.<\/p>\n\n\n\n<p>Une telle abn\u00e9gation n\u2019\u00e9tait pas pour pr\u00e9valoir sans la foi in\u00e9branlable en la pertinence de la candidature et sans l\u2019implication, certes lente, mais de plus en plus manifeste du minist\u00e8re des Affaires culturelles et des services y aff\u00e9rents, INP et AMVPPC.<\/p>\n\n\n\n<p>Tenir de tels propos, aujourd\u2019hui, n\u2019est pas pour vanter les m\u00e9rites des uns et des autres, ni pour demander des comptes \u00e0 rendre, mais c\u2019est pour donner \u00e0 r\u00e9fl\u00e9chir et \u00e0 m\u00e9diter \u00e0 celles et ceux \u00e0 qui rel\u00e8ve aujourd\u2019hui la noble responsabilit\u00e9 de faire de m\u00eame avec les autres biens inscrits (ci-pr\u00e9c\u00e9demment \u00e9num\u00e9r\u00e9s)) ou non (Sidi Bou-Sa\u00efd par exemple) sur ladite liste indicative. A quoi bon continuer, depuis 2008,\u00a0 \u00e0 \u00e9tablir de nouveaux inventaires de biens \u00e0 proposer pour inscription et \u00e0 bien garnir la liste indicative si, entre temps, aucun effort d\u2019\u00e9laboration de dossier de proposition d\u2019inscription n\u2019est entrepris\u00a0? <\/p>\n\n\n\n<p>Quel profit a \u00e0 tirer l\u2019Etat tunisien \u00e0 pers\u00e9v\u00e9rer dans la soumission au centre du patrimoine mondial de nouveaux inventaires de nos biens \u00e0 proposer pour inscription, si on ne concr\u00e9tise pas, entre temps, par une d\u00e9marche de soumission des dossiers de proposition d\u2019inscription y aff\u00e9rents en bonne et due forme\u00a0? Le cas r\u00e9ussi de Djerba et la riche exp\u00e9rience acquise couronn\u00e9e par l\u2019aboutissement heureux de son dossier de proposition d\u2019inscription sur la Liste du patrimoine mondial devra servir d\u2019exemple \u00e0 suivre.<\/p>\n\n\n\n<p>Aucun bien, ni culturel ni naturel, n\u2019a \u00e9t\u00e9 inscrit sur la Liste du patrimoine de l\u2019Unesco depuis 1997, et cette absence de la joute, incomprise et regrettable, n\u2019a que trop dur\u00e9&nbsp;; cette disette, d\u00e9plorable et indigne d\u2019un pays comme le n\u00f4tre, est aujourd\u2019hui rompue, tirons-en les le\u00e7ons.<\/p>\n\n\n\n<h2 class=\"wp-block-heading\">L\u2019environnement, une plaie b\u00e9ante<\/h2>\n\n\n\n<p>Au moment o\u00f9 nous savourons \u00e0 juste titre et avec euphorie ce sacre \u00d4 combien r\u00e9dempteur et valorisant, la situation environnementale ahurissante, d\u00e9plorable et vergogneuse, et notamment en rapport avec la gestion des d\u00e9chets, surgit constamment en m\u00e9moire pour g\u00e2cher ce bonheur tant m\u00e9rit\u00e9. Si le patrimoine culturel de Djerba est sorti aur\u00e9ol\u00e9 de cette reconnaissance universelle, l\u2019environnement sombre, en revanche, dans la laideur et la d\u00e9solation. Un g\u00e2chis environnemental d\u2019une telle ampleur est indigne d\u2019un site fra\u00eechement gratifi\u00e9 de la d\u00e9signation Unesco, et tout doit \u00eatre mis en \u0153uvre pour y parer en rem\u00e9diant dans l\u2019imm\u00e9diat \u00e0 la prolif\u00e9ration inqui\u00e9tante et d\u00e9gradante du plastique. <\/p>\n\n\n\n<p>Qu\u2019attendent nos chers ministres de l\u2019Environnement et du Tourisme pour mettre en \u0153uvre, dans l\u2019attente d\u2019une solution radicale d\u2019envergure, le projet pilote d\u2019interdiction, de commercialisation et de distribution des sacs plastiques \u00e0 usage unique \u00e0 Djerba?<\/p>\n\n\n\n<p>* <em>Ex-pr\u00e9sident de l\u2019Assidje, membre de la commission scientifique nationale charg\u00e9e de l\u2019\u00e9laboration du dossier d\u2019inscription.<\/em><\/p>\n\n\n\n<figure class=\"wp-block-embed is-type-wp-embed is-provider-kapitalis wp-block-embed-kapitalis\"><div class=\"wp-block-embed__wrapper\">\n<blockquote class=\"wp-embedded-content\" data-secret=\"h3qPv4I9km\"><a href=\"https:\/\/kapitalis.com\/tunisie\/2021\/05\/31\/djerba-non-leglise-orthodoxe-saint-nicolas-ne-sera-pas-lachee\/\">Djerba : Non, l\u2019\u00e9glise orthodoxe Saint-Nicolas ne sera pas l\u00e2ch\u00e9e !<\/a><\/blockquote><iframe loading=\"lazy\" class=\"wp-embedded-content\" sandbox=\"allow-scripts\" security=\"restricted\" style=\"position: absolute; clip: rect(1px, 1px, 1px, 1px);\" title=\"\u00ab\u00a0Djerba : Non, l\u2019\u00e9glise orthodoxe Saint-Nicolas ne sera pas l\u00e2ch\u00e9e !\u00a0\u00bb &#8212; Kapitalis\" src=\"https:\/\/kapitalis.com\/tunisie\/2021\/05\/31\/djerba-non-leglise-orthodoxe-saint-nicolas-ne-sera-pas-lachee\/embed\/#?secret=Q968Dqf0wx#?secret=h3qPv4I9km\" data-secret=\"h3qPv4I9km\" width=\"600\" height=\"338\" frameborder=\"0\" marginwidth=\"0\" marginheight=\"0\" scrolling=\"no\"><\/iframe>\n<\/div><\/figure>\n","protected":false},"excerpt":{"rendered":"<p>Si le patrimoine culturel de Djerba est sorti aur\u00e9ol\u00e9 de la reconnaissance universelle de l&rsquo;Unesco, son environnement, en revanche,  sombre dans la laideur et la d\u00e9solation.<\/p>\n","protected":false},"author":8,"featured_media":10108589,"comment_status":"open","ping_status":"open","sticky":false,"template":"","format":"standard","meta":{"footnotes":""},"categories":[992,994,1000,2433],"tags":[335,90677,87593,66721,107617,111486,908,1068],"class_list":["post-10108556","post","type-post","status-publish","format-standard","has-post-thumbnail","hentry","category-a-la-une","category-culture","category-tribune","category-tunisie","tag-environnement","tag-ile-de-djerba-2","tag-naceur-bouabid","tag-patrimoine-mondial","tag-sacs-plastiques","tag-sidi-bou-said-3","tag-tourisme","tag-unesco"],"yoast_head":"<!-- This site is optimized with the Yoast SEO plugin v26.6 - https:\/\/yoast.com\/wordpress\/plugins\/seo\/ -->\n<title>Djerba, patrimoine mondial\u00a0: l\u2019heure est \u00e0 la mise en \u0153uvre - Kapitalis<\/title>\n<meta name=\"robots\" content=\"index, follow, max-snippet:-1, max-image-preview:large, max-video-preview:-1\" \/>\n<link rel=\"canonical\" href=\"https:\/\/kapitalis.com\/tunisie\/2023\/10\/11\/djerba-patrimoine-mondial-lheure-est-a-la-mise-en-oeuvre\/\" \/>\n<meta property=\"og:locale\" content=\"fr_FR\" \/>\n<meta property=\"og:type\" content=\"article\" \/>\n<meta property=\"og:title\" content=\"Djerba, patrimoine mondial\u00a0: l\u2019heure est \u00e0 la mise en \u0153uvre - Kapitalis\" \/>\n<meta property=\"og:description\" content=\"Si le patrimoine culturel de Djerba est sorti aur\u00e9ol\u00e9 de la reconnaissance universelle de l&#039;Unesco, son environnement, en revanche, sombre dans la laideur et la d\u00e9solation.\" \/>\n<meta property=\"og:url\" content=\"https:\/\/kapitalis.com\/tunisie\/2023\/10\/11\/djerba-patrimoine-mondial-lheure-est-a-la-mise-en-oeuvre\/\" \/>\n<meta property=\"og:site_name\" content=\"Kapitalis\" \/>\n<meta property=\"article:publisher\" content=\"https:\/\/www.facebook.com\/KapitalisInfo\/\" \/>\n<meta property=\"article:published_time\" content=\"2023-10-11T08:55:46+00:00\" \/>\n<meta property=\"article:modified_time\" content=\"2023-10-11T08:55:48+00:00\" \/>\n<meta property=\"og:image\" content=\"https:\/\/kapitalis.com\/tunisie\/wp-content\/uploads\/2023\/10\/Djerba.jpg\" \/>\n\t<meta property=\"og:image:width\" content=\"1200\" \/>\n\t<meta property=\"og:image:height\" content=\"630\" \/>\n\t<meta property=\"og:image:type\" content=\"image\/jpeg\" \/>\n<meta name=\"author\" content=\"webmaster kapitalis\" \/>\n<meta name=\"twitter:card\" content=\"summary_large_image\" \/>\n<meta name=\"twitter:creator\" content=\"@KapitalisInfo\" \/>\n<meta name=\"twitter:site\" content=\"@KapitalisInfo\" \/>\n<meta name=\"twitter:label1\" content=\"\u00c9crit par\" \/>\n\t<meta name=\"twitter:data1\" content=\"webmaster kapitalis\" \/>\n\t<meta name=\"twitter:label2\" content=\"Dur\u00e9e de lecture estim\u00e9e\" \/>\n\t<meta name=\"twitter:data2\" content=\"8 minutes\" \/>\n<script type=\"application\/ld+json\" class=\"yoast-schema-graph\">{\"@context\":\"https:\/\/schema.org\",\"@graph\":[{\"@type\":\"Article\",\"@id\":\"https:\/\/kapitalis.com\/tunisie\/2023\/10\/11\/djerba-patrimoine-mondial-lheure-est-a-la-mise-en-oeuvre\/#article\",\"isPartOf\":{\"@id\":\"https:\/\/kapitalis.com\/tunisie\/2023\/10\/11\/djerba-patrimoine-mondial-lheure-est-a-la-mise-en-oeuvre\/\"},\"author\":{\"name\":\"webmaster kapitalis\",\"@id\":\"https:\/\/kapitalis.com\/tunisie\/#\/schema\/person\/d71f33a9ca44f7bad4698210b480c8e9\"},\"headline\":\"Djerba, patrimoine mondial\u00a0: l\u2019heure est \u00e0 la mise en \u0153uvre\",\"datePublished\":\"2023-10-11T08:55:46+00:00\",\"dateModified\":\"2023-10-11T08:55:48+00:00\",\"mainEntityOfPage\":{\"@id\":\"https:\/\/kapitalis.com\/tunisie\/2023\/10\/11\/djerba-patrimoine-mondial-lheure-est-a-la-mise-en-oeuvre\/\"},\"wordCount\":1638,\"commentCount\":1,\"publisher\":{\"@id\":\"https:\/\/kapitalis.com\/tunisie\/#organization\"},\"image\":{\"@id\":\"https:\/\/kapitalis.com\/tunisie\/2023\/10\/11\/djerba-patrimoine-mondial-lheure-est-a-la-mise-en-oeuvre\/#primaryimage\"},\"thumbnailUrl\":\"https:\/\/kapitalis.com\/tunisie\/wp-content\/uploads\/2023\/10\/Djerba.jpg\",\"keywords\":[\"environnement\",\"\u00eele de Djerba\",\"Naceur Bouabid\",\"Patrimoine Mondial\",\"sacs plastiques\",\"Sidi Bou-Sa\u00efd\",\"tourisme\",\"Unesco\"],\"articleSection\":[\"A LA UNE\",\"CULTURE\",\"TRIBUNE\",\"Tunisie\"],\"inLanguage\":\"fr-FR\",\"potentialAction\":[{\"@type\":\"CommentAction\",\"name\":\"Comment\",\"target\":[\"https:\/\/kapitalis.com\/tunisie\/2023\/10\/11\/djerba-patrimoine-mondial-lheure-est-a-la-mise-en-oeuvre\/#respond\"]}]},{\"@type\":\"WebPage\",\"@id\":\"https:\/\/kapitalis.com\/tunisie\/2023\/10\/11\/djerba-patrimoine-mondial-lheure-est-a-la-mise-en-oeuvre\/\",\"url\":\"https:\/\/kapitalis.com\/tunisie\/2023\/10\/11\/djerba-patrimoine-mondial-lheure-est-a-la-mise-en-oeuvre\/\",\"name\":\"Djerba, patrimoine mondial\u00a0: l\u2019heure est \u00e0 la mise en \u0153uvre - Kapitalis\",\"isPartOf\":{\"@id\":\"https:\/\/kapitalis.com\/tunisie\/#website\"},\"primaryImageOfPage\":{\"@id\":\"https:\/\/kapitalis.com\/tunisie\/2023\/10\/11\/djerba-patrimoine-mondial-lheure-est-a-la-mise-en-oeuvre\/#primaryimage\"},\"image\":{\"@id\":\"https:\/\/kapitalis.com\/tunisie\/2023\/10\/11\/djerba-patrimoine-mondial-lheure-est-a-la-mise-en-oeuvre\/#primaryimage\"},\"thumbnailUrl\":\"https:\/\/kapitalis.com\/tunisie\/wp-content\/uploads\/2023\/10\/Djerba.jpg\",\"datePublished\":\"2023-10-11T08:55:46+00:00\",\"dateModified\":\"2023-10-11T08:55:48+00:00\",\"breadcrumb\":{\"@id\":\"https:\/\/kapitalis.com\/tunisie\/2023\/10\/11\/djerba-patrimoine-mondial-lheure-est-a-la-mise-en-oeuvre\/#breadcrumb\"},\"inLanguage\":\"fr-FR\",\"potentialAction\":[{\"@type\":\"ReadAction\",\"target\":[\"https:\/\/kapitalis.com\/tunisie\/2023\/10\/11\/djerba-patrimoine-mondial-lheure-est-a-la-mise-en-oeuvre\/\"]}]},{\"@type\":\"ImageObject\",\"inLanguage\":\"fr-FR\",\"@id\":\"https:\/\/kapitalis.com\/tunisie\/2023\/10\/11\/djerba-patrimoine-mondial-lheure-est-a-la-mise-en-oeuvre\/#primaryimage\",\"url\":\"https:\/\/kapitalis.com\/tunisie\/wp-content\/uploads\/2023\/10\/Djerba.jpg\",\"contentUrl\":\"https:\/\/kapitalis.com\/tunisie\/wp-content\/uploads\/2023\/10\/Djerba.jpg\",\"width\":1200,\"height\":630},{\"@type\":\"BreadcrumbList\",\"@id\":\"https:\/\/kapitalis.com\/tunisie\/2023\/10\/11\/djerba-patrimoine-mondial-lheure-est-a-la-mise-en-oeuvre\/#breadcrumb\",\"itemListElement\":[{\"@type\":\"ListItem\",\"position\":1,\"name\":\"Accueil\",\"item\":\"https:\/\/kapitalis.com\/tunisie\/\"},{\"@type\":\"ListItem\",\"position\":2,\"name\":\"Djerba, patrimoine mondial\u00a0: l\u2019heure est \u00e0 la mise en \u0153uvre\"}]},{\"@type\":\"WebSite\",\"@id\":\"https:\/\/kapitalis.com\/tunisie\/#website\",\"url\":\"https:\/\/kapitalis.com\/tunisie\/\",\"name\":\"Kapitalis\",\"description\":\"L&#039;actualit\u00e9 en Tunisie et dans le monde\",\"publisher\":{\"@id\":\"https:\/\/kapitalis.com\/tunisie\/#organization\"},\"potentialAction\":[{\"@type\":\"SearchAction\",\"target\":{\"@type\":\"EntryPoint\",\"urlTemplate\":\"https:\/\/kapitalis.com\/tunisie\/?s={search_term_string}\"},\"query-input\":{\"@type\":\"PropertyValueSpecification\",\"valueRequired\":true,\"valueName\":\"search_term_string\"}}],\"inLanguage\":\"fr-FR\"},{\"@type\":\"Organization\",\"@id\":\"https:\/\/kapitalis.com\/tunisie\/#organization\",\"name\":\"Kapitalis\",\"url\":\"https:\/\/kapitalis.com\/tunisie\/\",\"logo\":{\"@type\":\"ImageObject\",\"inLanguage\":\"fr-FR\",\"@id\":\"https:\/\/kapitalis.com\/tunisie\/#\/schema\/logo\/image\/\",\"url\":\"https:\/\/kapitalis.com\/tunisie\/wp-content\/uploads\/2022\/05\/Kapitalis-big-size.png\",\"contentUrl\":\"https:\/\/kapitalis.com\/tunisie\/wp-content\/uploads\/2022\/05\/Kapitalis-big-size.png\",\"width\":5000,\"height\":1500,\"caption\":\"Kapitalis\"},\"image\":{\"@id\":\"https:\/\/kapitalis.com\/tunisie\/#\/schema\/logo\/image\/\"},\"sameAs\":[\"https:\/\/www.facebook.com\/KapitalisInfo\/\",\"https:\/\/x.com\/KapitalisInfo\",\"https:\/\/www.youtube.com\/channel\/UC-yDYrHyfFBWWZaOw3FPg9Q\"]},{\"@type\":\"Person\",\"@id\":\"https:\/\/kapitalis.com\/tunisie\/#\/schema\/person\/d71f33a9ca44f7bad4698210b480c8e9\",\"name\":\"webmaster kapitalis\",\"url\":\"https:\/\/kapitalis.com\/tunisie\/author\/webmaster-kapitalis\/\"}]}<\/script>\n<!-- \/ Yoast SEO plugin. -->","yoast_head_json":{"title":"Djerba, patrimoine mondial\u00a0: l\u2019heure est \u00e0 la mise en \u0153uvre - Kapitalis","robots":{"index":"index","follow":"follow","max-snippet":"max-snippet:-1","max-image-preview":"max-image-preview:large","max-video-preview":"max-video-preview:-1"},"canonical":"https:\/\/kapitalis.com\/tunisie\/2023\/10\/11\/djerba-patrimoine-mondial-lheure-est-a-la-mise-en-oeuvre\/","og_locale":"fr_FR","og_type":"article","og_title":"Djerba, patrimoine mondial\u00a0: l\u2019heure est \u00e0 la mise en \u0153uvre - Kapitalis","og_description":"Si le patrimoine culturel de Djerba est sorti aur\u00e9ol\u00e9 de la reconnaissance universelle de l'Unesco, son environnement, en revanche, sombre dans la laideur et la d\u00e9solation.","og_url":"https:\/\/kapitalis.com\/tunisie\/2023\/10\/11\/djerba-patrimoine-mondial-lheure-est-a-la-mise-en-oeuvre\/","og_site_name":"Kapitalis","article_publisher":"https:\/\/www.facebook.com\/KapitalisInfo\/","article_published_time":"2023-10-11T08:55:46+00:00","article_modified_time":"2023-10-11T08:55:48+00:00","og_image":[{"width":1200,"height":630,"url":"https:\/\/kapitalis.com\/tunisie\/wp-content\/uploads\/2023\/10\/Djerba.jpg","type":"image\/jpeg"}],"author":"webmaster kapitalis","twitter_card":"summary_large_image","twitter_creator":"@KapitalisInfo","twitter_site":"@KapitalisInfo","twitter_misc":{"\u00c9crit par":"webmaster kapitalis","Dur\u00e9e de lecture estim\u00e9e":"8 minutes"},"schema":{"@context":"https:\/\/schema.org","@graph":[{"@type":"Article","@id":"https:\/\/kapitalis.com\/tunisie\/2023\/10\/11\/djerba-patrimoine-mondial-lheure-est-a-la-mise-en-oeuvre\/#article","isPartOf":{"@id":"https:\/\/kapitalis.com\/tunisie\/2023\/10\/11\/djerba-patrimoine-mondial-lheure-est-a-la-mise-en-oeuvre\/"},"author":{"name":"webmaster kapitalis","@id":"https:\/\/kapitalis.com\/tunisie\/#\/schema\/person\/d71f33a9ca44f7bad4698210b480c8e9"},"headline":"Djerba, patrimoine mondial\u00a0: l\u2019heure est \u00e0 la mise en \u0153uvre","datePublished":"2023-10-11T08:55:46+00:00","dateModified":"2023-10-11T08:55:48+00:00","mainEntityOfPage":{"@id":"https:\/\/kapitalis.com\/tunisie\/2023\/10\/11\/djerba-patrimoine-mondial-lheure-est-a-la-mise-en-oeuvre\/"},"wordCount":1638,"commentCount":1,"publisher":{"@id":"https:\/\/kapitalis.com\/tunisie\/#organization"},"image":{"@id":"https:\/\/kapitalis.com\/tunisie\/2023\/10\/11\/djerba-patrimoine-mondial-lheure-est-a-la-mise-en-oeuvre\/#primaryimage"},"thumbnailUrl":"https:\/\/kapitalis.com\/tunisie\/wp-content\/uploads\/2023\/10\/Djerba.jpg","keywords":["environnement","\u00eele de Djerba","Naceur Bouabid","Patrimoine Mondial","sacs plastiques","Sidi Bou-Sa\u00efd","tourisme","Unesco"],"articleSection":["A LA UNE","CULTURE","TRIBUNE","Tunisie"],"inLanguage":"fr-FR","potentialAction":[{"@type":"CommentAction","name":"Comment","target":["https:\/\/kapitalis.com\/tunisie\/2023\/10\/11\/djerba-patrimoine-mondial-lheure-est-a-la-mise-en-oeuvre\/#respond"]}]},{"@type":"WebPage","@id":"https:\/\/kapitalis.com\/tunisie\/2023\/10\/11\/djerba-patrimoine-mondial-lheure-est-a-la-mise-en-oeuvre\/","url":"https:\/\/kapitalis.com\/tunisie\/2023\/10\/11\/djerba-patrimoine-mondial-lheure-est-a-la-mise-en-oeuvre\/","name":"Djerba, patrimoine mondial\u00a0: l\u2019heure est \u00e0 la mise en \u0153uvre - Kapitalis","isPartOf":{"@id":"https:\/\/kapitalis.com\/tunisie\/#website"},"primaryImageOfPage":{"@id":"https:\/\/kapitalis.com\/tunisie\/2023\/10\/11\/djerba-patrimoine-mondial-lheure-est-a-la-mise-en-oeuvre\/#primaryimage"},"image":{"@id":"https:\/\/kapitalis.com\/tunisie\/2023\/10\/11\/djerba-patrimoine-mondial-lheure-est-a-la-mise-en-oeuvre\/#primaryimage"},"thumbnailUrl":"https:\/\/kapitalis.com\/tunisie\/wp-content\/uploads\/2023\/10\/Djerba.jpg","datePublished":"2023-10-11T08:55:46+00:00","dateModified":"2023-10-11T08:55:48+00:00","breadcrumb":{"@id":"https:\/\/kapitalis.com\/tunisie\/2023\/10\/11\/djerba-patrimoine-mondial-lheure-est-a-la-mise-en-oeuvre\/#breadcrumb"},"inLanguage":"fr-FR","potentialAction":[{"@type":"ReadAction","target":["https:\/\/kapitalis.com\/tunisie\/2023\/10\/11\/djerba-patrimoine-mondial-lheure-est-a-la-mise-en-oeuvre\/"]}]},{"@type":"ImageObject","inLanguage":"fr-FR","@id":"https:\/\/kapitalis.com\/tunisie\/2023\/10\/11\/djerba-patrimoine-mondial-lheure-est-a-la-mise-en-oeuvre\/#primaryimage","url":"https:\/\/kapitalis.com\/tunisie\/wp-content\/uploads\/2023\/10\/Djerba.jpg","contentUrl":"https:\/\/kapitalis.com\/tunisie\/wp-content\/uploads\/2023\/10\/Djerba.jpg","width":1200,"height":630},{"@type":"BreadcrumbList","@id":"https:\/\/kapitalis.com\/tunisie\/2023\/10\/11\/djerba-patrimoine-mondial-lheure-est-a-la-mise-en-oeuvre\/#breadcrumb","itemListElement":[{"@type":"ListItem","position":1,"name":"Accueil","item":"https:\/\/kapitalis.com\/tunisie\/"},{"@type":"ListItem","position":2,"name":"Djerba, patrimoine mondial\u00a0: l\u2019heure est \u00e0 la mise en \u0153uvre"}]},{"@type":"WebSite","@id":"https:\/\/kapitalis.com\/tunisie\/#website","url":"https:\/\/kapitalis.com\/tunisie\/","name":"Kapitalis","description":"L&#039;actualit\u00e9 en Tunisie et dans le monde","publisher":{"@id":"https:\/\/kapitalis.com\/tunisie\/#organization"},"potentialAction":[{"@type":"SearchAction","target":{"@type":"EntryPoint","urlTemplate":"https:\/\/kapitalis.com\/tunisie\/?s={search_term_string}"},"query-input":{"@type":"PropertyValueSpecification","valueRequired":true,"valueName":"search_term_string"}}],"inLanguage":"fr-FR"},{"@type":"Organization","@id":"https:\/\/kapitalis.com\/tunisie\/#organization","name":"Kapitalis","url":"https:\/\/kapitalis.com\/tunisie\/","logo":{"@type":"ImageObject","inLanguage":"fr-FR","@id":"https:\/\/kapitalis.com\/tunisie\/#\/schema\/logo\/image\/","url":"https:\/\/kapitalis.com\/tunisie\/wp-content\/uploads\/2022\/05\/Kapitalis-big-size.png","contentUrl":"https:\/\/kapitalis.com\/tunisie\/wp-content\/uploads\/2022\/05\/Kapitalis-big-size.png","width":5000,"height":1500,"caption":"Kapitalis"},"image":{"@id":"https:\/\/kapitalis.com\/tunisie\/#\/schema\/logo\/image\/"},"sameAs":["https:\/\/www.facebook.com\/KapitalisInfo\/","https:\/\/x.com\/KapitalisInfo","https:\/\/www.youtube.com\/channel\/UC-yDYrHyfFBWWZaOw3FPg9Q"]},{"@type":"Person","@id":"https:\/\/kapitalis.com\/tunisie\/#\/schema\/person\/d71f33a9ca44f7bad4698210b480c8e9","name":"webmaster kapitalis","url":"https:\/\/kapitalis.com\/tunisie\/author\/webmaster-kapitalis\/"}]}},"_links":{"self":[{"href":"https:\/\/kapitalis.com\/tunisie\/wp-json\/wp\/v2\/posts\/10108556","targetHints":{"allow":["GET"]}}],"collection":[{"href":"https:\/\/kapitalis.com\/tunisie\/wp-json\/wp\/v2\/posts"}],"about":[{"href":"https:\/\/kapitalis.com\/tunisie\/wp-json\/wp\/v2\/types\/post"}],"author":[{"embeddable":true,"href":"https:\/\/kapitalis.com\/tunisie\/wp-json\/wp\/v2\/users\/8"}],"replies":[{"embeddable":true,"href":"https:\/\/kapitalis.com\/tunisie\/wp-json\/wp\/v2\/comments?post=10108556"}],"version-history":[{"count":1,"href":"https:\/\/kapitalis.com\/tunisie\/wp-json\/wp\/v2\/posts\/10108556\/revisions"}],"predecessor-version":[{"id":10108662,"href":"https:\/\/kapitalis.com\/tunisie\/wp-json\/wp\/v2\/posts\/10108556\/revisions\/10108662"}],"wp:featuredmedia":[{"embeddable":true,"href":"https:\/\/kapitalis.com\/tunisie\/wp-json\/wp\/v2\/media\/10108589"}],"wp:attachment":[{"href":"https:\/\/kapitalis.com\/tunisie\/wp-json\/wp\/v2\/media?parent=10108556"}],"wp:term":[{"taxonomy":"category","embeddable":true,"href":"https:\/\/kapitalis.com\/tunisie\/wp-json\/wp\/v2\/categories?post=10108556"},{"taxonomy":"post_tag","embeddable":true,"href":"https:\/\/kapitalis.com\/tunisie\/wp-json\/wp\/v2\/tags?post=10108556"}],"curies":[{"name":"wp","href":"https:\/\/api.w.org\/{rel}","templated":true}]}}