{"id":10109958,"date":"2023-10-11T13:37:50","date_gmt":"2023-10-11T12:37:50","guid":{"rendered":"https:\/\/kapitalis.com\/tunisie\/?p=10109958"},"modified":"2023-10-11T13:52:49","modified_gmt":"2023-10-11T12:52:49","slug":"israel-annonce-1200-morts-et-2-700-blesses-suite-a-lattaque-du-hamas","status":"publish","type":"post","link":"https:\/\/kapitalis.com\/tunisie\/2023\/10\/11\/israel-annonce-1200-morts-et-2-700-blesses-suite-a-lattaque-du-hamas\/","title":{"rendered":"Isra\u00ebl annonce 1200 morts et 2 700 bless\u00e9s suite \u00e0 l&rsquo;attaque du Hamas"},"content":{"rendered":"\n<p><strong><em>Dans un dernier point, l\u2019arm\u00e9e isra\u00e9lienne a confirm\u00e9 ce mercredi 11 octobre 2023 le bilan de 1 200 morts et plus de 2 700 bless\u00e9s suite \u00e0 l\u2019attaque men\u00e9e par le Hamas dans l\u2019Etat h\u00e9breu samedi dernier.<\/em><\/strong><\/p>\n\n\n\n<!--more-->\n\n\n\n<p>Les victimes sont<em> \u00abpour la plupart des civils\u00bb<\/em>, explique le porte-parole des Forces de d\u00e9fense isra\u00e9liennes (FDI), le lieutenant-colonel Jonathan Conricus, dans une vid\u00e9o publi\u00e9e sur X.<\/p>\n\n\n\n<p>L\u2019augmentation du nombre de victimes <em>\u00abn\u2019est pas due \u00e0 la poursuite des combats\u00bb<\/em>, mais plut\u00f4t au fait que <em>\u00abmaintenant que le temps a pass\u00e9, nous d\u00e9couvrons des cadavres d\u2019Isra\u00e9liens morts dans les diff\u00e9rentes communaut\u00e9s o\u00f9 le Hamas s\u2019est infiltr\u00e9 et o\u00f9 il a men\u00e9 ses massacres\u00bb<\/em>, pr\u00e9cise Conricus.<\/p>\n\n\n\n<p>Sur un autre plan, Isra\u00ebl affirme avoir contact\u00e9 les familles de certains Isra\u00e9liens kidnapp\u00e9s par le Hamas. <em>\u00abNous avons jusqu\u2019\u00e0 pr\u00e9sent inform\u00e9 60 familles de personnes enlev\u00e9es\u00bb<\/em>, a d\u00e9clar\u00e9 le porte-parole militaire Daniel Hagari, ajoutant que Tsahal a mis en place un standard \u00e0 partir duquel les proches des personnes enlev\u00e9es peuvent recevoir des nouvelles et vers lequel de nouveaux t\u00e9moignages peuvent \u00eatre adress\u00e9s.<\/p>\n\n\n\n<p class=\"has-text-align-right\"><strong>I.B. <\/strong>(avec agences).<\/p>\n\n\n\n<figure class=\"wp-block-embed is-type-wp-embed is-provider-kapitalis wp-block-embed-kapitalis\"><div class=\"wp-block-embed__wrapper\">\n<blockquote class=\"wp-embedded-content\" data-secret=\"YtlnkVzk1S\"><a href=\"https:\/\/kapitalis.com\/tunisie\/2023\/10\/11\/larmee-israelienne-durcit-le-siege-de-gaza\/\">L\u2019arm\u00e9e isra\u00e9lienne durcit le si\u00e8ge de Gaza<\/a><\/blockquote><iframe loading=\"lazy\" class=\"wp-embedded-content\" sandbox=\"allow-scripts\" security=\"restricted\" style=\"position: absolute; clip: rect(1px, 1px, 1px, 1px);\" title=\"\u00ab\u00a0L\u2019arm\u00e9e isra\u00e9lienne durcit le si\u00e8ge de Gaza\u00a0\u00bb &#8212; Kapitalis\" src=\"https:\/\/kapitalis.com\/tunisie\/2023\/10\/11\/larmee-israelienne-durcit-le-siege-de-gaza\/embed\/#?secret=NEeXCXeItF#?secret=YtlnkVzk1S\" data-secret=\"YtlnkVzk1S\" width=\"600\" height=\"338\" frameborder=\"0\" marginwidth=\"0\" marginheight=\"0\" scrolling=\"no\"><\/iframe>\n<\/div><\/figure>\n","protected":false},"excerpt":{"rendered":"<p>Le bilan du c\u00f4t\u00e9 isra\u00e9lien a atteint 1 200 morts et plus de 2 700 bless\u00e9s.  <\/p>\n","protected":false},"author":8,"featured_media":10109989,"comment_status":"open","ping_status":"open","sticky":false,"template":"","format":"standard","meta":{"footnotes":""},"categories":[997,2433],"tags":[111450,2444,26195,2478,111497],"class_list":["post-10109958","post","type-post","status-publish","format-standard","has-post-thumbnail","hentry","category-politique","category-tunisie","tag-daniel-hagari","tag-gaza","tag-hamas","tag-israel","tag-jonathan-conricus"],"yoast_head":"<!-- This site is optimized with the Yoast SEO plugin v26.6 - https:\/\/yoast.com\/wordpress\/plugins\/seo\/ -->\n<title>Isra\u00ebl annonce 1200 morts et 2 700 bless\u00e9s suite \u00e0 l&#039;attaque du Hamas - Kapitalis<\/title>\n<meta name=\"robots\" content=\"index, follow, max-snippet:-1, max-image-preview:large, max-video-preview:-1\" \/>\n<link rel=\"canonical\" href=\"https:\/\/kapitalis.com\/tunisie\/2023\/10\/11\/israel-annonce-1200-morts-et-2-700-blesses-suite-a-lattaque-du-hamas\/\" \/>\n<meta property=\"og:locale\" content=\"fr_FR\" \/>\n<meta property=\"og:type\" content=\"article\" \/>\n<meta property=\"og:title\" content=\"Isra\u00ebl annonce 1200 morts et 2 700 bless\u00e9s suite \u00e0 l&#039;attaque du Hamas - Kapitalis\" \/>\n<meta property=\"og:description\" content=\"Le bilan du c\u00f4t\u00e9 isra\u00e9lien a atteint 1 200 morts et plus de 2 700 bless\u00e9s.\" \/>\n<meta property=\"og:url\" content=\"https:\/\/kapitalis.com\/tunisie\/2023\/10\/11\/israel-annonce-1200-morts-et-2-700-blesses-suite-a-lattaque-du-hamas\/\" \/>\n<meta property=\"og:site_name\" content=\"Kapitalis\" \/>\n<meta property=\"article:publisher\" content=\"https:\/\/www.facebook.com\/KapitalisInfo\/\" \/>\n<meta property=\"article:published_time\" content=\"2023-10-11T12:37:50+00:00\" \/>\n<meta property=\"article:modified_time\" content=\"2023-10-11T12:52:49+00:00\" \/>\n<meta property=\"og:image\" content=\"https:\/\/kapitalis.com\/tunisie\/wp-content\/uploads\/2023\/10\/Morts-israelien.jpg\" \/>\n\t<meta property=\"og:image:width\" content=\"1200\" \/>\n\t<meta property=\"og:image:height\" content=\"630\" \/>\n\t<meta property=\"og:image:type\" content=\"image\/jpeg\" \/>\n<meta name=\"author\" content=\"webmaster kapitalis\" \/>\n<meta name=\"twitter:card\" content=\"summary_large_image\" \/>\n<meta name=\"twitter:creator\" content=\"@KapitalisInfo\" \/>\n<meta name=\"twitter:site\" content=\"@KapitalisInfo\" \/>\n<meta name=\"twitter:label1\" content=\"\u00c9crit par\" \/>\n\t<meta name=\"twitter:data1\" content=\"webmaster kapitalis\" \/>\n\t<meta name=\"twitter:label2\" content=\"Dur\u00e9e de lecture estim\u00e9e\" \/>\n\t<meta name=\"twitter:data2\" content=\"1 minute\" \/>\n<script type=\"application\/ld+json\" class=\"yoast-schema-graph\">{\"@context\":\"https:\/\/schema.org\",\"@graph\":[{\"@type\":\"Article\",\"@id\":\"https:\/\/kapitalis.com\/tunisie\/2023\/10\/11\/israel-annonce-1200-morts-et-2-700-blesses-suite-a-lattaque-du-hamas\/#article\",\"isPartOf\":{\"@id\":\"https:\/\/kapitalis.com\/tunisie\/2023\/10\/11\/israel-annonce-1200-morts-et-2-700-blesses-suite-a-lattaque-du-hamas\/\"},\"author\":{\"name\":\"webmaster kapitalis\",\"@id\":\"https:\/\/kapitalis.com\/tunisie\/#\/schema\/person\/d71f33a9ca44f7bad4698210b480c8e9\"},\"headline\":\"Isra\u00ebl annonce 1200 morts et 2 700 bless\u00e9s suite \u00e0 l&rsquo;attaque du Hamas\",\"datePublished\":\"2023-10-11T12:37:50+00:00\",\"dateModified\":\"2023-10-11T12:52:49+00:00\",\"mainEntityOfPage\":{\"@id\":\"https:\/\/kapitalis.com\/tunisie\/2023\/10\/11\/israel-annonce-1200-morts-et-2-700-blesses-suite-a-lattaque-du-hamas\/\"},\"wordCount\":217,\"commentCount\":1,\"publisher\":{\"@id\":\"https:\/\/kapitalis.com\/tunisie\/#organization\"},\"image\":{\"@id\":\"https:\/\/kapitalis.com\/tunisie\/2023\/10\/11\/israel-annonce-1200-morts-et-2-700-blesses-suite-a-lattaque-du-hamas\/#primaryimage\"},\"thumbnailUrl\":\"https:\/\/kapitalis.com\/tunisie\/wp-content\/uploads\/2023\/10\/Morts-israelien.jpg\",\"keywords\":[\"Daniel Hagari\",\"Gaza\",\"Hamas\",\"Isra\u00ebl\",\"Jonathan Conricus\"],\"articleSection\":[\"POLITIQUE\",\"Tunisie\"],\"inLanguage\":\"fr-FR\",\"potentialAction\":[{\"@type\":\"CommentAction\",\"name\":\"Comment\",\"target\":[\"https:\/\/kapitalis.com\/tunisie\/2023\/10\/11\/israel-annonce-1200-morts-et-2-700-blesses-suite-a-lattaque-du-hamas\/#respond\"]}]},{\"@type\":\"WebPage\",\"@id\":\"https:\/\/kapitalis.com\/tunisie\/2023\/10\/11\/israel-annonce-1200-morts-et-2-700-blesses-suite-a-lattaque-du-hamas\/\",\"url\":\"https:\/\/kapitalis.com\/tunisie\/2023\/10\/11\/israel-annonce-1200-morts-et-2-700-blesses-suite-a-lattaque-du-hamas\/\",\"name\":\"Isra\u00ebl annonce 1200 morts et 2 700 bless\u00e9s suite \u00e0 l'attaque du Hamas - Kapitalis\",\"isPartOf\":{\"@id\":\"https:\/\/kapitalis.com\/tunisie\/#website\"},\"primaryImageOfPage\":{\"@id\":\"https:\/\/kapitalis.com\/tunisie\/2023\/10\/11\/israel-annonce-1200-morts-et-2-700-blesses-suite-a-lattaque-du-hamas\/#primaryimage\"},\"image\":{\"@id\":\"https:\/\/kapitalis.com\/tunisie\/2023\/10\/11\/israel-annonce-1200-morts-et-2-700-blesses-suite-a-lattaque-du-hamas\/#primaryimage\"},\"thumbnailUrl\":\"https:\/\/kapitalis.com\/tunisie\/wp-content\/uploads\/2023\/10\/Morts-israelien.jpg\",\"datePublished\":\"2023-10-11T12:37:50+00:00\",\"dateModified\":\"2023-10-11T12:52:49+00:00\",\"breadcrumb\":{\"@id\":\"https:\/\/kapitalis.com\/tunisie\/2023\/10\/11\/israel-annonce-1200-morts-et-2-700-blesses-suite-a-lattaque-du-hamas\/#breadcrumb\"},\"inLanguage\":\"fr-FR\",\"potentialAction\":[{\"@type\":\"ReadAction\",\"target\":[\"https:\/\/kapitalis.com\/tunisie\/2023\/10\/11\/israel-annonce-1200-morts-et-2-700-blesses-suite-a-lattaque-du-hamas\/\"]}]},{\"@type\":\"ImageObject\",\"inLanguage\":\"fr-FR\",\"@id\":\"https:\/\/kapitalis.com\/tunisie\/2023\/10\/11\/israel-annonce-1200-morts-et-2-700-blesses-suite-a-lattaque-du-hamas\/#primaryimage\",\"url\":\"https:\/\/kapitalis.com\/tunisie\/wp-content\/uploads\/2023\/10\/Morts-israelien.jpg\",\"contentUrl\":\"https:\/\/kapitalis.com\/tunisie\/wp-content\/uploads\/2023\/10\/Morts-israelien.jpg\",\"width\":1200,\"height\":630},{\"@type\":\"BreadcrumbList\",\"@id\":\"https:\/\/kapitalis.com\/tunisie\/2023\/10\/11\/israel-annonce-1200-morts-et-2-700-blesses-suite-a-lattaque-du-hamas\/#breadcrumb\",\"itemListElement\":[{\"@type\":\"ListItem\",\"position\":1,\"name\":\"Accueil\",\"item\":\"https:\/\/kapitalis.com\/tunisie\/\"},{\"@type\":\"ListItem\",\"position\":2,\"name\":\"Isra\u00ebl annonce 1200 morts et 2 700 bless\u00e9s suite \u00e0 l&rsquo;attaque du Hamas\"}]},{\"@type\":\"WebSite\",\"@id\":\"https:\/\/kapitalis.com\/tunisie\/#website\",\"url\":\"https:\/\/kapitalis.com\/tunisie\/\",\"name\":\"Kapitalis\",\"description\":\"L&#039;actualit\u00e9 en Tunisie et dans le monde\",\"publisher\":{\"@id\":\"https:\/\/kapitalis.com\/tunisie\/#organization\"},\"potentialAction\":[{\"@type\":\"SearchAction\",\"target\":{\"@type\":\"EntryPoint\",\"urlTemplate\":\"https:\/\/kapitalis.com\/tunisie\/?s={search_term_string}\"},\"query-input\":{\"@type\":\"PropertyValueSpecification\",\"valueRequired\":true,\"valueName\":\"search_term_string\"}}],\"inLanguage\":\"fr-FR\"},{\"@type\":\"Organization\",\"@id\":\"https:\/\/kapitalis.com\/tunisie\/#organization\",\"name\":\"Kapitalis\",\"url\":\"https:\/\/kapitalis.com\/tunisie\/\",\"logo\":{\"@type\":\"ImageObject\",\"inLanguage\":\"fr-FR\",\"@id\":\"https:\/\/kapitalis.com\/tunisie\/#\/schema\/logo\/image\/\",\"url\":\"https:\/\/kapitalis.com\/tunisie\/wp-content\/uploads\/2022\/05\/Kapitalis-big-size.png\",\"contentUrl\":\"https:\/\/kapitalis.com\/tunisie\/wp-content\/uploads\/2022\/05\/Kapitalis-big-size.png\",\"width\":5000,\"height\":1500,\"caption\":\"Kapitalis\"},\"image\":{\"@id\":\"https:\/\/kapitalis.com\/tunisie\/#\/schema\/logo\/image\/\"},\"sameAs\":[\"https:\/\/www.facebook.com\/KapitalisInfo\/\",\"https:\/\/x.com\/KapitalisInfo\",\"https:\/\/www.youtube.com\/channel\/UC-yDYrHyfFBWWZaOw3FPg9Q\"]},{\"@type\":\"Person\",\"@id\":\"https:\/\/kapitalis.com\/tunisie\/#\/schema\/person\/d71f33a9ca44f7bad4698210b480c8e9\",\"name\":\"webmaster kapitalis\",\"url\":\"https:\/\/kapitalis.com\/tunisie\/author\/webmaster-kapitalis\/\"}]}<\/script>\n<!-- \/ Yoast SEO plugin. -->","yoast_head_json":{"title":"Isra\u00ebl annonce 1200 morts et 2 700 bless\u00e9s suite \u00e0 l'attaque du Hamas - Kapitalis","robots":{"index":"index","follow":"follow","max-snippet":"max-snippet:-1","max-image-preview":"max-image-preview:large","max-video-preview":"max-video-preview:-1"},"canonical":"https:\/\/kapitalis.com\/tunisie\/2023\/10\/11\/israel-annonce-1200-morts-et-2-700-blesses-suite-a-lattaque-du-hamas\/","og_locale":"fr_FR","og_type":"article","og_title":"Isra\u00ebl annonce 1200 morts et 2 700 bless\u00e9s suite \u00e0 l'attaque du Hamas - Kapitalis","og_description":"Le bilan du c\u00f4t\u00e9 isra\u00e9lien a atteint 1 200 morts et plus de 2 700 bless\u00e9s.","og_url":"https:\/\/kapitalis.com\/tunisie\/2023\/10\/11\/israel-annonce-1200-morts-et-2-700-blesses-suite-a-lattaque-du-hamas\/","og_site_name":"Kapitalis","article_publisher":"https:\/\/www.facebook.com\/KapitalisInfo\/","article_published_time":"2023-10-11T12:37:50+00:00","article_modified_time":"2023-10-11T12:52:49+00:00","og_image":[{"width":1200,"height":630,"url":"https:\/\/kapitalis.com\/tunisie\/wp-content\/uploads\/2023\/10\/Morts-israelien.jpg","type":"image\/jpeg"}],"author":"webmaster kapitalis","twitter_card":"summary_large_image","twitter_creator":"@KapitalisInfo","twitter_site":"@KapitalisInfo","twitter_misc":{"\u00c9crit par":"webmaster kapitalis","Dur\u00e9e de lecture estim\u00e9e":"1 minute"},"schema":{"@context":"https:\/\/schema.org","@graph":[{"@type":"Article","@id":"https:\/\/kapitalis.com\/tunisie\/2023\/10\/11\/israel-annonce-1200-morts-et-2-700-blesses-suite-a-lattaque-du-hamas\/#article","isPartOf":{"@id":"https:\/\/kapitalis.com\/tunisie\/2023\/10\/11\/israel-annonce-1200-morts-et-2-700-blesses-suite-a-lattaque-du-hamas\/"},"author":{"name":"webmaster kapitalis","@id":"https:\/\/kapitalis.com\/tunisie\/#\/schema\/person\/d71f33a9ca44f7bad4698210b480c8e9"},"headline":"Isra\u00ebl annonce 1200 morts et 2 700 bless\u00e9s suite \u00e0 l&rsquo;attaque du Hamas","datePublished":"2023-10-11T12:37:50+00:00","dateModified":"2023-10-11T12:52:49+00:00","mainEntityOfPage":{"@id":"https:\/\/kapitalis.com\/tunisie\/2023\/10\/11\/israel-annonce-1200-morts-et-2-700-blesses-suite-a-lattaque-du-hamas\/"},"wordCount":217,"commentCount":1,"publisher":{"@id":"https:\/\/kapitalis.com\/tunisie\/#organization"},"image":{"@id":"https:\/\/kapitalis.com\/tunisie\/2023\/10\/11\/israel-annonce-1200-morts-et-2-700-blesses-suite-a-lattaque-du-hamas\/#primaryimage"},"thumbnailUrl":"https:\/\/kapitalis.com\/tunisie\/wp-content\/uploads\/2023\/10\/Morts-israelien.jpg","keywords":["Daniel Hagari","Gaza","Hamas","Isra\u00ebl","Jonathan Conricus"],"articleSection":["POLITIQUE","Tunisie"],"inLanguage":"fr-FR","potentialAction":[{"@type":"CommentAction","name":"Comment","target":["https:\/\/kapitalis.com\/tunisie\/2023\/10\/11\/israel-annonce-1200-morts-et-2-700-blesses-suite-a-lattaque-du-hamas\/#respond"]}]},{"@type":"WebPage","@id":"https:\/\/kapitalis.com\/tunisie\/2023\/10\/11\/israel-annonce-1200-morts-et-2-700-blesses-suite-a-lattaque-du-hamas\/","url":"https:\/\/kapitalis.com\/tunisie\/2023\/10\/11\/israel-annonce-1200-morts-et-2-700-blesses-suite-a-lattaque-du-hamas\/","name":"Isra\u00ebl annonce 1200 morts et 2 700 bless\u00e9s suite \u00e0 l'attaque du Hamas - Kapitalis","isPartOf":{"@id":"https:\/\/kapitalis.com\/tunisie\/#website"},"primaryImageOfPage":{"@id":"https:\/\/kapitalis.com\/tunisie\/2023\/10\/11\/israel-annonce-1200-morts-et-2-700-blesses-suite-a-lattaque-du-hamas\/#primaryimage"},"image":{"@id":"https:\/\/kapitalis.com\/tunisie\/2023\/10\/11\/israel-annonce-1200-morts-et-2-700-blesses-suite-a-lattaque-du-hamas\/#primaryimage"},"thumbnailUrl":"https:\/\/kapitalis.com\/tunisie\/wp-content\/uploads\/2023\/10\/Morts-israelien.jpg","datePublished":"2023-10-11T12:37:50+00:00","dateModified":"2023-10-11T12:52:49+00:00","breadcrumb":{"@id":"https:\/\/kapitalis.com\/tunisie\/2023\/10\/11\/israel-annonce-1200-morts-et-2-700-blesses-suite-a-lattaque-du-hamas\/#breadcrumb"},"inLanguage":"fr-FR","potentialAction":[{"@type":"ReadAction","target":["https:\/\/kapitalis.com\/tunisie\/2023\/10\/11\/israel-annonce-1200-morts-et-2-700-blesses-suite-a-lattaque-du-hamas\/"]}]},{"@type":"ImageObject","inLanguage":"fr-FR","@id":"https:\/\/kapitalis.com\/tunisie\/2023\/10\/11\/israel-annonce-1200-morts-et-2-700-blesses-suite-a-lattaque-du-hamas\/#primaryimage","url":"https:\/\/kapitalis.com\/tunisie\/wp-content\/uploads\/2023\/10\/Morts-israelien.jpg","contentUrl":"https:\/\/kapitalis.com\/tunisie\/wp-content\/uploads\/2023\/10\/Morts-israelien.jpg","width":1200,"height":630},{"@type":"BreadcrumbList","@id":"https:\/\/kapitalis.com\/tunisie\/2023\/10\/11\/israel-annonce-1200-morts-et-2-700-blesses-suite-a-lattaque-du-hamas\/#breadcrumb","itemListElement":[{"@type":"ListItem","position":1,"name":"Accueil","item":"https:\/\/kapitalis.com\/tunisie\/"},{"@type":"ListItem","position":2,"name":"Isra\u00ebl annonce 1200 morts et 2 700 bless\u00e9s suite \u00e0 l&rsquo;attaque du Hamas"}]},{"@type":"WebSite","@id":"https:\/\/kapitalis.com\/tunisie\/#website","url":"https:\/\/kapitalis.com\/tunisie\/","name":"Kapitalis","description":"L&#039;actualit\u00e9 en Tunisie et dans le monde","publisher":{"@id":"https:\/\/kapitalis.com\/tunisie\/#organization"},"potentialAction":[{"@type":"SearchAction","target":{"@type":"EntryPoint","urlTemplate":"https:\/\/kapitalis.com\/tunisie\/?s={search_term_string}"},"query-input":{"@type":"PropertyValueSpecification","valueRequired":true,"valueName":"search_term_string"}}],"inLanguage":"fr-FR"},{"@type":"Organization","@id":"https:\/\/kapitalis.com\/tunisie\/#organization","name":"Kapitalis","url":"https:\/\/kapitalis.com\/tunisie\/","logo":{"@type":"ImageObject","inLanguage":"fr-FR","@id":"https:\/\/kapitalis.com\/tunisie\/#\/schema\/logo\/image\/","url":"https:\/\/kapitalis.com\/tunisie\/wp-content\/uploads\/2022\/05\/Kapitalis-big-size.png","contentUrl":"https:\/\/kapitalis.com\/tunisie\/wp-content\/uploads\/2022\/05\/Kapitalis-big-size.png","width":5000,"height":1500,"caption":"Kapitalis"},"image":{"@id":"https:\/\/kapitalis.com\/tunisie\/#\/schema\/logo\/image\/"},"sameAs":["https:\/\/www.facebook.com\/KapitalisInfo\/","https:\/\/x.com\/KapitalisInfo","https:\/\/www.youtube.com\/channel\/UC-yDYrHyfFBWWZaOw3FPg9Q"]},{"@type":"Person","@id":"https:\/\/kapitalis.com\/tunisie\/#\/schema\/person\/d71f33a9ca44f7bad4698210b480c8e9","name":"webmaster kapitalis","url":"https:\/\/kapitalis.com\/tunisie\/author\/webmaster-kapitalis\/"}]}},"_links":{"self":[{"href":"https:\/\/kapitalis.com\/tunisie\/wp-json\/wp\/v2\/posts\/10109958","targetHints":{"allow":["GET"]}}],"collection":[{"href":"https:\/\/kapitalis.com\/tunisie\/wp-json\/wp\/v2\/posts"}],"about":[{"href":"https:\/\/kapitalis.com\/tunisie\/wp-json\/wp\/v2\/types\/post"}],"author":[{"embeddable":true,"href":"https:\/\/kapitalis.com\/tunisie\/wp-json\/wp\/v2\/users\/8"}],"replies":[{"embeddable":true,"href":"https:\/\/kapitalis.com\/tunisie\/wp-json\/wp\/v2\/comments?post=10109958"}],"version-history":[{"count":2,"href":"https:\/\/kapitalis.com\/tunisie\/wp-json\/wp\/v2\/posts\/10109958\/revisions"}],"predecessor-version":[{"id":10110103,"href":"https:\/\/kapitalis.com\/tunisie\/wp-json\/wp\/v2\/posts\/10109958\/revisions\/10110103"}],"wp:featuredmedia":[{"embeddable":true,"href":"https:\/\/kapitalis.com\/tunisie\/wp-json\/wp\/v2\/media\/10109989"}],"wp:attachment":[{"href":"https:\/\/kapitalis.com\/tunisie\/wp-json\/wp\/v2\/media?parent=10109958"}],"wp:term":[{"taxonomy":"category","embeddable":true,"href":"https:\/\/kapitalis.com\/tunisie\/wp-json\/wp\/v2\/categories?post=10109958"},{"taxonomy":"post_tag","embeddable":true,"href":"https:\/\/kapitalis.com\/tunisie\/wp-json\/wp\/v2\/tags?post=10109958"}],"curies":[{"name":"wp","href":"https:\/\/api.w.org\/{rel}","templated":true}]}}