{"id":10140639,"date":"2023-10-14T11:01:19","date_gmt":"2023-10-14T10:01:19","guid":{"rendered":"https:\/\/kapitalis.com\/tunisie\/?p=10140639"},"modified":"2023-10-14T11:01:20","modified_gmt":"2023-10-14T10:01:20","slug":"lapia-invite-les-entreprises-tunisiennes-a-participer-au-salon-fruit-logistica","status":"publish","type":"post","link":"https:\/\/kapitalis.com\/tunisie\/2023\/10\/14\/lapia-invite-les-entreprises-tunisiennes-a-participer-au-salon-fruit-logistica\/","title":{"rendered":"L\u2019Apia invite les entreprises tunisiennes \u00e0 participer au salon Fruit Logistica"},"content":{"rendered":"\n<p>\u00a0<em><strong>L\u2019Agence de promotion des investissements agricoles (Apia) pr\u00e9pare la participation tunisienne au salon Fruit Logistica, pr\u00e9vu du 7 au 9 f\u00e9vrier 2024 \u00e0 Berlin (Allemagne).<\/strong><\/em><\/p>\n\n\n\n<!--more-->\n\n\n\n<p>Avec des exposants de plus de 90 pays et des visiteurs de 140 pays, Fruit Logistica est consid\u00e9r\u00e9 comme le salon le plus important au monde pour l\u2019industrie des produits frais et son acc\u00e8s direct au march\u00e9 mondial.<\/p>\n\n\n\n<p>C&rsquo;est le rendez-vous du d\u00e9but d&rsquo;ann\u00e9e dans le secteur fruits et l\u00e9gumes. Il couvre tous les secteurs du commerce des produits frais et fournit une image compl\u00e8te des nouvelles id\u00e9es, derni\u00e8res innovations, produits et services \u00e0 chaque maillon de la cha\u00eene d&rsquo;approvisionnement internationale. Il offrira aux entreprises tunisiennes la possibilit\u00e9 de r\u00e9seauter et d\u2019am\u00e9liorer la visibilit\u00e9 de leurs produits.<\/p>\n\n\n\n<p>Les entreprises souhaitant participer \u00e0 ce salon sont invit\u00e9es \u00e0 s&rsquo;inscrire en ligne, sur<a href=\"https:\/\/docs.google.com\/forms\/d\/e\/1FAIpQLScHFT37WY4pUKVnpXSTzO7InycUmnwjY2I6pajkpfxCT7wLKg\/viewform\" target=\"_blank\" rel=\"noreferrer noopener\"> ce lien<\/a>.<\/p>\n","protected":false},"excerpt":{"rendered":"<p>Pr\u00e9paration de la participation tunisienne au salon Fruit Logistica, pr\u00e9vu du 7 au 9 f\u00e9vrier 2024 \u00e0 Berlin (Allemagne).<\/p>\n","protected":false},"author":8,"featured_media":10140746,"comment_status":"open","ping_status":"open","sticky":false,"template":"","format":"standard","meta":{"footnotes":""},"categories":[995,2433],"tags":[1096,17204,144,111569,111570,62643],"class_list":["post-10140639","post","type-post","status-publish","format-standard","has-post-thumbnail","hentry","category-economie","category-tunisie","tag-allemagne","tag-apia","tag-berlin","tag-fruit-logistica","tag-produits-frais","tag-tunisie"],"yoast_head":"<!-- This site is optimized with the Yoast SEO plugin v26.6 - https:\/\/yoast.com\/wordpress\/plugins\/seo\/ -->\n<title>L\u2019Apia invite les entreprises tunisiennes \u00e0 participer au salon Fruit Logistica - Kapitalis<\/title>\n<meta name=\"robots\" content=\"index, follow, max-snippet:-1, max-image-preview:large, max-video-preview:-1\" \/>\n<link rel=\"canonical\" href=\"https:\/\/kapitalis.com\/tunisie\/2023\/10\/14\/lapia-invite-les-entreprises-tunisiennes-a-participer-au-salon-fruit-logistica\/\" \/>\n<meta property=\"og:locale\" content=\"fr_FR\" \/>\n<meta property=\"og:type\" content=\"article\" \/>\n<meta property=\"og:title\" content=\"L\u2019Apia invite les entreprises tunisiennes \u00e0 participer au salon Fruit Logistica - Kapitalis\" \/>\n<meta property=\"og:description\" content=\"Pr\u00e9paration de la participation tunisienne au salon Fruit Logistica, pr\u00e9vu du 7 au 9 f\u00e9vrier 2024 \u00e0 Berlin (Allemagne).\" \/>\n<meta property=\"og:url\" content=\"https:\/\/kapitalis.com\/tunisie\/2023\/10\/14\/lapia-invite-les-entreprises-tunisiennes-a-participer-au-salon-fruit-logistica\/\" \/>\n<meta property=\"og:site_name\" content=\"Kapitalis\" \/>\n<meta property=\"article:publisher\" content=\"https:\/\/www.facebook.com\/KapitalisInfo\/\" \/>\n<meta property=\"article:published_time\" content=\"2023-10-14T10:01:19+00:00\" \/>\n<meta property=\"article:modified_time\" content=\"2023-10-14T10:01:20+00:00\" \/>\n<meta property=\"og:image\" content=\"https:\/\/kapitalis.com\/tunisie\/wp-content\/uploads\/2023\/10\/Fruit-Logistica.jpg\" \/>\n\t<meta property=\"og:image:width\" content=\"1200\" \/>\n\t<meta property=\"og:image:height\" content=\"630\" \/>\n\t<meta property=\"og:image:type\" content=\"image\/jpeg\" \/>\n<meta name=\"author\" content=\"webmaster kapitalis\" \/>\n<meta name=\"twitter:card\" content=\"summary_large_image\" \/>\n<meta name=\"twitter:creator\" content=\"@KapitalisInfo\" \/>\n<meta name=\"twitter:site\" content=\"@KapitalisInfo\" \/>\n<meta name=\"twitter:label1\" content=\"\u00c9crit par\" \/>\n\t<meta name=\"twitter:data1\" content=\"webmaster kapitalis\" \/>\n\t<meta name=\"twitter:label2\" content=\"Dur\u00e9e de lecture estim\u00e9e\" \/>\n\t<meta name=\"twitter:data2\" content=\"1 minute\" \/>\n<script type=\"application\/ld+json\" class=\"yoast-schema-graph\">{\"@context\":\"https:\/\/schema.org\",\"@graph\":[{\"@type\":\"Article\",\"@id\":\"https:\/\/kapitalis.com\/tunisie\/2023\/10\/14\/lapia-invite-les-entreprises-tunisiennes-a-participer-au-salon-fruit-logistica\/#article\",\"isPartOf\":{\"@id\":\"https:\/\/kapitalis.com\/tunisie\/2023\/10\/14\/lapia-invite-les-entreprises-tunisiennes-a-participer-au-salon-fruit-logistica\/\"},\"author\":{\"name\":\"webmaster kapitalis\",\"@id\":\"https:\/\/kapitalis.com\/tunisie\/#\/schema\/person\/d71f33a9ca44f7bad4698210b480c8e9\"},\"headline\":\"L\u2019Apia invite les entreprises tunisiennes \u00e0 participer au salon Fruit Logistica\",\"datePublished\":\"2023-10-14T10:01:19+00:00\",\"dateModified\":\"2023-10-14T10:01:20+00:00\",\"mainEntityOfPage\":{\"@id\":\"https:\/\/kapitalis.com\/tunisie\/2023\/10\/14\/lapia-invite-les-entreprises-tunisiennes-a-participer-au-salon-fruit-logistica\/\"},\"wordCount\":158,\"commentCount\":0,\"publisher\":{\"@id\":\"https:\/\/kapitalis.com\/tunisie\/#organization\"},\"image\":{\"@id\":\"https:\/\/kapitalis.com\/tunisie\/2023\/10\/14\/lapia-invite-les-entreprises-tunisiennes-a-participer-au-salon-fruit-logistica\/#primaryimage\"},\"thumbnailUrl\":\"https:\/\/kapitalis.com\/tunisie\/wp-content\/uploads\/2023\/10\/Fruit-Logistica.jpg\",\"keywords\":[\"Allemagne\",\"Apia\",\"Berlin\",\"Fruit Logistica\",\"produits frais\",\"Tunisie\"],\"articleSection\":[\"ECONOMIE\",\"Tunisie\"],\"inLanguage\":\"fr-FR\",\"potentialAction\":[{\"@type\":\"CommentAction\",\"name\":\"Comment\",\"target\":[\"https:\/\/kapitalis.com\/tunisie\/2023\/10\/14\/lapia-invite-les-entreprises-tunisiennes-a-participer-au-salon-fruit-logistica\/#respond\"]}]},{\"@type\":\"WebPage\",\"@id\":\"https:\/\/kapitalis.com\/tunisie\/2023\/10\/14\/lapia-invite-les-entreprises-tunisiennes-a-participer-au-salon-fruit-logistica\/\",\"url\":\"https:\/\/kapitalis.com\/tunisie\/2023\/10\/14\/lapia-invite-les-entreprises-tunisiennes-a-participer-au-salon-fruit-logistica\/\",\"name\":\"L\u2019Apia invite les entreprises tunisiennes \u00e0 participer au salon Fruit Logistica - Kapitalis\",\"isPartOf\":{\"@id\":\"https:\/\/kapitalis.com\/tunisie\/#website\"},\"primaryImageOfPage\":{\"@id\":\"https:\/\/kapitalis.com\/tunisie\/2023\/10\/14\/lapia-invite-les-entreprises-tunisiennes-a-participer-au-salon-fruit-logistica\/#primaryimage\"},\"image\":{\"@id\":\"https:\/\/kapitalis.com\/tunisie\/2023\/10\/14\/lapia-invite-les-entreprises-tunisiennes-a-participer-au-salon-fruit-logistica\/#primaryimage\"},\"thumbnailUrl\":\"https:\/\/kapitalis.com\/tunisie\/wp-content\/uploads\/2023\/10\/Fruit-Logistica.jpg\",\"datePublished\":\"2023-10-14T10:01:19+00:00\",\"dateModified\":\"2023-10-14T10:01:20+00:00\",\"breadcrumb\":{\"@id\":\"https:\/\/kapitalis.com\/tunisie\/2023\/10\/14\/lapia-invite-les-entreprises-tunisiennes-a-participer-au-salon-fruit-logistica\/#breadcrumb\"},\"inLanguage\":\"fr-FR\",\"potentialAction\":[{\"@type\":\"ReadAction\",\"target\":[\"https:\/\/kapitalis.com\/tunisie\/2023\/10\/14\/lapia-invite-les-entreprises-tunisiennes-a-participer-au-salon-fruit-logistica\/\"]}]},{\"@type\":\"ImageObject\",\"inLanguage\":\"fr-FR\",\"@id\":\"https:\/\/kapitalis.com\/tunisie\/2023\/10\/14\/lapia-invite-les-entreprises-tunisiennes-a-participer-au-salon-fruit-logistica\/#primaryimage\",\"url\":\"https:\/\/kapitalis.com\/tunisie\/wp-content\/uploads\/2023\/10\/Fruit-Logistica.jpg\",\"contentUrl\":\"https:\/\/kapitalis.com\/tunisie\/wp-content\/uploads\/2023\/10\/Fruit-Logistica.jpg\",\"width\":1200,\"height\":630},{\"@type\":\"BreadcrumbList\",\"@id\":\"https:\/\/kapitalis.com\/tunisie\/2023\/10\/14\/lapia-invite-les-entreprises-tunisiennes-a-participer-au-salon-fruit-logistica\/#breadcrumb\",\"itemListElement\":[{\"@type\":\"ListItem\",\"position\":1,\"name\":\"Accueil\",\"item\":\"https:\/\/kapitalis.com\/tunisie\/\"},{\"@type\":\"ListItem\",\"position\":2,\"name\":\"L\u2019Apia invite les entreprises tunisiennes \u00e0 participer au salon Fruit Logistica\"}]},{\"@type\":\"WebSite\",\"@id\":\"https:\/\/kapitalis.com\/tunisie\/#website\",\"url\":\"https:\/\/kapitalis.com\/tunisie\/\",\"name\":\"Kapitalis\",\"description\":\"L&#039;actualit\u00e9 en Tunisie et dans le monde\",\"publisher\":{\"@id\":\"https:\/\/kapitalis.com\/tunisie\/#organization\"},\"potentialAction\":[{\"@type\":\"SearchAction\",\"target\":{\"@type\":\"EntryPoint\",\"urlTemplate\":\"https:\/\/kapitalis.com\/tunisie\/?s={search_term_string}\"},\"query-input\":{\"@type\":\"PropertyValueSpecification\",\"valueRequired\":true,\"valueName\":\"search_term_string\"}}],\"inLanguage\":\"fr-FR\"},{\"@type\":\"Organization\",\"@id\":\"https:\/\/kapitalis.com\/tunisie\/#organization\",\"name\":\"Kapitalis\",\"url\":\"https:\/\/kapitalis.com\/tunisie\/\",\"logo\":{\"@type\":\"ImageObject\",\"inLanguage\":\"fr-FR\",\"@id\":\"https:\/\/kapitalis.com\/tunisie\/#\/schema\/logo\/image\/\",\"url\":\"https:\/\/kapitalis.com\/tunisie\/wp-content\/uploads\/2022\/05\/Kapitalis-big-size.png\",\"contentUrl\":\"https:\/\/kapitalis.com\/tunisie\/wp-content\/uploads\/2022\/05\/Kapitalis-big-size.png\",\"width\":5000,\"height\":1500,\"caption\":\"Kapitalis\"},\"image\":{\"@id\":\"https:\/\/kapitalis.com\/tunisie\/#\/schema\/logo\/image\/\"},\"sameAs\":[\"https:\/\/www.facebook.com\/KapitalisInfo\/\",\"https:\/\/x.com\/KapitalisInfo\",\"https:\/\/www.youtube.com\/channel\/UC-yDYrHyfFBWWZaOw3FPg9Q\"]},{\"@type\":\"Person\",\"@id\":\"https:\/\/kapitalis.com\/tunisie\/#\/schema\/person\/d71f33a9ca44f7bad4698210b480c8e9\",\"name\":\"webmaster kapitalis\",\"url\":\"https:\/\/kapitalis.com\/tunisie\/author\/webmaster-kapitalis\/\"}]}<\/script>\n<!-- \/ Yoast SEO plugin. -->","yoast_head_json":{"title":"L\u2019Apia invite les entreprises tunisiennes \u00e0 participer au salon Fruit Logistica - Kapitalis","robots":{"index":"index","follow":"follow","max-snippet":"max-snippet:-1","max-image-preview":"max-image-preview:large","max-video-preview":"max-video-preview:-1"},"canonical":"https:\/\/kapitalis.com\/tunisie\/2023\/10\/14\/lapia-invite-les-entreprises-tunisiennes-a-participer-au-salon-fruit-logistica\/","og_locale":"fr_FR","og_type":"article","og_title":"L\u2019Apia invite les entreprises tunisiennes \u00e0 participer au salon Fruit Logistica - Kapitalis","og_description":"Pr\u00e9paration de la participation tunisienne au salon Fruit Logistica, pr\u00e9vu du 7 au 9 f\u00e9vrier 2024 \u00e0 Berlin (Allemagne).","og_url":"https:\/\/kapitalis.com\/tunisie\/2023\/10\/14\/lapia-invite-les-entreprises-tunisiennes-a-participer-au-salon-fruit-logistica\/","og_site_name":"Kapitalis","article_publisher":"https:\/\/www.facebook.com\/KapitalisInfo\/","article_published_time":"2023-10-14T10:01:19+00:00","article_modified_time":"2023-10-14T10:01:20+00:00","og_image":[{"width":1200,"height":630,"url":"https:\/\/kapitalis.com\/tunisie\/wp-content\/uploads\/2023\/10\/Fruit-Logistica.jpg","type":"image\/jpeg"}],"author":"webmaster kapitalis","twitter_card":"summary_large_image","twitter_creator":"@KapitalisInfo","twitter_site":"@KapitalisInfo","twitter_misc":{"\u00c9crit par":"webmaster kapitalis","Dur\u00e9e de lecture estim\u00e9e":"1 minute"},"schema":{"@context":"https:\/\/schema.org","@graph":[{"@type":"Article","@id":"https:\/\/kapitalis.com\/tunisie\/2023\/10\/14\/lapia-invite-les-entreprises-tunisiennes-a-participer-au-salon-fruit-logistica\/#article","isPartOf":{"@id":"https:\/\/kapitalis.com\/tunisie\/2023\/10\/14\/lapia-invite-les-entreprises-tunisiennes-a-participer-au-salon-fruit-logistica\/"},"author":{"name":"webmaster kapitalis","@id":"https:\/\/kapitalis.com\/tunisie\/#\/schema\/person\/d71f33a9ca44f7bad4698210b480c8e9"},"headline":"L\u2019Apia invite les entreprises tunisiennes \u00e0 participer au salon Fruit Logistica","datePublished":"2023-10-14T10:01:19+00:00","dateModified":"2023-10-14T10:01:20+00:00","mainEntityOfPage":{"@id":"https:\/\/kapitalis.com\/tunisie\/2023\/10\/14\/lapia-invite-les-entreprises-tunisiennes-a-participer-au-salon-fruit-logistica\/"},"wordCount":158,"commentCount":0,"publisher":{"@id":"https:\/\/kapitalis.com\/tunisie\/#organization"},"image":{"@id":"https:\/\/kapitalis.com\/tunisie\/2023\/10\/14\/lapia-invite-les-entreprises-tunisiennes-a-participer-au-salon-fruit-logistica\/#primaryimage"},"thumbnailUrl":"https:\/\/kapitalis.com\/tunisie\/wp-content\/uploads\/2023\/10\/Fruit-Logistica.jpg","keywords":["Allemagne","Apia","Berlin","Fruit Logistica","produits frais","Tunisie"],"articleSection":["ECONOMIE","Tunisie"],"inLanguage":"fr-FR","potentialAction":[{"@type":"CommentAction","name":"Comment","target":["https:\/\/kapitalis.com\/tunisie\/2023\/10\/14\/lapia-invite-les-entreprises-tunisiennes-a-participer-au-salon-fruit-logistica\/#respond"]}]},{"@type":"WebPage","@id":"https:\/\/kapitalis.com\/tunisie\/2023\/10\/14\/lapia-invite-les-entreprises-tunisiennes-a-participer-au-salon-fruit-logistica\/","url":"https:\/\/kapitalis.com\/tunisie\/2023\/10\/14\/lapia-invite-les-entreprises-tunisiennes-a-participer-au-salon-fruit-logistica\/","name":"L\u2019Apia invite les entreprises tunisiennes \u00e0 participer au salon Fruit Logistica - Kapitalis","isPartOf":{"@id":"https:\/\/kapitalis.com\/tunisie\/#website"},"primaryImageOfPage":{"@id":"https:\/\/kapitalis.com\/tunisie\/2023\/10\/14\/lapia-invite-les-entreprises-tunisiennes-a-participer-au-salon-fruit-logistica\/#primaryimage"},"image":{"@id":"https:\/\/kapitalis.com\/tunisie\/2023\/10\/14\/lapia-invite-les-entreprises-tunisiennes-a-participer-au-salon-fruit-logistica\/#primaryimage"},"thumbnailUrl":"https:\/\/kapitalis.com\/tunisie\/wp-content\/uploads\/2023\/10\/Fruit-Logistica.jpg","datePublished":"2023-10-14T10:01:19+00:00","dateModified":"2023-10-14T10:01:20+00:00","breadcrumb":{"@id":"https:\/\/kapitalis.com\/tunisie\/2023\/10\/14\/lapia-invite-les-entreprises-tunisiennes-a-participer-au-salon-fruit-logistica\/#breadcrumb"},"inLanguage":"fr-FR","potentialAction":[{"@type":"ReadAction","target":["https:\/\/kapitalis.com\/tunisie\/2023\/10\/14\/lapia-invite-les-entreprises-tunisiennes-a-participer-au-salon-fruit-logistica\/"]}]},{"@type":"ImageObject","inLanguage":"fr-FR","@id":"https:\/\/kapitalis.com\/tunisie\/2023\/10\/14\/lapia-invite-les-entreprises-tunisiennes-a-participer-au-salon-fruit-logistica\/#primaryimage","url":"https:\/\/kapitalis.com\/tunisie\/wp-content\/uploads\/2023\/10\/Fruit-Logistica.jpg","contentUrl":"https:\/\/kapitalis.com\/tunisie\/wp-content\/uploads\/2023\/10\/Fruit-Logistica.jpg","width":1200,"height":630},{"@type":"BreadcrumbList","@id":"https:\/\/kapitalis.com\/tunisie\/2023\/10\/14\/lapia-invite-les-entreprises-tunisiennes-a-participer-au-salon-fruit-logistica\/#breadcrumb","itemListElement":[{"@type":"ListItem","position":1,"name":"Accueil","item":"https:\/\/kapitalis.com\/tunisie\/"},{"@type":"ListItem","position":2,"name":"L\u2019Apia invite les entreprises tunisiennes \u00e0 participer au salon Fruit Logistica"}]},{"@type":"WebSite","@id":"https:\/\/kapitalis.com\/tunisie\/#website","url":"https:\/\/kapitalis.com\/tunisie\/","name":"Kapitalis","description":"L&#039;actualit\u00e9 en Tunisie et dans le monde","publisher":{"@id":"https:\/\/kapitalis.com\/tunisie\/#organization"},"potentialAction":[{"@type":"SearchAction","target":{"@type":"EntryPoint","urlTemplate":"https:\/\/kapitalis.com\/tunisie\/?s={search_term_string}"},"query-input":{"@type":"PropertyValueSpecification","valueRequired":true,"valueName":"search_term_string"}}],"inLanguage":"fr-FR"},{"@type":"Organization","@id":"https:\/\/kapitalis.com\/tunisie\/#organization","name":"Kapitalis","url":"https:\/\/kapitalis.com\/tunisie\/","logo":{"@type":"ImageObject","inLanguage":"fr-FR","@id":"https:\/\/kapitalis.com\/tunisie\/#\/schema\/logo\/image\/","url":"https:\/\/kapitalis.com\/tunisie\/wp-content\/uploads\/2022\/05\/Kapitalis-big-size.png","contentUrl":"https:\/\/kapitalis.com\/tunisie\/wp-content\/uploads\/2022\/05\/Kapitalis-big-size.png","width":5000,"height":1500,"caption":"Kapitalis"},"image":{"@id":"https:\/\/kapitalis.com\/tunisie\/#\/schema\/logo\/image\/"},"sameAs":["https:\/\/www.facebook.com\/KapitalisInfo\/","https:\/\/x.com\/KapitalisInfo","https:\/\/www.youtube.com\/channel\/UC-yDYrHyfFBWWZaOw3FPg9Q"]},{"@type":"Person","@id":"https:\/\/kapitalis.com\/tunisie\/#\/schema\/person\/d71f33a9ca44f7bad4698210b480c8e9","name":"webmaster kapitalis","url":"https:\/\/kapitalis.com\/tunisie\/author\/webmaster-kapitalis\/"}]}},"_links":{"self":[{"href":"https:\/\/kapitalis.com\/tunisie\/wp-json\/wp\/v2\/posts\/10140639","targetHints":{"allow":["GET"]}}],"collection":[{"href":"https:\/\/kapitalis.com\/tunisie\/wp-json\/wp\/v2\/posts"}],"about":[{"href":"https:\/\/kapitalis.com\/tunisie\/wp-json\/wp\/v2\/types\/post"}],"author":[{"embeddable":true,"href":"https:\/\/kapitalis.com\/tunisie\/wp-json\/wp\/v2\/users\/8"}],"replies":[{"embeddable":true,"href":"https:\/\/kapitalis.com\/tunisie\/wp-json\/wp\/v2\/comments?post=10140639"}],"version-history":[{"count":1,"href":"https:\/\/kapitalis.com\/tunisie\/wp-json\/wp\/v2\/posts\/10140639\/revisions"}],"predecessor-version":[{"id":10140770,"href":"https:\/\/kapitalis.com\/tunisie\/wp-json\/wp\/v2\/posts\/10140639\/revisions\/10140770"}],"wp:featuredmedia":[{"embeddable":true,"href":"https:\/\/kapitalis.com\/tunisie\/wp-json\/wp\/v2\/media\/10140746"}],"wp:attachment":[{"href":"https:\/\/kapitalis.com\/tunisie\/wp-json\/wp\/v2\/media?parent=10140639"}],"wp:term":[{"taxonomy":"category","embeddable":true,"href":"https:\/\/kapitalis.com\/tunisie\/wp-json\/wp\/v2\/categories?post=10140639"},{"taxonomy":"post_tag","embeddable":true,"href":"https:\/\/kapitalis.com\/tunisie\/wp-json\/wp\/v2\/tags?post=10140639"}],"curies":[{"name":"wp","href":"https:\/\/api.w.org\/{rel}","templated":true}]}}