{"id":10140964,"date":"2023-10-14T11:43:11","date_gmt":"2023-10-14T10:43:11","guid":{"rendered":"https:\/\/kapitalis.com\/tunisie\/?p=10140964"},"modified":"2023-10-14T11:57:01","modified_gmt":"2023-10-14T10:57:01","slug":"la-tunisie-va-t-elle-criminaliser-la-normalisation-avec-israel","status":"publish","type":"post","link":"https:\/\/kapitalis.com\/tunisie\/2023\/10\/14\/la-tunisie-va-t-elle-criminaliser-la-normalisation-avec-israel\/","title":{"rendered":"La Tunisie va-t-elle criminaliser\u00a0la normalisation avec Isra\u00ebl ?"},"content":{"rendered":"\n<p><strong><em>Le projet de loi criminalisant la normalisation des relations avec Isra\u00ebl a de fortes chances d&rsquo;\u00eatre adopt\u00e9 par le parlement tunisien o\u00f9 de plus en plus voix s&rsquo;\u00e9l\u00e8vent pour appeler \u00e0 son examen en urgence, \u00e0 la faveur de la guerre que livre actuellement l&rsquo;Etat h\u00e9breu aux populations palestiniennes. <\/em><\/strong><\/p>\n\n\n\n<p>Par <strong>Imed Bahri <\/strong>   <\/p>\n\n\n\n<!--more-->\n\n\n\n<p>Le parlement tunisien a discut\u00e9 lors de sa session ordinaire de jeudi 12 octobre 2023 d\u2019une demande \u00e9crite sign\u00e9e par 97 membres pour l\u2019examen urgent d\u2019un projet de loi criminalisant la normalisation des relations avec l\u2019Etat d\u2019Isra\u00ebl.<\/p>\n\n\n\n<p>Ce projet de loi, qui avait \u00e9t\u00e9 renvoy\u00e9 \u00e0 la commission des questions juridiques et des droits des citoyens, avait \u00e9t\u00e9 propos\u00e9 \u00e0 plusieurs reprises depuis 2011. Il a \u00e9t\u00e9 discut\u00e9 mais n\u2019a pas \u00e9t\u00e9 adopt\u00e9. Cependant, l\u2019\u00e9volution de la situation politique dans le pays depuis la proclamation de l\u2019\u00e9tat d\u2019exception par le pr\u00e9sident Ka\u00efs Sa\u00efed, le 25 juillet 2021, semble lui avoir donn\u00e9 de meilleures chances d\u2019\u00eatre vot\u00e9 par une assembl\u00e9e presque totalement acquise \u00e0 ce dernier, qui, on le sait, n\u2019a jamais fait myst\u00e8re de son antisionisme, lors de sa campagne \u00e9lectorale en 2019 et m\u00eame apr\u00e8s son entr\u00e9e au palais de Carthage.<\/p>\n\n\n\n<p>Depuis l\u2019\u00e9lan de solidarit\u00e9 inconditionnelle exprim\u00e9 par l\u2019\u00e9crasante majorit\u00e9 des Tunisiens avec la population palestinienne suite aux bombardements meurtriers de Gaza par l\u2019arm\u00e9e isra\u00e9lienne, cette semaine, ce projet de loi a rev\u00eatu une certaine urgence au regard de ceux qui se pr\u00e9sentent comme repr\u00e9sentants du peuple. <\/p>\n\n\n\n<figure class=\"wp-block-embed is-type-wp-embed is-provider-kapitalis wp-block-embed-kapitalis\"><div class=\"wp-block-embed__wrapper\">\n<blockquote class=\"wp-embedded-content\" data-secret=\"UAnkQzoIx9\"><a href=\"https:\/\/kapitalis.com\/tunisie\/2023\/08\/17\/la-tunisie-lalgerie-et-le-spectre-de-la-normalisation-avec-israel\/\">La Tunisie, l\u2019Alg\u00e9rie\u00a0et le spectre de la normalisation avec Isra\u00ebl<\/a><\/blockquote><iframe loading=\"lazy\" class=\"wp-embedded-content\" sandbox=\"allow-scripts\" security=\"restricted\" style=\"position: absolute; clip: rect(1px, 1px, 1px, 1px);\" title=\"\u00ab\u00a0La Tunisie, l\u2019Alg\u00e9rie\u00a0et le spectre de la normalisation avec Isra\u00ebl\u00a0\u00bb &#8212; Kapitalis\" src=\"https:\/\/kapitalis.com\/tunisie\/2023\/08\/17\/la-tunisie-lalgerie-et-le-spectre-de-la-normalisation-avec-israel\/embed\/#?secret=EAcpV9Br0h#?secret=UAnkQzoIx9\" data-secret=\"UAnkQzoIx9\" width=\"600\" height=\"338\" frameborder=\"0\" marginwidth=\"0\" marginheight=\"0\" scrolling=\"no\"><\/iframe>\n<\/div><\/figure>\n\n\n\n<p>Il convient de noter dans ce contexte que la D\u00e9l\u00e9gation permanente de la Tunisie aupr\u00e8s de la Ligue des \u00c9tats arabes a pr\u00e9sent\u00e9 des r\u00e9serves globales \u00e0 la d\u00e9claration n\u00b0 8987 \u00e9mise par la r\u00e9union minist\u00e9rielle de la Ligue arabe lors de sa session extraordinaire du 11 octobre. <\/p>\n\n\n\n<p>Cette d\u00e9claration, qui traitait des moyens d\u2019action pour arr\u00eater l\u2019agression isra\u00e9lienne et parvenir \u00e0 la paix et \u00e0 la s\u00e9curit\u00e9, mettait l\u2019accent sur <em>\u00abla cessation imm\u00e9diate de la guerre isra\u00e9lienne contre Gaza\u00bb<\/em> et appelait toutes les parties \u00e0 faire preuve de retenue, tout en condamnant le ciblage et le meurtre de civils des deux c\u00f4t\u00e9s. A Tunis, elle n\u2019a pas \u00e9t\u00e9 jug\u00e9e suffisamment acquise aux droits des Palestiniens et ne condamnait pas clairement l\u2019occupation isra\u00e9lienne.<\/p>\n\n\n\n<p>L&rsquo;opposition tunisienne, qui a toujours rivalis\u00e9 avec le pouvoir en mati\u00e8re d&rsquo;antisionisme, de solidarit\u00e9 avec les Palestiniens et d&rsquo;hostilit\u00e9 envers l&rsquo;Etat d&rsquo;Isra\u00ebl, milite elle aussi clairement pour l&rsquo;adoption de ce projet de loi. On ne la voit pas, en tout cas, s&rsquo;y opposer ouvertement au risque de se voir davantage coup\u00e9e des \u00e9lecteurs qui font aujourd&rsquo;hui bloc autour de Sa\u00efed, malgr\u00e9 son tr\u00e8s maigre bilan. La voie est donc balis\u00e9e pour l&rsquo;adoption de ce projet de loi avec une tr\u00e8s confortable majorit\u00e9 et il est peu probable qu&rsquo;une fois vot\u00e9, le pr\u00e9sident Sa\u00efed se permette de sursoir \u00e0 sa ratification et \u00e0 sa publication au journal officiel, au risque de d\u00e9cevoir ses \u00e9lecteurs \u00e0 quelques mois d&rsquo;une pr\u00e9sidentielle qu&rsquo;il brigue clairement. <\/p>\n\n\n\n<p>Ce serait alors un tournant historique dans un pays qui a toujours su, sous Bourguiba et Ben Ali, se tenir \u00e0 l&rsquo;\u00e9cart des bruits et fureurs du Moyen-Orient. Comme quoi, pr\u00e8s d&rsquo;un demi si\u00e8cle apr\u00e8s sa mort, Nasser est en train de faire des enfants&#8230; \u00e0 Tunis.  <\/p>\n\n\n\n<p><em>Wait and see&#8230;  <\/em><\/p>\n\n\n\n<figure class=\"wp-block-embed is-type-wp-embed is-provider-kapitalis wp-block-embed-kapitalis\"><div class=\"wp-block-embed__wrapper\">\n<blockquote class=\"wp-embedded-content\" data-secret=\"nJ6z3Tt1XJ\"><a href=\"https:\/\/kapitalis.com\/tunisie\/2023\/07\/11\/relations-de-la-tunisie-avec-israel-entre-reconnaissance-et-rejet\/\">Relations de la Tunisie avec Isra\u00ebl, entre reconnaissance et rejet<\/a><\/blockquote><iframe loading=\"lazy\" class=\"wp-embedded-content\" sandbox=\"allow-scripts\" security=\"restricted\" style=\"position: absolute; clip: rect(1px, 1px, 1px, 1px);\" title=\"\u00ab\u00a0Relations de la Tunisie avec Isra\u00ebl, entre reconnaissance et rejet\u00a0\u00bb &#8212; Kapitalis\" src=\"https:\/\/kapitalis.com\/tunisie\/2023\/07\/11\/relations-de-la-tunisie-avec-israel-entre-reconnaissance-et-rejet\/embed\/#?secret=JV3agn9sPR#?secret=nJ6z3Tt1XJ\" data-secret=\"nJ6z3Tt1XJ\" width=\"600\" height=\"338\" frameborder=\"0\" marginwidth=\"0\" marginheight=\"0\" scrolling=\"no\"><\/iframe>\n<\/div><\/figure>\n\n\n\n<p class=\"has-text-align-right\"><strong> <\/strong><\/p>\n","protected":false},"excerpt":{"rendered":"<p>Le projet de loi criminalisant la normalisation des relations avec Isra\u00ebl a de fortes chances d&rsquo;\u00eatre adopt\u00e9 par le parlement tunisien. <\/p>\n","protected":false},"author":8,"featured_media":7582324,"comment_status":"open","ping_status":"open","sticky":false,"template":"","format":"standard","meta":{"footnotes":""},"categories":[992,997,2433],"tags":[93,2444,2478,76012,4988,34126,2739,62643],"class_list":["post-10140964","post","type-post","status-publish","format-standard","has-post-thumbnail","hentry","category-a-la-une","category-politique","category-tunisie","tag-assemblee","tag-gaza","tag-israel","tag-kais-saied-2","tag-ligue-arabe","tag-normalisation","tag-palestiniens","tag-tunisie"],"yoast_head":"<!-- This site is optimized with the Yoast SEO plugin v26.6 - https:\/\/yoast.com\/wordpress\/plugins\/seo\/ -->\n<title>La Tunisie va-t-elle criminaliser\u00a0la normalisation avec Isra\u00ebl ? - Kapitalis<\/title>\n<meta name=\"robots\" content=\"index, follow, max-snippet:-1, max-image-preview:large, max-video-preview:-1\" \/>\n<link rel=\"canonical\" href=\"https:\/\/kapitalis.com\/tunisie\/2023\/10\/14\/la-tunisie-va-t-elle-criminaliser-la-normalisation-avec-israel\/\" \/>\n<meta property=\"og:locale\" content=\"fr_FR\" \/>\n<meta property=\"og:type\" content=\"article\" \/>\n<meta property=\"og:title\" content=\"La Tunisie va-t-elle criminaliser\u00a0la normalisation avec Isra\u00ebl ? - Kapitalis\" \/>\n<meta property=\"og:description\" content=\"Le projet de loi criminalisant la normalisation des relations avec Isra\u00ebl a de fortes chances d&#039;\u00eatre adopt\u00e9 par le parlement tunisien.\" \/>\n<meta property=\"og:url\" content=\"https:\/\/kapitalis.com\/tunisie\/2023\/10\/14\/la-tunisie-va-t-elle-criminaliser-la-normalisation-avec-israel\/\" \/>\n<meta property=\"og:site_name\" content=\"Kapitalis\" \/>\n<meta property=\"article:publisher\" content=\"https:\/\/www.facebook.com\/KapitalisInfo\/\" \/>\n<meta property=\"article:published_time\" content=\"2023-10-14T10:43:11+00:00\" \/>\n<meta property=\"article:modified_time\" content=\"2023-10-14T10:57:01+00:00\" \/>\n<meta property=\"og:image\" content=\"https:\/\/kapitalis.com\/tunisie\/wp-content\/uploads\/2023\/04\/Assemblee-2.jpg\" \/>\n\t<meta property=\"og:image:width\" content=\"1200\" \/>\n\t<meta property=\"og:image:height\" content=\"630\" \/>\n\t<meta property=\"og:image:type\" content=\"image\/jpeg\" \/>\n<meta name=\"author\" content=\"webmaster kapitalis\" \/>\n<meta name=\"twitter:card\" content=\"summary_large_image\" \/>\n<meta name=\"twitter:creator\" content=\"@KapitalisInfo\" \/>\n<meta name=\"twitter:site\" content=\"@KapitalisInfo\" \/>\n<meta name=\"twitter:label1\" content=\"\u00c9crit par\" \/>\n\t<meta name=\"twitter:data1\" content=\"webmaster kapitalis\" \/>\n\t<meta name=\"twitter:label2\" content=\"Dur\u00e9e de lecture estim\u00e9e\" \/>\n\t<meta name=\"twitter:data2\" content=\"3 minutes\" \/>\n<script type=\"application\/ld+json\" class=\"yoast-schema-graph\">{\"@context\":\"https:\/\/schema.org\",\"@graph\":[{\"@type\":\"Article\",\"@id\":\"https:\/\/kapitalis.com\/tunisie\/2023\/10\/14\/la-tunisie-va-t-elle-criminaliser-la-normalisation-avec-israel\/#article\",\"isPartOf\":{\"@id\":\"https:\/\/kapitalis.com\/tunisie\/2023\/10\/14\/la-tunisie-va-t-elle-criminaliser-la-normalisation-avec-israel\/\"},\"author\":{\"name\":\"webmaster kapitalis\",\"@id\":\"https:\/\/kapitalis.com\/tunisie\/#\/schema\/person\/d71f33a9ca44f7bad4698210b480c8e9\"},\"headline\":\"La Tunisie va-t-elle criminaliser\u00a0la normalisation avec Isra\u00ebl ?\",\"datePublished\":\"2023-10-14T10:43:11+00:00\",\"dateModified\":\"2023-10-14T10:57:01+00:00\",\"mainEntityOfPage\":{\"@id\":\"https:\/\/kapitalis.com\/tunisie\/2023\/10\/14\/la-tunisie-va-t-elle-criminaliser-la-normalisation-avec-israel\/\"},\"wordCount\":602,\"commentCount\":11,\"publisher\":{\"@id\":\"https:\/\/kapitalis.com\/tunisie\/#organization\"},\"image\":{\"@id\":\"https:\/\/kapitalis.com\/tunisie\/2023\/10\/14\/la-tunisie-va-t-elle-criminaliser-la-normalisation-avec-israel\/#primaryimage\"},\"thumbnailUrl\":\"https:\/\/kapitalis.com\/tunisie\/wp-content\/uploads\/2023\/04\/Assemblee-2.jpg\",\"keywords\":[\"Assembl\u00e9e\",\"Gaza\",\"Isra\u00ebl\",\"Ka\u00efs Sa\u00efed\",\"ligue arabe\",\"normalisation\",\"Palestiniens\",\"Tunisie\"],\"articleSection\":[\"A LA UNE\",\"POLITIQUE\",\"Tunisie\"],\"inLanguage\":\"fr-FR\",\"potentialAction\":[{\"@type\":\"CommentAction\",\"name\":\"Comment\",\"target\":[\"https:\/\/kapitalis.com\/tunisie\/2023\/10\/14\/la-tunisie-va-t-elle-criminaliser-la-normalisation-avec-israel\/#respond\"]}]},{\"@type\":\"WebPage\",\"@id\":\"https:\/\/kapitalis.com\/tunisie\/2023\/10\/14\/la-tunisie-va-t-elle-criminaliser-la-normalisation-avec-israel\/\",\"url\":\"https:\/\/kapitalis.com\/tunisie\/2023\/10\/14\/la-tunisie-va-t-elle-criminaliser-la-normalisation-avec-israel\/\",\"name\":\"La Tunisie va-t-elle criminaliser\u00a0la normalisation avec Isra\u00ebl ? - Kapitalis\",\"isPartOf\":{\"@id\":\"https:\/\/kapitalis.com\/tunisie\/#website\"},\"primaryImageOfPage\":{\"@id\":\"https:\/\/kapitalis.com\/tunisie\/2023\/10\/14\/la-tunisie-va-t-elle-criminaliser-la-normalisation-avec-israel\/#primaryimage\"},\"image\":{\"@id\":\"https:\/\/kapitalis.com\/tunisie\/2023\/10\/14\/la-tunisie-va-t-elle-criminaliser-la-normalisation-avec-israel\/#primaryimage\"},\"thumbnailUrl\":\"https:\/\/kapitalis.com\/tunisie\/wp-content\/uploads\/2023\/04\/Assemblee-2.jpg\",\"datePublished\":\"2023-10-14T10:43:11+00:00\",\"dateModified\":\"2023-10-14T10:57:01+00:00\",\"breadcrumb\":{\"@id\":\"https:\/\/kapitalis.com\/tunisie\/2023\/10\/14\/la-tunisie-va-t-elle-criminaliser-la-normalisation-avec-israel\/#breadcrumb\"},\"inLanguage\":\"fr-FR\",\"potentialAction\":[{\"@type\":\"ReadAction\",\"target\":[\"https:\/\/kapitalis.com\/tunisie\/2023\/10\/14\/la-tunisie-va-t-elle-criminaliser-la-normalisation-avec-israel\/\"]}]},{\"@type\":\"ImageObject\",\"inLanguage\":\"fr-FR\",\"@id\":\"https:\/\/kapitalis.com\/tunisie\/2023\/10\/14\/la-tunisie-va-t-elle-criminaliser-la-normalisation-avec-israel\/#primaryimage\",\"url\":\"https:\/\/kapitalis.com\/tunisie\/wp-content\/uploads\/2023\/04\/Assemblee-2.jpg\",\"contentUrl\":\"https:\/\/kapitalis.com\/tunisie\/wp-content\/uploads\/2023\/04\/Assemblee-2.jpg\",\"width\":1200,\"height\":630},{\"@type\":\"BreadcrumbList\",\"@id\":\"https:\/\/kapitalis.com\/tunisie\/2023\/10\/14\/la-tunisie-va-t-elle-criminaliser-la-normalisation-avec-israel\/#breadcrumb\",\"itemListElement\":[{\"@type\":\"ListItem\",\"position\":1,\"name\":\"Accueil\",\"item\":\"https:\/\/kapitalis.com\/tunisie\/\"},{\"@type\":\"ListItem\",\"position\":2,\"name\":\"La Tunisie va-t-elle criminaliser\u00a0la normalisation avec Isra\u00ebl ?\"}]},{\"@type\":\"WebSite\",\"@id\":\"https:\/\/kapitalis.com\/tunisie\/#website\",\"url\":\"https:\/\/kapitalis.com\/tunisie\/\",\"name\":\"Kapitalis\",\"description\":\"L&#039;actualit\u00e9 en Tunisie et dans le monde\",\"publisher\":{\"@id\":\"https:\/\/kapitalis.com\/tunisie\/#organization\"},\"potentialAction\":[{\"@type\":\"SearchAction\",\"target\":{\"@type\":\"EntryPoint\",\"urlTemplate\":\"https:\/\/kapitalis.com\/tunisie\/?s={search_term_string}\"},\"query-input\":{\"@type\":\"PropertyValueSpecification\",\"valueRequired\":true,\"valueName\":\"search_term_string\"}}],\"inLanguage\":\"fr-FR\"},{\"@type\":\"Organization\",\"@id\":\"https:\/\/kapitalis.com\/tunisie\/#organization\",\"name\":\"Kapitalis\",\"url\":\"https:\/\/kapitalis.com\/tunisie\/\",\"logo\":{\"@type\":\"ImageObject\",\"inLanguage\":\"fr-FR\",\"@id\":\"https:\/\/kapitalis.com\/tunisie\/#\/schema\/logo\/image\/\",\"url\":\"https:\/\/kapitalis.com\/tunisie\/wp-content\/uploads\/2022\/05\/Kapitalis-big-size.png\",\"contentUrl\":\"https:\/\/kapitalis.com\/tunisie\/wp-content\/uploads\/2022\/05\/Kapitalis-big-size.png\",\"width\":5000,\"height\":1500,\"caption\":\"Kapitalis\"},\"image\":{\"@id\":\"https:\/\/kapitalis.com\/tunisie\/#\/schema\/logo\/image\/\"},\"sameAs\":[\"https:\/\/www.facebook.com\/KapitalisInfo\/\",\"https:\/\/x.com\/KapitalisInfo\",\"https:\/\/www.youtube.com\/channel\/UC-yDYrHyfFBWWZaOw3FPg9Q\"]},{\"@type\":\"Person\",\"@id\":\"https:\/\/kapitalis.com\/tunisie\/#\/schema\/person\/d71f33a9ca44f7bad4698210b480c8e9\",\"name\":\"webmaster kapitalis\",\"url\":\"https:\/\/kapitalis.com\/tunisie\/author\/webmaster-kapitalis\/\"}]}<\/script>\n<!-- \/ Yoast SEO plugin. -->","yoast_head_json":{"title":"La Tunisie va-t-elle criminaliser\u00a0la normalisation avec Isra\u00ebl ? - Kapitalis","robots":{"index":"index","follow":"follow","max-snippet":"max-snippet:-1","max-image-preview":"max-image-preview:large","max-video-preview":"max-video-preview:-1"},"canonical":"https:\/\/kapitalis.com\/tunisie\/2023\/10\/14\/la-tunisie-va-t-elle-criminaliser-la-normalisation-avec-israel\/","og_locale":"fr_FR","og_type":"article","og_title":"La Tunisie va-t-elle criminaliser\u00a0la normalisation avec Isra\u00ebl ? - Kapitalis","og_description":"Le projet de loi criminalisant la normalisation des relations avec Isra\u00ebl a de fortes chances d'\u00eatre adopt\u00e9 par le parlement tunisien.","og_url":"https:\/\/kapitalis.com\/tunisie\/2023\/10\/14\/la-tunisie-va-t-elle-criminaliser-la-normalisation-avec-israel\/","og_site_name":"Kapitalis","article_publisher":"https:\/\/www.facebook.com\/KapitalisInfo\/","article_published_time":"2023-10-14T10:43:11+00:00","article_modified_time":"2023-10-14T10:57:01+00:00","og_image":[{"width":1200,"height":630,"url":"https:\/\/kapitalis.com\/tunisie\/wp-content\/uploads\/2023\/04\/Assemblee-2.jpg","type":"image\/jpeg"}],"author":"webmaster kapitalis","twitter_card":"summary_large_image","twitter_creator":"@KapitalisInfo","twitter_site":"@KapitalisInfo","twitter_misc":{"\u00c9crit par":"webmaster kapitalis","Dur\u00e9e de lecture estim\u00e9e":"3 minutes"},"schema":{"@context":"https:\/\/schema.org","@graph":[{"@type":"Article","@id":"https:\/\/kapitalis.com\/tunisie\/2023\/10\/14\/la-tunisie-va-t-elle-criminaliser-la-normalisation-avec-israel\/#article","isPartOf":{"@id":"https:\/\/kapitalis.com\/tunisie\/2023\/10\/14\/la-tunisie-va-t-elle-criminaliser-la-normalisation-avec-israel\/"},"author":{"name":"webmaster kapitalis","@id":"https:\/\/kapitalis.com\/tunisie\/#\/schema\/person\/d71f33a9ca44f7bad4698210b480c8e9"},"headline":"La Tunisie va-t-elle criminaliser\u00a0la normalisation avec Isra\u00ebl ?","datePublished":"2023-10-14T10:43:11+00:00","dateModified":"2023-10-14T10:57:01+00:00","mainEntityOfPage":{"@id":"https:\/\/kapitalis.com\/tunisie\/2023\/10\/14\/la-tunisie-va-t-elle-criminaliser-la-normalisation-avec-israel\/"},"wordCount":602,"commentCount":11,"publisher":{"@id":"https:\/\/kapitalis.com\/tunisie\/#organization"},"image":{"@id":"https:\/\/kapitalis.com\/tunisie\/2023\/10\/14\/la-tunisie-va-t-elle-criminaliser-la-normalisation-avec-israel\/#primaryimage"},"thumbnailUrl":"https:\/\/kapitalis.com\/tunisie\/wp-content\/uploads\/2023\/04\/Assemblee-2.jpg","keywords":["Assembl\u00e9e","Gaza","Isra\u00ebl","Ka\u00efs Sa\u00efed","ligue arabe","normalisation","Palestiniens","Tunisie"],"articleSection":["A LA UNE","POLITIQUE","Tunisie"],"inLanguage":"fr-FR","potentialAction":[{"@type":"CommentAction","name":"Comment","target":["https:\/\/kapitalis.com\/tunisie\/2023\/10\/14\/la-tunisie-va-t-elle-criminaliser-la-normalisation-avec-israel\/#respond"]}]},{"@type":"WebPage","@id":"https:\/\/kapitalis.com\/tunisie\/2023\/10\/14\/la-tunisie-va-t-elle-criminaliser-la-normalisation-avec-israel\/","url":"https:\/\/kapitalis.com\/tunisie\/2023\/10\/14\/la-tunisie-va-t-elle-criminaliser-la-normalisation-avec-israel\/","name":"La Tunisie va-t-elle criminaliser\u00a0la normalisation avec Isra\u00ebl ? - Kapitalis","isPartOf":{"@id":"https:\/\/kapitalis.com\/tunisie\/#website"},"primaryImageOfPage":{"@id":"https:\/\/kapitalis.com\/tunisie\/2023\/10\/14\/la-tunisie-va-t-elle-criminaliser-la-normalisation-avec-israel\/#primaryimage"},"image":{"@id":"https:\/\/kapitalis.com\/tunisie\/2023\/10\/14\/la-tunisie-va-t-elle-criminaliser-la-normalisation-avec-israel\/#primaryimage"},"thumbnailUrl":"https:\/\/kapitalis.com\/tunisie\/wp-content\/uploads\/2023\/04\/Assemblee-2.jpg","datePublished":"2023-10-14T10:43:11+00:00","dateModified":"2023-10-14T10:57:01+00:00","breadcrumb":{"@id":"https:\/\/kapitalis.com\/tunisie\/2023\/10\/14\/la-tunisie-va-t-elle-criminaliser-la-normalisation-avec-israel\/#breadcrumb"},"inLanguage":"fr-FR","potentialAction":[{"@type":"ReadAction","target":["https:\/\/kapitalis.com\/tunisie\/2023\/10\/14\/la-tunisie-va-t-elle-criminaliser-la-normalisation-avec-israel\/"]}]},{"@type":"ImageObject","inLanguage":"fr-FR","@id":"https:\/\/kapitalis.com\/tunisie\/2023\/10\/14\/la-tunisie-va-t-elle-criminaliser-la-normalisation-avec-israel\/#primaryimage","url":"https:\/\/kapitalis.com\/tunisie\/wp-content\/uploads\/2023\/04\/Assemblee-2.jpg","contentUrl":"https:\/\/kapitalis.com\/tunisie\/wp-content\/uploads\/2023\/04\/Assemblee-2.jpg","width":1200,"height":630},{"@type":"BreadcrumbList","@id":"https:\/\/kapitalis.com\/tunisie\/2023\/10\/14\/la-tunisie-va-t-elle-criminaliser-la-normalisation-avec-israel\/#breadcrumb","itemListElement":[{"@type":"ListItem","position":1,"name":"Accueil","item":"https:\/\/kapitalis.com\/tunisie\/"},{"@type":"ListItem","position":2,"name":"La Tunisie va-t-elle criminaliser\u00a0la normalisation avec Isra\u00ebl ?"}]},{"@type":"WebSite","@id":"https:\/\/kapitalis.com\/tunisie\/#website","url":"https:\/\/kapitalis.com\/tunisie\/","name":"Kapitalis","description":"L&#039;actualit\u00e9 en Tunisie et dans le monde","publisher":{"@id":"https:\/\/kapitalis.com\/tunisie\/#organization"},"potentialAction":[{"@type":"SearchAction","target":{"@type":"EntryPoint","urlTemplate":"https:\/\/kapitalis.com\/tunisie\/?s={search_term_string}"},"query-input":{"@type":"PropertyValueSpecification","valueRequired":true,"valueName":"search_term_string"}}],"inLanguage":"fr-FR"},{"@type":"Organization","@id":"https:\/\/kapitalis.com\/tunisie\/#organization","name":"Kapitalis","url":"https:\/\/kapitalis.com\/tunisie\/","logo":{"@type":"ImageObject","inLanguage":"fr-FR","@id":"https:\/\/kapitalis.com\/tunisie\/#\/schema\/logo\/image\/","url":"https:\/\/kapitalis.com\/tunisie\/wp-content\/uploads\/2022\/05\/Kapitalis-big-size.png","contentUrl":"https:\/\/kapitalis.com\/tunisie\/wp-content\/uploads\/2022\/05\/Kapitalis-big-size.png","width":5000,"height":1500,"caption":"Kapitalis"},"image":{"@id":"https:\/\/kapitalis.com\/tunisie\/#\/schema\/logo\/image\/"},"sameAs":["https:\/\/www.facebook.com\/KapitalisInfo\/","https:\/\/x.com\/KapitalisInfo","https:\/\/www.youtube.com\/channel\/UC-yDYrHyfFBWWZaOw3FPg9Q"]},{"@type":"Person","@id":"https:\/\/kapitalis.com\/tunisie\/#\/schema\/person\/d71f33a9ca44f7bad4698210b480c8e9","name":"webmaster kapitalis","url":"https:\/\/kapitalis.com\/tunisie\/author\/webmaster-kapitalis\/"}]}},"_links":{"self":[{"href":"https:\/\/kapitalis.com\/tunisie\/wp-json\/wp\/v2\/posts\/10140964","targetHints":{"allow":["GET"]}}],"collection":[{"href":"https:\/\/kapitalis.com\/tunisie\/wp-json\/wp\/v2\/posts"}],"about":[{"href":"https:\/\/kapitalis.com\/tunisie\/wp-json\/wp\/v2\/types\/post"}],"author":[{"embeddable":true,"href":"https:\/\/kapitalis.com\/tunisie\/wp-json\/wp\/v2\/users\/8"}],"replies":[{"embeddable":true,"href":"https:\/\/kapitalis.com\/tunisie\/wp-json\/wp\/v2\/comments?post=10140964"}],"version-history":[{"count":3,"href":"https:\/\/kapitalis.com\/tunisie\/wp-json\/wp\/v2\/posts\/10140964\/revisions"}],"predecessor-version":[{"id":10141241,"href":"https:\/\/kapitalis.com\/tunisie\/wp-json\/wp\/v2\/posts\/10140964\/revisions\/10141241"}],"wp:featuredmedia":[{"embeddable":true,"href":"https:\/\/kapitalis.com\/tunisie\/wp-json\/wp\/v2\/media\/7582324"}],"wp:attachment":[{"href":"https:\/\/kapitalis.com\/tunisie\/wp-json\/wp\/v2\/media?parent=10140964"}],"wp:term":[{"taxonomy":"category","embeddable":true,"href":"https:\/\/kapitalis.com\/tunisie\/wp-json\/wp\/v2\/categories?post=10140964"},{"taxonomy":"post_tag","embeddable":true,"href":"https:\/\/kapitalis.com\/tunisie\/wp-json\/wp\/v2\/tags?post=10140964"}],"curies":[{"name":"wp","href":"https:\/\/api.w.org\/{rel}","templated":true}]}}