{"id":10145505,"date":"2023-10-14T20:18:08","date_gmt":"2023-10-14T19:18:08","guid":{"rendered":"https:\/\/kapitalis.com\/tunisie\/?p=10145505"},"modified":"2023-10-14T20:21:17","modified_gmt":"2023-10-14T19:21:17","slug":"pdl-manifestation-a-geneve-pour-appeler-a-la-liberation-de-abir-moussi","status":"publish","type":"post","link":"https:\/\/kapitalis.com\/tunisie\/2023\/10\/14\/pdl-manifestation-a-geneve-pour-appeler-a-la-liberation-de-abir-moussi\/","title":{"rendered":"PDL : Manifestation \u00e0 Gen\u00e8ve pour appeler \u00e0 la lib\u00e9ration de Abir Moussi"},"content":{"rendered":"\n<p><em><strong>Des partisans du Parti destourien libre (PDL) se sont rassembl\u00e9s, ce samedi 14 octobre 2023, devant le si\u00e8ge des Nations Unies \u00e0 Gen\u00e8ve pour appeler \u00e0 la lib\u00e9ration de la pr\u00e9sidente du parti et avocate Abir Moussi.<\/strong><\/em><\/p>\n\n\n\n<!--more-->\n\n\n\n<p>Les manifestants ont d\u00e9nonc\u00e9 contre une d\u00e9tention qualifi\u00e9e d&rsquo;abusive de la cheffe du PDL arr\u00eat\u00e9e le 3 octobre courant devant le palais de Carthage o\u00f9 elle s&rsquo;\u00e9tait rendue pour remettre une requ\u00eate par huissier notaire au bureau d\u2019ordre de la pr\u00e9sidence, et qui a fait l&rsquo;objet d&rsquo;un mandat de d\u00e9p\u00f4t le 5 octobre sur la base de l\u2019article 72.<\/p>\n\n\n\n<p>Elle est notamment poursuivie pour <em>\u00abagression visant \u00e0 changer la forme du gouvernement, d\u2019inciter les citoyens \u00e0 s\u2019attaquer les uns les autres avec des armes et de semer le chaos \u00e0 l\u2019\u00e9chelle nationale<\/em>\u00bb.<\/p>\n\n\n\n<p>Les partisans du PDL, qui se sont rassembl\u00e9s ce samedi \u00e0 la place des nations, ont r\u00e9clam\u00e9 la lib\u00e9ration de Abir Moussi et lui ont exprim\u00e9 leur soutien inconditionnel : <em>\u00abAbir d\u00e9fend les int\u00e9r\u00eats du peuple et du pays et sa place n&rsquo;est pas en prison\u00bb, <\/em>\u00ab<em>Abir gardes la t\u00eate haute nous sommes avec toi\u00bb<\/em>, <em>\u00abnotre pr\u00e9sidente est une fiert\u00e9 pour les femmes tunisiennes\u00bb \u00abla justice ne doit pas jouer aux jeux des politiciens\u00bb<\/em>, ont-il notamment scand\u00e9 entre autre slogans.<\/p>\n\n\n\n<p class=\"has-text-align-right\"><strong>Y. N.<\/strong><\/p>\n","protected":false},"excerpt":{"rendered":"<p>PDL : Manifestation \u00e0 Gen\u00e8ve pour appeler \u00e0 la lib\u00e9ration de Abir Moussi<\/p>\n","protected":false},"author":6,"featured_media":10145549,"comment_status":"open","ping_status":"open","sticky":false,"template":"","format":"standard","meta":{"footnotes":""},"categories":[997,2433],"tags":[15144,2794,1670,4013,73027,33536,62643],"class_list":["post-10145505","post","type-post","status-publish","format-standard","has-post-thumbnail","hentry","category-politique","category-tunisie","tag-abir-moussi","tag-geneve","tag-manifestation","tag-nations-unies","tag-parti-destourien","tag-pdl","tag-tunisie"],"yoast_head":"<!-- This site is optimized with the Yoast SEO plugin v26.6 - https:\/\/yoast.com\/wordpress\/plugins\/seo\/ -->\n<title>PDL : Manifestation \u00e0 Gen\u00e8ve pour appeler \u00e0 la lib\u00e9ration de Abir Moussi - Kapitalis<\/title>\n<meta name=\"description\" content=\"Des partisans du Parti destourien libre (PDL) se sont rassembl\u00e9s, ce samedi 14 octobre 2023, devant le si\u00e8ge des Nations Unies \u00e0 Gen\u00e8ve pour appeler \u00e0 la lib\u00e9ration de la pr\u00e9sidente du parti et avocate Abir Moussi.\" \/>\n<meta name=\"robots\" content=\"index, follow, max-snippet:-1, max-image-preview:large, max-video-preview:-1\" \/>\n<link rel=\"canonical\" href=\"https:\/\/kapitalis.com\/tunisie\/2023\/10\/14\/pdl-manifestation-a-geneve-pour-appeler-a-la-liberation-de-abir-moussi\/\" \/>\n<meta property=\"og:locale\" content=\"fr_FR\" \/>\n<meta property=\"og:type\" content=\"article\" \/>\n<meta property=\"og:title\" content=\"PDL : Manifestation \u00e0 Gen\u00e8ve pour appeler \u00e0 la lib\u00e9ration de Abir Moussi - Kapitalis\" \/>\n<meta property=\"og:description\" content=\"Des partisans du Parti destourien libre (PDL) se sont rassembl\u00e9s, ce samedi 14 octobre 2023, devant le si\u00e8ge des Nations Unies \u00e0 Gen\u00e8ve pour appeler \u00e0 la lib\u00e9ration de la pr\u00e9sidente du parti et avocate Abir Moussi.\" \/>\n<meta property=\"og:url\" content=\"https:\/\/kapitalis.com\/tunisie\/2023\/10\/14\/pdl-manifestation-a-geneve-pour-appeler-a-la-liberation-de-abir-moussi\/\" \/>\n<meta property=\"og:site_name\" content=\"Kapitalis\" \/>\n<meta property=\"article:publisher\" content=\"https:\/\/www.facebook.com\/KapitalisInfo\/\" \/>\n<meta property=\"article:published_time\" content=\"2023-10-14T19:18:08+00:00\" \/>\n<meta property=\"article:modified_time\" content=\"2023-10-14T19:21:17+00:00\" \/>\n<meta property=\"og:image\" content=\"https:\/\/kapitalis.com\/tunisie\/wp-content\/uploads\/2023\/10\/manif-PDL-Abir-Moussi.jpg\" \/>\n\t<meta property=\"og:image:width\" content=\"1200\" \/>\n\t<meta property=\"og:image:height\" content=\"630\" \/>\n\t<meta property=\"og:image:type\" content=\"image\/jpeg\" \/>\n<meta name=\"author\" content=\"Yusra NY\" \/>\n<meta name=\"twitter:card\" content=\"summary_large_image\" \/>\n<meta name=\"twitter:creator\" content=\"@KapitalisInfo\" \/>\n<meta name=\"twitter:site\" content=\"@KapitalisInfo\" \/>\n<meta name=\"twitter:label1\" content=\"\u00c9crit par\" \/>\n\t<meta name=\"twitter:data1\" content=\"Yusra NY\" \/>\n\t<meta name=\"twitter:label2\" content=\"Dur\u00e9e de lecture estim\u00e9e\" \/>\n\t<meta name=\"twitter:data2\" content=\"2 minutes\" \/>\n<script type=\"application\/ld+json\" class=\"yoast-schema-graph\">{\"@context\":\"https:\/\/schema.org\",\"@graph\":[{\"@type\":\"Article\",\"@id\":\"https:\/\/kapitalis.com\/tunisie\/2023\/10\/14\/pdl-manifestation-a-geneve-pour-appeler-a-la-liberation-de-abir-moussi\/#article\",\"isPartOf\":{\"@id\":\"https:\/\/kapitalis.com\/tunisie\/2023\/10\/14\/pdl-manifestation-a-geneve-pour-appeler-a-la-liberation-de-abir-moussi\/\"},\"author\":{\"name\":\"Yusra NY\",\"@id\":\"https:\/\/kapitalis.com\/tunisie\/#\/schema\/person\/74bbde0154d49d790a92aaeac5bc01d5\"},\"headline\":\"PDL : Manifestation \u00e0 Gen\u00e8ve pour appeler \u00e0 la lib\u00e9ration de Abir Moussi\",\"datePublished\":\"2023-10-14T19:18:08+00:00\",\"dateModified\":\"2023-10-14T19:21:17+00:00\",\"mainEntityOfPage\":{\"@id\":\"https:\/\/kapitalis.com\/tunisie\/2023\/10\/14\/pdl-manifestation-a-geneve-pour-appeler-a-la-liberation-de-abir-moussi\/\"},\"wordCount\":239,\"commentCount\":1,\"publisher\":{\"@id\":\"https:\/\/kapitalis.com\/tunisie\/#organization\"},\"image\":{\"@id\":\"https:\/\/kapitalis.com\/tunisie\/2023\/10\/14\/pdl-manifestation-a-geneve-pour-appeler-a-la-liberation-de-abir-moussi\/#primaryimage\"},\"thumbnailUrl\":\"https:\/\/kapitalis.com\/tunisie\/wp-content\/uploads\/2023\/10\/manif-PDL-Abir-Moussi.jpg\",\"keywords\":[\"Abir Moussi\",\"Gen\u00e8ve\",\"manifestation\",\"Nations unies\",\"parti destourien\",\"PDL\",\"Tunisie\"],\"articleSection\":[\"POLITIQUE\",\"Tunisie\"],\"inLanguage\":\"fr-FR\",\"potentialAction\":[{\"@type\":\"CommentAction\",\"name\":\"Comment\",\"target\":[\"https:\/\/kapitalis.com\/tunisie\/2023\/10\/14\/pdl-manifestation-a-geneve-pour-appeler-a-la-liberation-de-abir-moussi\/#respond\"]}]},{\"@type\":\"WebPage\",\"@id\":\"https:\/\/kapitalis.com\/tunisie\/2023\/10\/14\/pdl-manifestation-a-geneve-pour-appeler-a-la-liberation-de-abir-moussi\/\",\"url\":\"https:\/\/kapitalis.com\/tunisie\/2023\/10\/14\/pdl-manifestation-a-geneve-pour-appeler-a-la-liberation-de-abir-moussi\/\",\"name\":\"PDL : Manifestation \u00e0 Gen\u00e8ve pour appeler \u00e0 la lib\u00e9ration de Abir Moussi - Kapitalis\",\"isPartOf\":{\"@id\":\"https:\/\/kapitalis.com\/tunisie\/#website\"},\"primaryImageOfPage\":{\"@id\":\"https:\/\/kapitalis.com\/tunisie\/2023\/10\/14\/pdl-manifestation-a-geneve-pour-appeler-a-la-liberation-de-abir-moussi\/#primaryimage\"},\"image\":{\"@id\":\"https:\/\/kapitalis.com\/tunisie\/2023\/10\/14\/pdl-manifestation-a-geneve-pour-appeler-a-la-liberation-de-abir-moussi\/#primaryimage\"},\"thumbnailUrl\":\"https:\/\/kapitalis.com\/tunisie\/wp-content\/uploads\/2023\/10\/manif-PDL-Abir-Moussi.jpg\",\"datePublished\":\"2023-10-14T19:18:08+00:00\",\"dateModified\":\"2023-10-14T19:21:17+00:00\",\"description\":\"Des partisans du Parti destourien libre (PDL) se sont rassembl\u00e9s, ce samedi 14 octobre 2023, devant le si\u00e8ge des Nations Unies \u00e0 Gen\u00e8ve pour appeler \u00e0 la lib\u00e9ration de la pr\u00e9sidente du parti et avocate Abir Moussi.\",\"breadcrumb\":{\"@id\":\"https:\/\/kapitalis.com\/tunisie\/2023\/10\/14\/pdl-manifestation-a-geneve-pour-appeler-a-la-liberation-de-abir-moussi\/#breadcrumb\"},\"inLanguage\":\"fr-FR\",\"potentialAction\":[{\"@type\":\"ReadAction\",\"target\":[\"https:\/\/kapitalis.com\/tunisie\/2023\/10\/14\/pdl-manifestation-a-geneve-pour-appeler-a-la-liberation-de-abir-moussi\/\"]}]},{\"@type\":\"ImageObject\",\"inLanguage\":\"fr-FR\",\"@id\":\"https:\/\/kapitalis.com\/tunisie\/2023\/10\/14\/pdl-manifestation-a-geneve-pour-appeler-a-la-liberation-de-abir-moussi\/#primaryimage\",\"url\":\"https:\/\/kapitalis.com\/tunisie\/wp-content\/uploads\/2023\/10\/manif-PDL-Abir-Moussi.jpg\",\"contentUrl\":\"https:\/\/kapitalis.com\/tunisie\/wp-content\/uploads\/2023\/10\/manif-PDL-Abir-Moussi.jpg\",\"width\":1200,\"height\":630},{\"@type\":\"BreadcrumbList\",\"@id\":\"https:\/\/kapitalis.com\/tunisie\/2023\/10\/14\/pdl-manifestation-a-geneve-pour-appeler-a-la-liberation-de-abir-moussi\/#breadcrumb\",\"itemListElement\":[{\"@type\":\"ListItem\",\"position\":1,\"name\":\"Accueil\",\"item\":\"https:\/\/kapitalis.com\/tunisie\/\"},{\"@type\":\"ListItem\",\"position\":2,\"name\":\"PDL : Manifestation \u00e0 Gen\u00e8ve pour appeler \u00e0 la lib\u00e9ration de Abir Moussi\"}]},{\"@type\":\"WebSite\",\"@id\":\"https:\/\/kapitalis.com\/tunisie\/#website\",\"url\":\"https:\/\/kapitalis.com\/tunisie\/\",\"name\":\"Kapitalis\",\"description\":\"L&#039;actualit\u00e9 en Tunisie et dans le monde\",\"publisher\":{\"@id\":\"https:\/\/kapitalis.com\/tunisie\/#organization\"},\"potentialAction\":[{\"@type\":\"SearchAction\",\"target\":{\"@type\":\"EntryPoint\",\"urlTemplate\":\"https:\/\/kapitalis.com\/tunisie\/?s={search_term_string}\"},\"query-input\":{\"@type\":\"PropertyValueSpecification\",\"valueRequired\":true,\"valueName\":\"search_term_string\"}}],\"inLanguage\":\"fr-FR\"},{\"@type\":\"Organization\",\"@id\":\"https:\/\/kapitalis.com\/tunisie\/#organization\",\"name\":\"Kapitalis\",\"url\":\"https:\/\/kapitalis.com\/tunisie\/\",\"logo\":{\"@type\":\"ImageObject\",\"inLanguage\":\"fr-FR\",\"@id\":\"https:\/\/kapitalis.com\/tunisie\/#\/schema\/logo\/image\/\",\"url\":\"https:\/\/kapitalis.com\/tunisie\/wp-content\/uploads\/2022\/05\/Kapitalis-big-size.png\",\"contentUrl\":\"https:\/\/kapitalis.com\/tunisie\/wp-content\/uploads\/2022\/05\/Kapitalis-big-size.png\",\"width\":5000,\"height\":1500,\"caption\":\"Kapitalis\"},\"image\":{\"@id\":\"https:\/\/kapitalis.com\/tunisie\/#\/schema\/logo\/image\/\"},\"sameAs\":[\"https:\/\/www.facebook.com\/KapitalisInfo\/\",\"https:\/\/x.com\/KapitalisInfo\",\"https:\/\/www.youtube.com\/channel\/UC-yDYrHyfFBWWZaOw3FPg9Q\"]},{\"@type\":\"Person\",\"@id\":\"https:\/\/kapitalis.com\/tunisie\/#\/schema\/person\/74bbde0154d49d790a92aaeac5bc01d5\",\"name\":\"Yusra NY\",\"url\":\"https:\/\/kapitalis.com\/tunisie\/author\/yuza_adam\/\"}]}<\/script>\n<!-- \/ Yoast SEO plugin. -->","yoast_head_json":{"title":"PDL : Manifestation \u00e0 Gen\u00e8ve pour appeler \u00e0 la lib\u00e9ration de Abir Moussi - Kapitalis","description":"Des partisans du Parti destourien libre (PDL) se sont rassembl\u00e9s, ce samedi 14 octobre 2023, devant le si\u00e8ge des Nations Unies \u00e0 Gen\u00e8ve pour appeler \u00e0 la lib\u00e9ration de la pr\u00e9sidente du parti et avocate Abir Moussi.","robots":{"index":"index","follow":"follow","max-snippet":"max-snippet:-1","max-image-preview":"max-image-preview:large","max-video-preview":"max-video-preview:-1"},"canonical":"https:\/\/kapitalis.com\/tunisie\/2023\/10\/14\/pdl-manifestation-a-geneve-pour-appeler-a-la-liberation-de-abir-moussi\/","og_locale":"fr_FR","og_type":"article","og_title":"PDL : Manifestation \u00e0 Gen\u00e8ve pour appeler \u00e0 la lib\u00e9ration de Abir Moussi - Kapitalis","og_description":"Des partisans du Parti destourien libre (PDL) se sont rassembl\u00e9s, ce samedi 14 octobre 2023, devant le si\u00e8ge des Nations Unies \u00e0 Gen\u00e8ve pour appeler \u00e0 la lib\u00e9ration de la pr\u00e9sidente du parti et avocate Abir Moussi.","og_url":"https:\/\/kapitalis.com\/tunisie\/2023\/10\/14\/pdl-manifestation-a-geneve-pour-appeler-a-la-liberation-de-abir-moussi\/","og_site_name":"Kapitalis","article_publisher":"https:\/\/www.facebook.com\/KapitalisInfo\/","article_published_time":"2023-10-14T19:18:08+00:00","article_modified_time":"2023-10-14T19:21:17+00:00","og_image":[{"width":1200,"height":630,"url":"https:\/\/kapitalis.com\/tunisie\/wp-content\/uploads\/2023\/10\/manif-PDL-Abir-Moussi.jpg","type":"image\/jpeg"}],"author":"Yusra NY","twitter_card":"summary_large_image","twitter_creator":"@KapitalisInfo","twitter_site":"@KapitalisInfo","twitter_misc":{"\u00c9crit par":"Yusra NY","Dur\u00e9e de lecture estim\u00e9e":"2 minutes"},"schema":{"@context":"https:\/\/schema.org","@graph":[{"@type":"Article","@id":"https:\/\/kapitalis.com\/tunisie\/2023\/10\/14\/pdl-manifestation-a-geneve-pour-appeler-a-la-liberation-de-abir-moussi\/#article","isPartOf":{"@id":"https:\/\/kapitalis.com\/tunisie\/2023\/10\/14\/pdl-manifestation-a-geneve-pour-appeler-a-la-liberation-de-abir-moussi\/"},"author":{"name":"Yusra NY","@id":"https:\/\/kapitalis.com\/tunisie\/#\/schema\/person\/74bbde0154d49d790a92aaeac5bc01d5"},"headline":"PDL : Manifestation \u00e0 Gen\u00e8ve pour appeler \u00e0 la lib\u00e9ration de Abir Moussi","datePublished":"2023-10-14T19:18:08+00:00","dateModified":"2023-10-14T19:21:17+00:00","mainEntityOfPage":{"@id":"https:\/\/kapitalis.com\/tunisie\/2023\/10\/14\/pdl-manifestation-a-geneve-pour-appeler-a-la-liberation-de-abir-moussi\/"},"wordCount":239,"commentCount":1,"publisher":{"@id":"https:\/\/kapitalis.com\/tunisie\/#organization"},"image":{"@id":"https:\/\/kapitalis.com\/tunisie\/2023\/10\/14\/pdl-manifestation-a-geneve-pour-appeler-a-la-liberation-de-abir-moussi\/#primaryimage"},"thumbnailUrl":"https:\/\/kapitalis.com\/tunisie\/wp-content\/uploads\/2023\/10\/manif-PDL-Abir-Moussi.jpg","keywords":["Abir Moussi","Gen\u00e8ve","manifestation","Nations unies","parti destourien","PDL","Tunisie"],"articleSection":["POLITIQUE","Tunisie"],"inLanguage":"fr-FR","potentialAction":[{"@type":"CommentAction","name":"Comment","target":["https:\/\/kapitalis.com\/tunisie\/2023\/10\/14\/pdl-manifestation-a-geneve-pour-appeler-a-la-liberation-de-abir-moussi\/#respond"]}]},{"@type":"WebPage","@id":"https:\/\/kapitalis.com\/tunisie\/2023\/10\/14\/pdl-manifestation-a-geneve-pour-appeler-a-la-liberation-de-abir-moussi\/","url":"https:\/\/kapitalis.com\/tunisie\/2023\/10\/14\/pdl-manifestation-a-geneve-pour-appeler-a-la-liberation-de-abir-moussi\/","name":"PDL : Manifestation \u00e0 Gen\u00e8ve pour appeler \u00e0 la lib\u00e9ration de Abir Moussi - Kapitalis","isPartOf":{"@id":"https:\/\/kapitalis.com\/tunisie\/#website"},"primaryImageOfPage":{"@id":"https:\/\/kapitalis.com\/tunisie\/2023\/10\/14\/pdl-manifestation-a-geneve-pour-appeler-a-la-liberation-de-abir-moussi\/#primaryimage"},"image":{"@id":"https:\/\/kapitalis.com\/tunisie\/2023\/10\/14\/pdl-manifestation-a-geneve-pour-appeler-a-la-liberation-de-abir-moussi\/#primaryimage"},"thumbnailUrl":"https:\/\/kapitalis.com\/tunisie\/wp-content\/uploads\/2023\/10\/manif-PDL-Abir-Moussi.jpg","datePublished":"2023-10-14T19:18:08+00:00","dateModified":"2023-10-14T19:21:17+00:00","description":"Des partisans du Parti destourien libre (PDL) se sont rassembl\u00e9s, ce samedi 14 octobre 2023, devant le si\u00e8ge des Nations Unies \u00e0 Gen\u00e8ve pour appeler \u00e0 la lib\u00e9ration de la pr\u00e9sidente du parti et avocate Abir Moussi.","breadcrumb":{"@id":"https:\/\/kapitalis.com\/tunisie\/2023\/10\/14\/pdl-manifestation-a-geneve-pour-appeler-a-la-liberation-de-abir-moussi\/#breadcrumb"},"inLanguage":"fr-FR","potentialAction":[{"@type":"ReadAction","target":["https:\/\/kapitalis.com\/tunisie\/2023\/10\/14\/pdl-manifestation-a-geneve-pour-appeler-a-la-liberation-de-abir-moussi\/"]}]},{"@type":"ImageObject","inLanguage":"fr-FR","@id":"https:\/\/kapitalis.com\/tunisie\/2023\/10\/14\/pdl-manifestation-a-geneve-pour-appeler-a-la-liberation-de-abir-moussi\/#primaryimage","url":"https:\/\/kapitalis.com\/tunisie\/wp-content\/uploads\/2023\/10\/manif-PDL-Abir-Moussi.jpg","contentUrl":"https:\/\/kapitalis.com\/tunisie\/wp-content\/uploads\/2023\/10\/manif-PDL-Abir-Moussi.jpg","width":1200,"height":630},{"@type":"BreadcrumbList","@id":"https:\/\/kapitalis.com\/tunisie\/2023\/10\/14\/pdl-manifestation-a-geneve-pour-appeler-a-la-liberation-de-abir-moussi\/#breadcrumb","itemListElement":[{"@type":"ListItem","position":1,"name":"Accueil","item":"https:\/\/kapitalis.com\/tunisie\/"},{"@type":"ListItem","position":2,"name":"PDL : Manifestation \u00e0 Gen\u00e8ve pour appeler \u00e0 la lib\u00e9ration de Abir Moussi"}]},{"@type":"WebSite","@id":"https:\/\/kapitalis.com\/tunisie\/#website","url":"https:\/\/kapitalis.com\/tunisie\/","name":"Kapitalis","description":"L&#039;actualit\u00e9 en Tunisie et dans le monde","publisher":{"@id":"https:\/\/kapitalis.com\/tunisie\/#organization"},"potentialAction":[{"@type":"SearchAction","target":{"@type":"EntryPoint","urlTemplate":"https:\/\/kapitalis.com\/tunisie\/?s={search_term_string}"},"query-input":{"@type":"PropertyValueSpecification","valueRequired":true,"valueName":"search_term_string"}}],"inLanguage":"fr-FR"},{"@type":"Organization","@id":"https:\/\/kapitalis.com\/tunisie\/#organization","name":"Kapitalis","url":"https:\/\/kapitalis.com\/tunisie\/","logo":{"@type":"ImageObject","inLanguage":"fr-FR","@id":"https:\/\/kapitalis.com\/tunisie\/#\/schema\/logo\/image\/","url":"https:\/\/kapitalis.com\/tunisie\/wp-content\/uploads\/2022\/05\/Kapitalis-big-size.png","contentUrl":"https:\/\/kapitalis.com\/tunisie\/wp-content\/uploads\/2022\/05\/Kapitalis-big-size.png","width":5000,"height":1500,"caption":"Kapitalis"},"image":{"@id":"https:\/\/kapitalis.com\/tunisie\/#\/schema\/logo\/image\/"},"sameAs":["https:\/\/www.facebook.com\/KapitalisInfo\/","https:\/\/x.com\/KapitalisInfo","https:\/\/www.youtube.com\/channel\/UC-yDYrHyfFBWWZaOw3FPg9Q"]},{"@type":"Person","@id":"https:\/\/kapitalis.com\/tunisie\/#\/schema\/person\/74bbde0154d49d790a92aaeac5bc01d5","name":"Yusra NY","url":"https:\/\/kapitalis.com\/tunisie\/author\/yuza_adam\/"}]}},"_links":{"self":[{"href":"https:\/\/kapitalis.com\/tunisie\/wp-json\/wp\/v2\/posts\/10145505","targetHints":{"allow":["GET"]}}],"collection":[{"href":"https:\/\/kapitalis.com\/tunisie\/wp-json\/wp\/v2\/posts"}],"about":[{"href":"https:\/\/kapitalis.com\/tunisie\/wp-json\/wp\/v2\/types\/post"}],"author":[{"embeddable":true,"href":"https:\/\/kapitalis.com\/tunisie\/wp-json\/wp\/v2\/users\/6"}],"replies":[{"embeddable":true,"href":"https:\/\/kapitalis.com\/tunisie\/wp-json\/wp\/v2\/comments?post=10145505"}],"version-history":[{"count":2,"href":"https:\/\/kapitalis.com\/tunisie\/wp-json\/wp\/v2\/posts\/10145505\/revisions"}],"predecessor-version":[{"id":10145614,"href":"https:\/\/kapitalis.com\/tunisie\/wp-json\/wp\/v2\/posts\/10145505\/revisions\/10145614"}],"wp:featuredmedia":[{"embeddable":true,"href":"https:\/\/kapitalis.com\/tunisie\/wp-json\/wp\/v2\/media\/10145549"}],"wp:attachment":[{"href":"https:\/\/kapitalis.com\/tunisie\/wp-json\/wp\/v2\/media?parent=10145505"}],"wp:term":[{"taxonomy":"category","embeddable":true,"href":"https:\/\/kapitalis.com\/tunisie\/wp-json\/wp\/v2\/categories?post=10145505"},{"taxonomy":"post_tag","embeddable":true,"href":"https:\/\/kapitalis.com\/tunisie\/wp-json\/wp\/v2\/tags?post=10145505"}],"curies":[{"name":"wp","href":"https:\/\/api.w.org\/{rel}","templated":true}]}}