{"id":10146066,"date":"2023-10-14T21:26:44","date_gmt":"2023-10-14T20:26:44","guid":{"rendered":"https:\/\/kapitalis.com\/tunisie\/?p=10146066"},"modified":"2023-10-14T21:40:38","modified_gmt":"2023-10-14T20:40:38","slug":"tunisie-grace-presidentielle-en-faveur-de-986-detenus-a-loccasion-de-la-fete-de-levacuation","status":"publish","type":"post","link":"https:\/\/kapitalis.com\/tunisie\/2023\/10\/14\/tunisie-grace-presidentielle-en-faveur-de-986-detenus-a-loccasion-de-la-fete-de-levacuation\/","title":{"rendered":"Tunisie : Gr\u00e2ce pr\u00e9sidentielle en faveur de 986 d\u00e9tenus \u00e0 l\u2019occasion de la F\u00eate de l\u2019\u00c9vacuation"},"content":{"rendered":"\n<p><em><strong>Le pr\u00e9sident de la R\u00e9publique a d\u00e9cid\u00e9 d\u2019accorder une gr\u00e2ce pr\u00e9sidentielle \u00e0 986 d\u00e9tenus, \u00e0 l\u2019occasion de la comm\u00e9moration du 60e anniversaire de la f\u00eate de l\u2019\u00c9vacuation (A\u00efd El-Jalaa).<\/strong><\/em><\/p>\n\n\n\n<!--more-->\n\n\n\n<p>Parmi les 986 d\u00e9tenus graci\u00e9s, 272 seront lib\u00e9r\u00e9s tandis que les autres verront leurs peines r\u00e9duites, ajoute le communiqu\u00e9 de Carthage publi\u00e9 dans la soir\u00e9e de ce samedi 14 octobre 2023.<\/p>\n\n\n\n<p>Rappelons que la f\u00eate de l\u2019\u00e9vacuation, est c\u00e9l\u00e9br\u00e9e le 15 octobre de chaque ann\u00e9e et marque la date du d\u00e9part des derni\u00e8res troupes fran\u00e7aises de la base militaire de Bizerte en 1963.<\/p>\n","protected":false},"excerpt":{"rendered":"<p>Tunisie : Gr\u00e2ce pr\u00e9sidentielle en faveur de 986 d\u00e9tenus \u00e0 l\u2019occasion de la F\u00eate de l\u2019\u00c9vacuation<\/p>\n","protected":false},"author":6,"featured_media":1875826,"comment_status":"open","ping_status":"open","sticky":false,"template":"","format":"standard","meta":{"footnotes":""},"categories":[997,998,2433],"tags":[94064,6678,62643],"class_list":["post-10146066","post","type-post","status-publish","format-standard","has-post-thumbnail","hentry","category-politique","category-societe","category-tunisie","tag-fete-de-levacuation-2","tag-grace-presidentielle","tag-tunisie"],"yoast_head":"<!-- This site is optimized with the Yoast SEO plugin v26.6 - https:\/\/yoast.com\/wordpress\/plugins\/seo\/ -->\n<title>Tunisie : Gr\u00e2ce pr\u00e9sidentielle en faveur de 986 d\u00e9tenus \u00e0 l\u2019occasion de la F\u00eate de l\u2019\u00c9vacuation - Kapitalis<\/title>\n<meta name=\"description\" content=\"Le pr\u00e9sident de la R\u00e9publique a d\u00e9cid\u00e9 d\u2019accorder une gr\u00e2ce pr\u00e9sidentielle \u00e0 986 d\u00e9tenus, \u00e0 l\u2019occasion de la comm\u00e9moration du 60e anniversaire de la f\u00eate de l\u2019\u00c9vacuation (A\u00efd El-Jalaa).\" \/>\n<meta name=\"robots\" content=\"index, follow, max-snippet:-1, max-image-preview:large, max-video-preview:-1\" \/>\n<link rel=\"canonical\" href=\"https:\/\/kapitalis.com\/tunisie\/2023\/10\/14\/tunisie-grace-presidentielle-en-faveur-de-986-detenus-a-loccasion-de-la-fete-de-levacuation\/\" \/>\n<meta property=\"og:locale\" content=\"fr_FR\" \/>\n<meta property=\"og:type\" content=\"article\" \/>\n<meta property=\"og:title\" content=\"Tunisie : Gr\u00e2ce pr\u00e9sidentielle en faveur de 986 d\u00e9tenus \u00e0 l\u2019occasion de la F\u00eate de l\u2019\u00c9vacuation - Kapitalis\" \/>\n<meta property=\"og:description\" content=\"Le pr\u00e9sident de la R\u00e9publique a d\u00e9cid\u00e9 d\u2019accorder une gr\u00e2ce pr\u00e9sidentielle \u00e0 986 d\u00e9tenus, \u00e0 l\u2019occasion de la comm\u00e9moration du 60e anniversaire de la f\u00eate de l\u2019\u00c9vacuation (A\u00efd El-Jalaa).\" \/>\n<meta property=\"og:url\" content=\"https:\/\/kapitalis.com\/tunisie\/2023\/10\/14\/tunisie-grace-presidentielle-en-faveur-de-986-detenus-a-loccasion-de-la-fete-de-levacuation\/\" \/>\n<meta property=\"og:site_name\" content=\"Kapitalis\" \/>\n<meta property=\"article:publisher\" content=\"https:\/\/www.facebook.com\/KapitalisInfo\/\" \/>\n<meta property=\"article:published_time\" content=\"2023-10-14T20:26:44+00:00\" \/>\n<meta property=\"article:modified_time\" content=\"2023-10-14T20:40:38+00:00\" \/>\n<meta property=\"og:image\" content=\"https:\/\/kapitalis.com\/tunisie\/wp-content\/uploads\/2022\/06\/mandat-depot-detention.jpg\" \/>\n\t<meta property=\"og:image:width\" content=\"1200\" \/>\n\t<meta property=\"og:image:height\" content=\"630\" \/>\n\t<meta property=\"og:image:type\" content=\"image\/jpeg\" \/>\n<meta name=\"author\" content=\"Yusra NY\" \/>\n<meta name=\"twitter:card\" content=\"summary_large_image\" \/>\n<meta name=\"twitter:creator\" content=\"@KapitalisInfo\" \/>\n<meta name=\"twitter:site\" content=\"@KapitalisInfo\" \/>\n<meta name=\"twitter:label1\" content=\"\u00c9crit par\" \/>\n\t<meta name=\"twitter:data1\" content=\"Yusra NY\" \/>\n\t<meta name=\"twitter:label2\" content=\"Dur\u00e9e de lecture estim\u00e9e\" \/>\n\t<meta name=\"twitter:data2\" content=\"1 minute\" \/>\n<script type=\"application\/ld+json\" class=\"yoast-schema-graph\">{\"@context\":\"https:\/\/schema.org\",\"@graph\":[{\"@type\":\"Article\",\"@id\":\"https:\/\/kapitalis.com\/tunisie\/2023\/10\/14\/tunisie-grace-presidentielle-en-faveur-de-986-detenus-a-loccasion-de-la-fete-de-levacuation\/#article\",\"isPartOf\":{\"@id\":\"https:\/\/kapitalis.com\/tunisie\/2023\/10\/14\/tunisie-grace-presidentielle-en-faveur-de-986-detenus-a-loccasion-de-la-fete-de-levacuation\/\"},\"author\":{\"name\":\"Yusra NY\",\"@id\":\"https:\/\/kapitalis.com\/tunisie\/#\/schema\/person\/74bbde0154d49d790a92aaeac5bc01d5\"},\"headline\":\"Tunisie : Gr\u00e2ce pr\u00e9sidentielle en faveur de 986 d\u00e9tenus \u00e0 l\u2019occasion de la F\u00eate de l\u2019\u00c9vacuation\",\"datePublished\":\"2023-10-14T20:26:44+00:00\",\"dateModified\":\"2023-10-14T20:40:38+00:00\",\"mainEntityOfPage\":{\"@id\":\"https:\/\/kapitalis.com\/tunisie\/2023\/10\/14\/tunisie-grace-presidentielle-en-faveur-de-986-detenus-a-loccasion-de-la-fete-de-levacuation\/\"},\"wordCount\":129,\"commentCount\":2,\"publisher\":{\"@id\":\"https:\/\/kapitalis.com\/tunisie\/#organization\"},\"image\":{\"@id\":\"https:\/\/kapitalis.com\/tunisie\/2023\/10\/14\/tunisie-grace-presidentielle-en-faveur-de-986-detenus-a-loccasion-de-la-fete-de-levacuation\/#primaryimage\"},\"thumbnailUrl\":\"https:\/\/kapitalis.com\/tunisie\/wp-content\/uploads\/2022\/06\/mandat-depot-detention.jpg\",\"keywords\":[\"F\u00eate de l\u2019\u00c9vacuation\",\"gr\u00e2ce pr\u00e9sidentielle\",\"Tunisie\"],\"articleSection\":[\"POLITIQUE\",\"SOCIETE\",\"Tunisie\"],\"inLanguage\":\"fr-FR\",\"potentialAction\":[{\"@type\":\"CommentAction\",\"name\":\"Comment\",\"target\":[\"https:\/\/kapitalis.com\/tunisie\/2023\/10\/14\/tunisie-grace-presidentielle-en-faveur-de-986-detenus-a-loccasion-de-la-fete-de-levacuation\/#respond\"]}]},{\"@type\":\"WebPage\",\"@id\":\"https:\/\/kapitalis.com\/tunisie\/2023\/10\/14\/tunisie-grace-presidentielle-en-faveur-de-986-detenus-a-loccasion-de-la-fete-de-levacuation\/\",\"url\":\"https:\/\/kapitalis.com\/tunisie\/2023\/10\/14\/tunisie-grace-presidentielle-en-faveur-de-986-detenus-a-loccasion-de-la-fete-de-levacuation\/\",\"name\":\"Tunisie : Gr\u00e2ce pr\u00e9sidentielle en faveur de 986 d\u00e9tenus \u00e0 l\u2019occasion de la F\u00eate de l\u2019\u00c9vacuation - Kapitalis\",\"isPartOf\":{\"@id\":\"https:\/\/kapitalis.com\/tunisie\/#website\"},\"primaryImageOfPage\":{\"@id\":\"https:\/\/kapitalis.com\/tunisie\/2023\/10\/14\/tunisie-grace-presidentielle-en-faveur-de-986-detenus-a-loccasion-de-la-fete-de-levacuation\/#primaryimage\"},\"image\":{\"@id\":\"https:\/\/kapitalis.com\/tunisie\/2023\/10\/14\/tunisie-grace-presidentielle-en-faveur-de-986-detenus-a-loccasion-de-la-fete-de-levacuation\/#primaryimage\"},\"thumbnailUrl\":\"https:\/\/kapitalis.com\/tunisie\/wp-content\/uploads\/2022\/06\/mandat-depot-detention.jpg\",\"datePublished\":\"2023-10-14T20:26:44+00:00\",\"dateModified\":\"2023-10-14T20:40:38+00:00\",\"description\":\"Le pr\u00e9sident de la R\u00e9publique a d\u00e9cid\u00e9 d\u2019accorder une gr\u00e2ce pr\u00e9sidentielle \u00e0 986 d\u00e9tenus, \u00e0 l\u2019occasion de la comm\u00e9moration du 60e anniversaire de la f\u00eate de l\u2019\u00c9vacuation (A\u00efd El-Jalaa).\",\"breadcrumb\":{\"@id\":\"https:\/\/kapitalis.com\/tunisie\/2023\/10\/14\/tunisie-grace-presidentielle-en-faveur-de-986-detenus-a-loccasion-de-la-fete-de-levacuation\/#breadcrumb\"},\"inLanguage\":\"fr-FR\",\"potentialAction\":[{\"@type\":\"ReadAction\",\"target\":[\"https:\/\/kapitalis.com\/tunisie\/2023\/10\/14\/tunisie-grace-presidentielle-en-faveur-de-986-detenus-a-loccasion-de-la-fete-de-levacuation\/\"]}]},{\"@type\":\"ImageObject\",\"inLanguage\":\"fr-FR\",\"@id\":\"https:\/\/kapitalis.com\/tunisie\/2023\/10\/14\/tunisie-grace-presidentielle-en-faveur-de-986-detenus-a-loccasion-de-la-fete-de-levacuation\/#primaryimage\",\"url\":\"https:\/\/kapitalis.com\/tunisie\/wp-content\/uploads\/2022\/06\/mandat-depot-detention.jpg\",\"contentUrl\":\"https:\/\/kapitalis.com\/tunisie\/wp-content\/uploads\/2022\/06\/mandat-depot-detention.jpg\",\"width\":1200,\"height\":630},{\"@type\":\"BreadcrumbList\",\"@id\":\"https:\/\/kapitalis.com\/tunisie\/2023\/10\/14\/tunisie-grace-presidentielle-en-faveur-de-986-detenus-a-loccasion-de-la-fete-de-levacuation\/#breadcrumb\",\"itemListElement\":[{\"@type\":\"ListItem\",\"position\":1,\"name\":\"Accueil\",\"item\":\"https:\/\/kapitalis.com\/tunisie\/\"},{\"@type\":\"ListItem\",\"position\":2,\"name\":\"Tunisie : Gr\u00e2ce pr\u00e9sidentielle en faveur de 986 d\u00e9tenus \u00e0 l\u2019occasion de la F\u00eate de l\u2019\u00c9vacuation\"}]},{\"@type\":\"WebSite\",\"@id\":\"https:\/\/kapitalis.com\/tunisie\/#website\",\"url\":\"https:\/\/kapitalis.com\/tunisie\/\",\"name\":\"Kapitalis\",\"description\":\"L&#039;actualit\u00e9 en Tunisie et dans le monde\",\"publisher\":{\"@id\":\"https:\/\/kapitalis.com\/tunisie\/#organization\"},\"potentialAction\":[{\"@type\":\"SearchAction\",\"target\":{\"@type\":\"EntryPoint\",\"urlTemplate\":\"https:\/\/kapitalis.com\/tunisie\/?s={search_term_string}\"},\"query-input\":{\"@type\":\"PropertyValueSpecification\",\"valueRequired\":true,\"valueName\":\"search_term_string\"}}],\"inLanguage\":\"fr-FR\"},{\"@type\":\"Organization\",\"@id\":\"https:\/\/kapitalis.com\/tunisie\/#organization\",\"name\":\"Kapitalis\",\"url\":\"https:\/\/kapitalis.com\/tunisie\/\",\"logo\":{\"@type\":\"ImageObject\",\"inLanguage\":\"fr-FR\",\"@id\":\"https:\/\/kapitalis.com\/tunisie\/#\/schema\/logo\/image\/\",\"url\":\"https:\/\/kapitalis.com\/tunisie\/wp-content\/uploads\/2022\/05\/Kapitalis-big-size.png\",\"contentUrl\":\"https:\/\/kapitalis.com\/tunisie\/wp-content\/uploads\/2022\/05\/Kapitalis-big-size.png\",\"width\":5000,\"height\":1500,\"caption\":\"Kapitalis\"},\"image\":{\"@id\":\"https:\/\/kapitalis.com\/tunisie\/#\/schema\/logo\/image\/\"},\"sameAs\":[\"https:\/\/www.facebook.com\/KapitalisInfo\/\",\"https:\/\/x.com\/KapitalisInfo\",\"https:\/\/www.youtube.com\/channel\/UC-yDYrHyfFBWWZaOw3FPg9Q\"]},{\"@type\":\"Person\",\"@id\":\"https:\/\/kapitalis.com\/tunisie\/#\/schema\/person\/74bbde0154d49d790a92aaeac5bc01d5\",\"name\":\"Yusra NY\",\"url\":\"https:\/\/kapitalis.com\/tunisie\/author\/yuza_adam\/\"}]}<\/script>\n<!-- \/ Yoast SEO plugin. -->","yoast_head_json":{"title":"Tunisie : Gr\u00e2ce pr\u00e9sidentielle en faveur de 986 d\u00e9tenus \u00e0 l\u2019occasion de la F\u00eate de l\u2019\u00c9vacuation - Kapitalis","description":"Le pr\u00e9sident de la R\u00e9publique a d\u00e9cid\u00e9 d\u2019accorder une gr\u00e2ce pr\u00e9sidentielle \u00e0 986 d\u00e9tenus, \u00e0 l\u2019occasion de la comm\u00e9moration du 60e anniversaire de la f\u00eate de l\u2019\u00c9vacuation (A\u00efd El-Jalaa).","robots":{"index":"index","follow":"follow","max-snippet":"max-snippet:-1","max-image-preview":"max-image-preview:large","max-video-preview":"max-video-preview:-1"},"canonical":"https:\/\/kapitalis.com\/tunisie\/2023\/10\/14\/tunisie-grace-presidentielle-en-faveur-de-986-detenus-a-loccasion-de-la-fete-de-levacuation\/","og_locale":"fr_FR","og_type":"article","og_title":"Tunisie : Gr\u00e2ce pr\u00e9sidentielle en faveur de 986 d\u00e9tenus \u00e0 l\u2019occasion de la F\u00eate de l\u2019\u00c9vacuation - Kapitalis","og_description":"Le pr\u00e9sident de la R\u00e9publique a d\u00e9cid\u00e9 d\u2019accorder une gr\u00e2ce pr\u00e9sidentielle \u00e0 986 d\u00e9tenus, \u00e0 l\u2019occasion de la comm\u00e9moration du 60e anniversaire de la f\u00eate de l\u2019\u00c9vacuation (A\u00efd El-Jalaa).","og_url":"https:\/\/kapitalis.com\/tunisie\/2023\/10\/14\/tunisie-grace-presidentielle-en-faveur-de-986-detenus-a-loccasion-de-la-fete-de-levacuation\/","og_site_name":"Kapitalis","article_publisher":"https:\/\/www.facebook.com\/KapitalisInfo\/","article_published_time":"2023-10-14T20:26:44+00:00","article_modified_time":"2023-10-14T20:40:38+00:00","og_image":[{"width":1200,"height":630,"url":"https:\/\/kapitalis.com\/tunisie\/wp-content\/uploads\/2022\/06\/mandat-depot-detention.jpg","type":"image\/jpeg"}],"author":"Yusra NY","twitter_card":"summary_large_image","twitter_creator":"@KapitalisInfo","twitter_site":"@KapitalisInfo","twitter_misc":{"\u00c9crit par":"Yusra NY","Dur\u00e9e de lecture estim\u00e9e":"1 minute"},"schema":{"@context":"https:\/\/schema.org","@graph":[{"@type":"Article","@id":"https:\/\/kapitalis.com\/tunisie\/2023\/10\/14\/tunisie-grace-presidentielle-en-faveur-de-986-detenus-a-loccasion-de-la-fete-de-levacuation\/#article","isPartOf":{"@id":"https:\/\/kapitalis.com\/tunisie\/2023\/10\/14\/tunisie-grace-presidentielle-en-faveur-de-986-detenus-a-loccasion-de-la-fete-de-levacuation\/"},"author":{"name":"Yusra NY","@id":"https:\/\/kapitalis.com\/tunisie\/#\/schema\/person\/74bbde0154d49d790a92aaeac5bc01d5"},"headline":"Tunisie : Gr\u00e2ce pr\u00e9sidentielle en faveur de 986 d\u00e9tenus \u00e0 l\u2019occasion de la F\u00eate de l\u2019\u00c9vacuation","datePublished":"2023-10-14T20:26:44+00:00","dateModified":"2023-10-14T20:40:38+00:00","mainEntityOfPage":{"@id":"https:\/\/kapitalis.com\/tunisie\/2023\/10\/14\/tunisie-grace-presidentielle-en-faveur-de-986-detenus-a-loccasion-de-la-fete-de-levacuation\/"},"wordCount":129,"commentCount":2,"publisher":{"@id":"https:\/\/kapitalis.com\/tunisie\/#organization"},"image":{"@id":"https:\/\/kapitalis.com\/tunisie\/2023\/10\/14\/tunisie-grace-presidentielle-en-faveur-de-986-detenus-a-loccasion-de-la-fete-de-levacuation\/#primaryimage"},"thumbnailUrl":"https:\/\/kapitalis.com\/tunisie\/wp-content\/uploads\/2022\/06\/mandat-depot-detention.jpg","keywords":["F\u00eate de l\u2019\u00c9vacuation","gr\u00e2ce pr\u00e9sidentielle","Tunisie"],"articleSection":["POLITIQUE","SOCIETE","Tunisie"],"inLanguage":"fr-FR","potentialAction":[{"@type":"CommentAction","name":"Comment","target":["https:\/\/kapitalis.com\/tunisie\/2023\/10\/14\/tunisie-grace-presidentielle-en-faveur-de-986-detenus-a-loccasion-de-la-fete-de-levacuation\/#respond"]}]},{"@type":"WebPage","@id":"https:\/\/kapitalis.com\/tunisie\/2023\/10\/14\/tunisie-grace-presidentielle-en-faveur-de-986-detenus-a-loccasion-de-la-fete-de-levacuation\/","url":"https:\/\/kapitalis.com\/tunisie\/2023\/10\/14\/tunisie-grace-presidentielle-en-faveur-de-986-detenus-a-loccasion-de-la-fete-de-levacuation\/","name":"Tunisie : Gr\u00e2ce pr\u00e9sidentielle en faveur de 986 d\u00e9tenus \u00e0 l\u2019occasion de la F\u00eate de l\u2019\u00c9vacuation - Kapitalis","isPartOf":{"@id":"https:\/\/kapitalis.com\/tunisie\/#website"},"primaryImageOfPage":{"@id":"https:\/\/kapitalis.com\/tunisie\/2023\/10\/14\/tunisie-grace-presidentielle-en-faveur-de-986-detenus-a-loccasion-de-la-fete-de-levacuation\/#primaryimage"},"image":{"@id":"https:\/\/kapitalis.com\/tunisie\/2023\/10\/14\/tunisie-grace-presidentielle-en-faveur-de-986-detenus-a-loccasion-de-la-fete-de-levacuation\/#primaryimage"},"thumbnailUrl":"https:\/\/kapitalis.com\/tunisie\/wp-content\/uploads\/2022\/06\/mandat-depot-detention.jpg","datePublished":"2023-10-14T20:26:44+00:00","dateModified":"2023-10-14T20:40:38+00:00","description":"Le pr\u00e9sident de la R\u00e9publique a d\u00e9cid\u00e9 d\u2019accorder une gr\u00e2ce pr\u00e9sidentielle \u00e0 986 d\u00e9tenus, \u00e0 l\u2019occasion de la comm\u00e9moration du 60e anniversaire de la f\u00eate de l\u2019\u00c9vacuation (A\u00efd El-Jalaa).","breadcrumb":{"@id":"https:\/\/kapitalis.com\/tunisie\/2023\/10\/14\/tunisie-grace-presidentielle-en-faveur-de-986-detenus-a-loccasion-de-la-fete-de-levacuation\/#breadcrumb"},"inLanguage":"fr-FR","potentialAction":[{"@type":"ReadAction","target":["https:\/\/kapitalis.com\/tunisie\/2023\/10\/14\/tunisie-grace-presidentielle-en-faveur-de-986-detenus-a-loccasion-de-la-fete-de-levacuation\/"]}]},{"@type":"ImageObject","inLanguage":"fr-FR","@id":"https:\/\/kapitalis.com\/tunisie\/2023\/10\/14\/tunisie-grace-presidentielle-en-faveur-de-986-detenus-a-loccasion-de-la-fete-de-levacuation\/#primaryimage","url":"https:\/\/kapitalis.com\/tunisie\/wp-content\/uploads\/2022\/06\/mandat-depot-detention.jpg","contentUrl":"https:\/\/kapitalis.com\/tunisie\/wp-content\/uploads\/2022\/06\/mandat-depot-detention.jpg","width":1200,"height":630},{"@type":"BreadcrumbList","@id":"https:\/\/kapitalis.com\/tunisie\/2023\/10\/14\/tunisie-grace-presidentielle-en-faveur-de-986-detenus-a-loccasion-de-la-fete-de-levacuation\/#breadcrumb","itemListElement":[{"@type":"ListItem","position":1,"name":"Accueil","item":"https:\/\/kapitalis.com\/tunisie\/"},{"@type":"ListItem","position":2,"name":"Tunisie : Gr\u00e2ce pr\u00e9sidentielle en faveur de 986 d\u00e9tenus \u00e0 l\u2019occasion de la F\u00eate de l\u2019\u00c9vacuation"}]},{"@type":"WebSite","@id":"https:\/\/kapitalis.com\/tunisie\/#website","url":"https:\/\/kapitalis.com\/tunisie\/","name":"Kapitalis","description":"L&#039;actualit\u00e9 en Tunisie et dans le monde","publisher":{"@id":"https:\/\/kapitalis.com\/tunisie\/#organization"},"potentialAction":[{"@type":"SearchAction","target":{"@type":"EntryPoint","urlTemplate":"https:\/\/kapitalis.com\/tunisie\/?s={search_term_string}"},"query-input":{"@type":"PropertyValueSpecification","valueRequired":true,"valueName":"search_term_string"}}],"inLanguage":"fr-FR"},{"@type":"Organization","@id":"https:\/\/kapitalis.com\/tunisie\/#organization","name":"Kapitalis","url":"https:\/\/kapitalis.com\/tunisie\/","logo":{"@type":"ImageObject","inLanguage":"fr-FR","@id":"https:\/\/kapitalis.com\/tunisie\/#\/schema\/logo\/image\/","url":"https:\/\/kapitalis.com\/tunisie\/wp-content\/uploads\/2022\/05\/Kapitalis-big-size.png","contentUrl":"https:\/\/kapitalis.com\/tunisie\/wp-content\/uploads\/2022\/05\/Kapitalis-big-size.png","width":5000,"height":1500,"caption":"Kapitalis"},"image":{"@id":"https:\/\/kapitalis.com\/tunisie\/#\/schema\/logo\/image\/"},"sameAs":["https:\/\/www.facebook.com\/KapitalisInfo\/","https:\/\/x.com\/KapitalisInfo","https:\/\/www.youtube.com\/channel\/UC-yDYrHyfFBWWZaOw3FPg9Q"]},{"@type":"Person","@id":"https:\/\/kapitalis.com\/tunisie\/#\/schema\/person\/74bbde0154d49d790a92aaeac5bc01d5","name":"Yusra NY","url":"https:\/\/kapitalis.com\/tunisie\/author\/yuza_adam\/"}]}},"_links":{"self":[{"href":"https:\/\/kapitalis.com\/tunisie\/wp-json\/wp\/v2\/posts\/10146066","targetHints":{"allow":["GET"]}}],"collection":[{"href":"https:\/\/kapitalis.com\/tunisie\/wp-json\/wp\/v2\/posts"}],"about":[{"href":"https:\/\/kapitalis.com\/tunisie\/wp-json\/wp\/v2\/types\/post"}],"author":[{"embeddable":true,"href":"https:\/\/kapitalis.com\/tunisie\/wp-json\/wp\/v2\/users\/6"}],"replies":[{"embeddable":true,"href":"https:\/\/kapitalis.com\/tunisie\/wp-json\/wp\/v2\/comments?post=10146066"}],"version-history":[{"count":1,"href":"https:\/\/kapitalis.com\/tunisie\/wp-json\/wp\/v2\/posts\/10146066\/revisions"}],"predecessor-version":[{"id":10146152,"href":"https:\/\/kapitalis.com\/tunisie\/wp-json\/wp\/v2\/posts\/10146066\/revisions\/10146152"}],"wp:featuredmedia":[{"embeddable":true,"href":"https:\/\/kapitalis.com\/tunisie\/wp-json\/wp\/v2\/media\/1875826"}],"wp:attachment":[{"href":"https:\/\/kapitalis.com\/tunisie\/wp-json\/wp\/v2\/media?parent=10146066"}],"wp:term":[{"taxonomy":"category","embeddable":true,"href":"https:\/\/kapitalis.com\/tunisie\/wp-json\/wp\/v2\/categories?post=10146066"},{"taxonomy":"post_tag","embeddable":true,"href":"https:\/\/kapitalis.com\/tunisie\/wp-json\/wp\/v2\/tags?post=10146066"}],"curies":[{"name":"wp","href":"https:\/\/api.w.org\/{rel}","templated":true}]}}