{"id":10147825,"date":"2023-10-15T08:14:15","date_gmt":"2023-10-15T07:14:15","guid":{"rendered":"https:\/\/kapitalis.com\/tunisie\/?p=10147825"},"modified":"2023-10-15T08:14:16","modified_gmt":"2023-10-15T07:14:16","slug":"laffaire-xyz-la-guerre-franco-americaine-oubliee","status":"publish","type":"post","link":"https:\/\/kapitalis.com\/tunisie\/2023\/10\/15\/laffaire-xyz-la-guerre-franco-americaine-oubliee\/","title":{"rendered":"\u2018\u2018L\u2019Affaire XYZ\u2019\u2019 : la guerre franco-am\u00e9ricaine oubli\u00e9e"},"content":{"rendered":"\n<p><strong><em>Apr\u00e8s la guerre non-d\u00e9clar\u00e9e entre les Etats-Unis d\u2019Am\u00e9rique et la France \u00e0 la fin du XVIIIe si\u00e8cle, les relations entre les deux pays ne conna\u00eetront jamais plus la concorde et la confiance qui avaient pr\u00e9valu entre le d\u00e9but de l\u2019ind\u00e9pendance am\u00e9ricaine et la R\u00e9volution fran\u00e7aise.&nbsp;<\/em><\/strong><\/p>\n\n\n\n<p>Par<strong> Dr Mounir Hanablia<\/strong> *<\/p>\n\n\n\n<!--more-->\n\n\n\n<p>A la fin du XVIIIe si\u00e8cle, le Royaume de France est la grande puissance europ\u00e9enne dont l\u2019arm\u00e9e a aid\u00e9 les colonies d\u2019Am\u00e9rique \u00e0 s\u2019\u00e9manciper de la tutelle anglaise pour former les Etats-Unis, une r\u00e9publique ayant pour pilier le lib\u00e9ralisme \u00e9conomique et les droits de l\u2019homme (blanc).<\/p>\n\n\n\n<p>En 1778 un trait\u00e9 d\u2019alliance a \u00e9t\u00e9 sign\u00e9 consacrant les relations privil\u00e9gi\u00e9es entre les deux pays, et reconnaissant \u00e0 leurs navires le droit de mouiller et de commercer librement dans leurs territoires mutuels, et m\u00eame de se porter assistance dans le cas o\u00f9 l\u2019un des alli\u00e9s verrait son territoire envahi par une tierce puissance. Mais en 1789, il y a eu la r\u00e9volution fran\u00e7aise, avec quelques ann\u00e9es plus tard, le r\u00e9gicide, la terreur, et les guerres men\u00e9es par le gouvernement&nbsp;r\u00e9volutionnaire fran\u00e7ais contre les royalistes \u00e0 l\u2019int\u00e9rieur, et contre les puissances europ\u00e9ennes, l\u2019Autriche, la Prusse, et naturellement l\u2019Angleterre.<\/p>\n\n\n\n<p>Malgr\u00e9 ses r\u00e9f\u00e9rences aux droits de l\u2019Homme, \u00e0 la libert\u00e9, l\u2019\u00e9galit\u00e9, et la fraternit\u00e9, le nouveau r\u00e9gime politique fran\u00e7ais avait \u00e9limin\u00e9 de la mani\u00e8re que l\u2019on sait le Roi Louis XVI qui avait aid\u00e9 les ind\u00e9pendantistes \u00e0 combattre les Anglais, et s\u2019\u00e9tait av\u00e9r\u00e9 trop r\u00e9volutionnaire et sanglant pour ne pas inqui\u00e9ter les patriciens am\u00e9ricains dont la principale ambition \u00e9tait la libert\u00e9 de commercer et de prosp\u00e9rer.<\/p>\n\n\n\n<h2 class=\"wp-block-heading\">Des rivalit\u00e9s commerciales maritimes <\/h2>\n\n\n\n<p>A partir de l\u00e0 les relations commerciales entre Anglais et Am\u00e9ricains ont commenc\u00e9 \u00e0 se renforcer dans le m\u00eame temps que le commerce avec la France p\u00e9riclitait. N\u00e9anmoins avec la guerre franco-anglaise \u00e0 partir de 1793, les navires am\u00e9ricains ont \u00e9t\u00e9 au d\u00e9but consid\u00e9r\u00e9s comme appartenant \u00e0 une nation neutre, ce qui leur \u00e9pargnait les attaques\u00a0et les saisies, tout en leur donnant l\u2019opportunit\u00e9 de mouiller librement dans les ports fran\u00e7ais. Mais avec le d\u00e9veloppement du commerce dont l\u2019Angleterre en guerre tirait b\u00e9n\u00e9fice dans le m\u00eame temps qu\u2019elle finan\u00e7ait\u00a0les bateaux am\u00e9ricains, ces derniers ont \u00e9t\u00e9 de plus en plus souvent les cibles d\u2019attaques des corsaires fran\u00e7ais.<\/p>\n\n\n\n<figure class=\"wp-block-embed is-type-wp-embed is-provider-kapitalis wp-block-embed-kapitalis\"><div class=\"wp-block-embed__wrapper\">\n<blockquote class=\"wp-embedded-content\" data-secret=\"3wJ8mQEh9O\"><a href=\"https:\/\/kapitalis.com\/tunisie\/2022\/09\/25\/la-guerre-de-cent-ans-la-france-un-fait-divers-de-lhistoire\/\">\u2018\u2018La guerre de cent ans\u2019\u2019 : La France, un fait divers de l\u2019Histoire<\/a><\/blockquote><iframe loading=\"lazy\" class=\"wp-embedded-content\" sandbox=\"allow-scripts\" security=\"restricted\" style=\"position: absolute; clip: rect(1px, 1px, 1px, 1px);\" title=\"\u00ab\u00a0\u2018\u2018La guerre de cent ans\u2019\u2019 : La France, un fait divers de l\u2019Histoire\u00a0\u00bb &#8212; Kapitalis\" src=\"https:\/\/kapitalis.com\/tunisie\/2022\/09\/25\/la-guerre-de-cent-ans-la-france-un-fait-divers-de-lhistoire\/embed\/#?secret=6y66Bx34YG#?secret=3wJ8mQEh9O\" data-secret=\"3wJ8mQEh9O\" width=\"600\" height=\"338\" frameborder=\"0\" marginwidth=\"0\" marginheight=\"0\" scrolling=\"no\"><\/iframe>\n<\/div><\/figure>\n\n\n\n<p>C\u2019est dans ce contexte que fin 1796 le pr\u00e9sident&nbsp; am\u00e9ricain John Adams envoyait trois \u00e9missaires \u00e0 Paris afin d\u2019obtenir l\u2019arr\u00eat des attaques contre les navires, qui mena\u00e7aient d\u2019asphyxier son pays. Ces trois n\u00e9gociateurs repr\u00e9sentaient en r\u00e9alit\u00e9 le parti f\u00e9d\u00e9raliste am\u00e9ricain, celui des armateurs et des grands commer\u00e7ants dont l\u2019int\u00e9r\u00eat se situait avec l\u2019Angleterre, et qui \u00e9tait le moins favorablement dispos\u00e9 envers une r\u00e9activation de l\u2019Alliance avec la France. Et face \u00e0 eux, ils allaient trouver Talleyrand, le ministre fran\u00e7ais des Affaires ext\u00e9rieures, ancien pr\u00eatre partisan de la R\u00e9volution, qualifi\u00e9 de parjure, corrompu et intrigant notoire, qui connaissait bien l\u2019Am\u00e9rique pour s\u2019y \u00eatre r\u00e9fugi\u00e9 pendant environ quatre ann\u00e9es durant la Terreur.<\/p>\n\n\n\n<p>Ce dernier essaierait d\u2019obtenir un profit personnel, d\u2019abord en r\u00e9clamant ce qu\u2019on&nbsp; qualifierait de <em>\u00abdouceur\u00bb<\/em> et qui n\u2019\u00e9tait qu\u2019un pot de vin de 50.000 livres sterling, ensuite en faisant financer un montage financier \u00e0 partir d\u2019un cr\u00e9dit important conc\u00e9d\u00e9 par les Etats-Unis \u00e0 la France, dont une partie servirait \u00e0 l\u2019achat de dettes hollandaises d\u00e9pr\u00e9ci\u00e9es qui seraient vendues au prix fort aux Am\u00e9ricains. Pour cela le ministre fran\u00e7ais obtiendrait l\u2019intervention de trois de ses amis banquiers, X Y Z, bas\u00e9s \u00e0 Hambourg, qui r\u00e9aliseraient&nbsp;au passage des profits fabuleux sur l\u2019ensemble de l\u2019op\u00e9ration.<\/p>\n\n\n\n<p>Par ailleurs Talleyrand, supputait \u00e0 juste titre l\u2019\u00e9chec des n\u00e9gociations pour savoir que l\u2019Am\u00e9rique anglo-saxonne financ\u00e9e par les banquiers de Londres&nbsp;n\u2019agirait&nbsp;jamais contre les Anglais dans un conflit avec la France. Et c\u2019est pour cela qu\u2019il choisissait de laisser tra\u00eener les n\u00e9gociations en longueur, avec force tergiversations et atermoiements, sans en tenir inform\u00e9 l\u2019autorit\u00e9 qui gouvernait&nbsp;alors la France, et qu\u2019on appelait le Directoire.<\/p>\n\n\n\n<h2 class=\"wp-block-heading\">Une guerre non-d\u00e9clar\u00e9e<\/h2>\n\n\n\n<p>Au bout de huit mois deux des \u00e9missaires am\u00e9ricains humili\u00e9s, d\u00e9courag\u00e9s mais inflexibles dans leur refus sur la question des pots de vin, d\u00e9cidaient de rentrer chez eux, le troisi\u00e8me restant contre l\u2019avis de son gouvernement dans l\u2019espoir savamment entretenu par le ministre fran\u00e7ais d\u2019obtenir enfin l\u2019accord, objet des n\u00e9gociations. Mais tout ceci finirait par se savoir, d\u2019abord en France, et les ennemis de Talleyrand tenteraient de s\u2019en servir vainement pour obtenir sa disgr\u00e2ce, parfois \u00e0 leur d\u00e9triment. Le ministre avait en effet pris soin de ne laisser aucun document \u00e9crit de l\u2019affaire. Mais c\u2019est en Am\u00e9rique que les rapports envoy\u00e9s par les \u00e9missaires am\u00e9ricains, et relatant tous les d\u00e9tails des n\u00e9gociations, y compris les plus scabreux, allaient avoir les r\u00e9percussions les plus importantes, d\u2019abord sur le plan politique interne, dans la lutte entre le parti f\u00e9d\u00e9raliste et le parti d\u00e9mocrate de Thomas Jefferson, qualifi\u00e9 de jacobin et de francophile, ensuite en d\u00e9clenchant dans l\u2019opinion am\u00e9ricaine une v\u00e9ritable francophobie, entretenue par le pr\u00e9sident John Adams,\u00a0conduisant \u00e0 la construction d\u2019une flotte de guerre, dont l\u2019Am\u00e9rique \u00e9tait jusque-l\u00e0 d\u00e9pourvue, pour prot\u00e9ger son commerce maritime et affronter les Fran\u00e7ais.<\/p>\n\n\n\n<figure class=\"wp-block-embed is-type-wp-embed is-provider-kapitalis wp-block-embed-kapitalis\"><div class=\"wp-block-embed__wrapper\">\n<blockquote class=\"wp-embedded-content\" data-secret=\"K7gDh74hBk\"><a href=\"https:\/\/kapitalis.com\/tunisie\/2023\/04\/23\/la-france-en-terre-dislam-jamais-laique-parfois-chretienne-toujours-opportuniste\/\">\u2018\u2018La France en terre d\u2019islam\u2019\u2019 : jamais la\u00efque, parfois chr\u00e9tienne, toujours opportuniste<\/a><\/blockquote><iframe loading=\"lazy\" class=\"wp-embedded-content\" sandbox=\"allow-scripts\" security=\"restricted\" style=\"position: absolute; clip: rect(1px, 1px, 1px, 1px);\" title=\"\u00ab\u00a0\u2018\u2018La France en terre d\u2019islam\u2019\u2019 : jamais la\u00efque, parfois chr\u00e9tienne, toujours opportuniste\u00a0\u00bb &#8212; Kapitalis\" src=\"https:\/\/kapitalis.com\/tunisie\/2023\/04\/23\/la-france-en-terre-dislam-jamais-laique-parfois-chretienne-toujours-opportuniste\/embed\/#?secret=3aSl1AuGoV#?secret=K7gDh74hBk\" data-secret=\"K7gDh74hBk\" width=\"600\" height=\"338\" frameborder=\"0\" marginwidth=\"0\" marginheight=\"0\" scrolling=\"no\"><\/iframe>\n<\/div><\/figure>\n\n\n\n<p>Et effectivement, \u00e0 partir de la fin de 1797, les nouveaux navires de guerre am\u00e9ricains attaqueraient sans rel\u00e2che dans une guerre non d\u00e9clar\u00e9e tous les vaisseaux fran\u00e7ais, et en saisiraient&nbsp;plusieurs, au risque de faire perdre \u00e0 leurs adversaires le contr\u00f4le de leurs colonies des Antilles.<\/p>\n\n\n\n<p>Ce n\u2019\u00e9tait \u00e9videmment pas ce qu\u2019avait esp\u00e9r\u00e9 Talleyrand qui misait en Am\u00e9rique sur une victoire de Thomas Jefferson, plut\u00f4t pro-fran\u00e7ais, aux \u00e9lections pr\u00e9sidentielles, et que cette guerre pla\u00e7ait dans une situation difficile, tout comme celle de son parti. Mais Talleyrand allait s\u2019efforcer de renouer le contact secr\u00e8tement avec les Am\u00e9ricains par le biais de leur ambassadeur en Hollande, Murray, en flattant leur orgueil en qualifiant leur nation de libre, puissante, ind\u00e9pendante, selon les mots utilis\u00e9s par leur pr\u00e9sident,&nbsp; et en les convainquant de reprendre les n\u00e9gociations.<\/p>\n\n\n\n<p>Les nouvelles propositions fran\u00e7aises divis\u00e8rent la classe politique am\u00e9ricaine, c\u2019en \u00e9tait d\u2019ailleurs l\u2019un des objectifs, et provoqu\u00e8rent un revirement du pr\u00e9sident Adams en faveur de la paix. Et quand les nouveaux n\u00e9gociateurs am\u00e9ricains d\u00e9barqu\u00e8rent en 1799 en France, ce fut pour apprendre que le Directoire avait cess\u00e9 d\u2019exister, remplac\u00e9 par un nouveau r\u00e9gime, le Consulat, dont l\u2019homme fort \u00e9tait un certain Napol\u00e9on Bonaparte.<\/p>\n\n\n\n<p>Le plus \u00e9tonnant \u00e9tait le retour aux relations ext\u00e9rieures de Talleyrand, qui en avait d\u00e9missionn\u00e9 \u00e0 la fin du Directoire. C\u2019est peu dire que ce dernier fit tra\u00eener les n\u00e9gociations de nouveau en longueur, dans le but d\u2019emp\u00eacher la r\u00e9\u00e9lection de John Adams, auquel la signature d\u2019un nouveau trait\u00e9 avec la France risquait d\u2019apporter un prestige \u00e9lectoral consid\u00e9rable. Mais le projet d\u2019accord approuv\u00e9 et r\u00e9vis\u00e9 par le Congr\u00e8s Am\u00e9ricain fut finalement paraph\u00e9 par Napol\u00e9on qui pr\u00e9tendait ainsi prouver aux Am\u00e9ricains qu\u2019en France, le dernier mot lui revenait.<\/p>\n\n\n\n<h2 class=\"wp-block-heading\">Le diable boiteux <\/h2>\n\n\n\n<p>Ainsi la guerre non-d\u00e9clar\u00e9e entre les Etats-Unis d\u2019Am\u00e9rique et la France prit fin. Environ 6000 marins et corsaires avaient \u00e9t\u00e9 faits prisonniers et 86 navires de guerre fran\u00e7ais captur\u00e9s. Le pr\u00e9sident John Adams ne fut pas r\u00e9\u00e9lu, l\u2019accord avec la France ayant \u00e9t\u00e9 sign\u00e9 trop tard pour influer sur une opinion publique qui ne lui avait pas pardonn\u00e9 son revirement en faveur de la paix apr\u00e8s avoir attis\u00e9 la guerre. Mais les relations franco-am\u00e9ricaines allaient conna\u00eetre une nouvelle m\u00e9sentente, cette fois sur la Louisiane, conc\u00e9d\u00e9e secr\u00e8tement \u00e0 la France par l\u2019Espagne&nbsp;en \u00e9change de principaut\u00e9s italiennes. Les n\u00e9gociations&nbsp;entre les deux pays s\u2019\u00e9taient d\u00e9roul\u00e9es sans que les Am\u00e9ricains en soient avis\u00e9s durant l\u2019\u00e9tablissement du nouveau trait\u00e9 avec la France. Les relations entre les deux pays ne conna\u00eetraient ainsi jamais plus la concorde et la confiance qui avaient pr\u00e9valu entre le d\u00e9but de l\u2019ind\u00e9pendance am\u00e9ricaine et la R\u00e9volution fran\u00e7aise.&nbsp;<\/p>\n\n\n\n<p>Naturellement tout cela met en avant le r\u00f4le crucial de Talleyrand, le diable boiteux ainsi qu\u2019on l\u2019a qualifi\u00e9, et la prescience politique dont il a fait preuve pour survivre en France \u00e0 la Terreur, intriguer, s\u2019enrichir, changer le r\u00e9gime en misant sur la bonne personne, et manipuler les hommes politiques am\u00e9ricains bien qu\u2019ils eussent \u00e9t\u00e9 les seuls \u00e0 refuser ses exigences et \u00e0 s\u2019en offusquer suffisamment pour construire une marine de guerre dont ils \u00e9taient jusque-l\u00e0 priv\u00e9s et l\u2019utiliser contre son propre pays. <\/p>\n\n\n\n<p>* <em>M\u00e9decin de libre pratique.<\/em><\/p>\n\n\n\n<p><strong><em>\u2018\u2018L&rsquo;Affaire XYZ.Quand Talleyrand provoqua une guerre entre la France et les \u00c9tats-Unis\u2019\u2019, essai historique de Guillaume Debr\u00e9, \u00e9d. Fayard, Paris, 10 mai 2023, 364 pages.<\/em><\/strong><\/p>\n","protected":false},"excerpt":{"rendered":"<p>Pourquoi les relations entre les Etats-Unis et la France ont rarement connu la concorde et la confiance qui avaient pr\u00e9valu au d\u00e9part. <\/p>\n","protected":false},"author":8,"featured_media":10148094,"comment_status":"open","ping_status":"open","sticky":false,"template":"","format":"standard","meta":{"footnotes":""},"categories":[992,994,997],"tags":[2721,341,75918,395,111574,105041,111573,90868],"class_list":["post-10147825","post","type-post","status-publish","format-standard","has-post-thumbnail","hentry","category-a-la-une","category-culture","category-politique","tag-angleterre","tag-espagne","tag-etats-unis-2","tag-france","tag-john-adams","tag-napoleon-bonaparte","tag-talleyrand","tag-thomas-jefferson"],"yoast_head":"<!-- This site is optimized with the Yoast SEO plugin v26.6 - https:\/\/yoast.com\/wordpress\/plugins\/seo\/ -->\n<title>\u2018\u2018L\u2019Affaire XYZ\u2019\u2019 : la guerre franco-am\u00e9ricaine oubli\u00e9e - Kapitalis<\/title>\n<meta name=\"robots\" content=\"index, follow, max-snippet:-1, max-image-preview:large, max-video-preview:-1\" \/>\n<link rel=\"canonical\" href=\"https:\/\/kapitalis.com\/tunisie\/2023\/10\/15\/laffaire-xyz-la-guerre-franco-americaine-oubliee\/\" \/>\n<meta property=\"og:locale\" content=\"fr_FR\" \/>\n<meta property=\"og:type\" content=\"article\" \/>\n<meta property=\"og:title\" content=\"\u2018\u2018L\u2019Affaire XYZ\u2019\u2019 : la guerre franco-am\u00e9ricaine oubli\u00e9e - Kapitalis\" \/>\n<meta property=\"og:description\" content=\"Pourquoi les relations entre les Etats-Unis et la France ont rarement connu la concorde et la confiance qui avaient pr\u00e9valu au d\u00e9part.\" \/>\n<meta property=\"og:url\" content=\"https:\/\/kapitalis.com\/tunisie\/2023\/10\/15\/laffaire-xyz-la-guerre-franco-americaine-oubliee\/\" \/>\n<meta property=\"og:site_name\" content=\"Kapitalis\" \/>\n<meta property=\"article:publisher\" content=\"https:\/\/www.facebook.com\/KapitalisInfo\/\" \/>\n<meta property=\"article:published_time\" content=\"2023-10-15T07:14:15+00:00\" \/>\n<meta property=\"article:modified_time\" content=\"2023-10-15T07:14:16+00:00\" \/>\n<meta property=\"og:image\" content=\"https:\/\/kapitalis.com\/tunisie\/wp-content\/uploads\/2023\/10\/Guerre-franco-americaine.jpg\" \/>\n\t<meta property=\"og:image:width\" content=\"1200\" \/>\n\t<meta property=\"og:image:height\" content=\"630\" \/>\n\t<meta property=\"og:image:type\" content=\"image\/jpeg\" \/>\n<meta name=\"author\" content=\"webmaster kapitalis\" \/>\n<meta name=\"twitter:card\" content=\"summary_large_image\" \/>\n<meta name=\"twitter:creator\" content=\"@KapitalisInfo\" \/>\n<meta name=\"twitter:site\" content=\"@KapitalisInfo\" \/>\n<meta name=\"twitter:label1\" content=\"\u00c9crit par\" \/>\n\t<meta name=\"twitter:data1\" content=\"webmaster kapitalis\" \/>\n\t<meta name=\"twitter:label2\" content=\"Dur\u00e9e de lecture estim\u00e9e\" \/>\n\t<meta name=\"twitter:data2\" content=\"8 minutes\" \/>\n<script type=\"application\/ld+json\" class=\"yoast-schema-graph\">{\"@context\":\"https:\/\/schema.org\",\"@graph\":[{\"@type\":\"Article\",\"@id\":\"https:\/\/kapitalis.com\/tunisie\/2023\/10\/15\/laffaire-xyz-la-guerre-franco-americaine-oubliee\/#article\",\"isPartOf\":{\"@id\":\"https:\/\/kapitalis.com\/tunisie\/2023\/10\/15\/laffaire-xyz-la-guerre-franco-americaine-oubliee\/\"},\"author\":{\"name\":\"webmaster kapitalis\",\"@id\":\"https:\/\/kapitalis.com\/tunisie\/#\/schema\/person\/d71f33a9ca44f7bad4698210b480c8e9\"},\"headline\":\"\u2018\u2018L\u2019Affaire XYZ\u2019\u2019 : la guerre franco-am\u00e9ricaine oubli\u00e9e\",\"datePublished\":\"2023-10-15T07:14:15+00:00\",\"dateModified\":\"2023-10-15T07:14:16+00:00\",\"mainEntityOfPage\":{\"@id\":\"https:\/\/kapitalis.com\/tunisie\/2023\/10\/15\/laffaire-xyz-la-guerre-franco-americaine-oubliee\/\"},\"wordCount\":1651,\"commentCount\":0,\"publisher\":{\"@id\":\"https:\/\/kapitalis.com\/tunisie\/#organization\"},\"image\":{\"@id\":\"https:\/\/kapitalis.com\/tunisie\/2023\/10\/15\/laffaire-xyz-la-guerre-franco-americaine-oubliee\/#primaryimage\"},\"thumbnailUrl\":\"https:\/\/kapitalis.com\/tunisie\/wp-content\/uploads\/2023\/10\/Guerre-franco-americaine.jpg\",\"keywords\":[\"Angleterre\",\"Espagne\",\"Etats-Unis\",\"France\",\"John Adams\",\"Napol\u00e9on Bonaparte\",\"Talleyrand\",\"Thomas Jefferson\"],\"articleSection\":[\"A LA UNE\",\"CULTURE\",\"POLITIQUE\"],\"inLanguage\":\"fr-FR\",\"potentialAction\":[{\"@type\":\"CommentAction\",\"name\":\"Comment\",\"target\":[\"https:\/\/kapitalis.com\/tunisie\/2023\/10\/15\/laffaire-xyz-la-guerre-franco-americaine-oubliee\/#respond\"]}]},{\"@type\":\"WebPage\",\"@id\":\"https:\/\/kapitalis.com\/tunisie\/2023\/10\/15\/laffaire-xyz-la-guerre-franco-americaine-oubliee\/\",\"url\":\"https:\/\/kapitalis.com\/tunisie\/2023\/10\/15\/laffaire-xyz-la-guerre-franco-americaine-oubliee\/\",\"name\":\"\u2018\u2018L\u2019Affaire XYZ\u2019\u2019 : la guerre franco-am\u00e9ricaine oubli\u00e9e - Kapitalis\",\"isPartOf\":{\"@id\":\"https:\/\/kapitalis.com\/tunisie\/#website\"},\"primaryImageOfPage\":{\"@id\":\"https:\/\/kapitalis.com\/tunisie\/2023\/10\/15\/laffaire-xyz-la-guerre-franco-americaine-oubliee\/#primaryimage\"},\"image\":{\"@id\":\"https:\/\/kapitalis.com\/tunisie\/2023\/10\/15\/laffaire-xyz-la-guerre-franco-americaine-oubliee\/#primaryimage\"},\"thumbnailUrl\":\"https:\/\/kapitalis.com\/tunisie\/wp-content\/uploads\/2023\/10\/Guerre-franco-americaine.jpg\",\"datePublished\":\"2023-10-15T07:14:15+00:00\",\"dateModified\":\"2023-10-15T07:14:16+00:00\",\"breadcrumb\":{\"@id\":\"https:\/\/kapitalis.com\/tunisie\/2023\/10\/15\/laffaire-xyz-la-guerre-franco-americaine-oubliee\/#breadcrumb\"},\"inLanguage\":\"fr-FR\",\"potentialAction\":[{\"@type\":\"ReadAction\",\"target\":[\"https:\/\/kapitalis.com\/tunisie\/2023\/10\/15\/laffaire-xyz-la-guerre-franco-americaine-oubliee\/\"]}]},{\"@type\":\"ImageObject\",\"inLanguage\":\"fr-FR\",\"@id\":\"https:\/\/kapitalis.com\/tunisie\/2023\/10\/15\/laffaire-xyz-la-guerre-franco-americaine-oubliee\/#primaryimage\",\"url\":\"https:\/\/kapitalis.com\/tunisie\/wp-content\/uploads\/2023\/10\/Guerre-franco-americaine.jpg\",\"contentUrl\":\"https:\/\/kapitalis.com\/tunisie\/wp-content\/uploads\/2023\/10\/Guerre-franco-americaine.jpg\",\"width\":1200,\"height\":630},{\"@type\":\"BreadcrumbList\",\"@id\":\"https:\/\/kapitalis.com\/tunisie\/2023\/10\/15\/laffaire-xyz-la-guerre-franco-americaine-oubliee\/#breadcrumb\",\"itemListElement\":[{\"@type\":\"ListItem\",\"position\":1,\"name\":\"Accueil\",\"item\":\"https:\/\/kapitalis.com\/tunisie\/\"},{\"@type\":\"ListItem\",\"position\":2,\"name\":\"\u2018\u2018L\u2019Affaire XYZ\u2019\u2019 : la guerre franco-am\u00e9ricaine oubli\u00e9e\"}]},{\"@type\":\"WebSite\",\"@id\":\"https:\/\/kapitalis.com\/tunisie\/#website\",\"url\":\"https:\/\/kapitalis.com\/tunisie\/\",\"name\":\"Kapitalis\",\"description\":\"L&#039;actualit\u00e9 en Tunisie et dans le monde\",\"publisher\":{\"@id\":\"https:\/\/kapitalis.com\/tunisie\/#organization\"},\"potentialAction\":[{\"@type\":\"SearchAction\",\"target\":{\"@type\":\"EntryPoint\",\"urlTemplate\":\"https:\/\/kapitalis.com\/tunisie\/?s={search_term_string}\"},\"query-input\":{\"@type\":\"PropertyValueSpecification\",\"valueRequired\":true,\"valueName\":\"search_term_string\"}}],\"inLanguage\":\"fr-FR\"},{\"@type\":\"Organization\",\"@id\":\"https:\/\/kapitalis.com\/tunisie\/#organization\",\"name\":\"Kapitalis\",\"url\":\"https:\/\/kapitalis.com\/tunisie\/\",\"logo\":{\"@type\":\"ImageObject\",\"inLanguage\":\"fr-FR\",\"@id\":\"https:\/\/kapitalis.com\/tunisie\/#\/schema\/logo\/image\/\",\"url\":\"https:\/\/kapitalis.com\/tunisie\/wp-content\/uploads\/2022\/05\/Kapitalis-big-size.png\",\"contentUrl\":\"https:\/\/kapitalis.com\/tunisie\/wp-content\/uploads\/2022\/05\/Kapitalis-big-size.png\",\"width\":5000,\"height\":1500,\"caption\":\"Kapitalis\"},\"image\":{\"@id\":\"https:\/\/kapitalis.com\/tunisie\/#\/schema\/logo\/image\/\"},\"sameAs\":[\"https:\/\/www.facebook.com\/KapitalisInfo\/\",\"https:\/\/x.com\/KapitalisInfo\",\"https:\/\/www.youtube.com\/channel\/UC-yDYrHyfFBWWZaOw3FPg9Q\"]},{\"@type\":\"Person\",\"@id\":\"https:\/\/kapitalis.com\/tunisie\/#\/schema\/person\/d71f33a9ca44f7bad4698210b480c8e9\",\"name\":\"webmaster kapitalis\",\"url\":\"https:\/\/kapitalis.com\/tunisie\/author\/webmaster-kapitalis\/\"}]}<\/script>\n<!-- \/ Yoast SEO plugin. -->","yoast_head_json":{"title":"\u2018\u2018L\u2019Affaire XYZ\u2019\u2019 : la guerre franco-am\u00e9ricaine oubli\u00e9e - Kapitalis","robots":{"index":"index","follow":"follow","max-snippet":"max-snippet:-1","max-image-preview":"max-image-preview:large","max-video-preview":"max-video-preview:-1"},"canonical":"https:\/\/kapitalis.com\/tunisie\/2023\/10\/15\/laffaire-xyz-la-guerre-franco-americaine-oubliee\/","og_locale":"fr_FR","og_type":"article","og_title":"\u2018\u2018L\u2019Affaire XYZ\u2019\u2019 : la guerre franco-am\u00e9ricaine oubli\u00e9e - Kapitalis","og_description":"Pourquoi les relations entre les Etats-Unis et la France ont rarement connu la concorde et la confiance qui avaient pr\u00e9valu au d\u00e9part.","og_url":"https:\/\/kapitalis.com\/tunisie\/2023\/10\/15\/laffaire-xyz-la-guerre-franco-americaine-oubliee\/","og_site_name":"Kapitalis","article_publisher":"https:\/\/www.facebook.com\/KapitalisInfo\/","article_published_time":"2023-10-15T07:14:15+00:00","article_modified_time":"2023-10-15T07:14:16+00:00","og_image":[{"width":1200,"height":630,"url":"https:\/\/kapitalis.com\/tunisie\/wp-content\/uploads\/2023\/10\/Guerre-franco-americaine.jpg","type":"image\/jpeg"}],"author":"webmaster kapitalis","twitter_card":"summary_large_image","twitter_creator":"@KapitalisInfo","twitter_site":"@KapitalisInfo","twitter_misc":{"\u00c9crit par":"webmaster kapitalis","Dur\u00e9e de lecture estim\u00e9e":"8 minutes"},"schema":{"@context":"https:\/\/schema.org","@graph":[{"@type":"Article","@id":"https:\/\/kapitalis.com\/tunisie\/2023\/10\/15\/laffaire-xyz-la-guerre-franco-americaine-oubliee\/#article","isPartOf":{"@id":"https:\/\/kapitalis.com\/tunisie\/2023\/10\/15\/laffaire-xyz-la-guerre-franco-americaine-oubliee\/"},"author":{"name":"webmaster kapitalis","@id":"https:\/\/kapitalis.com\/tunisie\/#\/schema\/person\/d71f33a9ca44f7bad4698210b480c8e9"},"headline":"\u2018\u2018L\u2019Affaire XYZ\u2019\u2019 : la guerre franco-am\u00e9ricaine oubli\u00e9e","datePublished":"2023-10-15T07:14:15+00:00","dateModified":"2023-10-15T07:14:16+00:00","mainEntityOfPage":{"@id":"https:\/\/kapitalis.com\/tunisie\/2023\/10\/15\/laffaire-xyz-la-guerre-franco-americaine-oubliee\/"},"wordCount":1651,"commentCount":0,"publisher":{"@id":"https:\/\/kapitalis.com\/tunisie\/#organization"},"image":{"@id":"https:\/\/kapitalis.com\/tunisie\/2023\/10\/15\/laffaire-xyz-la-guerre-franco-americaine-oubliee\/#primaryimage"},"thumbnailUrl":"https:\/\/kapitalis.com\/tunisie\/wp-content\/uploads\/2023\/10\/Guerre-franco-americaine.jpg","keywords":["Angleterre","Espagne","Etats-Unis","France","John Adams","Napol\u00e9on Bonaparte","Talleyrand","Thomas Jefferson"],"articleSection":["A LA UNE","CULTURE","POLITIQUE"],"inLanguage":"fr-FR","potentialAction":[{"@type":"CommentAction","name":"Comment","target":["https:\/\/kapitalis.com\/tunisie\/2023\/10\/15\/laffaire-xyz-la-guerre-franco-americaine-oubliee\/#respond"]}]},{"@type":"WebPage","@id":"https:\/\/kapitalis.com\/tunisie\/2023\/10\/15\/laffaire-xyz-la-guerre-franco-americaine-oubliee\/","url":"https:\/\/kapitalis.com\/tunisie\/2023\/10\/15\/laffaire-xyz-la-guerre-franco-americaine-oubliee\/","name":"\u2018\u2018L\u2019Affaire XYZ\u2019\u2019 : la guerre franco-am\u00e9ricaine oubli\u00e9e - Kapitalis","isPartOf":{"@id":"https:\/\/kapitalis.com\/tunisie\/#website"},"primaryImageOfPage":{"@id":"https:\/\/kapitalis.com\/tunisie\/2023\/10\/15\/laffaire-xyz-la-guerre-franco-americaine-oubliee\/#primaryimage"},"image":{"@id":"https:\/\/kapitalis.com\/tunisie\/2023\/10\/15\/laffaire-xyz-la-guerre-franco-americaine-oubliee\/#primaryimage"},"thumbnailUrl":"https:\/\/kapitalis.com\/tunisie\/wp-content\/uploads\/2023\/10\/Guerre-franco-americaine.jpg","datePublished":"2023-10-15T07:14:15+00:00","dateModified":"2023-10-15T07:14:16+00:00","breadcrumb":{"@id":"https:\/\/kapitalis.com\/tunisie\/2023\/10\/15\/laffaire-xyz-la-guerre-franco-americaine-oubliee\/#breadcrumb"},"inLanguage":"fr-FR","potentialAction":[{"@type":"ReadAction","target":["https:\/\/kapitalis.com\/tunisie\/2023\/10\/15\/laffaire-xyz-la-guerre-franco-americaine-oubliee\/"]}]},{"@type":"ImageObject","inLanguage":"fr-FR","@id":"https:\/\/kapitalis.com\/tunisie\/2023\/10\/15\/laffaire-xyz-la-guerre-franco-americaine-oubliee\/#primaryimage","url":"https:\/\/kapitalis.com\/tunisie\/wp-content\/uploads\/2023\/10\/Guerre-franco-americaine.jpg","contentUrl":"https:\/\/kapitalis.com\/tunisie\/wp-content\/uploads\/2023\/10\/Guerre-franco-americaine.jpg","width":1200,"height":630},{"@type":"BreadcrumbList","@id":"https:\/\/kapitalis.com\/tunisie\/2023\/10\/15\/laffaire-xyz-la-guerre-franco-americaine-oubliee\/#breadcrumb","itemListElement":[{"@type":"ListItem","position":1,"name":"Accueil","item":"https:\/\/kapitalis.com\/tunisie\/"},{"@type":"ListItem","position":2,"name":"\u2018\u2018L\u2019Affaire XYZ\u2019\u2019 : la guerre franco-am\u00e9ricaine oubli\u00e9e"}]},{"@type":"WebSite","@id":"https:\/\/kapitalis.com\/tunisie\/#website","url":"https:\/\/kapitalis.com\/tunisie\/","name":"Kapitalis","description":"L&#039;actualit\u00e9 en Tunisie et dans le monde","publisher":{"@id":"https:\/\/kapitalis.com\/tunisie\/#organization"},"potentialAction":[{"@type":"SearchAction","target":{"@type":"EntryPoint","urlTemplate":"https:\/\/kapitalis.com\/tunisie\/?s={search_term_string}"},"query-input":{"@type":"PropertyValueSpecification","valueRequired":true,"valueName":"search_term_string"}}],"inLanguage":"fr-FR"},{"@type":"Organization","@id":"https:\/\/kapitalis.com\/tunisie\/#organization","name":"Kapitalis","url":"https:\/\/kapitalis.com\/tunisie\/","logo":{"@type":"ImageObject","inLanguage":"fr-FR","@id":"https:\/\/kapitalis.com\/tunisie\/#\/schema\/logo\/image\/","url":"https:\/\/kapitalis.com\/tunisie\/wp-content\/uploads\/2022\/05\/Kapitalis-big-size.png","contentUrl":"https:\/\/kapitalis.com\/tunisie\/wp-content\/uploads\/2022\/05\/Kapitalis-big-size.png","width":5000,"height":1500,"caption":"Kapitalis"},"image":{"@id":"https:\/\/kapitalis.com\/tunisie\/#\/schema\/logo\/image\/"},"sameAs":["https:\/\/www.facebook.com\/KapitalisInfo\/","https:\/\/x.com\/KapitalisInfo","https:\/\/www.youtube.com\/channel\/UC-yDYrHyfFBWWZaOw3FPg9Q"]},{"@type":"Person","@id":"https:\/\/kapitalis.com\/tunisie\/#\/schema\/person\/d71f33a9ca44f7bad4698210b480c8e9","name":"webmaster kapitalis","url":"https:\/\/kapitalis.com\/tunisie\/author\/webmaster-kapitalis\/"}]}},"_links":{"self":[{"href":"https:\/\/kapitalis.com\/tunisie\/wp-json\/wp\/v2\/posts\/10147825","targetHints":{"allow":["GET"]}}],"collection":[{"href":"https:\/\/kapitalis.com\/tunisie\/wp-json\/wp\/v2\/posts"}],"about":[{"href":"https:\/\/kapitalis.com\/tunisie\/wp-json\/wp\/v2\/types\/post"}],"author":[{"embeddable":true,"href":"https:\/\/kapitalis.com\/tunisie\/wp-json\/wp\/v2\/users\/8"}],"replies":[{"embeddable":true,"href":"https:\/\/kapitalis.com\/tunisie\/wp-json\/wp\/v2\/comments?post=10147825"}],"version-history":[{"count":2,"href":"https:\/\/kapitalis.com\/tunisie\/wp-json\/wp\/v2\/posts\/10147825\/revisions"}],"predecessor-version":[{"id":10148102,"href":"https:\/\/kapitalis.com\/tunisie\/wp-json\/wp\/v2\/posts\/10147825\/revisions\/10148102"}],"wp:featuredmedia":[{"embeddable":true,"href":"https:\/\/kapitalis.com\/tunisie\/wp-json\/wp\/v2\/media\/10148094"}],"wp:attachment":[{"href":"https:\/\/kapitalis.com\/tunisie\/wp-json\/wp\/v2\/media?parent=10147825"}],"wp:term":[{"taxonomy":"category","embeddable":true,"href":"https:\/\/kapitalis.com\/tunisie\/wp-json\/wp\/v2\/categories?post=10147825"},{"taxonomy":"post_tag","embeddable":true,"href":"https:\/\/kapitalis.com\/tunisie\/wp-json\/wp\/v2\/tags?post=10147825"}],"curies":[{"name":"wp","href":"https:\/\/api.w.org\/{rel}","templated":true}]}}