{"id":10153899,"date":"2023-10-16T09:30:19","date_gmt":"2023-10-16T08:30:19","guid":{"rendered":"https:\/\/kapitalis.com\/tunisie\/?p=10153899"},"modified":"2023-10-16T09:30:21","modified_gmt":"2023-10-16T08:30:21","slug":"mohamed-ben-attia-prime-au-34e-festival-du-film-arabe-de-fameck","status":"publish","type":"post","link":"https:\/\/kapitalis.com\/tunisie\/2023\/10\/16\/mohamed-ben-attia-prime-au-34e-festival-du-film-arabe-de-fameck\/","title":{"rendered":"Mohamed Ben Attia prim\u00e9 au 34e Festival du film arabe de Fameck\u00a0"},"content":{"rendered":"\n<p><strong><em>La 34<sup>e<\/sup>\u00a0\u00e9dition du Festival du film arabe de Fameck\/Val de Fensch (France), a d\u00e9cern\u00e9 le Prix de la presse au long m\u00e9trage de fiction tunisien, \u2018\u2018Behind the mountains\u2019\u2019 (\u2018\u2018Oura El Jbel\u2019\u2019 en arabe) du r\u00e9alisateur Mohamed Ben Attia. Le Prix de la presse, dont le jury est pr\u00e9sid\u00e9 par la journaliste et critique Nadia Meftah, est soutenu par la ville de Fameck.<\/em><\/strong><\/p>\n\n\n\n<!--more-->\n\n\n\n<p>Le palmar\u00e8s a \u00e9t\u00e9 d\u00e9voil\u00e9 samedi 14 octobre 2023. Le Maroc, invit\u00e9 d\u2019honneur du festival est laur\u00e9at du \u00ab\u00a0Grand Prix\u00a0\u00bb du festival. Le jury pr\u00e9sid\u00e9 par le com\u00e9dien Zinedine Soualem, a d\u00e9cid\u00e9 de l&rsquo;attribuer au film \u2018\u2018Indivision\u2019\u2019 de Leila Kilani, coproduction de 2023 entre le Maroc et la France.<\/p>\n\n\n\n<p><em>\u2018\u2018Behind the mountains\u2019\u2019 <\/em>(98\u2019), une coproduction entre la Tunisie (Nomadis Images), la France, la Belgique, l\u2019Italie, l\u2019Arabie Saoudite et le Qatar, \u00e9tait dans la comp\u00e9tition long-m\u00e9trages de fiction compos\u00e9e de 10 films repr\u00e9sentant le Maroc, le Jordanie, la Syrie, le Soudan, le Y\u00e9men, la France et la Belgique. Le a d\u00e9cid\u00e9 d\u2019attribuer le Prix de la presse \u00e0 cette.<\/p>\n\n\n\n<p><em>\u2018<em>\u2018Behind the mountains\u2019\u2019 <\/em>, <\/em>qui r\u00e9unit dans les principaux r\u00f4les Majd Mastoura, Samer Bisharat, Walid Bouchhioua, Selma Zeghidi, Helmi Dridi et Wissem Belgharek, est le troisi\u00e8me long-m\u00e9trage de Ben Attia, apr\u00e8s<em> \u2018\u2018Inhebek Hedi\u2019\u2019 <\/em>(2016) et<em> \u2018\u2018Weldi\u2019\u2019<\/em> (2018).\u00a0Il a fait sa premi\u00e8re mondiale dans\u00a0la section Orizzonti de la 80<sup>e<\/sup>\u00a0Mostra de Venise (30 ao\u00fbt-9 septembre 2023).<\/p>\n\n\n\n<p>Il raconte l\u2019histoire d\u2019un ancien prisonnier qui n\u2019a qu\u2019une id\u00e9e en t\u00eate, retrouver sa femme et son fils, les emmener loin pour leur montrer ce qu\u2019il a d\u00e9couvert : son don de s\u2019envoler. Devant l\u2019incr\u00e9dulit\u00e9 de sa femme et la r\u00e9sistance de sa belle-famille, Rafik fait irruption \u00e0 l\u2019\u00e9cole et kidnappe son fils. Pendant leur cavale, ils font la connaissance d\u2019un berger et se r\u00e9fugient dans une maison \u00e0 la campagne. L\u00e0, tout s\u2019emballe\u2026<\/p>\n\n\n\n<h2 class=\"wp-block-heading has-text-align-center\">Palmar\u00e8s complet de cette \u00e9dition 2023 :<\/h2>\n\n\n\n<p><strong>Grand Prix\u00a0<\/strong>: <em>\u00ab\u00a0Indivision\u00a0\u00bb<\/em> de Leila Kilani (Maroc, France, 2023);<\/p>\n\n\n\n<p><strong>Prix de la presse <\/strong>: <em><em>\u2018Behind the mountains\u2019\u2019 <\/em><\/em> de Mohamed Ben Attia (Tunisie, France, Belgique, Italie, Arabie Saoudite, Qatar, 2023);<\/p>\n\n\n\n<p><strong>Prix du jury jeunes<\/strong> : <em>\u00ab\u00a0Nezouh\u00a0\u00bb<\/em> de Soudade Kaadan (Syrie, Grande-Bretagne, France, 2023);<\/p>\n\n\n\n<p><strong>Prix du documentaire <\/strong>: <em>\u00ab\u00a0N\u2019en parlons plus\u00a0\u00bb<\/em> de C\u00e9cile Khindria et Vittorio Moroni (France, Alg\u00e9rie, Italie, 2022);<\/p>\n\n\n\n<p><strong>Prix du Public<\/strong> : <em>\u00ab\u00a0Animalia\u00a0\u00bb<\/em> de Sofia Alaoui (Marco, France, 2023).<\/p>\n","protected":false},"excerpt":{"rendered":"<p>Le Prix de la Presse du Festival du film arabe (Fameck, France) d\u00e9cern\u00e9 au film \u2018\u2018Behind the mountains\u2019\u2019  de Mohamed Ben Attia.   <\/p>\n","protected":false},"author":8,"featured_media":10153955,"comment_status":"open","ping_status":"open","sticky":false,"template":"","format":"standard","meta":{"footnotes":""},"categories":[994,2433],"tags":[110137,91784,87641,14566,12990,111590,110943,110942,110944],"class_list":["post-10153899","post","type-post","status-publish","format-standard","has-post-thumbnail","hentry","category-culture","category-tunisie","tag-behind-the-mountains","tag-fameck","tag-helmi-dridi","tag-majd-mastoura","tag-mohamed-ben-attia","tag-samer-bisharat","tag-selma-zeghidi","tag-walid-bouchhioua","tag-wissem-belgharek"],"yoast_head":"<!-- This site is optimized with the Yoast SEO plugin v26.6 - https:\/\/yoast.com\/wordpress\/plugins\/seo\/ -->\n<title>Mohamed Ben Attia prim\u00e9 au 34e Festival du film arabe de Fameck\u00a0 - Kapitalis<\/title>\n<meta name=\"robots\" content=\"index, follow, max-snippet:-1, max-image-preview:large, max-video-preview:-1\" \/>\n<link rel=\"canonical\" href=\"https:\/\/kapitalis.com\/tunisie\/2023\/10\/16\/mohamed-ben-attia-prime-au-34e-festival-du-film-arabe-de-fameck\/\" \/>\n<meta property=\"og:locale\" content=\"fr_FR\" \/>\n<meta property=\"og:type\" content=\"article\" \/>\n<meta property=\"og:title\" content=\"Mohamed Ben Attia prim\u00e9 au 34e Festival du film arabe de Fameck\u00a0 - Kapitalis\" \/>\n<meta property=\"og:description\" content=\"Le Prix de la Presse du Festival du film arabe (Fameck, France) d\u00e9cern\u00e9 au film \u2018\u2018Behind the mountains\u2019\u2019 de Mohamed Ben Attia.\" \/>\n<meta property=\"og:url\" content=\"https:\/\/kapitalis.com\/tunisie\/2023\/10\/16\/mohamed-ben-attia-prime-au-34e-festival-du-film-arabe-de-fameck\/\" \/>\n<meta property=\"og:site_name\" content=\"Kapitalis\" \/>\n<meta property=\"article:publisher\" content=\"https:\/\/www.facebook.com\/KapitalisInfo\/\" \/>\n<meta property=\"article:published_time\" content=\"2023-10-16T08:30:19+00:00\" \/>\n<meta property=\"article:modified_time\" content=\"2023-10-16T08:30:21+00:00\" \/>\n<meta property=\"og:image\" content=\"https:\/\/kapitalis.com\/tunisie\/wp-content\/uploads\/2023\/10\/Mohamed-Ben-Attia.jpg\" \/>\n\t<meta property=\"og:image:width\" content=\"1200\" \/>\n\t<meta property=\"og:image:height\" content=\"630\" \/>\n\t<meta property=\"og:image:type\" content=\"image\/jpeg\" \/>\n<meta name=\"author\" content=\"webmaster kapitalis\" \/>\n<meta name=\"twitter:card\" content=\"summary_large_image\" \/>\n<meta name=\"twitter:creator\" content=\"@KapitalisInfo\" \/>\n<meta name=\"twitter:site\" content=\"@KapitalisInfo\" \/>\n<meta name=\"twitter:label1\" content=\"\u00c9crit par\" \/>\n\t<meta name=\"twitter:data1\" content=\"webmaster kapitalis\" \/>\n\t<meta name=\"twitter:label2\" content=\"Dur\u00e9e de lecture estim\u00e9e\" \/>\n\t<meta name=\"twitter:data2\" content=\"2 minutes\" \/>\n<script type=\"application\/ld+json\" class=\"yoast-schema-graph\">{\"@context\":\"https:\/\/schema.org\",\"@graph\":[{\"@type\":\"Article\",\"@id\":\"https:\/\/kapitalis.com\/tunisie\/2023\/10\/16\/mohamed-ben-attia-prime-au-34e-festival-du-film-arabe-de-fameck\/#article\",\"isPartOf\":{\"@id\":\"https:\/\/kapitalis.com\/tunisie\/2023\/10\/16\/mohamed-ben-attia-prime-au-34e-festival-du-film-arabe-de-fameck\/\"},\"author\":{\"name\":\"webmaster kapitalis\",\"@id\":\"https:\/\/kapitalis.com\/tunisie\/#\/schema\/person\/d71f33a9ca44f7bad4698210b480c8e9\"},\"headline\":\"Mohamed Ben Attia prim\u00e9 au 34e Festival du film arabe de Fameck\u00a0\",\"datePublished\":\"2023-10-16T08:30:19+00:00\",\"dateModified\":\"2023-10-16T08:30:21+00:00\",\"mainEntityOfPage\":{\"@id\":\"https:\/\/kapitalis.com\/tunisie\/2023\/10\/16\/mohamed-ben-attia-prime-au-34e-festival-du-film-arabe-de-fameck\/\"},\"wordCount\":414,\"commentCount\":0,\"publisher\":{\"@id\":\"https:\/\/kapitalis.com\/tunisie\/#organization\"},\"image\":{\"@id\":\"https:\/\/kapitalis.com\/tunisie\/2023\/10\/16\/mohamed-ben-attia-prime-au-34e-festival-du-film-arabe-de-fameck\/#primaryimage\"},\"thumbnailUrl\":\"https:\/\/kapitalis.com\/tunisie\/wp-content\/uploads\/2023\/10\/Mohamed-Ben-Attia.jpg\",\"keywords\":[\"Behind the mountains\",\"Fameck\",\"Helmi Dridi\",\"Majd Mastoura\",\"Mohamed Ben Attia\",\"Samer Bisharat\",\"Selma Zeghidi\",\"Walid Bouchhioua\",\"Wissem Belgharek\"],\"articleSection\":[\"CULTURE\",\"Tunisie\"],\"inLanguage\":\"fr-FR\",\"potentialAction\":[{\"@type\":\"CommentAction\",\"name\":\"Comment\",\"target\":[\"https:\/\/kapitalis.com\/tunisie\/2023\/10\/16\/mohamed-ben-attia-prime-au-34e-festival-du-film-arabe-de-fameck\/#respond\"]}]},{\"@type\":\"WebPage\",\"@id\":\"https:\/\/kapitalis.com\/tunisie\/2023\/10\/16\/mohamed-ben-attia-prime-au-34e-festival-du-film-arabe-de-fameck\/\",\"url\":\"https:\/\/kapitalis.com\/tunisie\/2023\/10\/16\/mohamed-ben-attia-prime-au-34e-festival-du-film-arabe-de-fameck\/\",\"name\":\"Mohamed Ben Attia prim\u00e9 au 34e Festival du film arabe de Fameck\u00a0 - Kapitalis\",\"isPartOf\":{\"@id\":\"https:\/\/kapitalis.com\/tunisie\/#website\"},\"primaryImageOfPage\":{\"@id\":\"https:\/\/kapitalis.com\/tunisie\/2023\/10\/16\/mohamed-ben-attia-prime-au-34e-festival-du-film-arabe-de-fameck\/#primaryimage\"},\"image\":{\"@id\":\"https:\/\/kapitalis.com\/tunisie\/2023\/10\/16\/mohamed-ben-attia-prime-au-34e-festival-du-film-arabe-de-fameck\/#primaryimage\"},\"thumbnailUrl\":\"https:\/\/kapitalis.com\/tunisie\/wp-content\/uploads\/2023\/10\/Mohamed-Ben-Attia.jpg\",\"datePublished\":\"2023-10-16T08:30:19+00:00\",\"dateModified\":\"2023-10-16T08:30:21+00:00\",\"breadcrumb\":{\"@id\":\"https:\/\/kapitalis.com\/tunisie\/2023\/10\/16\/mohamed-ben-attia-prime-au-34e-festival-du-film-arabe-de-fameck\/#breadcrumb\"},\"inLanguage\":\"fr-FR\",\"potentialAction\":[{\"@type\":\"ReadAction\",\"target\":[\"https:\/\/kapitalis.com\/tunisie\/2023\/10\/16\/mohamed-ben-attia-prime-au-34e-festival-du-film-arabe-de-fameck\/\"]}]},{\"@type\":\"ImageObject\",\"inLanguage\":\"fr-FR\",\"@id\":\"https:\/\/kapitalis.com\/tunisie\/2023\/10\/16\/mohamed-ben-attia-prime-au-34e-festival-du-film-arabe-de-fameck\/#primaryimage\",\"url\":\"https:\/\/kapitalis.com\/tunisie\/wp-content\/uploads\/2023\/10\/Mohamed-Ben-Attia.jpg\",\"contentUrl\":\"https:\/\/kapitalis.com\/tunisie\/wp-content\/uploads\/2023\/10\/Mohamed-Ben-Attia.jpg\",\"width\":1200,\"height\":630},{\"@type\":\"BreadcrumbList\",\"@id\":\"https:\/\/kapitalis.com\/tunisie\/2023\/10\/16\/mohamed-ben-attia-prime-au-34e-festival-du-film-arabe-de-fameck\/#breadcrumb\",\"itemListElement\":[{\"@type\":\"ListItem\",\"position\":1,\"name\":\"Accueil\",\"item\":\"https:\/\/kapitalis.com\/tunisie\/\"},{\"@type\":\"ListItem\",\"position\":2,\"name\":\"Mohamed Ben Attia prim\u00e9 au 34e Festival du film arabe de Fameck\u00a0\"}]},{\"@type\":\"WebSite\",\"@id\":\"https:\/\/kapitalis.com\/tunisie\/#website\",\"url\":\"https:\/\/kapitalis.com\/tunisie\/\",\"name\":\"Kapitalis\",\"description\":\"L&#039;actualit\u00e9 en Tunisie et dans le monde\",\"publisher\":{\"@id\":\"https:\/\/kapitalis.com\/tunisie\/#organization\"},\"potentialAction\":[{\"@type\":\"SearchAction\",\"target\":{\"@type\":\"EntryPoint\",\"urlTemplate\":\"https:\/\/kapitalis.com\/tunisie\/?s={search_term_string}\"},\"query-input\":{\"@type\":\"PropertyValueSpecification\",\"valueRequired\":true,\"valueName\":\"search_term_string\"}}],\"inLanguage\":\"fr-FR\"},{\"@type\":\"Organization\",\"@id\":\"https:\/\/kapitalis.com\/tunisie\/#organization\",\"name\":\"Kapitalis\",\"url\":\"https:\/\/kapitalis.com\/tunisie\/\",\"logo\":{\"@type\":\"ImageObject\",\"inLanguage\":\"fr-FR\",\"@id\":\"https:\/\/kapitalis.com\/tunisie\/#\/schema\/logo\/image\/\",\"url\":\"https:\/\/kapitalis.com\/tunisie\/wp-content\/uploads\/2022\/05\/Kapitalis-big-size.png\",\"contentUrl\":\"https:\/\/kapitalis.com\/tunisie\/wp-content\/uploads\/2022\/05\/Kapitalis-big-size.png\",\"width\":5000,\"height\":1500,\"caption\":\"Kapitalis\"},\"image\":{\"@id\":\"https:\/\/kapitalis.com\/tunisie\/#\/schema\/logo\/image\/\"},\"sameAs\":[\"https:\/\/www.facebook.com\/KapitalisInfo\/\",\"https:\/\/x.com\/KapitalisInfo\",\"https:\/\/www.youtube.com\/channel\/UC-yDYrHyfFBWWZaOw3FPg9Q\"]},{\"@type\":\"Person\",\"@id\":\"https:\/\/kapitalis.com\/tunisie\/#\/schema\/person\/d71f33a9ca44f7bad4698210b480c8e9\",\"name\":\"webmaster kapitalis\",\"url\":\"https:\/\/kapitalis.com\/tunisie\/author\/webmaster-kapitalis\/\"}]}<\/script>\n<!-- \/ Yoast SEO plugin. -->","yoast_head_json":{"title":"Mohamed Ben Attia prim\u00e9 au 34e Festival du film arabe de Fameck\u00a0 - Kapitalis","robots":{"index":"index","follow":"follow","max-snippet":"max-snippet:-1","max-image-preview":"max-image-preview:large","max-video-preview":"max-video-preview:-1"},"canonical":"https:\/\/kapitalis.com\/tunisie\/2023\/10\/16\/mohamed-ben-attia-prime-au-34e-festival-du-film-arabe-de-fameck\/","og_locale":"fr_FR","og_type":"article","og_title":"Mohamed Ben Attia prim\u00e9 au 34e Festival du film arabe de Fameck\u00a0 - Kapitalis","og_description":"Le Prix de la Presse du Festival du film arabe (Fameck, France) d\u00e9cern\u00e9 au film \u2018\u2018Behind the mountains\u2019\u2019 de Mohamed Ben Attia.","og_url":"https:\/\/kapitalis.com\/tunisie\/2023\/10\/16\/mohamed-ben-attia-prime-au-34e-festival-du-film-arabe-de-fameck\/","og_site_name":"Kapitalis","article_publisher":"https:\/\/www.facebook.com\/KapitalisInfo\/","article_published_time":"2023-10-16T08:30:19+00:00","article_modified_time":"2023-10-16T08:30:21+00:00","og_image":[{"width":1200,"height":630,"url":"https:\/\/kapitalis.com\/tunisie\/wp-content\/uploads\/2023\/10\/Mohamed-Ben-Attia.jpg","type":"image\/jpeg"}],"author":"webmaster kapitalis","twitter_card":"summary_large_image","twitter_creator":"@KapitalisInfo","twitter_site":"@KapitalisInfo","twitter_misc":{"\u00c9crit par":"webmaster kapitalis","Dur\u00e9e de lecture estim\u00e9e":"2 minutes"},"schema":{"@context":"https:\/\/schema.org","@graph":[{"@type":"Article","@id":"https:\/\/kapitalis.com\/tunisie\/2023\/10\/16\/mohamed-ben-attia-prime-au-34e-festival-du-film-arabe-de-fameck\/#article","isPartOf":{"@id":"https:\/\/kapitalis.com\/tunisie\/2023\/10\/16\/mohamed-ben-attia-prime-au-34e-festival-du-film-arabe-de-fameck\/"},"author":{"name":"webmaster kapitalis","@id":"https:\/\/kapitalis.com\/tunisie\/#\/schema\/person\/d71f33a9ca44f7bad4698210b480c8e9"},"headline":"Mohamed Ben Attia prim\u00e9 au 34e Festival du film arabe de Fameck\u00a0","datePublished":"2023-10-16T08:30:19+00:00","dateModified":"2023-10-16T08:30:21+00:00","mainEntityOfPage":{"@id":"https:\/\/kapitalis.com\/tunisie\/2023\/10\/16\/mohamed-ben-attia-prime-au-34e-festival-du-film-arabe-de-fameck\/"},"wordCount":414,"commentCount":0,"publisher":{"@id":"https:\/\/kapitalis.com\/tunisie\/#organization"},"image":{"@id":"https:\/\/kapitalis.com\/tunisie\/2023\/10\/16\/mohamed-ben-attia-prime-au-34e-festival-du-film-arabe-de-fameck\/#primaryimage"},"thumbnailUrl":"https:\/\/kapitalis.com\/tunisie\/wp-content\/uploads\/2023\/10\/Mohamed-Ben-Attia.jpg","keywords":["Behind the mountains","Fameck","Helmi Dridi","Majd Mastoura","Mohamed Ben Attia","Samer Bisharat","Selma Zeghidi","Walid Bouchhioua","Wissem Belgharek"],"articleSection":["CULTURE","Tunisie"],"inLanguage":"fr-FR","potentialAction":[{"@type":"CommentAction","name":"Comment","target":["https:\/\/kapitalis.com\/tunisie\/2023\/10\/16\/mohamed-ben-attia-prime-au-34e-festival-du-film-arabe-de-fameck\/#respond"]}]},{"@type":"WebPage","@id":"https:\/\/kapitalis.com\/tunisie\/2023\/10\/16\/mohamed-ben-attia-prime-au-34e-festival-du-film-arabe-de-fameck\/","url":"https:\/\/kapitalis.com\/tunisie\/2023\/10\/16\/mohamed-ben-attia-prime-au-34e-festival-du-film-arabe-de-fameck\/","name":"Mohamed Ben Attia prim\u00e9 au 34e Festival du film arabe de Fameck\u00a0 - Kapitalis","isPartOf":{"@id":"https:\/\/kapitalis.com\/tunisie\/#website"},"primaryImageOfPage":{"@id":"https:\/\/kapitalis.com\/tunisie\/2023\/10\/16\/mohamed-ben-attia-prime-au-34e-festival-du-film-arabe-de-fameck\/#primaryimage"},"image":{"@id":"https:\/\/kapitalis.com\/tunisie\/2023\/10\/16\/mohamed-ben-attia-prime-au-34e-festival-du-film-arabe-de-fameck\/#primaryimage"},"thumbnailUrl":"https:\/\/kapitalis.com\/tunisie\/wp-content\/uploads\/2023\/10\/Mohamed-Ben-Attia.jpg","datePublished":"2023-10-16T08:30:19+00:00","dateModified":"2023-10-16T08:30:21+00:00","breadcrumb":{"@id":"https:\/\/kapitalis.com\/tunisie\/2023\/10\/16\/mohamed-ben-attia-prime-au-34e-festival-du-film-arabe-de-fameck\/#breadcrumb"},"inLanguage":"fr-FR","potentialAction":[{"@type":"ReadAction","target":["https:\/\/kapitalis.com\/tunisie\/2023\/10\/16\/mohamed-ben-attia-prime-au-34e-festival-du-film-arabe-de-fameck\/"]}]},{"@type":"ImageObject","inLanguage":"fr-FR","@id":"https:\/\/kapitalis.com\/tunisie\/2023\/10\/16\/mohamed-ben-attia-prime-au-34e-festival-du-film-arabe-de-fameck\/#primaryimage","url":"https:\/\/kapitalis.com\/tunisie\/wp-content\/uploads\/2023\/10\/Mohamed-Ben-Attia.jpg","contentUrl":"https:\/\/kapitalis.com\/tunisie\/wp-content\/uploads\/2023\/10\/Mohamed-Ben-Attia.jpg","width":1200,"height":630},{"@type":"BreadcrumbList","@id":"https:\/\/kapitalis.com\/tunisie\/2023\/10\/16\/mohamed-ben-attia-prime-au-34e-festival-du-film-arabe-de-fameck\/#breadcrumb","itemListElement":[{"@type":"ListItem","position":1,"name":"Accueil","item":"https:\/\/kapitalis.com\/tunisie\/"},{"@type":"ListItem","position":2,"name":"Mohamed Ben Attia prim\u00e9 au 34e Festival du film arabe de Fameck\u00a0"}]},{"@type":"WebSite","@id":"https:\/\/kapitalis.com\/tunisie\/#website","url":"https:\/\/kapitalis.com\/tunisie\/","name":"Kapitalis","description":"L&#039;actualit\u00e9 en Tunisie et dans le monde","publisher":{"@id":"https:\/\/kapitalis.com\/tunisie\/#organization"},"potentialAction":[{"@type":"SearchAction","target":{"@type":"EntryPoint","urlTemplate":"https:\/\/kapitalis.com\/tunisie\/?s={search_term_string}"},"query-input":{"@type":"PropertyValueSpecification","valueRequired":true,"valueName":"search_term_string"}}],"inLanguage":"fr-FR"},{"@type":"Organization","@id":"https:\/\/kapitalis.com\/tunisie\/#organization","name":"Kapitalis","url":"https:\/\/kapitalis.com\/tunisie\/","logo":{"@type":"ImageObject","inLanguage":"fr-FR","@id":"https:\/\/kapitalis.com\/tunisie\/#\/schema\/logo\/image\/","url":"https:\/\/kapitalis.com\/tunisie\/wp-content\/uploads\/2022\/05\/Kapitalis-big-size.png","contentUrl":"https:\/\/kapitalis.com\/tunisie\/wp-content\/uploads\/2022\/05\/Kapitalis-big-size.png","width":5000,"height":1500,"caption":"Kapitalis"},"image":{"@id":"https:\/\/kapitalis.com\/tunisie\/#\/schema\/logo\/image\/"},"sameAs":["https:\/\/www.facebook.com\/KapitalisInfo\/","https:\/\/x.com\/KapitalisInfo","https:\/\/www.youtube.com\/channel\/UC-yDYrHyfFBWWZaOw3FPg9Q"]},{"@type":"Person","@id":"https:\/\/kapitalis.com\/tunisie\/#\/schema\/person\/d71f33a9ca44f7bad4698210b480c8e9","name":"webmaster kapitalis","url":"https:\/\/kapitalis.com\/tunisie\/author\/webmaster-kapitalis\/"}]}},"_links":{"self":[{"href":"https:\/\/kapitalis.com\/tunisie\/wp-json\/wp\/v2\/posts\/10153899","targetHints":{"allow":["GET"]}}],"collection":[{"href":"https:\/\/kapitalis.com\/tunisie\/wp-json\/wp\/v2\/posts"}],"about":[{"href":"https:\/\/kapitalis.com\/tunisie\/wp-json\/wp\/v2\/types\/post"}],"author":[{"embeddable":true,"href":"https:\/\/kapitalis.com\/tunisie\/wp-json\/wp\/v2\/users\/8"}],"replies":[{"embeddable":true,"href":"https:\/\/kapitalis.com\/tunisie\/wp-json\/wp\/v2\/comments?post=10153899"}],"version-history":[{"count":1,"href":"https:\/\/kapitalis.com\/tunisie\/wp-json\/wp\/v2\/posts\/10153899\/revisions"}],"predecessor-version":[{"id":10153966,"href":"https:\/\/kapitalis.com\/tunisie\/wp-json\/wp\/v2\/posts\/10153899\/revisions\/10153966"}],"wp:featuredmedia":[{"embeddable":true,"href":"https:\/\/kapitalis.com\/tunisie\/wp-json\/wp\/v2\/media\/10153955"}],"wp:attachment":[{"href":"https:\/\/kapitalis.com\/tunisie\/wp-json\/wp\/v2\/media?parent=10153899"}],"wp:term":[{"taxonomy":"category","embeddable":true,"href":"https:\/\/kapitalis.com\/tunisie\/wp-json\/wp\/v2\/categories?post=10153899"},{"taxonomy":"post_tag","embeddable":true,"href":"https:\/\/kapitalis.com\/tunisie\/wp-json\/wp\/v2\/tags?post=10153899"}],"curies":[{"name":"wp","href":"https:\/\/api.w.org\/{rel}","templated":true}]}}