{"id":10157772,"date":"2023-10-16T19:59:22","date_gmt":"2023-10-16T18:59:22","guid":{"rendered":"https:\/\/kapitalis.com\/tunisie\/?p=10157772"},"modified":"2023-10-17T03:58:57","modified_gmt":"2023-10-17T02:58:57","slug":"snjt-en-images-les-journalistes-tunisiens-solidaires-avec-le-peuple-palestinien","status":"publish","type":"post","link":"https:\/\/kapitalis.com\/tunisie\/2023\/10\/16\/snjt-en-images-les-journalistes-tunisiens-solidaires-avec-le-peuple-palestinien\/","title":{"rendered":"SNJT : En images, les journalistes tunisiens solidaires avec le peuple palestinien"},"content":{"rendered":"\n<p><strong><em>Le Syndicat national des journalistes tunisiens (SNJT) a organis\u00e9, ce lundi 16 octobre 2023, un rassemblement en solidarit\u00e9 avec le peuple palestinien.<\/em><\/strong><\/p>\n\n\n\n<!--more-->\n\n\n\n<p>L&rsquo;ambassadeur de Palestine en Tunisie, Hael Al Fahoum a pris part \u00e0 ce rassemblement ainsi que des activistes de la soci\u00e9t\u00e9 civile ou encore des dirigeants de l&rsquo;Union g\u00e9n\u00e9rale tunisienne du travail, \u00e0 l&rsquo;instar de Sami Tahri, afin de d\u00e9noncer les attaques meurtri\u00e8res des forces d\u2019occupation isra\u00e9lienne.<\/p>\n\n\n\n<p>Les manifestants ont appel\u00e9 \u00e0 soutenir la Palestine, tout en d\u00e9non\u00e7ant des crimes de guerre perp\u00e9tr\u00e9s \u00e0 l\u2019encontre du peuple palestinien \u00e0 Gaza : <em>\u00abLa machine meurtri\u00e8re du sionisme prend pour cible les journalistes pour les museler et cacher ainsi la v\u00e9rit\u00e9\u00bb<\/em>, a d\u00e9plor\u00e9 pour sa part Zied Dabbar, fra\u00eechement \u00e9lu pr\u00e9sident du Syndicat des journalistes tunisiens.<\/p>\n\n\n\n<figure class=\"wp-block-gallery aligncenter has-nested-images columns-2 is-cropped wp-block-gallery-1 is-layout-flex wp-block-gallery-is-layout-flex\">\n<figure class=\"wp-block-image size-large\"><img loading=\"lazy\" decoding=\"async\" width=\"1024\" height=\"683\" data-id=\"10157888\" src=\"https:\/\/kapitalis.com\/tunisie\/wp-content\/uploads\/2023\/10\/SNJT-Palestine8-1024x683.jpg\" alt=\"\" class=\"wp-image-10157888\" srcset=\"https:\/\/kapitalis.com\/tunisie\/wp-content\/uploads\/2023\/10\/SNJT-Palestine8-1024x683.jpg 1024w, https:\/\/kapitalis.com\/tunisie\/wp-content\/uploads\/2023\/10\/SNJT-Palestine8-300x200.jpg 300w, https:\/\/kapitalis.com\/tunisie\/wp-content\/uploads\/2023\/10\/SNJT-Palestine8-768x512.jpg 768w, https:\/\/kapitalis.com\/tunisie\/wp-content\/uploads\/2023\/10\/SNJT-Palestine8-580x387.jpg 580w, https:\/\/kapitalis.com\/tunisie\/wp-content\/uploads\/2023\/10\/SNJT-Palestine8-860x573.jpg 860w, https:\/\/kapitalis.com\/tunisie\/wp-content\/uploads\/2023\/10\/SNJT-Palestine8.jpg 1080w\" sizes=\"auto, (max-width: 1024px) 100vw, 1024px\" \/><\/figure>\n\n\n\n<figure class=\"wp-block-image size-large\"><img loading=\"lazy\" decoding=\"async\" width=\"1024\" height=\"683\" data-id=\"10157885\" src=\"https:\/\/kapitalis.com\/tunisie\/wp-content\/uploads\/2023\/10\/SNJT-Palestine7-1024x683.jpg\" alt=\"\" class=\"wp-image-10157885\" srcset=\"https:\/\/kapitalis.com\/tunisie\/wp-content\/uploads\/2023\/10\/SNJT-Palestine7-1024x683.jpg 1024w, https:\/\/kapitalis.com\/tunisie\/wp-content\/uploads\/2023\/10\/SNJT-Palestine7-300x200.jpg 300w, https:\/\/kapitalis.com\/tunisie\/wp-content\/uploads\/2023\/10\/SNJT-Palestine7-768x512.jpg 768w, https:\/\/kapitalis.com\/tunisie\/wp-content\/uploads\/2023\/10\/SNJT-Palestine7-580x387.jpg 580w, https:\/\/kapitalis.com\/tunisie\/wp-content\/uploads\/2023\/10\/SNJT-Palestine7-860x573.jpg 860w, https:\/\/kapitalis.com\/tunisie\/wp-content\/uploads\/2023\/10\/SNJT-Palestine7.jpg 1080w\" sizes=\"auto, (max-width: 1024px) 100vw, 1024px\" \/><\/figure>\n\n\n\n<figure class=\"wp-block-image size-large\"><img loading=\"lazy\" decoding=\"async\" width=\"1024\" height=\"768\" data-id=\"10157883\" src=\"https:\/\/kapitalis.com\/tunisie\/wp-content\/uploads\/2023\/10\/SNJT-Palestine6-1024x768.jpg\" alt=\"\" class=\"wp-image-10157883\" srcset=\"https:\/\/kapitalis.com\/tunisie\/wp-content\/uploads\/2023\/10\/SNJT-Palestine6-1024x768.jpg 1024w, https:\/\/kapitalis.com\/tunisie\/wp-content\/uploads\/2023\/10\/SNJT-Palestine6-300x225.jpg 300w, https:\/\/kapitalis.com\/tunisie\/wp-content\/uploads\/2023\/10\/SNJT-Palestine6-768x576.jpg 768w, https:\/\/kapitalis.com\/tunisie\/wp-content\/uploads\/2023\/10\/SNJT-Palestine6-580x435.jpg 580w, https:\/\/kapitalis.com\/tunisie\/wp-content\/uploads\/2023\/10\/SNJT-Palestine6-860x645.jpg 860w, https:\/\/kapitalis.com\/tunisie\/wp-content\/uploads\/2023\/10\/SNJT-Palestine6.jpg 1080w\" sizes=\"auto, (max-width: 1024px) 100vw, 1024px\" \/><\/figure>\n\n\n\n<figure class=\"wp-block-image size-large\"><img loading=\"lazy\" decoding=\"async\" width=\"1024\" height=\"768\" data-id=\"10157886\" src=\"https:\/\/kapitalis.com\/tunisie\/wp-content\/uploads\/2023\/10\/SNJT-Palestine4-1024x768.jpg\" alt=\"\" class=\"wp-image-10157886\" srcset=\"https:\/\/kapitalis.com\/tunisie\/wp-content\/uploads\/2023\/10\/SNJT-Palestine4-1024x768.jpg 1024w, https:\/\/kapitalis.com\/tunisie\/wp-content\/uploads\/2023\/10\/SNJT-Palestine4-300x225.jpg 300w, https:\/\/kapitalis.com\/tunisie\/wp-content\/uploads\/2023\/10\/SNJT-Palestine4-768x576.jpg 768w, https:\/\/kapitalis.com\/tunisie\/wp-content\/uploads\/2023\/10\/SNJT-Palestine4-580x435.jpg 580w, https:\/\/kapitalis.com\/tunisie\/wp-content\/uploads\/2023\/10\/SNJT-Palestine4-860x645.jpg 860w, https:\/\/kapitalis.com\/tunisie\/wp-content\/uploads\/2023\/10\/SNJT-Palestine4.jpg 1080w\" sizes=\"auto, (max-width: 1024px) 100vw, 1024px\" \/><\/figure>\n\n\n\n<figure class=\"wp-block-image size-large\"><img loading=\"lazy\" decoding=\"async\" width=\"1024\" height=\"576\" data-id=\"10157890\" src=\"https:\/\/kapitalis.com\/tunisie\/wp-content\/uploads\/2023\/10\/SNJT-Palestine3-1024x576.jpg\" alt=\"\" class=\"wp-image-10157890\" srcset=\"https:\/\/kapitalis.com\/tunisie\/wp-content\/uploads\/2023\/10\/SNJT-Palestine3-1024x576.jpg 1024w, https:\/\/kapitalis.com\/tunisie\/wp-content\/uploads\/2023\/10\/SNJT-Palestine3-300x169.jpg 300w, https:\/\/kapitalis.com\/tunisie\/wp-content\/uploads\/2023\/10\/SNJT-Palestine3-768x432.jpg 768w, https:\/\/kapitalis.com\/tunisie\/wp-content\/uploads\/2023\/10\/SNJT-Palestine3-580x326.jpg 580w, https:\/\/kapitalis.com\/tunisie\/wp-content\/uploads\/2023\/10\/SNJT-Palestine3-860x484.jpg 860w, https:\/\/kapitalis.com\/tunisie\/wp-content\/uploads\/2023\/10\/SNJT-Palestine3-1160x653.jpg 1160w, https:\/\/kapitalis.com\/tunisie\/wp-content\/uploads\/2023\/10\/SNJT-Palestine3.jpg 1280w\" sizes=\"auto, (max-width: 1024px) 100vw, 1024px\" \/><\/figure>\n\n\n\n<figure class=\"wp-block-image size-large\"><img loading=\"lazy\" decoding=\"async\" width=\"1024\" height=\"576\" data-id=\"10157889\" src=\"https:\/\/kapitalis.com\/tunisie\/wp-content\/uploads\/2023\/10\/SNJT-Palestine-1-1024x576.jpg\" alt=\"\" class=\"wp-image-10157889\" srcset=\"https:\/\/kapitalis.com\/tunisie\/wp-content\/uploads\/2023\/10\/SNJT-Palestine-1-1024x576.jpg 1024w, https:\/\/kapitalis.com\/tunisie\/wp-content\/uploads\/2023\/10\/SNJT-Palestine-1-300x169.jpg 300w, https:\/\/kapitalis.com\/tunisie\/wp-content\/uploads\/2023\/10\/SNJT-Palestine-1-768x432.jpg 768w, https:\/\/kapitalis.com\/tunisie\/wp-content\/uploads\/2023\/10\/SNJT-Palestine-1-580x326.jpg 580w, https:\/\/kapitalis.com\/tunisie\/wp-content\/uploads\/2023\/10\/SNJT-Palestine-1-860x484.jpg 860w, https:\/\/kapitalis.com\/tunisie\/wp-content\/uploads\/2023\/10\/SNJT-Palestine-1-1160x653.jpg 1160w, https:\/\/kapitalis.com\/tunisie\/wp-content\/uploads\/2023\/10\/SNJT-Palestine-1.jpg 1280w\" sizes=\"auto, (max-width: 1024px) 100vw, 1024px\" \/><\/figure>\n<\/figure>\n\n\n\n<p>Il a affirm\u00e9 que 11 journalistes ont \u00e9t\u00e9 tu\u00e9s et plus de 20 autres ont \u00e9t\u00e9 bless\u00e9s depuis le d\u00e9but de l\u2019attaque isra\u00e9lienne sur Gaza, le 7 octobre, tout en indiquant que le SNJT est en contact permanent avec les organisations r\u00e9gionales et internationales du secteur, pour d\u00e9fendre le droit des journalistes exer\u00e7ant dans les territoires palestiniens occup\u00e9s et d\u00e9fendre leur droit de couvrir les \u00e9v\u00e8nements et garantir leur s\u00e9curit\u00e9 lors de l\u2019exercice de leur profession.<\/p>\n\n\n\n<p>De son c\u00f4t\u00e9, l&rsquo;ambassadeur de Palestine \u00e0 Tunis Hael Al Fahoum, a salu\u00e9 le soutien des journalistes tunisiens \u00e0 la cause palestinienne, tout en les appelant \u00e0 lever le voile sur les graves abus commis \u00e0 l\u2019encontre des civils et en particulier les enfants palestiniens ainsi que le d\u00e9placement forc\u00e9 des familles palestiniennes.<\/p>\n\n\n\n<p>Hael Al Fahoum a \u00e9galement d\u00e9nonc\u00e9 la campagne de d\u00e9sinformation des m\u00e9dias occidentaux : <em>\u00abIls diffusent des images de victimes parmi les enfants palestiniens en pr\u00e9tendant qu\u2019il s\u2019agit d\u2019enfants isra\u00e9liens<\/em>\u00bb, a-t-il d\u00e9plor\u00e9. Et d&rsquo;ajouter :<em> \u00abIsra\u00ebl m\u00e8ne une guerre sans merci, des raids d\u2019une ampleur sans pr\u00e9c\u00e9dent et de graves crimes contre l\u2019humanit\u00e9\u00bb<\/em>.<\/p>\n\n\n\n<p class=\"has-text-align-right\"><strong>Y. N.<\/strong><\/p>\n","protected":false},"excerpt":{"rendered":"<p>SNJT : En images, les journalistes tunisiens solidaires avec le peuple palestinien<\/p>\n","protected":false},"author":6,"featured_media":10157870,"comment_status":"open","ping_status":"open","sticky":false,"template":"","format":"standard","meta":{"footnotes":""},"categories":[996,998,2433],"tags":[2444,2478,520,7846,767,838,62643],"class_list":["post-10157772","post","type-post","status-publish","format-standard","has-post-thumbnail","hentry","category-media","category-societe","category-tunisie","tag-gaza","tag-israel","tag-journalistes-tunisiens","tag-peuple-palestinien","tag-rassemblement","tag-snjt","tag-tunisie"],"yoast_head":"<!-- This site is optimized with the Yoast SEO plugin v26.6 - https:\/\/yoast.com\/wordpress\/plugins\/seo\/ -->\n<title>SNJT : En images, les journalistes tunisiens solidaires avec le peuple palestinien - Kapitalis<\/title>\n<meta name=\"description\" content=\"Le Syndicat national des journalistes tunisiens (SNJT) a organis\u00e9, ce lundi 16 octobre 2023, un rassemblement de solidarit\u00e9 avec le peuple palestinien.\" \/>\n<meta name=\"robots\" content=\"index, follow, max-snippet:-1, max-image-preview:large, max-video-preview:-1\" \/>\n<link rel=\"canonical\" href=\"https:\/\/kapitalis.com\/tunisie\/2023\/10\/16\/snjt-en-images-les-journalistes-tunisiens-solidaires-avec-le-peuple-palestinien\/\" \/>\n<meta property=\"og:locale\" content=\"fr_FR\" \/>\n<meta property=\"og:type\" content=\"article\" \/>\n<meta property=\"og:title\" content=\"SNJT : En images, les journalistes tunisiens solidaires avec le peuple palestinien - Kapitalis\" \/>\n<meta property=\"og:description\" content=\"Le Syndicat national des journalistes tunisiens (SNJT) a organis\u00e9, ce lundi 16 octobre 2023, un rassemblement de solidarit\u00e9 avec le peuple palestinien.\" \/>\n<meta property=\"og:url\" content=\"https:\/\/kapitalis.com\/tunisie\/2023\/10\/16\/snjt-en-images-les-journalistes-tunisiens-solidaires-avec-le-peuple-palestinien\/\" \/>\n<meta property=\"og:site_name\" content=\"Kapitalis\" \/>\n<meta property=\"article:publisher\" content=\"https:\/\/www.facebook.com\/KapitalisInfo\/\" \/>\n<meta property=\"article:published_time\" content=\"2023-10-16T18:59:22+00:00\" \/>\n<meta property=\"article:modified_time\" content=\"2023-10-17T02:58:57+00:00\" \/>\n<meta property=\"og:image\" content=\"https:\/\/kapitalis.com\/tunisie\/wp-content\/uploads\/2023\/10\/SNJT-Palestine.jpg\" \/>\n\t<meta property=\"og:image:width\" content=\"1200\" \/>\n\t<meta property=\"og:image:height\" content=\"630\" \/>\n\t<meta property=\"og:image:type\" content=\"image\/jpeg\" \/>\n<meta name=\"author\" content=\"Yusra NY\" \/>\n<meta name=\"twitter:card\" content=\"summary_large_image\" \/>\n<meta name=\"twitter:creator\" content=\"@KapitalisInfo\" \/>\n<meta name=\"twitter:site\" content=\"@KapitalisInfo\" \/>\n<meta name=\"twitter:label1\" content=\"\u00c9crit par\" \/>\n\t<meta name=\"twitter:data1\" content=\"Yusra NY\" \/>\n\t<meta name=\"twitter:label2\" content=\"Dur\u00e9e de lecture estim\u00e9e\" \/>\n\t<meta name=\"twitter:data2\" content=\"3 minutes\" \/>\n<script type=\"application\/ld+json\" class=\"yoast-schema-graph\">{\"@context\":\"https:\/\/schema.org\",\"@graph\":[{\"@type\":\"Article\",\"@id\":\"https:\/\/kapitalis.com\/tunisie\/2023\/10\/16\/snjt-en-images-les-journalistes-tunisiens-solidaires-avec-le-peuple-palestinien\/#article\",\"isPartOf\":{\"@id\":\"https:\/\/kapitalis.com\/tunisie\/2023\/10\/16\/snjt-en-images-les-journalistes-tunisiens-solidaires-avec-le-peuple-palestinien\/\"},\"author\":{\"name\":\"Yusra NY\",\"@id\":\"https:\/\/kapitalis.com\/tunisie\/#\/schema\/person\/74bbde0154d49d790a92aaeac5bc01d5\"},\"headline\":\"SNJT : En images, les journalistes tunisiens solidaires avec le peuple palestinien\",\"datePublished\":\"2023-10-16T18:59:22+00:00\",\"dateModified\":\"2023-10-17T02:58:57+00:00\",\"mainEntityOfPage\":{\"@id\":\"https:\/\/kapitalis.com\/tunisie\/2023\/10\/16\/snjt-en-images-les-journalistes-tunisiens-solidaires-avec-le-peuple-palestinien\/\"},\"wordCount\":352,\"commentCount\":3,\"publisher\":{\"@id\":\"https:\/\/kapitalis.com\/tunisie\/#organization\"},\"image\":{\"@id\":\"https:\/\/kapitalis.com\/tunisie\/2023\/10\/16\/snjt-en-images-les-journalistes-tunisiens-solidaires-avec-le-peuple-palestinien\/#primaryimage\"},\"thumbnailUrl\":\"https:\/\/kapitalis.com\/tunisie\/wp-content\/uploads\/2023\/10\/SNJT-Palestine.jpg\",\"keywords\":[\"Gaza\",\"Isra\u00ebl\",\"journalistes tunisiens\",\"peuple palestinien\",\"rassemblement\",\"SNJT\",\"Tunisie\"],\"articleSection\":[\"MEDIA\",\"SOCIETE\",\"Tunisie\"],\"inLanguage\":\"fr-FR\",\"potentialAction\":[{\"@type\":\"CommentAction\",\"name\":\"Comment\",\"target\":[\"https:\/\/kapitalis.com\/tunisie\/2023\/10\/16\/snjt-en-images-les-journalistes-tunisiens-solidaires-avec-le-peuple-palestinien\/#respond\"]}]},{\"@type\":\"WebPage\",\"@id\":\"https:\/\/kapitalis.com\/tunisie\/2023\/10\/16\/snjt-en-images-les-journalistes-tunisiens-solidaires-avec-le-peuple-palestinien\/\",\"url\":\"https:\/\/kapitalis.com\/tunisie\/2023\/10\/16\/snjt-en-images-les-journalistes-tunisiens-solidaires-avec-le-peuple-palestinien\/\",\"name\":\"SNJT : En images, les journalistes tunisiens solidaires avec le peuple palestinien - Kapitalis\",\"isPartOf\":{\"@id\":\"https:\/\/kapitalis.com\/tunisie\/#website\"},\"primaryImageOfPage\":{\"@id\":\"https:\/\/kapitalis.com\/tunisie\/2023\/10\/16\/snjt-en-images-les-journalistes-tunisiens-solidaires-avec-le-peuple-palestinien\/#primaryimage\"},\"image\":{\"@id\":\"https:\/\/kapitalis.com\/tunisie\/2023\/10\/16\/snjt-en-images-les-journalistes-tunisiens-solidaires-avec-le-peuple-palestinien\/#primaryimage\"},\"thumbnailUrl\":\"https:\/\/kapitalis.com\/tunisie\/wp-content\/uploads\/2023\/10\/SNJT-Palestine.jpg\",\"datePublished\":\"2023-10-16T18:59:22+00:00\",\"dateModified\":\"2023-10-17T02:58:57+00:00\",\"description\":\"Le Syndicat national des journalistes tunisiens (SNJT) a organis\u00e9, ce lundi 16 octobre 2023, un rassemblement de solidarit\u00e9 avec le peuple palestinien.\",\"breadcrumb\":{\"@id\":\"https:\/\/kapitalis.com\/tunisie\/2023\/10\/16\/snjt-en-images-les-journalistes-tunisiens-solidaires-avec-le-peuple-palestinien\/#breadcrumb\"},\"inLanguage\":\"fr-FR\",\"potentialAction\":[{\"@type\":\"ReadAction\",\"target\":[\"https:\/\/kapitalis.com\/tunisie\/2023\/10\/16\/snjt-en-images-les-journalistes-tunisiens-solidaires-avec-le-peuple-palestinien\/\"]}]},{\"@type\":\"ImageObject\",\"inLanguage\":\"fr-FR\",\"@id\":\"https:\/\/kapitalis.com\/tunisie\/2023\/10\/16\/snjt-en-images-les-journalistes-tunisiens-solidaires-avec-le-peuple-palestinien\/#primaryimage\",\"url\":\"https:\/\/kapitalis.com\/tunisie\/wp-content\/uploads\/2023\/10\/SNJT-Palestine.jpg\",\"contentUrl\":\"https:\/\/kapitalis.com\/tunisie\/wp-content\/uploads\/2023\/10\/SNJT-Palestine.jpg\",\"width\":1200,\"height\":630},{\"@type\":\"BreadcrumbList\",\"@id\":\"https:\/\/kapitalis.com\/tunisie\/2023\/10\/16\/snjt-en-images-les-journalistes-tunisiens-solidaires-avec-le-peuple-palestinien\/#breadcrumb\",\"itemListElement\":[{\"@type\":\"ListItem\",\"position\":1,\"name\":\"Accueil\",\"item\":\"https:\/\/kapitalis.com\/tunisie\/\"},{\"@type\":\"ListItem\",\"position\":2,\"name\":\"SNJT : En images, les journalistes tunisiens solidaires avec le peuple palestinien\"}]},{\"@type\":\"WebSite\",\"@id\":\"https:\/\/kapitalis.com\/tunisie\/#website\",\"url\":\"https:\/\/kapitalis.com\/tunisie\/\",\"name\":\"Kapitalis\",\"description\":\"L&#039;actualit\u00e9 en Tunisie et dans le monde\",\"publisher\":{\"@id\":\"https:\/\/kapitalis.com\/tunisie\/#organization\"},\"potentialAction\":[{\"@type\":\"SearchAction\",\"target\":{\"@type\":\"EntryPoint\",\"urlTemplate\":\"https:\/\/kapitalis.com\/tunisie\/?s={search_term_string}\"},\"query-input\":{\"@type\":\"PropertyValueSpecification\",\"valueRequired\":true,\"valueName\":\"search_term_string\"}}],\"inLanguage\":\"fr-FR\"},{\"@type\":\"Organization\",\"@id\":\"https:\/\/kapitalis.com\/tunisie\/#organization\",\"name\":\"Kapitalis\",\"url\":\"https:\/\/kapitalis.com\/tunisie\/\",\"logo\":{\"@type\":\"ImageObject\",\"inLanguage\":\"fr-FR\",\"@id\":\"https:\/\/kapitalis.com\/tunisie\/#\/schema\/logo\/image\/\",\"url\":\"https:\/\/kapitalis.com\/tunisie\/wp-content\/uploads\/2022\/05\/Kapitalis-big-size.png\",\"contentUrl\":\"https:\/\/kapitalis.com\/tunisie\/wp-content\/uploads\/2022\/05\/Kapitalis-big-size.png\",\"width\":5000,\"height\":1500,\"caption\":\"Kapitalis\"},\"image\":{\"@id\":\"https:\/\/kapitalis.com\/tunisie\/#\/schema\/logo\/image\/\"},\"sameAs\":[\"https:\/\/www.facebook.com\/KapitalisInfo\/\",\"https:\/\/x.com\/KapitalisInfo\",\"https:\/\/www.youtube.com\/channel\/UC-yDYrHyfFBWWZaOw3FPg9Q\"]},{\"@type\":\"Person\",\"@id\":\"https:\/\/kapitalis.com\/tunisie\/#\/schema\/person\/74bbde0154d49d790a92aaeac5bc01d5\",\"name\":\"Yusra NY\",\"url\":\"https:\/\/kapitalis.com\/tunisie\/author\/yuza_adam\/\"}]}<\/script>\n<!-- \/ Yoast SEO plugin. -->","yoast_head_json":{"title":"SNJT : En images, les journalistes tunisiens solidaires avec le peuple palestinien - Kapitalis","description":"Le Syndicat national des journalistes tunisiens (SNJT) a organis\u00e9, ce lundi 16 octobre 2023, un rassemblement de solidarit\u00e9 avec le peuple palestinien.","robots":{"index":"index","follow":"follow","max-snippet":"max-snippet:-1","max-image-preview":"max-image-preview:large","max-video-preview":"max-video-preview:-1"},"canonical":"https:\/\/kapitalis.com\/tunisie\/2023\/10\/16\/snjt-en-images-les-journalistes-tunisiens-solidaires-avec-le-peuple-palestinien\/","og_locale":"fr_FR","og_type":"article","og_title":"SNJT : En images, les journalistes tunisiens solidaires avec le peuple palestinien - Kapitalis","og_description":"Le Syndicat national des journalistes tunisiens (SNJT) a organis\u00e9, ce lundi 16 octobre 2023, un rassemblement de solidarit\u00e9 avec le peuple palestinien.","og_url":"https:\/\/kapitalis.com\/tunisie\/2023\/10\/16\/snjt-en-images-les-journalistes-tunisiens-solidaires-avec-le-peuple-palestinien\/","og_site_name":"Kapitalis","article_publisher":"https:\/\/www.facebook.com\/KapitalisInfo\/","article_published_time":"2023-10-16T18:59:22+00:00","article_modified_time":"2023-10-17T02:58:57+00:00","og_image":[{"width":1200,"height":630,"url":"https:\/\/kapitalis.com\/tunisie\/wp-content\/uploads\/2023\/10\/SNJT-Palestine.jpg","type":"image\/jpeg"}],"author":"Yusra NY","twitter_card":"summary_large_image","twitter_creator":"@KapitalisInfo","twitter_site":"@KapitalisInfo","twitter_misc":{"\u00c9crit par":"Yusra NY","Dur\u00e9e de lecture estim\u00e9e":"3 minutes"},"schema":{"@context":"https:\/\/schema.org","@graph":[{"@type":"Article","@id":"https:\/\/kapitalis.com\/tunisie\/2023\/10\/16\/snjt-en-images-les-journalistes-tunisiens-solidaires-avec-le-peuple-palestinien\/#article","isPartOf":{"@id":"https:\/\/kapitalis.com\/tunisie\/2023\/10\/16\/snjt-en-images-les-journalistes-tunisiens-solidaires-avec-le-peuple-palestinien\/"},"author":{"name":"Yusra NY","@id":"https:\/\/kapitalis.com\/tunisie\/#\/schema\/person\/74bbde0154d49d790a92aaeac5bc01d5"},"headline":"SNJT : En images, les journalistes tunisiens solidaires avec le peuple palestinien","datePublished":"2023-10-16T18:59:22+00:00","dateModified":"2023-10-17T02:58:57+00:00","mainEntityOfPage":{"@id":"https:\/\/kapitalis.com\/tunisie\/2023\/10\/16\/snjt-en-images-les-journalistes-tunisiens-solidaires-avec-le-peuple-palestinien\/"},"wordCount":352,"commentCount":3,"publisher":{"@id":"https:\/\/kapitalis.com\/tunisie\/#organization"},"image":{"@id":"https:\/\/kapitalis.com\/tunisie\/2023\/10\/16\/snjt-en-images-les-journalistes-tunisiens-solidaires-avec-le-peuple-palestinien\/#primaryimage"},"thumbnailUrl":"https:\/\/kapitalis.com\/tunisie\/wp-content\/uploads\/2023\/10\/SNJT-Palestine.jpg","keywords":["Gaza","Isra\u00ebl","journalistes tunisiens","peuple palestinien","rassemblement","SNJT","Tunisie"],"articleSection":["MEDIA","SOCIETE","Tunisie"],"inLanguage":"fr-FR","potentialAction":[{"@type":"CommentAction","name":"Comment","target":["https:\/\/kapitalis.com\/tunisie\/2023\/10\/16\/snjt-en-images-les-journalistes-tunisiens-solidaires-avec-le-peuple-palestinien\/#respond"]}]},{"@type":"WebPage","@id":"https:\/\/kapitalis.com\/tunisie\/2023\/10\/16\/snjt-en-images-les-journalistes-tunisiens-solidaires-avec-le-peuple-palestinien\/","url":"https:\/\/kapitalis.com\/tunisie\/2023\/10\/16\/snjt-en-images-les-journalistes-tunisiens-solidaires-avec-le-peuple-palestinien\/","name":"SNJT : En images, les journalistes tunisiens solidaires avec le peuple palestinien - Kapitalis","isPartOf":{"@id":"https:\/\/kapitalis.com\/tunisie\/#website"},"primaryImageOfPage":{"@id":"https:\/\/kapitalis.com\/tunisie\/2023\/10\/16\/snjt-en-images-les-journalistes-tunisiens-solidaires-avec-le-peuple-palestinien\/#primaryimage"},"image":{"@id":"https:\/\/kapitalis.com\/tunisie\/2023\/10\/16\/snjt-en-images-les-journalistes-tunisiens-solidaires-avec-le-peuple-palestinien\/#primaryimage"},"thumbnailUrl":"https:\/\/kapitalis.com\/tunisie\/wp-content\/uploads\/2023\/10\/SNJT-Palestine.jpg","datePublished":"2023-10-16T18:59:22+00:00","dateModified":"2023-10-17T02:58:57+00:00","description":"Le Syndicat national des journalistes tunisiens (SNJT) a organis\u00e9, ce lundi 16 octobre 2023, un rassemblement de solidarit\u00e9 avec le peuple palestinien.","breadcrumb":{"@id":"https:\/\/kapitalis.com\/tunisie\/2023\/10\/16\/snjt-en-images-les-journalistes-tunisiens-solidaires-avec-le-peuple-palestinien\/#breadcrumb"},"inLanguage":"fr-FR","potentialAction":[{"@type":"ReadAction","target":["https:\/\/kapitalis.com\/tunisie\/2023\/10\/16\/snjt-en-images-les-journalistes-tunisiens-solidaires-avec-le-peuple-palestinien\/"]}]},{"@type":"ImageObject","inLanguage":"fr-FR","@id":"https:\/\/kapitalis.com\/tunisie\/2023\/10\/16\/snjt-en-images-les-journalistes-tunisiens-solidaires-avec-le-peuple-palestinien\/#primaryimage","url":"https:\/\/kapitalis.com\/tunisie\/wp-content\/uploads\/2023\/10\/SNJT-Palestine.jpg","contentUrl":"https:\/\/kapitalis.com\/tunisie\/wp-content\/uploads\/2023\/10\/SNJT-Palestine.jpg","width":1200,"height":630},{"@type":"BreadcrumbList","@id":"https:\/\/kapitalis.com\/tunisie\/2023\/10\/16\/snjt-en-images-les-journalistes-tunisiens-solidaires-avec-le-peuple-palestinien\/#breadcrumb","itemListElement":[{"@type":"ListItem","position":1,"name":"Accueil","item":"https:\/\/kapitalis.com\/tunisie\/"},{"@type":"ListItem","position":2,"name":"SNJT : En images, les journalistes tunisiens solidaires avec le peuple palestinien"}]},{"@type":"WebSite","@id":"https:\/\/kapitalis.com\/tunisie\/#website","url":"https:\/\/kapitalis.com\/tunisie\/","name":"Kapitalis","description":"L&#039;actualit\u00e9 en Tunisie et dans le monde","publisher":{"@id":"https:\/\/kapitalis.com\/tunisie\/#organization"},"potentialAction":[{"@type":"SearchAction","target":{"@type":"EntryPoint","urlTemplate":"https:\/\/kapitalis.com\/tunisie\/?s={search_term_string}"},"query-input":{"@type":"PropertyValueSpecification","valueRequired":true,"valueName":"search_term_string"}}],"inLanguage":"fr-FR"},{"@type":"Organization","@id":"https:\/\/kapitalis.com\/tunisie\/#organization","name":"Kapitalis","url":"https:\/\/kapitalis.com\/tunisie\/","logo":{"@type":"ImageObject","inLanguage":"fr-FR","@id":"https:\/\/kapitalis.com\/tunisie\/#\/schema\/logo\/image\/","url":"https:\/\/kapitalis.com\/tunisie\/wp-content\/uploads\/2022\/05\/Kapitalis-big-size.png","contentUrl":"https:\/\/kapitalis.com\/tunisie\/wp-content\/uploads\/2022\/05\/Kapitalis-big-size.png","width":5000,"height":1500,"caption":"Kapitalis"},"image":{"@id":"https:\/\/kapitalis.com\/tunisie\/#\/schema\/logo\/image\/"},"sameAs":["https:\/\/www.facebook.com\/KapitalisInfo\/","https:\/\/x.com\/KapitalisInfo","https:\/\/www.youtube.com\/channel\/UC-yDYrHyfFBWWZaOw3FPg9Q"]},{"@type":"Person","@id":"https:\/\/kapitalis.com\/tunisie\/#\/schema\/person\/74bbde0154d49d790a92aaeac5bc01d5","name":"Yusra NY","url":"https:\/\/kapitalis.com\/tunisie\/author\/yuza_adam\/"}]}},"_links":{"self":[{"href":"https:\/\/kapitalis.com\/tunisie\/wp-json\/wp\/v2\/posts\/10157772","targetHints":{"allow":["GET"]}}],"collection":[{"href":"https:\/\/kapitalis.com\/tunisie\/wp-json\/wp\/v2\/posts"}],"about":[{"href":"https:\/\/kapitalis.com\/tunisie\/wp-json\/wp\/v2\/types\/post"}],"author":[{"embeddable":true,"href":"https:\/\/kapitalis.com\/tunisie\/wp-json\/wp\/v2\/users\/6"}],"replies":[{"embeddable":true,"href":"https:\/\/kapitalis.com\/tunisie\/wp-json\/wp\/v2\/comments?post=10157772"}],"version-history":[{"count":3,"href":"https:\/\/kapitalis.com\/tunisie\/wp-json\/wp\/v2\/posts\/10157772\/revisions"}],"predecessor-version":[{"id":10159709,"href":"https:\/\/kapitalis.com\/tunisie\/wp-json\/wp\/v2\/posts\/10157772\/revisions\/10159709"}],"wp:featuredmedia":[{"embeddable":true,"href":"https:\/\/kapitalis.com\/tunisie\/wp-json\/wp\/v2\/media\/10157870"}],"wp:attachment":[{"href":"https:\/\/kapitalis.com\/tunisie\/wp-json\/wp\/v2\/media?parent=10157772"}],"wp:term":[{"taxonomy":"category","embeddable":true,"href":"https:\/\/kapitalis.com\/tunisie\/wp-json\/wp\/v2\/categories?post=10157772"},{"taxonomy":"post_tag","embeddable":true,"href":"https:\/\/kapitalis.com\/tunisie\/wp-json\/wp\/v2\/tags?post=10157772"}],"curies":[{"name":"wp","href":"https:\/\/api.w.org\/{rel}","templated":true}]}}