{"id":10159061,"date":"2023-10-16T23:27:58","date_gmt":"2023-10-16T22:27:58","guid":{"rendered":"https:\/\/kapitalis.com\/tunisie\/?p=10159061"},"modified":"2023-10-16T23:37:07","modified_gmt":"2023-10-16T22:37:07","slug":"tunisie-soiree-au-profit-du-peuple-palestinien-le-20-octobre-a-la-cite-de-la-culture","status":"publish","type":"post","link":"https:\/\/kapitalis.com\/tunisie\/2023\/10\/16\/tunisie-soiree-au-profit-du-peuple-palestinien-le-20-octobre-a-la-cite-de-la-culture\/","title":{"rendered":"Tunisie : Soir\u00e9e au profit du peuple palestinien, le 20 octobre, \u00e0 la cit\u00e9 de la Culture"},"content":{"rendered":"\n<p><em><strong>En coordination avec le minist\u00e8re des Affaires culturelles, le Th\u00e9\u00e2tre de l\u2019Op\u00e9ra de Tunis organise une soir\u00e9e de solidarit\u00e9 avec le peuple palestinien, vendredi 20 octobre 2023 \u00e0 21 heures, \u00e0 la salle de l\u2019Op\u00e9ra de la cit\u00e9 de la Culture Chedly klibi \u00e0 Tunis.<\/strong><\/em><\/p>\n\n\n\n<!--more-->\n\n\n\n<p>Dans un communiqu\u00e9 publi\u00e9 ce lundi 16 octobre 2023, le minist\u00e8re pr\u00e9cise que les recettes de cette soir\u00e9e de solidarit\u00e9 seront consacr\u00e9es \u00e0 des aides sanitaires et humanitaires, pour le peuple palestinien en coordination avec le Croissant rouge tunisien, qui a lanc\u00e9 une campagne de collecte de dons .<\/p>\n\n\n\n<p>Cette initiative est organis\u00e9e<em> \u00aben solidarit\u00e9 avec le peuple palestinien qui fait face aux agressions et aux pratiques contraires aux trait\u00e9s internationaux et aux valeurs universelles, et en signe de condamnation de l\u2019offensive isra\u00e9lienne, contre les territoires palestiniens occup\u00e9s \u00bb<\/em>, lit-on encore dans le communiqu\u00e9 du d\u00e9partement des Affaires culturelles.<\/p>\n\n\n\n<p>Le chanteur tunisien Lotfi Bouchnak, la chanteuse jordanienne Makadi Nahas et entre autres artistes notamment Dorsaf Hemdani et Lobna No\u00f4man, animeront cette soir\u00e9e avec la participation de l\u2019Orchestre symphonique tunisien, sous la direction de Kamel Ferjani, et Fedi Ben Othman.<\/p>\n\n\n\n<p class=\"has-text-align-right\"><strong>Y. N.<\/strong><\/p>\n","protected":false},"excerpt":{"rendered":"<p>Tunisie : Soir\u00e9e au profit du peuple palestinien, le 20 octobre, \u00e0 la cit\u00e9 de la Culture<\/p>\n","protected":false},"author":6,"featured_media":10159139,"comment_status":"open","ping_status":"open","sticky":false,"template":"","format":"standard","meta":{"footnotes":""},"categories":[994,998,2433],"tags":[22395,3527,4026,7846,111607,1139,73838],"class_list":["post-10159061","post","type-post","status-publish","format-standard","has-post-thumbnail","hentry","category-culture","category-societe","category-tunisie","tag-affaires-culturelles","tag-lotfi-bouchnak","tag-palestine","tag-peuple-palestinien","tag-soiree","tag-solidarite","tag-theatre-de-lopera"],"yoast_head":"<!-- This site is optimized with the Yoast SEO plugin v26.6 - https:\/\/yoast.com\/wordpress\/plugins\/seo\/ -->\n<title>Tunisie : Soir\u00e9e au profit du peuple palestinien, le 20 octobre, \u00e0 la cit\u00e9 de la Culture - Kapitalis<\/title>\n<meta name=\"description\" content=\"En coordination avec le minist\u00e8re des Affaires culturelles, le Th\u00e9\u00e2tre de l\u2019Op\u00e9ra de Tunis organise une soir\u00e9e de solidarit\u00e9 avec le peuple palestinien, vendredi 20 octobre 2023 \u00e0 21 heures, \u00e0 la salle de l\u2019Op\u00e9ra de la cit\u00e9 de la Culture Chedly klibi \u00e0 Tunis.\" \/>\n<meta name=\"robots\" content=\"index, follow, max-snippet:-1, max-image-preview:large, max-video-preview:-1\" \/>\n<link rel=\"canonical\" href=\"https:\/\/kapitalis.com\/tunisie\/2023\/10\/16\/tunisie-soiree-au-profit-du-peuple-palestinien-le-20-octobre-a-la-cite-de-la-culture\/\" \/>\n<meta property=\"og:locale\" content=\"fr_FR\" \/>\n<meta property=\"og:type\" content=\"article\" \/>\n<meta property=\"og:title\" content=\"Tunisie : Soir\u00e9e au profit du peuple palestinien, le 20 octobre, \u00e0 la cit\u00e9 de la Culture - Kapitalis\" \/>\n<meta property=\"og:description\" content=\"En coordination avec le minist\u00e8re des Affaires culturelles, le Th\u00e9\u00e2tre de l\u2019Op\u00e9ra de Tunis organise une soir\u00e9e de solidarit\u00e9 avec le peuple palestinien, vendredi 20 octobre 2023 \u00e0 21 heures, \u00e0 la salle de l\u2019Op\u00e9ra de la cit\u00e9 de la Culture Chedly klibi \u00e0 Tunis.\" \/>\n<meta property=\"og:url\" content=\"https:\/\/kapitalis.com\/tunisie\/2023\/10\/16\/tunisie-soiree-au-profit-du-peuple-palestinien-le-20-octobre-a-la-cite-de-la-culture\/\" \/>\n<meta property=\"og:site_name\" content=\"Kapitalis\" \/>\n<meta property=\"article:publisher\" content=\"https:\/\/www.facebook.com\/KapitalisInfo\/\" \/>\n<meta property=\"article:published_time\" content=\"2023-10-16T22:27:58+00:00\" \/>\n<meta property=\"article:modified_time\" content=\"2023-10-16T22:37:07+00:00\" \/>\n<meta property=\"og:image\" content=\"https:\/\/kapitalis.com\/tunisie\/wp-content\/uploads\/2023\/10\/Tunis-Soiree-Palestine.jpg\" \/>\n\t<meta property=\"og:image:width\" content=\"1200\" \/>\n\t<meta property=\"og:image:height\" content=\"630\" \/>\n\t<meta property=\"og:image:type\" content=\"image\/jpeg\" \/>\n<meta name=\"author\" content=\"Yusra NY\" \/>\n<meta name=\"twitter:card\" content=\"summary_large_image\" \/>\n<meta name=\"twitter:creator\" content=\"@KapitalisInfo\" \/>\n<meta name=\"twitter:site\" content=\"@KapitalisInfo\" \/>\n<meta name=\"twitter:label1\" content=\"\u00c9crit par\" \/>\n\t<meta name=\"twitter:data1\" content=\"Yusra NY\" \/>\n\t<meta name=\"twitter:label2\" content=\"Dur\u00e9e de lecture estim\u00e9e\" \/>\n\t<meta name=\"twitter:data2\" content=\"1 minute\" \/>\n<script type=\"application\/ld+json\" class=\"yoast-schema-graph\">{\"@context\":\"https:\/\/schema.org\",\"@graph\":[{\"@type\":\"Article\",\"@id\":\"https:\/\/kapitalis.com\/tunisie\/2023\/10\/16\/tunisie-soiree-au-profit-du-peuple-palestinien-le-20-octobre-a-la-cite-de-la-culture\/#article\",\"isPartOf\":{\"@id\":\"https:\/\/kapitalis.com\/tunisie\/2023\/10\/16\/tunisie-soiree-au-profit-du-peuple-palestinien-le-20-octobre-a-la-cite-de-la-culture\/\"},\"author\":{\"name\":\"Yusra NY\",\"@id\":\"https:\/\/kapitalis.com\/tunisie\/#\/schema\/person\/74bbde0154d49d790a92aaeac5bc01d5\"},\"headline\":\"Tunisie : Soir\u00e9e au profit du peuple palestinien, le 20 octobre, \u00e0 la cit\u00e9 de la Culture\",\"datePublished\":\"2023-10-16T22:27:58+00:00\",\"dateModified\":\"2023-10-16T22:37:07+00:00\",\"mainEntityOfPage\":{\"@id\":\"https:\/\/kapitalis.com\/tunisie\/2023\/10\/16\/tunisie-soiree-au-profit-du-peuple-palestinien-le-20-octobre-a-la-cite-de-la-culture\/\"},\"wordCount\":210,\"commentCount\":0,\"publisher\":{\"@id\":\"https:\/\/kapitalis.com\/tunisie\/#organization\"},\"image\":{\"@id\":\"https:\/\/kapitalis.com\/tunisie\/2023\/10\/16\/tunisie-soiree-au-profit-du-peuple-palestinien-le-20-octobre-a-la-cite-de-la-culture\/#primaryimage\"},\"thumbnailUrl\":\"https:\/\/kapitalis.com\/tunisie\/wp-content\/uploads\/2023\/10\/Tunis-Soiree-Palestine.jpg\",\"keywords\":[\"affaires culturelles\",\"Lotfi Bouchnak\",\"Palestine\",\"peuple palestinien\",\"SOIR\u00c9E\",\"solidarit\u00e9\",\"Th\u00e9\u00e2tre de l\u2019Op\u00e9ra\"],\"articleSection\":[\"CULTURE\",\"SOCIETE\",\"Tunisie\"],\"inLanguage\":\"fr-FR\",\"potentialAction\":[{\"@type\":\"CommentAction\",\"name\":\"Comment\",\"target\":[\"https:\/\/kapitalis.com\/tunisie\/2023\/10\/16\/tunisie-soiree-au-profit-du-peuple-palestinien-le-20-octobre-a-la-cite-de-la-culture\/#respond\"]}]},{\"@type\":\"WebPage\",\"@id\":\"https:\/\/kapitalis.com\/tunisie\/2023\/10\/16\/tunisie-soiree-au-profit-du-peuple-palestinien-le-20-octobre-a-la-cite-de-la-culture\/\",\"url\":\"https:\/\/kapitalis.com\/tunisie\/2023\/10\/16\/tunisie-soiree-au-profit-du-peuple-palestinien-le-20-octobre-a-la-cite-de-la-culture\/\",\"name\":\"Tunisie : Soir\u00e9e au profit du peuple palestinien, le 20 octobre, \u00e0 la cit\u00e9 de la Culture - Kapitalis\",\"isPartOf\":{\"@id\":\"https:\/\/kapitalis.com\/tunisie\/#website\"},\"primaryImageOfPage\":{\"@id\":\"https:\/\/kapitalis.com\/tunisie\/2023\/10\/16\/tunisie-soiree-au-profit-du-peuple-palestinien-le-20-octobre-a-la-cite-de-la-culture\/#primaryimage\"},\"image\":{\"@id\":\"https:\/\/kapitalis.com\/tunisie\/2023\/10\/16\/tunisie-soiree-au-profit-du-peuple-palestinien-le-20-octobre-a-la-cite-de-la-culture\/#primaryimage\"},\"thumbnailUrl\":\"https:\/\/kapitalis.com\/tunisie\/wp-content\/uploads\/2023\/10\/Tunis-Soiree-Palestine.jpg\",\"datePublished\":\"2023-10-16T22:27:58+00:00\",\"dateModified\":\"2023-10-16T22:37:07+00:00\",\"description\":\"En coordination avec le minist\u00e8re des Affaires culturelles, le Th\u00e9\u00e2tre de l\u2019Op\u00e9ra de Tunis organise une soir\u00e9e de solidarit\u00e9 avec le peuple palestinien, vendredi 20 octobre 2023 \u00e0 21 heures, \u00e0 la salle de l\u2019Op\u00e9ra de la cit\u00e9 de la Culture Chedly klibi \u00e0 Tunis.\",\"breadcrumb\":{\"@id\":\"https:\/\/kapitalis.com\/tunisie\/2023\/10\/16\/tunisie-soiree-au-profit-du-peuple-palestinien-le-20-octobre-a-la-cite-de-la-culture\/#breadcrumb\"},\"inLanguage\":\"fr-FR\",\"potentialAction\":[{\"@type\":\"ReadAction\",\"target\":[\"https:\/\/kapitalis.com\/tunisie\/2023\/10\/16\/tunisie-soiree-au-profit-du-peuple-palestinien-le-20-octobre-a-la-cite-de-la-culture\/\"]}]},{\"@type\":\"ImageObject\",\"inLanguage\":\"fr-FR\",\"@id\":\"https:\/\/kapitalis.com\/tunisie\/2023\/10\/16\/tunisie-soiree-au-profit-du-peuple-palestinien-le-20-octobre-a-la-cite-de-la-culture\/#primaryimage\",\"url\":\"https:\/\/kapitalis.com\/tunisie\/wp-content\/uploads\/2023\/10\/Tunis-Soiree-Palestine.jpg\",\"contentUrl\":\"https:\/\/kapitalis.com\/tunisie\/wp-content\/uploads\/2023\/10\/Tunis-Soiree-Palestine.jpg\",\"width\":1200,\"height\":630},{\"@type\":\"BreadcrumbList\",\"@id\":\"https:\/\/kapitalis.com\/tunisie\/2023\/10\/16\/tunisie-soiree-au-profit-du-peuple-palestinien-le-20-octobre-a-la-cite-de-la-culture\/#breadcrumb\",\"itemListElement\":[{\"@type\":\"ListItem\",\"position\":1,\"name\":\"Accueil\",\"item\":\"https:\/\/kapitalis.com\/tunisie\/\"},{\"@type\":\"ListItem\",\"position\":2,\"name\":\"Tunisie : Soir\u00e9e au profit du peuple palestinien, le 20 octobre, \u00e0 la cit\u00e9 de la Culture\"}]},{\"@type\":\"WebSite\",\"@id\":\"https:\/\/kapitalis.com\/tunisie\/#website\",\"url\":\"https:\/\/kapitalis.com\/tunisie\/\",\"name\":\"Kapitalis\",\"description\":\"L&#039;actualit\u00e9 en Tunisie et dans le monde\",\"publisher\":{\"@id\":\"https:\/\/kapitalis.com\/tunisie\/#organization\"},\"potentialAction\":[{\"@type\":\"SearchAction\",\"target\":{\"@type\":\"EntryPoint\",\"urlTemplate\":\"https:\/\/kapitalis.com\/tunisie\/?s={search_term_string}\"},\"query-input\":{\"@type\":\"PropertyValueSpecification\",\"valueRequired\":true,\"valueName\":\"search_term_string\"}}],\"inLanguage\":\"fr-FR\"},{\"@type\":\"Organization\",\"@id\":\"https:\/\/kapitalis.com\/tunisie\/#organization\",\"name\":\"Kapitalis\",\"url\":\"https:\/\/kapitalis.com\/tunisie\/\",\"logo\":{\"@type\":\"ImageObject\",\"inLanguage\":\"fr-FR\",\"@id\":\"https:\/\/kapitalis.com\/tunisie\/#\/schema\/logo\/image\/\",\"url\":\"https:\/\/kapitalis.com\/tunisie\/wp-content\/uploads\/2022\/05\/Kapitalis-big-size.png\",\"contentUrl\":\"https:\/\/kapitalis.com\/tunisie\/wp-content\/uploads\/2022\/05\/Kapitalis-big-size.png\",\"width\":5000,\"height\":1500,\"caption\":\"Kapitalis\"},\"image\":{\"@id\":\"https:\/\/kapitalis.com\/tunisie\/#\/schema\/logo\/image\/\"},\"sameAs\":[\"https:\/\/www.facebook.com\/KapitalisInfo\/\",\"https:\/\/x.com\/KapitalisInfo\",\"https:\/\/www.youtube.com\/channel\/UC-yDYrHyfFBWWZaOw3FPg9Q\"]},{\"@type\":\"Person\",\"@id\":\"https:\/\/kapitalis.com\/tunisie\/#\/schema\/person\/74bbde0154d49d790a92aaeac5bc01d5\",\"name\":\"Yusra NY\",\"url\":\"https:\/\/kapitalis.com\/tunisie\/author\/yuza_adam\/\"}]}<\/script>\n<!-- \/ Yoast SEO plugin. -->","yoast_head_json":{"title":"Tunisie : Soir\u00e9e au profit du peuple palestinien, le 20 octobre, \u00e0 la cit\u00e9 de la Culture - Kapitalis","description":"En coordination avec le minist\u00e8re des Affaires culturelles, le Th\u00e9\u00e2tre de l\u2019Op\u00e9ra de Tunis organise une soir\u00e9e de solidarit\u00e9 avec le peuple palestinien, vendredi 20 octobre 2023 \u00e0 21 heures, \u00e0 la salle de l\u2019Op\u00e9ra de la cit\u00e9 de la Culture Chedly klibi \u00e0 Tunis.","robots":{"index":"index","follow":"follow","max-snippet":"max-snippet:-1","max-image-preview":"max-image-preview:large","max-video-preview":"max-video-preview:-1"},"canonical":"https:\/\/kapitalis.com\/tunisie\/2023\/10\/16\/tunisie-soiree-au-profit-du-peuple-palestinien-le-20-octobre-a-la-cite-de-la-culture\/","og_locale":"fr_FR","og_type":"article","og_title":"Tunisie : Soir\u00e9e au profit du peuple palestinien, le 20 octobre, \u00e0 la cit\u00e9 de la Culture - Kapitalis","og_description":"En coordination avec le minist\u00e8re des Affaires culturelles, le Th\u00e9\u00e2tre de l\u2019Op\u00e9ra de Tunis organise une soir\u00e9e de solidarit\u00e9 avec le peuple palestinien, vendredi 20 octobre 2023 \u00e0 21 heures, \u00e0 la salle de l\u2019Op\u00e9ra de la cit\u00e9 de la Culture Chedly klibi \u00e0 Tunis.","og_url":"https:\/\/kapitalis.com\/tunisie\/2023\/10\/16\/tunisie-soiree-au-profit-du-peuple-palestinien-le-20-octobre-a-la-cite-de-la-culture\/","og_site_name":"Kapitalis","article_publisher":"https:\/\/www.facebook.com\/KapitalisInfo\/","article_published_time":"2023-10-16T22:27:58+00:00","article_modified_time":"2023-10-16T22:37:07+00:00","og_image":[{"width":1200,"height":630,"url":"https:\/\/kapitalis.com\/tunisie\/wp-content\/uploads\/2023\/10\/Tunis-Soiree-Palestine.jpg","type":"image\/jpeg"}],"author":"Yusra NY","twitter_card":"summary_large_image","twitter_creator":"@KapitalisInfo","twitter_site":"@KapitalisInfo","twitter_misc":{"\u00c9crit par":"Yusra NY","Dur\u00e9e de lecture estim\u00e9e":"1 minute"},"schema":{"@context":"https:\/\/schema.org","@graph":[{"@type":"Article","@id":"https:\/\/kapitalis.com\/tunisie\/2023\/10\/16\/tunisie-soiree-au-profit-du-peuple-palestinien-le-20-octobre-a-la-cite-de-la-culture\/#article","isPartOf":{"@id":"https:\/\/kapitalis.com\/tunisie\/2023\/10\/16\/tunisie-soiree-au-profit-du-peuple-palestinien-le-20-octobre-a-la-cite-de-la-culture\/"},"author":{"name":"Yusra NY","@id":"https:\/\/kapitalis.com\/tunisie\/#\/schema\/person\/74bbde0154d49d790a92aaeac5bc01d5"},"headline":"Tunisie : Soir\u00e9e au profit du peuple palestinien, le 20 octobre, \u00e0 la cit\u00e9 de la Culture","datePublished":"2023-10-16T22:27:58+00:00","dateModified":"2023-10-16T22:37:07+00:00","mainEntityOfPage":{"@id":"https:\/\/kapitalis.com\/tunisie\/2023\/10\/16\/tunisie-soiree-au-profit-du-peuple-palestinien-le-20-octobre-a-la-cite-de-la-culture\/"},"wordCount":210,"commentCount":0,"publisher":{"@id":"https:\/\/kapitalis.com\/tunisie\/#organization"},"image":{"@id":"https:\/\/kapitalis.com\/tunisie\/2023\/10\/16\/tunisie-soiree-au-profit-du-peuple-palestinien-le-20-octobre-a-la-cite-de-la-culture\/#primaryimage"},"thumbnailUrl":"https:\/\/kapitalis.com\/tunisie\/wp-content\/uploads\/2023\/10\/Tunis-Soiree-Palestine.jpg","keywords":["affaires culturelles","Lotfi Bouchnak","Palestine","peuple palestinien","SOIR\u00c9E","solidarit\u00e9","Th\u00e9\u00e2tre de l\u2019Op\u00e9ra"],"articleSection":["CULTURE","SOCIETE","Tunisie"],"inLanguage":"fr-FR","potentialAction":[{"@type":"CommentAction","name":"Comment","target":["https:\/\/kapitalis.com\/tunisie\/2023\/10\/16\/tunisie-soiree-au-profit-du-peuple-palestinien-le-20-octobre-a-la-cite-de-la-culture\/#respond"]}]},{"@type":"WebPage","@id":"https:\/\/kapitalis.com\/tunisie\/2023\/10\/16\/tunisie-soiree-au-profit-du-peuple-palestinien-le-20-octobre-a-la-cite-de-la-culture\/","url":"https:\/\/kapitalis.com\/tunisie\/2023\/10\/16\/tunisie-soiree-au-profit-du-peuple-palestinien-le-20-octobre-a-la-cite-de-la-culture\/","name":"Tunisie : Soir\u00e9e au profit du peuple palestinien, le 20 octobre, \u00e0 la cit\u00e9 de la Culture - Kapitalis","isPartOf":{"@id":"https:\/\/kapitalis.com\/tunisie\/#website"},"primaryImageOfPage":{"@id":"https:\/\/kapitalis.com\/tunisie\/2023\/10\/16\/tunisie-soiree-au-profit-du-peuple-palestinien-le-20-octobre-a-la-cite-de-la-culture\/#primaryimage"},"image":{"@id":"https:\/\/kapitalis.com\/tunisie\/2023\/10\/16\/tunisie-soiree-au-profit-du-peuple-palestinien-le-20-octobre-a-la-cite-de-la-culture\/#primaryimage"},"thumbnailUrl":"https:\/\/kapitalis.com\/tunisie\/wp-content\/uploads\/2023\/10\/Tunis-Soiree-Palestine.jpg","datePublished":"2023-10-16T22:27:58+00:00","dateModified":"2023-10-16T22:37:07+00:00","description":"En coordination avec le minist\u00e8re des Affaires culturelles, le Th\u00e9\u00e2tre de l\u2019Op\u00e9ra de Tunis organise une soir\u00e9e de solidarit\u00e9 avec le peuple palestinien, vendredi 20 octobre 2023 \u00e0 21 heures, \u00e0 la salle de l\u2019Op\u00e9ra de la cit\u00e9 de la Culture Chedly klibi \u00e0 Tunis.","breadcrumb":{"@id":"https:\/\/kapitalis.com\/tunisie\/2023\/10\/16\/tunisie-soiree-au-profit-du-peuple-palestinien-le-20-octobre-a-la-cite-de-la-culture\/#breadcrumb"},"inLanguage":"fr-FR","potentialAction":[{"@type":"ReadAction","target":["https:\/\/kapitalis.com\/tunisie\/2023\/10\/16\/tunisie-soiree-au-profit-du-peuple-palestinien-le-20-octobre-a-la-cite-de-la-culture\/"]}]},{"@type":"ImageObject","inLanguage":"fr-FR","@id":"https:\/\/kapitalis.com\/tunisie\/2023\/10\/16\/tunisie-soiree-au-profit-du-peuple-palestinien-le-20-octobre-a-la-cite-de-la-culture\/#primaryimage","url":"https:\/\/kapitalis.com\/tunisie\/wp-content\/uploads\/2023\/10\/Tunis-Soiree-Palestine.jpg","contentUrl":"https:\/\/kapitalis.com\/tunisie\/wp-content\/uploads\/2023\/10\/Tunis-Soiree-Palestine.jpg","width":1200,"height":630},{"@type":"BreadcrumbList","@id":"https:\/\/kapitalis.com\/tunisie\/2023\/10\/16\/tunisie-soiree-au-profit-du-peuple-palestinien-le-20-octobre-a-la-cite-de-la-culture\/#breadcrumb","itemListElement":[{"@type":"ListItem","position":1,"name":"Accueil","item":"https:\/\/kapitalis.com\/tunisie\/"},{"@type":"ListItem","position":2,"name":"Tunisie : Soir\u00e9e au profit du peuple palestinien, le 20 octobre, \u00e0 la cit\u00e9 de la Culture"}]},{"@type":"WebSite","@id":"https:\/\/kapitalis.com\/tunisie\/#website","url":"https:\/\/kapitalis.com\/tunisie\/","name":"Kapitalis","description":"L&#039;actualit\u00e9 en Tunisie et dans le monde","publisher":{"@id":"https:\/\/kapitalis.com\/tunisie\/#organization"},"potentialAction":[{"@type":"SearchAction","target":{"@type":"EntryPoint","urlTemplate":"https:\/\/kapitalis.com\/tunisie\/?s={search_term_string}"},"query-input":{"@type":"PropertyValueSpecification","valueRequired":true,"valueName":"search_term_string"}}],"inLanguage":"fr-FR"},{"@type":"Organization","@id":"https:\/\/kapitalis.com\/tunisie\/#organization","name":"Kapitalis","url":"https:\/\/kapitalis.com\/tunisie\/","logo":{"@type":"ImageObject","inLanguage":"fr-FR","@id":"https:\/\/kapitalis.com\/tunisie\/#\/schema\/logo\/image\/","url":"https:\/\/kapitalis.com\/tunisie\/wp-content\/uploads\/2022\/05\/Kapitalis-big-size.png","contentUrl":"https:\/\/kapitalis.com\/tunisie\/wp-content\/uploads\/2022\/05\/Kapitalis-big-size.png","width":5000,"height":1500,"caption":"Kapitalis"},"image":{"@id":"https:\/\/kapitalis.com\/tunisie\/#\/schema\/logo\/image\/"},"sameAs":["https:\/\/www.facebook.com\/KapitalisInfo\/","https:\/\/x.com\/KapitalisInfo","https:\/\/www.youtube.com\/channel\/UC-yDYrHyfFBWWZaOw3FPg9Q"]},{"@type":"Person","@id":"https:\/\/kapitalis.com\/tunisie\/#\/schema\/person\/74bbde0154d49d790a92aaeac5bc01d5","name":"Yusra NY","url":"https:\/\/kapitalis.com\/tunisie\/author\/yuza_adam\/"}]}},"_links":{"self":[{"href":"https:\/\/kapitalis.com\/tunisie\/wp-json\/wp\/v2\/posts\/10159061","targetHints":{"allow":["GET"]}}],"collection":[{"href":"https:\/\/kapitalis.com\/tunisie\/wp-json\/wp\/v2\/posts"}],"about":[{"href":"https:\/\/kapitalis.com\/tunisie\/wp-json\/wp\/v2\/types\/post"}],"author":[{"embeddable":true,"href":"https:\/\/kapitalis.com\/tunisie\/wp-json\/wp\/v2\/users\/6"}],"replies":[{"embeddable":true,"href":"https:\/\/kapitalis.com\/tunisie\/wp-json\/wp\/v2\/comments?post=10159061"}],"version-history":[{"count":2,"href":"https:\/\/kapitalis.com\/tunisie\/wp-json\/wp\/v2\/posts\/10159061\/revisions"}],"predecessor-version":[{"id":10159168,"href":"https:\/\/kapitalis.com\/tunisie\/wp-json\/wp\/v2\/posts\/10159061\/revisions\/10159168"}],"wp:featuredmedia":[{"embeddable":true,"href":"https:\/\/kapitalis.com\/tunisie\/wp-json\/wp\/v2\/media\/10159139"}],"wp:attachment":[{"href":"https:\/\/kapitalis.com\/tunisie\/wp-json\/wp\/v2\/media?parent=10159061"}],"wp:term":[{"taxonomy":"category","embeddable":true,"href":"https:\/\/kapitalis.com\/tunisie\/wp-json\/wp\/v2\/categories?post=10159061"},{"taxonomy":"post_tag","embeddable":true,"href":"https:\/\/kapitalis.com\/tunisie\/wp-json\/wp\/v2\/tags?post=10159061"}],"curies":[{"name":"wp","href":"https:\/\/api.w.org\/{rel}","templated":true}]}}