{"id":1024432,"date":"2022-05-28T07:04:55","date_gmt":"2022-05-28T06:04:55","guid":{"rendered":"https:\/\/kapitalis.com\/tunisie\/?p=1024432"},"modified":"2022-05-28T07:04:57","modified_gmt":"2022-05-28T06:04:57","slug":"le-president-jefferson-et-liftar-en-lhonneur-de-son-invite-tunisien","status":"publish","type":"post","link":"https:\/\/kapitalis.com\/tunisie\/2022\/05\/28\/le-president-jefferson-et-liftar-en-lhonneur-de-son-invite-tunisien\/","title":{"rendered":"Le pr\u00e9sident Jefferson et l&rsquo;iftar en l&rsquo;honneur de son invit\u00e9 tunisien"},"content":{"rendered":"\n<p><br><strong><em>Le secr\u00e9taire d&rsquo;Etat am\u00e9ricain Antony J. Blinken a organis\u00e9, le 26 mai 2022, \u00e0 Washington DC., et pour la premi\u00e8re fois dans l&rsquo;histoire du D\u00e9partement d&rsquo;Etat, une r\u00e9ception \u00e0 l&rsquo;occasion de l\u2019A\u00efd El-Fitr, au cours de laquelle il a rappel\u00e9 un \u00e9pisode m\u00e9connue des relations entre Washington et Tunis, et qui remontent \u00e0 deux si\u00e8cles.<\/em><\/strong> <\/p>\n\n\n\n<!--more-->\n\n\n\n<p>D\u2019habitude, les pr\u00e9sidents am\u00e9ricains limitent leur contribution \u00e0 la f\u00eate musulmane de l&rsquo;Aid El-Fitr \u00e0 une note \u00e0 la presse f\u00e9licitant les musulmans \u00e0 cette occasion. Les ambassadeurs am\u00e9ricains dans les pays musulmans organisent, de leur c\u00f4t\u00e9, un d\u00eener d&rsquo;iftar pendant le mois de ramadan. <\/p>\n\n\n\n<p>Cette fois-ci, en organisant une r\u00e9ception \u00e0 l&rsquo;occasion de l&rsquo;Aid El-Fitr, les responsables am\u00e9ricains ont voulu par cette reconnaissance que leur gouvernement refl\u00e8te mieux la diversit\u00e9 de la soci\u00e9t\u00e9 am\u00e9ricaine, o\u00f9 beaucoup de citoyens sont de culte musulman.<\/p>\n\n\n\n<p>Rappelons dans ce contexte que l\u2019islam\u00a0est la troisi\u00e8me religion aux\u00a0\u00c9tats-Unis\u00a0apr\u00e8s le christianisme et le juda\u00efsme. Elle rassemble environ 3,3 millions de personnes en 2016, soit environ 1% de la population totale du pays.<\/p>\n\n\n\n<p>Dans son discours prononc\u00e9 \u00e0 cette occasion, Antony J. Blinken a tenu \u00e0 rappeler un \u00e9pisode m\u00e9connu des relations entre les Etats-Unis et le monde musulman et, plus pr\u00e9cis\u00e9ment, entre Washington et Tunis, dont les relations diplomatiques ont \u00e9t\u00e9 nou\u00e9es \u00e0 la fin du XVIIIe si\u00e8cle, au lendemain de l&rsquo;ind\u00e9pendance des Etats-Unis.<\/p>\n\n\n\n<p><em>\u00abLe pr\u00e9sident Jefferson a accueilli le tout premier iftar de la Maison Blanche il y a plus de deux si\u00e8cles, quand, une nuit, il a demand\u00e9 que le d\u00eener soit servi pr\u00e9cis\u00e9ment au coucher du soleil parce qu&rsquo;il savait que son invit\u00e9, l&rsquo;envoy\u00e9 tunisien aux \u00c9tats-Unis, observait le ramadan. Voil\u00e0 jusqu&rsquo;o\u00f9 cela remonte\u00bb<\/em>, a rappel\u00e9 le secr\u00e9taire d&rsquo;Etat am\u00e9ricain. Et d&rsquo;ajouter\u00a0: <em>\u00abSoutenir la libert\u00e9 religieuse n&rsquo;est pas seulement l&rsquo;une de nos valeurs les plus profondes. Elle est aussi, comme notre diversit\u00e9, absolument essentielle \u00e0 notre s\u00e9curit\u00e9 nationale. Nous savons que lorsque des personnes sont victimes de discrimination en raison de leurs croyances religieuses \u2013 que ce soit dans leur \u00e9ducation, dans leur carri\u00e8re, dans toute autre partie de leur vie \u2013 elles ne peuvent pas apporter leur pleine contribution au succ\u00e8s de leurs communaut\u00e9s, des pays entiers se d\u00e9gradent. Et lorsque les gouvernements violent ce droit humain fondamental, cela allume des tensions, s\u00e8me la division, ce qui peut \u2013 et c&rsquo;est souvent le cas \u2013 conduire \u00e0 la violence, au conflit, \u00e0 des soci\u00e9t\u00e9s moins stables.\u00bb<\/em><\/p>\n\n\n\n<p class=\"has-text-align-right\"><strong>I. B. <\/strong><\/p>\n\n\n\n<p><strong><em><a href=\"https:\/\/www.state.gov\/secretary-antony-j-blinken-remarks-at-a-reception-in-recognition-of-eid\/\" target=\"_blank\" rel=\"noreferrer noopener\">Vid\u00e9o du discours de Blinken.<\/a><\/em><\/strong><\/p>\n","protected":false},"excerpt":{"rendered":"<p>Le D\u00e9partement d&rsquo;Etat am\u00e9ricain a organis\u00e9 une r\u00e9ception \u00e0 l&rsquo;occasion de l\u2019A\u00efd El-Fitr, au cours de laquelle Antony J. Blinken a rappel\u00e9 un \u00e9pisode m\u00e9connue des relations entre Washington et Tunis. <\/p>\n","protected":false},"author":8,"featured_media":1024590,"comment_status":"open","ping_status":"open","sticky":false,"template":"","format":"standard","meta":{"footnotes":""},"categories":[997,2433],"tags":[3110,100119,78970,349,100120,500,648,62643],"class_list":["post-1024432","post","type-post","status-publish","format-standard","has-post-thumbnail","hentry","category-politique","category-tunisie","tag-aid-el-fitr","tag-antony-j-blinken","tag-diner-diftar","tag-etats-unis","tag-hammouda-pacha","tag-islam","tag-musulmans","tag-tunisie"],"yoast_head":"<!-- This site is optimized with the Yoast SEO plugin v26.6 - https:\/\/yoast.com\/wordpress\/plugins\/seo\/ -->\n<title>Le pr\u00e9sident Jefferson et l&#039;iftar en l&#039;honneur de son invit\u00e9 tunisien - Kapitalis<\/title>\n<meta name=\"robots\" content=\"index, follow, max-snippet:-1, max-image-preview:large, max-video-preview:-1\" \/>\n<link rel=\"canonical\" href=\"https:\/\/kapitalis.com\/tunisie\/2022\/05\/28\/le-president-jefferson-et-liftar-en-lhonneur-de-son-invite-tunisien\/\" \/>\n<meta property=\"og:locale\" content=\"fr_FR\" \/>\n<meta property=\"og:type\" content=\"article\" \/>\n<meta property=\"og:title\" content=\"Le pr\u00e9sident Jefferson et l&#039;iftar en l&#039;honneur de son invit\u00e9 tunisien - Kapitalis\" \/>\n<meta property=\"og:description\" content=\"Le D\u00e9partement d&#039;Etat am\u00e9ricain a organis\u00e9 une r\u00e9ception \u00e0 l&#039;occasion de l\u2019A\u00efd El-Fitr, au cours de laquelle Antony J. Blinken a rappel\u00e9 un \u00e9pisode m\u00e9connue des relations entre Washington et Tunis.\" \/>\n<meta property=\"og:url\" content=\"https:\/\/kapitalis.com\/tunisie\/2022\/05\/28\/le-president-jefferson-et-liftar-en-lhonneur-de-son-invite-tunisien\/\" \/>\n<meta property=\"og:site_name\" content=\"Kapitalis\" \/>\n<meta property=\"article:publisher\" content=\"https:\/\/www.facebook.com\/KapitalisInfo\/\" \/>\n<meta property=\"article:published_time\" content=\"2022-05-28T06:04:55+00:00\" \/>\n<meta property=\"article:modified_time\" content=\"2022-05-28T06:04:57+00:00\" \/>\n<meta property=\"og:image\" content=\"https:\/\/kapitalis.com\/tunisie\/wp-content\/uploads\/2022\/05\/Antony-J.-Blinken.jpg\" \/>\n\t<meta property=\"og:image:width\" content=\"1200\" \/>\n\t<meta property=\"og:image:height\" content=\"630\" \/>\n\t<meta property=\"og:image:type\" content=\"image\/jpeg\" \/>\n<meta name=\"author\" content=\"webmaster kapitalis\" \/>\n<meta name=\"twitter:card\" content=\"summary_large_image\" \/>\n<meta name=\"twitter:creator\" content=\"@KapitalisInfo\" \/>\n<meta name=\"twitter:site\" content=\"@KapitalisInfo\" \/>\n<meta name=\"twitter:label1\" content=\"\u00c9crit par\" \/>\n\t<meta name=\"twitter:data1\" content=\"webmaster kapitalis\" \/>\n\t<meta name=\"twitter:label2\" content=\"Dur\u00e9e de lecture estim\u00e9e\" \/>\n\t<meta name=\"twitter:data2\" content=\"3 minutes\" \/>\n<script type=\"application\/ld+json\" class=\"yoast-schema-graph\">{\"@context\":\"https:\/\/schema.org\",\"@graph\":[{\"@type\":\"Article\",\"@id\":\"https:\/\/kapitalis.com\/tunisie\/2022\/05\/28\/le-president-jefferson-et-liftar-en-lhonneur-de-son-invite-tunisien\/#article\",\"isPartOf\":{\"@id\":\"https:\/\/kapitalis.com\/tunisie\/2022\/05\/28\/le-president-jefferson-et-liftar-en-lhonneur-de-son-invite-tunisien\/\"},\"author\":{\"name\":\"webmaster kapitalis\",\"@id\":\"https:\/\/kapitalis.com\/tunisie\/#\/schema\/person\/d71f33a9ca44f7bad4698210b480c8e9\"},\"headline\":\"Le pr\u00e9sident Jefferson et l&rsquo;iftar en l&rsquo;honneur de son invit\u00e9 tunisien\",\"datePublished\":\"2022-05-28T06:04:55+00:00\",\"dateModified\":\"2022-05-28T06:04:57+00:00\",\"mainEntityOfPage\":{\"@id\":\"https:\/\/kapitalis.com\/tunisie\/2022\/05\/28\/le-president-jefferson-et-liftar-en-lhonneur-de-son-invite-tunisien\/\"},\"wordCount\":446,\"commentCount\":0,\"publisher\":{\"@id\":\"https:\/\/kapitalis.com\/tunisie\/#organization\"},\"image\":{\"@id\":\"https:\/\/kapitalis.com\/tunisie\/2022\/05\/28\/le-president-jefferson-et-liftar-en-lhonneur-de-son-invite-tunisien\/#primaryimage\"},\"thumbnailUrl\":\"https:\/\/kapitalis.com\/tunisie\/wp-content\/uploads\/2022\/05\/Antony-J.-Blinken.jpg\",\"keywords\":[\"A\u00efd El-Fitr\",\"Antony J. Blinken\",\"d\u00eener d'iftar\",\"Etats Unis\",\"Hammouda Pacha\",\"islam\",\"musulmans\",\"Tunisie\"],\"articleSection\":[\"POLITIQUE\",\"Tunisie\"],\"inLanguage\":\"fr-FR\",\"potentialAction\":[{\"@type\":\"CommentAction\",\"name\":\"Comment\",\"target\":[\"https:\/\/kapitalis.com\/tunisie\/2022\/05\/28\/le-president-jefferson-et-liftar-en-lhonneur-de-son-invite-tunisien\/#respond\"]}]},{\"@type\":\"WebPage\",\"@id\":\"https:\/\/kapitalis.com\/tunisie\/2022\/05\/28\/le-president-jefferson-et-liftar-en-lhonneur-de-son-invite-tunisien\/\",\"url\":\"https:\/\/kapitalis.com\/tunisie\/2022\/05\/28\/le-president-jefferson-et-liftar-en-lhonneur-de-son-invite-tunisien\/\",\"name\":\"Le pr\u00e9sident Jefferson et l'iftar en l'honneur de son invit\u00e9 tunisien - Kapitalis\",\"isPartOf\":{\"@id\":\"https:\/\/kapitalis.com\/tunisie\/#website\"},\"primaryImageOfPage\":{\"@id\":\"https:\/\/kapitalis.com\/tunisie\/2022\/05\/28\/le-president-jefferson-et-liftar-en-lhonneur-de-son-invite-tunisien\/#primaryimage\"},\"image\":{\"@id\":\"https:\/\/kapitalis.com\/tunisie\/2022\/05\/28\/le-president-jefferson-et-liftar-en-lhonneur-de-son-invite-tunisien\/#primaryimage\"},\"thumbnailUrl\":\"https:\/\/kapitalis.com\/tunisie\/wp-content\/uploads\/2022\/05\/Antony-J.-Blinken.jpg\",\"datePublished\":\"2022-05-28T06:04:55+00:00\",\"dateModified\":\"2022-05-28T06:04:57+00:00\",\"breadcrumb\":{\"@id\":\"https:\/\/kapitalis.com\/tunisie\/2022\/05\/28\/le-president-jefferson-et-liftar-en-lhonneur-de-son-invite-tunisien\/#breadcrumb\"},\"inLanguage\":\"fr-FR\",\"potentialAction\":[{\"@type\":\"ReadAction\",\"target\":[\"https:\/\/kapitalis.com\/tunisie\/2022\/05\/28\/le-president-jefferson-et-liftar-en-lhonneur-de-son-invite-tunisien\/\"]}]},{\"@type\":\"ImageObject\",\"inLanguage\":\"fr-FR\",\"@id\":\"https:\/\/kapitalis.com\/tunisie\/2022\/05\/28\/le-president-jefferson-et-liftar-en-lhonneur-de-son-invite-tunisien\/#primaryimage\",\"url\":\"https:\/\/kapitalis.com\/tunisie\/wp-content\/uploads\/2022\/05\/Antony-J.-Blinken.jpg\",\"contentUrl\":\"https:\/\/kapitalis.com\/tunisie\/wp-content\/uploads\/2022\/05\/Antony-J.-Blinken.jpg\",\"width\":1200,\"height\":630},{\"@type\":\"BreadcrumbList\",\"@id\":\"https:\/\/kapitalis.com\/tunisie\/2022\/05\/28\/le-president-jefferson-et-liftar-en-lhonneur-de-son-invite-tunisien\/#breadcrumb\",\"itemListElement\":[{\"@type\":\"ListItem\",\"position\":1,\"name\":\"Accueil\",\"item\":\"https:\/\/kapitalis.com\/tunisie\/\"},{\"@type\":\"ListItem\",\"position\":2,\"name\":\"Le pr\u00e9sident Jefferson et l&rsquo;iftar en l&rsquo;honneur de son invit\u00e9 tunisien\"}]},{\"@type\":\"WebSite\",\"@id\":\"https:\/\/kapitalis.com\/tunisie\/#website\",\"url\":\"https:\/\/kapitalis.com\/tunisie\/\",\"name\":\"Kapitalis\",\"description\":\"L&#039;actualit\u00e9 en Tunisie et dans le monde\",\"publisher\":{\"@id\":\"https:\/\/kapitalis.com\/tunisie\/#organization\"},\"potentialAction\":[{\"@type\":\"SearchAction\",\"target\":{\"@type\":\"EntryPoint\",\"urlTemplate\":\"https:\/\/kapitalis.com\/tunisie\/?s={search_term_string}\"},\"query-input\":{\"@type\":\"PropertyValueSpecification\",\"valueRequired\":true,\"valueName\":\"search_term_string\"}}],\"inLanguage\":\"fr-FR\"},{\"@type\":\"Organization\",\"@id\":\"https:\/\/kapitalis.com\/tunisie\/#organization\",\"name\":\"Kapitalis\",\"url\":\"https:\/\/kapitalis.com\/tunisie\/\",\"logo\":{\"@type\":\"ImageObject\",\"inLanguage\":\"fr-FR\",\"@id\":\"https:\/\/kapitalis.com\/tunisie\/#\/schema\/logo\/image\/\",\"url\":\"https:\/\/kapitalis.com\/tunisie\/wp-content\/uploads\/2022\/05\/Kapitalis-big-size.png\",\"contentUrl\":\"https:\/\/kapitalis.com\/tunisie\/wp-content\/uploads\/2022\/05\/Kapitalis-big-size.png\",\"width\":5000,\"height\":1500,\"caption\":\"Kapitalis\"},\"image\":{\"@id\":\"https:\/\/kapitalis.com\/tunisie\/#\/schema\/logo\/image\/\"},\"sameAs\":[\"https:\/\/www.facebook.com\/KapitalisInfo\/\",\"https:\/\/x.com\/KapitalisInfo\",\"https:\/\/www.youtube.com\/channel\/UC-yDYrHyfFBWWZaOw3FPg9Q\"]},{\"@type\":\"Person\",\"@id\":\"https:\/\/kapitalis.com\/tunisie\/#\/schema\/person\/d71f33a9ca44f7bad4698210b480c8e9\",\"name\":\"webmaster kapitalis\",\"url\":\"https:\/\/kapitalis.com\/tunisie\/author\/webmaster-kapitalis\/\"}]}<\/script>\n<!-- \/ Yoast SEO plugin. -->","yoast_head_json":{"title":"Le pr\u00e9sident Jefferson et l'iftar en l'honneur de son invit\u00e9 tunisien - Kapitalis","robots":{"index":"index","follow":"follow","max-snippet":"max-snippet:-1","max-image-preview":"max-image-preview:large","max-video-preview":"max-video-preview:-1"},"canonical":"https:\/\/kapitalis.com\/tunisie\/2022\/05\/28\/le-president-jefferson-et-liftar-en-lhonneur-de-son-invite-tunisien\/","og_locale":"fr_FR","og_type":"article","og_title":"Le pr\u00e9sident Jefferson et l'iftar en l'honneur de son invit\u00e9 tunisien - Kapitalis","og_description":"Le D\u00e9partement d'Etat am\u00e9ricain a organis\u00e9 une r\u00e9ception \u00e0 l'occasion de l\u2019A\u00efd El-Fitr, au cours de laquelle Antony J. Blinken a rappel\u00e9 un \u00e9pisode m\u00e9connue des relations entre Washington et Tunis.","og_url":"https:\/\/kapitalis.com\/tunisie\/2022\/05\/28\/le-president-jefferson-et-liftar-en-lhonneur-de-son-invite-tunisien\/","og_site_name":"Kapitalis","article_publisher":"https:\/\/www.facebook.com\/KapitalisInfo\/","article_published_time":"2022-05-28T06:04:55+00:00","article_modified_time":"2022-05-28T06:04:57+00:00","og_image":[{"width":1200,"height":630,"url":"https:\/\/kapitalis.com\/tunisie\/wp-content\/uploads\/2022\/05\/Antony-J.-Blinken.jpg","type":"image\/jpeg"}],"author":"webmaster kapitalis","twitter_card":"summary_large_image","twitter_creator":"@KapitalisInfo","twitter_site":"@KapitalisInfo","twitter_misc":{"\u00c9crit par":"webmaster kapitalis","Dur\u00e9e de lecture estim\u00e9e":"3 minutes"},"schema":{"@context":"https:\/\/schema.org","@graph":[{"@type":"Article","@id":"https:\/\/kapitalis.com\/tunisie\/2022\/05\/28\/le-president-jefferson-et-liftar-en-lhonneur-de-son-invite-tunisien\/#article","isPartOf":{"@id":"https:\/\/kapitalis.com\/tunisie\/2022\/05\/28\/le-president-jefferson-et-liftar-en-lhonneur-de-son-invite-tunisien\/"},"author":{"name":"webmaster kapitalis","@id":"https:\/\/kapitalis.com\/tunisie\/#\/schema\/person\/d71f33a9ca44f7bad4698210b480c8e9"},"headline":"Le pr\u00e9sident Jefferson et l&rsquo;iftar en l&rsquo;honneur de son invit\u00e9 tunisien","datePublished":"2022-05-28T06:04:55+00:00","dateModified":"2022-05-28T06:04:57+00:00","mainEntityOfPage":{"@id":"https:\/\/kapitalis.com\/tunisie\/2022\/05\/28\/le-president-jefferson-et-liftar-en-lhonneur-de-son-invite-tunisien\/"},"wordCount":446,"commentCount":0,"publisher":{"@id":"https:\/\/kapitalis.com\/tunisie\/#organization"},"image":{"@id":"https:\/\/kapitalis.com\/tunisie\/2022\/05\/28\/le-president-jefferson-et-liftar-en-lhonneur-de-son-invite-tunisien\/#primaryimage"},"thumbnailUrl":"https:\/\/kapitalis.com\/tunisie\/wp-content\/uploads\/2022\/05\/Antony-J.-Blinken.jpg","keywords":["A\u00efd El-Fitr","Antony J. Blinken","d\u00eener d'iftar","Etats Unis","Hammouda Pacha","islam","musulmans","Tunisie"],"articleSection":["POLITIQUE","Tunisie"],"inLanguage":"fr-FR","potentialAction":[{"@type":"CommentAction","name":"Comment","target":["https:\/\/kapitalis.com\/tunisie\/2022\/05\/28\/le-president-jefferson-et-liftar-en-lhonneur-de-son-invite-tunisien\/#respond"]}]},{"@type":"WebPage","@id":"https:\/\/kapitalis.com\/tunisie\/2022\/05\/28\/le-president-jefferson-et-liftar-en-lhonneur-de-son-invite-tunisien\/","url":"https:\/\/kapitalis.com\/tunisie\/2022\/05\/28\/le-president-jefferson-et-liftar-en-lhonneur-de-son-invite-tunisien\/","name":"Le pr\u00e9sident Jefferson et l'iftar en l'honneur de son invit\u00e9 tunisien - Kapitalis","isPartOf":{"@id":"https:\/\/kapitalis.com\/tunisie\/#website"},"primaryImageOfPage":{"@id":"https:\/\/kapitalis.com\/tunisie\/2022\/05\/28\/le-president-jefferson-et-liftar-en-lhonneur-de-son-invite-tunisien\/#primaryimage"},"image":{"@id":"https:\/\/kapitalis.com\/tunisie\/2022\/05\/28\/le-president-jefferson-et-liftar-en-lhonneur-de-son-invite-tunisien\/#primaryimage"},"thumbnailUrl":"https:\/\/kapitalis.com\/tunisie\/wp-content\/uploads\/2022\/05\/Antony-J.-Blinken.jpg","datePublished":"2022-05-28T06:04:55+00:00","dateModified":"2022-05-28T06:04:57+00:00","breadcrumb":{"@id":"https:\/\/kapitalis.com\/tunisie\/2022\/05\/28\/le-president-jefferson-et-liftar-en-lhonneur-de-son-invite-tunisien\/#breadcrumb"},"inLanguage":"fr-FR","potentialAction":[{"@type":"ReadAction","target":["https:\/\/kapitalis.com\/tunisie\/2022\/05\/28\/le-president-jefferson-et-liftar-en-lhonneur-de-son-invite-tunisien\/"]}]},{"@type":"ImageObject","inLanguage":"fr-FR","@id":"https:\/\/kapitalis.com\/tunisie\/2022\/05\/28\/le-president-jefferson-et-liftar-en-lhonneur-de-son-invite-tunisien\/#primaryimage","url":"https:\/\/kapitalis.com\/tunisie\/wp-content\/uploads\/2022\/05\/Antony-J.-Blinken.jpg","contentUrl":"https:\/\/kapitalis.com\/tunisie\/wp-content\/uploads\/2022\/05\/Antony-J.-Blinken.jpg","width":1200,"height":630},{"@type":"BreadcrumbList","@id":"https:\/\/kapitalis.com\/tunisie\/2022\/05\/28\/le-president-jefferson-et-liftar-en-lhonneur-de-son-invite-tunisien\/#breadcrumb","itemListElement":[{"@type":"ListItem","position":1,"name":"Accueil","item":"https:\/\/kapitalis.com\/tunisie\/"},{"@type":"ListItem","position":2,"name":"Le pr\u00e9sident Jefferson et l&rsquo;iftar en l&rsquo;honneur de son invit\u00e9 tunisien"}]},{"@type":"WebSite","@id":"https:\/\/kapitalis.com\/tunisie\/#website","url":"https:\/\/kapitalis.com\/tunisie\/","name":"Kapitalis","description":"L&#039;actualit\u00e9 en Tunisie et dans le monde","publisher":{"@id":"https:\/\/kapitalis.com\/tunisie\/#organization"},"potentialAction":[{"@type":"SearchAction","target":{"@type":"EntryPoint","urlTemplate":"https:\/\/kapitalis.com\/tunisie\/?s={search_term_string}"},"query-input":{"@type":"PropertyValueSpecification","valueRequired":true,"valueName":"search_term_string"}}],"inLanguage":"fr-FR"},{"@type":"Organization","@id":"https:\/\/kapitalis.com\/tunisie\/#organization","name":"Kapitalis","url":"https:\/\/kapitalis.com\/tunisie\/","logo":{"@type":"ImageObject","inLanguage":"fr-FR","@id":"https:\/\/kapitalis.com\/tunisie\/#\/schema\/logo\/image\/","url":"https:\/\/kapitalis.com\/tunisie\/wp-content\/uploads\/2022\/05\/Kapitalis-big-size.png","contentUrl":"https:\/\/kapitalis.com\/tunisie\/wp-content\/uploads\/2022\/05\/Kapitalis-big-size.png","width":5000,"height":1500,"caption":"Kapitalis"},"image":{"@id":"https:\/\/kapitalis.com\/tunisie\/#\/schema\/logo\/image\/"},"sameAs":["https:\/\/www.facebook.com\/KapitalisInfo\/","https:\/\/x.com\/KapitalisInfo","https:\/\/www.youtube.com\/channel\/UC-yDYrHyfFBWWZaOw3FPg9Q"]},{"@type":"Person","@id":"https:\/\/kapitalis.com\/tunisie\/#\/schema\/person\/d71f33a9ca44f7bad4698210b480c8e9","name":"webmaster kapitalis","url":"https:\/\/kapitalis.com\/tunisie\/author\/webmaster-kapitalis\/"}]}},"_links":{"self":[{"href":"https:\/\/kapitalis.com\/tunisie\/wp-json\/wp\/v2\/posts\/1024432","targetHints":{"allow":["GET"]}}],"collection":[{"href":"https:\/\/kapitalis.com\/tunisie\/wp-json\/wp\/v2\/posts"}],"about":[{"href":"https:\/\/kapitalis.com\/tunisie\/wp-json\/wp\/v2\/types\/post"}],"author":[{"embeddable":true,"href":"https:\/\/kapitalis.com\/tunisie\/wp-json\/wp\/v2\/users\/8"}],"replies":[{"embeddable":true,"href":"https:\/\/kapitalis.com\/tunisie\/wp-json\/wp\/v2\/comments?post=1024432"}],"version-history":[{"count":0,"href":"https:\/\/kapitalis.com\/tunisie\/wp-json\/wp\/v2\/posts\/1024432\/revisions"}],"wp:featuredmedia":[{"embeddable":true,"href":"https:\/\/kapitalis.com\/tunisie\/wp-json\/wp\/v2\/media\/1024590"}],"wp:attachment":[{"href":"https:\/\/kapitalis.com\/tunisie\/wp-json\/wp\/v2\/media?parent=1024432"}],"wp:term":[{"taxonomy":"category","embeddable":true,"href":"https:\/\/kapitalis.com\/tunisie\/wp-json\/wp\/v2\/categories?post=1024432"},{"taxonomy":"post_tag","embeddable":true,"href":"https:\/\/kapitalis.com\/tunisie\/wp-json\/wp\/v2\/tags?post=1024432"}],"curies":[{"name":"wp","href":"https:\/\/api.w.org\/{rel}","templated":true}]}}