{"id":102492,"date":"2017-06-20T08:35:51","date_gmt":"2017-06-20T08:05:51","guid":{"rendered":"http:\/\/kapitalis.com\/tunisie\/?p=102492"},"modified":"2017-06-20T08:38:29","modified_gmt":"2017-06-20T08:08:29","slug":"economie-tunisienne-la-descente-aux-enfers-se-poursuit","status":"publish","type":"post","link":"https:\/\/kapitalis.com\/tunisie\/2017\/06\/20\/economie-tunisienne-la-descente-aux-enfers-se-poursuit\/","title":{"rendered":"Economie tunisienne : La descente aux enfers se poursuit"},"content":{"rendered":"<p style=\"text-align: center;\"><img loading=\"lazy\" decoding=\"async\" class=\"alignnone size-full wp-image-8589\" src=\"http:\/\/kapitalis.com\/tunisie\/wp-content\/uploads\/2015\/08\/Tunisie-Economie-.jpg\" alt=\"\" width=\"626\" height=\"380\" \/><\/p>\n<p><em><strong>L\u2019\u00e9conomie tunisienne continue de couler et rien ne semble \u00eatre fait pour la sauver. Est-elle, d\u2019ailleurs, r\u00e9ellement g\u00e9r\u00e9e, et si oui dans l\u2019int\u00e9r\u00eat de qui ?<\/strong><\/em><\/p>\n<p>Par <strong>Ezzeddine Saidane<\/strong> *<\/p>\n<p><!--more--><\/p>\n<p><img loading=\"lazy\" decoding=\"async\" class=\"wp-image-93076 alignleft\" src=\"http:\/\/kapitalis.com\/tunisie\/wp-content\/uploads\/2017\/04\/Ezzeddine-Saidane.jpg\" alt=\"\" width=\"200\" height=\"122\" \/>Les chiffres sont l\u00e0. Les indicateurs continuent de se d\u00e9t\u00e9riorer. Et franchement nous ne voyons rien qui se fait pour sortir l\u2019\u00e9conomie tunisienne de sa situation grave. Et qui s\u2019aggrave de jour en jour. Qui a dit que l\u2019ann\u00e9e 2017 va \u00eatre l\u2019ann\u00e9e du d\u00e9collage ?<\/p>\n<p>1- <strong>Le d\u00e9ficit de la balance commerciale<\/strong>: 6,5 milliards de dinars pour les 5 premiers mois de 2017. Un niveau jamais atteint auparavant. Un record absolu. Une aggravation de plus de 26% par rapport \u00e0 la m\u00eame p\u00e9riode de l\u2019ann\u00e9e derni\u00e8re. Plus du quart de ce d\u00e9ficit avec la Chine. Nous sommes en droit de nous poser cette question pos\u00e9e par un ancien chef de gouvernement (Hamadi Jebali, Ndlr): o\u00f9 est le gouvernement? Les affaires de la Tunisie sont-elles g\u00e9r\u00e9es, et si oui dans l\u2019int\u00e9r\u00eat de qui ? Il est clair que la d\u00e9pr\u00e9ciation violente du dinar, la monnaie nationale, et la double augmentation du taux d\u2019int\u00e9r\u00eat n\u2019ont rien arrang\u00e9. Les importations n\u2019ont pas d\u00e9c\u00e9l\u00e9r\u00e9, et les exportations ne reprennent pas. La politique mon\u00e9taire est-elle devenue st\u00e9rile \u00e0 ce point? O\u00f9 sont ceux qui nous ont toujours accus\u00e9s de dresser un tableau noir chaque fois que l\u2019on a propos\u00e9 une analyse objective de la situation de l\u2019\u00e9conomie et des finances publiques tunisiennes.<\/p>\n<p>2- <strong>La dette publique continue \u00e0 gonfler<\/strong>. Elle a d\u00e9pass\u00e9 la borne de 60 milliards de dinars. Oui vous avez bien lu, elle a d\u00e9pass\u00e9 la borne de 60 milliards de dinars, repr\u00e9sentant ainsi plus de 63% du PIB, sans compter les engagements de l\u2019\u00c9tat en faveur des entreprises publiques qui connaissent des difficult\u00e9s majeures. En outre, la structure de cette dette publique est en train de changer, en ce sens que la Tunisie voit sa dette ext\u00e9rieure augmenter plus vite que sa dette int\u00e9rieure. La dette ext\u00e9rieure passe en effet de 66% du total de la dette publique \u00e0 plus de 70%. Plus grave encore, le service de la dette (remboursements de l\u2019ann\u00e9e ou de la p\u00e9riode en principal et int\u00e9r\u00eats) explose litt\u00e9ralement: + 50 % entre le 10 juin 2016 et le 10 juin 2017. La Tunisie a en effet rembours\u00e9 depuis le d\u00e9but de l\u2019ann\u00e9e plus de 3 milliards de dinars au titre de la dette ext\u00e9rieure.<\/p>\n<p>3- <strong>Le dinar continue de chuter<\/strong>. Entre mai 2016 et mai 2017, la monnaie tunisienne a baiss\u00e9 de 19,7% contre le dollar et de 17,2% contre l\u2019euro. La baisse du dinar est encore plus violente depuis le d\u00e9but de l\u2019ann\u00e9e: 13,6% contre l\u2019euro. Les Tunisiens (pas tous \u00e9videmment) s\u2019appauvrissent \u00e0 un rythme acc\u00e9l\u00e9r\u00e9.<\/p>\n<p>4- Entre-temps, <strong>la planche \u00e0 billets s\u2019emballe<\/strong>. Le refinancement de la Banque centrale de Tunisie (BCT) a en effet atteint un nouveau record: 9,6 milliards de dinars inject\u00e9s par la BCT pour maintenir le syst\u00e8me bancaire \u00e0 flot en termes de liquidit\u00e9.<\/p>\n<p>Nous ne faisons pas qu\u2019analyser la situation, en tirant la sonnette d\u2019alarme chaque fois. Nous avons propos\u00e9 des solutions \u00e0 plusieurs reprises. Mais nous continuons \u00e0 poser la question: l\u2019\u00e9conomie tunisienne est-elle r\u00e9ellement g\u00e9r\u00e9e, et si oui dans l\u2019int\u00e9r\u00eat de qui ?<\/p>\n<p><em>* Expert financier, Directway Consulting.<\/em><\/p>\n<p><em>** Le Titre est de la r\u00e9daction.<\/em><\/p>\n<p>&nbsp;<\/p>\n<p>&nbsp;<\/p>\n","protected":false},"excerpt":{"rendered":"<p>L\u2019\u00e9conomie tunisienne continue de couler et rien ne semble \u00eatre fait pour la sauver. Est-elle, d\u2019ailleurs, r\u00e9ellement g\u00e9r\u00e9e, et si oui dans l\u2019int\u00e9r\u00eat de qui ? Par Ezzeddine Saidane *<\/p>\n","protected":false},"author":8,"featured_media":0,"comment_status":"open","ping_status":"open","sticky":false,"template":"","format":"standard","meta":{"footnotes":""},"categories":[992,1000,2433],"tags":[32834,19926,303],"class_list":["post-102492","post","type-post","status-publish","format-standard","hentry","category-a-la-une","category-tribune","category-tunisie","tag-deficit-de-la-balance-commerciale","tag-dette-publique","tag-economie-tunisienne"],"yoast_head":"<!-- This site is optimized with the Yoast SEO plugin v26.6 - https:\/\/yoast.com\/wordpress\/plugins\/seo\/ -->\n<title>Economie tunisienne : La descente aux enfers se poursuit - Kapitalis<\/title>\n<meta name=\"robots\" content=\"index, follow, max-snippet:-1, max-image-preview:large, max-video-preview:-1\" \/>\n<link rel=\"canonical\" href=\"https:\/\/kapitalis.com\/tunisie\/2017\/06\/20\/economie-tunisienne-la-descente-aux-enfers-se-poursuit\/\" \/>\n<meta property=\"og:locale\" content=\"fr_FR\" \/>\n<meta property=\"og:type\" content=\"article\" \/>\n<meta property=\"og:title\" content=\"Economie tunisienne : La descente aux enfers se poursuit - Kapitalis\" \/>\n<meta property=\"og:description\" content=\"L\u2019\u00e9conomie tunisienne continue de couler et rien ne semble \u00eatre fait pour la sauver. Est-elle, d\u2019ailleurs, r\u00e9ellement g\u00e9r\u00e9e, et si oui dans l\u2019int\u00e9r\u00eat de qui ? Par Ezzeddine Saidane *\" \/>\n<meta property=\"og:url\" content=\"https:\/\/kapitalis.com\/tunisie\/2017\/06\/20\/economie-tunisienne-la-descente-aux-enfers-se-poursuit\/\" \/>\n<meta property=\"og:site_name\" content=\"Kapitalis\" \/>\n<meta property=\"article:publisher\" content=\"https:\/\/www.facebook.com\/KapitalisInfo\/\" \/>\n<meta property=\"article:published_time\" content=\"2017-06-20T08:05:51+00:00\" \/>\n<meta property=\"article:modified_time\" content=\"2017-06-20T08:08:29+00:00\" \/>\n<meta property=\"og:image\" content=\"http:\/\/kapitalis.com\/tunisie\/wp-content\/uploads\/2015\/08\/Tunisie-Economie-.jpg\" \/>\n<meta name=\"author\" content=\"webmaster kapitalis\" \/>\n<meta name=\"twitter:card\" content=\"summary_large_image\" \/>\n<meta name=\"twitter:creator\" content=\"@KapitalisInfo\" \/>\n<meta name=\"twitter:site\" content=\"@KapitalisInfo\" \/>\n<meta name=\"twitter:label1\" content=\"\u00c9crit par\" \/>\n\t<meta name=\"twitter:data1\" content=\"webmaster kapitalis\" \/>\n\t<meta name=\"twitter:label2\" content=\"Dur\u00e9e de lecture estim\u00e9e\" \/>\n\t<meta name=\"twitter:data2\" content=\"3 minutes\" \/>\n<script type=\"application\/ld+json\" class=\"yoast-schema-graph\">{\"@context\":\"https:\/\/schema.org\",\"@graph\":[{\"@type\":\"Article\",\"@id\":\"https:\/\/kapitalis.com\/tunisie\/2017\/06\/20\/economie-tunisienne-la-descente-aux-enfers-se-poursuit\/#article\",\"isPartOf\":{\"@id\":\"https:\/\/kapitalis.com\/tunisie\/2017\/06\/20\/economie-tunisienne-la-descente-aux-enfers-se-poursuit\/\"},\"author\":{\"name\":\"webmaster kapitalis\",\"@id\":\"https:\/\/kapitalis.com\/tunisie\/#\/schema\/person\/d71f33a9ca44f7bad4698210b480c8e9\"},\"headline\":\"Economie tunisienne : La descente aux enfers se poursuit\",\"datePublished\":\"2017-06-20T08:05:51+00:00\",\"dateModified\":\"2017-06-20T08:08:29+00:00\",\"mainEntityOfPage\":{\"@id\":\"https:\/\/kapitalis.com\/tunisie\/2017\/06\/20\/economie-tunisienne-la-descente-aux-enfers-se-poursuit\/\"},\"wordCount\":601,\"commentCount\":4,\"publisher\":{\"@id\":\"https:\/\/kapitalis.com\/tunisie\/#organization\"},\"image\":{\"@id\":\"https:\/\/kapitalis.com\/tunisie\/2017\/06\/20\/economie-tunisienne-la-descente-aux-enfers-se-poursuit\/#primaryimage\"},\"thumbnailUrl\":\"http:\/\/kapitalis.com\/tunisie\/wp-content\/uploads\/2015\/08\/Tunisie-Economie-.jpg\",\"keywords\":[\"d\u00e9ficit de la balance commerciale\",\"dette publique\",\"\u00e9conomie tunisienne\"],\"articleSection\":[\"A LA UNE\",\"TRIBUNE\",\"Tunisie\"],\"inLanguage\":\"fr-FR\",\"potentialAction\":[{\"@type\":\"CommentAction\",\"name\":\"Comment\",\"target\":[\"https:\/\/kapitalis.com\/tunisie\/2017\/06\/20\/economie-tunisienne-la-descente-aux-enfers-se-poursuit\/#respond\"]}]},{\"@type\":\"WebPage\",\"@id\":\"https:\/\/kapitalis.com\/tunisie\/2017\/06\/20\/economie-tunisienne-la-descente-aux-enfers-se-poursuit\/\",\"url\":\"https:\/\/kapitalis.com\/tunisie\/2017\/06\/20\/economie-tunisienne-la-descente-aux-enfers-se-poursuit\/\",\"name\":\"Economie tunisienne : La descente aux enfers se poursuit - Kapitalis\",\"isPartOf\":{\"@id\":\"https:\/\/kapitalis.com\/tunisie\/#website\"},\"primaryImageOfPage\":{\"@id\":\"https:\/\/kapitalis.com\/tunisie\/2017\/06\/20\/economie-tunisienne-la-descente-aux-enfers-se-poursuit\/#primaryimage\"},\"image\":{\"@id\":\"https:\/\/kapitalis.com\/tunisie\/2017\/06\/20\/economie-tunisienne-la-descente-aux-enfers-se-poursuit\/#primaryimage\"},\"thumbnailUrl\":\"http:\/\/kapitalis.com\/tunisie\/wp-content\/uploads\/2015\/08\/Tunisie-Economie-.jpg\",\"datePublished\":\"2017-06-20T08:05:51+00:00\",\"dateModified\":\"2017-06-20T08:08:29+00:00\",\"breadcrumb\":{\"@id\":\"https:\/\/kapitalis.com\/tunisie\/2017\/06\/20\/economie-tunisienne-la-descente-aux-enfers-se-poursuit\/#breadcrumb\"},\"inLanguage\":\"fr-FR\",\"potentialAction\":[{\"@type\":\"ReadAction\",\"target\":[\"https:\/\/kapitalis.com\/tunisie\/2017\/06\/20\/economie-tunisienne-la-descente-aux-enfers-se-poursuit\/\"]}]},{\"@type\":\"ImageObject\",\"inLanguage\":\"fr-FR\",\"@id\":\"https:\/\/kapitalis.com\/tunisie\/2017\/06\/20\/economie-tunisienne-la-descente-aux-enfers-se-poursuit\/#primaryimage\",\"url\":\"http:\/\/kapitalis.com\/tunisie\/wp-content\/uploads\/2015\/08\/Tunisie-Economie-.jpg\",\"contentUrl\":\"http:\/\/kapitalis.com\/tunisie\/wp-content\/uploads\/2015\/08\/Tunisie-Economie-.jpg\"},{\"@type\":\"BreadcrumbList\",\"@id\":\"https:\/\/kapitalis.com\/tunisie\/2017\/06\/20\/economie-tunisienne-la-descente-aux-enfers-se-poursuit\/#breadcrumb\",\"itemListElement\":[{\"@type\":\"ListItem\",\"position\":1,\"name\":\"Accueil\",\"item\":\"https:\/\/kapitalis.com\/tunisie\/\"},{\"@type\":\"ListItem\",\"position\":2,\"name\":\"Economie tunisienne : La descente aux enfers se poursuit\"}]},{\"@type\":\"WebSite\",\"@id\":\"https:\/\/kapitalis.com\/tunisie\/#website\",\"url\":\"https:\/\/kapitalis.com\/tunisie\/\",\"name\":\"Kapitalis\",\"description\":\"L&#039;actualit\u00e9 en Tunisie et dans le monde\",\"publisher\":{\"@id\":\"https:\/\/kapitalis.com\/tunisie\/#organization\"},\"potentialAction\":[{\"@type\":\"SearchAction\",\"target\":{\"@type\":\"EntryPoint\",\"urlTemplate\":\"https:\/\/kapitalis.com\/tunisie\/?s={search_term_string}\"},\"query-input\":{\"@type\":\"PropertyValueSpecification\",\"valueRequired\":true,\"valueName\":\"search_term_string\"}}],\"inLanguage\":\"fr-FR\"},{\"@type\":\"Organization\",\"@id\":\"https:\/\/kapitalis.com\/tunisie\/#organization\",\"name\":\"Kapitalis\",\"url\":\"https:\/\/kapitalis.com\/tunisie\/\",\"logo\":{\"@type\":\"ImageObject\",\"inLanguage\":\"fr-FR\",\"@id\":\"https:\/\/kapitalis.com\/tunisie\/#\/schema\/logo\/image\/\",\"url\":\"https:\/\/kapitalis.com\/tunisie\/wp-content\/uploads\/2022\/05\/Kapitalis-big-size.png\",\"contentUrl\":\"https:\/\/kapitalis.com\/tunisie\/wp-content\/uploads\/2022\/05\/Kapitalis-big-size.png\",\"width\":5000,\"height\":1500,\"caption\":\"Kapitalis\"},\"image\":{\"@id\":\"https:\/\/kapitalis.com\/tunisie\/#\/schema\/logo\/image\/\"},\"sameAs\":[\"https:\/\/www.facebook.com\/KapitalisInfo\/\",\"https:\/\/x.com\/KapitalisInfo\",\"https:\/\/www.youtube.com\/channel\/UC-yDYrHyfFBWWZaOw3FPg9Q\"]},{\"@type\":\"Person\",\"@id\":\"https:\/\/kapitalis.com\/tunisie\/#\/schema\/person\/d71f33a9ca44f7bad4698210b480c8e9\",\"name\":\"webmaster kapitalis\",\"url\":\"https:\/\/kapitalis.com\/tunisie\/author\/webmaster-kapitalis\/\"}]}<\/script>\n<!-- \/ Yoast SEO plugin. -->","yoast_head_json":{"title":"Economie tunisienne : La descente aux enfers se poursuit - Kapitalis","robots":{"index":"index","follow":"follow","max-snippet":"max-snippet:-1","max-image-preview":"max-image-preview:large","max-video-preview":"max-video-preview:-1"},"canonical":"https:\/\/kapitalis.com\/tunisie\/2017\/06\/20\/economie-tunisienne-la-descente-aux-enfers-se-poursuit\/","og_locale":"fr_FR","og_type":"article","og_title":"Economie tunisienne : La descente aux enfers se poursuit - Kapitalis","og_description":"L\u2019\u00e9conomie tunisienne continue de couler et rien ne semble \u00eatre fait pour la sauver. Est-elle, d\u2019ailleurs, r\u00e9ellement g\u00e9r\u00e9e, et si oui dans l\u2019int\u00e9r\u00eat de qui ? Par Ezzeddine Saidane *","og_url":"https:\/\/kapitalis.com\/tunisie\/2017\/06\/20\/economie-tunisienne-la-descente-aux-enfers-se-poursuit\/","og_site_name":"Kapitalis","article_publisher":"https:\/\/www.facebook.com\/KapitalisInfo\/","article_published_time":"2017-06-20T08:05:51+00:00","article_modified_time":"2017-06-20T08:08:29+00:00","og_image":[{"url":"http:\/\/kapitalis.com\/tunisie\/wp-content\/uploads\/2015\/08\/Tunisie-Economie-.jpg","type":"","width":"","height":""}],"author":"webmaster kapitalis","twitter_card":"summary_large_image","twitter_creator":"@KapitalisInfo","twitter_site":"@KapitalisInfo","twitter_misc":{"\u00c9crit par":"webmaster kapitalis","Dur\u00e9e de lecture estim\u00e9e":"3 minutes"},"schema":{"@context":"https:\/\/schema.org","@graph":[{"@type":"Article","@id":"https:\/\/kapitalis.com\/tunisie\/2017\/06\/20\/economie-tunisienne-la-descente-aux-enfers-se-poursuit\/#article","isPartOf":{"@id":"https:\/\/kapitalis.com\/tunisie\/2017\/06\/20\/economie-tunisienne-la-descente-aux-enfers-se-poursuit\/"},"author":{"name":"webmaster kapitalis","@id":"https:\/\/kapitalis.com\/tunisie\/#\/schema\/person\/d71f33a9ca44f7bad4698210b480c8e9"},"headline":"Economie tunisienne : La descente aux enfers se poursuit","datePublished":"2017-06-20T08:05:51+00:00","dateModified":"2017-06-20T08:08:29+00:00","mainEntityOfPage":{"@id":"https:\/\/kapitalis.com\/tunisie\/2017\/06\/20\/economie-tunisienne-la-descente-aux-enfers-se-poursuit\/"},"wordCount":601,"commentCount":4,"publisher":{"@id":"https:\/\/kapitalis.com\/tunisie\/#organization"},"image":{"@id":"https:\/\/kapitalis.com\/tunisie\/2017\/06\/20\/economie-tunisienne-la-descente-aux-enfers-se-poursuit\/#primaryimage"},"thumbnailUrl":"http:\/\/kapitalis.com\/tunisie\/wp-content\/uploads\/2015\/08\/Tunisie-Economie-.jpg","keywords":["d\u00e9ficit de la balance commerciale","dette publique","\u00e9conomie tunisienne"],"articleSection":["A LA UNE","TRIBUNE","Tunisie"],"inLanguage":"fr-FR","potentialAction":[{"@type":"CommentAction","name":"Comment","target":["https:\/\/kapitalis.com\/tunisie\/2017\/06\/20\/economie-tunisienne-la-descente-aux-enfers-se-poursuit\/#respond"]}]},{"@type":"WebPage","@id":"https:\/\/kapitalis.com\/tunisie\/2017\/06\/20\/economie-tunisienne-la-descente-aux-enfers-se-poursuit\/","url":"https:\/\/kapitalis.com\/tunisie\/2017\/06\/20\/economie-tunisienne-la-descente-aux-enfers-se-poursuit\/","name":"Economie tunisienne : La descente aux enfers se poursuit - Kapitalis","isPartOf":{"@id":"https:\/\/kapitalis.com\/tunisie\/#website"},"primaryImageOfPage":{"@id":"https:\/\/kapitalis.com\/tunisie\/2017\/06\/20\/economie-tunisienne-la-descente-aux-enfers-se-poursuit\/#primaryimage"},"image":{"@id":"https:\/\/kapitalis.com\/tunisie\/2017\/06\/20\/economie-tunisienne-la-descente-aux-enfers-se-poursuit\/#primaryimage"},"thumbnailUrl":"http:\/\/kapitalis.com\/tunisie\/wp-content\/uploads\/2015\/08\/Tunisie-Economie-.jpg","datePublished":"2017-06-20T08:05:51+00:00","dateModified":"2017-06-20T08:08:29+00:00","breadcrumb":{"@id":"https:\/\/kapitalis.com\/tunisie\/2017\/06\/20\/economie-tunisienne-la-descente-aux-enfers-se-poursuit\/#breadcrumb"},"inLanguage":"fr-FR","potentialAction":[{"@type":"ReadAction","target":["https:\/\/kapitalis.com\/tunisie\/2017\/06\/20\/economie-tunisienne-la-descente-aux-enfers-se-poursuit\/"]}]},{"@type":"ImageObject","inLanguage":"fr-FR","@id":"https:\/\/kapitalis.com\/tunisie\/2017\/06\/20\/economie-tunisienne-la-descente-aux-enfers-se-poursuit\/#primaryimage","url":"http:\/\/kapitalis.com\/tunisie\/wp-content\/uploads\/2015\/08\/Tunisie-Economie-.jpg","contentUrl":"http:\/\/kapitalis.com\/tunisie\/wp-content\/uploads\/2015\/08\/Tunisie-Economie-.jpg"},{"@type":"BreadcrumbList","@id":"https:\/\/kapitalis.com\/tunisie\/2017\/06\/20\/economie-tunisienne-la-descente-aux-enfers-se-poursuit\/#breadcrumb","itemListElement":[{"@type":"ListItem","position":1,"name":"Accueil","item":"https:\/\/kapitalis.com\/tunisie\/"},{"@type":"ListItem","position":2,"name":"Economie tunisienne : La descente aux enfers se poursuit"}]},{"@type":"WebSite","@id":"https:\/\/kapitalis.com\/tunisie\/#website","url":"https:\/\/kapitalis.com\/tunisie\/","name":"Kapitalis","description":"L&#039;actualit\u00e9 en Tunisie et dans le monde","publisher":{"@id":"https:\/\/kapitalis.com\/tunisie\/#organization"},"potentialAction":[{"@type":"SearchAction","target":{"@type":"EntryPoint","urlTemplate":"https:\/\/kapitalis.com\/tunisie\/?s={search_term_string}"},"query-input":{"@type":"PropertyValueSpecification","valueRequired":true,"valueName":"search_term_string"}}],"inLanguage":"fr-FR"},{"@type":"Organization","@id":"https:\/\/kapitalis.com\/tunisie\/#organization","name":"Kapitalis","url":"https:\/\/kapitalis.com\/tunisie\/","logo":{"@type":"ImageObject","inLanguage":"fr-FR","@id":"https:\/\/kapitalis.com\/tunisie\/#\/schema\/logo\/image\/","url":"https:\/\/kapitalis.com\/tunisie\/wp-content\/uploads\/2022\/05\/Kapitalis-big-size.png","contentUrl":"https:\/\/kapitalis.com\/tunisie\/wp-content\/uploads\/2022\/05\/Kapitalis-big-size.png","width":5000,"height":1500,"caption":"Kapitalis"},"image":{"@id":"https:\/\/kapitalis.com\/tunisie\/#\/schema\/logo\/image\/"},"sameAs":["https:\/\/www.facebook.com\/KapitalisInfo\/","https:\/\/x.com\/KapitalisInfo","https:\/\/www.youtube.com\/channel\/UC-yDYrHyfFBWWZaOw3FPg9Q"]},{"@type":"Person","@id":"https:\/\/kapitalis.com\/tunisie\/#\/schema\/person\/d71f33a9ca44f7bad4698210b480c8e9","name":"webmaster kapitalis","url":"https:\/\/kapitalis.com\/tunisie\/author\/webmaster-kapitalis\/"}]}},"_links":{"self":[{"href":"https:\/\/kapitalis.com\/tunisie\/wp-json\/wp\/v2\/posts\/102492","targetHints":{"allow":["GET"]}}],"collection":[{"href":"https:\/\/kapitalis.com\/tunisie\/wp-json\/wp\/v2\/posts"}],"about":[{"href":"https:\/\/kapitalis.com\/tunisie\/wp-json\/wp\/v2\/types\/post"}],"author":[{"embeddable":true,"href":"https:\/\/kapitalis.com\/tunisie\/wp-json\/wp\/v2\/users\/8"}],"replies":[{"embeddable":true,"href":"https:\/\/kapitalis.com\/tunisie\/wp-json\/wp\/v2\/comments?post=102492"}],"version-history":[{"count":0,"href":"https:\/\/kapitalis.com\/tunisie\/wp-json\/wp\/v2\/posts\/102492\/revisions"}],"wp:attachment":[{"href":"https:\/\/kapitalis.com\/tunisie\/wp-json\/wp\/v2\/media?parent=102492"}],"wp:term":[{"taxonomy":"category","embeddable":true,"href":"https:\/\/kapitalis.com\/tunisie\/wp-json\/wp\/v2\/categories?post=102492"},{"taxonomy":"post_tag","embeddable":true,"href":"https:\/\/kapitalis.com\/tunisie\/wp-json\/wp\/v2\/tags?post=102492"}],"curies":[{"name":"wp","href":"https:\/\/api.w.org\/{rel}","templated":true}]}}