{"id":10250660,"date":"2023-10-24T11:05:17","date_gmt":"2023-10-24T10:05:17","guid":{"rendered":"https:\/\/kapitalis.com\/tunisie\/?p=10250660"},"modified":"2023-10-24T11:05:19","modified_gmt":"2023-10-24T10:05:19","slug":"face-au-martyre-des-palestiniens-les-occidentaux-ne-sont-pas-tous-sourds-et-aveugles","status":"publish","type":"post","link":"https:\/\/kapitalis.com\/tunisie\/2023\/10\/24\/face-au-martyre-des-palestiniens-les-occidentaux-ne-sont-pas-tous-sourds-et-aveugles\/","title":{"rendered":"Face au martyre des Palestiniens, les Occidentaux ne sont pas tous sourds et aveugles"},"content":{"rendered":"\n<p><strong><em>Dans cette lettre ouverte au \u00abCamarade Jean-Paul Delescaut\u00bb, l\u2019auteur rend hommage au secr\u00e9taire g\u00e9n\u00e9ral de l\u2019Union d\u00e9partementale de la CGT du Nord France pour sa d\u00e9fense de la juste cause des Palestiniens dans un pays, la France, qui a perdu des valeurs, sa morale et son honneur.<\/em><\/strong><\/p>\n\n\n\n<p>Par <strong>Fathi Hammami<\/strong> *<\/p>\n\n\n\n<!--more-->\n\n\n<div class=\"wp-block-image\">\n<figure class=\"alignleft size-full is-resized\"><img decoding=\"async\" src=\"http:\/\/kapitalis.com\/tunisie\/wp-content\/uploads\/2017\/01\/Fathi-Hammami.jpg\" alt=\"\" class=\"wp-image-79759\" style=\"width:200px\"\/><\/figure>\n<\/div>\n\n\n<p>Cher camarade,<\/p>\n\n\n\n<p>En apprenant votre placement en garde \u00e0 vue ainsi que&nbsp;la secr\u00e9taire administrative de la CGT du Nord&nbsp;en raison de&nbsp;votre soutien au peuple palestinien, j\u2019ai tenu \u00e0 vous f\u00e9liciter d\u2019avoir retrouv\u00e9 votre libert\u00e9 quelques heures apr\u00e8s suite \u00e0 la mobilisation remarquable des forces vives fran\u00e7aises, et \u00e0 vous t\u00e9moigner publiquement ma solidarit\u00e9 ind\u00e9fectible et ma grande estime.<\/p>\n\n\n\n<p>Votre interpellation ne vous a pas fait fl\u00e9chir ni ne vous a dissuad\u00e9 de crier votre soutien \u00e0 la cause palestinienne.<\/p>\n\n\n\n<p>Cher camarade, au moment o\u00f9 les m\u00e9dias fran\u00e7ais ont exclu les avis contraires, des voix se sont \u00e9lev\u00e9es pour soutenir obstin\u00e9ment l\u2019entit\u00e9 sioniste tout en d\u00e9formant les r\u00e9alit\u00e9s du conflit au m\u00e9pris de l\u2019\u00e9thique et de l\u2019objectivit\u00e9 journalistiques.<\/p>\n\n\n\n<p>Le pire est que les avis exprim\u00e9s au sujet des \u00e9v\u00e9nements r\u00e9cents en Palestine sont gravement teint\u00e9s de racisme et de palestinophobie, sans dissimuler un fort tropisme colonialiste.<\/p>\n\n\n\n<p>Et au moment o\u00f9 le gouvernement fran\u00e7ais se cantonne dans une position pro-isra\u00e9lienne suivant une politique de d\u00e9ni des droits l\u00e9gitimes du peuple palestinien sans m\u00eame penser \u00e0 compatir avec un peuple puni collectivement, terroris\u00e9 et meurtri, certaines voix comme la v\u00f4tre ne se sont pas r\u00e9sign\u00e9es.<\/p>\n\n\n\n<p>Le positionnement politique de la France tourne le dos au droit international et \u00e0 la Charte de l\u2019Onu, et ne se pr\u00e9occupe gu\u00e8re des r\u00e9solutions du Conseil de S\u00e9curit\u00e9. Le comble est que ce gouvernement s\u2019est engag\u00e9 d\u00e9lib\u00e9r\u00e9ment sur une voie autoritaire criminalisant les expressions de soutien au peuple palestinien, sans compter les diabolisations et les stigmatisations.<\/p>\n\n\n\n<p>Et au moment o\u00f9 l\u2019opinion publique tunisienne commen\u00e7ait \u00e0 d\u00e9sesp\u00e9rer de la capacit\u00e9 des forces de libert\u00e9 \u00e0 ouvrir le blocus m\u00e9diatique et \u00e0 d\u00e9fier la police de l\u2019opinion unique, votre action et votre expression libre viennent \u00e0 temps pour rejoindre et conforter celle de beaucoup d\u2019autres justes.<\/p>\n\n\n\n<p>A travers vous, la CGT prouve son engagement et montre qu\u2019elle est l\u2019un des plus s\u00fbrs soutiens de la question palestinienne.<\/p>\n\n\n\n<p>Cher camarade,<\/p>\n\n\n\n<p>En tant que soutien tunisien de la noble cause palestinienne, je voudrais saluer votre attachement \u00e0 la justice, votre courage, et votre indignation des forces responsables de la souffrance du peuple palestinien.<\/p>\n\n\n\n<p>La CGT&nbsp;a toujours \u00e9t\u00e9 \u00e0 c\u00f4t\u00e9 du peuple palestinien, pour lui demander justice, et elle le restera.<\/p>\n\n\n\n<p>* <em>Ancien membre du comit\u00e9 directeur de la Ligue tunisienne pour la d\u00e9fense des droits de l\u2019Homme (LTDH), ancien cadre de l\u2019UGTT et activiste associatif et politique.<\/em><\/p>\n\n\n\n<figure class=\"wp-block-embed is-type-wp-embed is-provider-kapitalis wp-block-embed-kapitalis\"><div class=\"wp-block-embed__wrapper\">\n<blockquote class=\"wp-embedded-content\" data-secret=\"FmtSg9tMmD\"><a href=\"https:\/\/kapitalis.com\/tunisie\/2023\/10\/13\/guerre-au-proche-orient-melenchon-dans-le-sens-de-lhistoire\/\">Guerre au Proche-Orient\u00a0: M\u00e9lenchon dans le sens de l\u2019Histoire \u00a0<\/a><\/blockquote><iframe loading=\"lazy\" class=\"wp-embedded-content\" sandbox=\"allow-scripts\" security=\"restricted\" style=\"position: absolute; clip: rect(1px, 1px, 1px, 1px);\" title=\"\u00ab\u00a0Guerre au Proche-Orient\u00a0: M\u00e9lenchon dans le sens de l\u2019Histoire \u00a0\u00a0\u00bb &#8212; Kapitalis\" src=\"https:\/\/kapitalis.com\/tunisie\/2023\/10\/13\/guerre-au-proche-orient-melenchon-dans-le-sens-de-lhistoire\/embed\/#?secret=dpb6roKm5W#?secret=FmtSg9tMmD\" data-secret=\"FmtSg9tMmD\" width=\"600\" height=\"338\" frameborder=\"0\" marginwidth=\"0\" marginheight=\"0\" scrolling=\"no\"><\/iframe>\n<\/div><\/figure>\n","protected":false},"excerpt":{"rendered":"<p>Hommage \u00e0 Jean-Paul Delescaut pour  sa d\u00e9fense de la juste cause des Palestiniens<\/p>\n","protected":false},"author":8,"featured_media":10250687,"comment_status":"open","ping_status":"open","sticky":false,"template":"","format":"standard","meta":{"footnotes":""},"categories":[992,997,1000,2433],"tags":[70378,111748,395,2478,111747,4026,2739],"class_list":["post-10250660","post","type-post","status-publish","format-standard","has-post-thumbnail","hentry","category-a-la-une","category-politique","category-tribune","category-tunisie","tag-cgt","tag-fathi-hammami","tag-france","tag-israel","tag-jean-paul-delescaut","tag-palestine","tag-palestiniens"],"yoast_head":"<!-- This site is optimized with the Yoast SEO plugin v26.6 - https:\/\/yoast.com\/wordpress\/plugins\/seo\/ -->\n<title>Face au martyre des Palestiniens, les Occidentaux ne sont pas tous sourds et aveugles - Kapitalis<\/title>\n<meta name=\"robots\" content=\"index, follow, max-snippet:-1, max-image-preview:large, max-video-preview:-1\" \/>\n<link rel=\"canonical\" href=\"https:\/\/kapitalis.com\/tunisie\/2023\/10\/24\/face-au-martyre-des-palestiniens-les-occidentaux-ne-sont-pas-tous-sourds-et-aveugles\/\" \/>\n<meta property=\"og:locale\" content=\"fr_FR\" \/>\n<meta property=\"og:type\" content=\"article\" \/>\n<meta property=\"og:title\" content=\"Face au martyre des Palestiniens, les Occidentaux ne sont pas tous sourds et aveugles - Kapitalis\" \/>\n<meta property=\"og:description\" content=\"Hommage \u00e0 Jean-Paul Delescaut pour sa d\u00e9fense de la juste cause des Palestiniens\" \/>\n<meta property=\"og:url\" content=\"https:\/\/kapitalis.com\/tunisie\/2023\/10\/24\/face-au-martyre-des-palestiniens-les-occidentaux-ne-sont-pas-tous-sourds-et-aveugles\/\" \/>\n<meta property=\"og:site_name\" content=\"Kapitalis\" \/>\n<meta property=\"article:publisher\" content=\"https:\/\/www.facebook.com\/KapitalisInfo\/\" \/>\n<meta property=\"article:published_time\" content=\"2023-10-24T10:05:17+00:00\" \/>\n<meta property=\"article:modified_time\" content=\"2023-10-24T10:05:19+00:00\" \/>\n<meta property=\"og:image\" content=\"https:\/\/kapitalis.com\/tunisie\/wp-content\/uploads\/2023\/10\/Jean-Paul-Delescaut.jpg\" \/>\n\t<meta property=\"og:image:width\" content=\"1200\" \/>\n\t<meta property=\"og:image:height\" content=\"630\" \/>\n\t<meta property=\"og:image:type\" content=\"image\/jpeg\" \/>\n<meta name=\"author\" content=\"webmaster kapitalis\" \/>\n<meta name=\"twitter:card\" content=\"summary_large_image\" \/>\n<meta name=\"twitter:creator\" content=\"@KapitalisInfo\" \/>\n<meta name=\"twitter:site\" content=\"@KapitalisInfo\" \/>\n<meta name=\"twitter:label1\" content=\"\u00c9crit par\" \/>\n\t<meta name=\"twitter:data1\" content=\"webmaster kapitalis\" \/>\n\t<meta name=\"twitter:label2\" content=\"Dur\u00e9e de lecture estim\u00e9e\" \/>\n\t<meta name=\"twitter:data2\" content=\"3 minutes\" \/>\n<script type=\"application\/ld+json\" class=\"yoast-schema-graph\">{\"@context\":\"https:\/\/schema.org\",\"@graph\":[{\"@type\":\"Article\",\"@id\":\"https:\/\/kapitalis.com\/tunisie\/2023\/10\/24\/face-au-martyre-des-palestiniens-les-occidentaux-ne-sont-pas-tous-sourds-et-aveugles\/#article\",\"isPartOf\":{\"@id\":\"https:\/\/kapitalis.com\/tunisie\/2023\/10\/24\/face-au-martyre-des-palestiniens-les-occidentaux-ne-sont-pas-tous-sourds-et-aveugles\/\"},\"author\":{\"name\":\"webmaster kapitalis\",\"@id\":\"https:\/\/kapitalis.com\/tunisie\/#\/schema\/person\/d71f33a9ca44f7bad4698210b480c8e9\"},\"headline\":\"Face au martyre des Palestiniens, les Occidentaux ne sont pas tous sourds et aveugles\",\"datePublished\":\"2023-10-24T10:05:17+00:00\",\"dateModified\":\"2023-10-24T10:05:19+00:00\",\"mainEntityOfPage\":{\"@id\":\"https:\/\/kapitalis.com\/tunisie\/2023\/10\/24\/face-au-martyre-des-palestiniens-les-occidentaux-ne-sont-pas-tous-sourds-et-aveugles\/\"},\"wordCount\":522,\"commentCount\":0,\"publisher\":{\"@id\":\"https:\/\/kapitalis.com\/tunisie\/#organization\"},\"image\":{\"@id\":\"https:\/\/kapitalis.com\/tunisie\/2023\/10\/24\/face-au-martyre-des-palestiniens-les-occidentaux-ne-sont-pas-tous-sourds-et-aveugles\/#primaryimage\"},\"thumbnailUrl\":\"https:\/\/kapitalis.com\/tunisie\/wp-content\/uploads\/2023\/10\/Jean-Paul-Delescaut.jpg\",\"keywords\":[\"CGT\",\"Fathi Hammami\",\"France\",\"Isra\u00ebl\",\"Jean-Paul Delescaut\",\"Palestine\",\"Palestiniens\"],\"articleSection\":[\"A LA UNE\",\"POLITIQUE\",\"TRIBUNE\",\"Tunisie\"],\"inLanguage\":\"fr-FR\",\"potentialAction\":[{\"@type\":\"CommentAction\",\"name\":\"Comment\",\"target\":[\"https:\/\/kapitalis.com\/tunisie\/2023\/10\/24\/face-au-martyre-des-palestiniens-les-occidentaux-ne-sont-pas-tous-sourds-et-aveugles\/#respond\"]}]},{\"@type\":\"WebPage\",\"@id\":\"https:\/\/kapitalis.com\/tunisie\/2023\/10\/24\/face-au-martyre-des-palestiniens-les-occidentaux-ne-sont-pas-tous-sourds-et-aveugles\/\",\"url\":\"https:\/\/kapitalis.com\/tunisie\/2023\/10\/24\/face-au-martyre-des-palestiniens-les-occidentaux-ne-sont-pas-tous-sourds-et-aveugles\/\",\"name\":\"Face au martyre des Palestiniens, les Occidentaux ne sont pas tous sourds et aveugles - Kapitalis\",\"isPartOf\":{\"@id\":\"https:\/\/kapitalis.com\/tunisie\/#website\"},\"primaryImageOfPage\":{\"@id\":\"https:\/\/kapitalis.com\/tunisie\/2023\/10\/24\/face-au-martyre-des-palestiniens-les-occidentaux-ne-sont-pas-tous-sourds-et-aveugles\/#primaryimage\"},\"image\":{\"@id\":\"https:\/\/kapitalis.com\/tunisie\/2023\/10\/24\/face-au-martyre-des-palestiniens-les-occidentaux-ne-sont-pas-tous-sourds-et-aveugles\/#primaryimage\"},\"thumbnailUrl\":\"https:\/\/kapitalis.com\/tunisie\/wp-content\/uploads\/2023\/10\/Jean-Paul-Delescaut.jpg\",\"datePublished\":\"2023-10-24T10:05:17+00:00\",\"dateModified\":\"2023-10-24T10:05:19+00:00\",\"breadcrumb\":{\"@id\":\"https:\/\/kapitalis.com\/tunisie\/2023\/10\/24\/face-au-martyre-des-palestiniens-les-occidentaux-ne-sont-pas-tous-sourds-et-aveugles\/#breadcrumb\"},\"inLanguage\":\"fr-FR\",\"potentialAction\":[{\"@type\":\"ReadAction\",\"target\":[\"https:\/\/kapitalis.com\/tunisie\/2023\/10\/24\/face-au-martyre-des-palestiniens-les-occidentaux-ne-sont-pas-tous-sourds-et-aveugles\/\"]}]},{\"@type\":\"ImageObject\",\"inLanguage\":\"fr-FR\",\"@id\":\"https:\/\/kapitalis.com\/tunisie\/2023\/10\/24\/face-au-martyre-des-palestiniens-les-occidentaux-ne-sont-pas-tous-sourds-et-aveugles\/#primaryimage\",\"url\":\"https:\/\/kapitalis.com\/tunisie\/wp-content\/uploads\/2023\/10\/Jean-Paul-Delescaut.jpg\",\"contentUrl\":\"https:\/\/kapitalis.com\/tunisie\/wp-content\/uploads\/2023\/10\/Jean-Paul-Delescaut.jpg\",\"width\":1200,\"height\":630},{\"@type\":\"BreadcrumbList\",\"@id\":\"https:\/\/kapitalis.com\/tunisie\/2023\/10\/24\/face-au-martyre-des-palestiniens-les-occidentaux-ne-sont-pas-tous-sourds-et-aveugles\/#breadcrumb\",\"itemListElement\":[{\"@type\":\"ListItem\",\"position\":1,\"name\":\"Accueil\",\"item\":\"https:\/\/kapitalis.com\/tunisie\/\"},{\"@type\":\"ListItem\",\"position\":2,\"name\":\"Face au martyre des Palestiniens, les Occidentaux ne sont pas tous sourds et aveugles\"}]},{\"@type\":\"WebSite\",\"@id\":\"https:\/\/kapitalis.com\/tunisie\/#website\",\"url\":\"https:\/\/kapitalis.com\/tunisie\/\",\"name\":\"Kapitalis\",\"description\":\"L&#039;actualit\u00e9 en Tunisie et dans le monde\",\"publisher\":{\"@id\":\"https:\/\/kapitalis.com\/tunisie\/#organization\"},\"potentialAction\":[{\"@type\":\"SearchAction\",\"target\":{\"@type\":\"EntryPoint\",\"urlTemplate\":\"https:\/\/kapitalis.com\/tunisie\/?s={search_term_string}\"},\"query-input\":{\"@type\":\"PropertyValueSpecification\",\"valueRequired\":true,\"valueName\":\"search_term_string\"}}],\"inLanguage\":\"fr-FR\"},{\"@type\":\"Organization\",\"@id\":\"https:\/\/kapitalis.com\/tunisie\/#organization\",\"name\":\"Kapitalis\",\"url\":\"https:\/\/kapitalis.com\/tunisie\/\",\"logo\":{\"@type\":\"ImageObject\",\"inLanguage\":\"fr-FR\",\"@id\":\"https:\/\/kapitalis.com\/tunisie\/#\/schema\/logo\/image\/\",\"url\":\"https:\/\/kapitalis.com\/tunisie\/wp-content\/uploads\/2022\/05\/Kapitalis-big-size.png\",\"contentUrl\":\"https:\/\/kapitalis.com\/tunisie\/wp-content\/uploads\/2022\/05\/Kapitalis-big-size.png\",\"width\":5000,\"height\":1500,\"caption\":\"Kapitalis\"},\"image\":{\"@id\":\"https:\/\/kapitalis.com\/tunisie\/#\/schema\/logo\/image\/\"},\"sameAs\":[\"https:\/\/www.facebook.com\/KapitalisInfo\/\",\"https:\/\/x.com\/KapitalisInfo\",\"https:\/\/www.youtube.com\/channel\/UC-yDYrHyfFBWWZaOw3FPg9Q\"]},{\"@type\":\"Person\",\"@id\":\"https:\/\/kapitalis.com\/tunisie\/#\/schema\/person\/d71f33a9ca44f7bad4698210b480c8e9\",\"name\":\"webmaster kapitalis\",\"url\":\"https:\/\/kapitalis.com\/tunisie\/author\/webmaster-kapitalis\/\"}]}<\/script>\n<!-- \/ Yoast SEO plugin. -->","yoast_head_json":{"title":"Face au martyre des Palestiniens, les Occidentaux ne sont pas tous sourds et aveugles - Kapitalis","robots":{"index":"index","follow":"follow","max-snippet":"max-snippet:-1","max-image-preview":"max-image-preview:large","max-video-preview":"max-video-preview:-1"},"canonical":"https:\/\/kapitalis.com\/tunisie\/2023\/10\/24\/face-au-martyre-des-palestiniens-les-occidentaux-ne-sont-pas-tous-sourds-et-aveugles\/","og_locale":"fr_FR","og_type":"article","og_title":"Face au martyre des Palestiniens, les Occidentaux ne sont pas tous sourds et aveugles - Kapitalis","og_description":"Hommage \u00e0 Jean-Paul Delescaut pour sa d\u00e9fense de la juste cause des Palestiniens","og_url":"https:\/\/kapitalis.com\/tunisie\/2023\/10\/24\/face-au-martyre-des-palestiniens-les-occidentaux-ne-sont-pas-tous-sourds-et-aveugles\/","og_site_name":"Kapitalis","article_publisher":"https:\/\/www.facebook.com\/KapitalisInfo\/","article_published_time":"2023-10-24T10:05:17+00:00","article_modified_time":"2023-10-24T10:05:19+00:00","og_image":[{"width":1200,"height":630,"url":"https:\/\/kapitalis.com\/tunisie\/wp-content\/uploads\/2023\/10\/Jean-Paul-Delescaut.jpg","type":"image\/jpeg"}],"author":"webmaster kapitalis","twitter_card":"summary_large_image","twitter_creator":"@KapitalisInfo","twitter_site":"@KapitalisInfo","twitter_misc":{"\u00c9crit par":"webmaster kapitalis","Dur\u00e9e de lecture estim\u00e9e":"3 minutes"},"schema":{"@context":"https:\/\/schema.org","@graph":[{"@type":"Article","@id":"https:\/\/kapitalis.com\/tunisie\/2023\/10\/24\/face-au-martyre-des-palestiniens-les-occidentaux-ne-sont-pas-tous-sourds-et-aveugles\/#article","isPartOf":{"@id":"https:\/\/kapitalis.com\/tunisie\/2023\/10\/24\/face-au-martyre-des-palestiniens-les-occidentaux-ne-sont-pas-tous-sourds-et-aveugles\/"},"author":{"name":"webmaster kapitalis","@id":"https:\/\/kapitalis.com\/tunisie\/#\/schema\/person\/d71f33a9ca44f7bad4698210b480c8e9"},"headline":"Face au martyre des Palestiniens, les Occidentaux ne sont pas tous sourds et aveugles","datePublished":"2023-10-24T10:05:17+00:00","dateModified":"2023-10-24T10:05:19+00:00","mainEntityOfPage":{"@id":"https:\/\/kapitalis.com\/tunisie\/2023\/10\/24\/face-au-martyre-des-palestiniens-les-occidentaux-ne-sont-pas-tous-sourds-et-aveugles\/"},"wordCount":522,"commentCount":0,"publisher":{"@id":"https:\/\/kapitalis.com\/tunisie\/#organization"},"image":{"@id":"https:\/\/kapitalis.com\/tunisie\/2023\/10\/24\/face-au-martyre-des-palestiniens-les-occidentaux-ne-sont-pas-tous-sourds-et-aveugles\/#primaryimage"},"thumbnailUrl":"https:\/\/kapitalis.com\/tunisie\/wp-content\/uploads\/2023\/10\/Jean-Paul-Delescaut.jpg","keywords":["CGT","Fathi Hammami","France","Isra\u00ebl","Jean-Paul Delescaut","Palestine","Palestiniens"],"articleSection":["A LA UNE","POLITIQUE","TRIBUNE","Tunisie"],"inLanguage":"fr-FR","potentialAction":[{"@type":"CommentAction","name":"Comment","target":["https:\/\/kapitalis.com\/tunisie\/2023\/10\/24\/face-au-martyre-des-palestiniens-les-occidentaux-ne-sont-pas-tous-sourds-et-aveugles\/#respond"]}]},{"@type":"WebPage","@id":"https:\/\/kapitalis.com\/tunisie\/2023\/10\/24\/face-au-martyre-des-palestiniens-les-occidentaux-ne-sont-pas-tous-sourds-et-aveugles\/","url":"https:\/\/kapitalis.com\/tunisie\/2023\/10\/24\/face-au-martyre-des-palestiniens-les-occidentaux-ne-sont-pas-tous-sourds-et-aveugles\/","name":"Face au martyre des Palestiniens, les Occidentaux ne sont pas tous sourds et aveugles - Kapitalis","isPartOf":{"@id":"https:\/\/kapitalis.com\/tunisie\/#website"},"primaryImageOfPage":{"@id":"https:\/\/kapitalis.com\/tunisie\/2023\/10\/24\/face-au-martyre-des-palestiniens-les-occidentaux-ne-sont-pas-tous-sourds-et-aveugles\/#primaryimage"},"image":{"@id":"https:\/\/kapitalis.com\/tunisie\/2023\/10\/24\/face-au-martyre-des-palestiniens-les-occidentaux-ne-sont-pas-tous-sourds-et-aveugles\/#primaryimage"},"thumbnailUrl":"https:\/\/kapitalis.com\/tunisie\/wp-content\/uploads\/2023\/10\/Jean-Paul-Delescaut.jpg","datePublished":"2023-10-24T10:05:17+00:00","dateModified":"2023-10-24T10:05:19+00:00","breadcrumb":{"@id":"https:\/\/kapitalis.com\/tunisie\/2023\/10\/24\/face-au-martyre-des-palestiniens-les-occidentaux-ne-sont-pas-tous-sourds-et-aveugles\/#breadcrumb"},"inLanguage":"fr-FR","potentialAction":[{"@type":"ReadAction","target":["https:\/\/kapitalis.com\/tunisie\/2023\/10\/24\/face-au-martyre-des-palestiniens-les-occidentaux-ne-sont-pas-tous-sourds-et-aveugles\/"]}]},{"@type":"ImageObject","inLanguage":"fr-FR","@id":"https:\/\/kapitalis.com\/tunisie\/2023\/10\/24\/face-au-martyre-des-palestiniens-les-occidentaux-ne-sont-pas-tous-sourds-et-aveugles\/#primaryimage","url":"https:\/\/kapitalis.com\/tunisie\/wp-content\/uploads\/2023\/10\/Jean-Paul-Delescaut.jpg","contentUrl":"https:\/\/kapitalis.com\/tunisie\/wp-content\/uploads\/2023\/10\/Jean-Paul-Delescaut.jpg","width":1200,"height":630},{"@type":"BreadcrumbList","@id":"https:\/\/kapitalis.com\/tunisie\/2023\/10\/24\/face-au-martyre-des-palestiniens-les-occidentaux-ne-sont-pas-tous-sourds-et-aveugles\/#breadcrumb","itemListElement":[{"@type":"ListItem","position":1,"name":"Accueil","item":"https:\/\/kapitalis.com\/tunisie\/"},{"@type":"ListItem","position":2,"name":"Face au martyre des Palestiniens, les Occidentaux ne sont pas tous sourds et aveugles"}]},{"@type":"WebSite","@id":"https:\/\/kapitalis.com\/tunisie\/#website","url":"https:\/\/kapitalis.com\/tunisie\/","name":"Kapitalis","description":"L&#039;actualit\u00e9 en Tunisie et dans le monde","publisher":{"@id":"https:\/\/kapitalis.com\/tunisie\/#organization"},"potentialAction":[{"@type":"SearchAction","target":{"@type":"EntryPoint","urlTemplate":"https:\/\/kapitalis.com\/tunisie\/?s={search_term_string}"},"query-input":{"@type":"PropertyValueSpecification","valueRequired":true,"valueName":"search_term_string"}}],"inLanguage":"fr-FR"},{"@type":"Organization","@id":"https:\/\/kapitalis.com\/tunisie\/#organization","name":"Kapitalis","url":"https:\/\/kapitalis.com\/tunisie\/","logo":{"@type":"ImageObject","inLanguage":"fr-FR","@id":"https:\/\/kapitalis.com\/tunisie\/#\/schema\/logo\/image\/","url":"https:\/\/kapitalis.com\/tunisie\/wp-content\/uploads\/2022\/05\/Kapitalis-big-size.png","contentUrl":"https:\/\/kapitalis.com\/tunisie\/wp-content\/uploads\/2022\/05\/Kapitalis-big-size.png","width":5000,"height":1500,"caption":"Kapitalis"},"image":{"@id":"https:\/\/kapitalis.com\/tunisie\/#\/schema\/logo\/image\/"},"sameAs":["https:\/\/www.facebook.com\/KapitalisInfo\/","https:\/\/x.com\/KapitalisInfo","https:\/\/www.youtube.com\/channel\/UC-yDYrHyfFBWWZaOw3FPg9Q"]},{"@type":"Person","@id":"https:\/\/kapitalis.com\/tunisie\/#\/schema\/person\/d71f33a9ca44f7bad4698210b480c8e9","name":"webmaster kapitalis","url":"https:\/\/kapitalis.com\/tunisie\/author\/webmaster-kapitalis\/"}]}},"_links":{"self":[{"href":"https:\/\/kapitalis.com\/tunisie\/wp-json\/wp\/v2\/posts\/10250660","targetHints":{"allow":["GET"]}}],"collection":[{"href":"https:\/\/kapitalis.com\/tunisie\/wp-json\/wp\/v2\/posts"}],"about":[{"href":"https:\/\/kapitalis.com\/tunisie\/wp-json\/wp\/v2\/types\/post"}],"author":[{"embeddable":true,"href":"https:\/\/kapitalis.com\/tunisie\/wp-json\/wp\/v2\/users\/8"}],"replies":[{"embeddable":true,"href":"https:\/\/kapitalis.com\/tunisie\/wp-json\/wp\/v2\/comments?post=10250660"}],"version-history":[{"count":1,"href":"https:\/\/kapitalis.com\/tunisie\/wp-json\/wp\/v2\/posts\/10250660\/revisions"}],"predecessor-version":[{"id":10250693,"href":"https:\/\/kapitalis.com\/tunisie\/wp-json\/wp\/v2\/posts\/10250660\/revisions\/10250693"}],"wp:featuredmedia":[{"embeddable":true,"href":"https:\/\/kapitalis.com\/tunisie\/wp-json\/wp\/v2\/media\/10250687"}],"wp:attachment":[{"href":"https:\/\/kapitalis.com\/tunisie\/wp-json\/wp\/v2\/media?parent=10250660"}],"wp:term":[{"taxonomy":"category","embeddable":true,"href":"https:\/\/kapitalis.com\/tunisie\/wp-json\/wp\/v2\/categories?post=10250660"},{"taxonomy":"post_tag","embeddable":true,"href":"https:\/\/kapitalis.com\/tunisie\/wp-json\/wp\/v2\/tags?post=10250660"}],"curies":[{"name":"wp","href":"https:\/\/api.w.org\/{rel}","templated":true}]}}