{"id":10251253,"date":"2023-10-24T13:09:05","date_gmt":"2023-10-24T12:09:05","guid":{"rendered":"https:\/\/kapitalis.com\/tunisie\/?p=10251253"},"modified":"2023-10-24T13:13:29","modified_gmt":"2023-10-24T12:13:29","slug":"bain-de-foule-de-kais-saied-a-tunis-nous-vaincrons-ou-nous-mourrons","status":"publish","type":"post","link":"https:\/\/kapitalis.com\/tunisie\/2023\/10\/24\/bain-de-foule-de-kais-saied-a-tunis-nous-vaincrons-ou-nous-mourrons\/","title":{"rendered":"Bain de foule de Ka\u00efs Sa\u00efed \u00e0 Tunis\u00a0: \u00abNous vaincrons ou nous mourrons\u00bb"},"content":{"rendered":"\n<p><strong><em>Tard hier soir, lundi 23 octobre 2023, le pr\u00e9sident Ka\u00efs Sa\u00efed s\u2019est rendu dans les quartiers populaires d\u2019Intilaka et d\u2019El Mnihla, \u00e0 l\u2019ouest de Tunis, \u00abo\u00f9 il a rencontr\u00e9 des groupes de citoyens et \u00e9cout\u00e9 leurs pr\u00e9occupations et aspirations\u00bb.<\/em><\/strong> <a href=\"https:\/\/www.facebook.com\/Presidence.tn\/videos\/992260925401973\" target=\"_blank\" rel=\"noreferrer noopener\">Vid\u00e9o.<\/a> <\/p>\n\n\n\n<!--more-->\n\n\n\n<p>C\u2019est ce que la pr\u00e9sidence de la r\u00e9publique a fait savoir dans une vid\u00e9o publi\u00e9e sur Facebook, dans laquelle on voit Sa\u00efed se rendre chez un boulanger pour v\u00e9rifier la disponibilit\u00e9 du pain et se promener dans les rues en lan\u00e7ant des slogans de soutien au peuple palestinien et en d\u00e9non\u00e7ant les Etats qui d\u00e9fendent les droits de l\u2019homme et ferment les yeux perp\u00e9tr\u00e9s contre les Palestiniens.<\/p>\n\n\n\n<p>Sa\u00efed a soulign\u00e9 qu\u2019<em>\u00aben Tunisie il n<\/em><em>\u2019<\/em><em>y a pas de place pour les tra\u00eetres et les hommes qui ont affaire \u00e0 l<\/em><em>\u2019<\/em><em>entit\u00e9 sioniste\u00bb<\/em>, rappelant que <em>\u00ables pays qui pr\u00e9tendent \u00e0 la protection des droits et libert\u00e9s sont complices des atrocit\u00e9s commises par l<\/em><em>\u2019<\/em><em>occupant\u00bb<\/em>, dans une limpide allusion aux Etats-Unis et \u00e0 l\u2019Union europ\u00e9enne.<\/p>\n\n\n\n<p>Tout en saluant la m\u00e9moire des martyrs palestiniens, le pr\u00e9sident a harangu\u00e9 la foule \u00e0 la mani\u00e8re d\u2019un chauffeur de salle\u00a0en lan\u00e7ant, le poing en l&rsquo;air : <em>\u00abNous vaincrons ou nous mourrons\u00a0!\u00bb<\/em> <\/p>\n\n\n\n<p>Si on voulait envoyer les jeunes exalt\u00e9s au jihad \u00e0 Gaza, on ne se serait pas comport\u00e9 autrement. Il faut dire que le pr\u00e9sident Sa\u00efed est un chef d&rsquo;Etat assez sp\u00e9cial : il dit tout haut ce que tout citoyen lambda aimerait bien entendre.<\/p>\n\n\n\n<p>Echangeant avec certains citoyens sur leurs difficult\u00e9s quotidiennes, le pr\u00e9sident a soulign\u00e9 que la solution ne peut \u00eatre que collective et que tout sera possible lorsque la Tunisie aura r\u00e9cup\u00e9r\u00e9 ses richesses pill\u00e9es.<\/p>\n\n\n\n<p>Peu auparavant, Sa\u00efed avait re\u00e7u le ministre des Affaires \u00e9trang\u00e8res Nabil Ammar, lui demandant de convoquer certains ambassadeurs accr\u00e9dit\u00e9s en Tunisie pour appeler \u00e0 l\u2019application du droit international humanitaire en Palestine. Il a \u00e9galement rencontr\u00e9 le ministre de l\u2019Int\u00e9rieur, Kamel Feki, \u00e0 qui il a rappel\u00e9<em> \u00abl\u2019importance de maintenir la vigilance et d\u2019assurer la s\u00e9curit\u00e9 des manifestations pro-palestiniennes\u00bb<\/em>.<\/p>\n\n\n\n<p>Dans ses \u00e9changes avec les citoyens \u00e0 propos de la crise au Proche-Orient, Sa\u00efed s\u2019est dit persuad\u00e9 que les Palestiniens finiront par triompher et que leur victoire finale ne fait aucun doute, disant aux gens ce qu\u2019ils voudraient bien entendre et les ber\u00e7ant de douces r\u00eaveries \u00e9veill\u00e9es.<\/p>\n\n\n\n<p>Cet \u00e9ni\u00e8me bain de foule qu\u2019il s\u2019est offert, entour\u00e9 d\u2019un important dispositif s\u00e9curitaire, s\u2019inscrit dans la campagne \u00e9lectorale perp\u00e9tuelle que Ka\u00efs Sa\u00efed m\u00e8ne depuis son \u00e9lections en 2019, et qui lui permet d\u2019entretenir sa popularit\u00e9. <\/p>\n\n\n\n<p class=\"has-text-align-right\"><strong>I. B.<\/strong><\/p>\n\n\n\n<p class=\"has-text-align-left\"> \u00a0<a href=\"https:\/\/www.facebook.com\/Presidence.tn\/videos\/992260925401973\" target=\"_blank\" rel=\"noreferrer noopener\">Vid\u00e9o.<\/a> <\/p>\n","protected":false},"excerpt":{"rendered":"<p>Ka\u00efs Sa\u00efed appelle \u00e0 l\u2019application du droit international humanitaire en Palestine. <\/p>\n","protected":false},"author":8,"featured_media":10251284,"comment_status":"open","ping_status":"open","sticky":false,"template":"","format":"standard","meta":{"footnotes":""},"categories":[997,2433,4806],"tags":[98290,94836,76012,96161,92415,2739,62643],"class_list":["post-10251253","post","type-post","status-publish","format-standard","has-post-thumbnail","hentry","category-politique","category-tunisie","category-videos","tag-el-mnihla","tag-intilaka","tag-kais-saied-2","tag-kamel-feki","tag-nabil-ammar","tag-palestiniens","tag-tunisie"],"yoast_head":"<!-- This site is optimized with the Yoast SEO plugin v26.6 - https:\/\/yoast.com\/wordpress\/plugins\/seo\/ -->\n<title>Bain de foule de Ka\u00efs Sa\u00efed \u00e0 Tunis\u00a0: \u00abNous vaincrons ou nous mourrons\u00bb - Kapitalis<\/title>\n<meta name=\"robots\" content=\"index, follow, max-snippet:-1, max-image-preview:large, max-video-preview:-1\" \/>\n<link rel=\"canonical\" href=\"https:\/\/kapitalis.com\/tunisie\/2023\/10\/24\/bain-de-foule-de-kais-saied-a-tunis-nous-vaincrons-ou-nous-mourrons\/\" \/>\n<meta property=\"og:locale\" content=\"fr_FR\" \/>\n<meta property=\"og:type\" content=\"article\" \/>\n<meta property=\"og:title\" content=\"Bain de foule de Ka\u00efs Sa\u00efed \u00e0 Tunis\u00a0: \u00abNous vaincrons ou nous mourrons\u00bb - Kapitalis\" \/>\n<meta property=\"og:description\" content=\"Ka\u00efs Sa\u00efed appelle \u00e0 l\u2019application du droit international humanitaire en Palestine.\" \/>\n<meta property=\"og:url\" content=\"https:\/\/kapitalis.com\/tunisie\/2023\/10\/24\/bain-de-foule-de-kais-saied-a-tunis-nous-vaincrons-ou-nous-mourrons\/\" \/>\n<meta property=\"og:site_name\" content=\"Kapitalis\" \/>\n<meta property=\"article:publisher\" content=\"https:\/\/www.facebook.com\/KapitalisInfo\/\" \/>\n<meta property=\"article:published_time\" content=\"2023-10-24T12:09:05+00:00\" \/>\n<meta property=\"article:modified_time\" content=\"2023-10-24T12:13:29+00:00\" \/>\n<meta property=\"og:image\" content=\"https:\/\/kapitalis.com\/tunisie\/wp-content\/uploads\/2023\/10\/Kais-Saied-Cite-Intilaka-El-Mnihla.jpg\" \/>\n\t<meta property=\"og:image:width\" content=\"1200\" \/>\n\t<meta property=\"og:image:height\" content=\"630\" \/>\n\t<meta property=\"og:image:type\" content=\"image\/jpeg\" \/>\n<meta name=\"author\" content=\"webmaster kapitalis\" \/>\n<meta name=\"twitter:card\" content=\"summary_large_image\" \/>\n<meta name=\"twitter:creator\" content=\"@KapitalisInfo\" \/>\n<meta name=\"twitter:site\" content=\"@KapitalisInfo\" \/>\n<meta name=\"twitter:label1\" content=\"\u00c9crit par\" \/>\n\t<meta name=\"twitter:data1\" content=\"webmaster kapitalis\" \/>\n\t<meta name=\"twitter:label2\" content=\"Dur\u00e9e de lecture estim\u00e9e\" \/>\n\t<meta name=\"twitter:data2\" content=\"3 minutes\" \/>\n<script type=\"application\/ld+json\" class=\"yoast-schema-graph\">{\"@context\":\"https:\/\/schema.org\",\"@graph\":[{\"@type\":\"Article\",\"@id\":\"https:\/\/kapitalis.com\/tunisie\/2023\/10\/24\/bain-de-foule-de-kais-saied-a-tunis-nous-vaincrons-ou-nous-mourrons\/#article\",\"isPartOf\":{\"@id\":\"https:\/\/kapitalis.com\/tunisie\/2023\/10\/24\/bain-de-foule-de-kais-saied-a-tunis-nous-vaincrons-ou-nous-mourrons\/\"},\"author\":{\"name\":\"webmaster kapitalis\",\"@id\":\"https:\/\/kapitalis.com\/tunisie\/#\/schema\/person\/d71f33a9ca44f7bad4698210b480c8e9\"},\"headline\":\"Bain de foule de Ka\u00efs Sa\u00efed \u00e0 Tunis\u00a0: \u00abNous vaincrons ou nous mourrons\u00bb\",\"datePublished\":\"2023-10-24T12:09:05+00:00\",\"dateModified\":\"2023-10-24T12:13:29+00:00\",\"mainEntityOfPage\":{\"@id\":\"https:\/\/kapitalis.com\/tunisie\/2023\/10\/24\/bain-de-foule-de-kais-saied-a-tunis-nous-vaincrons-ou-nous-mourrons\/\"},\"wordCount\":490,\"commentCount\":8,\"publisher\":{\"@id\":\"https:\/\/kapitalis.com\/tunisie\/#organization\"},\"image\":{\"@id\":\"https:\/\/kapitalis.com\/tunisie\/2023\/10\/24\/bain-de-foule-de-kais-saied-a-tunis-nous-vaincrons-ou-nous-mourrons\/#primaryimage\"},\"thumbnailUrl\":\"https:\/\/kapitalis.com\/tunisie\/wp-content\/uploads\/2023\/10\/Kais-Saied-Cite-Intilaka-El-Mnihla.jpg\",\"keywords\":[\"El-Mnihla\",\"Intilaka\",\"Ka\u00efs Sa\u00efed\",\"Kamel Feki\",\"Nabil Ammar\",\"Palestiniens\",\"Tunisie\"],\"articleSection\":[\"POLITIQUE\",\"Tunisie\",\"VIDEOS\"],\"inLanguage\":\"fr-FR\",\"potentialAction\":[{\"@type\":\"CommentAction\",\"name\":\"Comment\",\"target\":[\"https:\/\/kapitalis.com\/tunisie\/2023\/10\/24\/bain-de-foule-de-kais-saied-a-tunis-nous-vaincrons-ou-nous-mourrons\/#respond\"]}]},{\"@type\":\"WebPage\",\"@id\":\"https:\/\/kapitalis.com\/tunisie\/2023\/10\/24\/bain-de-foule-de-kais-saied-a-tunis-nous-vaincrons-ou-nous-mourrons\/\",\"url\":\"https:\/\/kapitalis.com\/tunisie\/2023\/10\/24\/bain-de-foule-de-kais-saied-a-tunis-nous-vaincrons-ou-nous-mourrons\/\",\"name\":\"Bain de foule de Ka\u00efs Sa\u00efed \u00e0 Tunis\u00a0: \u00abNous vaincrons ou nous mourrons\u00bb - Kapitalis\",\"isPartOf\":{\"@id\":\"https:\/\/kapitalis.com\/tunisie\/#website\"},\"primaryImageOfPage\":{\"@id\":\"https:\/\/kapitalis.com\/tunisie\/2023\/10\/24\/bain-de-foule-de-kais-saied-a-tunis-nous-vaincrons-ou-nous-mourrons\/#primaryimage\"},\"image\":{\"@id\":\"https:\/\/kapitalis.com\/tunisie\/2023\/10\/24\/bain-de-foule-de-kais-saied-a-tunis-nous-vaincrons-ou-nous-mourrons\/#primaryimage\"},\"thumbnailUrl\":\"https:\/\/kapitalis.com\/tunisie\/wp-content\/uploads\/2023\/10\/Kais-Saied-Cite-Intilaka-El-Mnihla.jpg\",\"datePublished\":\"2023-10-24T12:09:05+00:00\",\"dateModified\":\"2023-10-24T12:13:29+00:00\",\"breadcrumb\":{\"@id\":\"https:\/\/kapitalis.com\/tunisie\/2023\/10\/24\/bain-de-foule-de-kais-saied-a-tunis-nous-vaincrons-ou-nous-mourrons\/#breadcrumb\"},\"inLanguage\":\"fr-FR\",\"potentialAction\":[{\"@type\":\"ReadAction\",\"target\":[\"https:\/\/kapitalis.com\/tunisie\/2023\/10\/24\/bain-de-foule-de-kais-saied-a-tunis-nous-vaincrons-ou-nous-mourrons\/\"]}]},{\"@type\":\"ImageObject\",\"inLanguage\":\"fr-FR\",\"@id\":\"https:\/\/kapitalis.com\/tunisie\/2023\/10\/24\/bain-de-foule-de-kais-saied-a-tunis-nous-vaincrons-ou-nous-mourrons\/#primaryimage\",\"url\":\"https:\/\/kapitalis.com\/tunisie\/wp-content\/uploads\/2023\/10\/Kais-Saied-Cite-Intilaka-El-Mnihla.jpg\",\"contentUrl\":\"https:\/\/kapitalis.com\/tunisie\/wp-content\/uploads\/2023\/10\/Kais-Saied-Cite-Intilaka-El-Mnihla.jpg\",\"width\":1200,\"height\":630},{\"@type\":\"BreadcrumbList\",\"@id\":\"https:\/\/kapitalis.com\/tunisie\/2023\/10\/24\/bain-de-foule-de-kais-saied-a-tunis-nous-vaincrons-ou-nous-mourrons\/#breadcrumb\",\"itemListElement\":[{\"@type\":\"ListItem\",\"position\":1,\"name\":\"Accueil\",\"item\":\"https:\/\/kapitalis.com\/tunisie\/\"},{\"@type\":\"ListItem\",\"position\":2,\"name\":\"Bain de foule de Ka\u00efs Sa\u00efed \u00e0 Tunis\u00a0: \u00abNous vaincrons ou nous mourrons\u00bb\"}]},{\"@type\":\"WebSite\",\"@id\":\"https:\/\/kapitalis.com\/tunisie\/#website\",\"url\":\"https:\/\/kapitalis.com\/tunisie\/\",\"name\":\"Kapitalis\",\"description\":\"L&#039;actualit\u00e9 en Tunisie et dans le monde\",\"publisher\":{\"@id\":\"https:\/\/kapitalis.com\/tunisie\/#organization\"},\"potentialAction\":[{\"@type\":\"SearchAction\",\"target\":{\"@type\":\"EntryPoint\",\"urlTemplate\":\"https:\/\/kapitalis.com\/tunisie\/?s={search_term_string}\"},\"query-input\":{\"@type\":\"PropertyValueSpecification\",\"valueRequired\":true,\"valueName\":\"search_term_string\"}}],\"inLanguage\":\"fr-FR\"},{\"@type\":\"Organization\",\"@id\":\"https:\/\/kapitalis.com\/tunisie\/#organization\",\"name\":\"Kapitalis\",\"url\":\"https:\/\/kapitalis.com\/tunisie\/\",\"logo\":{\"@type\":\"ImageObject\",\"inLanguage\":\"fr-FR\",\"@id\":\"https:\/\/kapitalis.com\/tunisie\/#\/schema\/logo\/image\/\",\"url\":\"https:\/\/kapitalis.com\/tunisie\/wp-content\/uploads\/2022\/05\/Kapitalis-big-size.png\",\"contentUrl\":\"https:\/\/kapitalis.com\/tunisie\/wp-content\/uploads\/2022\/05\/Kapitalis-big-size.png\",\"width\":5000,\"height\":1500,\"caption\":\"Kapitalis\"},\"image\":{\"@id\":\"https:\/\/kapitalis.com\/tunisie\/#\/schema\/logo\/image\/\"},\"sameAs\":[\"https:\/\/www.facebook.com\/KapitalisInfo\/\",\"https:\/\/x.com\/KapitalisInfo\",\"https:\/\/www.youtube.com\/channel\/UC-yDYrHyfFBWWZaOw3FPg9Q\"]},{\"@type\":\"Person\",\"@id\":\"https:\/\/kapitalis.com\/tunisie\/#\/schema\/person\/d71f33a9ca44f7bad4698210b480c8e9\",\"name\":\"webmaster kapitalis\",\"url\":\"https:\/\/kapitalis.com\/tunisie\/author\/webmaster-kapitalis\/\"}]}<\/script>\n<!-- \/ Yoast SEO plugin. -->","yoast_head_json":{"title":"Bain de foule de Ka\u00efs Sa\u00efed \u00e0 Tunis\u00a0: \u00abNous vaincrons ou nous mourrons\u00bb - Kapitalis","robots":{"index":"index","follow":"follow","max-snippet":"max-snippet:-1","max-image-preview":"max-image-preview:large","max-video-preview":"max-video-preview:-1"},"canonical":"https:\/\/kapitalis.com\/tunisie\/2023\/10\/24\/bain-de-foule-de-kais-saied-a-tunis-nous-vaincrons-ou-nous-mourrons\/","og_locale":"fr_FR","og_type":"article","og_title":"Bain de foule de Ka\u00efs Sa\u00efed \u00e0 Tunis\u00a0: \u00abNous vaincrons ou nous mourrons\u00bb - Kapitalis","og_description":"Ka\u00efs Sa\u00efed appelle \u00e0 l\u2019application du droit international humanitaire en Palestine.","og_url":"https:\/\/kapitalis.com\/tunisie\/2023\/10\/24\/bain-de-foule-de-kais-saied-a-tunis-nous-vaincrons-ou-nous-mourrons\/","og_site_name":"Kapitalis","article_publisher":"https:\/\/www.facebook.com\/KapitalisInfo\/","article_published_time":"2023-10-24T12:09:05+00:00","article_modified_time":"2023-10-24T12:13:29+00:00","og_image":[{"width":1200,"height":630,"url":"https:\/\/kapitalis.com\/tunisie\/wp-content\/uploads\/2023\/10\/Kais-Saied-Cite-Intilaka-El-Mnihla.jpg","type":"image\/jpeg"}],"author":"webmaster kapitalis","twitter_card":"summary_large_image","twitter_creator":"@KapitalisInfo","twitter_site":"@KapitalisInfo","twitter_misc":{"\u00c9crit par":"webmaster kapitalis","Dur\u00e9e de lecture estim\u00e9e":"3 minutes"},"schema":{"@context":"https:\/\/schema.org","@graph":[{"@type":"Article","@id":"https:\/\/kapitalis.com\/tunisie\/2023\/10\/24\/bain-de-foule-de-kais-saied-a-tunis-nous-vaincrons-ou-nous-mourrons\/#article","isPartOf":{"@id":"https:\/\/kapitalis.com\/tunisie\/2023\/10\/24\/bain-de-foule-de-kais-saied-a-tunis-nous-vaincrons-ou-nous-mourrons\/"},"author":{"name":"webmaster kapitalis","@id":"https:\/\/kapitalis.com\/tunisie\/#\/schema\/person\/d71f33a9ca44f7bad4698210b480c8e9"},"headline":"Bain de foule de Ka\u00efs Sa\u00efed \u00e0 Tunis\u00a0: \u00abNous vaincrons ou nous mourrons\u00bb","datePublished":"2023-10-24T12:09:05+00:00","dateModified":"2023-10-24T12:13:29+00:00","mainEntityOfPage":{"@id":"https:\/\/kapitalis.com\/tunisie\/2023\/10\/24\/bain-de-foule-de-kais-saied-a-tunis-nous-vaincrons-ou-nous-mourrons\/"},"wordCount":490,"commentCount":8,"publisher":{"@id":"https:\/\/kapitalis.com\/tunisie\/#organization"},"image":{"@id":"https:\/\/kapitalis.com\/tunisie\/2023\/10\/24\/bain-de-foule-de-kais-saied-a-tunis-nous-vaincrons-ou-nous-mourrons\/#primaryimage"},"thumbnailUrl":"https:\/\/kapitalis.com\/tunisie\/wp-content\/uploads\/2023\/10\/Kais-Saied-Cite-Intilaka-El-Mnihla.jpg","keywords":["El-Mnihla","Intilaka","Ka\u00efs Sa\u00efed","Kamel Feki","Nabil Ammar","Palestiniens","Tunisie"],"articleSection":["POLITIQUE","Tunisie","VIDEOS"],"inLanguage":"fr-FR","potentialAction":[{"@type":"CommentAction","name":"Comment","target":["https:\/\/kapitalis.com\/tunisie\/2023\/10\/24\/bain-de-foule-de-kais-saied-a-tunis-nous-vaincrons-ou-nous-mourrons\/#respond"]}]},{"@type":"WebPage","@id":"https:\/\/kapitalis.com\/tunisie\/2023\/10\/24\/bain-de-foule-de-kais-saied-a-tunis-nous-vaincrons-ou-nous-mourrons\/","url":"https:\/\/kapitalis.com\/tunisie\/2023\/10\/24\/bain-de-foule-de-kais-saied-a-tunis-nous-vaincrons-ou-nous-mourrons\/","name":"Bain de foule de Ka\u00efs Sa\u00efed \u00e0 Tunis\u00a0: \u00abNous vaincrons ou nous mourrons\u00bb - Kapitalis","isPartOf":{"@id":"https:\/\/kapitalis.com\/tunisie\/#website"},"primaryImageOfPage":{"@id":"https:\/\/kapitalis.com\/tunisie\/2023\/10\/24\/bain-de-foule-de-kais-saied-a-tunis-nous-vaincrons-ou-nous-mourrons\/#primaryimage"},"image":{"@id":"https:\/\/kapitalis.com\/tunisie\/2023\/10\/24\/bain-de-foule-de-kais-saied-a-tunis-nous-vaincrons-ou-nous-mourrons\/#primaryimage"},"thumbnailUrl":"https:\/\/kapitalis.com\/tunisie\/wp-content\/uploads\/2023\/10\/Kais-Saied-Cite-Intilaka-El-Mnihla.jpg","datePublished":"2023-10-24T12:09:05+00:00","dateModified":"2023-10-24T12:13:29+00:00","breadcrumb":{"@id":"https:\/\/kapitalis.com\/tunisie\/2023\/10\/24\/bain-de-foule-de-kais-saied-a-tunis-nous-vaincrons-ou-nous-mourrons\/#breadcrumb"},"inLanguage":"fr-FR","potentialAction":[{"@type":"ReadAction","target":["https:\/\/kapitalis.com\/tunisie\/2023\/10\/24\/bain-de-foule-de-kais-saied-a-tunis-nous-vaincrons-ou-nous-mourrons\/"]}]},{"@type":"ImageObject","inLanguage":"fr-FR","@id":"https:\/\/kapitalis.com\/tunisie\/2023\/10\/24\/bain-de-foule-de-kais-saied-a-tunis-nous-vaincrons-ou-nous-mourrons\/#primaryimage","url":"https:\/\/kapitalis.com\/tunisie\/wp-content\/uploads\/2023\/10\/Kais-Saied-Cite-Intilaka-El-Mnihla.jpg","contentUrl":"https:\/\/kapitalis.com\/tunisie\/wp-content\/uploads\/2023\/10\/Kais-Saied-Cite-Intilaka-El-Mnihla.jpg","width":1200,"height":630},{"@type":"BreadcrumbList","@id":"https:\/\/kapitalis.com\/tunisie\/2023\/10\/24\/bain-de-foule-de-kais-saied-a-tunis-nous-vaincrons-ou-nous-mourrons\/#breadcrumb","itemListElement":[{"@type":"ListItem","position":1,"name":"Accueil","item":"https:\/\/kapitalis.com\/tunisie\/"},{"@type":"ListItem","position":2,"name":"Bain de foule de Ka\u00efs Sa\u00efed \u00e0 Tunis\u00a0: \u00abNous vaincrons ou nous mourrons\u00bb"}]},{"@type":"WebSite","@id":"https:\/\/kapitalis.com\/tunisie\/#website","url":"https:\/\/kapitalis.com\/tunisie\/","name":"Kapitalis","description":"L&#039;actualit\u00e9 en Tunisie et dans le monde","publisher":{"@id":"https:\/\/kapitalis.com\/tunisie\/#organization"},"potentialAction":[{"@type":"SearchAction","target":{"@type":"EntryPoint","urlTemplate":"https:\/\/kapitalis.com\/tunisie\/?s={search_term_string}"},"query-input":{"@type":"PropertyValueSpecification","valueRequired":true,"valueName":"search_term_string"}}],"inLanguage":"fr-FR"},{"@type":"Organization","@id":"https:\/\/kapitalis.com\/tunisie\/#organization","name":"Kapitalis","url":"https:\/\/kapitalis.com\/tunisie\/","logo":{"@type":"ImageObject","inLanguage":"fr-FR","@id":"https:\/\/kapitalis.com\/tunisie\/#\/schema\/logo\/image\/","url":"https:\/\/kapitalis.com\/tunisie\/wp-content\/uploads\/2022\/05\/Kapitalis-big-size.png","contentUrl":"https:\/\/kapitalis.com\/tunisie\/wp-content\/uploads\/2022\/05\/Kapitalis-big-size.png","width":5000,"height":1500,"caption":"Kapitalis"},"image":{"@id":"https:\/\/kapitalis.com\/tunisie\/#\/schema\/logo\/image\/"},"sameAs":["https:\/\/www.facebook.com\/KapitalisInfo\/","https:\/\/x.com\/KapitalisInfo","https:\/\/www.youtube.com\/channel\/UC-yDYrHyfFBWWZaOw3FPg9Q"]},{"@type":"Person","@id":"https:\/\/kapitalis.com\/tunisie\/#\/schema\/person\/d71f33a9ca44f7bad4698210b480c8e9","name":"webmaster kapitalis","url":"https:\/\/kapitalis.com\/tunisie\/author\/webmaster-kapitalis\/"}]}},"_links":{"self":[{"href":"https:\/\/kapitalis.com\/tunisie\/wp-json\/wp\/v2\/posts\/10251253","targetHints":{"allow":["GET"]}}],"collection":[{"href":"https:\/\/kapitalis.com\/tunisie\/wp-json\/wp\/v2\/posts"}],"about":[{"href":"https:\/\/kapitalis.com\/tunisie\/wp-json\/wp\/v2\/types\/post"}],"author":[{"embeddable":true,"href":"https:\/\/kapitalis.com\/tunisie\/wp-json\/wp\/v2\/users\/8"}],"replies":[{"embeddable":true,"href":"https:\/\/kapitalis.com\/tunisie\/wp-json\/wp\/v2\/comments?post=10251253"}],"version-history":[{"count":2,"href":"https:\/\/kapitalis.com\/tunisie\/wp-json\/wp\/v2\/posts\/10251253\/revisions"}],"predecessor-version":[{"id":10251326,"href":"https:\/\/kapitalis.com\/tunisie\/wp-json\/wp\/v2\/posts\/10251253\/revisions\/10251326"}],"wp:featuredmedia":[{"embeddable":true,"href":"https:\/\/kapitalis.com\/tunisie\/wp-json\/wp\/v2\/media\/10251284"}],"wp:attachment":[{"href":"https:\/\/kapitalis.com\/tunisie\/wp-json\/wp\/v2\/media?parent=10251253"}],"wp:term":[{"taxonomy":"category","embeddable":true,"href":"https:\/\/kapitalis.com\/tunisie\/wp-json\/wp\/v2\/categories?post=10251253"},{"taxonomy":"post_tag","embeddable":true,"href":"https:\/\/kapitalis.com\/tunisie\/wp-json\/wp\/v2\/tags?post=10251253"}],"curies":[{"name":"wp","href":"https:\/\/api.w.org\/{rel}","templated":true}]}}