{"id":102517,"date":"2017-06-20T10:56:34","date_gmt":"2017-06-20T10:26:34","guid":{"rendered":"http:\/\/kapitalis.com\/tunisie\/?p=102517"},"modified":"2017-06-20T10:56:34","modified_gmt":"2017-06-20T10:26:34","slug":"terrorisme-une-femme-denonce-son-epoux-a-beja","status":"publish","type":"post","link":"https:\/\/kapitalis.com\/tunisie\/2017\/06\/20\/terrorisme-une-femme-denonce-son-epoux-a-beja\/","title":{"rendered":"Terrorisme : Une femme d\u00e9nonce son \u00e9poux \u00e0 B\u00e9ja"},"content":{"rendered":"<p style=\"text-align: center;\"><img loading=\"lazy\" decoding=\"async\" class=\"alignnone size-full wp-image-93621\" src=\"http:\/\/kapitalis.com\/tunisie\/wp-content\/uploads\/2017\/04\/arrestation-couple-extremiste.jpg\" alt=\"\" width=\"626\" height=\"380\" \/><\/p>\n<p><em><strong>La police a arr\u00eat\u00e9, ce mardi 20 juin 2017, \u00e0 l\u2019aube, \u00e0 B\u00e9ja, un homme soup\u00e7onn\u00e9 de pr\u00e9parer son d\u00e9part pour le jihad dans les zones de conflits.<\/strong><\/em><!--more--><\/p>\n<p>C\u2019est l&rsquo;\u00e9pouse du candidat au jihad, Leila B. (26 ans), qui a r\u00e9cemment d\u00e9nonc\u00e9 son \u00e9poux, Brahim (30 ans), \u00e0 la police, qui lui a tendu un pi\u00e8ge pour l\u2019arr\u00eater.<\/p>\n<p>Musulmans pratiquants, les deux \u00e9poux se sont mari\u00e9s, l\u2019an dernier, apr\u00e8s plus de 3 ans de fian\u00e7ailles. Mais l\u2019homme s\u2019est peu \u00e0 peu radicalis\u00e9 et voulait m\u00eame imposer le niqab \u00e0 sa femme. Selon cette derni\u00e8re, il lui faisait beaucoup de reproches sur sa pratique de la religion et c&rsquo;est ainsi qu&rsquo;elle s\u2019est aper\u00e7ue de son virage extr\u00e9miste. Il lui a m\u00eame propos\u00e9 d\u2019aller en Libye ou en Syrie \u00ab<em>pour faire de l\u2019humanitaire<\/em>\u00bb, mais Leila a eu des doutes sur les projets de son \u00e9poux, qui parlait sans cesse de porter les armes pour \u00ab<em>sauver l\u2019islam des m\u00e9cr\u00e9ants<\/em>\u00bb.<\/p>\n<p>Selon le t\u00e9moignage de l&rsquo;\u00e9pouse, la radicalisation de son mari s&rsquo;est faite dans une mosqu\u00e9e de Testour, o\u00f9 d\u2019autres jeunes ont \u00e9t\u00e9 embrigad\u00e9s et sont devenus des extr\u00e9mistes. Une enqu\u00eate a \u00e9t\u00e9 ouverte. Interpell\u00e9,\u00a0Brahim a ni\u00e9 tous les faits qui lui sont reproch\u00e9s et pr\u00e9cis\u00e9 \u00e0 la police que son \u00e9pouse a fait un faux t\u00e9moignage pour l&rsquo;impliquer dans une affaire, parce qu&rsquo;ils sont en conflit depuis plusieurs mois. Il a, cependant, \u00e9t\u00e9 maintenu en garde \u00e0 vue, car il a \u00e9t\u00e9 confondu par le disque dur de son ordinateur, qui contient des chants jihadistes.<\/p>\n<p style=\"text-align: right;\"><strong>Y. N.<\/strong><\/p>\n","protected":false},"excerpt":{"rendered":"<p>La police a arr\u00eat\u00e9, ce mardi 20 juin 2017, \u00e0 l\u2019aube, \u00e0 B\u00e9ja, un homme soup\u00e7onn\u00e9 de pr\u00e9parer son d\u00e9part pour le jihad dans les zones de conflits.<\/p>\n","protected":false},"author":6,"featured_media":0,"comment_status":"open","ping_status":"open","sticky":false,"template":"","format":"standard","meta":{"footnotes":""},"categories":[998,2433],"tags":[136,6286,1753,544,1925,873,899,1636],"class_list":["post-102517","post","type-post","status-publish","format-standard","hentry","category-societe","category-tunisie","tag-beja","tag-imam-radical","tag-jihad","tag-libye","tag-mosquee","tag-syrie","tag-terroristes","tag-testour"],"yoast_head":"<!-- This site is optimized with the Yoast SEO plugin v26.6 - https:\/\/yoast.com\/wordpress\/plugins\/seo\/ -->\n<title>Terrorisme : Une femme d\u00e9nonce son \u00e9poux \u00e0 B\u00e9ja - Kapitalis<\/title>\n<meta name=\"robots\" content=\"index, follow, max-snippet:-1, max-image-preview:large, max-video-preview:-1\" \/>\n<link rel=\"canonical\" href=\"https:\/\/kapitalis.com\/tunisie\/2017\/06\/20\/terrorisme-une-femme-denonce-son-epoux-a-beja\/\" \/>\n<meta property=\"og:locale\" content=\"fr_FR\" \/>\n<meta property=\"og:type\" content=\"article\" \/>\n<meta property=\"og:title\" content=\"Terrorisme : Une femme d\u00e9nonce son \u00e9poux \u00e0 B\u00e9ja - Kapitalis\" \/>\n<meta property=\"og:description\" content=\"La police a arr\u00eat\u00e9, ce mardi 20 juin 2017, \u00e0 l\u2019aube, \u00e0 B\u00e9ja, un homme soup\u00e7onn\u00e9 de pr\u00e9parer son d\u00e9part pour le jihad dans les zones de conflits.\" \/>\n<meta property=\"og:url\" content=\"https:\/\/kapitalis.com\/tunisie\/2017\/06\/20\/terrorisme-une-femme-denonce-son-epoux-a-beja\/\" \/>\n<meta property=\"og:site_name\" content=\"Kapitalis\" \/>\n<meta property=\"article:publisher\" content=\"https:\/\/www.facebook.com\/KapitalisInfo\/\" \/>\n<meta property=\"article:published_time\" content=\"2017-06-20T10:26:34+00:00\" \/>\n<meta property=\"og:image\" content=\"http:\/\/kapitalis.com\/tunisie\/wp-content\/uploads\/2017\/04\/arrestation-couple-extremiste.jpg\" \/>\n<meta name=\"author\" content=\"Yusra NY\" \/>\n<meta name=\"twitter:card\" content=\"summary_large_image\" \/>\n<meta name=\"twitter:creator\" content=\"@KapitalisInfo\" \/>\n<meta name=\"twitter:site\" content=\"@KapitalisInfo\" \/>\n<meta name=\"twitter:label1\" content=\"\u00c9crit par\" \/>\n\t<meta name=\"twitter:data1\" content=\"Yusra NY\" \/>\n\t<meta name=\"twitter:label2\" content=\"Dur\u00e9e de lecture estim\u00e9e\" \/>\n\t<meta name=\"twitter:data2\" content=\"1 minute\" \/>\n<script type=\"application\/ld+json\" class=\"yoast-schema-graph\">{\"@context\":\"https:\/\/schema.org\",\"@graph\":[{\"@type\":\"Article\",\"@id\":\"https:\/\/kapitalis.com\/tunisie\/2017\/06\/20\/terrorisme-une-femme-denonce-son-epoux-a-beja\/#article\",\"isPartOf\":{\"@id\":\"https:\/\/kapitalis.com\/tunisie\/2017\/06\/20\/terrorisme-une-femme-denonce-son-epoux-a-beja\/\"},\"author\":{\"name\":\"Yusra NY\",\"@id\":\"https:\/\/kapitalis.com\/tunisie\/#\/schema\/person\/74bbde0154d49d790a92aaeac5bc01d5\"},\"headline\":\"Terrorisme : Une femme d\u00e9nonce son \u00e9poux \u00e0 B\u00e9ja\",\"datePublished\":\"2017-06-20T10:26:34+00:00\",\"mainEntityOfPage\":{\"@id\":\"https:\/\/kapitalis.com\/tunisie\/2017\/06\/20\/terrorisme-une-femme-denonce-son-epoux-a-beja\/\"},\"wordCount\":291,\"commentCount\":0,\"publisher\":{\"@id\":\"https:\/\/kapitalis.com\/tunisie\/#organization\"},\"image\":{\"@id\":\"https:\/\/kapitalis.com\/tunisie\/2017\/06\/20\/terrorisme-une-femme-denonce-son-epoux-a-beja\/#primaryimage\"},\"thumbnailUrl\":\"http:\/\/kapitalis.com\/tunisie\/wp-content\/uploads\/2017\/04\/arrestation-couple-extremiste.jpg\",\"keywords\":[\"B\u00e9ja\",\"Imam radical\",\"jihad\",\"Libye\",\"mosqu\u00e9e\",\"Syrie\",\"terroristes\",\"Testour\"],\"articleSection\":[\"SOCIETE\",\"Tunisie\"],\"inLanguage\":\"fr-FR\",\"potentialAction\":[{\"@type\":\"CommentAction\",\"name\":\"Comment\",\"target\":[\"https:\/\/kapitalis.com\/tunisie\/2017\/06\/20\/terrorisme-une-femme-denonce-son-epoux-a-beja\/#respond\"]}]},{\"@type\":\"WebPage\",\"@id\":\"https:\/\/kapitalis.com\/tunisie\/2017\/06\/20\/terrorisme-une-femme-denonce-son-epoux-a-beja\/\",\"url\":\"https:\/\/kapitalis.com\/tunisie\/2017\/06\/20\/terrorisme-une-femme-denonce-son-epoux-a-beja\/\",\"name\":\"Terrorisme : Une femme d\u00e9nonce son \u00e9poux \u00e0 B\u00e9ja - Kapitalis\",\"isPartOf\":{\"@id\":\"https:\/\/kapitalis.com\/tunisie\/#website\"},\"primaryImageOfPage\":{\"@id\":\"https:\/\/kapitalis.com\/tunisie\/2017\/06\/20\/terrorisme-une-femme-denonce-son-epoux-a-beja\/#primaryimage\"},\"image\":{\"@id\":\"https:\/\/kapitalis.com\/tunisie\/2017\/06\/20\/terrorisme-une-femme-denonce-son-epoux-a-beja\/#primaryimage\"},\"thumbnailUrl\":\"http:\/\/kapitalis.com\/tunisie\/wp-content\/uploads\/2017\/04\/arrestation-couple-extremiste.jpg\",\"datePublished\":\"2017-06-20T10:26:34+00:00\",\"breadcrumb\":{\"@id\":\"https:\/\/kapitalis.com\/tunisie\/2017\/06\/20\/terrorisme-une-femme-denonce-son-epoux-a-beja\/#breadcrumb\"},\"inLanguage\":\"fr-FR\",\"potentialAction\":[{\"@type\":\"ReadAction\",\"target\":[\"https:\/\/kapitalis.com\/tunisie\/2017\/06\/20\/terrorisme-une-femme-denonce-son-epoux-a-beja\/\"]}]},{\"@type\":\"ImageObject\",\"inLanguage\":\"fr-FR\",\"@id\":\"https:\/\/kapitalis.com\/tunisie\/2017\/06\/20\/terrorisme-une-femme-denonce-son-epoux-a-beja\/#primaryimage\",\"url\":\"http:\/\/kapitalis.com\/tunisie\/wp-content\/uploads\/2017\/04\/arrestation-couple-extremiste.jpg\",\"contentUrl\":\"http:\/\/kapitalis.com\/tunisie\/wp-content\/uploads\/2017\/04\/arrestation-couple-extremiste.jpg\"},{\"@type\":\"BreadcrumbList\",\"@id\":\"https:\/\/kapitalis.com\/tunisie\/2017\/06\/20\/terrorisme-une-femme-denonce-son-epoux-a-beja\/#breadcrumb\",\"itemListElement\":[{\"@type\":\"ListItem\",\"position\":1,\"name\":\"Accueil\",\"item\":\"https:\/\/kapitalis.com\/tunisie\/\"},{\"@type\":\"ListItem\",\"position\":2,\"name\":\"Terrorisme : Une femme d\u00e9nonce son \u00e9poux \u00e0 B\u00e9ja\"}]},{\"@type\":\"WebSite\",\"@id\":\"https:\/\/kapitalis.com\/tunisie\/#website\",\"url\":\"https:\/\/kapitalis.com\/tunisie\/\",\"name\":\"Kapitalis\",\"description\":\"L&#039;actualit\u00e9 en Tunisie et dans le monde\",\"publisher\":{\"@id\":\"https:\/\/kapitalis.com\/tunisie\/#organization\"},\"potentialAction\":[{\"@type\":\"SearchAction\",\"target\":{\"@type\":\"EntryPoint\",\"urlTemplate\":\"https:\/\/kapitalis.com\/tunisie\/?s={search_term_string}\"},\"query-input\":{\"@type\":\"PropertyValueSpecification\",\"valueRequired\":true,\"valueName\":\"search_term_string\"}}],\"inLanguage\":\"fr-FR\"},{\"@type\":\"Organization\",\"@id\":\"https:\/\/kapitalis.com\/tunisie\/#organization\",\"name\":\"Kapitalis\",\"url\":\"https:\/\/kapitalis.com\/tunisie\/\",\"logo\":{\"@type\":\"ImageObject\",\"inLanguage\":\"fr-FR\",\"@id\":\"https:\/\/kapitalis.com\/tunisie\/#\/schema\/logo\/image\/\",\"url\":\"https:\/\/kapitalis.com\/tunisie\/wp-content\/uploads\/2022\/05\/Kapitalis-big-size.png\",\"contentUrl\":\"https:\/\/kapitalis.com\/tunisie\/wp-content\/uploads\/2022\/05\/Kapitalis-big-size.png\",\"width\":5000,\"height\":1500,\"caption\":\"Kapitalis\"},\"image\":{\"@id\":\"https:\/\/kapitalis.com\/tunisie\/#\/schema\/logo\/image\/\"},\"sameAs\":[\"https:\/\/www.facebook.com\/KapitalisInfo\/\",\"https:\/\/x.com\/KapitalisInfo\",\"https:\/\/www.youtube.com\/channel\/UC-yDYrHyfFBWWZaOw3FPg9Q\"]},{\"@type\":\"Person\",\"@id\":\"https:\/\/kapitalis.com\/tunisie\/#\/schema\/person\/74bbde0154d49d790a92aaeac5bc01d5\",\"name\":\"Yusra NY\",\"url\":\"https:\/\/kapitalis.com\/tunisie\/author\/yuza_adam\/\"}]}<\/script>\n<!-- \/ Yoast SEO plugin. -->","yoast_head_json":{"title":"Terrorisme : Une femme d\u00e9nonce son \u00e9poux \u00e0 B\u00e9ja - Kapitalis","robots":{"index":"index","follow":"follow","max-snippet":"max-snippet:-1","max-image-preview":"max-image-preview:large","max-video-preview":"max-video-preview:-1"},"canonical":"https:\/\/kapitalis.com\/tunisie\/2017\/06\/20\/terrorisme-une-femme-denonce-son-epoux-a-beja\/","og_locale":"fr_FR","og_type":"article","og_title":"Terrorisme : Une femme d\u00e9nonce son \u00e9poux \u00e0 B\u00e9ja - Kapitalis","og_description":"La police a arr\u00eat\u00e9, ce mardi 20 juin 2017, \u00e0 l\u2019aube, \u00e0 B\u00e9ja, un homme soup\u00e7onn\u00e9 de pr\u00e9parer son d\u00e9part pour le jihad dans les zones de conflits.","og_url":"https:\/\/kapitalis.com\/tunisie\/2017\/06\/20\/terrorisme-une-femme-denonce-son-epoux-a-beja\/","og_site_name":"Kapitalis","article_publisher":"https:\/\/www.facebook.com\/KapitalisInfo\/","article_published_time":"2017-06-20T10:26:34+00:00","og_image":[{"url":"http:\/\/kapitalis.com\/tunisie\/wp-content\/uploads\/2017\/04\/arrestation-couple-extremiste.jpg","type":"","width":"","height":""}],"author":"Yusra NY","twitter_card":"summary_large_image","twitter_creator":"@KapitalisInfo","twitter_site":"@KapitalisInfo","twitter_misc":{"\u00c9crit par":"Yusra NY","Dur\u00e9e de lecture estim\u00e9e":"1 minute"},"schema":{"@context":"https:\/\/schema.org","@graph":[{"@type":"Article","@id":"https:\/\/kapitalis.com\/tunisie\/2017\/06\/20\/terrorisme-une-femme-denonce-son-epoux-a-beja\/#article","isPartOf":{"@id":"https:\/\/kapitalis.com\/tunisie\/2017\/06\/20\/terrorisme-une-femme-denonce-son-epoux-a-beja\/"},"author":{"name":"Yusra NY","@id":"https:\/\/kapitalis.com\/tunisie\/#\/schema\/person\/74bbde0154d49d790a92aaeac5bc01d5"},"headline":"Terrorisme : Une femme d\u00e9nonce son \u00e9poux \u00e0 B\u00e9ja","datePublished":"2017-06-20T10:26:34+00:00","mainEntityOfPage":{"@id":"https:\/\/kapitalis.com\/tunisie\/2017\/06\/20\/terrorisme-une-femme-denonce-son-epoux-a-beja\/"},"wordCount":291,"commentCount":0,"publisher":{"@id":"https:\/\/kapitalis.com\/tunisie\/#organization"},"image":{"@id":"https:\/\/kapitalis.com\/tunisie\/2017\/06\/20\/terrorisme-une-femme-denonce-son-epoux-a-beja\/#primaryimage"},"thumbnailUrl":"http:\/\/kapitalis.com\/tunisie\/wp-content\/uploads\/2017\/04\/arrestation-couple-extremiste.jpg","keywords":["B\u00e9ja","Imam radical","jihad","Libye","mosqu\u00e9e","Syrie","terroristes","Testour"],"articleSection":["SOCIETE","Tunisie"],"inLanguage":"fr-FR","potentialAction":[{"@type":"CommentAction","name":"Comment","target":["https:\/\/kapitalis.com\/tunisie\/2017\/06\/20\/terrorisme-une-femme-denonce-son-epoux-a-beja\/#respond"]}]},{"@type":"WebPage","@id":"https:\/\/kapitalis.com\/tunisie\/2017\/06\/20\/terrorisme-une-femme-denonce-son-epoux-a-beja\/","url":"https:\/\/kapitalis.com\/tunisie\/2017\/06\/20\/terrorisme-une-femme-denonce-son-epoux-a-beja\/","name":"Terrorisme : Une femme d\u00e9nonce son \u00e9poux \u00e0 B\u00e9ja - Kapitalis","isPartOf":{"@id":"https:\/\/kapitalis.com\/tunisie\/#website"},"primaryImageOfPage":{"@id":"https:\/\/kapitalis.com\/tunisie\/2017\/06\/20\/terrorisme-une-femme-denonce-son-epoux-a-beja\/#primaryimage"},"image":{"@id":"https:\/\/kapitalis.com\/tunisie\/2017\/06\/20\/terrorisme-une-femme-denonce-son-epoux-a-beja\/#primaryimage"},"thumbnailUrl":"http:\/\/kapitalis.com\/tunisie\/wp-content\/uploads\/2017\/04\/arrestation-couple-extremiste.jpg","datePublished":"2017-06-20T10:26:34+00:00","breadcrumb":{"@id":"https:\/\/kapitalis.com\/tunisie\/2017\/06\/20\/terrorisme-une-femme-denonce-son-epoux-a-beja\/#breadcrumb"},"inLanguage":"fr-FR","potentialAction":[{"@type":"ReadAction","target":["https:\/\/kapitalis.com\/tunisie\/2017\/06\/20\/terrorisme-une-femme-denonce-son-epoux-a-beja\/"]}]},{"@type":"ImageObject","inLanguage":"fr-FR","@id":"https:\/\/kapitalis.com\/tunisie\/2017\/06\/20\/terrorisme-une-femme-denonce-son-epoux-a-beja\/#primaryimage","url":"http:\/\/kapitalis.com\/tunisie\/wp-content\/uploads\/2017\/04\/arrestation-couple-extremiste.jpg","contentUrl":"http:\/\/kapitalis.com\/tunisie\/wp-content\/uploads\/2017\/04\/arrestation-couple-extremiste.jpg"},{"@type":"BreadcrumbList","@id":"https:\/\/kapitalis.com\/tunisie\/2017\/06\/20\/terrorisme-une-femme-denonce-son-epoux-a-beja\/#breadcrumb","itemListElement":[{"@type":"ListItem","position":1,"name":"Accueil","item":"https:\/\/kapitalis.com\/tunisie\/"},{"@type":"ListItem","position":2,"name":"Terrorisme : Une femme d\u00e9nonce son \u00e9poux \u00e0 B\u00e9ja"}]},{"@type":"WebSite","@id":"https:\/\/kapitalis.com\/tunisie\/#website","url":"https:\/\/kapitalis.com\/tunisie\/","name":"Kapitalis","description":"L&#039;actualit\u00e9 en Tunisie et dans le monde","publisher":{"@id":"https:\/\/kapitalis.com\/tunisie\/#organization"},"potentialAction":[{"@type":"SearchAction","target":{"@type":"EntryPoint","urlTemplate":"https:\/\/kapitalis.com\/tunisie\/?s={search_term_string}"},"query-input":{"@type":"PropertyValueSpecification","valueRequired":true,"valueName":"search_term_string"}}],"inLanguage":"fr-FR"},{"@type":"Organization","@id":"https:\/\/kapitalis.com\/tunisie\/#organization","name":"Kapitalis","url":"https:\/\/kapitalis.com\/tunisie\/","logo":{"@type":"ImageObject","inLanguage":"fr-FR","@id":"https:\/\/kapitalis.com\/tunisie\/#\/schema\/logo\/image\/","url":"https:\/\/kapitalis.com\/tunisie\/wp-content\/uploads\/2022\/05\/Kapitalis-big-size.png","contentUrl":"https:\/\/kapitalis.com\/tunisie\/wp-content\/uploads\/2022\/05\/Kapitalis-big-size.png","width":5000,"height":1500,"caption":"Kapitalis"},"image":{"@id":"https:\/\/kapitalis.com\/tunisie\/#\/schema\/logo\/image\/"},"sameAs":["https:\/\/www.facebook.com\/KapitalisInfo\/","https:\/\/x.com\/KapitalisInfo","https:\/\/www.youtube.com\/channel\/UC-yDYrHyfFBWWZaOw3FPg9Q"]},{"@type":"Person","@id":"https:\/\/kapitalis.com\/tunisie\/#\/schema\/person\/74bbde0154d49d790a92aaeac5bc01d5","name":"Yusra NY","url":"https:\/\/kapitalis.com\/tunisie\/author\/yuza_adam\/"}]}},"_links":{"self":[{"href":"https:\/\/kapitalis.com\/tunisie\/wp-json\/wp\/v2\/posts\/102517","targetHints":{"allow":["GET"]}}],"collection":[{"href":"https:\/\/kapitalis.com\/tunisie\/wp-json\/wp\/v2\/posts"}],"about":[{"href":"https:\/\/kapitalis.com\/tunisie\/wp-json\/wp\/v2\/types\/post"}],"author":[{"embeddable":true,"href":"https:\/\/kapitalis.com\/tunisie\/wp-json\/wp\/v2\/users\/6"}],"replies":[{"embeddable":true,"href":"https:\/\/kapitalis.com\/tunisie\/wp-json\/wp\/v2\/comments?post=102517"}],"version-history":[{"count":0,"href":"https:\/\/kapitalis.com\/tunisie\/wp-json\/wp\/v2\/posts\/102517\/revisions"}],"wp:attachment":[{"href":"https:\/\/kapitalis.com\/tunisie\/wp-json\/wp\/v2\/media?parent=102517"}],"wp:term":[{"taxonomy":"category","embeddable":true,"href":"https:\/\/kapitalis.com\/tunisie\/wp-json\/wp\/v2\/categories?post=102517"},{"taxonomy":"post_tag","embeddable":true,"href":"https:\/\/kapitalis.com\/tunisie\/wp-json\/wp\/v2\/tags?post=102517"}],"curies":[{"name":"wp","href":"https:\/\/api.w.org\/{rel}","templated":true}]}}