{"id":10253219,"date":"2023-10-24T18:51:58","date_gmt":"2023-10-24T17:51:58","guid":{"rendered":"https:\/\/kapitalis.com\/tunisie\/?p=10253219"},"modified":"2023-10-24T19:17:21","modified_gmt":"2023-10-24T18:17:21","slug":"paris-deux-tunisiens-en-detention-pour-suspicions-de-lien-avec-lauteur-de-lattentat-de-bruxelles","status":"publish","type":"post","link":"https:\/\/kapitalis.com\/tunisie\/2023\/10\/24\/paris-deux-tunisiens-en-detention-pour-suspicions-de-lien-avec-lauteur-de-lattentat-de-bruxelles\/","title":{"rendered":"Paris : Deux Tunisiens en d\u00e9tention pour suspicions de lien avec l&rsquo;auteur de l&rsquo;attentat de Bruxelles"},"content":{"rendered":"\n<p><em><strong>Le Parquet national antiterroriste (Pnat) a annonc\u00e9, mardi 24 octobre 2025, \u00e0 l&rsquo;AFP, la mise en d\u00e9tention provisoire par un juge parisien de deux Tunisiens susceptibles d&rsquo;\u00eatre en lien avec Abdessalem Lassoued, l&rsquo;auteur de l&rsquo;attentat commis le 16 octobre \u00e0 Bruxelles et qui a co\u00fbt\u00e9 la vie \u00e0 deux Su\u00e9dois.<\/strong><\/em><\/p>\n\n\n\n<!--more-->\n\n\n\n<p>Dans le cadre de l&rsquo;enqu\u00eate ouverte suite \u00e0 cette attaque et suite \u00e0 des informations sur des probables complices de Abdessalem Lassoued en France, quatre personnes avaient \u00e9t\u00e9 arr\u00eat\u00e9es en Loire-Atlantique, en Maine-et-Loire et en r\u00e9gion parisienne. Deux des suspects ont vu leur garde \u00e0 vue lev\u00e9e, ajoute la m\u00eame source.<\/p>\n\n\n\n<p>Les deux autres suspects, Tunisiens \u00e2g\u00e9s d&rsquo;une quarantaine et d&rsquo;une cinquantaine d&rsquo;ann\u00e9es, ont \u00e9t\u00e9 pr\u00e9sent\u00e9s \u00e0 un juge d&rsquo;instruction lundi, et ont \u00e9t\u00e9 mis en examen puis plac\u00e9s en d\u00e9tention provisoire pour \u00abassociation de malfaiteurs terroriste criminelle et pour complicit\u00e9 d&rsquo;assassinat en relation avec une entreprise terroriste\u00bb, .<\/p>\n\n\n\n<p>L&rsquo;un des suspects qui vit depuis pr\u00e8s de vingt ans en France a formellement rejet\u00e9 les accusations le visant et a d\u00e9menti tout lien avec l&rsquo;attaque perp\u00e9tr\u00e9e par Abdessalem Lassoued qu&rsquo;il connaissait depuis longtemps, mais ignorait sa radicalisation, a indiqu\u00e9 son avocat Me Souleymen Rakrouki cit\u00e9 par l&rsquo;AFP<\/p>\n\n\n\n<p>Quant aux avocats du 2e suspect, Pierre-Henri Baert et Louise Hennon, ils ont souhait\u00e9 ne pas s&rsquo;exprimer, ajoute encore l&rsquo;AFP.<\/p>\n\n\n\n<p>Rappelons que Abdessalem Lassoued (45 ans), abattu lui-m\u00eame quelques heures apr\u00e8s cette attaque meurtri\u00e8re, s\u2019\u00e9tait \u00e9vad\u00e9 de prison en Tunisie en janvier 2011 et vivait irr\u00e9guli\u00e8rement en Belgique.<\/p>\n\n\n\n<p>La Tunisie avait \u00e9mis un signalement via Interpol en juillet 2022 mais la demande d&rsquo;extradition n\u2019a pas \u00e9t\u00e9 trait\u00e9e par les autorit\u00e9s belges, selon le ministre belge de la Justice Vincent Van Quickenborne, qui a annonc\u00e9 sa d\u00e9mission il y  a deux jours, suite aux informations apparues sur l\u2019auteur de l\u2019attentat.<\/p>\n\n\n\n<p>\u00ab<em>C\u2019est une erreur individuelle, monumentale, une erreur inacceptable, aux cons\u00e9quences dr<\/em>amatiques\u00bb, avait-il indiqu\u00e9, disant en assumer <em>\u00ab la responsabilit\u00e9<\/em>\u00bb en d\u00e9missionnant.<\/p>\n\n\n\n<p class=\"has-text-align-right\"><strong>Y. N.<\/strong><\/p>\n\n\n\n<figure class=\"wp-block-embed is-type-wp-embed is-provider-kapitalis wp-block-embed-kapitalis\"><div class=\"wp-block-embed__wrapper\">\n<blockquote class=\"wp-embedded-content\" data-secret=\"TBYLXK3kRZ\"><a href=\"https:\/\/kapitalis.com\/tunisie\/2023\/10\/21\/la-belgique-na-pas-traite-la-demande-tunisienne-dextradition-du-futur-auteur-de-lattentat-de-bruxelles\/\">La Belgique n\u2019a pas trait\u00e9 la demande tunisienne d\u2019extradition du futur auteur de l\u2019attentat de Bruxelles<\/a><\/blockquote><iframe loading=\"lazy\" class=\"wp-embedded-content\" sandbox=\"allow-scripts\" security=\"restricted\" style=\"position: absolute; clip: rect(1px, 1px, 1px, 1px);\" title=\"\u00ab\u00a0La Belgique n\u2019a pas trait\u00e9 la demande tunisienne d\u2019extradition du futur auteur de l\u2019attentat de Bruxelles\u00a0\u00bb &#8212; Kapitalis\" src=\"https:\/\/kapitalis.com\/tunisie\/2023\/10\/21\/la-belgique-na-pas-traite-la-demande-tunisienne-dextradition-du-futur-auteur-de-lattentat-de-bruxelles\/embed\/#?secret=3iPdqUJF2g#?secret=TBYLXK3kRZ\" data-secret=\"TBYLXK3kRZ\" width=\"600\" height=\"338\" frameborder=\"0\" marginwidth=\"0\" marginheight=\"0\" scrolling=\"no\"><\/iframe>\n<\/div><\/figure>\n\n\n\n<figure class=\"wp-block-embed is-type-wp-embed is-provider-kapitalis wp-block-embed-kapitalis\"><div class=\"wp-block-embed__wrapper\">\n<blockquote class=\"wp-embedded-content\" data-secret=\"GhBBoObhNF\"><a href=\"https:\/\/kapitalis.com\/tunisie\/2023\/10\/20\/lattentat-en-belgique-incite-lue-a-renforcer-ses-controles-aux-frontieres\/\">L\u2019attentat en Belgique incite l\u2019UE \u00e0 renforcer ses contr\u00f4les aux fronti\u00e8res<\/a><\/blockquote><iframe loading=\"lazy\" class=\"wp-embedded-content\" sandbox=\"allow-scripts\" security=\"restricted\" style=\"position: absolute; clip: rect(1px, 1px, 1px, 1px);\" title=\"\u00ab\u00a0L\u2019attentat en Belgique incite l\u2019UE \u00e0 renforcer ses contr\u00f4les aux fronti\u00e8res\u00a0\u00bb &#8212; Kapitalis\" src=\"https:\/\/kapitalis.com\/tunisie\/2023\/10\/20\/lattentat-en-belgique-incite-lue-a-renforcer-ses-controles-aux-frontieres\/embed\/#?secret=Koaop0KwWw#?secret=GhBBoObhNF\" data-secret=\"GhBBoObhNF\" width=\"600\" height=\"338\" frameborder=\"0\" marginwidth=\"0\" marginheight=\"0\" scrolling=\"no\"><\/iframe>\n<\/div><\/figure>\n","protected":false},"excerpt":{"rendered":"<p>Paris : Deux Tunisiens en d\u00e9tention pour suspicions de lien avec l&rsquo;auteur de l&rsquo;attentat de Bruxelles<\/p>\n","protected":false},"author":6,"featured_media":10253270,"comment_status":"open","ping_status":"open","sticky":false,"template":"","format":"standard","meta":{"footnotes":""},"categories":[998,2433],"tags":[111674,1270,170,1279,395,64355,1364,898,62643,1117],"class_list":["post-10253219","post","type-post","status-publish","format-standard","has-post-thumbnail","hentry","category-societe","category-tunisie","tag-abdessalem-lassoued","tag-attaque","tag-bruxelles","tag-detention","tag-france","tag-justice","tag-paris","tag-terroriste","tag-tunisie","tag-tunisiens"],"yoast_head":"<!-- This site is optimized with the Yoast SEO plugin v26.6 - https:\/\/yoast.com\/wordpress\/plugins\/seo\/ -->\n<title>Paris : Deux Tunisiens en d\u00e9tention pour suspicions de lien avec l&#039;auteur de l&#039;attentat de Bruxelles - Kapitalis<\/title>\n<meta name=\"description\" content=\"Le Parquet national antiterroriste (Pnat) a annonc\u00e9, mardi 24 octobre 2025, \u00e0 l&#039;AFP, la mise en d\u00e9tention provisoire par un juge parisien de deux Tunisiens susceptibles d&#039;\u00eatre en lien avec Abdessalem Lassoued, l&#039;auteur de l&#039;attentat commis le 16 octobre \u00e0 Bruxelles et qui a co\u00fbt\u00e9 la vie \u00e0 deux Su\u00e9dois.\" \/>\n<meta name=\"robots\" content=\"index, follow, max-snippet:-1, max-image-preview:large, max-video-preview:-1\" \/>\n<link rel=\"canonical\" href=\"https:\/\/kapitalis.com\/tunisie\/2023\/10\/24\/paris-deux-tunisiens-en-detention-pour-suspicions-de-lien-avec-lauteur-de-lattentat-de-bruxelles\/\" \/>\n<meta property=\"og:locale\" content=\"fr_FR\" \/>\n<meta property=\"og:type\" content=\"article\" \/>\n<meta property=\"og:title\" content=\"Paris : Deux Tunisiens en d\u00e9tention pour suspicions de lien avec l&#039;auteur de l&#039;attentat de Bruxelles - Kapitalis\" \/>\n<meta property=\"og:description\" content=\"Le Parquet national antiterroriste (Pnat) a annonc\u00e9, mardi 24 octobre 2025, \u00e0 l&#039;AFP, la mise en d\u00e9tention provisoire par un juge parisien de deux Tunisiens susceptibles d&#039;\u00eatre en lien avec Abdessalem Lassoued, l&#039;auteur de l&#039;attentat commis le 16 octobre \u00e0 Bruxelles et qui a co\u00fbt\u00e9 la vie \u00e0 deux Su\u00e9dois.\" \/>\n<meta property=\"og:url\" content=\"https:\/\/kapitalis.com\/tunisie\/2023\/10\/24\/paris-deux-tunisiens-en-detention-pour-suspicions-de-lien-avec-lauteur-de-lattentat-de-bruxelles\/\" \/>\n<meta property=\"og:site_name\" content=\"Kapitalis\" \/>\n<meta property=\"article:publisher\" content=\"https:\/\/www.facebook.com\/KapitalisInfo\/\" \/>\n<meta property=\"article:published_time\" content=\"2023-10-24T17:51:58+00:00\" \/>\n<meta property=\"article:modified_time\" content=\"2023-10-24T18:17:21+00:00\" \/>\n<meta property=\"og:image\" content=\"https:\/\/kapitalis.com\/tunisie\/wp-content\/uploads\/2023\/10\/Abdessalem-Lassoued-1.jpg\" \/>\n\t<meta property=\"og:image:width\" content=\"1200\" \/>\n\t<meta property=\"og:image:height\" content=\"630\" \/>\n\t<meta property=\"og:image:type\" content=\"image\/jpeg\" \/>\n<meta name=\"author\" content=\"Yusra NY\" \/>\n<meta name=\"twitter:card\" content=\"summary_large_image\" \/>\n<meta name=\"twitter:creator\" content=\"@KapitalisInfo\" \/>\n<meta name=\"twitter:site\" content=\"@KapitalisInfo\" \/>\n<meta name=\"twitter:label1\" content=\"\u00c9crit par\" \/>\n\t<meta name=\"twitter:data1\" content=\"Yusra NY\" \/>\n\t<meta name=\"twitter:label2\" content=\"Dur\u00e9e de lecture estim\u00e9e\" \/>\n\t<meta name=\"twitter:data2\" content=\"2 minutes\" \/>\n<script type=\"application\/ld+json\" class=\"yoast-schema-graph\">{\"@context\":\"https:\/\/schema.org\",\"@graph\":[{\"@type\":\"Article\",\"@id\":\"https:\/\/kapitalis.com\/tunisie\/2023\/10\/24\/paris-deux-tunisiens-en-detention-pour-suspicions-de-lien-avec-lauteur-de-lattentat-de-bruxelles\/#article\",\"isPartOf\":{\"@id\":\"https:\/\/kapitalis.com\/tunisie\/2023\/10\/24\/paris-deux-tunisiens-en-detention-pour-suspicions-de-lien-avec-lauteur-de-lattentat-de-bruxelles\/\"},\"author\":{\"name\":\"Yusra NY\",\"@id\":\"https:\/\/kapitalis.com\/tunisie\/#\/schema\/person\/74bbde0154d49d790a92aaeac5bc01d5\"},\"headline\":\"Paris : Deux Tunisiens en d\u00e9tention pour suspicions de lien avec l&rsquo;auteur de l&rsquo;attentat de Bruxelles\",\"datePublished\":\"2023-10-24T17:51:58+00:00\",\"dateModified\":\"2023-10-24T18:17:21+00:00\",\"mainEntityOfPage\":{\"@id\":\"https:\/\/kapitalis.com\/tunisie\/2023\/10\/24\/paris-deux-tunisiens-en-detention-pour-suspicions-de-lien-avec-lauteur-de-lattentat-de-bruxelles\/\"},\"wordCount\":365,\"commentCount\":0,\"publisher\":{\"@id\":\"https:\/\/kapitalis.com\/tunisie\/#organization\"},\"image\":{\"@id\":\"https:\/\/kapitalis.com\/tunisie\/2023\/10\/24\/paris-deux-tunisiens-en-detention-pour-suspicions-de-lien-avec-lauteur-de-lattentat-de-bruxelles\/#primaryimage\"},\"thumbnailUrl\":\"https:\/\/kapitalis.com\/tunisie\/wp-content\/uploads\/2023\/10\/Abdessalem-Lassoued-1.jpg\",\"keywords\":[\"Abdessalem Lassoued\",\"attaque\",\"Bruxelles\",\"d\u00e9tention\",\"France\",\"justice\",\"Paris\",\"terroriste\",\"Tunisie\",\"tunisiens\"],\"articleSection\":[\"SOCIETE\",\"Tunisie\"],\"inLanguage\":\"fr-FR\",\"potentialAction\":[{\"@type\":\"CommentAction\",\"name\":\"Comment\",\"target\":[\"https:\/\/kapitalis.com\/tunisie\/2023\/10\/24\/paris-deux-tunisiens-en-detention-pour-suspicions-de-lien-avec-lauteur-de-lattentat-de-bruxelles\/#respond\"]}]},{\"@type\":\"WebPage\",\"@id\":\"https:\/\/kapitalis.com\/tunisie\/2023\/10\/24\/paris-deux-tunisiens-en-detention-pour-suspicions-de-lien-avec-lauteur-de-lattentat-de-bruxelles\/\",\"url\":\"https:\/\/kapitalis.com\/tunisie\/2023\/10\/24\/paris-deux-tunisiens-en-detention-pour-suspicions-de-lien-avec-lauteur-de-lattentat-de-bruxelles\/\",\"name\":\"Paris : Deux Tunisiens en d\u00e9tention pour suspicions de lien avec l'auteur de l'attentat de Bruxelles - Kapitalis\",\"isPartOf\":{\"@id\":\"https:\/\/kapitalis.com\/tunisie\/#website\"},\"primaryImageOfPage\":{\"@id\":\"https:\/\/kapitalis.com\/tunisie\/2023\/10\/24\/paris-deux-tunisiens-en-detention-pour-suspicions-de-lien-avec-lauteur-de-lattentat-de-bruxelles\/#primaryimage\"},\"image\":{\"@id\":\"https:\/\/kapitalis.com\/tunisie\/2023\/10\/24\/paris-deux-tunisiens-en-detention-pour-suspicions-de-lien-avec-lauteur-de-lattentat-de-bruxelles\/#primaryimage\"},\"thumbnailUrl\":\"https:\/\/kapitalis.com\/tunisie\/wp-content\/uploads\/2023\/10\/Abdessalem-Lassoued-1.jpg\",\"datePublished\":\"2023-10-24T17:51:58+00:00\",\"dateModified\":\"2023-10-24T18:17:21+00:00\",\"description\":\"Le Parquet national antiterroriste (Pnat) a annonc\u00e9, mardi 24 octobre 2025, \u00e0 l'AFP, la mise en d\u00e9tention provisoire par un juge parisien de deux Tunisiens susceptibles d'\u00eatre en lien avec Abdessalem Lassoued, l'auteur de l'attentat commis le 16 octobre \u00e0 Bruxelles et qui a co\u00fbt\u00e9 la vie \u00e0 deux Su\u00e9dois.\",\"breadcrumb\":{\"@id\":\"https:\/\/kapitalis.com\/tunisie\/2023\/10\/24\/paris-deux-tunisiens-en-detention-pour-suspicions-de-lien-avec-lauteur-de-lattentat-de-bruxelles\/#breadcrumb\"},\"inLanguage\":\"fr-FR\",\"potentialAction\":[{\"@type\":\"ReadAction\",\"target\":[\"https:\/\/kapitalis.com\/tunisie\/2023\/10\/24\/paris-deux-tunisiens-en-detention-pour-suspicions-de-lien-avec-lauteur-de-lattentat-de-bruxelles\/\"]}]},{\"@type\":\"ImageObject\",\"inLanguage\":\"fr-FR\",\"@id\":\"https:\/\/kapitalis.com\/tunisie\/2023\/10\/24\/paris-deux-tunisiens-en-detention-pour-suspicions-de-lien-avec-lauteur-de-lattentat-de-bruxelles\/#primaryimage\",\"url\":\"https:\/\/kapitalis.com\/tunisie\/wp-content\/uploads\/2023\/10\/Abdessalem-Lassoued-1.jpg\",\"contentUrl\":\"https:\/\/kapitalis.com\/tunisie\/wp-content\/uploads\/2023\/10\/Abdessalem-Lassoued-1.jpg\",\"width\":1200,\"height\":630},{\"@type\":\"BreadcrumbList\",\"@id\":\"https:\/\/kapitalis.com\/tunisie\/2023\/10\/24\/paris-deux-tunisiens-en-detention-pour-suspicions-de-lien-avec-lauteur-de-lattentat-de-bruxelles\/#breadcrumb\",\"itemListElement\":[{\"@type\":\"ListItem\",\"position\":1,\"name\":\"Accueil\",\"item\":\"https:\/\/kapitalis.com\/tunisie\/\"},{\"@type\":\"ListItem\",\"position\":2,\"name\":\"Paris : Deux Tunisiens en d\u00e9tention pour suspicions de lien avec l&rsquo;auteur de l&rsquo;attentat de Bruxelles\"}]},{\"@type\":\"WebSite\",\"@id\":\"https:\/\/kapitalis.com\/tunisie\/#website\",\"url\":\"https:\/\/kapitalis.com\/tunisie\/\",\"name\":\"Kapitalis\",\"description\":\"L&#039;actualit\u00e9 en Tunisie et dans le monde\",\"publisher\":{\"@id\":\"https:\/\/kapitalis.com\/tunisie\/#organization\"},\"potentialAction\":[{\"@type\":\"SearchAction\",\"target\":{\"@type\":\"EntryPoint\",\"urlTemplate\":\"https:\/\/kapitalis.com\/tunisie\/?s={search_term_string}\"},\"query-input\":{\"@type\":\"PropertyValueSpecification\",\"valueRequired\":true,\"valueName\":\"search_term_string\"}}],\"inLanguage\":\"fr-FR\"},{\"@type\":\"Organization\",\"@id\":\"https:\/\/kapitalis.com\/tunisie\/#organization\",\"name\":\"Kapitalis\",\"url\":\"https:\/\/kapitalis.com\/tunisie\/\",\"logo\":{\"@type\":\"ImageObject\",\"inLanguage\":\"fr-FR\",\"@id\":\"https:\/\/kapitalis.com\/tunisie\/#\/schema\/logo\/image\/\",\"url\":\"https:\/\/kapitalis.com\/tunisie\/wp-content\/uploads\/2022\/05\/Kapitalis-big-size.png\",\"contentUrl\":\"https:\/\/kapitalis.com\/tunisie\/wp-content\/uploads\/2022\/05\/Kapitalis-big-size.png\",\"width\":5000,\"height\":1500,\"caption\":\"Kapitalis\"},\"image\":{\"@id\":\"https:\/\/kapitalis.com\/tunisie\/#\/schema\/logo\/image\/\"},\"sameAs\":[\"https:\/\/www.facebook.com\/KapitalisInfo\/\",\"https:\/\/x.com\/KapitalisInfo\",\"https:\/\/www.youtube.com\/channel\/UC-yDYrHyfFBWWZaOw3FPg9Q\"]},{\"@type\":\"Person\",\"@id\":\"https:\/\/kapitalis.com\/tunisie\/#\/schema\/person\/74bbde0154d49d790a92aaeac5bc01d5\",\"name\":\"Yusra NY\",\"url\":\"https:\/\/kapitalis.com\/tunisie\/author\/yuza_adam\/\"}]}<\/script>\n<!-- \/ Yoast SEO plugin. -->","yoast_head_json":{"title":"Paris : Deux Tunisiens en d\u00e9tention pour suspicions de lien avec l'auteur de l'attentat de Bruxelles - Kapitalis","description":"Le Parquet national antiterroriste (Pnat) a annonc\u00e9, mardi 24 octobre 2025, \u00e0 l'AFP, la mise en d\u00e9tention provisoire par un juge parisien de deux Tunisiens susceptibles d'\u00eatre en lien avec Abdessalem Lassoued, l'auteur de l'attentat commis le 16 octobre \u00e0 Bruxelles et qui a co\u00fbt\u00e9 la vie \u00e0 deux Su\u00e9dois.","robots":{"index":"index","follow":"follow","max-snippet":"max-snippet:-1","max-image-preview":"max-image-preview:large","max-video-preview":"max-video-preview:-1"},"canonical":"https:\/\/kapitalis.com\/tunisie\/2023\/10\/24\/paris-deux-tunisiens-en-detention-pour-suspicions-de-lien-avec-lauteur-de-lattentat-de-bruxelles\/","og_locale":"fr_FR","og_type":"article","og_title":"Paris : Deux Tunisiens en d\u00e9tention pour suspicions de lien avec l'auteur de l'attentat de Bruxelles - Kapitalis","og_description":"Le Parquet national antiterroriste (Pnat) a annonc\u00e9, mardi 24 octobre 2025, \u00e0 l'AFP, la mise en d\u00e9tention provisoire par un juge parisien de deux Tunisiens susceptibles d'\u00eatre en lien avec Abdessalem Lassoued, l'auteur de l'attentat commis le 16 octobre \u00e0 Bruxelles et qui a co\u00fbt\u00e9 la vie \u00e0 deux Su\u00e9dois.","og_url":"https:\/\/kapitalis.com\/tunisie\/2023\/10\/24\/paris-deux-tunisiens-en-detention-pour-suspicions-de-lien-avec-lauteur-de-lattentat-de-bruxelles\/","og_site_name":"Kapitalis","article_publisher":"https:\/\/www.facebook.com\/KapitalisInfo\/","article_published_time":"2023-10-24T17:51:58+00:00","article_modified_time":"2023-10-24T18:17:21+00:00","og_image":[{"width":1200,"height":630,"url":"https:\/\/kapitalis.com\/tunisie\/wp-content\/uploads\/2023\/10\/Abdessalem-Lassoued-1.jpg","type":"image\/jpeg"}],"author":"Yusra NY","twitter_card":"summary_large_image","twitter_creator":"@KapitalisInfo","twitter_site":"@KapitalisInfo","twitter_misc":{"\u00c9crit par":"Yusra NY","Dur\u00e9e de lecture estim\u00e9e":"2 minutes"},"schema":{"@context":"https:\/\/schema.org","@graph":[{"@type":"Article","@id":"https:\/\/kapitalis.com\/tunisie\/2023\/10\/24\/paris-deux-tunisiens-en-detention-pour-suspicions-de-lien-avec-lauteur-de-lattentat-de-bruxelles\/#article","isPartOf":{"@id":"https:\/\/kapitalis.com\/tunisie\/2023\/10\/24\/paris-deux-tunisiens-en-detention-pour-suspicions-de-lien-avec-lauteur-de-lattentat-de-bruxelles\/"},"author":{"name":"Yusra NY","@id":"https:\/\/kapitalis.com\/tunisie\/#\/schema\/person\/74bbde0154d49d790a92aaeac5bc01d5"},"headline":"Paris : Deux Tunisiens en d\u00e9tention pour suspicions de lien avec l&rsquo;auteur de l&rsquo;attentat de Bruxelles","datePublished":"2023-10-24T17:51:58+00:00","dateModified":"2023-10-24T18:17:21+00:00","mainEntityOfPage":{"@id":"https:\/\/kapitalis.com\/tunisie\/2023\/10\/24\/paris-deux-tunisiens-en-detention-pour-suspicions-de-lien-avec-lauteur-de-lattentat-de-bruxelles\/"},"wordCount":365,"commentCount":0,"publisher":{"@id":"https:\/\/kapitalis.com\/tunisie\/#organization"},"image":{"@id":"https:\/\/kapitalis.com\/tunisie\/2023\/10\/24\/paris-deux-tunisiens-en-detention-pour-suspicions-de-lien-avec-lauteur-de-lattentat-de-bruxelles\/#primaryimage"},"thumbnailUrl":"https:\/\/kapitalis.com\/tunisie\/wp-content\/uploads\/2023\/10\/Abdessalem-Lassoued-1.jpg","keywords":["Abdessalem Lassoued","attaque","Bruxelles","d\u00e9tention","France","justice","Paris","terroriste","Tunisie","tunisiens"],"articleSection":["SOCIETE","Tunisie"],"inLanguage":"fr-FR","potentialAction":[{"@type":"CommentAction","name":"Comment","target":["https:\/\/kapitalis.com\/tunisie\/2023\/10\/24\/paris-deux-tunisiens-en-detention-pour-suspicions-de-lien-avec-lauteur-de-lattentat-de-bruxelles\/#respond"]}]},{"@type":"WebPage","@id":"https:\/\/kapitalis.com\/tunisie\/2023\/10\/24\/paris-deux-tunisiens-en-detention-pour-suspicions-de-lien-avec-lauteur-de-lattentat-de-bruxelles\/","url":"https:\/\/kapitalis.com\/tunisie\/2023\/10\/24\/paris-deux-tunisiens-en-detention-pour-suspicions-de-lien-avec-lauteur-de-lattentat-de-bruxelles\/","name":"Paris : Deux Tunisiens en d\u00e9tention pour suspicions de lien avec l'auteur de l'attentat de Bruxelles - Kapitalis","isPartOf":{"@id":"https:\/\/kapitalis.com\/tunisie\/#website"},"primaryImageOfPage":{"@id":"https:\/\/kapitalis.com\/tunisie\/2023\/10\/24\/paris-deux-tunisiens-en-detention-pour-suspicions-de-lien-avec-lauteur-de-lattentat-de-bruxelles\/#primaryimage"},"image":{"@id":"https:\/\/kapitalis.com\/tunisie\/2023\/10\/24\/paris-deux-tunisiens-en-detention-pour-suspicions-de-lien-avec-lauteur-de-lattentat-de-bruxelles\/#primaryimage"},"thumbnailUrl":"https:\/\/kapitalis.com\/tunisie\/wp-content\/uploads\/2023\/10\/Abdessalem-Lassoued-1.jpg","datePublished":"2023-10-24T17:51:58+00:00","dateModified":"2023-10-24T18:17:21+00:00","description":"Le Parquet national antiterroriste (Pnat) a annonc\u00e9, mardi 24 octobre 2025, \u00e0 l'AFP, la mise en d\u00e9tention provisoire par un juge parisien de deux Tunisiens susceptibles d'\u00eatre en lien avec Abdessalem Lassoued, l'auteur de l'attentat commis le 16 octobre \u00e0 Bruxelles et qui a co\u00fbt\u00e9 la vie \u00e0 deux Su\u00e9dois.","breadcrumb":{"@id":"https:\/\/kapitalis.com\/tunisie\/2023\/10\/24\/paris-deux-tunisiens-en-detention-pour-suspicions-de-lien-avec-lauteur-de-lattentat-de-bruxelles\/#breadcrumb"},"inLanguage":"fr-FR","potentialAction":[{"@type":"ReadAction","target":["https:\/\/kapitalis.com\/tunisie\/2023\/10\/24\/paris-deux-tunisiens-en-detention-pour-suspicions-de-lien-avec-lauteur-de-lattentat-de-bruxelles\/"]}]},{"@type":"ImageObject","inLanguage":"fr-FR","@id":"https:\/\/kapitalis.com\/tunisie\/2023\/10\/24\/paris-deux-tunisiens-en-detention-pour-suspicions-de-lien-avec-lauteur-de-lattentat-de-bruxelles\/#primaryimage","url":"https:\/\/kapitalis.com\/tunisie\/wp-content\/uploads\/2023\/10\/Abdessalem-Lassoued-1.jpg","contentUrl":"https:\/\/kapitalis.com\/tunisie\/wp-content\/uploads\/2023\/10\/Abdessalem-Lassoued-1.jpg","width":1200,"height":630},{"@type":"BreadcrumbList","@id":"https:\/\/kapitalis.com\/tunisie\/2023\/10\/24\/paris-deux-tunisiens-en-detention-pour-suspicions-de-lien-avec-lauteur-de-lattentat-de-bruxelles\/#breadcrumb","itemListElement":[{"@type":"ListItem","position":1,"name":"Accueil","item":"https:\/\/kapitalis.com\/tunisie\/"},{"@type":"ListItem","position":2,"name":"Paris : Deux Tunisiens en d\u00e9tention pour suspicions de lien avec l&rsquo;auteur de l&rsquo;attentat de Bruxelles"}]},{"@type":"WebSite","@id":"https:\/\/kapitalis.com\/tunisie\/#website","url":"https:\/\/kapitalis.com\/tunisie\/","name":"Kapitalis","description":"L&#039;actualit\u00e9 en Tunisie et dans le monde","publisher":{"@id":"https:\/\/kapitalis.com\/tunisie\/#organization"},"potentialAction":[{"@type":"SearchAction","target":{"@type":"EntryPoint","urlTemplate":"https:\/\/kapitalis.com\/tunisie\/?s={search_term_string}"},"query-input":{"@type":"PropertyValueSpecification","valueRequired":true,"valueName":"search_term_string"}}],"inLanguage":"fr-FR"},{"@type":"Organization","@id":"https:\/\/kapitalis.com\/tunisie\/#organization","name":"Kapitalis","url":"https:\/\/kapitalis.com\/tunisie\/","logo":{"@type":"ImageObject","inLanguage":"fr-FR","@id":"https:\/\/kapitalis.com\/tunisie\/#\/schema\/logo\/image\/","url":"https:\/\/kapitalis.com\/tunisie\/wp-content\/uploads\/2022\/05\/Kapitalis-big-size.png","contentUrl":"https:\/\/kapitalis.com\/tunisie\/wp-content\/uploads\/2022\/05\/Kapitalis-big-size.png","width":5000,"height":1500,"caption":"Kapitalis"},"image":{"@id":"https:\/\/kapitalis.com\/tunisie\/#\/schema\/logo\/image\/"},"sameAs":["https:\/\/www.facebook.com\/KapitalisInfo\/","https:\/\/x.com\/KapitalisInfo","https:\/\/www.youtube.com\/channel\/UC-yDYrHyfFBWWZaOw3FPg9Q"]},{"@type":"Person","@id":"https:\/\/kapitalis.com\/tunisie\/#\/schema\/person\/74bbde0154d49d790a92aaeac5bc01d5","name":"Yusra NY","url":"https:\/\/kapitalis.com\/tunisie\/author\/yuza_adam\/"}]}},"_links":{"self":[{"href":"https:\/\/kapitalis.com\/tunisie\/wp-json\/wp\/v2\/posts\/10253219","targetHints":{"allow":["GET"]}}],"collection":[{"href":"https:\/\/kapitalis.com\/tunisie\/wp-json\/wp\/v2\/posts"}],"about":[{"href":"https:\/\/kapitalis.com\/tunisie\/wp-json\/wp\/v2\/types\/post"}],"author":[{"embeddable":true,"href":"https:\/\/kapitalis.com\/tunisie\/wp-json\/wp\/v2\/users\/6"}],"replies":[{"embeddable":true,"href":"https:\/\/kapitalis.com\/tunisie\/wp-json\/wp\/v2\/comments?post=10253219"}],"version-history":[{"count":2,"href":"https:\/\/kapitalis.com\/tunisie\/wp-json\/wp\/v2\/posts\/10253219\/revisions"}],"predecessor-version":[{"id":10253370,"href":"https:\/\/kapitalis.com\/tunisie\/wp-json\/wp\/v2\/posts\/10253219\/revisions\/10253370"}],"wp:featuredmedia":[{"embeddable":true,"href":"https:\/\/kapitalis.com\/tunisie\/wp-json\/wp\/v2\/media\/10253270"}],"wp:attachment":[{"href":"https:\/\/kapitalis.com\/tunisie\/wp-json\/wp\/v2\/media?parent=10253219"}],"wp:term":[{"taxonomy":"category","embeddable":true,"href":"https:\/\/kapitalis.com\/tunisie\/wp-json\/wp\/v2\/categories?post=10253219"},{"taxonomy":"post_tag","embeddable":true,"href":"https:\/\/kapitalis.com\/tunisie\/wp-json\/wp\/v2\/tags?post=10253219"}],"curies":[{"name":"wp","href":"https:\/\/api.w.org\/{rel}","templated":true}]}}