{"id":10254,"date":"2015-08-21T20:02:39","date_gmt":"2015-08-21T19:02:39","guid":{"rendered":"http:\/\/kapitalis.com\/tunisie\/?p=10254"},"modified":"2015-08-22T08:53:33","modified_gmt":"2015-08-22T07:53:33","slug":"annulation-de-noise-fest-les-organisateurs-ripostent","status":"publish","type":"post","link":"https:\/\/kapitalis.com\/tunisie\/2015\/08\/21\/annulation-de-noise-fest-les-organisateurs-ripostent\/","title":{"rendered":"Annulation de Noise Fest : Les organisateurs ripostent"},"content":{"rendered":"<p><img loading=\"lazy\" decoding=\"async\" class=\"size-full wp-image-10255 aligncenter\" src=\"http:\/\/kapitalis.com\/tunisie\/wp-content\/uploads\/2015\/08\/Noise-fest.jpeg\" alt=\"Noise-fest\" width=\"626\" height=\"380\" \/><em><strong>Noise Fest, qui devait avoir lieu du 7 au 9 ao\u00fbt, a \u00e9t\u00e9 annul\u00e9. Omar Ghazouzi, directeur du festival, d\u00e9nonce un syst\u00e8me qui \u00abrefuse toute initiative\u00bb.<\/strong><\/em><\/p>\n<p><!--more--><\/p>\n<p>\u00abInternational noise fest\u00bb initi\u00e9 par Noise FM, une association culturelle \u00e0 but non lucratif, devait se tenir du 7 au 9 ao\u00fbt au golfe de Yasmine Hammamet. Le camping festival international devait regrouper 96 artistes \u00e9trangers et 64 artistes tunisiens b\u00e9n\u00e9voles dans le but de lutter contre le terrorisme \u00e0 travers l\u2019art.<\/p>\n<p>Omar Ghazouzi affirme dans un communiqu\u00e9 que l\u2019annulation, survenue un jour avant le lancement du festival, a \u00e9t\u00e9 annonc\u00e9e par le district de la garde nationale de Nabeul, suite \u00e0 une d\u00e9cision du gouverneur, sans pr\u00e9avis ni papiers officiels.<\/p>\n<p>Les forces de l\u2019ordre ont ainsi d\u00e9sinstall\u00e9s les chapiteaux pr\u00e9vus pour h\u00e9berger le public faute d&rsquo;autorisation pour leur mise en place.<\/p>\n<p>Le 6 ao\u00fbt, les agents de police ont refus\u00e9 l\u2019acc\u00e8s aux festivaliers en affirmant que l\u2019\u00e9v\u00e9nement a \u00e9t\u00e9 annul\u00e9.<\/p>\n<p>Au final, sur les trois jours initialement pr\u00e9vus, les participants au Noise Fest\u00a0n\u2019ont pu y acc\u00e9der que le 8 ao\u00fbt de 16h30 \u00e0 1 heure du matin.<\/p>\n<p>Une conf\u00e9rence de presse des organisateurs de l\u2019\u00e9v\u00e9nement aura lieu lundi afin de revenir sur les \u00ables myst\u00e8res entourant son annulation\u00bb.<\/p>\n<p style=\"text-align: right;\"><strong>H.K.<\/strong><\/p>\n","protected":false},"excerpt":{"rendered":"<p>Noise Fest, qui devait avoir lieu du 7 au 9 ao\u00fbt, a \u00e9t\u00e9 annul\u00e9. Omar Ghazouzi, directeur du festival, d\u00e9nonce un syst\u00e8me qui \u00abrefuse toute initiative\u00bb.<\/p>\n","protected":false},"author":13,"featured_media":10255,"comment_status":"open","ping_status":"open","sticky":false,"template":"","format":"standard","meta":{"footnotes":""},"categories":[994,2433],"tags":[1657,379,3572],"class_list":["post-10254","post","type-post","status-publish","format-standard","has-post-thumbnail","hentry","category-culture","category-tunisie","tag-annulation","tag-festival","tag-yasmine-hammamet"],"yoast_head":"<!-- This site is optimized with the Yoast SEO plugin v26.6 - https:\/\/yoast.com\/wordpress\/plugins\/seo\/ -->\n<title>Annulation de Noise Fest : Les organisateurs ripostent - Kapitalis<\/title>\n<meta name=\"robots\" content=\"index, follow, max-snippet:-1, max-image-preview:large, max-video-preview:-1\" \/>\n<link rel=\"canonical\" href=\"https:\/\/kapitalis.com\/tunisie\/2015\/08\/21\/annulation-de-noise-fest-les-organisateurs-ripostent\/\" \/>\n<meta property=\"og:locale\" content=\"fr_FR\" \/>\n<meta property=\"og:type\" content=\"article\" \/>\n<meta property=\"og:title\" content=\"Annulation de Noise Fest : Les organisateurs ripostent - Kapitalis\" \/>\n<meta property=\"og:description\" content=\"Noise Fest, qui devait avoir lieu du 7 au 9 ao\u00fbt, a \u00e9t\u00e9 annul\u00e9. Omar Ghazouzi, directeur du festival, d\u00e9nonce un syst\u00e8me qui \u00abrefuse toute initiative\u00bb.\" \/>\n<meta property=\"og:url\" content=\"https:\/\/kapitalis.com\/tunisie\/2015\/08\/21\/annulation-de-noise-fest-les-organisateurs-ripostent\/\" \/>\n<meta property=\"og:site_name\" content=\"Kapitalis\" \/>\n<meta property=\"article:publisher\" content=\"https:\/\/www.facebook.com\/KapitalisInfo\/\" \/>\n<meta property=\"article:published_time\" content=\"2015-08-21T19:02:39+00:00\" \/>\n<meta property=\"article:modified_time\" content=\"2015-08-22T07:53:33+00:00\" \/>\n<meta property=\"og:image\" content=\"https:\/\/kapitalis.com\/tunisie\/wp-content\/uploads\/2022\/05\/kapitalis-logo-fb.png\" \/>\n\t<meta property=\"og:image:width\" content=\"1200\" \/>\n\t<meta property=\"og:image:height\" content=\"630\" \/>\n\t<meta property=\"og:image:type\" content=\"image\/png\" \/>\n<meta name=\"author\" content=\"webmaster aux\" \/>\n<meta name=\"twitter:card\" content=\"summary_large_image\" \/>\n<meta name=\"twitter:creator\" content=\"@KapitalisInfo\" \/>\n<meta name=\"twitter:site\" content=\"@KapitalisInfo\" \/>\n<meta name=\"twitter:label1\" content=\"\u00c9crit par\" \/>\n\t<meta name=\"twitter:data1\" content=\"webmaster aux\" \/>\n\t<meta name=\"twitter:label2\" content=\"Dur\u00e9e de lecture estim\u00e9e\" \/>\n\t<meta name=\"twitter:data2\" content=\"1 minute\" \/>\n<script type=\"application\/ld+json\" class=\"yoast-schema-graph\">{\"@context\":\"https:\/\/schema.org\",\"@graph\":[{\"@type\":\"Article\",\"@id\":\"https:\/\/kapitalis.com\/tunisie\/2015\/08\/21\/annulation-de-noise-fest-les-organisateurs-ripostent\/#article\",\"isPartOf\":{\"@id\":\"https:\/\/kapitalis.com\/tunisie\/2015\/08\/21\/annulation-de-noise-fest-les-organisateurs-ripostent\/\"},\"author\":{\"name\":\"webmaster aux\",\"@id\":\"https:\/\/kapitalis.com\/tunisie\/#\/schema\/person\/aa8b4a429805c4e3f0713a3c3f95212b\"},\"headline\":\"Annulation de Noise Fest : Les organisateurs ripostent\",\"datePublished\":\"2015-08-21T19:02:39+00:00\",\"dateModified\":\"2015-08-22T07:53:33+00:00\",\"mainEntityOfPage\":{\"@id\":\"https:\/\/kapitalis.com\/tunisie\/2015\/08\/21\/annulation-de-noise-fest-les-organisateurs-ripostent\/\"},\"wordCount\":231,\"commentCount\":1,\"publisher\":{\"@id\":\"https:\/\/kapitalis.com\/tunisie\/#organization\"},\"image\":{\"@id\":\"https:\/\/kapitalis.com\/tunisie\/2015\/08\/21\/annulation-de-noise-fest-les-organisateurs-ripostent\/#primaryimage\"},\"thumbnailUrl\":\"\",\"keywords\":[\"annulation\",\"Festival\",\"Yasmine Hammamet\"],\"articleSection\":[\"CULTURE\",\"Tunisie\"],\"inLanguage\":\"fr-FR\",\"potentialAction\":[{\"@type\":\"CommentAction\",\"name\":\"Comment\",\"target\":[\"https:\/\/kapitalis.com\/tunisie\/2015\/08\/21\/annulation-de-noise-fest-les-organisateurs-ripostent\/#respond\"]}]},{\"@type\":\"WebPage\",\"@id\":\"https:\/\/kapitalis.com\/tunisie\/2015\/08\/21\/annulation-de-noise-fest-les-organisateurs-ripostent\/\",\"url\":\"https:\/\/kapitalis.com\/tunisie\/2015\/08\/21\/annulation-de-noise-fest-les-organisateurs-ripostent\/\",\"name\":\"Annulation de Noise Fest : Les organisateurs ripostent - Kapitalis\",\"isPartOf\":{\"@id\":\"https:\/\/kapitalis.com\/tunisie\/#website\"},\"primaryImageOfPage\":{\"@id\":\"https:\/\/kapitalis.com\/tunisie\/2015\/08\/21\/annulation-de-noise-fest-les-organisateurs-ripostent\/#primaryimage\"},\"image\":{\"@id\":\"https:\/\/kapitalis.com\/tunisie\/2015\/08\/21\/annulation-de-noise-fest-les-organisateurs-ripostent\/#primaryimage\"},\"thumbnailUrl\":\"\",\"datePublished\":\"2015-08-21T19:02:39+00:00\",\"dateModified\":\"2015-08-22T07:53:33+00:00\",\"breadcrumb\":{\"@id\":\"https:\/\/kapitalis.com\/tunisie\/2015\/08\/21\/annulation-de-noise-fest-les-organisateurs-ripostent\/#breadcrumb\"},\"inLanguage\":\"fr-FR\",\"potentialAction\":[{\"@type\":\"ReadAction\",\"target\":[\"https:\/\/kapitalis.com\/tunisie\/2015\/08\/21\/annulation-de-noise-fest-les-organisateurs-ripostent\/\"]}]},{\"@type\":\"ImageObject\",\"inLanguage\":\"fr-FR\",\"@id\":\"https:\/\/kapitalis.com\/tunisie\/2015\/08\/21\/annulation-de-noise-fest-les-organisateurs-ripostent\/#primaryimage\",\"url\":\"\",\"contentUrl\":\"\"},{\"@type\":\"BreadcrumbList\",\"@id\":\"https:\/\/kapitalis.com\/tunisie\/2015\/08\/21\/annulation-de-noise-fest-les-organisateurs-ripostent\/#breadcrumb\",\"itemListElement\":[{\"@type\":\"ListItem\",\"position\":1,\"name\":\"Accueil\",\"item\":\"https:\/\/kapitalis.com\/tunisie\/\"},{\"@type\":\"ListItem\",\"position\":2,\"name\":\"Annulation de Noise Fest : Les organisateurs ripostent\"}]},{\"@type\":\"WebSite\",\"@id\":\"https:\/\/kapitalis.com\/tunisie\/#website\",\"url\":\"https:\/\/kapitalis.com\/tunisie\/\",\"name\":\"Kapitalis\",\"description\":\"L&#039;actualit\u00e9 en Tunisie et dans le monde\",\"publisher\":{\"@id\":\"https:\/\/kapitalis.com\/tunisie\/#organization\"},\"potentialAction\":[{\"@type\":\"SearchAction\",\"target\":{\"@type\":\"EntryPoint\",\"urlTemplate\":\"https:\/\/kapitalis.com\/tunisie\/?s={search_term_string}\"},\"query-input\":{\"@type\":\"PropertyValueSpecification\",\"valueRequired\":true,\"valueName\":\"search_term_string\"}}],\"inLanguage\":\"fr-FR\"},{\"@type\":\"Organization\",\"@id\":\"https:\/\/kapitalis.com\/tunisie\/#organization\",\"name\":\"Kapitalis\",\"url\":\"https:\/\/kapitalis.com\/tunisie\/\",\"logo\":{\"@type\":\"ImageObject\",\"inLanguage\":\"fr-FR\",\"@id\":\"https:\/\/kapitalis.com\/tunisie\/#\/schema\/logo\/image\/\",\"url\":\"https:\/\/kapitalis.com\/tunisie\/wp-content\/uploads\/2022\/05\/Kapitalis-big-size.png\",\"contentUrl\":\"https:\/\/kapitalis.com\/tunisie\/wp-content\/uploads\/2022\/05\/Kapitalis-big-size.png\",\"width\":5000,\"height\":1500,\"caption\":\"Kapitalis\"},\"image\":{\"@id\":\"https:\/\/kapitalis.com\/tunisie\/#\/schema\/logo\/image\/\"},\"sameAs\":[\"https:\/\/www.facebook.com\/KapitalisInfo\/\",\"https:\/\/x.com\/KapitalisInfo\",\"https:\/\/www.youtube.com\/channel\/UC-yDYrHyfFBWWZaOw3FPg9Q\"]},{\"@type\":\"Person\",\"@id\":\"https:\/\/kapitalis.com\/tunisie\/#\/schema\/person\/aa8b4a429805c4e3f0713a3c3f95212b\",\"name\":\"webmaster aux\",\"url\":\"https:\/\/kapitalis.com\/tunisie\/author\/webmasteraux\/\"}]}<\/script>\n<!-- \/ Yoast SEO plugin. -->","yoast_head_json":{"title":"Annulation de Noise Fest : Les organisateurs ripostent - Kapitalis","robots":{"index":"index","follow":"follow","max-snippet":"max-snippet:-1","max-image-preview":"max-image-preview:large","max-video-preview":"max-video-preview:-1"},"canonical":"https:\/\/kapitalis.com\/tunisie\/2015\/08\/21\/annulation-de-noise-fest-les-organisateurs-ripostent\/","og_locale":"fr_FR","og_type":"article","og_title":"Annulation de Noise Fest : Les organisateurs ripostent - Kapitalis","og_description":"Noise Fest, qui devait avoir lieu du 7 au 9 ao\u00fbt, a \u00e9t\u00e9 annul\u00e9. Omar Ghazouzi, directeur du festival, d\u00e9nonce un syst\u00e8me qui \u00abrefuse toute initiative\u00bb.","og_url":"https:\/\/kapitalis.com\/tunisie\/2015\/08\/21\/annulation-de-noise-fest-les-organisateurs-ripostent\/","og_site_name":"Kapitalis","article_publisher":"https:\/\/www.facebook.com\/KapitalisInfo\/","article_published_time":"2015-08-21T19:02:39+00:00","article_modified_time":"2015-08-22T07:53:33+00:00","og_image":[{"width":1200,"height":630,"url":"https:\/\/kapitalis.com\/tunisie\/wp-content\/uploads\/2022\/05\/kapitalis-logo-fb.png","type":"image\/png"}],"author":"webmaster aux","twitter_card":"summary_large_image","twitter_creator":"@KapitalisInfo","twitter_site":"@KapitalisInfo","twitter_misc":{"\u00c9crit par":"webmaster aux","Dur\u00e9e de lecture estim\u00e9e":"1 minute"},"schema":{"@context":"https:\/\/schema.org","@graph":[{"@type":"Article","@id":"https:\/\/kapitalis.com\/tunisie\/2015\/08\/21\/annulation-de-noise-fest-les-organisateurs-ripostent\/#article","isPartOf":{"@id":"https:\/\/kapitalis.com\/tunisie\/2015\/08\/21\/annulation-de-noise-fest-les-organisateurs-ripostent\/"},"author":{"name":"webmaster aux","@id":"https:\/\/kapitalis.com\/tunisie\/#\/schema\/person\/aa8b4a429805c4e3f0713a3c3f95212b"},"headline":"Annulation de Noise Fest : Les organisateurs ripostent","datePublished":"2015-08-21T19:02:39+00:00","dateModified":"2015-08-22T07:53:33+00:00","mainEntityOfPage":{"@id":"https:\/\/kapitalis.com\/tunisie\/2015\/08\/21\/annulation-de-noise-fest-les-organisateurs-ripostent\/"},"wordCount":231,"commentCount":1,"publisher":{"@id":"https:\/\/kapitalis.com\/tunisie\/#organization"},"image":{"@id":"https:\/\/kapitalis.com\/tunisie\/2015\/08\/21\/annulation-de-noise-fest-les-organisateurs-ripostent\/#primaryimage"},"thumbnailUrl":"","keywords":["annulation","Festival","Yasmine Hammamet"],"articleSection":["CULTURE","Tunisie"],"inLanguage":"fr-FR","potentialAction":[{"@type":"CommentAction","name":"Comment","target":["https:\/\/kapitalis.com\/tunisie\/2015\/08\/21\/annulation-de-noise-fest-les-organisateurs-ripostent\/#respond"]}]},{"@type":"WebPage","@id":"https:\/\/kapitalis.com\/tunisie\/2015\/08\/21\/annulation-de-noise-fest-les-organisateurs-ripostent\/","url":"https:\/\/kapitalis.com\/tunisie\/2015\/08\/21\/annulation-de-noise-fest-les-organisateurs-ripostent\/","name":"Annulation de Noise Fest : Les organisateurs ripostent - Kapitalis","isPartOf":{"@id":"https:\/\/kapitalis.com\/tunisie\/#website"},"primaryImageOfPage":{"@id":"https:\/\/kapitalis.com\/tunisie\/2015\/08\/21\/annulation-de-noise-fest-les-organisateurs-ripostent\/#primaryimage"},"image":{"@id":"https:\/\/kapitalis.com\/tunisie\/2015\/08\/21\/annulation-de-noise-fest-les-organisateurs-ripostent\/#primaryimage"},"thumbnailUrl":"","datePublished":"2015-08-21T19:02:39+00:00","dateModified":"2015-08-22T07:53:33+00:00","breadcrumb":{"@id":"https:\/\/kapitalis.com\/tunisie\/2015\/08\/21\/annulation-de-noise-fest-les-organisateurs-ripostent\/#breadcrumb"},"inLanguage":"fr-FR","potentialAction":[{"@type":"ReadAction","target":["https:\/\/kapitalis.com\/tunisie\/2015\/08\/21\/annulation-de-noise-fest-les-organisateurs-ripostent\/"]}]},{"@type":"ImageObject","inLanguage":"fr-FR","@id":"https:\/\/kapitalis.com\/tunisie\/2015\/08\/21\/annulation-de-noise-fest-les-organisateurs-ripostent\/#primaryimage","url":"","contentUrl":""},{"@type":"BreadcrumbList","@id":"https:\/\/kapitalis.com\/tunisie\/2015\/08\/21\/annulation-de-noise-fest-les-organisateurs-ripostent\/#breadcrumb","itemListElement":[{"@type":"ListItem","position":1,"name":"Accueil","item":"https:\/\/kapitalis.com\/tunisie\/"},{"@type":"ListItem","position":2,"name":"Annulation de Noise Fest : Les organisateurs ripostent"}]},{"@type":"WebSite","@id":"https:\/\/kapitalis.com\/tunisie\/#website","url":"https:\/\/kapitalis.com\/tunisie\/","name":"Kapitalis","description":"L&#039;actualit\u00e9 en Tunisie et dans le monde","publisher":{"@id":"https:\/\/kapitalis.com\/tunisie\/#organization"},"potentialAction":[{"@type":"SearchAction","target":{"@type":"EntryPoint","urlTemplate":"https:\/\/kapitalis.com\/tunisie\/?s={search_term_string}"},"query-input":{"@type":"PropertyValueSpecification","valueRequired":true,"valueName":"search_term_string"}}],"inLanguage":"fr-FR"},{"@type":"Organization","@id":"https:\/\/kapitalis.com\/tunisie\/#organization","name":"Kapitalis","url":"https:\/\/kapitalis.com\/tunisie\/","logo":{"@type":"ImageObject","inLanguage":"fr-FR","@id":"https:\/\/kapitalis.com\/tunisie\/#\/schema\/logo\/image\/","url":"https:\/\/kapitalis.com\/tunisie\/wp-content\/uploads\/2022\/05\/Kapitalis-big-size.png","contentUrl":"https:\/\/kapitalis.com\/tunisie\/wp-content\/uploads\/2022\/05\/Kapitalis-big-size.png","width":5000,"height":1500,"caption":"Kapitalis"},"image":{"@id":"https:\/\/kapitalis.com\/tunisie\/#\/schema\/logo\/image\/"},"sameAs":["https:\/\/www.facebook.com\/KapitalisInfo\/","https:\/\/x.com\/KapitalisInfo","https:\/\/www.youtube.com\/channel\/UC-yDYrHyfFBWWZaOw3FPg9Q"]},{"@type":"Person","@id":"https:\/\/kapitalis.com\/tunisie\/#\/schema\/person\/aa8b4a429805c4e3f0713a3c3f95212b","name":"webmaster aux","url":"https:\/\/kapitalis.com\/tunisie\/author\/webmasteraux\/"}]}},"_links":{"self":[{"href":"https:\/\/kapitalis.com\/tunisie\/wp-json\/wp\/v2\/posts\/10254","targetHints":{"allow":["GET"]}}],"collection":[{"href":"https:\/\/kapitalis.com\/tunisie\/wp-json\/wp\/v2\/posts"}],"about":[{"href":"https:\/\/kapitalis.com\/tunisie\/wp-json\/wp\/v2\/types\/post"}],"author":[{"embeddable":true,"href":"https:\/\/kapitalis.com\/tunisie\/wp-json\/wp\/v2\/users\/13"}],"replies":[{"embeddable":true,"href":"https:\/\/kapitalis.com\/tunisie\/wp-json\/wp\/v2\/comments?post=10254"}],"version-history":[{"count":0,"href":"https:\/\/kapitalis.com\/tunisie\/wp-json\/wp\/v2\/posts\/10254\/revisions"}],"wp:featuredmedia":[{"embeddable":true,"href":"https:\/\/kapitalis.com\/tunisie\/wp-json\/wp\/v2\/media\/10255"}],"wp:attachment":[{"href":"https:\/\/kapitalis.com\/tunisie\/wp-json\/wp\/v2\/media?parent=10254"}],"wp:term":[{"taxonomy":"category","embeddable":true,"href":"https:\/\/kapitalis.com\/tunisie\/wp-json\/wp\/v2\/categories?post=10254"},{"taxonomy":"post_tag","embeddable":true,"href":"https:\/\/kapitalis.com\/tunisie\/wp-json\/wp\/v2\/tags?post=10254"}],"curies":[{"name":"wp","href":"https:\/\/api.w.org\/{rel}","templated":true}]}}