{"id":10258405,"date":"2023-10-25T12:15:21","date_gmt":"2023-10-25T11:15:21","guid":{"rendered":"https:\/\/kapitalis.com\/tunisie\/?p=10258405"},"modified":"2023-10-25T13:15:18","modified_gmt":"2023-10-25T12:15:18","slug":"avi-shlaim-les-puissances-occidentales-seront-complices-de-lattaque-israelienne-contre-gaza","status":"publish","type":"post","link":"https:\/\/kapitalis.com\/tunisie\/2023\/10\/25\/avi-shlaim-les-puissances-occidentales-seront-complices-de-lattaque-israelienne-contre-gaza\/","title":{"rendered":"Avi Shlaim\u00a0: \u00abLes puissances occidentales seront complices de l\u2019attaque isra\u00e9lienne contre Gaza\u00bb"},"content":{"rendered":"\n<p><strong><em>Pour l\u2019historien isra\u00e9lo-britannique, juif d\u2019origine irakienne, auteur de certains des meilleurs ouvrages pour comprendre le conflit au Proche-Orient, la campagne militaire actuelle d\u2019Isra\u00ebl dans la bande de Gaza est du \u00abterrorisme d\u2019\u00c9tat\u00bb.<\/em><\/strong><\/p>\n\n\n\n<p>Propos recueillis par&nbsp;<strong>Alvaro Garcia <\/strong>et <strong>Oscar Gutierrez&nbsp;<\/strong><\/p>\n\n\n\n<!--more-->\n\n\n\n<p>La force des mots d\u2019Avi Shlaim (Bagdad, 77 ans), historien de nationalit\u00e9 britannique et isra\u00e9lienne, ne r\u00e9side ni dans l\u2019intonation forte de la voix, ni dans le d\u00e9bit rapide de son discours. Elle s\u2019exprime au contraire par la lenteur et le ton bas, prudent et r\u00e9serv\u00e9. Ses phrases sont accompagn\u00e9es par une gestuelle continue et ma\u00eetris\u00e9e. Ses affirmations tombent \u00e0 pic dans l\u2019un des moments les plus violents dans l\u2019histoire r\u00e9cente de la r\u00e9gion qui le vit na\u00eetre.<\/p>\n\n\n\n<p>Shlaim naquit dans la capitale irakienne au sein d\u2019une famille ais\u00e9e juive; c\u2019est pour cette raison qu\u2019il s\u2019est toujours senti comme Juif arabe. Au d\u00e9but des ann\u00e9es cinquante les Shlaim \u00e9migr\u00e8rent en Isra\u00ebl. Encore adolescent, le jeune Avi part \u00e9tudier au Royaume-Uni, il devrait retourner en Isra\u00ebl pour effectuer son service militaire.<\/p>\n\n\n\n<p>Professeur \u00e0 Oxford, o\u00f9 il r\u00e9side actuellement. Shlaim compte dans ses \u0153uvres des titres parmi les meilleures pour comprendre le Moyen-Orient. Pour en citer quelques-uns&nbsp;:&nbsp;<em>Le Rideau de Fer&nbsp;: Isra\u00ebl et le Monde Arabe&nbsp;<\/em>ou encore son dernier opus :&nbsp;<em>Trois mondes&nbsp;: M\u00e9moires d\u2019un Juif<\/em>&nbsp;<em>Arabe.<\/em>&nbsp;<\/p>\n\n\n\n<p>L\u2019historien Juif Arabe, critique v\u00e9h\u00e9ment de gouvernements isra\u00e9liens successifs, nous a accord\u00e9 cet entretien dans l\u2019un des bureaux de la facult\u00e9 de Philologie dans l\u2019enceinte de l\u2019Universit\u00e9 Cumplutence \u00e0 l\u2019occasion de la tenue du congr\u00e8s autour de <em>\u00abL\u2019avenir de la question palestinienne, 75 ans apr\u00e8s la Nakba.\u00bb<\/em> Ses positions politiques sont d\u2019une extr\u00eame duret\u00e9 notamment vis-\u00e0-vis du sionisme. A ce propos, il se souvient de sa m\u00e8re quand elle \u00e9voquait avec nostalgie le souvenir des <em>\u00abmerveilleux amis musulmans que nous avions \u00e0 Bagdad\u00bb<\/em>; un jour il lui demanda s\u2019ils avaient \u00e9galement des amis sionistes, elle a r\u00e9pondu par la n\u00e9gative car <em>\u00able sionisme,<\/em> lui avait-elle dit<em>, c\u2019est l\u2019affaire des Ashk\u00e9nazims. Des Juifs europ\u00e9ens\u00bb. <\/em>\u00a0<\/p>\n\n\n<div class=\"wp-block-image\">\n<figure class=\"aligncenter size-full\"><img loading=\"lazy\" decoding=\"async\" width=\"400\" height=\"400\" src=\"https:\/\/kapitalis.com\/tunisie\/wp-content\/uploads\/2023\/10\/Timbre-Palestine.jpg\" alt=\"\" class=\"wp-image-10258841\" srcset=\"https:\/\/kapitalis.com\/tunisie\/wp-content\/uploads\/2023\/10\/Timbre-Palestine.jpg 400w, https:\/\/kapitalis.com\/tunisie\/wp-content\/uploads\/2023\/10\/Timbre-Palestine-300x300.jpg 300w, https:\/\/kapitalis.com\/tunisie\/wp-content\/uploads\/2023\/10\/Timbre-Palestine-150x150.jpg 150w, https:\/\/kapitalis.com\/tunisie\/wp-content\/uploads\/2023\/10\/Timbre-Palestine-120x120.jpg 120w, https:\/\/kapitalis.com\/tunisie\/wp-content\/uploads\/2023\/10\/Timbre-Palestine-360x360.jpg 360w\" sizes=\"auto, (max-width: 400px) 100vw, 400px\" \/><\/figure>\n<\/div>\n\n\n<h2 class=\"wp-block-heading\">La vengeance n\u2019est pas un acte politique<\/h2>\n\n\n\n<p><strong><em>ElPais&nbsp;: Vous avez v\u00e9cu et grandi en Isra\u00ebl et vous d\u00e9tenez la nationalit\u00e9 isra\u00e9lienne, comment suivez-vous cette escalade de violence&nbsp;?&nbsp;<\/em><\/strong><em><\/em><\/p>\n\n\n\n<p><strong>Avi Shlaim<\/strong>: Nous traversons des temps obscurs, le 7 octobre le Hamas a lanc\u00e9 une attaque contre Isra\u00ebl. Cela a constitu\u00e9 un point d\u2019inflexion, sachant que le Hamas a pour la premi\u00e8re fois envahi Isra\u00ebl et port\u00e9 la guerre sur son propre terrain&nbsp;Cependant ce conflit n\u2019a pas d\u00e9but\u00e9 le 7 octobre, il a commenc\u00e9 il y a un si\u00e8cle.<\/p>\n\n\n\n<p>En 2006, Isra\u00ebl s\u2019est retir\u00e9 de Gaza, mais ce fut un retrait unilat\u00e9ral n\u2019ayant fait l\u2019objet d\u2019aucun accord avec l\u2019Autorit\u00e9 palestinienne ni n\u2019a constitu\u00e9 le moindre pas vers une solution globale du conflit isra\u00e9lo-palestinien.<\/p>\n\n\n\n<p>Les isra\u00e9liens affirment qu\u2019ils offrirent aux Palestiniens l\u2019opportunit\u00e9 de transformer Gaza en un Singapour du Moyen-Orient. Mais ils n\u2019en ont rien fait. Ils l\u2019ont transform\u00e9 en une prison \u00e0 ciel ouvert.<\/p>\n\n\n\n<p>L\u2019attention des m\u00e9dias s\u2019est focalis\u00e9e sur l\u2019attaque du Hamas, et non pas sur la riposte isra\u00e9lienne, qui \u00e9tait largement disproportionn\u00e9e. Je les condamne tous les deux. Je condamne les attaques du Hamas parce qu\u2019elles visaient des civils, tuer des civils c\u2019est condamnable. Point \u00e0 la ligne. Mais la riposte isra\u00e9lienne a \u00e9t\u00e9 brutale, barbare et disproportionn\u00e9e. La vengeance n\u2019est pas un acte politique. En bombardant \u00e0 longueur des journ\u00e9es des femmes et des enfants, Isra\u00ebl est en train de perp\u00e9trer des crimes terroristes sous l\u2019\u00e9gide de l\u2019\u00c9tat, nous avons donc affaire \u00e0 un terrorisme d\u2019\u00c9tat. Les attaques d\u2019Isra\u00ebl contre les Palestiniens rel\u00e8vent d\u2019une \u00e9chelle infiniment beaucoup plus grave que les attaques men\u00e9es contre lui.&nbsp;&nbsp;<\/p>\n\n\n\n<h2 class=\"wp-block-heading\">L\u2019hypocrisie et le double standard des Occidentaux<\/h2>\n\n\n\n<p><strong><em>Pourquoi il s\u2019av\u00e8re si difficile de parler en ce moment du contexte de l\u2019occupation isra\u00e9lienne ? &nbsp;<\/em><\/strong><em><\/em><\/p>\n\n\n\n<p>Les Isra\u00e9liens ne regardent pas le pass\u00e9, ils ne regardent que ce qui est leur est arriv\u00e9 par le pass\u00e9. Ce fut un v\u00e9ritable traumatisme. Le samedi noir (le 7 octobre) fut la pire journ\u00e9e de toute l\u2019histoire d\u2019Isra\u00ebl.<\/p>\n\n\n\n<p>Alors que peu de temps avant l\u2019attaque, il y a eu un vaste mouvement de protestation contre le Premier ministre Benjamin Netanyahou et son plan de r\u00e9forme de la justice, aujourd\u2019hui tout Isra\u00ebl est uni face \u00e0 cette guerre contre les Palestiniens. Mais nous savons qu\u2019une fois les hostilit\u00e9s prendraient fin, la col\u00e8re de la foule se retournera contre Netanyahou, je pense qu\u2019il aura du mal \u00e0 survivre politiquement \u00e0 cette guerre.<\/p>\n\n\n\n<p>Nous passons ensuite \u00e0 la r\u00e9ponse occidentale face \u00e0 cette crise. Sa marque distinctive est l\u2019hypocrisie et le double standard. Un exemple de cette hypocrisie occidentale fut quand le Hamas a gagn\u00e9 des \u00e9lections libres et transparentes en janvier 2006, Isra\u00ebl a refus\u00e9 de reconna\u00eetre le gouvernement du Hamas. L\u2019Union Europ\u00e9enne et les Etats-Unis ont soutenu contre lui une guerre \u00e9conomique dans l\u2019objectif de provoquer sa ruine et le contraindre \u00e0 s\u2019emparer violemment du pouvoir \u00e0 Gaza. A la suite de quoi, Isra\u00ebl imposa en 2007 un blocus total \u00e0 Gaza. C\u2019est ill\u00e9gal et ill\u00e9gitime, car cela constitue une forme de ch\u00e2timent collectif contre les civils. Aujourd\u2019hui Isra\u00ebl a franchi un pas de plus au-del\u00e0 du blocus en mettant une esp\u00e8ce de si\u00e8ge moyen\u00e2geux qui emp\u00eache que l\u2019eau, l\u2019\u00e9lectricit\u00e9, les combustibles, la nourriture et les m\u00e9dicaments puissent parvenir aux 2-3 millions d\u2019habitants de Gaza. &nbsp;<\/p>\n\n\n\n<p>Les puissances occidentales ont d\u00e9nonc\u00e9 le Hamas et sa barbarie en le qualifiant d\u2019organisation terroriste, dans le m\u00eame temps ils refusent de regarder en face la riposte isra\u00e9lienne en se gardant bien de la condamner, ils se rendent ainsi coupables des horreurs commis par Isra\u00ebl; objectivement ils lui laissent la voie libre pour commettre le pire au lieu d\u2019exiger un cessez-le-feu.<\/p>\n\n\n\n<h2 class=\"wp-block-heading\">Nous sommes \u00e0 l\u2019aube d\u2019une seconde Nakba&nbsp;<\/h2>\n\n\n\n<p><strong><em>Vous \u00eates historien, dans quelle partie de l\u2019histoire doit-on ranger le conflit actuel opposant Isra\u00ebl au Hamas&nbsp;?&nbsp;<\/em><\/strong><em><\/em><\/p>\n\n\n\n<p>Les racines du conflit remontent au minimum \u00e0 la Nakba en 1948. Loin d\u2019avoir \u00e9t\u00e9 fortuite ou isol\u00e9e, la Nakba eut pour cons\u00e9quences l\u2019expulsion de 750 000 Palestiniens de leur terre et la disparition du nom de la Palestine de la carte. Il s\u2019agissait d\u2019un processus long et non unique.<\/p>\n\n\n\n<p>Depuis 1967, Isra\u00ebl n\u2019a jamais cess\u00e9 de cr\u00e9er et d\u2019agrandir des nouvelles colonies et des implantations. Il annexa J\u00e9rusalem-Est en y menant une campagne de purification ethnique. Au jour d\u2019aujourd\u2019hui nous sommes \u00e0 l\u2019aube d\u2019une seconde Nakba, d\u2019une deuxi\u00e8me catastrophe d\u2019ampleur avec le risque d\u2019expulsion massive de Palestiniens.&nbsp;&nbsp;<\/p>\n\n\n\n<p>Isra\u00ebl s\u2019est retir\u00e9 en 2006 de Gaza; une expression revient toujours dans les bouches des g\u00e9n\u00e9raux isra\u00e9liens \u00e0 savoir<em> \u00abtondre la pelouse\u00bb<\/em> qui signifie qu\u2019ils n\u2019existent pas d\u2019autres solutions \u00e0 part la force militaire brute.<\/p>\n\n\n\n<p>Tous les 3 \u00e0 4 ans Isra\u00ebl entre dans Gaza avec des armes lourdes et moult haute technologie militaire, il massacre des milliers de civils, d\u00e9molit des centaines de milliers d\u2019habitations et d\u2019infrastructure, affaiblit la capacit\u00e9 militaire du Hamas; ensuite il se retire. Cela ne peut constituer une solution.<\/p>\n\n\n\n<p>D\u2019apr\u00e8s mon d\u00e9compte, c\u2019est la sixi\u00e8me grande attaque d\u2019ampleur isra\u00e9lienne contre le peuple palestinien de Gaza. Jusqu\u2019\u00e0 l\u00e0, il s\u2019agit de la plus grave et celle qui aura les plus lourdes r\u00e9percussions; pire encore, c\u2019est la plus destructrice parce que par ses bombardements quotidiens n\u2019\u00e9pargnent ni ambulances, ni h\u00f4pitaux, ni mosqu\u00e9es, ni \u00e9glises, ni \u00e9coles, ni d\u00e9p\u00f4ts de marchandises, ni journalistes, sans compter l\u2019ordre militaire isra\u00e9lien sommant 1,1 millions de Gazaouis de se d\u00e9placer du nord au sud de la bande de Gaza. Il s\u2019agit l\u00e0 d\u2019un d\u00e9placement forc\u00e9 et massif de civils.&nbsp;<\/p>\n\n\n\n<h2 class=\"wp-block-heading\">La coexistence jud\u00e9o-musulmane n\u2019est pas un concept abstrait<\/h2>\n\n\n\n<p><strong><em>Vous vous d\u00e9crivez comme Arabe et Juif, qu\u2019obtiendrez-vous comme r\u00e9ponse si vous vous rendez aujourd\u2019hui au Proche-Orient et d\u00e9fendriez cette identit\u00e9&nbsp;?&nbsp;<\/em><\/strong><em><\/em><\/p>\n\n\n\n<p>J\u2019ai v\u00e9cu \u00e0 Bagdad jusqu\u2019\u00e0 l\u2019\u00e2ge de cinq ans. Je suis Juif Arabe parce j\u2019ai v\u00e9cu dans un pays arabe et il n\u2019existe pas de meilleure fa\u00e7on de d\u00e9crire ma premi\u00e8re identit\u00e9, celle d\u2019un Juif Arabe. Il s\u2019agit l\u00e0 de l\u2019exp\u00e9rience de ma famille, de la mienne propre et de celle de l\u2019ensemble de la communaut\u00e9 des Juifs d\u2019Irak. Nous formons une minorit\u00e9 parmi tant d\u2019autres. Nous n\u2019\u00e9tions pas <em>\u00ables autres\u00bb<\/em> comme en Europe. L\u2019Irak n\u2019avait pas de probl\u00e8me juif. Cette identit\u00e9 a exist\u00e9 par le pass\u00e9 et j\u2019en suis l\u2019exemple vivant. J\u2019ajouterai que je suis fier de deux versants configurant mon identit\u00e9.&nbsp;Loin d\u2019en ressentir la moindre culpabilit\u00e9, je suis fier de mon h\u00e9ritage arabe comme de mon h\u00e9ritage juif&nbsp;<\/p>\n\n\n\n<p>Quant \u00e0 la question de savoir si le concept de Juif Arabe est toujours pertinent&nbsp;? La r\u00e9ponse est non, en r\u00e9alit\u00e9 non&nbsp;? Parce que qu\u2019on a quitt\u00e9 l\u2019Irak. En 1950, il y avait 135 000 Juifs. A l\u2019heure actuelle, on en compte seulement trois en Irak. C\u2019est important, car pour moi, la coexistence jud\u00e9o-musulmane n\u2019est pas un concept abstrait, ce n\u2019est pas non plus un id\u00e9al, c\u2019\u00e9tait une r\u00e9alit\u00e9 quotidienne. Nous l\u2019avons v\u00e9cue, exp\u00e9riment\u00e9e, touch\u00e9e&nbsp;: se souvenir, par cons\u00e9quent, de l\u2019exp\u00e9rience de la Communaut\u00e9 juive en Irak, et de ma famille me permet de penser \u00e0 un avenir meilleur pour notre r\u00e9gion, et m\u2019autorise \u00e0 r\u00e9futer l\u2019affirmation sioniste selon laquelle l\u2019hostilit\u00e9 entre Juifs et Musulmans, ou entre Arabes et Isra\u00e9liens est pr\u00e9d\u00e9termin\u00e9e et les deux camps sont condamn\u00e9s \u00e0 vivre en conflit permanent.<\/p>\n\n\n\n<p>Le concept de Juif Arabe me permet \u00e9galement de penser \u00e0 ce qu\u2019il pourrait en d\u00e9couler comme r\u00e9sultat, savoir un Etat d\u00e9mocratique qui s\u2019\u00e9tendrait du Jourdain \u00e0 la M\u00e9diterran\u00e9e, qui garantirait \u00e0 tous les citoyens l\u2019\u00e9galit\u00e9 des droits ind\u00e9pendamment de leur appartenance ethnique ou religieuse.<\/p>\n\n\n\n<h2 class=\"wp-block-heading\">Le nationalisme est la principale cause du conflit<\/h2>\n\n\n\n<p><strong><em>La coexistence entre Arabes et Isra\u00e9liens au Proche-Orient \u00e9tait donc une r\u00e9alit\u00e9, qu\u2019est ce qui a tout fait chamboul\u00e9&nbsp;?&nbsp;<\/em><\/strong>&nbsp;<strong><em><\/em><\/strong><\/p>\n\n\n\n<p>Le facteur qui a tout boulevers\u00e9, c\u2019est le nationalisme. Le nationalisme est la cause profonde du probl\u00e8me. Le professeur Samuel Huntington a \u00e9nonc\u00e9 \u00e0 la fin de la guerre froide la th\u00e8se du&nbsp;<em>Choc des civilisation<\/em>s. Il affirmait que les conflits internationaux n\u2019opposeraient plus les Etats, mais les civilisations. D\u2019un c\u00f4t\u00e9 la civilisation jud\u00e9o-chr\u00e9tienne et de l\u2019autre la civilisation musulmane. Que l\u2019islam rejette totalement les Juifs et l\u2019Occident. J\u2019estime que cette th\u00e9orie est non seulement stupide mais superficielle aussi.<\/p>\n\n\n\n<p>Le conflit en question a pour origine une cause r\u00e9elle. Il s\u2019agit, pour exemplifier, de deux personnes qui se disputent la m\u00eame terre et le moteur de ce conflit est le nationalisme, la cause de notre d\u00e9placement est politique et c\u2019est le nationalisme qui en fut l\u2019origine. Mais ce sont aussi les Arabes qui se sont retourn\u00e9s contre les Juifs, non seulement en Irak mais dans tout le Proche-Orient, ils disaient que nous n\u2019appartenons pas \u00e0 leurs pays, que nous \u00e9tions les fr\u00e8res des sionistes qui ont expuls\u00e9 les Palestiniens de leur terre.<\/p>\n\n\n\n<p>C\u2019est de cette mani\u00e8re que le nationalisme arabe est devenu un facteur; toutefois le principal et le plus important facteur c\u2019est le sionisme, c\u2019est l\u2019Etat juif en Palestine qui a men\u00e9 jusqu\u2019au bout la Nakba en 1948 et qui ensuite, a proc\u00e9d\u00e9 \u00e0 faire venir en Isra\u00ebl les Juifs du monde entier y compris des pays arabes. En plus des tentatives syst\u00e9matiques de dissoudre l\u2019identit\u00e9, la culture, les traditions et la langue arabe des Palestiniens. J\u2019ai pu constater cela de mes propres yeux en Isra\u00ebl.&nbsp;<\/p>\n\n\n\n<p>&nbsp;<strong><em>75 ans apr\u00e8s la Nakba, il semble que rien n\u2019a chang\u00e9&nbsp;!&nbsp;<\/em><\/strong><em><\/em><\/p>\n\n\n\n<p>L\u2019antagonisme Juif\/Arabe s\u2019est consid\u00e9rablement approfondi durant ces vingt derni\u00e8res ann\u00e9es, notamment depuis qu\u2019Isra\u00ebl a vir\u00e9 \u00e0 droite. L\u2019actuel gouvernement, qui compte parmi ses membres des \u00e9l\u00e9ments de l\u2019extr\u00eame droite sioniste et religieuse, est le plus extr\u00e9miste, le plus chauviniste et le plus ouvertement raciste de l\u2019histoire d\u2019Isra\u00ebl. Comme cons\u00e9quence \u00e0 la guerre actuelle, l\u2019opinion publique virera davantage \u00e0 droite et affichera encore plus profond\u00e9ment son hostilit\u00e9 vis-\u00e0-vis des Palestiniens.&nbsp;<\/p>\n\n\n\n<h2 class=\"wp-block-heading\">Netanyahou est un grand menteur inv\u00e9t\u00e9r\u00e9<\/h2>\n\n\n\n<p><strong><em>Cela n\u2019aboutit pas parfois \u00e0 des simplifications consistant \u00e0 confondre l\u2019identit\u00e9 juive avec l\u2019extr\u00e9misme des gouvernements isra\u00e9liens.&nbsp;<\/em><\/strong><em><\/em><\/p>\n\n\n\n<p>Ceci m\u2019inqui\u00e8te \u00e9norm\u00e9ment, toutefois j\u2019op\u00e8re une claire distinction entre l\u2019Etat d\u2019Isra\u00ebl et les Juifs. Isra\u00ebl est un Etat souverain, membre des Nations-Unis. Les Juifs forment une communaut\u00e9 pr\u00e9sente dans le monde entier et parlent diff\u00e9rentes langues. Isra\u00ebl se pr\u00e9sente comme l\u2019Etat des Juifs. Netanyahou affirme qu\u2019il parle au nom des Juifs du monde entier, il n\u2019a pas le droit de se pr\u00e9valoir de cette qualit\u00e9.<\/p>\n\n\n\n<p>Nous constatons une forte perte de confiance entre les Juifs lib\u00e9raux du monde entier et l\u2019Etat d\u2019Isra\u00ebl. Le lobby juif isra\u00e9lien Aipac demeure le lobby de politique ext\u00e9rieure le plus puissant aux Etats-Unis. Malgr\u00e9 cela on voit que de plus en plus de Juifs am\u00e9ricains adoptent une posture critique vis-\u00e0-vis d\u2019Isra\u00ebl et disposent de leur propre organisation, la J. Street, cr\u00e9\u00e9e par des Juifs lib\u00e9raux qui se battent pour l\u2019\u00e9galit\u00e9 des droits et les droits de l\u2019Homme. Ils rejettent cat\u00e9goriquement l\u2019occupation isra\u00e9lienne, leur mot d\u2019ordre est <em>\u00abPas en mon nom\u00bb<\/em>.<\/p>\n\n\n\n<p>Je ne suis pas un Juif religieux, mais je sais que les trois piliers du juda\u00efsme sont la v\u00e9rit\u00e9, la justice et la paix. Lorsque j\u2019observe le gouvernement isra\u00e9lien actuel, je ne vois nulle trace de ces valeurs. Netanyahou est un grand menteur inv\u00e9t\u00e9r\u00e9. Il n\u2019y pas de justice pour les Palestiniens, Isra\u00ebl ne trouve aucun int\u00e9r\u00eat \u00e0 faire la paix avec eux. Seules l\u2019oppression et la r\u00e9pression comptent pour lui. &nbsp;<\/p>\n\n\n\n<p>Isra\u00ebl et ses amis refusent d\u00e9lib\u00e9r\u00e9ment de faire la distinction entre l\u2019antis\u00e9mitisme et l\u2019antisioniste. Je d\u00e9finis l\u2019antis\u00e9mitisme comme la haine des Juifs parce qu\u2019ils sont Juifs, cela n\u2019a rien \u00e0 voir avec l\u2019Etat d\u2019Isra\u00ebl. L\u2019antisionisme est quelque chose de totalement diff\u00e9rent, c\u2019est une critique ou une objection \u00e0 l\u2019id\u00e9ologie du sionisme, qui est l\u2019id\u00e9ologie officielle de l\u2019Etat d\u2019Isra\u00ebl, notamment pour ce qui concerne sa politique envers les Palestiniens&nbsp;: l\u2019occupation, l\u2019Apartheid, et l\u2019usage de la force brute comme nous le constatons aujourd\u2019hui dans la Bande de Gaza.<\/p>\n\n\n\n<h2 class=\"wp-block-heading\">La solution est dans l\u2019Initiative pour la paix arabe de 2002&nbsp;<\/h2>\n\n\n\n<p><strong><em>Une question quelque peu na\u00efve en ces circonstances&nbsp;: existe-t-il une issue non violente \u00e0 ce conflit&nbsp;?&nbsp;<\/em><\/strong><em><\/em><\/p>\n\n\n\n<p>Il existe une solution \u00e0 ce conflit, elle se r\u00e9sume dans l\u2019Initiative pour la paix arabe annonc\u00e9e en 2002. Le sommet de la Ligue arabe qui s\u2019est tenue \u00e0 Beyrouth a offert \u00e0 Isra\u00ebl la paix et la normalisation avec les 22 Etats membres contre la fin de l\u2019occupation et la cr\u00e9ation d\u2019un Etat palestinien ind\u00e9pendant comprenant Gaza et la Cisjordanie avec J\u00e9rusalem Est pour capitale.<\/p>\n\n\n\n<p>C\u2019\u00e9tait cela la solution pacifique \u00e0 ce conflit. L\u2019ensemble du Monde arabe \u00e9tait d\u2019accord sur ce plan de paix, mais Isra\u00ebl l\u2019a ignor\u00e9 parce qu\u2019il \u00e9tait beaucoup plus int\u00e9ress\u00e9 par la terre que par la paix, par l\u2019h\u00e9g\u00e9monie que par la coexistence dans le respect et dans l\u2019\u00e9galit\u00e9 des droits.<\/p>\n\n\n\n<p>Je puis affirmer que depuis 1967,&nbsp;Isra\u00ebl a fait capoter et ruiner tous les plans de paix internationaux&nbsp;: il a subverti les Accords d\u2019Oslo (1993) en refusant de tenir ses engagements, en impulsant la cr\u00e9ation de nouvelles colonies et en cr\u00e9ant des nouvelles implantations. Il bloqua toutes les voies de recherche de solutions pacifiques \u00e0 ce conflit. Le r\u00e9sultat est ce auquel nous assistons \u00e0 Gaza aujourd\u2019hui, une force brutale \u00e0 grande \u00e9chelle sans horizon politique ni lumi\u00e8re au bout du tunnel.&nbsp;*<\/p>\n\n\n\n<p><em>Courtesy By ElPais&nbsp;&nbsp;&nbsp;&nbsp;<\/em><\/p>\n\n\n\n<p class=\"has-text-align-right\"><em>Traduits de l\u2019espagnol par<\/em> <strong>Abdellatif Ben Salem&nbsp;&nbsp;<em>&nbsp;&nbsp;<\/em><\/strong><\/p>\n\n\n\n<p>* <em>Les intertitres sont de Kapitalis.<\/em> <\/p>\n\n\n\n<p class=\"has-text-align-right\"><em>&nbsp;&nbsp;<\/em>&nbsp;<\/p>\n","protected":false},"excerpt":{"rendered":"<p>Pour l\u2019historien isra\u00e9lo-britannique Avi Shlaim, la campagne militaire actuelle d\u2019Isra\u00ebl dans la bande de Gaza est du \u00abterrorisme d\u2019\u00c9tat\u00bb.<\/p>\n","protected":false},"author":8,"featured_media":10258436,"comment_status":"open","ping_status":"open","sticky":false,"template":"","format":"standard","meta":{"footnotes":""},"categories":[992,997],"tags":[111784,81918,75918,2444,26195,2478,90172,11097,2739,7121,937],"class_list":["post-10258405","post","type-post","status-publish","format-standard","has-post-thumbnail","hentry","category-a-la-une","category-politique","tag-avi-shlaim","tag-benjamin-netanyahou","tag-etats-unis-2","tag-gaza","tag-hamas","tag-israel","tag-nakba","tag-occidentaux","tag-palestiniens","tag-sionisme","tag-union-europeenne"],"yoast_head":"<!-- This site is optimized with the Yoast SEO plugin v26.6 - https:\/\/yoast.com\/wordpress\/plugins\/seo\/ -->\n<title>Avi Shlaim\u00a0: \u00abLes puissances occidentales seront complices de l\u2019attaque isra\u00e9lienne contre Gaza\u00bb - Kapitalis<\/title>\n<meta name=\"robots\" content=\"index, follow, max-snippet:-1, max-image-preview:large, max-video-preview:-1\" \/>\n<link rel=\"canonical\" href=\"https:\/\/kapitalis.com\/tunisie\/2023\/10\/25\/avi-shlaim-les-puissances-occidentales-seront-complices-de-lattaque-israelienne-contre-gaza\/\" \/>\n<meta property=\"og:locale\" content=\"fr_FR\" \/>\n<meta property=\"og:type\" content=\"article\" \/>\n<meta property=\"og:title\" content=\"Avi Shlaim\u00a0: \u00abLes puissances occidentales seront complices de l\u2019attaque isra\u00e9lienne contre Gaza\u00bb - Kapitalis\" \/>\n<meta property=\"og:description\" content=\"Pour l\u2019historien isra\u00e9lo-britannique Avi Shlaim, la campagne militaire actuelle d\u2019Isra\u00ebl dans la bande de Gaza est du \u00abterrorisme d\u2019\u00c9tat\u00bb.\" \/>\n<meta property=\"og:url\" content=\"https:\/\/kapitalis.com\/tunisie\/2023\/10\/25\/avi-shlaim-les-puissances-occidentales-seront-complices-de-lattaque-israelienne-contre-gaza\/\" \/>\n<meta property=\"og:site_name\" content=\"Kapitalis\" \/>\n<meta property=\"article:publisher\" content=\"https:\/\/www.facebook.com\/KapitalisInfo\/\" \/>\n<meta property=\"article:published_time\" content=\"2023-10-25T11:15:21+00:00\" \/>\n<meta property=\"article:modified_time\" content=\"2023-10-25T12:15:18+00:00\" \/>\n<meta property=\"og:image\" content=\"https:\/\/kapitalis.com\/tunisie\/wp-content\/uploads\/2023\/10\/Avi-Shlaim.-Alvaro-Garcia.jpg\" \/>\n\t<meta property=\"og:image:width\" content=\"1200\" \/>\n\t<meta property=\"og:image:height\" content=\"630\" \/>\n\t<meta property=\"og:image:type\" content=\"image\/jpeg\" \/>\n<meta name=\"author\" content=\"webmaster kapitalis\" \/>\n<meta name=\"twitter:card\" content=\"summary_large_image\" \/>\n<meta name=\"twitter:creator\" content=\"@KapitalisInfo\" \/>\n<meta name=\"twitter:site\" content=\"@KapitalisInfo\" \/>\n<meta name=\"twitter:label1\" content=\"\u00c9crit par\" \/>\n\t<meta name=\"twitter:data1\" content=\"webmaster kapitalis\" \/>\n\t<meta name=\"twitter:label2\" content=\"Dur\u00e9e de lecture estim\u00e9e\" \/>\n\t<meta name=\"twitter:data2\" content=\"14 minutes\" \/>\n<script type=\"application\/ld+json\" class=\"yoast-schema-graph\">{\"@context\":\"https:\/\/schema.org\",\"@graph\":[{\"@type\":\"Article\",\"@id\":\"https:\/\/kapitalis.com\/tunisie\/2023\/10\/25\/avi-shlaim-les-puissances-occidentales-seront-complices-de-lattaque-israelienne-contre-gaza\/#article\",\"isPartOf\":{\"@id\":\"https:\/\/kapitalis.com\/tunisie\/2023\/10\/25\/avi-shlaim-les-puissances-occidentales-seront-complices-de-lattaque-israelienne-contre-gaza\/\"},\"author\":{\"name\":\"webmaster kapitalis\",\"@id\":\"https:\/\/kapitalis.com\/tunisie\/#\/schema\/person\/d71f33a9ca44f7bad4698210b480c8e9\"},\"headline\":\"Avi Shlaim\u00a0: \u00abLes puissances occidentales seront complices de l\u2019attaque isra\u00e9lienne contre Gaza\u00bb\",\"datePublished\":\"2023-10-25T11:15:21+00:00\",\"dateModified\":\"2023-10-25T12:15:18+00:00\",\"mainEntityOfPage\":{\"@id\":\"https:\/\/kapitalis.com\/tunisie\/2023\/10\/25\/avi-shlaim-les-puissances-occidentales-seront-complices-de-lattaque-israelienne-contre-gaza\/\"},\"wordCount\":2953,\"commentCount\":1,\"publisher\":{\"@id\":\"https:\/\/kapitalis.com\/tunisie\/#organization\"},\"image\":{\"@id\":\"https:\/\/kapitalis.com\/tunisie\/2023\/10\/25\/avi-shlaim-les-puissances-occidentales-seront-complices-de-lattaque-israelienne-contre-gaza\/#primaryimage\"},\"thumbnailUrl\":\"https:\/\/kapitalis.com\/tunisie\/wp-content\/uploads\/2023\/10\/Avi-Shlaim.-Alvaro-Garcia.jpg\",\"keywords\":[\"Avi Shlaim\",\"Benjamin Netanyahou\",\"Etats-Unis\",\"Gaza\",\"Hamas\",\"Isra\u00ebl\",\"Nakba\",\"Occidentaux\",\"Palestiniens\",\"sionisme\",\"Union europ\u00e9enne\"],\"articleSection\":[\"A LA UNE\",\"POLITIQUE\"],\"inLanguage\":\"fr-FR\",\"potentialAction\":[{\"@type\":\"CommentAction\",\"name\":\"Comment\",\"target\":[\"https:\/\/kapitalis.com\/tunisie\/2023\/10\/25\/avi-shlaim-les-puissances-occidentales-seront-complices-de-lattaque-israelienne-contre-gaza\/#respond\"]}]},{\"@type\":\"WebPage\",\"@id\":\"https:\/\/kapitalis.com\/tunisie\/2023\/10\/25\/avi-shlaim-les-puissances-occidentales-seront-complices-de-lattaque-israelienne-contre-gaza\/\",\"url\":\"https:\/\/kapitalis.com\/tunisie\/2023\/10\/25\/avi-shlaim-les-puissances-occidentales-seront-complices-de-lattaque-israelienne-contre-gaza\/\",\"name\":\"Avi Shlaim\u00a0: \u00abLes puissances occidentales seront complices de l\u2019attaque isra\u00e9lienne contre Gaza\u00bb - Kapitalis\",\"isPartOf\":{\"@id\":\"https:\/\/kapitalis.com\/tunisie\/#website\"},\"primaryImageOfPage\":{\"@id\":\"https:\/\/kapitalis.com\/tunisie\/2023\/10\/25\/avi-shlaim-les-puissances-occidentales-seront-complices-de-lattaque-israelienne-contre-gaza\/#primaryimage\"},\"image\":{\"@id\":\"https:\/\/kapitalis.com\/tunisie\/2023\/10\/25\/avi-shlaim-les-puissances-occidentales-seront-complices-de-lattaque-israelienne-contre-gaza\/#primaryimage\"},\"thumbnailUrl\":\"https:\/\/kapitalis.com\/tunisie\/wp-content\/uploads\/2023\/10\/Avi-Shlaim.-Alvaro-Garcia.jpg\",\"datePublished\":\"2023-10-25T11:15:21+00:00\",\"dateModified\":\"2023-10-25T12:15:18+00:00\",\"breadcrumb\":{\"@id\":\"https:\/\/kapitalis.com\/tunisie\/2023\/10\/25\/avi-shlaim-les-puissances-occidentales-seront-complices-de-lattaque-israelienne-contre-gaza\/#breadcrumb\"},\"inLanguage\":\"fr-FR\",\"potentialAction\":[{\"@type\":\"ReadAction\",\"target\":[\"https:\/\/kapitalis.com\/tunisie\/2023\/10\/25\/avi-shlaim-les-puissances-occidentales-seront-complices-de-lattaque-israelienne-contre-gaza\/\"]}]},{\"@type\":\"ImageObject\",\"inLanguage\":\"fr-FR\",\"@id\":\"https:\/\/kapitalis.com\/tunisie\/2023\/10\/25\/avi-shlaim-les-puissances-occidentales-seront-complices-de-lattaque-israelienne-contre-gaza\/#primaryimage\",\"url\":\"https:\/\/kapitalis.com\/tunisie\/wp-content\/uploads\/2023\/10\/Avi-Shlaim.-Alvaro-Garcia.jpg\",\"contentUrl\":\"https:\/\/kapitalis.com\/tunisie\/wp-content\/uploads\/2023\/10\/Avi-Shlaim.-Alvaro-Garcia.jpg\",\"width\":1200,\"height\":630},{\"@type\":\"BreadcrumbList\",\"@id\":\"https:\/\/kapitalis.com\/tunisie\/2023\/10\/25\/avi-shlaim-les-puissances-occidentales-seront-complices-de-lattaque-israelienne-contre-gaza\/#breadcrumb\",\"itemListElement\":[{\"@type\":\"ListItem\",\"position\":1,\"name\":\"Accueil\",\"item\":\"https:\/\/kapitalis.com\/tunisie\/\"},{\"@type\":\"ListItem\",\"position\":2,\"name\":\"Avi Shlaim\u00a0: \u00abLes puissances occidentales seront complices de l\u2019attaque isra\u00e9lienne contre Gaza\u00bb\"}]},{\"@type\":\"WebSite\",\"@id\":\"https:\/\/kapitalis.com\/tunisie\/#website\",\"url\":\"https:\/\/kapitalis.com\/tunisie\/\",\"name\":\"Kapitalis\",\"description\":\"L&#039;actualit\u00e9 en Tunisie et dans le monde\",\"publisher\":{\"@id\":\"https:\/\/kapitalis.com\/tunisie\/#organization\"},\"potentialAction\":[{\"@type\":\"SearchAction\",\"target\":{\"@type\":\"EntryPoint\",\"urlTemplate\":\"https:\/\/kapitalis.com\/tunisie\/?s={search_term_string}\"},\"query-input\":{\"@type\":\"PropertyValueSpecification\",\"valueRequired\":true,\"valueName\":\"search_term_string\"}}],\"inLanguage\":\"fr-FR\"},{\"@type\":\"Organization\",\"@id\":\"https:\/\/kapitalis.com\/tunisie\/#organization\",\"name\":\"Kapitalis\",\"url\":\"https:\/\/kapitalis.com\/tunisie\/\",\"logo\":{\"@type\":\"ImageObject\",\"inLanguage\":\"fr-FR\",\"@id\":\"https:\/\/kapitalis.com\/tunisie\/#\/schema\/logo\/image\/\",\"url\":\"https:\/\/kapitalis.com\/tunisie\/wp-content\/uploads\/2022\/05\/Kapitalis-big-size.png\",\"contentUrl\":\"https:\/\/kapitalis.com\/tunisie\/wp-content\/uploads\/2022\/05\/Kapitalis-big-size.png\",\"width\":5000,\"height\":1500,\"caption\":\"Kapitalis\"},\"image\":{\"@id\":\"https:\/\/kapitalis.com\/tunisie\/#\/schema\/logo\/image\/\"},\"sameAs\":[\"https:\/\/www.facebook.com\/KapitalisInfo\/\",\"https:\/\/x.com\/KapitalisInfo\",\"https:\/\/www.youtube.com\/channel\/UC-yDYrHyfFBWWZaOw3FPg9Q\"]},{\"@type\":\"Person\",\"@id\":\"https:\/\/kapitalis.com\/tunisie\/#\/schema\/person\/d71f33a9ca44f7bad4698210b480c8e9\",\"name\":\"webmaster kapitalis\",\"url\":\"https:\/\/kapitalis.com\/tunisie\/author\/webmaster-kapitalis\/\"}]}<\/script>\n<!-- \/ Yoast SEO plugin. -->","yoast_head_json":{"title":"Avi Shlaim\u00a0: \u00abLes puissances occidentales seront complices de l\u2019attaque isra\u00e9lienne contre Gaza\u00bb - Kapitalis","robots":{"index":"index","follow":"follow","max-snippet":"max-snippet:-1","max-image-preview":"max-image-preview:large","max-video-preview":"max-video-preview:-1"},"canonical":"https:\/\/kapitalis.com\/tunisie\/2023\/10\/25\/avi-shlaim-les-puissances-occidentales-seront-complices-de-lattaque-israelienne-contre-gaza\/","og_locale":"fr_FR","og_type":"article","og_title":"Avi Shlaim\u00a0: \u00abLes puissances occidentales seront complices de l\u2019attaque isra\u00e9lienne contre Gaza\u00bb - Kapitalis","og_description":"Pour l\u2019historien isra\u00e9lo-britannique Avi Shlaim, la campagne militaire actuelle d\u2019Isra\u00ebl dans la bande de Gaza est du \u00abterrorisme d\u2019\u00c9tat\u00bb.","og_url":"https:\/\/kapitalis.com\/tunisie\/2023\/10\/25\/avi-shlaim-les-puissances-occidentales-seront-complices-de-lattaque-israelienne-contre-gaza\/","og_site_name":"Kapitalis","article_publisher":"https:\/\/www.facebook.com\/KapitalisInfo\/","article_published_time":"2023-10-25T11:15:21+00:00","article_modified_time":"2023-10-25T12:15:18+00:00","og_image":[{"width":1200,"height":630,"url":"https:\/\/kapitalis.com\/tunisie\/wp-content\/uploads\/2023\/10\/Avi-Shlaim.-Alvaro-Garcia.jpg","type":"image\/jpeg"}],"author":"webmaster kapitalis","twitter_card":"summary_large_image","twitter_creator":"@KapitalisInfo","twitter_site":"@KapitalisInfo","twitter_misc":{"\u00c9crit par":"webmaster kapitalis","Dur\u00e9e de lecture estim\u00e9e":"14 minutes"},"schema":{"@context":"https:\/\/schema.org","@graph":[{"@type":"Article","@id":"https:\/\/kapitalis.com\/tunisie\/2023\/10\/25\/avi-shlaim-les-puissances-occidentales-seront-complices-de-lattaque-israelienne-contre-gaza\/#article","isPartOf":{"@id":"https:\/\/kapitalis.com\/tunisie\/2023\/10\/25\/avi-shlaim-les-puissances-occidentales-seront-complices-de-lattaque-israelienne-contre-gaza\/"},"author":{"name":"webmaster kapitalis","@id":"https:\/\/kapitalis.com\/tunisie\/#\/schema\/person\/d71f33a9ca44f7bad4698210b480c8e9"},"headline":"Avi Shlaim\u00a0: \u00abLes puissances occidentales seront complices de l\u2019attaque isra\u00e9lienne contre Gaza\u00bb","datePublished":"2023-10-25T11:15:21+00:00","dateModified":"2023-10-25T12:15:18+00:00","mainEntityOfPage":{"@id":"https:\/\/kapitalis.com\/tunisie\/2023\/10\/25\/avi-shlaim-les-puissances-occidentales-seront-complices-de-lattaque-israelienne-contre-gaza\/"},"wordCount":2953,"commentCount":1,"publisher":{"@id":"https:\/\/kapitalis.com\/tunisie\/#organization"},"image":{"@id":"https:\/\/kapitalis.com\/tunisie\/2023\/10\/25\/avi-shlaim-les-puissances-occidentales-seront-complices-de-lattaque-israelienne-contre-gaza\/#primaryimage"},"thumbnailUrl":"https:\/\/kapitalis.com\/tunisie\/wp-content\/uploads\/2023\/10\/Avi-Shlaim.-Alvaro-Garcia.jpg","keywords":["Avi Shlaim","Benjamin Netanyahou","Etats-Unis","Gaza","Hamas","Isra\u00ebl","Nakba","Occidentaux","Palestiniens","sionisme","Union europ\u00e9enne"],"articleSection":["A LA UNE","POLITIQUE"],"inLanguage":"fr-FR","potentialAction":[{"@type":"CommentAction","name":"Comment","target":["https:\/\/kapitalis.com\/tunisie\/2023\/10\/25\/avi-shlaim-les-puissances-occidentales-seront-complices-de-lattaque-israelienne-contre-gaza\/#respond"]}]},{"@type":"WebPage","@id":"https:\/\/kapitalis.com\/tunisie\/2023\/10\/25\/avi-shlaim-les-puissances-occidentales-seront-complices-de-lattaque-israelienne-contre-gaza\/","url":"https:\/\/kapitalis.com\/tunisie\/2023\/10\/25\/avi-shlaim-les-puissances-occidentales-seront-complices-de-lattaque-israelienne-contre-gaza\/","name":"Avi Shlaim\u00a0: \u00abLes puissances occidentales seront complices de l\u2019attaque isra\u00e9lienne contre Gaza\u00bb - Kapitalis","isPartOf":{"@id":"https:\/\/kapitalis.com\/tunisie\/#website"},"primaryImageOfPage":{"@id":"https:\/\/kapitalis.com\/tunisie\/2023\/10\/25\/avi-shlaim-les-puissances-occidentales-seront-complices-de-lattaque-israelienne-contre-gaza\/#primaryimage"},"image":{"@id":"https:\/\/kapitalis.com\/tunisie\/2023\/10\/25\/avi-shlaim-les-puissances-occidentales-seront-complices-de-lattaque-israelienne-contre-gaza\/#primaryimage"},"thumbnailUrl":"https:\/\/kapitalis.com\/tunisie\/wp-content\/uploads\/2023\/10\/Avi-Shlaim.-Alvaro-Garcia.jpg","datePublished":"2023-10-25T11:15:21+00:00","dateModified":"2023-10-25T12:15:18+00:00","breadcrumb":{"@id":"https:\/\/kapitalis.com\/tunisie\/2023\/10\/25\/avi-shlaim-les-puissances-occidentales-seront-complices-de-lattaque-israelienne-contre-gaza\/#breadcrumb"},"inLanguage":"fr-FR","potentialAction":[{"@type":"ReadAction","target":["https:\/\/kapitalis.com\/tunisie\/2023\/10\/25\/avi-shlaim-les-puissances-occidentales-seront-complices-de-lattaque-israelienne-contre-gaza\/"]}]},{"@type":"ImageObject","inLanguage":"fr-FR","@id":"https:\/\/kapitalis.com\/tunisie\/2023\/10\/25\/avi-shlaim-les-puissances-occidentales-seront-complices-de-lattaque-israelienne-contre-gaza\/#primaryimage","url":"https:\/\/kapitalis.com\/tunisie\/wp-content\/uploads\/2023\/10\/Avi-Shlaim.-Alvaro-Garcia.jpg","contentUrl":"https:\/\/kapitalis.com\/tunisie\/wp-content\/uploads\/2023\/10\/Avi-Shlaim.-Alvaro-Garcia.jpg","width":1200,"height":630},{"@type":"BreadcrumbList","@id":"https:\/\/kapitalis.com\/tunisie\/2023\/10\/25\/avi-shlaim-les-puissances-occidentales-seront-complices-de-lattaque-israelienne-contre-gaza\/#breadcrumb","itemListElement":[{"@type":"ListItem","position":1,"name":"Accueil","item":"https:\/\/kapitalis.com\/tunisie\/"},{"@type":"ListItem","position":2,"name":"Avi Shlaim\u00a0: \u00abLes puissances occidentales seront complices de l\u2019attaque isra\u00e9lienne contre Gaza\u00bb"}]},{"@type":"WebSite","@id":"https:\/\/kapitalis.com\/tunisie\/#website","url":"https:\/\/kapitalis.com\/tunisie\/","name":"Kapitalis","description":"L&#039;actualit\u00e9 en Tunisie et dans le monde","publisher":{"@id":"https:\/\/kapitalis.com\/tunisie\/#organization"},"potentialAction":[{"@type":"SearchAction","target":{"@type":"EntryPoint","urlTemplate":"https:\/\/kapitalis.com\/tunisie\/?s={search_term_string}"},"query-input":{"@type":"PropertyValueSpecification","valueRequired":true,"valueName":"search_term_string"}}],"inLanguage":"fr-FR"},{"@type":"Organization","@id":"https:\/\/kapitalis.com\/tunisie\/#organization","name":"Kapitalis","url":"https:\/\/kapitalis.com\/tunisie\/","logo":{"@type":"ImageObject","inLanguage":"fr-FR","@id":"https:\/\/kapitalis.com\/tunisie\/#\/schema\/logo\/image\/","url":"https:\/\/kapitalis.com\/tunisie\/wp-content\/uploads\/2022\/05\/Kapitalis-big-size.png","contentUrl":"https:\/\/kapitalis.com\/tunisie\/wp-content\/uploads\/2022\/05\/Kapitalis-big-size.png","width":5000,"height":1500,"caption":"Kapitalis"},"image":{"@id":"https:\/\/kapitalis.com\/tunisie\/#\/schema\/logo\/image\/"},"sameAs":["https:\/\/www.facebook.com\/KapitalisInfo\/","https:\/\/x.com\/KapitalisInfo","https:\/\/www.youtube.com\/channel\/UC-yDYrHyfFBWWZaOw3FPg9Q"]},{"@type":"Person","@id":"https:\/\/kapitalis.com\/tunisie\/#\/schema\/person\/d71f33a9ca44f7bad4698210b480c8e9","name":"webmaster kapitalis","url":"https:\/\/kapitalis.com\/tunisie\/author\/webmaster-kapitalis\/"}]}},"_links":{"self":[{"href":"https:\/\/kapitalis.com\/tunisie\/wp-json\/wp\/v2\/posts\/10258405","targetHints":{"allow":["GET"]}}],"collection":[{"href":"https:\/\/kapitalis.com\/tunisie\/wp-json\/wp\/v2\/posts"}],"about":[{"href":"https:\/\/kapitalis.com\/tunisie\/wp-json\/wp\/v2\/types\/post"}],"author":[{"embeddable":true,"href":"https:\/\/kapitalis.com\/tunisie\/wp-json\/wp\/v2\/users\/8"}],"replies":[{"embeddable":true,"href":"https:\/\/kapitalis.com\/tunisie\/wp-json\/wp\/v2\/comments?post=10258405"}],"version-history":[{"count":2,"href":"https:\/\/kapitalis.com\/tunisie\/wp-json\/wp\/v2\/posts\/10258405\/revisions"}],"predecessor-version":[{"id":10258846,"href":"https:\/\/kapitalis.com\/tunisie\/wp-json\/wp\/v2\/posts\/10258405\/revisions\/10258846"}],"wp:featuredmedia":[{"embeddable":true,"href":"https:\/\/kapitalis.com\/tunisie\/wp-json\/wp\/v2\/media\/10258436"}],"wp:attachment":[{"href":"https:\/\/kapitalis.com\/tunisie\/wp-json\/wp\/v2\/media?parent=10258405"}],"wp:term":[{"taxonomy":"category","embeddable":true,"href":"https:\/\/kapitalis.com\/tunisie\/wp-json\/wp\/v2\/categories?post=10258405"},{"taxonomy":"post_tag","embeddable":true,"href":"https:\/\/kapitalis.com\/tunisie\/wp-json\/wp\/v2\/tags?post=10258405"}],"curies":[{"name":"wp","href":"https:\/\/api.w.org\/{rel}","templated":true}]}}