{"id":10277948,"date":"2023-10-26T20:25:32","date_gmt":"2023-10-26T19:25:32","guid":{"rendered":"https:\/\/kapitalis.com\/tunisie\/?p=10277948"},"modified":"2023-10-27T07:34:03","modified_gmt":"2023-10-27T06:34:03","slug":"la-ftf-exprime-son-soutien-avec-son-president-wadie-jary","status":"publish","type":"post","link":"https:\/\/kapitalis.com\/tunisie\/2023\/10\/26\/la-ftf-exprime-son-soutien-avec-son-president-wadie-jary\/","title":{"rendered":"La FTF exprime son soutien \u00e0 son pr\u00e9sident Wadie Jary"},"content":{"rendered":"\n<p><strong><em>Les membres du bureau de la F\u00e9d\u00e9ration Tunisienne de Football (FTF) ont exprim\u00e9, dans la soir\u00e9e de ce jeudi 26 octobre 2023, leur solidarit\u00e9 avec leur pr\u00e9sident Wadie Jary, qui a fait l&rsquo;objet, cet apr\u00e8s-midi, d&rsquo;un mandat de d\u00e9p\u00f4t.<\/em><\/strong><\/p>\n\n\n\n<!--more-->\n\n\n\n<p>Dans son communiqu\u00e9 le bureau de la FTF a affirm\u00e9 qu&rsquo;il <em>\u00ab\u0153uvrera dans le cadre de ce que permet la loi pour d\u00e9fendre Wadie Jary et prouver son innocence\u00bb,<\/em> sachant qu&rsquo;il a \u00e9t\u00e9 vis\u00e9 par un mandat de d\u00e9p\u00f4t suite \u00e0 une plainte d\u00e9pos\u00e9e par le minist\u00e8re des Sports et de la Jeunesse dans le cadre d&rsquo;une une affaire de contrat sign\u00e9 en sa qualit\u00e9 de pr\u00e9sident de la FTF en 2020 avec le directeur technique national Sgha\u00efer Zouita.<\/p>\n\n\n\n<p>La FTF indique que ledit contrat a \u00e9t\u00e9 conclu entre la F\u00e9d\u00e9ration et l&rsquo;ancien directeur technique <em>\u00abconform\u00e9ment aux m\u00eames proc\u00e9dures et dispositions que les autres contrats sign\u00e9s par les anciens directeurs techniques, durant plus de vingt ans par les diff\u00e9rents bureaux f\u00e9d\u00e9raux qui se sont succ\u00e9d\u00e9 et qui ont \u00e9t\u00e9 approuv\u00e9s par le minist\u00e8re de la Jeunesse et des Sports\u00bb.<\/em><\/p>\n\n\n\n<p>Enfin, la F\u00e9d\u00e9ration ajoute qu&rsquo;elle compte \u00e9clairer l&rsquo;opinion publique sur tout d\u00e9veloppement li\u00e9 \u00e0 cette affaire.<\/p>\n\n\n\n<p class=\"has-text-align-right\"><strong>Y. N.<\/strong><\/p>\n\n\n\n<figure class=\"wp-block-embed is-type-wp-embed is-provider-kapitalis wp-block-embed-kapitalis\"><div class=\"wp-block-embed__wrapper\">\n<blockquote class=\"wp-embedded-content\" data-secret=\"otCrz90HEc\"><a href=\"https:\/\/kapitalis.com\/tunisie\/2023\/10\/26\/tunisie-mandat-de-depot-contre-le-president-de-la-ftf-wadie-jary\/\">Tunisie: Mandat de d\u00e9p\u00f4t contre le pr\u00e9sident de la FTF Wadie Jary<\/a><\/blockquote><iframe loading=\"lazy\" class=\"wp-embedded-content\" sandbox=\"allow-scripts\" security=\"restricted\" style=\"position: absolute; clip: rect(1px, 1px, 1px, 1px);\" title=\"\u00ab\u00a0Tunisie: Mandat de d\u00e9p\u00f4t contre le pr\u00e9sident de la FTF Wadie Jary\u00a0\u00bb &#8212; Kapitalis\" src=\"https:\/\/kapitalis.com\/tunisie\/2023\/10\/26\/tunisie-mandat-de-depot-contre-le-president-de-la-ftf-wadie-jary\/embed\/#?secret=b7ycklWgBQ#?secret=otCrz90HEc\" data-secret=\"otCrz90HEc\" width=\"600\" height=\"338\" frameborder=\"0\" marginwidth=\"0\" marginheight=\"0\" scrolling=\"no\"><\/iframe>\n<\/div><\/figure>\n\n\n\n<figure class=\"wp-block-embed is-type-wp-embed is-provider-kapitalis wp-block-embed-kapitalis\"><div class=\"wp-block-embed__wrapper\">\n<blockquote class=\"wp-embedded-content\" data-secret=\"6jtN9fmQcV\"><a href=\"https:\/\/kapitalis.com\/tunisie\/2023\/10\/26\/arrestation-de-wadie-jary-president-de-la-federation-tunisienne-de-football\/\">Arrestation de Wadie Jary, pr\u00e9sident de la F\u00e9d\u00e9ration tunisienne de football<\/a><\/blockquote><iframe loading=\"lazy\" class=\"wp-embedded-content\" sandbox=\"allow-scripts\" security=\"restricted\" style=\"position: absolute; clip: rect(1px, 1px, 1px, 1px);\" title=\"\u00ab\u00a0Arrestation de Wadie Jary, pr\u00e9sident de la F\u00e9d\u00e9ration tunisienne de football\u00a0\u00bb &#8212; Kapitalis\" src=\"https:\/\/kapitalis.com\/tunisie\/2023\/10\/26\/arrestation-de-wadie-jary-president-de-la-federation-tunisienne-de-football\/embed\/#?secret=lmnTLnLUGZ#?secret=6jtN9fmQcV\" data-secret=\"6jtN9fmQcV\" width=\"600\" height=\"338\" frameborder=\"0\" marginwidth=\"0\" marginheight=\"0\" scrolling=\"no\"><\/iframe>\n<\/div><\/figure>\n","protected":false},"excerpt":{"rendered":"<p>La FTF exprime son soutien avec son pr\u00e9sident Wadie Jary<\/p>\n","protected":false},"author":6,"featured_media":8073016,"comment_status":"open","ping_status":"open","sticky":false,"template":"","format":"standard","meta":{"footnotes":""},"categories":[997,999,2433],"tags":[5208,62643,83847],"class_list":["post-10277948","post","type-post","status-publish","format-standard","has-post-thumbnail","hentry","category-politique","category-sport","category-tunisie","tag-ftf","tag-tunisie","tag-wadie-jary"],"yoast_head":"<!-- This site is optimized with the Yoast SEO plugin v26.6 - https:\/\/yoast.com\/wordpress\/plugins\/seo\/ -->\n<title>La FTF exprime son soutien \u00e0 son pr\u00e9sident Wadie Jary - Kapitalis<\/title>\n<meta name=\"description\" content=\"Les membres du bureau de la F\u00e9d\u00e9ration Tunisienne de Football (FTF) ont exprim\u00e9, dans la soir\u00e9e de ce jeudi 26 octobre 2023, leur solidarit\u00e9 avec leur pr\u00e9sident Wadie Jary, qui a fait l&#039;objet, cet apr\u00e8s-midi, d&#039;un mandat de d\u00e9p\u00f4t.\" \/>\n<meta name=\"robots\" content=\"index, follow, max-snippet:-1, max-image-preview:large, max-video-preview:-1\" \/>\n<link rel=\"canonical\" href=\"https:\/\/kapitalis.com\/tunisie\/2023\/10\/26\/la-ftf-exprime-son-soutien-avec-son-president-wadie-jary\/\" \/>\n<meta property=\"og:locale\" content=\"fr_FR\" \/>\n<meta property=\"og:type\" content=\"article\" \/>\n<meta property=\"og:title\" content=\"La FTF exprime son soutien \u00e0 son pr\u00e9sident Wadie Jary - Kapitalis\" \/>\n<meta property=\"og:description\" content=\"Les membres du bureau de la F\u00e9d\u00e9ration Tunisienne de Football (FTF) ont exprim\u00e9, dans la soir\u00e9e de ce jeudi 26 octobre 2023, leur solidarit\u00e9 avec leur pr\u00e9sident Wadie Jary, qui a fait l&#039;objet, cet apr\u00e8s-midi, d&#039;un mandat de d\u00e9p\u00f4t.\" \/>\n<meta property=\"og:url\" content=\"https:\/\/kapitalis.com\/tunisie\/2023\/10\/26\/la-ftf-exprime-son-soutien-avec-son-president-wadie-jary\/\" \/>\n<meta property=\"og:site_name\" content=\"Kapitalis\" \/>\n<meta property=\"article:publisher\" content=\"https:\/\/www.facebook.com\/KapitalisInfo\/\" \/>\n<meta property=\"article:published_time\" content=\"2023-10-26T19:25:32+00:00\" \/>\n<meta property=\"article:modified_time\" content=\"2023-10-27T06:34:03+00:00\" \/>\n<meta property=\"og:image\" content=\"https:\/\/kapitalis.com\/tunisie\/wp-content\/uploads\/2023\/05\/Wadie-Jary-1.jpg\" \/>\n\t<meta property=\"og:image:width\" content=\"1200\" \/>\n\t<meta property=\"og:image:height\" content=\"630\" \/>\n\t<meta property=\"og:image:type\" content=\"image\/jpeg\" \/>\n<meta name=\"author\" content=\"Yusra NY\" \/>\n<meta name=\"twitter:card\" content=\"summary_large_image\" \/>\n<meta name=\"twitter:creator\" content=\"@KapitalisInfo\" \/>\n<meta name=\"twitter:site\" content=\"@KapitalisInfo\" \/>\n<meta name=\"twitter:label1\" content=\"\u00c9crit par\" \/>\n\t<meta name=\"twitter:data1\" content=\"Yusra NY\" \/>\n\t<meta name=\"twitter:label2\" content=\"Dur\u00e9e de lecture estim\u00e9e\" \/>\n\t<meta name=\"twitter:data2\" content=\"2 minutes\" \/>\n<script type=\"application\/ld+json\" class=\"yoast-schema-graph\">{\"@context\":\"https:\/\/schema.org\",\"@graph\":[{\"@type\":\"Article\",\"@id\":\"https:\/\/kapitalis.com\/tunisie\/2023\/10\/26\/la-ftf-exprime-son-soutien-avec-son-president-wadie-jary\/#article\",\"isPartOf\":{\"@id\":\"https:\/\/kapitalis.com\/tunisie\/2023\/10\/26\/la-ftf-exprime-son-soutien-avec-son-president-wadie-jary\/\"},\"author\":{\"name\":\"Yusra NY\",\"@id\":\"https:\/\/kapitalis.com\/tunisie\/#\/schema\/person\/74bbde0154d49d790a92aaeac5bc01d5\"},\"headline\":\"La FTF exprime son soutien \u00e0 son pr\u00e9sident Wadie Jary\",\"datePublished\":\"2023-10-26T19:25:32+00:00\",\"dateModified\":\"2023-10-27T06:34:03+00:00\",\"mainEntityOfPage\":{\"@id\":\"https:\/\/kapitalis.com\/tunisie\/2023\/10\/26\/la-ftf-exprime-son-soutien-avec-son-president-wadie-jary\/\"},\"wordCount\":241,\"commentCount\":0,\"publisher\":{\"@id\":\"https:\/\/kapitalis.com\/tunisie\/#organization\"},\"image\":{\"@id\":\"https:\/\/kapitalis.com\/tunisie\/2023\/10\/26\/la-ftf-exprime-son-soutien-avec-son-president-wadie-jary\/#primaryimage\"},\"thumbnailUrl\":\"https:\/\/kapitalis.com\/tunisie\/wp-content\/uploads\/2023\/05\/Wadie-Jary-1.jpg\",\"keywords\":[\"FTF\",\"Tunisie\",\"Wadie Jary\"],\"articleSection\":[\"POLITIQUE\",\"SPORT\",\"Tunisie\"],\"inLanguage\":\"fr-FR\",\"potentialAction\":[{\"@type\":\"CommentAction\",\"name\":\"Comment\",\"target\":[\"https:\/\/kapitalis.com\/tunisie\/2023\/10\/26\/la-ftf-exprime-son-soutien-avec-son-president-wadie-jary\/#respond\"]}]},{\"@type\":\"WebPage\",\"@id\":\"https:\/\/kapitalis.com\/tunisie\/2023\/10\/26\/la-ftf-exprime-son-soutien-avec-son-president-wadie-jary\/\",\"url\":\"https:\/\/kapitalis.com\/tunisie\/2023\/10\/26\/la-ftf-exprime-son-soutien-avec-son-president-wadie-jary\/\",\"name\":\"La FTF exprime son soutien \u00e0 son pr\u00e9sident Wadie Jary - Kapitalis\",\"isPartOf\":{\"@id\":\"https:\/\/kapitalis.com\/tunisie\/#website\"},\"primaryImageOfPage\":{\"@id\":\"https:\/\/kapitalis.com\/tunisie\/2023\/10\/26\/la-ftf-exprime-son-soutien-avec-son-president-wadie-jary\/#primaryimage\"},\"image\":{\"@id\":\"https:\/\/kapitalis.com\/tunisie\/2023\/10\/26\/la-ftf-exprime-son-soutien-avec-son-president-wadie-jary\/#primaryimage\"},\"thumbnailUrl\":\"https:\/\/kapitalis.com\/tunisie\/wp-content\/uploads\/2023\/05\/Wadie-Jary-1.jpg\",\"datePublished\":\"2023-10-26T19:25:32+00:00\",\"dateModified\":\"2023-10-27T06:34:03+00:00\",\"description\":\"Les membres du bureau de la F\u00e9d\u00e9ration Tunisienne de Football (FTF) ont exprim\u00e9, dans la soir\u00e9e de ce jeudi 26 octobre 2023, leur solidarit\u00e9 avec leur pr\u00e9sident Wadie Jary, qui a fait l'objet, cet apr\u00e8s-midi, d'un mandat de d\u00e9p\u00f4t.\",\"breadcrumb\":{\"@id\":\"https:\/\/kapitalis.com\/tunisie\/2023\/10\/26\/la-ftf-exprime-son-soutien-avec-son-president-wadie-jary\/#breadcrumb\"},\"inLanguage\":\"fr-FR\",\"potentialAction\":[{\"@type\":\"ReadAction\",\"target\":[\"https:\/\/kapitalis.com\/tunisie\/2023\/10\/26\/la-ftf-exprime-son-soutien-avec-son-president-wadie-jary\/\"]}]},{\"@type\":\"ImageObject\",\"inLanguage\":\"fr-FR\",\"@id\":\"https:\/\/kapitalis.com\/tunisie\/2023\/10\/26\/la-ftf-exprime-son-soutien-avec-son-president-wadie-jary\/#primaryimage\",\"url\":\"https:\/\/kapitalis.com\/tunisie\/wp-content\/uploads\/2023\/05\/Wadie-Jary-1.jpg\",\"contentUrl\":\"https:\/\/kapitalis.com\/tunisie\/wp-content\/uploads\/2023\/05\/Wadie-Jary-1.jpg\",\"width\":1200,\"height\":630},{\"@type\":\"BreadcrumbList\",\"@id\":\"https:\/\/kapitalis.com\/tunisie\/2023\/10\/26\/la-ftf-exprime-son-soutien-avec-son-president-wadie-jary\/#breadcrumb\",\"itemListElement\":[{\"@type\":\"ListItem\",\"position\":1,\"name\":\"Accueil\",\"item\":\"https:\/\/kapitalis.com\/tunisie\/\"},{\"@type\":\"ListItem\",\"position\":2,\"name\":\"La FTF exprime son soutien \u00e0 son pr\u00e9sident Wadie Jary\"}]},{\"@type\":\"WebSite\",\"@id\":\"https:\/\/kapitalis.com\/tunisie\/#website\",\"url\":\"https:\/\/kapitalis.com\/tunisie\/\",\"name\":\"Kapitalis\",\"description\":\"L&#039;actualit\u00e9 en Tunisie et dans le monde\",\"publisher\":{\"@id\":\"https:\/\/kapitalis.com\/tunisie\/#organization\"},\"potentialAction\":[{\"@type\":\"SearchAction\",\"target\":{\"@type\":\"EntryPoint\",\"urlTemplate\":\"https:\/\/kapitalis.com\/tunisie\/?s={search_term_string}\"},\"query-input\":{\"@type\":\"PropertyValueSpecification\",\"valueRequired\":true,\"valueName\":\"search_term_string\"}}],\"inLanguage\":\"fr-FR\"},{\"@type\":\"Organization\",\"@id\":\"https:\/\/kapitalis.com\/tunisie\/#organization\",\"name\":\"Kapitalis\",\"url\":\"https:\/\/kapitalis.com\/tunisie\/\",\"logo\":{\"@type\":\"ImageObject\",\"inLanguage\":\"fr-FR\",\"@id\":\"https:\/\/kapitalis.com\/tunisie\/#\/schema\/logo\/image\/\",\"url\":\"https:\/\/kapitalis.com\/tunisie\/wp-content\/uploads\/2022\/05\/Kapitalis-big-size.png\",\"contentUrl\":\"https:\/\/kapitalis.com\/tunisie\/wp-content\/uploads\/2022\/05\/Kapitalis-big-size.png\",\"width\":5000,\"height\":1500,\"caption\":\"Kapitalis\"},\"image\":{\"@id\":\"https:\/\/kapitalis.com\/tunisie\/#\/schema\/logo\/image\/\"},\"sameAs\":[\"https:\/\/www.facebook.com\/KapitalisInfo\/\",\"https:\/\/x.com\/KapitalisInfo\",\"https:\/\/www.youtube.com\/channel\/UC-yDYrHyfFBWWZaOw3FPg9Q\"]},{\"@type\":\"Person\",\"@id\":\"https:\/\/kapitalis.com\/tunisie\/#\/schema\/person\/74bbde0154d49d790a92aaeac5bc01d5\",\"name\":\"Yusra NY\",\"url\":\"https:\/\/kapitalis.com\/tunisie\/author\/yuza_adam\/\"}]}<\/script>\n<!-- \/ Yoast SEO plugin. -->","yoast_head_json":{"title":"La FTF exprime son soutien \u00e0 son pr\u00e9sident Wadie Jary - Kapitalis","description":"Les membres du bureau de la F\u00e9d\u00e9ration Tunisienne de Football (FTF) ont exprim\u00e9, dans la soir\u00e9e de ce jeudi 26 octobre 2023, leur solidarit\u00e9 avec leur pr\u00e9sident Wadie Jary, qui a fait l'objet, cet apr\u00e8s-midi, d'un mandat de d\u00e9p\u00f4t.","robots":{"index":"index","follow":"follow","max-snippet":"max-snippet:-1","max-image-preview":"max-image-preview:large","max-video-preview":"max-video-preview:-1"},"canonical":"https:\/\/kapitalis.com\/tunisie\/2023\/10\/26\/la-ftf-exprime-son-soutien-avec-son-president-wadie-jary\/","og_locale":"fr_FR","og_type":"article","og_title":"La FTF exprime son soutien \u00e0 son pr\u00e9sident Wadie Jary - Kapitalis","og_description":"Les membres du bureau de la F\u00e9d\u00e9ration Tunisienne de Football (FTF) ont exprim\u00e9, dans la soir\u00e9e de ce jeudi 26 octobre 2023, leur solidarit\u00e9 avec leur pr\u00e9sident Wadie Jary, qui a fait l'objet, cet apr\u00e8s-midi, d'un mandat de d\u00e9p\u00f4t.","og_url":"https:\/\/kapitalis.com\/tunisie\/2023\/10\/26\/la-ftf-exprime-son-soutien-avec-son-president-wadie-jary\/","og_site_name":"Kapitalis","article_publisher":"https:\/\/www.facebook.com\/KapitalisInfo\/","article_published_time":"2023-10-26T19:25:32+00:00","article_modified_time":"2023-10-27T06:34:03+00:00","og_image":[{"width":1200,"height":630,"url":"https:\/\/kapitalis.com\/tunisie\/wp-content\/uploads\/2023\/05\/Wadie-Jary-1.jpg","type":"image\/jpeg"}],"author":"Yusra NY","twitter_card":"summary_large_image","twitter_creator":"@KapitalisInfo","twitter_site":"@KapitalisInfo","twitter_misc":{"\u00c9crit par":"Yusra NY","Dur\u00e9e de lecture estim\u00e9e":"2 minutes"},"schema":{"@context":"https:\/\/schema.org","@graph":[{"@type":"Article","@id":"https:\/\/kapitalis.com\/tunisie\/2023\/10\/26\/la-ftf-exprime-son-soutien-avec-son-president-wadie-jary\/#article","isPartOf":{"@id":"https:\/\/kapitalis.com\/tunisie\/2023\/10\/26\/la-ftf-exprime-son-soutien-avec-son-president-wadie-jary\/"},"author":{"name":"Yusra NY","@id":"https:\/\/kapitalis.com\/tunisie\/#\/schema\/person\/74bbde0154d49d790a92aaeac5bc01d5"},"headline":"La FTF exprime son soutien \u00e0 son pr\u00e9sident Wadie Jary","datePublished":"2023-10-26T19:25:32+00:00","dateModified":"2023-10-27T06:34:03+00:00","mainEntityOfPage":{"@id":"https:\/\/kapitalis.com\/tunisie\/2023\/10\/26\/la-ftf-exprime-son-soutien-avec-son-president-wadie-jary\/"},"wordCount":241,"commentCount":0,"publisher":{"@id":"https:\/\/kapitalis.com\/tunisie\/#organization"},"image":{"@id":"https:\/\/kapitalis.com\/tunisie\/2023\/10\/26\/la-ftf-exprime-son-soutien-avec-son-president-wadie-jary\/#primaryimage"},"thumbnailUrl":"https:\/\/kapitalis.com\/tunisie\/wp-content\/uploads\/2023\/05\/Wadie-Jary-1.jpg","keywords":["FTF","Tunisie","Wadie Jary"],"articleSection":["POLITIQUE","SPORT","Tunisie"],"inLanguage":"fr-FR","potentialAction":[{"@type":"CommentAction","name":"Comment","target":["https:\/\/kapitalis.com\/tunisie\/2023\/10\/26\/la-ftf-exprime-son-soutien-avec-son-president-wadie-jary\/#respond"]}]},{"@type":"WebPage","@id":"https:\/\/kapitalis.com\/tunisie\/2023\/10\/26\/la-ftf-exprime-son-soutien-avec-son-president-wadie-jary\/","url":"https:\/\/kapitalis.com\/tunisie\/2023\/10\/26\/la-ftf-exprime-son-soutien-avec-son-president-wadie-jary\/","name":"La FTF exprime son soutien \u00e0 son pr\u00e9sident Wadie Jary - Kapitalis","isPartOf":{"@id":"https:\/\/kapitalis.com\/tunisie\/#website"},"primaryImageOfPage":{"@id":"https:\/\/kapitalis.com\/tunisie\/2023\/10\/26\/la-ftf-exprime-son-soutien-avec-son-president-wadie-jary\/#primaryimage"},"image":{"@id":"https:\/\/kapitalis.com\/tunisie\/2023\/10\/26\/la-ftf-exprime-son-soutien-avec-son-president-wadie-jary\/#primaryimage"},"thumbnailUrl":"https:\/\/kapitalis.com\/tunisie\/wp-content\/uploads\/2023\/05\/Wadie-Jary-1.jpg","datePublished":"2023-10-26T19:25:32+00:00","dateModified":"2023-10-27T06:34:03+00:00","description":"Les membres du bureau de la F\u00e9d\u00e9ration Tunisienne de Football (FTF) ont exprim\u00e9, dans la soir\u00e9e de ce jeudi 26 octobre 2023, leur solidarit\u00e9 avec leur pr\u00e9sident Wadie Jary, qui a fait l'objet, cet apr\u00e8s-midi, d'un mandat de d\u00e9p\u00f4t.","breadcrumb":{"@id":"https:\/\/kapitalis.com\/tunisie\/2023\/10\/26\/la-ftf-exprime-son-soutien-avec-son-president-wadie-jary\/#breadcrumb"},"inLanguage":"fr-FR","potentialAction":[{"@type":"ReadAction","target":["https:\/\/kapitalis.com\/tunisie\/2023\/10\/26\/la-ftf-exprime-son-soutien-avec-son-president-wadie-jary\/"]}]},{"@type":"ImageObject","inLanguage":"fr-FR","@id":"https:\/\/kapitalis.com\/tunisie\/2023\/10\/26\/la-ftf-exprime-son-soutien-avec-son-president-wadie-jary\/#primaryimage","url":"https:\/\/kapitalis.com\/tunisie\/wp-content\/uploads\/2023\/05\/Wadie-Jary-1.jpg","contentUrl":"https:\/\/kapitalis.com\/tunisie\/wp-content\/uploads\/2023\/05\/Wadie-Jary-1.jpg","width":1200,"height":630},{"@type":"BreadcrumbList","@id":"https:\/\/kapitalis.com\/tunisie\/2023\/10\/26\/la-ftf-exprime-son-soutien-avec-son-president-wadie-jary\/#breadcrumb","itemListElement":[{"@type":"ListItem","position":1,"name":"Accueil","item":"https:\/\/kapitalis.com\/tunisie\/"},{"@type":"ListItem","position":2,"name":"La FTF exprime son soutien \u00e0 son pr\u00e9sident Wadie Jary"}]},{"@type":"WebSite","@id":"https:\/\/kapitalis.com\/tunisie\/#website","url":"https:\/\/kapitalis.com\/tunisie\/","name":"Kapitalis","description":"L&#039;actualit\u00e9 en Tunisie et dans le monde","publisher":{"@id":"https:\/\/kapitalis.com\/tunisie\/#organization"},"potentialAction":[{"@type":"SearchAction","target":{"@type":"EntryPoint","urlTemplate":"https:\/\/kapitalis.com\/tunisie\/?s={search_term_string}"},"query-input":{"@type":"PropertyValueSpecification","valueRequired":true,"valueName":"search_term_string"}}],"inLanguage":"fr-FR"},{"@type":"Organization","@id":"https:\/\/kapitalis.com\/tunisie\/#organization","name":"Kapitalis","url":"https:\/\/kapitalis.com\/tunisie\/","logo":{"@type":"ImageObject","inLanguage":"fr-FR","@id":"https:\/\/kapitalis.com\/tunisie\/#\/schema\/logo\/image\/","url":"https:\/\/kapitalis.com\/tunisie\/wp-content\/uploads\/2022\/05\/Kapitalis-big-size.png","contentUrl":"https:\/\/kapitalis.com\/tunisie\/wp-content\/uploads\/2022\/05\/Kapitalis-big-size.png","width":5000,"height":1500,"caption":"Kapitalis"},"image":{"@id":"https:\/\/kapitalis.com\/tunisie\/#\/schema\/logo\/image\/"},"sameAs":["https:\/\/www.facebook.com\/KapitalisInfo\/","https:\/\/x.com\/KapitalisInfo","https:\/\/www.youtube.com\/channel\/UC-yDYrHyfFBWWZaOw3FPg9Q"]},{"@type":"Person","@id":"https:\/\/kapitalis.com\/tunisie\/#\/schema\/person\/74bbde0154d49d790a92aaeac5bc01d5","name":"Yusra NY","url":"https:\/\/kapitalis.com\/tunisie\/author\/yuza_adam\/"}]}},"_links":{"self":[{"href":"https:\/\/kapitalis.com\/tunisie\/wp-json\/wp\/v2\/posts\/10277948","targetHints":{"allow":["GET"]}}],"collection":[{"href":"https:\/\/kapitalis.com\/tunisie\/wp-json\/wp\/v2\/posts"}],"about":[{"href":"https:\/\/kapitalis.com\/tunisie\/wp-json\/wp\/v2\/types\/post"}],"author":[{"embeddable":true,"href":"https:\/\/kapitalis.com\/tunisie\/wp-json\/wp\/v2\/users\/6"}],"replies":[{"embeddable":true,"href":"https:\/\/kapitalis.com\/tunisie\/wp-json\/wp\/v2\/comments?post=10277948"}],"version-history":[{"count":5,"href":"https:\/\/kapitalis.com\/tunisie\/wp-json\/wp\/v2\/posts\/10277948\/revisions"}],"predecessor-version":[{"id":10281186,"href":"https:\/\/kapitalis.com\/tunisie\/wp-json\/wp\/v2\/posts\/10277948\/revisions\/10281186"}],"wp:featuredmedia":[{"embeddable":true,"href":"https:\/\/kapitalis.com\/tunisie\/wp-json\/wp\/v2\/media\/8073016"}],"wp:attachment":[{"href":"https:\/\/kapitalis.com\/tunisie\/wp-json\/wp\/v2\/media?parent=10277948"}],"wp:term":[{"taxonomy":"category","embeddable":true,"href":"https:\/\/kapitalis.com\/tunisie\/wp-json\/wp\/v2\/categories?post=10277948"},{"taxonomy":"post_tag","embeddable":true,"href":"https:\/\/kapitalis.com\/tunisie\/wp-json\/wp\/v2\/tags?post=10277948"}],"curies":[{"name":"wp","href":"https:\/\/api.w.org\/{rel}","templated":true}]}}