{"id":10293240,"date":"2023-10-28T06:56:25","date_gmt":"2023-10-28T05:56:25","guid":{"rendered":"https:\/\/kapitalis.com\/tunisie\/?p=10293240"},"modified":"2023-10-28T07:07:00","modified_gmt":"2023-10-28T06:07:00","slug":"declarations-choquantes-de-lambassadeur-prugel-precisions-de-lallemagne","status":"publish","type":"post","link":"https:\/\/kapitalis.com\/tunisie\/2023\/10\/28\/declarations-choquantes-de-lambassadeur-prugel-precisions-de-lallemagne\/","title":{"rendered":"D\u00e9clarations choquantes de l\u2019ambassadeur Pr\u00fcgel\u00a0: pr\u00e9cisions de l\u2019Allemagne \u00a0\u00a0"},"content":{"rendered":"\n<p><strong><em>Pour att\u00e9nuer l\u2019impact n\u00e9gatif des d\u00e9clarations de l\u2019ambassadeur Pr\u00fcgel \u00e0 propos de la guerre \u00e0 Gaza sur les relations entre Tunis et Berlin, l\u2019ambassade d\u2019Allemagne a publi\u00e9, vendredi 27 octobre 2023, le communiqu\u00e9 que nous traduisons ci-dessous. &nbsp;<\/em><\/strong>&nbsp;<\/p>\n\n\n\n<!--more-->\n\n\n\n<p><em>\u00abHier (jeudi), l\u2019ambassadeur Pr\u00fcgel a ouvert la c\u00e9r\u00e9monie d\u2019inauguration &nbsp;du nouveau Coll\u00e8ge de Mhamdia, en compagnie du ministre de l&rsquo;\u00c9ducation, Dr. Boughdiri, des partenaires tunisiens ainsi que des repr\u00e9sentants de la BEI et de l\u2019UE. Le lyc\u00e9e offre \u00e0 plus de 500 \u00e9l\u00e8ves un environnement d\u2019apprentissage moderne et attractif afin de s\u2019\u00e9panouir au mieux. Le nouveau b\u00e2timent fait partie du programme \u2018\u2018Modernisation des \u00e9tablissements scolaires\u2019\u2019 qui b\u00e9n\u00e9ficiera au total \u00e0 environ 180 000 \u00e9tudiants \u00e0 travers la Tunisie.<\/em><\/p>\n\n\n\n<p><em>\u00abDans sa r\u00e9ponse au discours du ministre de l\u2019\u00c9ducation Boughdiri, l&rsquo;ambassadeur Pr\u00fcgel a expliqu\u00e9 que l\u2019Allemagne d\u00e9plorait \u00e9galement les souffrances de la population de Gaza et des victimes palestiniennes, mais que notre sympathie allait \u00e0 toutes les victimes de ce conflit &#8211; palestiniennes, isra\u00e9liennes et internationales &#8211; et nous n\u2019ignorons pas que cette escalade actuelle a \u00e9t\u00e9 d\u00e9clench\u00e9e par une attaque terroriste barbare du Hamas contre Isra\u00ebl.<\/em><\/p>\n\n\n\n<p><em>\u00abL\u2019ambassadeur regrette que cette d\u00e9claration ait \u00e9t\u00e9 reprise et reproduite dans les m\u00e9dias de mani\u00e8re incompl\u00e8te et incorrecte. Le gouvernement f\u00e9d\u00e9ral s\u2019est engag\u00e9 \u00e0 tous les niveaux \u00e0 trouver une solution au conflit et \u00e0 soutenir la population civile de Gaza et, compte tenu de la situation dramatique, a r\u00e9cemment augment\u00e9 l\u2019aide humanitaire \u00e0 Gaza de 50 millions d&rsquo;euros suppl\u00e9mentaires.\u00bb<\/em><\/p>\n\n\n\n<h2 class=\"wp-block-heading\">La r\u00e9daction : <\/h2>\n\n\n\n<p>On constatera d&rsquo;abord que le communiqu\u00e9 de l\u2019ambassade d\u2019Allemagne ne dit pas toute la v\u00e9rit\u00e9, puisque l\u2019attaque du Hamas du 7 octobre, pour condamnable qu\u2019elle puisse l&rsquo;\u00eatre, est une r\u00e9action l\u00e9gitime d\u2019un mouvement de lib\u00e9ration nationale aux bombardements de la population de Gaza par l\u2019arm\u00e9e isra\u00e9lienne qui se poursuivent depuis de nombreuses ann\u00e9es dans l\u2019impunit\u00e9 la plus totale et sans que nos <em>\u00abamis\u00bb<\/em> allemands et occidentaux ne s\u2019en \u00e9meuvent outre mesure.<\/p>\n\n\n\n<p>Le communiqu\u00e9 ne contient pas non plus un appel au cessez-le-feu, m\u00eame pas pour la forme et par principe, ne serait-ce que pour pr\u00e9server des vies humaines, si tant est que la vie des Arabes compte encore pour les Occidentaux, renouvelant ainsi tacitement \u00e0 Isra\u00ebl un permis de tuer les Palestiniens.<\/p>\n\n\n\n<p>Quant au soi-disant <em>\u00absoutien de l\u2019Allemagne \u00e0 la population civile de Gaza\u00bb<\/em>, on attend d\u2019en avoir les preuves concr\u00e8tes, alors que l\u2019enclave est totalement verrouill\u00e9e par I\u2019arm\u00e9e isra\u00e9lienne et soumise \u00e0 des bombardements intenses ayant provoqu\u00e9 d\u2019\u00e9normes destructions et plus de 10\u00a0000 morts dont un grand nombre sont encore sous les d\u00e9combres.<\/p>\n\n\n\n<p>Sur un autre plan, affubler le mouvement Hamas du qualificatif <em>\u00abterroriste\u00bb<\/em> est pour le moins exag\u00e9r\u00e9 pour ne pas dire un \u00e9norme mensonge. En effet, le Hamas n&rsquo;a jamais commis d&rsquo;attentat dans aucun territoire \u00e9tranger. Il a toujours men\u00e9 des attaques contre une arm\u00e9e coloniale qui occupe la terre de ses anc\u00eatres et soumet les siens \u00e0 un v\u00e9ritable g\u00e9nocide depuis au moins 75 ans. Le Hamas est et reste un mouvement de lib\u00e9ration nationale, n&rsquo;en d\u00e9plaise \u00e0 M. Pr\u00fcgel et \u00e0 tous les perroquets occidentaux qui reprennent \u00e0 leur compte la propagande isra\u00e9lienne.<\/p>\n\n\n\n<p>On l\u2019a compris depuis longtemps, les Occidentaux en g\u00e9n\u00e9ral et les Europ\u00e9ens en particulier, et surtout les Allemands, grands oppresseurs historiques des juifs, n\u2019ont de larmes que pour leurs victimes juifs d\u2019hier, devenus entre-temps les bourreaux des Arabes en g\u00e9n\u00e9ral et des Palestiniens en particulier.<\/p>\n\n\n\n<figure class=\"wp-block-embed is-type-wp-embed is-provider-kapitalis wp-block-embed-kapitalis\"><div class=\"wp-block-embed__wrapper\">\n<blockquote class=\"wp-embedded-content\" data-secret=\"lQadiRHKRU\"><a href=\"https:\/\/kapitalis.com\/tunisie\/2023\/10\/27\/quand-lambassadeur-dallemagne-provoque-un-incident-diplomatique-en-tunisie\/\">Quand l\u2019ambassadeur d\u2019Allemagne provoque un incident diplomatique en Tunisie<\/a><\/blockquote><iframe loading=\"lazy\" class=\"wp-embedded-content\" sandbox=\"allow-scripts\" security=\"restricted\" style=\"position: absolute; clip: rect(1px, 1px, 1px, 1px);\" title=\"\u00ab\u00a0Quand l\u2019ambassadeur d\u2019Allemagne provoque un incident diplomatique en Tunisie\u00a0\u00bb &#8212; Kapitalis\" src=\"https:\/\/kapitalis.com\/tunisie\/2023\/10\/27\/quand-lambassadeur-dallemagne-provoque-un-incident-diplomatique-en-tunisie\/embed\/#?secret=JxuUkcW6Ql#?secret=lQadiRHKRU\" data-secret=\"lQadiRHKRU\" width=\"600\" height=\"338\" frameborder=\"0\" marginwidth=\"0\" marginheight=\"0\" scrolling=\"no\"><\/iframe>\n<\/div><\/figure>\n","protected":false},"excerpt":{"rendered":"<p>L\u2019ambassade d\u2019Allemagne tente  d&rsquo;att\u00e9nuer l\u2019impact n\u00e9gatif des d\u00e9clarations de l\u2019ambassadeur Pr\u00fcgel \u00e0 propos de la guerre \u00e0 Gaza sur les relations entre Tunis et Berlin. <\/p>\n","protected":false},"author":8,"featured_media":10293337,"comment_status":"open","ping_status":"open","sticky":false,"template":"","format":"standard","meta":{"footnotes":""},"categories":[997,2433],"tags":[1096,1613,26195,2478,1971,2739,82850,62643],"class_list":["post-10293240","post","type-post","status-publish","format-standard","has-post-thumbnail","hentry","category-politique","category-tunisie","tag-allemagne","tag-arabes","tag-hamas","tag-israel","tag-juifs","tag-palestiniens","tag-peter-prugel","tag-tunisie"],"yoast_head":"<!-- This site is optimized with the Yoast SEO plugin v26.6 - https:\/\/yoast.com\/wordpress\/plugins\/seo\/ -->\n<title>D\u00e9clarations choquantes de l\u2019ambassadeur Pr\u00fcgel\u00a0: pr\u00e9cisions de l\u2019Allemagne \u00a0\u00a0 - Kapitalis<\/title>\n<meta name=\"robots\" content=\"index, follow, max-snippet:-1, max-image-preview:large, max-video-preview:-1\" \/>\n<link rel=\"canonical\" href=\"https:\/\/kapitalis.com\/tunisie\/2023\/10\/28\/declarations-choquantes-de-lambassadeur-prugel-precisions-de-lallemagne\/\" \/>\n<meta property=\"og:locale\" content=\"fr_FR\" \/>\n<meta property=\"og:type\" content=\"article\" \/>\n<meta property=\"og:title\" content=\"D\u00e9clarations choquantes de l\u2019ambassadeur Pr\u00fcgel\u00a0: pr\u00e9cisions de l\u2019Allemagne \u00a0\u00a0 - Kapitalis\" \/>\n<meta property=\"og:description\" content=\"L\u2019ambassade d\u2019Allemagne tente d&#039;att\u00e9nuer l\u2019impact n\u00e9gatif des d\u00e9clarations de l\u2019ambassadeur Pr\u00fcgel \u00e0 propos de la guerre \u00e0 Gaza sur les relations entre Tunis et Berlin.\" \/>\n<meta property=\"og:url\" content=\"https:\/\/kapitalis.com\/tunisie\/2023\/10\/28\/declarations-choquantes-de-lambassadeur-prugel-precisions-de-lallemagne\/\" \/>\n<meta property=\"og:site_name\" content=\"Kapitalis\" \/>\n<meta property=\"article:publisher\" content=\"https:\/\/www.facebook.com\/KapitalisInfo\/\" \/>\n<meta property=\"article:published_time\" content=\"2023-10-28T05:56:25+00:00\" \/>\n<meta property=\"article:modified_time\" content=\"2023-10-28T06:07:00+00:00\" \/>\n<meta property=\"og:image\" content=\"https:\/\/kapitalis.com\/tunisie\/wp-content\/uploads\/2023\/10\/Peter-Prugel-Mohamed-Ali-Boughdiiri.jpg\" \/>\n\t<meta property=\"og:image:width\" content=\"1200\" \/>\n\t<meta property=\"og:image:height\" content=\"630\" \/>\n\t<meta property=\"og:image:type\" content=\"image\/jpeg\" \/>\n<meta name=\"author\" content=\"webmaster kapitalis\" \/>\n<meta name=\"twitter:card\" content=\"summary_large_image\" \/>\n<meta name=\"twitter:creator\" content=\"@KapitalisInfo\" \/>\n<meta name=\"twitter:site\" content=\"@KapitalisInfo\" \/>\n<meta name=\"twitter:label1\" content=\"\u00c9crit par\" \/>\n\t<meta name=\"twitter:data1\" content=\"webmaster kapitalis\" \/>\n\t<meta name=\"twitter:label2\" content=\"Dur\u00e9e de lecture estim\u00e9e\" \/>\n\t<meta name=\"twitter:data2\" content=\"3 minutes\" \/>\n<script type=\"application\/ld+json\" class=\"yoast-schema-graph\">{\"@context\":\"https:\/\/schema.org\",\"@graph\":[{\"@type\":\"Article\",\"@id\":\"https:\/\/kapitalis.com\/tunisie\/2023\/10\/28\/declarations-choquantes-de-lambassadeur-prugel-precisions-de-lallemagne\/#article\",\"isPartOf\":{\"@id\":\"https:\/\/kapitalis.com\/tunisie\/2023\/10\/28\/declarations-choquantes-de-lambassadeur-prugel-precisions-de-lallemagne\/\"},\"author\":{\"name\":\"webmaster kapitalis\",\"@id\":\"https:\/\/kapitalis.com\/tunisie\/#\/schema\/person\/d71f33a9ca44f7bad4698210b480c8e9\"},\"headline\":\"D\u00e9clarations choquantes de l\u2019ambassadeur Pr\u00fcgel\u00a0: pr\u00e9cisions de l\u2019Allemagne \u00a0\u00a0\",\"datePublished\":\"2023-10-28T05:56:25+00:00\",\"dateModified\":\"2023-10-28T06:07:00+00:00\",\"mainEntityOfPage\":{\"@id\":\"https:\/\/kapitalis.com\/tunisie\/2023\/10\/28\/declarations-choquantes-de-lambassadeur-prugel-precisions-de-lallemagne\/\"},\"wordCount\":644,\"commentCount\":2,\"publisher\":{\"@id\":\"https:\/\/kapitalis.com\/tunisie\/#organization\"},\"image\":{\"@id\":\"https:\/\/kapitalis.com\/tunisie\/2023\/10\/28\/declarations-choquantes-de-lambassadeur-prugel-precisions-de-lallemagne\/#primaryimage\"},\"thumbnailUrl\":\"https:\/\/kapitalis.com\/tunisie\/wp-content\/uploads\/2023\/10\/Peter-Prugel-Mohamed-Ali-Boughdiiri.jpg\",\"keywords\":[\"Allemagne\",\"arabes\",\"Hamas\",\"Isra\u00ebl\",\"juifs\",\"Palestiniens\",\"Peter Pr\u00fcgel\",\"Tunisie\"],\"articleSection\":[\"POLITIQUE\",\"Tunisie\"],\"inLanguage\":\"fr-FR\",\"potentialAction\":[{\"@type\":\"CommentAction\",\"name\":\"Comment\",\"target\":[\"https:\/\/kapitalis.com\/tunisie\/2023\/10\/28\/declarations-choquantes-de-lambassadeur-prugel-precisions-de-lallemagne\/#respond\"]}]},{\"@type\":\"WebPage\",\"@id\":\"https:\/\/kapitalis.com\/tunisie\/2023\/10\/28\/declarations-choquantes-de-lambassadeur-prugel-precisions-de-lallemagne\/\",\"url\":\"https:\/\/kapitalis.com\/tunisie\/2023\/10\/28\/declarations-choquantes-de-lambassadeur-prugel-precisions-de-lallemagne\/\",\"name\":\"D\u00e9clarations choquantes de l\u2019ambassadeur Pr\u00fcgel\u00a0: pr\u00e9cisions de l\u2019Allemagne \u00a0\u00a0 - Kapitalis\",\"isPartOf\":{\"@id\":\"https:\/\/kapitalis.com\/tunisie\/#website\"},\"primaryImageOfPage\":{\"@id\":\"https:\/\/kapitalis.com\/tunisie\/2023\/10\/28\/declarations-choquantes-de-lambassadeur-prugel-precisions-de-lallemagne\/#primaryimage\"},\"image\":{\"@id\":\"https:\/\/kapitalis.com\/tunisie\/2023\/10\/28\/declarations-choquantes-de-lambassadeur-prugel-precisions-de-lallemagne\/#primaryimage\"},\"thumbnailUrl\":\"https:\/\/kapitalis.com\/tunisie\/wp-content\/uploads\/2023\/10\/Peter-Prugel-Mohamed-Ali-Boughdiiri.jpg\",\"datePublished\":\"2023-10-28T05:56:25+00:00\",\"dateModified\":\"2023-10-28T06:07:00+00:00\",\"breadcrumb\":{\"@id\":\"https:\/\/kapitalis.com\/tunisie\/2023\/10\/28\/declarations-choquantes-de-lambassadeur-prugel-precisions-de-lallemagne\/#breadcrumb\"},\"inLanguage\":\"fr-FR\",\"potentialAction\":[{\"@type\":\"ReadAction\",\"target\":[\"https:\/\/kapitalis.com\/tunisie\/2023\/10\/28\/declarations-choquantes-de-lambassadeur-prugel-precisions-de-lallemagne\/\"]}]},{\"@type\":\"ImageObject\",\"inLanguage\":\"fr-FR\",\"@id\":\"https:\/\/kapitalis.com\/tunisie\/2023\/10\/28\/declarations-choquantes-de-lambassadeur-prugel-precisions-de-lallemagne\/#primaryimage\",\"url\":\"https:\/\/kapitalis.com\/tunisie\/wp-content\/uploads\/2023\/10\/Peter-Prugel-Mohamed-Ali-Boughdiiri.jpg\",\"contentUrl\":\"https:\/\/kapitalis.com\/tunisie\/wp-content\/uploads\/2023\/10\/Peter-Prugel-Mohamed-Ali-Boughdiiri.jpg\",\"width\":1200,\"height\":630},{\"@type\":\"BreadcrumbList\",\"@id\":\"https:\/\/kapitalis.com\/tunisie\/2023\/10\/28\/declarations-choquantes-de-lambassadeur-prugel-precisions-de-lallemagne\/#breadcrumb\",\"itemListElement\":[{\"@type\":\"ListItem\",\"position\":1,\"name\":\"Accueil\",\"item\":\"https:\/\/kapitalis.com\/tunisie\/\"},{\"@type\":\"ListItem\",\"position\":2,\"name\":\"D\u00e9clarations choquantes de l\u2019ambassadeur Pr\u00fcgel\u00a0: pr\u00e9cisions de l\u2019Allemagne \u00a0\u00a0\"}]},{\"@type\":\"WebSite\",\"@id\":\"https:\/\/kapitalis.com\/tunisie\/#website\",\"url\":\"https:\/\/kapitalis.com\/tunisie\/\",\"name\":\"Kapitalis\",\"description\":\"L&#039;actualit\u00e9 en Tunisie et dans le monde\",\"publisher\":{\"@id\":\"https:\/\/kapitalis.com\/tunisie\/#organization\"},\"potentialAction\":[{\"@type\":\"SearchAction\",\"target\":{\"@type\":\"EntryPoint\",\"urlTemplate\":\"https:\/\/kapitalis.com\/tunisie\/?s={search_term_string}\"},\"query-input\":{\"@type\":\"PropertyValueSpecification\",\"valueRequired\":true,\"valueName\":\"search_term_string\"}}],\"inLanguage\":\"fr-FR\"},{\"@type\":\"Organization\",\"@id\":\"https:\/\/kapitalis.com\/tunisie\/#organization\",\"name\":\"Kapitalis\",\"url\":\"https:\/\/kapitalis.com\/tunisie\/\",\"logo\":{\"@type\":\"ImageObject\",\"inLanguage\":\"fr-FR\",\"@id\":\"https:\/\/kapitalis.com\/tunisie\/#\/schema\/logo\/image\/\",\"url\":\"https:\/\/kapitalis.com\/tunisie\/wp-content\/uploads\/2022\/05\/Kapitalis-big-size.png\",\"contentUrl\":\"https:\/\/kapitalis.com\/tunisie\/wp-content\/uploads\/2022\/05\/Kapitalis-big-size.png\",\"width\":5000,\"height\":1500,\"caption\":\"Kapitalis\"},\"image\":{\"@id\":\"https:\/\/kapitalis.com\/tunisie\/#\/schema\/logo\/image\/\"},\"sameAs\":[\"https:\/\/www.facebook.com\/KapitalisInfo\/\",\"https:\/\/x.com\/KapitalisInfo\",\"https:\/\/www.youtube.com\/channel\/UC-yDYrHyfFBWWZaOw3FPg9Q\"]},{\"@type\":\"Person\",\"@id\":\"https:\/\/kapitalis.com\/tunisie\/#\/schema\/person\/d71f33a9ca44f7bad4698210b480c8e9\",\"name\":\"webmaster kapitalis\",\"url\":\"https:\/\/kapitalis.com\/tunisie\/author\/webmaster-kapitalis\/\"}]}<\/script>\n<!-- \/ Yoast SEO plugin. -->","yoast_head_json":{"title":"D\u00e9clarations choquantes de l\u2019ambassadeur Pr\u00fcgel\u00a0: pr\u00e9cisions de l\u2019Allemagne \u00a0\u00a0 - Kapitalis","robots":{"index":"index","follow":"follow","max-snippet":"max-snippet:-1","max-image-preview":"max-image-preview:large","max-video-preview":"max-video-preview:-1"},"canonical":"https:\/\/kapitalis.com\/tunisie\/2023\/10\/28\/declarations-choquantes-de-lambassadeur-prugel-precisions-de-lallemagne\/","og_locale":"fr_FR","og_type":"article","og_title":"D\u00e9clarations choquantes de l\u2019ambassadeur Pr\u00fcgel\u00a0: pr\u00e9cisions de l\u2019Allemagne \u00a0\u00a0 - Kapitalis","og_description":"L\u2019ambassade d\u2019Allemagne tente d'att\u00e9nuer l\u2019impact n\u00e9gatif des d\u00e9clarations de l\u2019ambassadeur Pr\u00fcgel \u00e0 propos de la guerre \u00e0 Gaza sur les relations entre Tunis et Berlin.","og_url":"https:\/\/kapitalis.com\/tunisie\/2023\/10\/28\/declarations-choquantes-de-lambassadeur-prugel-precisions-de-lallemagne\/","og_site_name":"Kapitalis","article_publisher":"https:\/\/www.facebook.com\/KapitalisInfo\/","article_published_time":"2023-10-28T05:56:25+00:00","article_modified_time":"2023-10-28T06:07:00+00:00","og_image":[{"width":1200,"height":630,"url":"https:\/\/kapitalis.com\/tunisie\/wp-content\/uploads\/2023\/10\/Peter-Prugel-Mohamed-Ali-Boughdiiri.jpg","type":"image\/jpeg"}],"author":"webmaster kapitalis","twitter_card":"summary_large_image","twitter_creator":"@KapitalisInfo","twitter_site":"@KapitalisInfo","twitter_misc":{"\u00c9crit par":"webmaster kapitalis","Dur\u00e9e de lecture estim\u00e9e":"3 minutes"},"schema":{"@context":"https:\/\/schema.org","@graph":[{"@type":"Article","@id":"https:\/\/kapitalis.com\/tunisie\/2023\/10\/28\/declarations-choquantes-de-lambassadeur-prugel-precisions-de-lallemagne\/#article","isPartOf":{"@id":"https:\/\/kapitalis.com\/tunisie\/2023\/10\/28\/declarations-choquantes-de-lambassadeur-prugel-precisions-de-lallemagne\/"},"author":{"name":"webmaster kapitalis","@id":"https:\/\/kapitalis.com\/tunisie\/#\/schema\/person\/d71f33a9ca44f7bad4698210b480c8e9"},"headline":"D\u00e9clarations choquantes de l\u2019ambassadeur Pr\u00fcgel\u00a0: pr\u00e9cisions de l\u2019Allemagne \u00a0\u00a0","datePublished":"2023-10-28T05:56:25+00:00","dateModified":"2023-10-28T06:07:00+00:00","mainEntityOfPage":{"@id":"https:\/\/kapitalis.com\/tunisie\/2023\/10\/28\/declarations-choquantes-de-lambassadeur-prugel-precisions-de-lallemagne\/"},"wordCount":644,"commentCount":2,"publisher":{"@id":"https:\/\/kapitalis.com\/tunisie\/#organization"},"image":{"@id":"https:\/\/kapitalis.com\/tunisie\/2023\/10\/28\/declarations-choquantes-de-lambassadeur-prugel-precisions-de-lallemagne\/#primaryimage"},"thumbnailUrl":"https:\/\/kapitalis.com\/tunisie\/wp-content\/uploads\/2023\/10\/Peter-Prugel-Mohamed-Ali-Boughdiiri.jpg","keywords":["Allemagne","arabes","Hamas","Isra\u00ebl","juifs","Palestiniens","Peter Pr\u00fcgel","Tunisie"],"articleSection":["POLITIQUE","Tunisie"],"inLanguage":"fr-FR","potentialAction":[{"@type":"CommentAction","name":"Comment","target":["https:\/\/kapitalis.com\/tunisie\/2023\/10\/28\/declarations-choquantes-de-lambassadeur-prugel-precisions-de-lallemagne\/#respond"]}]},{"@type":"WebPage","@id":"https:\/\/kapitalis.com\/tunisie\/2023\/10\/28\/declarations-choquantes-de-lambassadeur-prugel-precisions-de-lallemagne\/","url":"https:\/\/kapitalis.com\/tunisie\/2023\/10\/28\/declarations-choquantes-de-lambassadeur-prugel-precisions-de-lallemagne\/","name":"D\u00e9clarations choquantes de l\u2019ambassadeur Pr\u00fcgel\u00a0: pr\u00e9cisions de l\u2019Allemagne \u00a0\u00a0 - Kapitalis","isPartOf":{"@id":"https:\/\/kapitalis.com\/tunisie\/#website"},"primaryImageOfPage":{"@id":"https:\/\/kapitalis.com\/tunisie\/2023\/10\/28\/declarations-choquantes-de-lambassadeur-prugel-precisions-de-lallemagne\/#primaryimage"},"image":{"@id":"https:\/\/kapitalis.com\/tunisie\/2023\/10\/28\/declarations-choquantes-de-lambassadeur-prugel-precisions-de-lallemagne\/#primaryimage"},"thumbnailUrl":"https:\/\/kapitalis.com\/tunisie\/wp-content\/uploads\/2023\/10\/Peter-Prugel-Mohamed-Ali-Boughdiiri.jpg","datePublished":"2023-10-28T05:56:25+00:00","dateModified":"2023-10-28T06:07:00+00:00","breadcrumb":{"@id":"https:\/\/kapitalis.com\/tunisie\/2023\/10\/28\/declarations-choquantes-de-lambassadeur-prugel-precisions-de-lallemagne\/#breadcrumb"},"inLanguage":"fr-FR","potentialAction":[{"@type":"ReadAction","target":["https:\/\/kapitalis.com\/tunisie\/2023\/10\/28\/declarations-choquantes-de-lambassadeur-prugel-precisions-de-lallemagne\/"]}]},{"@type":"ImageObject","inLanguage":"fr-FR","@id":"https:\/\/kapitalis.com\/tunisie\/2023\/10\/28\/declarations-choquantes-de-lambassadeur-prugel-precisions-de-lallemagne\/#primaryimage","url":"https:\/\/kapitalis.com\/tunisie\/wp-content\/uploads\/2023\/10\/Peter-Prugel-Mohamed-Ali-Boughdiiri.jpg","contentUrl":"https:\/\/kapitalis.com\/tunisie\/wp-content\/uploads\/2023\/10\/Peter-Prugel-Mohamed-Ali-Boughdiiri.jpg","width":1200,"height":630},{"@type":"BreadcrumbList","@id":"https:\/\/kapitalis.com\/tunisie\/2023\/10\/28\/declarations-choquantes-de-lambassadeur-prugel-precisions-de-lallemagne\/#breadcrumb","itemListElement":[{"@type":"ListItem","position":1,"name":"Accueil","item":"https:\/\/kapitalis.com\/tunisie\/"},{"@type":"ListItem","position":2,"name":"D\u00e9clarations choquantes de l\u2019ambassadeur Pr\u00fcgel\u00a0: pr\u00e9cisions de l\u2019Allemagne \u00a0\u00a0"}]},{"@type":"WebSite","@id":"https:\/\/kapitalis.com\/tunisie\/#website","url":"https:\/\/kapitalis.com\/tunisie\/","name":"Kapitalis","description":"L&#039;actualit\u00e9 en Tunisie et dans le monde","publisher":{"@id":"https:\/\/kapitalis.com\/tunisie\/#organization"},"potentialAction":[{"@type":"SearchAction","target":{"@type":"EntryPoint","urlTemplate":"https:\/\/kapitalis.com\/tunisie\/?s={search_term_string}"},"query-input":{"@type":"PropertyValueSpecification","valueRequired":true,"valueName":"search_term_string"}}],"inLanguage":"fr-FR"},{"@type":"Organization","@id":"https:\/\/kapitalis.com\/tunisie\/#organization","name":"Kapitalis","url":"https:\/\/kapitalis.com\/tunisie\/","logo":{"@type":"ImageObject","inLanguage":"fr-FR","@id":"https:\/\/kapitalis.com\/tunisie\/#\/schema\/logo\/image\/","url":"https:\/\/kapitalis.com\/tunisie\/wp-content\/uploads\/2022\/05\/Kapitalis-big-size.png","contentUrl":"https:\/\/kapitalis.com\/tunisie\/wp-content\/uploads\/2022\/05\/Kapitalis-big-size.png","width":5000,"height":1500,"caption":"Kapitalis"},"image":{"@id":"https:\/\/kapitalis.com\/tunisie\/#\/schema\/logo\/image\/"},"sameAs":["https:\/\/www.facebook.com\/KapitalisInfo\/","https:\/\/x.com\/KapitalisInfo","https:\/\/www.youtube.com\/channel\/UC-yDYrHyfFBWWZaOw3FPg9Q"]},{"@type":"Person","@id":"https:\/\/kapitalis.com\/tunisie\/#\/schema\/person\/d71f33a9ca44f7bad4698210b480c8e9","name":"webmaster kapitalis","url":"https:\/\/kapitalis.com\/tunisie\/author\/webmaster-kapitalis\/"}]}},"_links":{"self":[{"href":"https:\/\/kapitalis.com\/tunisie\/wp-json\/wp\/v2\/posts\/10293240","targetHints":{"allow":["GET"]}}],"collection":[{"href":"https:\/\/kapitalis.com\/tunisie\/wp-json\/wp\/v2\/posts"}],"about":[{"href":"https:\/\/kapitalis.com\/tunisie\/wp-json\/wp\/v2\/types\/post"}],"author":[{"embeddable":true,"href":"https:\/\/kapitalis.com\/tunisie\/wp-json\/wp\/v2\/users\/8"}],"replies":[{"embeddable":true,"href":"https:\/\/kapitalis.com\/tunisie\/wp-json\/wp\/v2\/comments?post=10293240"}],"version-history":[{"count":3,"href":"https:\/\/kapitalis.com\/tunisie\/wp-json\/wp\/v2\/posts\/10293240\/revisions"}],"predecessor-version":[{"id":10293451,"href":"https:\/\/kapitalis.com\/tunisie\/wp-json\/wp\/v2\/posts\/10293240\/revisions\/10293451"}],"wp:featuredmedia":[{"embeddable":true,"href":"https:\/\/kapitalis.com\/tunisie\/wp-json\/wp\/v2\/media\/10293337"}],"wp:attachment":[{"href":"https:\/\/kapitalis.com\/tunisie\/wp-json\/wp\/v2\/media?parent=10293240"}],"wp:term":[{"taxonomy":"category","embeddable":true,"href":"https:\/\/kapitalis.com\/tunisie\/wp-json\/wp\/v2\/categories?post=10293240"},{"taxonomy":"post_tag","embeddable":true,"href":"https:\/\/kapitalis.com\/tunisie\/wp-json\/wp\/v2\/tags?post=10293240"}],"curies":[{"name":"wp","href":"https:\/\/api.w.org\/{rel}","templated":true}]}}