{"id":10295183,"date":"2023-10-28T09:30:04","date_gmt":"2023-10-28T08:30:04","guid":{"rendered":"https:\/\/kapitalis.com\/tunisie\/?p=10295183"},"modified":"2023-10-28T09:30:05","modified_gmt":"2023-10-28T08:30:05","slug":"les-medias-europeens-devenus-des-outils-de-propagande-au-service-disrael","status":"publish","type":"post","link":"https:\/\/kapitalis.com\/tunisie\/2023\/10\/28\/les-medias-europeens-devenus-des-outils-de-propagande-au-service-disrael\/","title":{"rendered":"Les m\u00e9dias europ\u00e9ens devenus des outils de propagande au service d\u2019Isra\u00ebl \u00a0\u00a0"},"content":{"rendered":"\n<p><strong><em>Suite aux crimes perp\u00e9tr\u00e9s en Palestine occup\u00e9e,\u00a0la Haute autorit\u00e9 ind\u00e9pendante pour la communication audiovisuelle (<a href=\"https:\/\/haica.tn\/fr\/18298\/\" target=\"_blank\" rel=\"noreferrer noopener\">Haica-Tunisie<\/a>) appelle, dans le communiqu\u00e9 suivant publi\u00e9 vendredi 27 octobre 2023, \u00e0 lutter contre la d\u00e9sinformation et d\u00e9nonce le silence des instances europ\u00e9ennes de r\u00e9gulation de l\u2019audiovisuel<\/em><\/strong>.<\/p>\n\n\n\n<!--more-->\n\n\n\n<p>Depuis le 7 octobre 2023, la Haica ne cesse de suivre la guerre men\u00e9e par l\u2019entit\u00e9 sioniste contre le peuple palestinien. Ces actes criminels, dont les victimes se comptent par milliers, ont \u00e9t\u00e9 accompagn\u00e9s d\u2019une couverture m\u00e9diatique dans de nombreux m\u00e9dias europ\u00e9ens qui est all\u00e9e au-del\u00e0 de la d\u00e9sinformation et de la falsification des faits pour se transformer en outil de propagande incitant \u00e0 la haine et justifiant les assassinats syst\u00e9matiques par les forces d\u2019occupation, violant ainsi toutes les normes internationales et les r\u00e8gles professionnelles et d\u00e9ontologiques li\u00e9es \u00e0 l\u2019exercice de la profession de journaliste.\u00a0<\/p>\n\n\n\n<figure class=\"wp-block-embed is-type-wp-embed is-provider-kapitalis wp-block-embed-kapitalis\"><div class=\"wp-block-embed__wrapper\">\n<blockquote class=\"wp-embedded-content\" data-secret=\"FgXhXvOj5H\"><a href=\"https:\/\/kapitalis.com\/tunisie\/2023\/10\/23\/guerre-de-gaza-petits-et-gros-mensonges\/\">Guerre de Gaza : petits et gros mensonges<\/a><\/blockquote><iframe loading=\"lazy\" class=\"wp-embedded-content\" sandbox=\"allow-scripts\" security=\"restricted\" style=\"position: absolute; clip: rect(1px, 1px, 1px, 1px);\" title=\"\u00ab\u00a0Guerre de Gaza : petits et gros mensonges\u00a0\u00bb &#8212; Kapitalis\" src=\"https:\/\/kapitalis.com\/tunisie\/2023\/10\/23\/guerre-de-gaza-petits-et-gros-mensonges\/embed\/#?secret=TTC5PUQKuj#?secret=FgXhXvOj5H\" data-secret=\"FgXhXvOj5H\" width=\"600\" height=\"338\" frameborder=\"0\" marginwidth=\"0\" marginheight=\"0\" scrolling=\"no\"><\/iframe>\n<\/div><\/figure>\n\n\n\n<p>La Haica, tout en exprimant son refus de ces pratiques m\u00e9diatiques fond\u00e9es sur la propagande et la manipulation de l\u2019opinion publique internationale afin de d\u00e9tourner ce conflit palestino-isra\u00e9lien de sa r\u00e9alit\u00e9 et de son contexte historique et d\u2019en d\u00e9lib\u00e9rer en ignorant les r\u00e9solutions des Nations Unies et le droit international, tient \u00e0 souligner ce qui suit :<\/p>\n\n\n\n<ul class=\"wp-block-list\">\n<li>La Haica est profond\u00e9ment constern\u00e9e par la passivit\u00e9 des instances de r\u00e9gulation europ\u00e9ennes, en particulier l\u2019Autorit\u00e9 de r\u00e9gulation fran\u00e7aise (Arcom), \u00e0 l\u2019\u00e9gard des graves violations&nbsp;li\u00e9es aux r\u00e8gles et \u00e0 l\u2019\u00e9thique de la profession journalistique, qui reposent notamment sur les principes de l\u2019int\u00e9grit\u00e9 et la v\u00e9racit\u00e9 de l\u2019information et sur les valeurs de pluralisme et de diversit\u00e9 des opinions, qui sont des r\u00e8gles cit\u00e9es dans les lois fondamentales et les obligations conclues entre les instances &nbsp;de r\u00e9gulation europ\u00e9ennes et leurs m\u00e9dias audiovisuels affili\u00e9s. Lors de ces massacres, les principes susmentionn\u00e9s se sont transform\u00e9s en une rh\u00e9torique d\u00e9pourvue de ses valeurs, valeurs dont nous croyons encore \u00e0 la noblesse et \u00e0 la n\u00e9cessit\u00e9 de les sauvegarder dans notre qu\u00eate de justice et de v\u00e9rit\u00e9.<\/li>\n\n\n\n<li>La Haica appelle l\u2019Arcom, le R\u00e9seau francophone des r\u00e9gulateurs des m\u00e9dias (Refram) et les instances de r\u00e9gulation du monde entier \u00e0 ajuster leurs positions et \u00e0 intervenir pour limiter le d\u00e9rapage professionnel et \u00e9thique de nombreux m\u00e9dias audiovisuels en recourant aux r\u00e8gles de la profession et aux valeurs universelles des droits de l\u2019Homme.<\/li>\n\n\n\n<li>La Haica appelle la F\u00e9d\u00e9ration internationale des journalistes (FIJ) \u00e0 adopter une position de principe claire face aux vagues de d\u00e9sinformation et de blackout m\u00e9diatique auxquelles ont adh\u00e9r\u00e9 des m\u00e9dias id\u00e9ologis\u00e9s lan\u00e7ant des campagnes de diffamation contre toute opinion dissidente. Ces campagnes ont cibl\u00e9 des intellectuels, des politiciens, des sportifs et des artistes.<\/li>\n<\/ul>\n\n\n\n<p>Tout en saluant le r\u00f4le jou\u00e9 par les m\u00e9dias nationaux dans la couverture de l\u2019\u00e9volution de la situation dans les territoires palestiniens occup\u00e9s qui a permis de montrer et de d\u00e9noncer les crimes contre l\u2019humanit\u00e9 et le g\u00e9nocide perp\u00e9tr\u00e9 \u00e0 Gaza, la Haica les appelle \u00e0 faire preuve de professionnalisme pour assurer une information cr\u00e9dible qui respecte \u00a0l\u2019\u00e9thique journalistique afin de bannir tout discours de haine, d\u2019incitation \u00e0 la violence ou\u00a0qui touchent \u00e0 la libert\u00e9 de conscience, et faire attention \u00e0 ne pas commettre les m\u00eames erreurs dans lesquelles sont tomb\u00e9s beaucoup de m\u00e9dias occidentaux. <\/p>\n\n\n\n<p class=\"has-text-align-right\"><strong><em>Le conseil de la Haica.<\/em><\/strong><\/p>\n\n\n\n<figure class=\"wp-block-embed is-type-wp-embed is-provider-kapitalis wp-block-embed-kapitalis\"><div class=\"wp-block-embed__wrapper\">\n<blockquote class=\"wp-embedded-content\" data-secret=\"ZZRbAOY5y8\"><a href=\"https:\/\/kapitalis.com\/tunisie\/2023\/10\/23\/proche-orient-quand-larmee-disrael-dement-ses-propres-mensonges\/\">Proche-Orient : Quand l&rsquo;arm\u00e9e d&rsquo;Isra\u00ebl d\u00e9ment ses propres mensonges<\/a><\/blockquote><iframe loading=\"lazy\" class=\"wp-embedded-content\" sandbox=\"allow-scripts\" security=\"restricted\" style=\"position: absolute; clip: rect(1px, 1px, 1px, 1px);\" title=\"\u00ab\u00a0Proche-Orient : Quand l&rsquo;arm\u00e9e d&rsquo;Isra\u00ebl d\u00e9ment ses propres mensonges\u00a0\u00bb &#8212; Kapitalis\" src=\"https:\/\/kapitalis.com\/tunisie\/2023\/10\/23\/proche-orient-quand-larmee-disrael-dement-ses-propres-mensonges\/embed\/#?secret=9NyUTw1xgl#?secret=ZZRbAOY5y8\" data-secret=\"ZZRbAOY5y8\" width=\"600\" height=\"338\" frameborder=\"0\" marginwidth=\"0\" marginheight=\"0\" scrolling=\"no\"><\/iframe>\n<\/div><\/figure>\n","protected":false},"excerpt":{"rendered":"<p>Silence des instances europ\u00e9ennes de r\u00e9gulation de l\u2019audiovisuel face au silence complice des m\u00e9dias europ\u00e9ens sur les crimes isra\u00e9liens \u00e0 Gaza. <\/p>\n","protected":false},"author":8,"featured_media":10295314,"comment_status":"open","ping_status":"open","sticky":false,"template":"","format":"standard","meta":{"footnotes":""},"categories":[996,997,2433],"tags":[111811,14350,2444,1843,2478,111809,1988,111810,79035],"class_list":["post-10295183","post","type-post","status-publish","format-standard","has-post-thumbnail","hentry","category-media","category-politique","category-tunisie","tag-arcom","tag-desinformation","tag-gaza","tag-haica","tag-israel","tag-medias-europeens","tag-propagande","tag-refram","tag-regulation-audiovisuelle"],"yoast_head":"<!-- This site is optimized with the Yoast SEO plugin v26.6 - https:\/\/yoast.com\/wordpress\/plugins\/seo\/ -->\n<title>Les m\u00e9dias europ\u00e9ens devenus des outils de propagande au service d\u2019Isra\u00ebl \u00a0\u00a0 - Kapitalis<\/title>\n<meta name=\"robots\" content=\"index, follow, max-snippet:-1, max-image-preview:large, max-video-preview:-1\" \/>\n<link rel=\"canonical\" href=\"https:\/\/kapitalis.com\/tunisie\/2023\/10\/28\/les-medias-europeens-devenus-des-outils-de-propagande-au-service-disrael\/\" \/>\n<meta property=\"og:locale\" content=\"fr_FR\" \/>\n<meta property=\"og:type\" content=\"article\" \/>\n<meta property=\"og:title\" content=\"Les m\u00e9dias europ\u00e9ens devenus des outils de propagande au service d\u2019Isra\u00ebl \u00a0\u00a0 - Kapitalis\" \/>\n<meta property=\"og:description\" content=\"Silence des instances europ\u00e9ennes de r\u00e9gulation de l\u2019audiovisuel face au silence complice des m\u00e9dias europ\u00e9ens sur les crimes isra\u00e9liens \u00e0 Gaza.\" \/>\n<meta property=\"og:url\" content=\"https:\/\/kapitalis.com\/tunisie\/2023\/10\/28\/les-medias-europeens-devenus-des-outils-de-propagande-au-service-disrael\/\" \/>\n<meta property=\"og:site_name\" content=\"Kapitalis\" \/>\n<meta property=\"article:publisher\" content=\"https:\/\/www.facebook.com\/KapitalisInfo\/\" \/>\n<meta property=\"article:published_time\" content=\"2023-10-28T08:30:04+00:00\" \/>\n<meta property=\"article:modified_time\" content=\"2023-10-28T08:30:05+00:00\" \/>\n<meta property=\"og:image\" content=\"https:\/\/kapitalis.com\/tunisie\/wp-content\/uploads\/2023\/10\/Haica-Gaza.jpg\" \/>\n\t<meta property=\"og:image:width\" content=\"1200\" \/>\n\t<meta property=\"og:image:height\" content=\"630\" \/>\n\t<meta property=\"og:image:type\" content=\"image\/jpeg\" \/>\n<meta name=\"author\" content=\"webmaster kapitalis\" \/>\n<meta name=\"twitter:card\" content=\"summary_large_image\" \/>\n<meta name=\"twitter:creator\" content=\"@KapitalisInfo\" \/>\n<meta name=\"twitter:site\" content=\"@KapitalisInfo\" \/>\n<meta name=\"twitter:label1\" content=\"\u00c9crit par\" \/>\n\t<meta name=\"twitter:data1\" content=\"webmaster kapitalis\" \/>\n\t<meta name=\"twitter:label2\" content=\"Dur\u00e9e de lecture estim\u00e9e\" \/>\n\t<meta name=\"twitter:data2\" content=\"3 minutes\" \/>\n<script type=\"application\/ld+json\" class=\"yoast-schema-graph\">{\"@context\":\"https:\/\/schema.org\",\"@graph\":[{\"@type\":\"Article\",\"@id\":\"https:\/\/kapitalis.com\/tunisie\/2023\/10\/28\/les-medias-europeens-devenus-des-outils-de-propagande-au-service-disrael\/#article\",\"isPartOf\":{\"@id\":\"https:\/\/kapitalis.com\/tunisie\/2023\/10\/28\/les-medias-europeens-devenus-des-outils-de-propagande-au-service-disrael\/\"},\"author\":{\"name\":\"webmaster kapitalis\",\"@id\":\"https:\/\/kapitalis.com\/tunisie\/#\/schema\/person\/d71f33a9ca44f7bad4698210b480c8e9\"},\"headline\":\"Les m\u00e9dias europ\u00e9ens devenus des outils de propagande au service d\u2019Isra\u00ebl \u00a0\u00a0\",\"datePublished\":\"2023-10-28T08:30:04+00:00\",\"dateModified\":\"2023-10-28T08:30:05+00:00\",\"mainEntityOfPage\":{\"@id\":\"https:\/\/kapitalis.com\/tunisie\/2023\/10\/28\/les-medias-europeens-devenus-des-outils-de-propagande-au-service-disrael\/\"},\"wordCount\":624,\"commentCount\":2,\"publisher\":{\"@id\":\"https:\/\/kapitalis.com\/tunisie\/#organization\"},\"image\":{\"@id\":\"https:\/\/kapitalis.com\/tunisie\/2023\/10\/28\/les-medias-europeens-devenus-des-outils-de-propagande-au-service-disrael\/#primaryimage\"},\"thumbnailUrl\":\"https:\/\/kapitalis.com\/tunisie\/wp-content\/uploads\/2023\/10\/Haica-Gaza.jpg\",\"keywords\":[\"Arcom\",\"d\u00e9sinformation\",\"Gaza\",\"Haica\",\"Isra\u00ebl\",\"m\u00e9dias europ\u00e9ens\",\"propagande\",\"Refram\",\"r\u00e9gulation audiovisuelle\"],\"articleSection\":[\"MEDIA\",\"POLITIQUE\",\"Tunisie\"],\"inLanguage\":\"fr-FR\",\"potentialAction\":[{\"@type\":\"CommentAction\",\"name\":\"Comment\",\"target\":[\"https:\/\/kapitalis.com\/tunisie\/2023\/10\/28\/les-medias-europeens-devenus-des-outils-de-propagande-au-service-disrael\/#respond\"]}]},{\"@type\":\"WebPage\",\"@id\":\"https:\/\/kapitalis.com\/tunisie\/2023\/10\/28\/les-medias-europeens-devenus-des-outils-de-propagande-au-service-disrael\/\",\"url\":\"https:\/\/kapitalis.com\/tunisie\/2023\/10\/28\/les-medias-europeens-devenus-des-outils-de-propagande-au-service-disrael\/\",\"name\":\"Les m\u00e9dias europ\u00e9ens devenus des outils de propagande au service d\u2019Isra\u00ebl \u00a0\u00a0 - Kapitalis\",\"isPartOf\":{\"@id\":\"https:\/\/kapitalis.com\/tunisie\/#website\"},\"primaryImageOfPage\":{\"@id\":\"https:\/\/kapitalis.com\/tunisie\/2023\/10\/28\/les-medias-europeens-devenus-des-outils-de-propagande-au-service-disrael\/#primaryimage\"},\"image\":{\"@id\":\"https:\/\/kapitalis.com\/tunisie\/2023\/10\/28\/les-medias-europeens-devenus-des-outils-de-propagande-au-service-disrael\/#primaryimage\"},\"thumbnailUrl\":\"https:\/\/kapitalis.com\/tunisie\/wp-content\/uploads\/2023\/10\/Haica-Gaza.jpg\",\"datePublished\":\"2023-10-28T08:30:04+00:00\",\"dateModified\":\"2023-10-28T08:30:05+00:00\",\"breadcrumb\":{\"@id\":\"https:\/\/kapitalis.com\/tunisie\/2023\/10\/28\/les-medias-europeens-devenus-des-outils-de-propagande-au-service-disrael\/#breadcrumb\"},\"inLanguage\":\"fr-FR\",\"potentialAction\":[{\"@type\":\"ReadAction\",\"target\":[\"https:\/\/kapitalis.com\/tunisie\/2023\/10\/28\/les-medias-europeens-devenus-des-outils-de-propagande-au-service-disrael\/\"]}]},{\"@type\":\"ImageObject\",\"inLanguage\":\"fr-FR\",\"@id\":\"https:\/\/kapitalis.com\/tunisie\/2023\/10\/28\/les-medias-europeens-devenus-des-outils-de-propagande-au-service-disrael\/#primaryimage\",\"url\":\"https:\/\/kapitalis.com\/tunisie\/wp-content\/uploads\/2023\/10\/Haica-Gaza.jpg\",\"contentUrl\":\"https:\/\/kapitalis.com\/tunisie\/wp-content\/uploads\/2023\/10\/Haica-Gaza.jpg\",\"width\":1200,\"height\":630},{\"@type\":\"BreadcrumbList\",\"@id\":\"https:\/\/kapitalis.com\/tunisie\/2023\/10\/28\/les-medias-europeens-devenus-des-outils-de-propagande-au-service-disrael\/#breadcrumb\",\"itemListElement\":[{\"@type\":\"ListItem\",\"position\":1,\"name\":\"Accueil\",\"item\":\"https:\/\/kapitalis.com\/tunisie\/\"},{\"@type\":\"ListItem\",\"position\":2,\"name\":\"Les m\u00e9dias europ\u00e9ens devenus des outils de propagande au service d\u2019Isra\u00ebl \u00a0\u00a0\"}]},{\"@type\":\"WebSite\",\"@id\":\"https:\/\/kapitalis.com\/tunisie\/#website\",\"url\":\"https:\/\/kapitalis.com\/tunisie\/\",\"name\":\"Kapitalis\",\"description\":\"L&#039;actualit\u00e9 en Tunisie et dans le monde\",\"publisher\":{\"@id\":\"https:\/\/kapitalis.com\/tunisie\/#organization\"},\"potentialAction\":[{\"@type\":\"SearchAction\",\"target\":{\"@type\":\"EntryPoint\",\"urlTemplate\":\"https:\/\/kapitalis.com\/tunisie\/?s={search_term_string}\"},\"query-input\":{\"@type\":\"PropertyValueSpecification\",\"valueRequired\":true,\"valueName\":\"search_term_string\"}}],\"inLanguage\":\"fr-FR\"},{\"@type\":\"Organization\",\"@id\":\"https:\/\/kapitalis.com\/tunisie\/#organization\",\"name\":\"Kapitalis\",\"url\":\"https:\/\/kapitalis.com\/tunisie\/\",\"logo\":{\"@type\":\"ImageObject\",\"inLanguage\":\"fr-FR\",\"@id\":\"https:\/\/kapitalis.com\/tunisie\/#\/schema\/logo\/image\/\",\"url\":\"https:\/\/kapitalis.com\/tunisie\/wp-content\/uploads\/2022\/05\/Kapitalis-big-size.png\",\"contentUrl\":\"https:\/\/kapitalis.com\/tunisie\/wp-content\/uploads\/2022\/05\/Kapitalis-big-size.png\",\"width\":5000,\"height\":1500,\"caption\":\"Kapitalis\"},\"image\":{\"@id\":\"https:\/\/kapitalis.com\/tunisie\/#\/schema\/logo\/image\/\"},\"sameAs\":[\"https:\/\/www.facebook.com\/KapitalisInfo\/\",\"https:\/\/x.com\/KapitalisInfo\",\"https:\/\/www.youtube.com\/channel\/UC-yDYrHyfFBWWZaOw3FPg9Q\"]},{\"@type\":\"Person\",\"@id\":\"https:\/\/kapitalis.com\/tunisie\/#\/schema\/person\/d71f33a9ca44f7bad4698210b480c8e9\",\"name\":\"webmaster kapitalis\",\"url\":\"https:\/\/kapitalis.com\/tunisie\/author\/webmaster-kapitalis\/\"}]}<\/script>\n<!-- \/ Yoast SEO plugin. -->","yoast_head_json":{"title":"Les m\u00e9dias europ\u00e9ens devenus des outils de propagande au service d\u2019Isra\u00ebl \u00a0\u00a0 - Kapitalis","robots":{"index":"index","follow":"follow","max-snippet":"max-snippet:-1","max-image-preview":"max-image-preview:large","max-video-preview":"max-video-preview:-1"},"canonical":"https:\/\/kapitalis.com\/tunisie\/2023\/10\/28\/les-medias-europeens-devenus-des-outils-de-propagande-au-service-disrael\/","og_locale":"fr_FR","og_type":"article","og_title":"Les m\u00e9dias europ\u00e9ens devenus des outils de propagande au service d\u2019Isra\u00ebl \u00a0\u00a0 - Kapitalis","og_description":"Silence des instances europ\u00e9ennes de r\u00e9gulation de l\u2019audiovisuel face au silence complice des m\u00e9dias europ\u00e9ens sur les crimes isra\u00e9liens \u00e0 Gaza.","og_url":"https:\/\/kapitalis.com\/tunisie\/2023\/10\/28\/les-medias-europeens-devenus-des-outils-de-propagande-au-service-disrael\/","og_site_name":"Kapitalis","article_publisher":"https:\/\/www.facebook.com\/KapitalisInfo\/","article_published_time":"2023-10-28T08:30:04+00:00","article_modified_time":"2023-10-28T08:30:05+00:00","og_image":[{"width":1200,"height":630,"url":"https:\/\/kapitalis.com\/tunisie\/wp-content\/uploads\/2023\/10\/Haica-Gaza.jpg","type":"image\/jpeg"}],"author":"webmaster kapitalis","twitter_card":"summary_large_image","twitter_creator":"@KapitalisInfo","twitter_site":"@KapitalisInfo","twitter_misc":{"\u00c9crit par":"webmaster kapitalis","Dur\u00e9e de lecture estim\u00e9e":"3 minutes"},"schema":{"@context":"https:\/\/schema.org","@graph":[{"@type":"Article","@id":"https:\/\/kapitalis.com\/tunisie\/2023\/10\/28\/les-medias-europeens-devenus-des-outils-de-propagande-au-service-disrael\/#article","isPartOf":{"@id":"https:\/\/kapitalis.com\/tunisie\/2023\/10\/28\/les-medias-europeens-devenus-des-outils-de-propagande-au-service-disrael\/"},"author":{"name":"webmaster kapitalis","@id":"https:\/\/kapitalis.com\/tunisie\/#\/schema\/person\/d71f33a9ca44f7bad4698210b480c8e9"},"headline":"Les m\u00e9dias europ\u00e9ens devenus des outils de propagande au service d\u2019Isra\u00ebl \u00a0\u00a0","datePublished":"2023-10-28T08:30:04+00:00","dateModified":"2023-10-28T08:30:05+00:00","mainEntityOfPage":{"@id":"https:\/\/kapitalis.com\/tunisie\/2023\/10\/28\/les-medias-europeens-devenus-des-outils-de-propagande-au-service-disrael\/"},"wordCount":624,"commentCount":2,"publisher":{"@id":"https:\/\/kapitalis.com\/tunisie\/#organization"},"image":{"@id":"https:\/\/kapitalis.com\/tunisie\/2023\/10\/28\/les-medias-europeens-devenus-des-outils-de-propagande-au-service-disrael\/#primaryimage"},"thumbnailUrl":"https:\/\/kapitalis.com\/tunisie\/wp-content\/uploads\/2023\/10\/Haica-Gaza.jpg","keywords":["Arcom","d\u00e9sinformation","Gaza","Haica","Isra\u00ebl","m\u00e9dias europ\u00e9ens","propagande","Refram","r\u00e9gulation audiovisuelle"],"articleSection":["MEDIA","POLITIQUE","Tunisie"],"inLanguage":"fr-FR","potentialAction":[{"@type":"CommentAction","name":"Comment","target":["https:\/\/kapitalis.com\/tunisie\/2023\/10\/28\/les-medias-europeens-devenus-des-outils-de-propagande-au-service-disrael\/#respond"]}]},{"@type":"WebPage","@id":"https:\/\/kapitalis.com\/tunisie\/2023\/10\/28\/les-medias-europeens-devenus-des-outils-de-propagande-au-service-disrael\/","url":"https:\/\/kapitalis.com\/tunisie\/2023\/10\/28\/les-medias-europeens-devenus-des-outils-de-propagande-au-service-disrael\/","name":"Les m\u00e9dias europ\u00e9ens devenus des outils de propagande au service d\u2019Isra\u00ebl \u00a0\u00a0 - Kapitalis","isPartOf":{"@id":"https:\/\/kapitalis.com\/tunisie\/#website"},"primaryImageOfPage":{"@id":"https:\/\/kapitalis.com\/tunisie\/2023\/10\/28\/les-medias-europeens-devenus-des-outils-de-propagande-au-service-disrael\/#primaryimage"},"image":{"@id":"https:\/\/kapitalis.com\/tunisie\/2023\/10\/28\/les-medias-europeens-devenus-des-outils-de-propagande-au-service-disrael\/#primaryimage"},"thumbnailUrl":"https:\/\/kapitalis.com\/tunisie\/wp-content\/uploads\/2023\/10\/Haica-Gaza.jpg","datePublished":"2023-10-28T08:30:04+00:00","dateModified":"2023-10-28T08:30:05+00:00","breadcrumb":{"@id":"https:\/\/kapitalis.com\/tunisie\/2023\/10\/28\/les-medias-europeens-devenus-des-outils-de-propagande-au-service-disrael\/#breadcrumb"},"inLanguage":"fr-FR","potentialAction":[{"@type":"ReadAction","target":["https:\/\/kapitalis.com\/tunisie\/2023\/10\/28\/les-medias-europeens-devenus-des-outils-de-propagande-au-service-disrael\/"]}]},{"@type":"ImageObject","inLanguage":"fr-FR","@id":"https:\/\/kapitalis.com\/tunisie\/2023\/10\/28\/les-medias-europeens-devenus-des-outils-de-propagande-au-service-disrael\/#primaryimage","url":"https:\/\/kapitalis.com\/tunisie\/wp-content\/uploads\/2023\/10\/Haica-Gaza.jpg","contentUrl":"https:\/\/kapitalis.com\/tunisie\/wp-content\/uploads\/2023\/10\/Haica-Gaza.jpg","width":1200,"height":630},{"@type":"BreadcrumbList","@id":"https:\/\/kapitalis.com\/tunisie\/2023\/10\/28\/les-medias-europeens-devenus-des-outils-de-propagande-au-service-disrael\/#breadcrumb","itemListElement":[{"@type":"ListItem","position":1,"name":"Accueil","item":"https:\/\/kapitalis.com\/tunisie\/"},{"@type":"ListItem","position":2,"name":"Les m\u00e9dias europ\u00e9ens devenus des outils de propagande au service d\u2019Isra\u00ebl \u00a0\u00a0"}]},{"@type":"WebSite","@id":"https:\/\/kapitalis.com\/tunisie\/#website","url":"https:\/\/kapitalis.com\/tunisie\/","name":"Kapitalis","description":"L&#039;actualit\u00e9 en Tunisie et dans le monde","publisher":{"@id":"https:\/\/kapitalis.com\/tunisie\/#organization"},"potentialAction":[{"@type":"SearchAction","target":{"@type":"EntryPoint","urlTemplate":"https:\/\/kapitalis.com\/tunisie\/?s={search_term_string}"},"query-input":{"@type":"PropertyValueSpecification","valueRequired":true,"valueName":"search_term_string"}}],"inLanguage":"fr-FR"},{"@type":"Organization","@id":"https:\/\/kapitalis.com\/tunisie\/#organization","name":"Kapitalis","url":"https:\/\/kapitalis.com\/tunisie\/","logo":{"@type":"ImageObject","inLanguage":"fr-FR","@id":"https:\/\/kapitalis.com\/tunisie\/#\/schema\/logo\/image\/","url":"https:\/\/kapitalis.com\/tunisie\/wp-content\/uploads\/2022\/05\/Kapitalis-big-size.png","contentUrl":"https:\/\/kapitalis.com\/tunisie\/wp-content\/uploads\/2022\/05\/Kapitalis-big-size.png","width":5000,"height":1500,"caption":"Kapitalis"},"image":{"@id":"https:\/\/kapitalis.com\/tunisie\/#\/schema\/logo\/image\/"},"sameAs":["https:\/\/www.facebook.com\/KapitalisInfo\/","https:\/\/x.com\/KapitalisInfo","https:\/\/www.youtube.com\/channel\/UC-yDYrHyfFBWWZaOw3FPg9Q"]},{"@type":"Person","@id":"https:\/\/kapitalis.com\/tunisie\/#\/schema\/person\/d71f33a9ca44f7bad4698210b480c8e9","name":"webmaster kapitalis","url":"https:\/\/kapitalis.com\/tunisie\/author\/webmaster-kapitalis\/"}]}},"_links":{"self":[{"href":"https:\/\/kapitalis.com\/tunisie\/wp-json\/wp\/v2\/posts\/10295183","targetHints":{"allow":["GET"]}}],"collection":[{"href":"https:\/\/kapitalis.com\/tunisie\/wp-json\/wp\/v2\/posts"}],"about":[{"href":"https:\/\/kapitalis.com\/tunisie\/wp-json\/wp\/v2\/types\/post"}],"author":[{"embeddable":true,"href":"https:\/\/kapitalis.com\/tunisie\/wp-json\/wp\/v2\/users\/8"}],"replies":[{"embeddable":true,"href":"https:\/\/kapitalis.com\/tunisie\/wp-json\/wp\/v2\/comments?post=10295183"}],"version-history":[{"count":1,"href":"https:\/\/kapitalis.com\/tunisie\/wp-json\/wp\/v2\/posts\/10295183\/revisions"}],"predecessor-version":[{"id":10295322,"href":"https:\/\/kapitalis.com\/tunisie\/wp-json\/wp\/v2\/posts\/10295183\/revisions\/10295322"}],"wp:featuredmedia":[{"embeddable":true,"href":"https:\/\/kapitalis.com\/tunisie\/wp-json\/wp\/v2\/media\/10295314"}],"wp:attachment":[{"href":"https:\/\/kapitalis.com\/tunisie\/wp-json\/wp\/v2\/media?parent=10295183"}],"wp:term":[{"taxonomy":"category","embeddable":true,"href":"https:\/\/kapitalis.com\/tunisie\/wp-json\/wp\/v2\/categories?post=10295183"},{"taxonomy":"post_tag","embeddable":true,"href":"https:\/\/kapitalis.com\/tunisie\/wp-json\/wp\/v2\/tags?post=10295183"}],"curies":[{"name":"wp","href":"https:\/\/api.w.org\/{rel}","templated":true}]}}