{"id":10306024,"date":"2023-10-29T07:05:35","date_gmt":"2023-10-29T06:05:35","guid":{"rendered":"https:\/\/kapitalis.com\/tunisie\/?p=10306024"},"modified":"2023-10-29T07:05:36","modified_gmt":"2023-10-29T06:05:36","slug":"le-poeme-du-dimanche-a-monsieur-mhamed-marzouki-ecrivain-de-samir-marzouki","status":"publish","type":"post","link":"https:\/\/kapitalis.com\/tunisie\/2023\/10\/29\/le-poeme-du-dimanche-a-monsieur-mhamed-marzouki-ecrivain-de-samir-marzouki\/","title":{"rendered":"Le po\u00e8me du dimanche\u00a0: \u2018\u2018A Monsieur Mhamed Marzouki, \u00e9crivain\u2019\u2019 de Samir Marzouki"},"content":{"rendered":"\n<p><strong><em>N\u00e9 en 1951 \u00e0 Tunis, Samir Marzouki, est professeur des universit\u00e9s, sp\u00e9cialiste d\u2019Apollinaire, po\u00e8te, narrateur, essayiste, auteur pour jeunesse et producteur \u00e0 la Radio de Tunis.<\/em><\/strong><\/p>\n\n\n\n<!--more-->\n\n\n\n<p>Il a occup\u00e9 de hautes fonctions administratives, \u00e0 l\u2019\u00e9chelle nationale et internationale. Et publi\u00e9 une quinzaine d\u2019ouvrages dans les domaines de la litt\u00e9rature, l\u2019enseignement et la p\u00e9dagogie, ainsi que deux recueils de po\u00e9sie&nbsp;: <em>\u2018\u2018Braderie\u2019\u2019<\/em>, MTE, 1991; <em>\u2018\u2018Je ne suis pas mort\u2019\u2019<\/em>, C\u00e9r\u00e8s, 1996.<\/p>\n\n\n\n<p class=\"has-text-align-right\"><strong>Tahar Bekri<\/strong><\/p>\n\n\n\n<p><em>(Faire suivre svp)<\/em><\/p>\n\n\n\n<p><em>Bonjour mon p\u00e8re<\/em><\/p>\n\n\n\n<p><em>Tu n\u2019es pas mort<\/em><\/p>\n\n\n\n<p><em>Tu vis encore dans mes enfants<\/em><\/p>\n\n\n\n<p><em>Ils ont tes mains et tes col\u00e8res<\/em><\/p>\n\n\n\n<p><em>Tes attendrissements d\u2019enfant<\/em><\/p>\n\n\n\n<p><em>L\u00e0-haut mon p\u00e8re es-tu tranquille<\/em><\/p>\n\n\n\n<p><em>As-tu suffisamment de livres<\/em><\/p>\n\n\n\n<p><em>Y a-t-il l\u00e0-haut de grands raseurs<\/em><\/p>\n\n\n\n<p><em>Y a-t-il des emp\u00eacheurs de vivre<\/em><\/p>\n\n\n\n<p><em>Y a-t-il de savants ignorants<\/em><\/p>\n\n\n\n<p><em>Et des docteurs qui n\u2019ont rien lu<\/em><\/p>\n\n\n\n<p><em>Deux trois id\u00e9es suffisent-elles<\/em><\/p>\n\n\n\n<p><em>Pour se proclamer philosophe<\/em><\/p>\n\n\n\n<p><em>Et m\u00eale-t-on les d\u00e9tritus<\/em><\/p>\n\n\n\n<p><em>Aux soies de la plus belle \u00e9toffe<\/em><\/p>\n\n\n\n<p><em>As-tu souvent de nos nouvelles<\/em><\/p>\n\n\n\n<p><em>Sais-tu tous les soucis que j&amp;#39;ai<\/em><\/p>\n\n\n\n<p><em>Perds-tu encore le sommeil<\/em><\/p>\n\n\n\n<p><em>Quand quelqu\u2019un t\u2019a fait enrager<\/em><\/p>\n\n\n\n<p><em>Et qu\u2019\u00e9cris-tu mon p\u00e8re au Ciel<\/em><\/p>\n\n\n\n<p><em>Sont-ce po\u00e8mes ou r\u00e9cits<\/em><\/p>\n\n\n\n<p><em>Poursuis-tu donc l\u2019ardente \u00e9tude<\/em><\/p>\n\n\n\n<p><em>O\u00f9 t\u2019a surpris l\u2019affreux coma<\/em><\/p>\n\n\n\n<p><em>Es-tu \u00e9crivain populaire<\/em><\/p>\n\n\n\n<p><em>Comme sur terre tu l\u2019\u00e9tais<\/em><\/p>\n\n\n\n<p><em>Bonjour mon p\u00e8re \u00e9coute-moi<\/em><\/p>\n\n\n\n<p><em>Ici tu sais tout a chang\u00e9<\/em><\/p>\n\n\n\n<p><em>Le monstre \u00e9tend ses tentacules<\/em><\/p>\n\n\n\n<p><em>Et rampe en su\u00e7ant nos cerveaux<\/em><\/p>\n\n\n\n<p><em>H\u00e9las il ne s\u2019arr\u00eatera<\/em><\/p>\n\n\n\n<p><em>Que quand les hommes seront veaux<\/em><\/p>\n\n\n\n<p><em>Dis-moi comment explique-moi<\/em><\/p>\n\n\n\n<p><em>Comment faire pour retrouver<\/em><\/p>\n\n\n\n<p><em>Ce beau pays ce grand pays<\/em><\/p>\n\n\n\n<p><em>O\u00f9 tu v\u00e9cus que tu as fait<\/em><\/p>\n\n\n\n<p><em>Avec les hommes qui l\u2019aimaient<\/em><\/p>\n\n\n\n<p><em>Les sadikiens les zitouniens<\/em><\/p>\n\n\n\n<p><em>Les destouriens les communistes<\/em><\/p>\n\n\n\n<p><em>Les religieux les agnostiques<\/em><\/p>\n\n\n\n<p><em>Avec ceux qui ne savaient rien<\/em><\/p>\n\n\n\n<p><em>Avec tous ceux qui savaient peu<\/em><\/p>\n\n\n\n<p><em>Les ouvriers les commer\u00e7ants<\/em><\/p>\n\n\n\n<p><em>Les m\u00e9decins les artisans<\/em><\/p>\n\n\n\n<p><em>Les ing\u00e9nieurs les paysans<\/em><\/p>\n\n\n\n<p><em>Lorsque ce peuple \u00e9tait uni<\/em><\/p>\n\n\n\n<p><em>Qu\u2019il regardait vers l\u2019horizon<\/em><\/p>\n\n\n\n<p><em>A tous ceux-l\u00e0 dis-leur mon p\u00e8re<\/em><\/p>\n\n\n\n<p><em>Qu\u2019ils nous envoient quelque courage<\/em><\/p>\n\n\n\n<p><em>Avec beaucoup d\u2019abn\u00e9gation<\/em><\/p>\n\n\n\n<p><em>Et qu\u2019ils mettent dans le colis<\/em><\/p>\n\n\n\n<p><em>De quoi tenir pendant l\u2019orage<\/em><\/p>\n\n\n\n<p><em>L\u2019amour profond pour ce pays<\/em><\/p>\n\n\n\n<p><em>De la raison de la vertu<\/em><\/p>\n\n\n\n<p><em>Avec quelques paroles sages<\/em><\/p>\n\n\n\n<p><em>Adieu mon p\u00e8re adieu mon p\u00e8re<\/em><\/p>\n\n\n\n<p><em>Pardon pour le d\u00e9rangement<\/em><\/p>\n\n\n\n<p><em>Et fasse Dieu que quelque part<\/em><\/p>\n\n\n\n<p><em>Notre famille se rassemble<\/em><\/p>\n\n\n\n<p><em>Pour le moment tu vis encore<\/em><\/p>\n\n\n\n<p><em>Dans mes enfants qui te ressemblent<\/em><\/p>\n\n\n\n<p><strong><em>\u2018\u2018Je ne suis pas mort\u2019\u2019, C\u00e9r\u00e8s \u00e9ditions, Tunis, 1996.<\/em><\/strong><\/p>\n\n\n\n<p class=\"has-text-align-right\"><em>(Remerciements \u00e0 l\u2019auteur)<\/em><\/p>\n\n\n\n<figure class=\"wp-block-embed is-type-wp-embed is-provider-kapitalis wp-block-embed-kapitalis\"><div class=\"wp-block-embed__wrapper\">\n<blockquote class=\"wp-embedded-content\" data-secret=\"fgEmRcHiB7\"><a href=\"https:\/\/kapitalis.com\/tunisie\/2023\/10\/15\/le-poeme-du-dimanche-lautre-sindbad-de-mohamed-aziza\/\">Le po\u00e8me du dimanche\u00a0: \u2018\u2018L\u2019Autre Sindbad\u2019\u2019 de Mohamed Aziza<\/a><\/blockquote><iframe loading=\"lazy\" class=\"wp-embedded-content\" sandbox=\"allow-scripts\" security=\"restricted\" style=\"position: absolute; clip: rect(1px, 1px, 1px, 1px);\" title=\"\u00ab\u00a0Le po\u00e8me du dimanche\u00a0: \u2018\u2018L\u2019Autre Sindbad\u2019\u2019 de Mohamed Aziza\u00a0\u00bb &#8212; Kapitalis\" src=\"https:\/\/kapitalis.com\/tunisie\/2023\/10\/15\/le-poeme-du-dimanche-lautre-sindbad-de-mohamed-aziza\/embed\/#?secret=B3k25jPp2T#?secret=fgEmRcHiB7\" data-secret=\"fgEmRcHiB7\" width=\"600\" height=\"338\" frameborder=\"0\" marginwidth=\"0\" marginheight=\"0\" scrolling=\"no\"><\/iframe>\n<\/div><\/figure>\n\n\n\n<figure class=\"wp-block-embed is-type-wp-embed is-provider-kapitalis wp-block-embed-kapitalis\"><div class=\"wp-block-embed__wrapper\">\n<blockquote class=\"wp-embedded-content\" data-secret=\"qstDMfy0zZ\"><a href=\"https:\/\/kapitalis.com\/tunisie\/2023\/10\/08\/le-poeme-du-dimanche-la-muse-aigrie-de-abdelaziz-kacem\/\">Le po\u00e8me du dimanche\u00a0: \u2018\u2018La muse aigrie\u2019\u2019 de Abdelaziz Kacem<\/a><\/blockquote><iframe loading=\"lazy\" class=\"wp-embedded-content\" sandbox=\"allow-scripts\" security=\"restricted\" style=\"position: absolute; clip: rect(1px, 1px, 1px, 1px);\" title=\"\u00ab\u00a0Le po\u00e8me du dimanche\u00a0: \u2018\u2018La muse aigrie\u2019\u2019 de Abdelaziz Kacem\u00a0\u00bb &#8212; Kapitalis\" src=\"https:\/\/kapitalis.com\/tunisie\/2023\/10\/08\/le-poeme-du-dimanche-la-muse-aigrie-de-abdelaziz-kacem\/embed\/#?secret=9dakPXsRVu#?secret=qstDMfy0zZ\" data-secret=\"qstDMfy0zZ\" width=\"600\" height=\"338\" frameborder=\"0\" marginwidth=\"0\" marginheight=\"0\" scrolling=\"no\"><\/iframe>\n<\/div><\/figure>\n","protected":false},"excerpt":{"rendered":"<p>Po\u00e8me de Samir Marzouki en hommage \u00e0 son p\u00e8re Mhamed Marzouki, \u00e9crivain sp\u00e9cialiste de litt\u00e9rature populaire.<\/p>\n","protected":false},"author":8,"featured_media":10306073,"comment_status":"open","ping_status":"open","sticky":false,"template":"","format":"standard","meta":{"footnotes":""},"categories":[992,994],"tags":[111869,111109,21267],"class_list":["post-10306024","post","type-post","status-publish","format-standard","has-post-thumbnail","hentry","category-a-la-une","category-culture","tag-mhamed-marzouki","tag-samir-marzouki","tag-tahar-bekri"],"yoast_head":"<!-- This site is optimized with the Yoast SEO plugin v26.6 - https:\/\/yoast.com\/wordpress\/plugins\/seo\/ -->\n<title>Le po\u00e8me du dimanche\u00a0: \u2018\u2018A Monsieur Mhamed Marzouki, \u00e9crivain\u2019\u2019 de Samir Marzouki - Kapitalis<\/title>\n<meta name=\"robots\" content=\"index, follow, max-snippet:-1, max-image-preview:large, max-video-preview:-1\" \/>\n<link rel=\"canonical\" href=\"https:\/\/kapitalis.com\/tunisie\/2023\/10\/29\/le-poeme-du-dimanche-a-monsieur-mhamed-marzouki-ecrivain-de-samir-marzouki\/\" \/>\n<meta property=\"og:locale\" content=\"fr_FR\" \/>\n<meta property=\"og:type\" content=\"article\" \/>\n<meta property=\"og:title\" content=\"Le po\u00e8me du dimanche\u00a0: \u2018\u2018A Monsieur Mhamed Marzouki, \u00e9crivain\u2019\u2019 de Samir Marzouki - Kapitalis\" \/>\n<meta property=\"og:description\" content=\"Po\u00e8me de Samir Marzouki en hommage \u00e0 son p\u00e8re Mhamed Marzouki, \u00e9crivain sp\u00e9cialiste de litt\u00e9rature populaire.\" \/>\n<meta property=\"og:url\" content=\"https:\/\/kapitalis.com\/tunisie\/2023\/10\/29\/le-poeme-du-dimanche-a-monsieur-mhamed-marzouki-ecrivain-de-samir-marzouki\/\" \/>\n<meta property=\"og:site_name\" content=\"Kapitalis\" \/>\n<meta property=\"article:publisher\" content=\"https:\/\/www.facebook.com\/KapitalisInfo\/\" \/>\n<meta property=\"article:published_time\" content=\"2023-10-29T06:05:35+00:00\" \/>\n<meta property=\"article:modified_time\" content=\"2023-10-29T06:05:36+00:00\" \/>\n<meta property=\"og:image\" content=\"https:\/\/kapitalis.com\/tunisie\/wp-content\/uploads\/2023\/10\/Samir-Marzouki.jpg\" \/>\n\t<meta property=\"og:image:width\" content=\"1200\" \/>\n\t<meta property=\"og:image:height\" content=\"630\" \/>\n\t<meta property=\"og:image:type\" content=\"image\/jpeg\" \/>\n<meta name=\"author\" content=\"webmaster kapitalis\" \/>\n<meta name=\"twitter:card\" content=\"summary_large_image\" \/>\n<meta name=\"twitter:creator\" content=\"@KapitalisInfo\" \/>\n<meta name=\"twitter:site\" content=\"@KapitalisInfo\" \/>\n<meta name=\"twitter:label1\" content=\"\u00c9crit par\" \/>\n\t<meta name=\"twitter:data1\" content=\"webmaster kapitalis\" \/>\n\t<meta name=\"twitter:label2\" content=\"Dur\u00e9e de lecture estim\u00e9e\" \/>\n\t<meta name=\"twitter:data2\" content=\"2 minutes\" \/>\n<script type=\"application\/ld+json\" class=\"yoast-schema-graph\">{\"@context\":\"https:\/\/schema.org\",\"@graph\":[{\"@type\":\"Article\",\"@id\":\"https:\/\/kapitalis.com\/tunisie\/2023\/10\/29\/le-poeme-du-dimanche-a-monsieur-mhamed-marzouki-ecrivain-de-samir-marzouki\/#article\",\"isPartOf\":{\"@id\":\"https:\/\/kapitalis.com\/tunisie\/2023\/10\/29\/le-poeme-du-dimanche-a-monsieur-mhamed-marzouki-ecrivain-de-samir-marzouki\/\"},\"author\":{\"name\":\"webmaster kapitalis\",\"@id\":\"https:\/\/kapitalis.com\/tunisie\/#\/schema\/person\/d71f33a9ca44f7bad4698210b480c8e9\"},\"headline\":\"Le po\u00e8me du dimanche\u00a0: \u2018\u2018A Monsieur Mhamed Marzouki, \u00e9crivain\u2019\u2019 de Samir Marzouki\",\"datePublished\":\"2023-10-29T06:05:35+00:00\",\"dateModified\":\"2023-10-29T06:05:36+00:00\",\"mainEntityOfPage\":{\"@id\":\"https:\/\/kapitalis.com\/tunisie\/2023\/10\/29\/le-poeme-du-dimanche-a-monsieur-mhamed-marzouki-ecrivain-de-samir-marzouki\/\"},\"wordCount\":458,\"commentCount\":0,\"publisher\":{\"@id\":\"https:\/\/kapitalis.com\/tunisie\/#organization\"},\"image\":{\"@id\":\"https:\/\/kapitalis.com\/tunisie\/2023\/10\/29\/le-poeme-du-dimanche-a-monsieur-mhamed-marzouki-ecrivain-de-samir-marzouki\/#primaryimage\"},\"thumbnailUrl\":\"https:\/\/kapitalis.com\/tunisie\/wp-content\/uploads\/2023\/10\/Samir-Marzouki.jpg\",\"keywords\":[\"Mhamed Marzouki\",\"Samir Marzouki\",\"Tahar Bekri\"],\"articleSection\":[\"A LA UNE\",\"CULTURE\"],\"inLanguage\":\"fr-FR\",\"potentialAction\":[{\"@type\":\"CommentAction\",\"name\":\"Comment\",\"target\":[\"https:\/\/kapitalis.com\/tunisie\/2023\/10\/29\/le-poeme-du-dimanche-a-monsieur-mhamed-marzouki-ecrivain-de-samir-marzouki\/#respond\"]}]},{\"@type\":\"WebPage\",\"@id\":\"https:\/\/kapitalis.com\/tunisie\/2023\/10\/29\/le-poeme-du-dimanche-a-monsieur-mhamed-marzouki-ecrivain-de-samir-marzouki\/\",\"url\":\"https:\/\/kapitalis.com\/tunisie\/2023\/10\/29\/le-poeme-du-dimanche-a-monsieur-mhamed-marzouki-ecrivain-de-samir-marzouki\/\",\"name\":\"Le po\u00e8me du dimanche\u00a0: \u2018\u2018A Monsieur Mhamed Marzouki, \u00e9crivain\u2019\u2019 de Samir Marzouki - Kapitalis\",\"isPartOf\":{\"@id\":\"https:\/\/kapitalis.com\/tunisie\/#website\"},\"primaryImageOfPage\":{\"@id\":\"https:\/\/kapitalis.com\/tunisie\/2023\/10\/29\/le-poeme-du-dimanche-a-monsieur-mhamed-marzouki-ecrivain-de-samir-marzouki\/#primaryimage\"},\"image\":{\"@id\":\"https:\/\/kapitalis.com\/tunisie\/2023\/10\/29\/le-poeme-du-dimanche-a-monsieur-mhamed-marzouki-ecrivain-de-samir-marzouki\/#primaryimage\"},\"thumbnailUrl\":\"https:\/\/kapitalis.com\/tunisie\/wp-content\/uploads\/2023\/10\/Samir-Marzouki.jpg\",\"datePublished\":\"2023-10-29T06:05:35+00:00\",\"dateModified\":\"2023-10-29T06:05:36+00:00\",\"breadcrumb\":{\"@id\":\"https:\/\/kapitalis.com\/tunisie\/2023\/10\/29\/le-poeme-du-dimanche-a-monsieur-mhamed-marzouki-ecrivain-de-samir-marzouki\/#breadcrumb\"},\"inLanguage\":\"fr-FR\",\"potentialAction\":[{\"@type\":\"ReadAction\",\"target\":[\"https:\/\/kapitalis.com\/tunisie\/2023\/10\/29\/le-poeme-du-dimanche-a-monsieur-mhamed-marzouki-ecrivain-de-samir-marzouki\/\"]}]},{\"@type\":\"ImageObject\",\"inLanguage\":\"fr-FR\",\"@id\":\"https:\/\/kapitalis.com\/tunisie\/2023\/10\/29\/le-poeme-du-dimanche-a-monsieur-mhamed-marzouki-ecrivain-de-samir-marzouki\/#primaryimage\",\"url\":\"https:\/\/kapitalis.com\/tunisie\/wp-content\/uploads\/2023\/10\/Samir-Marzouki.jpg\",\"contentUrl\":\"https:\/\/kapitalis.com\/tunisie\/wp-content\/uploads\/2023\/10\/Samir-Marzouki.jpg\",\"width\":1200,\"height\":630},{\"@type\":\"BreadcrumbList\",\"@id\":\"https:\/\/kapitalis.com\/tunisie\/2023\/10\/29\/le-poeme-du-dimanche-a-monsieur-mhamed-marzouki-ecrivain-de-samir-marzouki\/#breadcrumb\",\"itemListElement\":[{\"@type\":\"ListItem\",\"position\":1,\"name\":\"Accueil\",\"item\":\"https:\/\/kapitalis.com\/tunisie\/\"},{\"@type\":\"ListItem\",\"position\":2,\"name\":\"Le po\u00e8me du dimanche\u00a0: \u2018\u2018A Monsieur Mhamed Marzouki, \u00e9crivain\u2019\u2019 de Samir Marzouki\"}]},{\"@type\":\"WebSite\",\"@id\":\"https:\/\/kapitalis.com\/tunisie\/#website\",\"url\":\"https:\/\/kapitalis.com\/tunisie\/\",\"name\":\"Kapitalis\",\"description\":\"L&#039;actualit\u00e9 en Tunisie et dans le monde\",\"publisher\":{\"@id\":\"https:\/\/kapitalis.com\/tunisie\/#organization\"},\"potentialAction\":[{\"@type\":\"SearchAction\",\"target\":{\"@type\":\"EntryPoint\",\"urlTemplate\":\"https:\/\/kapitalis.com\/tunisie\/?s={search_term_string}\"},\"query-input\":{\"@type\":\"PropertyValueSpecification\",\"valueRequired\":true,\"valueName\":\"search_term_string\"}}],\"inLanguage\":\"fr-FR\"},{\"@type\":\"Organization\",\"@id\":\"https:\/\/kapitalis.com\/tunisie\/#organization\",\"name\":\"Kapitalis\",\"url\":\"https:\/\/kapitalis.com\/tunisie\/\",\"logo\":{\"@type\":\"ImageObject\",\"inLanguage\":\"fr-FR\",\"@id\":\"https:\/\/kapitalis.com\/tunisie\/#\/schema\/logo\/image\/\",\"url\":\"https:\/\/kapitalis.com\/tunisie\/wp-content\/uploads\/2022\/05\/Kapitalis-big-size.png\",\"contentUrl\":\"https:\/\/kapitalis.com\/tunisie\/wp-content\/uploads\/2022\/05\/Kapitalis-big-size.png\",\"width\":5000,\"height\":1500,\"caption\":\"Kapitalis\"},\"image\":{\"@id\":\"https:\/\/kapitalis.com\/tunisie\/#\/schema\/logo\/image\/\"},\"sameAs\":[\"https:\/\/www.facebook.com\/KapitalisInfo\/\",\"https:\/\/x.com\/KapitalisInfo\",\"https:\/\/www.youtube.com\/channel\/UC-yDYrHyfFBWWZaOw3FPg9Q\"]},{\"@type\":\"Person\",\"@id\":\"https:\/\/kapitalis.com\/tunisie\/#\/schema\/person\/d71f33a9ca44f7bad4698210b480c8e9\",\"name\":\"webmaster kapitalis\",\"url\":\"https:\/\/kapitalis.com\/tunisie\/author\/webmaster-kapitalis\/\"}]}<\/script>\n<!-- \/ Yoast SEO plugin. -->","yoast_head_json":{"title":"Le po\u00e8me du dimanche\u00a0: \u2018\u2018A Monsieur Mhamed Marzouki, \u00e9crivain\u2019\u2019 de Samir Marzouki - Kapitalis","robots":{"index":"index","follow":"follow","max-snippet":"max-snippet:-1","max-image-preview":"max-image-preview:large","max-video-preview":"max-video-preview:-1"},"canonical":"https:\/\/kapitalis.com\/tunisie\/2023\/10\/29\/le-poeme-du-dimanche-a-monsieur-mhamed-marzouki-ecrivain-de-samir-marzouki\/","og_locale":"fr_FR","og_type":"article","og_title":"Le po\u00e8me du dimanche\u00a0: \u2018\u2018A Monsieur Mhamed Marzouki, \u00e9crivain\u2019\u2019 de Samir Marzouki - Kapitalis","og_description":"Po\u00e8me de Samir Marzouki en hommage \u00e0 son p\u00e8re Mhamed Marzouki, \u00e9crivain sp\u00e9cialiste de litt\u00e9rature populaire.","og_url":"https:\/\/kapitalis.com\/tunisie\/2023\/10\/29\/le-poeme-du-dimanche-a-monsieur-mhamed-marzouki-ecrivain-de-samir-marzouki\/","og_site_name":"Kapitalis","article_publisher":"https:\/\/www.facebook.com\/KapitalisInfo\/","article_published_time":"2023-10-29T06:05:35+00:00","article_modified_time":"2023-10-29T06:05:36+00:00","og_image":[{"width":1200,"height":630,"url":"https:\/\/kapitalis.com\/tunisie\/wp-content\/uploads\/2023\/10\/Samir-Marzouki.jpg","type":"image\/jpeg"}],"author":"webmaster kapitalis","twitter_card":"summary_large_image","twitter_creator":"@KapitalisInfo","twitter_site":"@KapitalisInfo","twitter_misc":{"\u00c9crit par":"webmaster kapitalis","Dur\u00e9e de lecture estim\u00e9e":"2 minutes"},"schema":{"@context":"https:\/\/schema.org","@graph":[{"@type":"Article","@id":"https:\/\/kapitalis.com\/tunisie\/2023\/10\/29\/le-poeme-du-dimanche-a-monsieur-mhamed-marzouki-ecrivain-de-samir-marzouki\/#article","isPartOf":{"@id":"https:\/\/kapitalis.com\/tunisie\/2023\/10\/29\/le-poeme-du-dimanche-a-monsieur-mhamed-marzouki-ecrivain-de-samir-marzouki\/"},"author":{"name":"webmaster kapitalis","@id":"https:\/\/kapitalis.com\/tunisie\/#\/schema\/person\/d71f33a9ca44f7bad4698210b480c8e9"},"headline":"Le po\u00e8me du dimanche\u00a0: \u2018\u2018A Monsieur Mhamed Marzouki, \u00e9crivain\u2019\u2019 de Samir Marzouki","datePublished":"2023-10-29T06:05:35+00:00","dateModified":"2023-10-29T06:05:36+00:00","mainEntityOfPage":{"@id":"https:\/\/kapitalis.com\/tunisie\/2023\/10\/29\/le-poeme-du-dimanche-a-monsieur-mhamed-marzouki-ecrivain-de-samir-marzouki\/"},"wordCount":458,"commentCount":0,"publisher":{"@id":"https:\/\/kapitalis.com\/tunisie\/#organization"},"image":{"@id":"https:\/\/kapitalis.com\/tunisie\/2023\/10\/29\/le-poeme-du-dimanche-a-monsieur-mhamed-marzouki-ecrivain-de-samir-marzouki\/#primaryimage"},"thumbnailUrl":"https:\/\/kapitalis.com\/tunisie\/wp-content\/uploads\/2023\/10\/Samir-Marzouki.jpg","keywords":["Mhamed Marzouki","Samir Marzouki","Tahar Bekri"],"articleSection":["A LA UNE","CULTURE"],"inLanguage":"fr-FR","potentialAction":[{"@type":"CommentAction","name":"Comment","target":["https:\/\/kapitalis.com\/tunisie\/2023\/10\/29\/le-poeme-du-dimanche-a-monsieur-mhamed-marzouki-ecrivain-de-samir-marzouki\/#respond"]}]},{"@type":"WebPage","@id":"https:\/\/kapitalis.com\/tunisie\/2023\/10\/29\/le-poeme-du-dimanche-a-monsieur-mhamed-marzouki-ecrivain-de-samir-marzouki\/","url":"https:\/\/kapitalis.com\/tunisie\/2023\/10\/29\/le-poeme-du-dimanche-a-monsieur-mhamed-marzouki-ecrivain-de-samir-marzouki\/","name":"Le po\u00e8me du dimanche\u00a0: \u2018\u2018A Monsieur Mhamed Marzouki, \u00e9crivain\u2019\u2019 de Samir Marzouki - Kapitalis","isPartOf":{"@id":"https:\/\/kapitalis.com\/tunisie\/#website"},"primaryImageOfPage":{"@id":"https:\/\/kapitalis.com\/tunisie\/2023\/10\/29\/le-poeme-du-dimanche-a-monsieur-mhamed-marzouki-ecrivain-de-samir-marzouki\/#primaryimage"},"image":{"@id":"https:\/\/kapitalis.com\/tunisie\/2023\/10\/29\/le-poeme-du-dimanche-a-monsieur-mhamed-marzouki-ecrivain-de-samir-marzouki\/#primaryimage"},"thumbnailUrl":"https:\/\/kapitalis.com\/tunisie\/wp-content\/uploads\/2023\/10\/Samir-Marzouki.jpg","datePublished":"2023-10-29T06:05:35+00:00","dateModified":"2023-10-29T06:05:36+00:00","breadcrumb":{"@id":"https:\/\/kapitalis.com\/tunisie\/2023\/10\/29\/le-poeme-du-dimanche-a-monsieur-mhamed-marzouki-ecrivain-de-samir-marzouki\/#breadcrumb"},"inLanguage":"fr-FR","potentialAction":[{"@type":"ReadAction","target":["https:\/\/kapitalis.com\/tunisie\/2023\/10\/29\/le-poeme-du-dimanche-a-monsieur-mhamed-marzouki-ecrivain-de-samir-marzouki\/"]}]},{"@type":"ImageObject","inLanguage":"fr-FR","@id":"https:\/\/kapitalis.com\/tunisie\/2023\/10\/29\/le-poeme-du-dimanche-a-monsieur-mhamed-marzouki-ecrivain-de-samir-marzouki\/#primaryimage","url":"https:\/\/kapitalis.com\/tunisie\/wp-content\/uploads\/2023\/10\/Samir-Marzouki.jpg","contentUrl":"https:\/\/kapitalis.com\/tunisie\/wp-content\/uploads\/2023\/10\/Samir-Marzouki.jpg","width":1200,"height":630},{"@type":"BreadcrumbList","@id":"https:\/\/kapitalis.com\/tunisie\/2023\/10\/29\/le-poeme-du-dimanche-a-monsieur-mhamed-marzouki-ecrivain-de-samir-marzouki\/#breadcrumb","itemListElement":[{"@type":"ListItem","position":1,"name":"Accueil","item":"https:\/\/kapitalis.com\/tunisie\/"},{"@type":"ListItem","position":2,"name":"Le po\u00e8me du dimanche\u00a0: \u2018\u2018A Monsieur Mhamed Marzouki, \u00e9crivain\u2019\u2019 de Samir Marzouki"}]},{"@type":"WebSite","@id":"https:\/\/kapitalis.com\/tunisie\/#website","url":"https:\/\/kapitalis.com\/tunisie\/","name":"Kapitalis","description":"L&#039;actualit\u00e9 en Tunisie et dans le monde","publisher":{"@id":"https:\/\/kapitalis.com\/tunisie\/#organization"},"potentialAction":[{"@type":"SearchAction","target":{"@type":"EntryPoint","urlTemplate":"https:\/\/kapitalis.com\/tunisie\/?s={search_term_string}"},"query-input":{"@type":"PropertyValueSpecification","valueRequired":true,"valueName":"search_term_string"}}],"inLanguage":"fr-FR"},{"@type":"Organization","@id":"https:\/\/kapitalis.com\/tunisie\/#organization","name":"Kapitalis","url":"https:\/\/kapitalis.com\/tunisie\/","logo":{"@type":"ImageObject","inLanguage":"fr-FR","@id":"https:\/\/kapitalis.com\/tunisie\/#\/schema\/logo\/image\/","url":"https:\/\/kapitalis.com\/tunisie\/wp-content\/uploads\/2022\/05\/Kapitalis-big-size.png","contentUrl":"https:\/\/kapitalis.com\/tunisie\/wp-content\/uploads\/2022\/05\/Kapitalis-big-size.png","width":5000,"height":1500,"caption":"Kapitalis"},"image":{"@id":"https:\/\/kapitalis.com\/tunisie\/#\/schema\/logo\/image\/"},"sameAs":["https:\/\/www.facebook.com\/KapitalisInfo\/","https:\/\/x.com\/KapitalisInfo","https:\/\/www.youtube.com\/channel\/UC-yDYrHyfFBWWZaOw3FPg9Q"]},{"@type":"Person","@id":"https:\/\/kapitalis.com\/tunisie\/#\/schema\/person\/d71f33a9ca44f7bad4698210b480c8e9","name":"webmaster kapitalis","url":"https:\/\/kapitalis.com\/tunisie\/author\/webmaster-kapitalis\/"}]}},"_links":{"self":[{"href":"https:\/\/kapitalis.com\/tunisie\/wp-json\/wp\/v2\/posts\/10306024","targetHints":{"allow":["GET"]}}],"collection":[{"href":"https:\/\/kapitalis.com\/tunisie\/wp-json\/wp\/v2\/posts"}],"about":[{"href":"https:\/\/kapitalis.com\/tunisie\/wp-json\/wp\/v2\/types\/post"}],"author":[{"embeddable":true,"href":"https:\/\/kapitalis.com\/tunisie\/wp-json\/wp\/v2\/users\/8"}],"replies":[{"embeddable":true,"href":"https:\/\/kapitalis.com\/tunisie\/wp-json\/wp\/v2\/comments?post=10306024"}],"version-history":[{"count":1,"href":"https:\/\/kapitalis.com\/tunisie\/wp-json\/wp\/v2\/posts\/10306024\/revisions"}],"predecessor-version":[{"id":10306118,"href":"https:\/\/kapitalis.com\/tunisie\/wp-json\/wp\/v2\/posts\/10306024\/revisions\/10306118"}],"wp:featuredmedia":[{"embeddable":true,"href":"https:\/\/kapitalis.com\/tunisie\/wp-json\/wp\/v2\/media\/10306073"}],"wp:attachment":[{"href":"https:\/\/kapitalis.com\/tunisie\/wp-json\/wp\/v2\/media?parent=10306024"}],"wp:term":[{"taxonomy":"category","embeddable":true,"href":"https:\/\/kapitalis.com\/tunisie\/wp-json\/wp\/v2\/categories?post=10306024"},{"taxonomy":"post_tag","embeddable":true,"href":"https:\/\/kapitalis.com\/tunisie\/wp-json\/wp\/v2\/tags?post=10306024"}],"curies":[{"name":"wp","href":"https:\/\/api.w.org\/{rel}","templated":true}]}}