{"id":103136,"date":"2017-06-24T09:47:42","date_gmt":"2017-06-24T08:47:42","guid":{"rendered":"http:\/\/kapitalis.com\/tunisie\/?p=103136"},"modified":"2017-06-24T10:02:39","modified_gmt":"2017-06-24T09:02:39","slug":"remaniement-ministeriel-vue-jalloul-pourrait-prendre-linterieur","status":"publish","type":"post","link":"https:\/\/kapitalis.com\/tunisie\/2017\/06\/24\/remaniement-ministeriel-vue-jalloul-pourrait-prendre-linterieur\/","title":{"rendered":"Remaniement minist\u00e9riel en vue : Jalloul pourrait prendre l\u2019Int\u00e9rieur"},"content":{"rendered":"<p style=\"text-align: center;\"><img loading=\"lazy\" decoding=\"async\" class=\"alignnone size-full wp-image-103204\" src=\"http:\/\/kapitalis.com\/tunisie\/wp-content\/uploads\/2017\/06\/Remaniment-minist\u00e9riel.jpg\" alt=\"\" width=\"626\" height=\"380\" \/><\/p>\n<p><em><strong>Un remaniement minist\u00e9riel pourrait avoir lieu en juillet 2017. Il toucherait trois portefeuilles minist\u00e9riels.<\/strong><\/em><!--more--><\/p>\n<p>Selon des sources dignes de foi, les ministres concern\u00e9s par ce remaniement sont Hedi Majdoub (Int\u00e9rieur) Mehdi Ben Gharbia (Relations avec les instances constitutionnelles et la Soci\u00e9t\u00e9 civile) et Riadh Mouakhar (Affaires locales et Environnement).<\/p>\n<p>En mai dernier, des bruits ont circul\u00e9 \u00e0 propos de la d\u00e9mission du ministre de l&rsquo;Int\u00e9rieur, mais cela a \u00e9t\u00e9 rapidement d\u00e9menti par le concern\u00e9 et par le gouvernement. Mais, selon nos informations, Hedi Majdoub a bien pr\u00e9sent\u00e9 sa d\u00e9mission, qui a \u00e9t\u00e9 refus\u00e9e par le chef du gouvernement, Youssef Chahed, estimant que la situation s\u00e9curitaire est en nette am\u00e9lioration et que, dans ce contexte, le changement de ministre est d\u00e9conseill\u00e9.<\/p>\n<p>Selon la m\u00eame source, Neji Jalloul, l&rsquo;ex-ministre de l&rsquo;Education, pourrait prendre la t\u00eate du minist\u00e8re de l\u2019Int\u00e9rieur, mais la d\u00e9cision n\u2019a pas encore \u00e9t\u00e9 prise.<\/p>\n<p>Ce dernier avait \u00e9t\u00e9 limog\u00e9 le 1<sup>er<\/sup> mai dernier, \u00e0 la demande des syndicats de l&rsquo;enseignement relevant de l&rsquo;UGTT, et son retour au gouvernement par la grande porte ferait oublier son limogeage et r\u00e9parerait ce qui a \u00e9t\u00e9 consid\u00e9r\u00e9 comme une erreur de la part de M. Chahed, d&rsquo;autant qu&rsquo;il \u00e9tait le ministre le mieux plac\u00e9 dans les sondages de popularit\u00e9.<\/p>\n<p>Les deux autres ministres qui pourraient \u00eatre chang\u00e9s, Mehdi Ben Gharbia et\u00a0Riadh Mouakhar, sont accus\u00e9s de corruption et ces accusations, compl\u00e8tement infond\u00e9es selon les int\u00e9ress\u00e9s, alimentent de vives pol\u00e9miques sur la sc\u00e8ne politique, dont le gouvernement, qui a lanc\u00e9 la guerre contre la corruption, aimerait bien se passer.<\/p>\n<p style=\"text-align: right;\"><strong>Y. N.<\/strong><\/p>\n","protected":false},"excerpt":{"rendered":"<p>Un remaniement minist\u00e9riel pourrait avoir lieu en juillet 2017. Il toucherait trois portefeuilles minist\u00e9riels.<\/p>\n","protected":false},"author":6,"featured_media":103141,"comment_status":"open","ping_status":"open","sticky":false,"template":"","format":"standard","meta":{"footnotes":""},"categories":[997,2433],"tags":[5849,1168,3159,7356,21845],"class_list":["post-103136","post","type-post","status-publish","format-standard","has-post-thumbnail","hentry","category-politique","category-tunisie","tag-hedi-majdoub","tag-mehdi-ben-gharbia","tag-neji-jalloul","tag-remaniement-ministeriel","tag-riadh-mouakhar"],"yoast_head":"<!-- This site is optimized with the Yoast SEO plugin v26.6 - https:\/\/yoast.com\/wordpress\/plugins\/seo\/ -->\n<title>Remaniement minist\u00e9riel en vue : Jalloul pourrait prendre l\u2019Int\u00e9rieur - Kapitalis<\/title>\n<meta name=\"robots\" content=\"index, follow, max-snippet:-1, max-image-preview:large, max-video-preview:-1\" \/>\n<link rel=\"canonical\" href=\"https:\/\/kapitalis.com\/tunisie\/2017\/06\/24\/remaniement-ministeriel-vue-jalloul-pourrait-prendre-linterieur\/\" \/>\n<meta property=\"og:locale\" content=\"fr_FR\" \/>\n<meta property=\"og:type\" content=\"article\" \/>\n<meta property=\"og:title\" content=\"Remaniement minist\u00e9riel en vue : Jalloul pourrait prendre l\u2019Int\u00e9rieur - Kapitalis\" \/>\n<meta property=\"og:description\" content=\"Un remaniement minist\u00e9riel pourrait avoir lieu en juillet 2017. Il toucherait trois portefeuilles minist\u00e9riels.\" \/>\n<meta property=\"og:url\" content=\"https:\/\/kapitalis.com\/tunisie\/2017\/06\/24\/remaniement-ministeriel-vue-jalloul-pourrait-prendre-linterieur\/\" \/>\n<meta property=\"og:site_name\" content=\"Kapitalis\" \/>\n<meta property=\"article:publisher\" content=\"https:\/\/www.facebook.com\/KapitalisInfo\/\" \/>\n<meta property=\"article:published_time\" content=\"2017-06-24T08:47:42+00:00\" \/>\n<meta property=\"article:modified_time\" content=\"2017-06-24T09:02:39+00:00\" \/>\n<meta property=\"og:image\" content=\"https:\/\/kapitalis.com\/tunisie\/wp-content\/uploads\/2022\/05\/kapitalis-logo-fb.png\" \/>\n\t<meta property=\"og:image:width\" content=\"1200\" \/>\n\t<meta property=\"og:image:height\" content=\"630\" \/>\n\t<meta property=\"og:image:type\" content=\"image\/png\" \/>\n<meta name=\"author\" content=\"Yusra NY\" \/>\n<meta name=\"twitter:card\" content=\"summary_large_image\" \/>\n<meta name=\"twitter:creator\" content=\"@KapitalisInfo\" \/>\n<meta name=\"twitter:site\" content=\"@KapitalisInfo\" \/>\n<meta name=\"twitter:label1\" content=\"\u00c9crit par\" \/>\n\t<meta name=\"twitter:data1\" content=\"Yusra NY\" \/>\n\t<meta name=\"twitter:label2\" content=\"Dur\u00e9e de lecture estim\u00e9e\" \/>\n\t<meta name=\"twitter:data2\" content=\"1 minute\" \/>\n<script type=\"application\/ld+json\" class=\"yoast-schema-graph\">{\"@context\":\"https:\/\/schema.org\",\"@graph\":[{\"@type\":\"Article\",\"@id\":\"https:\/\/kapitalis.com\/tunisie\/2017\/06\/24\/remaniement-ministeriel-vue-jalloul-pourrait-prendre-linterieur\/#article\",\"isPartOf\":{\"@id\":\"https:\/\/kapitalis.com\/tunisie\/2017\/06\/24\/remaniement-ministeriel-vue-jalloul-pourrait-prendre-linterieur\/\"},\"author\":{\"name\":\"Yusra NY\",\"@id\":\"https:\/\/kapitalis.com\/tunisie\/#\/schema\/person\/74bbde0154d49d790a92aaeac5bc01d5\"},\"headline\":\"Remaniement minist\u00e9riel en vue : Jalloul pourrait prendre l\u2019Int\u00e9rieur\",\"datePublished\":\"2017-06-24T08:47:42+00:00\",\"dateModified\":\"2017-06-24T09:02:39+00:00\",\"mainEntityOfPage\":{\"@id\":\"https:\/\/kapitalis.com\/tunisie\/2017\/06\/24\/remaniement-ministeriel-vue-jalloul-pourrait-prendre-linterieur\/\"},\"wordCount\":296,\"commentCount\":4,\"publisher\":{\"@id\":\"https:\/\/kapitalis.com\/tunisie\/#organization\"},\"image\":{\"@id\":\"https:\/\/kapitalis.com\/tunisie\/2017\/06\/24\/remaniement-ministeriel-vue-jalloul-pourrait-prendre-linterieur\/#primaryimage\"},\"thumbnailUrl\":\"\",\"keywords\":[\"H\u00e9di Majdoub\",\"Mehdi Ben Gharbia\",\"Neji Jalloul\",\"remaniement minist\u00e9riel\",\"Riadh Mouakhar\"],\"articleSection\":[\"POLITIQUE\",\"Tunisie\"],\"inLanguage\":\"fr-FR\",\"potentialAction\":[{\"@type\":\"CommentAction\",\"name\":\"Comment\",\"target\":[\"https:\/\/kapitalis.com\/tunisie\/2017\/06\/24\/remaniement-ministeriel-vue-jalloul-pourrait-prendre-linterieur\/#respond\"]}]},{\"@type\":\"WebPage\",\"@id\":\"https:\/\/kapitalis.com\/tunisie\/2017\/06\/24\/remaniement-ministeriel-vue-jalloul-pourrait-prendre-linterieur\/\",\"url\":\"https:\/\/kapitalis.com\/tunisie\/2017\/06\/24\/remaniement-ministeriel-vue-jalloul-pourrait-prendre-linterieur\/\",\"name\":\"Remaniement minist\u00e9riel en vue : Jalloul pourrait prendre l\u2019Int\u00e9rieur - Kapitalis\",\"isPartOf\":{\"@id\":\"https:\/\/kapitalis.com\/tunisie\/#website\"},\"primaryImageOfPage\":{\"@id\":\"https:\/\/kapitalis.com\/tunisie\/2017\/06\/24\/remaniement-ministeriel-vue-jalloul-pourrait-prendre-linterieur\/#primaryimage\"},\"image\":{\"@id\":\"https:\/\/kapitalis.com\/tunisie\/2017\/06\/24\/remaniement-ministeriel-vue-jalloul-pourrait-prendre-linterieur\/#primaryimage\"},\"thumbnailUrl\":\"\",\"datePublished\":\"2017-06-24T08:47:42+00:00\",\"dateModified\":\"2017-06-24T09:02:39+00:00\",\"breadcrumb\":{\"@id\":\"https:\/\/kapitalis.com\/tunisie\/2017\/06\/24\/remaniement-ministeriel-vue-jalloul-pourrait-prendre-linterieur\/#breadcrumb\"},\"inLanguage\":\"fr-FR\",\"potentialAction\":[{\"@type\":\"ReadAction\",\"target\":[\"https:\/\/kapitalis.com\/tunisie\/2017\/06\/24\/remaniement-ministeriel-vue-jalloul-pourrait-prendre-linterieur\/\"]}]},{\"@type\":\"ImageObject\",\"inLanguage\":\"fr-FR\",\"@id\":\"https:\/\/kapitalis.com\/tunisie\/2017\/06\/24\/remaniement-ministeriel-vue-jalloul-pourrait-prendre-linterieur\/#primaryimage\",\"url\":\"\",\"contentUrl\":\"\"},{\"@type\":\"BreadcrumbList\",\"@id\":\"https:\/\/kapitalis.com\/tunisie\/2017\/06\/24\/remaniement-ministeriel-vue-jalloul-pourrait-prendre-linterieur\/#breadcrumb\",\"itemListElement\":[{\"@type\":\"ListItem\",\"position\":1,\"name\":\"Accueil\",\"item\":\"https:\/\/kapitalis.com\/tunisie\/\"},{\"@type\":\"ListItem\",\"position\":2,\"name\":\"Remaniement minist\u00e9riel en vue : Jalloul pourrait prendre l\u2019Int\u00e9rieur\"}]},{\"@type\":\"WebSite\",\"@id\":\"https:\/\/kapitalis.com\/tunisie\/#website\",\"url\":\"https:\/\/kapitalis.com\/tunisie\/\",\"name\":\"Kapitalis\",\"description\":\"L&#039;actualit\u00e9 en Tunisie et dans le monde\",\"publisher\":{\"@id\":\"https:\/\/kapitalis.com\/tunisie\/#organization\"},\"potentialAction\":[{\"@type\":\"SearchAction\",\"target\":{\"@type\":\"EntryPoint\",\"urlTemplate\":\"https:\/\/kapitalis.com\/tunisie\/?s={search_term_string}\"},\"query-input\":{\"@type\":\"PropertyValueSpecification\",\"valueRequired\":true,\"valueName\":\"search_term_string\"}}],\"inLanguage\":\"fr-FR\"},{\"@type\":\"Organization\",\"@id\":\"https:\/\/kapitalis.com\/tunisie\/#organization\",\"name\":\"Kapitalis\",\"url\":\"https:\/\/kapitalis.com\/tunisie\/\",\"logo\":{\"@type\":\"ImageObject\",\"inLanguage\":\"fr-FR\",\"@id\":\"https:\/\/kapitalis.com\/tunisie\/#\/schema\/logo\/image\/\",\"url\":\"https:\/\/kapitalis.com\/tunisie\/wp-content\/uploads\/2022\/05\/Kapitalis-big-size.png\",\"contentUrl\":\"https:\/\/kapitalis.com\/tunisie\/wp-content\/uploads\/2022\/05\/Kapitalis-big-size.png\",\"width\":5000,\"height\":1500,\"caption\":\"Kapitalis\"},\"image\":{\"@id\":\"https:\/\/kapitalis.com\/tunisie\/#\/schema\/logo\/image\/\"},\"sameAs\":[\"https:\/\/www.facebook.com\/KapitalisInfo\/\",\"https:\/\/x.com\/KapitalisInfo\",\"https:\/\/www.youtube.com\/channel\/UC-yDYrHyfFBWWZaOw3FPg9Q\"]},{\"@type\":\"Person\",\"@id\":\"https:\/\/kapitalis.com\/tunisie\/#\/schema\/person\/74bbde0154d49d790a92aaeac5bc01d5\",\"name\":\"Yusra NY\",\"url\":\"https:\/\/kapitalis.com\/tunisie\/author\/yuza_adam\/\"}]}<\/script>\n<!-- \/ Yoast SEO plugin. -->","yoast_head_json":{"title":"Remaniement minist\u00e9riel en vue : Jalloul pourrait prendre l\u2019Int\u00e9rieur - Kapitalis","robots":{"index":"index","follow":"follow","max-snippet":"max-snippet:-1","max-image-preview":"max-image-preview:large","max-video-preview":"max-video-preview:-1"},"canonical":"https:\/\/kapitalis.com\/tunisie\/2017\/06\/24\/remaniement-ministeriel-vue-jalloul-pourrait-prendre-linterieur\/","og_locale":"fr_FR","og_type":"article","og_title":"Remaniement minist\u00e9riel en vue : Jalloul pourrait prendre l\u2019Int\u00e9rieur - Kapitalis","og_description":"Un remaniement minist\u00e9riel pourrait avoir lieu en juillet 2017. Il toucherait trois portefeuilles minist\u00e9riels.","og_url":"https:\/\/kapitalis.com\/tunisie\/2017\/06\/24\/remaniement-ministeriel-vue-jalloul-pourrait-prendre-linterieur\/","og_site_name":"Kapitalis","article_publisher":"https:\/\/www.facebook.com\/KapitalisInfo\/","article_published_time":"2017-06-24T08:47:42+00:00","article_modified_time":"2017-06-24T09:02:39+00:00","og_image":[{"width":1200,"height":630,"url":"https:\/\/kapitalis.com\/tunisie\/wp-content\/uploads\/2022\/05\/kapitalis-logo-fb.png","type":"image\/png"}],"author":"Yusra NY","twitter_card":"summary_large_image","twitter_creator":"@KapitalisInfo","twitter_site":"@KapitalisInfo","twitter_misc":{"\u00c9crit par":"Yusra NY","Dur\u00e9e de lecture estim\u00e9e":"1 minute"},"schema":{"@context":"https:\/\/schema.org","@graph":[{"@type":"Article","@id":"https:\/\/kapitalis.com\/tunisie\/2017\/06\/24\/remaniement-ministeriel-vue-jalloul-pourrait-prendre-linterieur\/#article","isPartOf":{"@id":"https:\/\/kapitalis.com\/tunisie\/2017\/06\/24\/remaniement-ministeriel-vue-jalloul-pourrait-prendre-linterieur\/"},"author":{"name":"Yusra NY","@id":"https:\/\/kapitalis.com\/tunisie\/#\/schema\/person\/74bbde0154d49d790a92aaeac5bc01d5"},"headline":"Remaniement minist\u00e9riel en vue : Jalloul pourrait prendre l\u2019Int\u00e9rieur","datePublished":"2017-06-24T08:47:42+00:00","dateModified":"2017-06-24T09:02:39+00:00","mainEntityOfPage":{"@id":"https:\/\/kapitalis.com\/tunisie\/2017\/06\/24\/remaniement-ministeriel-vue-jalloul-pourrait-prendre-linterieur\/"},"wordCount":296,"commentCount":4,"publisher":{"@id":"https:\/\/kapitalis.com\/tunisie\/#organization"},"image":{"@id":"https:\/\/kapitalis.com\/tunisie\/2017\/06\/24\/remaniement-ministeriel-vue-jalloul-pourrait-prendre-linterieur\/#primaryimage"},"thumbnailUrl":"","keywords":["H\u00e9di Majdoub","Mehdi Ben Gharbia","Neji Jalloul","remaniement minist\u00e9riel","Riadh Mouakhar"],"articleSection":["POLITIQUE","Tunisie"],"inLanguage":"fr-FR","potentialAction":[{"@type":"CommentAction","name":"Comment","target":["https:\/\/kapitalis.com\/tunisie\/2017\/06\/24\/remaniement-ministeriel-vue-jalloul-pourrait-prendre-linterieur\/#respond"]}]},{"@type":"WebPage","@id":"https:\/\/kapitalis.com\/tunisie\/2017\/06\/24\/remaniement-ministeriel-vue-jalloul-pourrait-prendre-linterieur\/","url":"https:\/\/kapitalis.com\/tunisie\/2017\/06\/24\/remaniement-ministeriel-vue-jalloul-pourrait-prendre-linterieur\/","name":"Remaniement minist\u00e9riel en vue : Jalloul pourrait prendre l\u2019Int\u00e9rieur - Kapitalis","isPartOf":{"@id":"https:\/\/kapitalis.com\/tunisie\/#website"},"primaryImageOfPage":{"@id":"https:\/\/kapitalis.com\/tunisie\/2017\/06\/24\/remaniement-ministeriel-vue-jalloul-pourrait-prendre-linterieur\/#primaryimage"},"image":{"@id":"https:\/\/kapitalis.com\/tunisie\/2017\/06\/24\/remaniement-ministeriel-vue-jalloul-pourrait-prendre-linterieur\/#primaryimage"},"thumbnailUrl":"","datePublished":"2017-06-24T08:47:42+00:00","dateModified":"2017-06-24T09:02:39+00:00","breadcrumb":{"@id":"https:\/\/kapitalis.com\/tunisie\/2017\/06\/24\/remaniement-ministeriel-vue-jalloul-pourrait-prendre-linterieur\/#breadcrumb"},"inLanguage":"fr-FR","potentialAction":[{"@type":"ReadAction","target":["https:\/\/kapitalis.com\/tunisie\/2017\/06\/24\/remaniement-ministeriel-vue-jalloul-pourrait-prendre-linterieur\/"]}]},{"@type":"ImageObject","inLanguage":"fr-FR","@id":"https:\/\/kapitalis.com\/tunisie\/2017\/06\/24\/remaniement-ministeriel-vue-jalloul-pourrait-prendre-linterieur\/#primaryimage","url":"","contentUrl":""},{"@type":"BreadcrumbList","@id":"https:\/\/kapitalis.com\/tunisie\/2017\/06\/24\/remaniement-ministeriel-vue-jalloul-pourrait-prendre-linterieur\/#breadcrumb","itemListElement":[{"@type":"ListItem","position":1,"name":"Accueil","item":"https:\/\/kapitalis.com\/tunisie\/"},{"@type":"ListItem","position":2,"name":"Remaniement minist\u00e9riel en vue : Jalloul pourrait prendre l\u2019Int\u00e9rieur"}]},{"@type":"WebSite","@id":"https:\/\/kapitalis.com\/tunisie\/#website","url":"https:\/\/kapitalis.com\/tunisie\/","name":"Kapitalis","description":"L&#039;actualit\u00e9 en Tunisie et dans le monde","publisher":{"@id":"https:\/\/kapitalis.com\/tunisie\/#organization"},"potentialAction":[{"@type":"SearchAction","target":{"@type":"EntryPoint","urlTemplate":"https:\/\/kapitalis.com\/tunisie\/?s={search_term_string}"},"query-input":{"@type":"PropertyValueSpecification","valueRequired":true,"valueName":"search_term_string"}}],"inLanguage":"fr-FR"},{"@type":"Organization","@id":"https:\/\/kapitalis.com\/tunisie\/#organization","name":"Kapitalis","url":"https:\/\/kapitalis.com\/tunisie\/","logo":{"@type":"ImageObject","inLanguage":"fr-FR","@id":"https:\/\/kapitalis.com\/tunisie\/#\/schema\/logo\/image\/","url":"https:\/\/kapitalis.com\/tunisie\/wp-content\/uploads\/2022\/05\/Kapitalis-big-size.png","contentUrl":"https:\/\/kapitalis.com\/tunisie\/wp-content\/uploads\/2022\/05\/Kapitalis-big-size.png","width":5000,"height":1500,"caption":"Kapitalis"},"image":{"@id":"https:\/\/kapitalis.com\/tunisie\/#\/schema\/logo\/image\/"},"sameAs":["https:\/\/www.facebook.com\/KapitalisInfo\/","https:\/\/x.com\/KapitalisInfo","https:\/\/www.youtube.com\/channel\/UC-yDYrHyfFBWWZaOw3FPg9Q"]},{"@type":"Person","@id":"https:\/\/kapitalis.com\/tunisie\/#\/schema\/person\/74bbde0154d49d790a92aaeac5bc01d5","name":"Yusra NY","url":"https:\/\/kapitalis.com\/tunisie\/author\/yuza_adam\/"}]}},"_links":{"self":[{"href":"https:\/\/kapitalis.com\/tunisie\/wp-json\/wp\/v2\/posts\/103136","targetHints":{"allow":["GET"]}}],"collection":[{"href":"https:\/\/kapitalis.com\/tunisie\/wp-json\/wp\/v2\/posts"}],"about":[{"href":"https:\/\/kapitalis.com\/tunisie\/wp-json\/wp\/v2\/types\/post"}],"author":[{"embeddable":true,"href":"https:\/\/kapitalis.com\/tunisie\/wp-json\/wp\/v2\/users\/6"}],"replies":[{"embeddable":true,"href":"https:\/\/kapitalis.com\/tunisie\/wp-json\/wp\/v2\/comments?post=103136"}],"version-history":[{"count":0,"href":"https:\/\/kapitalis.com\/tunisie\/wp-json\/wp\/v2\/posts\/103136\/revisions"}],"wp:featuredmedia":[{"embeddable":true,"href":"https:\/\/kapitalis.com\/tunisie\/wp-json\/wp\/v2\/media\/103141"}],"wp:attachment":[{"href":"https:\/\/kapitalis.com\/tunisie\/wp-json\/wp\/v2\/media?parent=103136"}],"wp:term":[{"taxonomy":"category","embeddable":true,"href":"https:\/\/kapitalis.com\/tunisie\/wp-json\/wp\/v2\/categories?post=103136"},{"taxonomy":"post_tag","embeddable":true,"href":"https:\/\/kapitalis.com\/tunisie\/wp-json\/wp\/v2\/tags?post=103136"}],"curies":[{"name":"wp","href":"https:\/\/api.w.org\/{rel}","templated":true}]}}