{"id":103359,"date":"2017-06-25T08:52:44","date_gmt":"2017-06-25T07:52:44","guid":{"rendered":"http:\/\/kapitalis.com\/tunisie\/?p=103359"},"modified":"2017-06-25T08:54:37","modified_gmt":"2017-06-25T07:54:37","slug":"bloc-notes-pour-une-ligne-aerienne-djerba-tel-aviv","status":"publish","type":"post","link":"https:\/\/kapitalis.com\/tunisie\/2017\/06\/25\/bloc-notes-pour-une-ligne-aerienne-djerba-tel-aviv\/","title":{"rendered":"Bloc-notes : Pour une ligne a\u00e9rienne Djerba-Tel Aviv"},"content":{"rendered":"<p style=\"text-align: center;\"><img loading=\"lazy\" decoding=\"async\" class=\"alignnone size-full wp-image-103360\" src=\"http:\/\/kapitalis.com\/tunisie\/wp-content\/uploads\/2017\/06\/Aeroports-Djerba-Ben-Gourion.jpg\" alt=\"\" width=\"626\" height=\"380\" \/><\/p>\n<p><em><strong>La Tunisie n\u2019a plus le droit de n\u00e9gliger le march\u00e9 touristique isra\u00e9lien et une ligne Djerba-Tel Aviv pourrait aider \u00e0 impulser les flux touristiques isra\u00e9liens vers la Tunisie.<\/strong><\/em><\/p>\n<p>Par <strong>Farhat Othman<\/strong> *<\/p>\n<p><!--more--><\/p>\n<p><img loading=\"lazy\" decoding=\"async\" class=\"size-full wp-image-80097 alignleft\" src=\"http:\/\/kapitalis.com\/tunisie\/wp-content\/uploads\/2017\/01\/Farhat-Othman.jpg\" alt=\"\" width=\"200\" height=\"150\" \/>La derni\u00e8re visite de travail du chef du gouvernement au Maroc a \u00e9t\u00e9 assur\u00e9ment l\u2019occasion pour M. Chahed de m\u00e9diter l\u2019exemple marocain dans la gestion de ses int\u00e9r\u00eats \u00e9conomiques et sa fa\u00e7on de distinguer le commerce de la politique.<\/p>\n<p>Plus particuli\u00e8rement, l\u2019exp\u00e9rience originale marocaine consistant \u00e0 avoir une ligne a\u00e9rienne reliant le Maroc \u00e0 Isra\u00ebl malgr\u00e9 l\u2019absence de relations diplomatiques m\u00e9rite de retenir toute l\u2019attention de nos autorit\u00e9s.<\/p>\n<p>Le gouvernement tunisien, en qu\u00eate de relance du secteur touristique, ne trouverait pas meilleur moyen de drainer les touristes vers notre pays qu\u2019une ligne directe, via Paris, entre Djerba, dont on conna\u00eet l\u2019importance pour la communaut\u00e9 juive, et Tel-Aviv.<\/p>\n<p><strong>L\u2019exp\u00e9rience marocaine <\/strong><\/p>\n<p>Malgr\u00e9 l\u2019absence, non seulement de relations diplomatiques avec Isra\u00ebl, mais aussi du moindre accord a\u00e9rien, le Maroc a toujours su d\u00e9velopper ses relations \u00e9conomiques avec l\u2019\u00c9tat h\u00e9breu sans aucun complexe.<\/p>\n<p>Ainsi, et jusqu\u2019en 2004, il y a eu une liaison directe entre Tel Aviv et Marrakech. Suspendue \u00e0 l&rsquo;occasion de la deuxi\u00e8me Intifada dans les territoires occup\u00e9s, cette ligne vient d\u2019\u00eatre r\u00e9tablie sans qu\u2019il y ait eu de changements dans les relations politiques et diplomatiques entre le royaume et Isra\u00ebl.<\/p>\n<p>S\u2019agissant de la difficult\u00e9 manifest\u00e9e par l&rsquo;absence d\u2019accord en mati\u00e8re de transport a\u00e9rien entre les deux pays, cela a \u00e9t\u00e9 juridiquement aplani en pr\u00e9voyant une escale en Europe (\u00e0 Madrid, en Espagne, ou \u00e0 Catane, en Sicile) avant de relier le Maroc. Ainsi, les passagers obtiennent de nouveaux billets lors de l\u2019escale, mais ils ne changent pas d\u2019avion, le vol \u00e9tant ainsi direct malgr\u00e9 ce d\u00e9tail technique.<\/p>\n<p>L\u2019actuelle ligne est provisoirement hebdomadaire reliant alternativement Tel Aviv \u00e0 Casablanca, une semaine et Marrakech, la semaine d\u2019apr\u00e8s dans le but de permettre aux passagers de faire l\u2019aller vers une ville et le retour de l\u2019autre.<\/p>\n<p>Les premiers r\u00e9sultats commerciaux semblent assez concluants pour envisager, malgr\u00e9 les bisbilles politiques, des vols r\u00e9guliers \u00e0 plus grande cadence entre le Maroc et Isra\u00ebl. Et c\u2019est tout b\u00e9n\u00e9fice pour le tourisme marocain, grand concurrent de celui de la Tunisie.<\/p>\n<p><strong>Soutenir le r\u00e9veil touristique tunisien<\/strong><\/p>\n<p>Une initiative similaire \u00e0 celle du Maroc est non seulement possible en Tunisie, mais imp\u00e9rative m\u00eame \u00e9tant de nature \u00e0 donner un coup de fouet salutaire \u00e0 notre \u00e9conomie en plus du coup de massue n\u00e9cessaire au dogmatisme de certains qui continuent de faire commerce de la cause de Palestine.<\/p>\n<p>Ce serait d\u2019autant plus significatif que l\u2019on commence \u00e0 enregistrer un fr\u00e9missement dans le secteur touristique, notre pays, aux derniers indices, affichant, aupr\u00e8s des agences de voyages fran\u00e7aises, une progression des r\u00e9servations de 172% par rapport \u00e0 l\u2019ann\u00e9e derni\u00e8re. Certes, on revient de loin, mais cela ne peut que r\u00e9jouir le secteur dont les atouts ne manquent pas.<\/p>\n<p>C\u2019est dans ce cadre que rentrerait une offensive sans complexe \u00e0 oser en ciblant les touristes juifs venant d\u2019Isra\u00ebl en Tunisie ou s\u2019y rendant \u00e0 partir de Djerba. De la sorte, on ne se contentera plus de l&#8217;embellie annuelle de la f\u00eate de la Ghriba pour renforcer nos recettes touristiques. On r\u00e9ussira m\u00eame le tour de force de faire se tenir le p\u00e8lerinage tout au long de l\u2019ann\u00e9e et non seulement vers Djerba, mais vers toute la Tunisie.<\/p>\n<p>Quel dynamisme donner aussi \u00e0 la ligne partant de Djerba pour tous les Tunisiens de la r\u00e9gion, surtout avec une escale \u00e0 Paris sur son parcours vers Isra\u00ebl!<\/p>\n<p>Dans le cadre de son ouverture \u00e0 de nouveaux march\u00e9s, comme celui de la Russie et de la Chine, la Tunisie n\u2019a plus le droit de n\u00e9gliger plus longtemps le march\u00e9 isra\u00e9lien o\u00f9 notre pays b\u00e9n\u00e9ficie d\u2019une cote d\u2019amour certaine du fait de l\u2019amour que lui portent ses enfants juifs.<\/p>\n<p>Outre le march\u00e9 subsaharien, c\u2019est donc ce march\u00e9 qu\u2019il nous faut conqu\u00e9rir d&rsquo;urgence avant que la concurrence marocaine ne rafle tout sur son passage sans rien nous laisser, m\u00eame pas des miettes, malgr\u00e9 tous les atouts touristiques tunisiens qui sont loin d&rsquo;\u00eatre minimes.<\/p>\n<p><em>* Ancien diplomate. <\/em><\/p>\n","protected":false},"excerpt":{"rendered":"<p>La Tunisie n\u2019a plus le droit de n\u00e9gliger le march\u00e9 touristique isra\u00e9lien et une ligne Djerba-Tel Aviv pourrait aider \u00e0 impulser les flux touristiques isra\u00e9liens vers la Tunisie. Par Farhat Othman *<\/p>\n","protected":false},"author":8,"featured_media":103360,"comment_status":"open","ping_status":"open","sticky":false,"template":"","format":"standard","meta":{"footnotes":""},"categories":[992,1000,2433],"tags":[10623,284,10730,2478,577,10085,4026,2683,4365],"class_list":["post-103359","post","type-post","status-publish","format-standard","has-post-thumbnail","hentry","category-a-la-une","category-tribune","category-tunisie","tag-casablanca","tag-djerba","tag-ghriba","tag-israel","tag-maroc","tag-marrakech","tag-palestine","tag-tel-aviv","tag-tourisme-tunisien"],"yoast_head":"<!-- This site is optimized with the Yoast SEO plugin v26.6 - https:\/\/yoast.com\/wordpress\/plugins\/seo\/ -->\n<title>Bloc-notes : Pour une ligne a\u00e9rienne Djerba-Tel Aviv - Kapitalis<\/title>\n<meta name=\"robots\" content=\"index, follow, max-snippet:-1, max-image-preview:large, max-video-preview:-1\" \/>\n<link rel=\"canonical\" href=\"https:\/\/kapitalis.com\/tunisie\/2017\/06\/25\/bloc-notes-pour-une-ligne-aerienne-djerba-tel-aviv\/\" \/>\n<meta property=\"og:locale\" content=\"fr_FR\" \/>\n<meta property=\"og:type\" content=\"article\" \/>\n<meta property=\"og:title\" content=\"Bloc-notes : Pour une ligne a\u00e9rienne Djerba-Tel Aviv - Kapitalis\" \/>\n<meta property=\"og:description\" content=\"La Tunisie n\u2019a plus le droit de n\u00e9gliger le march\u00e9 touristique isra\u00e9lien et une ligne Djerba-Tel Aviv pourrait aider \u00e0 impulser les flux touristiques isra\u00e9liens vers la Tunisie. Par Farhat Othman *\" \/>\n<meta property=\"og:url\" content=\"https:\/\/kapitalis.com\/tunisie\/2017\/06\/25\/bloc-notes-pour-une-ligne-aerienne-djerba-tel-aviv\/\" \/>\n<meta property=\"og:site_name\" content=\"Kapitalis\" \/>\n<meta property=\"article:publisher\" content=\"https:\/\/www.facebook.com\/KapitalisInfo\/\" \/>\n<meta property=\"article:published_time\" content=\"2017-06-25T07:52:44+00:00\" \/>\n<meta property=\"article:modified_time\" content=\"2017-06-25T07:54:37+00:00\" \/>\n<meta property=\"og:image\" content=\"https:\/\/kapitalis.com\/tunisie\/wp-content\/uploads\/2022\/05\/kapitalis-logo-fb.png\" \/>\n\t<meta property=\"og:image:width\" content=\"1200\" \/>\n\t<meta property=\"og:image:height\" content=\"630\" \/>\n\t<meta property=\"og:image:type\" content=\"image\/png\" \/>\n<meta name=\"author\" content=\"webmaster kapitalis\" \/>\n<meta name=\"twitter:card\" content=\"summary_large_image\" \/>\n<meta name=\"twitter:creator\" content=\"@KapitalisInfo\" \/>\n<meta name=\"twitter:site\" content=\"@KapitalisInfo\" \/>\n<meta name=\"twitter:label1\" content=\"\u00c9crit par\" \/>\n\t<meta name=\"twitter:data1\" content=\"webmaster kapitalis\" \/>\n\t<meta name=\"twitter:label2\" content=\"Dur\u00e9e de lecture estim\u00e9e\" \/>\n\t<meta name=\"twitter:data2\" content=\"4 minutes\" \/>\n<script type=\"application\/ld+json\" class=\"yoast-schema-graph\">{\"@context\":\"https:\/\/schema.org\",\"@graph\":[{\"@type\":\"Article\",\"@id\":\"https:\/\/kapitalis.com\/tunisie\/2017\/06\/25\/bloc-notes-pour-une-ligne-aerienne-djerba-tel-aviv\/#article\",\"isPartOf\":{\"@id\":\"https:\/\/kapitalis.com\/tunisie\/2017\/06\/25\/bloc-notes-pour-une-ligne-aerienne-djerba-tel-aviv\/\"},\"author\":{\"name\":\"webmaster kapitalis\",\"@id\":\"https:\/\/kapitalis.com\/tunisie\/#\/schema\/person\/d71f33a9ca44f7bad4698210b480c8e9\"},\"headline\":\"Bloc-notes : Pour une ligne a\u00e9rienne Djerba-Tel Aviv\",\"datePublished\":\"2017-06-25T07:52:44+00:00\",\"dateModified\":\"2017-06-25T07:54:37+00:00\",\"mainEntityOfPage\":{\"@id\":\"https:\/\/kapitalis.com\/tunisie\/2017\/06\/25\/bloc-notes-pour-une-ligne-aerienne-djerba-tel-aviv\/\"},\"wordCount\":765,\"commentCount\":0,\"publisher\":{\"@id\":\"https:\/\/kapitalis.com\/tunisie\/#organization\"},\"image\":{\"@id\":\"https:\/\/kapitalis.com\/tunisie\/2017\/06\/25\/bloc-notes-pour-une-ligne-aerienne-djerba-tel-aviv\/#primaryimage\"},\"thumbnailUrl\":\"\",\"keywords\":[\"Casablanca\",\"Djerba\",\"Ghriba\",\"Isra\u00ebl\",\"Maroc\",\"Marrakech\",\"Palestine\",\"Tel-Aviv\",\"tourisme tunisien\"],\"articleSection\":[\"A LA UNE\",\"TRIBUNE\",\"Tunisie\"],\"inLanguage\":\"fr-FR\",\"potentialAction\":[{\"@type\":\"CommentAction\",\"name\":\"Comment\",\"target\":[\"https:\/\/kapitalis.com\/tunisie\/2017\/06\/25\/bloc-notes-pour-une-ligne-aerienne-djerba-tel-aviv\/#respond\"]}]},{\"@type\":\"WebPage\",\"@id\":\"https:\/\/kapitalis.com\/tunisie\/2017\/06\/25\/bloc-notes-pour-une-ligne-aerienne-djerba-tel-aviv\/\",\"url\":\"https:\/\/kapitalis.com\/tunisie\/2017\/06\/25\/bloc-notes-pour-une-ligne-aerienne-djerba-tel-aviv\/\",\"name\":\"Bloc-notes : Pour une ligne a\u00e9rienne Djerba-Tel Aviv - Kapitalis\",\"isPartOf\":{\"@id\":\"https:\/\/kapitalis.com\/tunisie\/#website\"},\"primaryImageOfPage\":{\"@id\":\"https:\/\/kapitalis.com\/tunisie\/2017\/06\/25\/bloc-notes-pour-une-ligne-aerienne-djerba-tel-aviv\/#primaryimage\"},\"image\":{\"@id\":\"https:\/\/kapitalis.com\/tunisie\/2017\/06\/25\/bloc-notes-pour-une-ligne-aerienne-djerba-tel-aviv\/#primaryimage\"},\"thumbnailUrl\":\"\",\"datePublished\":\"2017-06-25T07:52:44+00:00\",\"dateModified\":\"2017-06-25T07:54:37+00:00\",\"breadcrumb\":{\"@id\":\"https:\/\/kapitalis.com\/tunisie\/2017\/06\/25\/bloc-notes-pour-une-ligne-aerienne-djerba-tel-aviv\/#breadcrumb\"},\"inLanguage\":\"fr-FR\",\"potentialAction\":[{\"@type\":\"ReadAction\",\"target\":[\"https:\/\/kapitalis.com\/tunisie\/2017\/06\/25\/bloc-notes-pour-une-ligne-aerienne-djerba-tel-aviv\/\"]}]},{\"@type\":\"ImageObject\",\"inLanguage\":\"fr-FR\",\"@id\":\"https:\/\/kapitalis.com\/tunisie\/2017\/06\/25\/bloc-notes-pour-une-ligne-aerienne-djerba-tel-aviv\/#primaryimage\",\"url\":\"\",\"contentUrl\":\"\"},{\"@type\":\"BreadcrumbList\",\"@id\":\"https:\/\/kapitalis.com\/tunisie\/2017\/06\/25\/bloc-notes-pour-une-ligne-aerienne-djerba-tel-aviv\/#breadcrumb\",\"itemListElement\":[{\"@type\":\"ListItem\",\"position\":1,\"name\":\"Accueil\",\"item\":\"https:\/\/kapitalis.com\/tunisie\/\"},{\"@type\":\"ListItem\",\"position\":2,\"name\":\"Bloc-notes : Pour une ligne a\u00e9rienne Djerba-Tel Aviv\"}]},{\"@type\":\"WebSite\",\"@id\":\"https:\/\/kapitalis.com\/tunisie\/#website\",\"url\":\"https:\/\/kapitalis.com\/tunisie\/\",\"name\":\"Kapitalis\",\"description\":\"L&#039;actualit\u00e9 en Tunisie et dans le monde\",\"publisher\":{\"@id\":\"https:\/\/kapitalis.com\/tunisie\/#organization\"},\"potentialAction\":[{\"@type\":\"SearchAction\",\"target\":{\"@type\":\"EntryPoint\",\"urlTemplate\":\"https:\/\/kapitalis.com\/tunisie\/?s={search_term_string}\"},\"query-input\":{\"@type\":\"PropertyValueSpecification\",\"valueRequired\":true,\"valueName\":\"search_term_string\"}}],\"inLanguage\":\"fr-FR\"},{\"@type\":\"Organization\",\"@id\":\"https:\/\/kapitalis.com\/tunisie\/#organization\",\"name\":\"Kapitalis\",\"url\":\"https:\/\/kapitalis.com\/tunisie\/\",\"logo\":{\"@type\":\"ImageObject\",\"inLanguage\":\"fr-FR\",\"@id\":\"https:\/\/kapitalis.com\/tunisie\/#\/schema\/logo\/image\/\",\"url\":\"https:\/\/kapitalis.com\/tunisie\/wp-content\/uploads\/2022\/05\/Kapitalis-big-size.png\",\"contentUrl\":\"https:\/\/kapitalis.com\/tunisie\/wp-content\/uploads\/2022\/05\/Kapitalis-big-size.png\",\"width\":5000,\"height\":1500,\"caption\":\"Kapitalis\"},\"image\":{\"@id\":\"https:\/\/kapitalis.com\/tunisie\/#\/schema\/logo\/image\/\"},\"sameAs\":[\"https:\/\/www.facebook.com\/KapitalisInfo\/\",\"https:\/\/x.com\/KapitalisInfo\",\"https:\/\/www.youtube.com\/channel\/UC-yDYrHyfFBWWZaOw3FPg9Q\"]},{\"@type\":\"Person\",\"@id\":\"https:\/\/kapitalis.com\/tunisie\/#\/schema\/person\/d71f33a9ca44f7bad4698210b480c8e9\",\"name\":\"webmaster kapitalis\",\"url\":\"https:\/\/kapitalis.com\/tunisie\/author\/webmaster-kapitalis\/\"}]}<\/script>\n<!-- \/ Yoast SEO plugin. -->","yoast_head_json":{"title":"Bloc-notes : Pour une ligne a\u00e9rienne Djerba-Tel Aviv - Kapitalis","robots":{"index":"index","follow":"follow","max-snippet":"max-snippet:-1","max-image-preview":"max-image-preview:large","max-video-preview":"max-video-preview:-1"},"canonical":"https:\/\/kapitalis.com\/tunisie\/2017\/06\/25\/bloc-notes-pour-une-ligne-aerienne-djerba-tel-aviv\/","og_locale":"fr_FR","og_type":"article","og_title":"Bloc-notes : Pour une ligne a\u00e9rienne Djerba-Tel Aviv - Kapitalis","og_description":"La Tunisie n\u2019a plus le droit de n\u00e9gliger le march\u00e9 touristique isra\u00e9lien et une ligne Djerba-Tel Aviv pourrait aider \u00e0 impulser les flux touristiques isra\u00e9liens vers la Tunisie. Par Farhat Othman *","og_url":"https:\/\/kapitalis.com\/tunisie\/2017\/06\/25\/bloc-notes-pour-une-ligne-aerienne-djerba-tel-aviv\/","og_site_name":"Kapitalis","article_publisher":"https:\/\/www.facebook.com\/KapitalisInfo\/","article_published_time":"2017-06-25T07:52:44+00:00","article_modified_time":"2017-06-25T07:54:37+00:00","og_image":[{"width":1200,"height":630,"url":"https:\/\/kapitalis.com\/tunisie\/wp-content\/uploads\/2022\/05\/kapitalis-logo-fb.png","type":"image\/png"}],"author":"webmaster kapitalis","twitter_card":"summary_large_image","twitter_creator":"@KapitalisInfo","twitter_site":"@KapitalisInfo","twitter_misc":{"\u00c9crit par":"webmaster kapitalis","Dur\u00e9e de lecture estim\u00e9e":"4 minutes"},"schema":{"@context":"https:\/\/schema.org","@graph":[{"@type":"Article","@id":"https:\/\/kapitalis.com\/tunisie\/2017\/06\/25\/bloc-notes-pour-une-ligne-aerienne-djerba-tel-aviv\/#article","isPartOf":{"@id":"https:\/\/kapitalis.com\/tunisie\/2017\/06\/25\/bloc-notes-pour-une-ligne-aerienne-djerba-tel-aviv\/"},"author":{"name":"webmaster kapitalis","@id":"https:\/\/kapitalis.com\/tunisie\/#\/schema\/person\/d71f33a9ca44f7bad4698210b480c8e9"},"headline":"Bloc-notes : Pour une ligne a\u00e9rienne Djerba-Tel Aviv","datePublished":"2017-06-25T07:52:44+00:00","dateModified":"2017-06-25T07:54:37+00:00","mainEntityOfPage":{"@id":"https:\/\/kapitalis.com\/tunisie\/2017\/06\/25\/bloc-notes-pour-une-ligne-aerienne-djerba-tel-aviv\/"},"wordCount":765,"commentCount":0,"publisher":{"@id":"https:\/\/kapitalis.com\/tunisie\/#organization"},"image":{"@id":"https:\/\/kapitalis.com\/tunisie\/2017\/06\/25\/bloc-notes-pour-une-ligne-aerienne-djerba-tel-aviv\/#primaryimage"},"thumbnailUrl":"","keywords":["Casablanca","Djerba","Ghriba","Isra\u00ebl","Maroc","Marrakech","Palestine","Tel-Aviv","tourisme tunisien"],"articleSection":["A LA UNE","TRIBUNE","Tunisie"],"inLanguage":"fr-FR","potentialAction":[{"@type":"CommentAction","name":"Comment","target":["https:\/\/kapitalis.com\/tunisie\/2017\/06\/25\/bloc-notes-pour-une-ligne-aerienne-djerba-tel-aviv\/#respond"]}]},{"@type":"WebPage","@id":"https:\/\/kapitalis.com\/tunisie\/2017\/06\/25\/bloc-notes-pour-une-ligne-aerienne-djerba-tel-aviv\/","url":"https:\/\/kapitalis.com\/tunisie\/2017\/06\/25\/bloc-notes-pour-une-ligne-aerienne-djerba-tel-aviv\/","name":"Bloc-notes : Pour une ligne a\u00e9rienne Djerba-Tel Aviv - Kapitalis","isPartOf":{"@id":"https:\/\/kapitalis.com\/tunisie\/#website"},"primaryImageOfPage":{"@id":"https:\/\/kapitalis.com\/tunisie\/2017\/06\/25\/bloc-notes-pour-une-ligne-aerienne-djerba-tel-aviv\/#primaryimage"},"image":{"@id":"https:\/\/kapitalis.com\/tunisie\/2017\/06\/25\/bloc-notes-pour-une-ligne-aerienne-djerba-tel-aviv\/#primaryimage"},"thumbnailUrl":"","datePublished":"2017-06-25T07:52:44+00:00","dateModified":"2017-06-25T07:54:37+00:00","breadcrumb":{"@id":"https:\/\/kapitalis.com\/tunisie\/2017\/06\/25\/bloc-notes-pour-une-ligne-aerienne-djerba-tel-aviv\/#breadcrumb"},"inLanguage":"fr-FR","potentialAction":[{"@type":"ReadAction","target":["https:\/\/kapitalis.com\/tunisie\/2017\/06\/25\/bloc-notes-pour-une-ligne-aerienne-djerba-tel-aviv\/"]}]},{"@type":"ImageObject","inLanguage":"fr-FR","@id":"https:\/\/kapitalis.com\/tunisie\/2017\/06\/25\/bloc-notes-pour-une-ligne-aerienne-djerba-tel-aviv\/#primaryimage","url":"","contentUrl":""},{"@type":"BreadcrumbList","@id":"https:\/\/kapitalis.com\/tunisie\/2017\/06\/25\/bloc-notes-pour-une-ligne-aerienne-djerba-tel-aviv\/#breadcrumb","itemListElement":[{"@type":"ListItem","position":1,"name":"Accueil","item":"https:\/\/kapitalis.com\/tunisie\/"},{"@type":"ListItem","position":2,"name":"Bloc-notes : Pour une ligne a\u00e9rienne Djerba-Tel Aviv"}]},{"@type":"WebSite","@id":"https:\/\/kapitalis.com\/tunisie\/#website","url":"https:\/\/kapitalis.com\/tunisie\/","name":"Kapitalis","description":"L&#039;actualit\u00e9 en Tunisie et dans le monde","publisher":{"@id":"https:\/\/kapitalis.com\/tunisie\/#organization"},"potentialAction":[{"@type":"SearchAction","target":{"@type":"EntryPoint","urlTemplate":"https:\/\/kapitalis.com\/tunisie\/?s={search_term_string}"},"query-input":{"@type":"PropertyValueSpecification","valueRequired":true,"valueName":"search_term_string"}}],"inLanguage":"fr-FR"},{"@type":"Organization","@id":"https:\/\/kapitalis.com\/tunisie\/#organization","name":"Kapitalis","url":"https:\/\/kapitalis.com\/tunisie\/","logo":{"@type":"ImageObject","inLanguage":"fr-FR","@id":"https:\/\/kapitalis.com\/tunisie\/#\/schema\/logo\/image\/","url":"https:\/\/kapitalis.com\/tunisie\/wp-content\/uploads\/2022\/05\/Kapitalis-big-size.png","contentUrl":"https:\/\/kapitalis.com\/tunisie\/wp-content\/uploads\/2022\/05\/Kapitalis-big-size.png","width":5000,"height":1500,"caption":"Kapitalis"},"image":{"@id":"https:\/\/kapitalis.com\/tunisie\/#\/schema\/logo\/image\/"},"sameAs":["https:\/\/www.facebook.com\/KapitalisInfo\/","https:\/\/x.com\/KapitalisInfo","https:\/\/www.youtube.com\/channel\/UC-yDYrHyfFBWWZaOw3FPg9Q"]},{"@type":"Person","@id":"https:\/\/kapitalis.com\/tunisie\/#\/schema\/person\/d71f33a9ca44f7bad4698210b480c8e9","name":"webmaster kapitalis","url":"https:\/\/kapitalis.com\/tunisie\/author\/webmaster-kapitalis\/"}]}},"_links":{"self":[{"href":"https:\/\/kapitalis.com\/tunisie\/wp-json\/wp\/v2\/posts\/103359","targetHints":{"allow":["GET"]}}],"collection":[{"href":"https:\/\/kapitalis.com\/tunisie\/wp-json\/wp\/v2\/posts"}],"about":[{"href":"https:\/\/kapitalis.com\/tunisie\/wp-json\/wp\/v2\/types\/post"}],"author":[{"embeddable":true,"href":"https:\/\/kapitalis.com\/tunisie\/wp-json\/wp\/v2\/users\/8"}],"replies":[{"embeddable":true,"href":"https:\/\/kapitalis.com\/tunisie\/wp-json\/wp\/v2\/comments?post=103359"}],"version-history":[{"count":0,"href":"https:\/\/kapitalis.com\/tunisie\/wp-json\/wp\/v2\/posts\/103359\/revisions"}],"wp:featuredmedia":[{"embeddable":true,"href":"https:\/\/kapitalis.com\/tunisie\/wp-json\/wp\/v2\/media\/103360"}],"wp:attachment":[{"href":"https:\/\/kapitalis.com\/tunisie\/wp-json\/wp\/v2\/media?parent=103359"}],"wp:term":[{"taxonomy":"category","embeddable":true,"href":"https:\/\/kapitalis.com\/tunisie\/wp-json\/wp\/v2\/categories?post=103359"},{"taxonomy":"post_tag","embeddable":true,"href":"https:\/\/kapitalis.com\/tunisie\/wp-json\/wp\/v2\/tags?post=103359"}],"curies":[{"name":"wp","href":"https:\/\/api.w.org\/{rel}","templated":true}]}}