{"id":10344388,"date":"2023-11-01T10:10:25","date_gmt":"2023-11-01T09:10:25","guid":{"rendered":"https:\/\/kapitalis.com\/tunisie\/?p=10344388"},"modified":"2023-11-01T10:10:27","modified_gmt":"2023-11-01T09:10:27","slug":"retour-sur-levasion-de-cinq-dangereux-terroristes","status":"publish","type":"post","link":"https:\/\/kapitalis.com\/tunisie\/2023\/11\/01\/retour-sur-levasion-de-cinq-dangereux-terroristes\/","title":{"rendered":"Retour sur l&rsquo;\u00e9vasion de cinq dangereux terroristes"},"content":{"rendered":"\n<p><strong><em><a href=\"https:\/\/kapitalis.com\/tunisie\/2023\/10\/31\/tunisie-a-propos-de-levasion-des-5-dangereux-terroristes-de-la-prison-mornaguia\/\" target=\"_blank\" rel=\"noreferrer noopener\">Cinq dangereux prisonniers <\/a>condamn\u00e9s \u00e0 de lourdes peines dans des affaires terroristes se sont \u00e9vad\u00e9s de la prison la mieux gard\u00e9e de la Tunisie, et plus de 24 heures apr\u00e8s leur fuite, aucun haut responsable de l\u2019Etat n\u2019a cru devoir sortir pour s\u2019exprimer sur le sujet. Que penser de ce silence g\u00ean\u00e9 sinon qu\u2019il alimente les rumeurs les plus folles, suscite de graves interrogations et ajoute \u00e0 l\u2019inqui\u00e9tude g\u00e9n\u00e9rale ?<\/em><\/strong><\/p>\n\n\n\n<p>Par<strong> Imed Bahri<\/strong><\/p>\n\n\n\n<!--more-->\n\n\n\n<p>On ne s\u2019attardera pas sur la dangerosit\u00e9 des \u00e9vad\u00e9s qui ont tremp\u00e9 dans des assassinats politiques et des attentats terroristes ayant secou\u00e9 le pays entre 2012 et 2016. Ils \u00e9taient incarc\u00e9r\u00e9s dans des cellules d\u2019isolement dans des quartiers sp\u00e9ciaux particuli\u00e8rement gard\u00e9s et soumis \u00e0 des protocoles rigoureux de surveillance 24 heures sur 24 heures. Certains d\u2019entre eux ont d\u00e9j\u00e0 tent\u00e9 de se procurer des produits pouvant \u00eatre utilis\u00e9s dans une \u00e9vasion (notamment des somnif\u00e8res) et ont \u00e9t\u00e9 d\u00e9masqu\u00e9s. Cela a eu lieu en 2015 et les autorit\u00e9s p\u00e9nitentiaires avaient m\u00eame, \u00e0 l\u2019\u00e9poque, communiqu\u00e9 sur le sujet. On ne peut donc pas dire qu\u2019elles n\u2019\u00e9taient pas averties ou pr\u00e9par\u00e9es \u00e0 une pareille \u00e9ventualit\u00e9.<\/p>\n\n\n\n<h2 class=\"wp-block-heading\">Des complicit\u00e9s au c\u0153ur de l\u2019appareil<\/h2>\n\n\n\n<p>Aussi la question \u00e0 laquelle les citoyens ne trouvent pas de r\u00e9ponse et qui leur cause des cauchemars est la suivante&nbsp;: comment les criminels cens\u00e9s \u00eatre les plus strictement surveill\u00e9s dans le pays ont-ils pu d\u00e9jouer tous les protocoles de surveillance, quitter leurs cellules d\u2019isolement, se rassembler quelque part au c\u0153ur d\u2019une prison truff\u00e9e de cam\u00e9ras, sauter par-dessus des murs surmont\u00e9s de barbel\u00e9s et hauts de dix m\u00e8tres et dispara\u00eetre dans la nature&nbsp;?<\/p>\n\n\n\n<p>Ce qui ajoute \u00e0 l\u2019inqui\u00e9tude g\u00e9n\u00e9rale et fait m\u00eame douter de la capacit\u00e9 des autorit\u00e9s \u00e0 bien contr\u00f4ler la situation, c\u2019est que des images de ladite \u00e9vasion \u2013 ou pr\u00e9sent\u00e9es comme telles \u2013 ont fuit\u00e9 dans les r\u00e9seaux sociaux quelques heures seulement apr\u00e8s la d\u00e9couverte du pot aux roses&nbsp;: on y voit des agents prendre des photos de la fen\u00eatre avec des barreaux sci\u00e9s d\u2019o\u00f9 les \u00e9vad\u00e9s auraient quitt\u00e9 la prison, ainsi que la corde qui les aurait aid\u00e9s \u00e0 retomber sur leurs pieds.<\/p>\n\n\n\n<p>Par ailleurs, le fait que les fuyards n\u2019aient crois\u00e9 aucun agent p\u00e9nitencier ni aucun policier dans les environs de la prison, laquelle est situ\u00e9e dans une r\u00e9gion isol\u00e9e, suscite \u00e9galement des interrogations et alimente des soup\u00e7ons de complicit\u00e9s actives au c\u0153ur m\u00eame des corps p\u00e9nitentiaire et s\u00e9curitaire, complicit\u00e9s que confortent les trois <a href=\"https:\/\/kapitalis.com\/tunisie\/2023\/10\/31\/terroristes-evades-le-directeur-de-la-prison-mornaguia-demis-de-ses-fonctions\/\" target=\"_blank\" rel=\"noreferrer noopener\">limogeages<\/a> de hauts responsables annonc\u00e9s hier soir dans les <a href=\"https:\/\/kapitalis.com\/tunisie\/2023\/10\/31\/surete-nationale-deux-directeurs-demis-de-leurs-fonctions\/\" target=\"_blank\" rel=\"noreferrer noopener\">deux corps<\/a>.<\/p>\n\n\n\n<h2 class=\"wp-block-heading\">Les silences du palais<\/h2>\n\n\n\n<p>Face \u00e0 tant de myst\u00e8res, on aurait souhait\u00e9 entendre le pr\u00e9sident de la r\u00e9publique s\u2019exprimer au sujet de l\u2019affaire, mais il a choisi le pire moment pour dispara\u00eetre de la circulation&nbsp;: il n\u2019est pas apparu publiquement depuis cinq jours.<\/p>\n\n\n\n<p>La ministre de la Justice, qui a multipli\u00e9 ces derniers mois les visites d\u2019inspection dans les prisons, a disparu elle-aussi de la circulation au moment o\u00f9 sa parole aurait sans doute \u00e9t\u00e9 utile pour calmer les appr\u00e9hensions.<\/p>\n\n\n\n<p>On peut dire aussi la m\u00eame chose du ministre de l\u2019Int\u00e9rieur dont la disparition des radars trahit la grosse g\u00eane o\u00f9 se trouve aujourd\u2019hui l\u2019Etat qui d\u00e9couvre \u00e0 cette occasion ses manquements et ses carences.<\/p>\n\n\n\n<p>En attendant une hypoth\u00e9tique conf\u00e9rence de presse qui, \u00e0 d\u00e9faut d\u2019\u00e9clairer l\u2019opinion sur les circonstances exactes de cette \u00e9vasion, aiderait au moins \u00e0 dissiper les inqui\u00e9tudes et calmer les esprits, nous en sommes encore r\u00e9duits, journalistes, citoyens et observateurs \u00e9trangers \u00e0 imaginer des sc\u00e9narios et \u00e0 \u00e9chafauder des hypoth\u00e8ses. Alors que cinq dangereux terroristes, et leurs suppos\u00e9s complices, sont libres comme le vent et font peser des menaces sur le pays, au moment o\u00f9 il traverse une grave crise et est \u00e0 la merci d\u2019une \u00e9tincelle. Et que les fervents adeptes de la th\u00e9orie du complot, dont beaucoup se proclament du pr\u00e9sident Ka\u00efs Sa\u00efed, sont en train de d\u00e9fendre la th\u00e8se selon laquelle cette \u00e9vasion est foment\u00e9e par des services \u00e9trangers cherchant \u00e0 d\u00e9stabiliser le r\u00e9gime en place \u00e0 Tunis afin de le punir pour ses positions hostiles \u00e0 Isra\u00ebl&#8230;     <\/p>\n\n\n\n<figure class=\"wp-block-embed is-type-wp-embed is-provider-kapitalis wp-block-embed-kapitalis\"><div class=\"wp-block-embed__wrapper\">\n<blockquote class=\"wp-embedded-content\" data-secret=\"YYSuf5Tgpc\"><a href=\"https:\/\/kapitalis.com\/tunisie\/2023\/10\/31\/terroristes-evades-le-directeur-de-la-prison-mornaguia-demis-de-ses-fonctions\/\">Terroristes \u00e9vad\u00e9s : Le directeur de la prison Mornaguia d\u00e9mis de ses fonctions<\/a><\/blockquote><iframe loading=\"lazy\" class=\"wp-embedded-content\" sandbox=\"allow-scripts\" security=\"restricted\" style=\"position: absolute; clip: rect(1px, 1px, 1px, 1px);\" title=\"\u00ab\u00a0Terroristes \u00e9vad\u00e9s : Le directeur de la prison Mornaguia d\u00e9mis de ses fonctions\u00a0\u00bb &#8212; Kapitalis\" src=\"https:\/\/kapitalis.com\/tunisie\/2023\/10\/31\/terroristes-evades-le-directeur-de-la-prison-mornaguia-demis-de-ses-fonctions\/embed\/#?secret=IAQn1TE3rm#?secret=YYSuf5Tgpc\" data-secret=\"YYSuf5Tgpc\" width=\"600\" height=\"338\" frameborder=\"0\" marginwidth=\"0\" marginheight=\"0\" scrolling=\"no\"><\/iframe>\n<\/div><\/figure>\n\n\n\n<figure class=\"wp-block-embed is-type-wp-embed is-provider-kapitalis wp-block-embed-kapitalis\"><div class=\"wp-block-embed__wrapper\">\n<blockquote class=\"wp-embedded-content\" data-secret=\"cc00b1hj1k\"><a href=\"https:\/\/kapitalis.com\/tunisie\/2023\/10\/31\/surete-nationale-deux-directeurs-demis-de-leurs-fonctions\/\">S\u00fbret\u00e9 nationale : Deux directeurs d\u00e9mis de leurs fonctions<\/a><\/blockquote><iframe loading=\"lazy\" class=\"wp-embedded-content\" sandbox=\"allow-scripts\" security=\"restricted\" style=\"position: absolute; clip: rect(1px, 1px, 1px, 1px);\" title=\"\u00ab\u00a0S\u00fbret\u00e9 nationale : Deux directeurs d\u00e9mis de leurs fonctions\u00a0\u00bb &#8212; Kapitalis\" src=\"https:\/\/kapitalis.com\/tunisie\/2023\/10\/31\/surete-nationale-deux-directeurs-demis-de-leurs-fonctions\/embed\/#?secret=a0LWmmsVV4#?secret=cc00b1hj1k\" data-secret=\"cc00b1hj1k\" width=\"600\" height=\"338\" frameborder=\"0\" marginwidth=\"0\" marginheight=\"0\" scrolling=\"no\"><\/iframe>\n<\/div><\/figure>\n","protected":false},"excerpt":{"rendered":"<p>Le silence des autorit\u00e9s tunisiennes sur l&rsquo;\u00e9vasion de 5 dangereux terroristes inqui\u00e8te l&rsquo;opinion nationale et internationale.  <\/p>\n","protected":false},"author":8,"featured_media":10344605,"comment_status":"open","ping_status":"open","sticky":false,"template":"","format":"standard","meta":{"footnotes":""},"categories":[992,997,2433],"tags":[76012,70809,899,62643],"class_list":["post-10344388","post","type-post","status-publish","format-standard","has-post-thumbnail","hentry","category-a-la-une","category-politique","category-tunisie","tag-kais-saied-2","tag-prison-de-mornaguia","tag-terroristes","tag-tunisie"],"yoast_head":"<!-- This site is optimized with the Yoast SEO plugin v26.6 - https:\/\/yoast.com\/wordpress\/plugins\/seo\/ -->\n<title>Retour sur l&#039;\u00e9vasion de cinq dangereux terroristes - Kapitalis<\/title>\n<meta name=\"robots\" content=\"index, follow, max-snippet:-1, max-image-preview:large, max-video-preview:-1\" \/>\n<link rel=\"canonical\" href=\"https:\/\/kapitalis.com\/tunisie\/2023\/11\/01\/retour-sur-levasion-de-cinq-dangereux-terroristes\/\" \/>\n<meta property=\"og:locale\" content=\"fr_FR\" \/>\n<meta property=\"og:type\" content=\"article\" \/>\n<meta property=\"og:title\" content=\"Retour sur l&#039;\u00e9vasion de cinq dangereux terroristes - Kapitalis\" \/>\n<meta property=\"og:description\" content=\"Le silence des autorit\u00e9s tunisiennes sur l&#039;\u00e9vasion de 5 dangereux terroristes inqui\u00e8te l&#039;opinion nationale et internationale.\" \/>\n<meta property=\"og:url\" content=\"https:\/\/kapitalis.com\/tunisie\/2023\/11\/01\/retour-sur-levasion-de-cinq-dangereux-terroristes\/\" \/>\n<meta property=\"og:site_name\" content=\"Kapitalis\" \/>\n<meta property=\"article:publisher\" content=\"https:\/\/www.facebook.com\/KapitalisInfo\/\" \/>\n<meta property=\"article:published_time\" content=\"2023-11-01T09:10:25+00:00\" \/>\n<meta property=\"article:modified_time\" content=\"2023-11-01T09:10:27+00:00\" \/>\n<meta property=\"og:image\" content=\"https:\/\/kapitalis.com\/tunisie\/wp-content\/uploads\/2023\/11\/Cinq-terroristes.jpg\" \/>\n\t<meta property=\"og:image:width\" content=\"1200\" \/>\n\t<meta property=\"og:image:height\" content=\"630\" \/>\n\t<meta property=\"og:image:type\" content=\"image\/jpeg\" \/>\n<meta name=\"author\" content=\"webmaster kapitalis\" \/>\n<meta name=\"twitter:card\" content=\"summary_large_image\" \/>\n<meta name=\"twitter:creator\" content=\"@KapitalisInfo\" \/>\n<meta name=\"twitter:site\" content=\"@KapitalisInfo\" \/>\n<meta name=\"twitter:label1\" content=\"\u00c9crit par\" \/>\n\t<meta name=\"twitter:data1\" content=\"webmaster kapitalis\" \/>\n\t<meta name=\"twitter:label2\" content=\"Dur\u00e9e de lecture estim\u00e9e\" \/>\n\t<meta name=\"twitter:data2\" content=\"4 minutes\" \/>\n<script type=\"application\/ld+json\" class=\"yoast-schema-graph\">{\"@context\":\"https:\/\/schema.org\",\"@graph\":[{\"@type\":\"Article\",\"@id\":\"https:\/\/kapitalis.com\/tunisie\/2023\/11\/01\/retour-sur-levasion-de-cinq-dangereux-terroristes\/#article\",\"isPartOf\":{\"@id\":\"https:\/\/kapitalis.com\/tunisie\/2023\/11\/01\/retour-sur-levasion-de-cinq-dangereux-terroristes\/\"},\"author\":{\"name\":\"webmaster kapitalis\",\"@id\":\"https:\/\/kapitalis.com\/tunisie\/#\/schema\/person\/d71f33a9ca44f7bad4698210b480c8e9\"},\"headline\":\"Retour sur l&rsquo;\u00e9vasion de cinq dangereux terroristes\",\"datePublished\":\"2023-11-01T09:10:25+00:00\",\"dateModified\":\"2023-11-01T09:10:27+00:00\",\"mainEntityOfPage\":{\"@id\":\"https:\/\/kapitalis.com\/tunisie\/2023\/11\/01\/retour-sur-levasion-de-cinq-dangereux-terroristes\/\"},\"wordCount\":779,\"commentCount\":2,\"publisher\":{\"@id\":\"https:\/\/kapitalis.com\/tunisie\/#organization\"},\"image\":{\"@id\":\"https:\/\/kapitalis.com\/tunisie\/2023\/11\/01\/retour-sur-levasion-de-cinq-dangereux-terroristes\/#primaryimage\"},\"thumbnailUrl\":\"https:\/\/kapitalis.com\/tunisie\/wp-content\/uploads\/2023\/11\/Cinq-terroristes.jpg\",\"keywords\":[\"Ka\u00efs Sa\u00efed\",\"Prison de Mornaguia\",\"terroristes\",\"Tunisie\"],\"articleSection\":[\"A LA UNE\",\"POLITIQUE\",\"Tunisie\"],\"inLanguage\":\"fr-FR\",\"potentialAction\":[{\"@type\":\"CommentAction\",\"name\":\"Comment\",\"target\":[\"https:\/\/kapitalis.com\/tunisie\/2023\/11\/01\/retour-sur-levasion-de-cinq-dangereux-terroristes\/#respond\"]}]},{\"@type\":\"WebPage\",\"@id\":\"https:\/\/kapitalis.com\/tunisie\/2023\/11\/01\/retour-sur-levasion-de-cinq-dangereux-terroristes\/\",\"url\":\"https:\/\/kapitalis.com\/tunisie\/2023\/11\/01\/retour-sur-levasion-de-cinq-dangereux-terroristes\/\",\"name\":\"Retour sur l'\u00e9vasion de cinq dangereux terroristes - Kapitalis\",\"isPartOf\":{\"@id\":\"https:\/\/kapitalis.com\/tunisie\/#website\"},\"primaryImageOfPage\":{\"@id\":\"https:\/\/kapitalis.com\/tunisie\/2023\/11\/01\/retour-sur-levasion-de-cinq-dangereux-terroristes\/#primaryimage\"},\"image\":{\"@id\":\"https:\/\/kapitalis.com\/tunisie\/2023\/11\/01\/retour-sur-levasion-de-cinq-dangereux-terroristes\/#primaryimage\"},\"thumbnailUrl\":\"https:\/\/kapitalis.com\/tunisie\/wp-content\/uploads\/2023\/11\/Cinq-terroristes.jpg\",\"datePublished\":\"2023-11-01T09:10:25+00:00\",\"dateModified\":\"2023-11-01T09:10:27+00:00\",\"breadcrumb\":{\"@id\":\"https:\/\/kapitalis.com\/tunisie\/2023\/11\/01\/retour-sur-levasion-de-cinq-dangereux-terroristes\/#breadcrumb\"},\"inLanguage\":\"fr-FR\",\"potentialAction\":[{\"@type\":\"ReadAction\",\"target\":[\"https:\/\/kapitalis.com\/tunisie\/2023\/11\/01\/retour-sur-levasion-de-cinq-dangereux-terroristes\/\"]}]},{\"@type\":\"ImageObject\",\"inLanguage\":\"fr-FR\",\"@id\":\"https:\/\/kapitalis.com\/tunisie\/2023\/11\/01\/retour-sur-levasion-de-cinq-dangereux-terroristes\/#primaryimage\",\"url\":\"https:\/\/kapitalis.com\/tunisie\/wp-content\/uploads\/2023\/11\/Cinq-terroristes.jpg\",\"contentUrl\":\"https:\/\/kapitalis.com\/tunisie\/wp-content\/uploads\/2023\/11\/Cinq-terroristes.jpg\",\"width\":1200,\"height\":630},{\"@type\":\"BreadcrumbList\",\"@id\":\"https:\/\/kapitalis.com\/tunisie\/2023\/11\/01\/retour-sur-levasion-de-cinq-dangereux-terroristes\/#breadcrumb\",\"itemListElement\":[{\"@type\":\"ListItem\",\"position\":1,\"name\":\"Accueil\",\"item\":\"https:\/\/kapitalis.com\/tunisie\/\"},{\"@type\":\"ListItem\",\"position\":2,\"name\":\"Retour sur l&rsquo;\u00e9vasion de cinq dangereux terroristes\"}]},{\"@type\":\"WebSite\",\"@id\":\"https:\/\/kapitalis.com\/tunisie\/#website\",\"url\":\"https:\/\/kapitalis.com\/tunisie\/\",\"name\":\"Kapitalis\",\"description\":\"L&#039;actualit\u00e9 en Tunisie et dans le monde\",\"publisher\":{\"@id\":\"https:\/\/kapitalis.com\/tunisie\/#organization\"},\"potentialAction\":[{\"@type\":\"SearchAction\",\"target\":{\"@type\":\"EntryPoint\",\"urlTemplate\":\"https:\/\/kapitalis.com\/tunisie\/?s={search_term_string}\"},\"query-input\":{\"@type\":\"PropertyValueSpecification\",\"valueRequired\":true,\"valueName\":\"search_term_string\"}}],\"inLanguage\":\"fr-FR\"},{\"@type\":\"Organization\",\"@id\":\"https:\/\/kapitalis.com\/tunisie\/#organization\",\"name\":\"Kapitalis\",\"url\":\"https:\/\/kapitalis.com\/tunisie\/\",\"logo\":{\"@type\":\"ImageObject\",\"inLanguage\":\"fr-FR\",\"@id\":\"https:\/\/kapitalis.com\/tunisie\/#\/schema\/logo\/image\/\",\"url\":\"https:\/\/kapitalis.com\/tunisie\/wp-content\/uploads\/2022\/05\/Kapitalis-big-size.png\",\"contentUrl\":\"https:\/\/kapitalis.com\/tunisie\/wp-content\/uploads\/2022\/05\/Kapitalis-big-size.png\",\"width\":5000,\"height\":1500,\"caption\":\"Kapitalis\"},\"image\":{\"@id\":\"https:\/\/kapitalis.com\/tunisie\/#\/schema\/logo\/image\/\"},\"sameAs\":[\"https:\/\/www.facebook.com\/KapitalisInfo\/\",\"https:\/\/x.com\/KapitalisInfo\",\"https:\/\/www.youtube.com\/channel\/UC-yDYrHyfFBWWZaOw3FPg9Q\"]},{\"@type\":\"Person\",\"@id\":\"https:\/\/kapitalis.com\/tunisie\/#\/schema\/person\/d71f33a9ca44f7bad4698210b480c8e9\",\"name\":\"webmaster kapitalis\",\"url\":\"https:\/\/kapitalis.com\/tunisie\/author\/webmaster-kapitalis\/\"}]}<\/script>\n<!-- \/ Yoast SEO plugin. -->","yoast_head_json":{"title":"Retour sur l'\u00e9vasion de cinq dangereux terroristes - Kapitalis","robots":{"index":"index","follow":"follow","max-snippet":"max-snippet:-1","max-image-preview":"max-image-preview:large","max-video-preview":"max-video-preview:-1"},"canonical":"https:\/\/kapitalis.com\/tunisie\/2023\/11\/01\/retour-sur-levasion-de-cinq-dangereux-terroristes\/","og_locale":"fr_FR","og_type":"article","og_title":"Retour sur l'\u00e9vasion de cinq dangereux terroristes - Kapitalis","og_description":"Le silence des autorit\u00e9s tunisiennes sur l'\u00e9vasion de 5 dangereux terroristes inqui\u00e8te l'opinion nationale et internationale.","og_url":"https:\/\/kapitalis.com\/tunisie\/2023\/11\/01\/retour-sur-levasion-de-cinq-dangereux-terroristes\/","og_site_name":"Kapitalis","article_publisher":"https:\/\/www.facebook.com\/KapitalisInfo\/","article_published_time":"2023-11-01T09:10:25+00:00","article_modified_time":"2023-11-01T09:10:27+00:00","og_image":[{"width":1200,"height":630,"url":"https:\/\/kapitalis.com\/tunisie\/wp-content\/uploads\/2023\/11\/Cinq-terroristes.jpg","type":"image\/jpeg"}],"author":"webmaster kapitalis","twitter_card":"summary_large_image","twitter_creator":"@KapitalisInfo","twitter_site":"@KapitalisInfo","twitter_misc":{"\u00c9crit par":"webmaster kapitalis","Dur\u00e9e de lecture estim\u00e9e":"4 minutes"},"schema":{"@context":"https:\/\/schema.org","@graph":[{"@type":"Article","@id":"https:\/\/kapitalis.com\/tunisie\/2023\/11\/01\/retour-sur-levasion-de-cinq-dangereux-terroristes\/#article","isPartOf":{"@id":"https:\/\/kapitalis.com\/tunisie\/2023\/11\/01\/retour-sur-levasion-de-cinq-dangereux-terroristes\/"},"author":{"name":"webmaster kapitalis","@id":"https:\/\/kapitalis.com\/tunisie\/#\/schema\/person\/d71f33a9ca44f7bad4698210b480c8e9"},"headline":"Retour sur l&rsquo;\u00e9vasion de cinq dangereux terroristes","datePublished":"2023-11-01T09:10:25+00:00","dateModified":"2023-11-01T09:10:27+00:00","mainEntityOfPage":{"@id":"https:\/\/kapitalis.com\/tunisie\/2023\/11\/01\/retour-sur-levasion-de-cinq-dangereux-terroristes\/"},"wordCount":779,"commentCount":2,"publisher":{"@id":"https:\/\/kapitalis.com\/tunisie\/#organization"},"image":{"@id":"https:\/\/kapitalis.com\/tunisie\/2023\/11\/01\/retour-sur-levasion-de-cinq-dangereux-terroristes\/#primaryimage"},"thumbnailUrl":"https:\/\/kapitalis.com\/tunisie\/wp-content\/uploads\/2023\/11\/Cinq-terroristes.jpg","keywords":["Ka\u00efs Sa\u00efed","Prison de Mornaguia","terroristes","Tunisie"],"articleSection":["A LA UNE","POLITIQUE","Tunisie"],"inLanguage":"fr-FR","potentialAction":[{"@type":"CommentAction","name":"Comment","target":["https:\/\/kapitalis.com\/tunisie\/2023\/11\/01\/retour-sur-levasion-de-cinq-dangereux-terroristes\/#respond"]}]},{"@type":"WebPage","@id":"https:\/\/kapitalis.com\/tunisie\/2023\/11\/01\/retour-sur-levasion-de-cinq-dangereux-terroristes\/","url":"https:\/\/kapitalis.com\/tunisie\/2023\/11\/01\/retour-sur-levasion-de-cinq-dangereux-terroristes\/","name":"Retour sur l'\u00e9vasion de cinq dangereux terroristes - Kapitalis","isPartOf":{"@id":"https:\/\/kapitalis.com\/tunisie\/#website"},"primaryImageOfPage":{"@id":"https:\/\/kapitalis.com\/tunisie\/2023\/11\/01\/retour-sur-levasion-de-cinq-dangereux-terroristes\/#primaryimage"},"image":{"@id":"https:\/\/kapitalis.com\/tunisie\/2023\/11\/01\/retour-sur-levasion-de-cinq-dangereux-terroristes\/#primaryimage"},"thumbnailUrl":"https:\/\/kapitalis.com\/tunisie\/wp-content\/uploads\/2023\/11\/Cinq-terroristes.jpg","datePublished":"2023-11-01T09:10:25+00:00","dateModified":"2023-11-01T09:10:27+00:00","breadcrumb":{"@id":"https:\/\/kapitalis.com\/tunisie\/2023\/11\/01\/retour-sur-levasion-de-cinq-dangereux-terroristes\/#breadcrumb"},"inLanguage":"fr-FR","potentialAction":[{"@type":"ReadAction","target":["https:\/\/kapitalis.com\/tunisie\/2023\/11\/01\/retour-sur-levasion-de-cinq-dangereux-terroristes\/"]}]},{"@type":"ImageObject","inLanguage":"fr-FR","@id":"https:\/\/kapitalis.com\/tunisie\/2023\/11\/01\/retour-sur-levasion-de-cinq-dangereux-terroristes\/#primaryimage","url":"https:\/\/kapitalis.com\/tunisie\/wp-content\/uploads\/2023\/11\/Cinq-terroristes.jpg","contentUrl":"https:\/\/kapitalis.com\/tunisie\/wp-content\/uploads\/2023\/11\/Cinq-terroristes.jpg","width":1200,"height":630},{"@type":"BreadcrumbList","@id":"https:\/\/kapitalis.com\/tunisie\/2023\/11\/01\/retour-sur-levasion-de-cinq-dangereux-terroristes\/#breadcrumb","itemListElement":[{"@type":"ListItem","position":1,"name":"Accueil","item":"https:\/\/kapitalis.com\/tunisie\/"},{"@type":"ListItem","position":2,"name":"Retour sur l&rsquo;\u00e9vasion de cinq dangereux terroristes"}]},{"@type":"WebSite","@id":"https:\/\/kapitalis.com\/tunisie\/#website","url":"https:\/\/kapitalis.com\/tunisie\/","name":"Kapitalis","description":"L&#039;actualit\u00e9 en Tunisie et dans le monde","publisher":{"@id":"https:\/\/kapitalis.com\/tunisie\/#organization"},"potentialAction":[{"@type":"SearchAction","target":{"@type":"EntryPoint","urlTemplate":"https:\/\/kapitalis.com\/tunisie\/?s={search_term_string}"},"query-input":{"@type":"PropertyValueSpecification","valueRequired":true,"valueName":"search_term_string"}}],"inLanguage":"fr-FR"},{"@type":"Organization","@id":"https:\/\/kapitalis.com\/tunisie\/#organization","name":"Kapitalis","url":"https:\/\/kapitalis.com\/tunisie\/","logo":{"@type":"ImageObject","inLanguage":"fr-FR","@id":"https:\/\/kapitalis.com\/tunisie\/#\/schema\/logo\/image\/","url":"https:\/\/kapitalis.com\/tunisie\/wp-content\/uploads\/2022\/05\/Kapitalis-big-size.png","contentUrl":"https:\/\/kapitalis.com\/tunisie\/wp-content\/uploads\/2022\/05\/Kapitalis-big-size.png","width":5000,"height":1500,"caption":"Kapitalis"},"image":{"@id":"https:\/\/kapitalis.com\/tunisie\/#\/schema\/logo\/image\/"},"sameAs":["https:\/\/www.facebook.com\/KapitalisInfo\/","https:\/\/x.com\/KapitalisInfo","https:\/\/www.youtube.com\/channel\/UC-yDYrHyfFBWWZaOw3FPg9Q"]},{"@type":"Person","@id":"https:\/\/kapitalis.com\/tunisie\/#\/schema\/person\/d71f33a9ca44f7bad4698210b480c8e9","name":"webmaster kapitalis","url":"https:\/\/kapitalis.com\/tunisie\/author\/webmaster-kapitalis\/"}]}},"_links":{"self":[{"href":"https:\/\/kapitalis.com\/tunisie\/wp-json\/wp\/v2\/posts\/10344388","targetHints":{"allow":["GET"]}}],"collection":[{"href":"https:\/\/kapitalis.com\/tunisie\/wp-json\/wp\/v2\/posts"}],"about":[{"href":"https:\/\/kapitalis.com\/tunisie\/wp-json\/wp\/v2\/types\/post"}],"author":[{"embeddable":true,"href":"https:\/\/kapitalis.com\/tunisie\/wp-json\/wp\/v2\/users\/8"}],"replies":[{"embeddable":true,"href":"https:\/\/kapitalis.com\/tunisie\/wp-json\/wp\/v2\/comments?post=10344388"}],"version-history":[{"count":1,"href":"https:\/\/kapitalis.com\/tunisie\/wp-json\/wp\/v2\/posts\/10344388\/revisions"}],"predecessor-version":[{"id":10344713,"href":"https:\/\/kapitalis.com\/tunisie\/wp-json\/wp\/v2\/posts\/10344388\/revisions\/10344713"}],"wp:featuredmedia":[{"embeddable":true,"href":"https:\/\/kapitalis.com\/tunisie\/wp-json\/wp\/v2\/media\/10344605"}],"wp:attachment":[{"href":"https:\/\/kapitalis.com\/tunisie\/wp-json\/wp\/v2\/media?parent=10344388"}],"wp:term":[{"taxonomy":"category","embeddable":true,"href":"https:\/\/kapitalis.com\/tunisie\/wp-json\/wp\/v2\/categories?post=10344388"},{"taxonomy":"post_tag","embeddable":true,"href":"https:\/\/kapitalis.com\/tunisie\/wp-json\/wp\/v2\/tags?post=10344388"}],"curies":[{"name":"wp","href":"https:\/\/api.w.org\/{rel}","templated":true}]}}