{"id":10357,"date":"2015-08-22T16:15:33","date_gmt":"2015-08-22T15:15:33","guid":{"rendered":"http:\/\/kapitalis.com\/tunisie\/?p=10357"},"modified":"2015-08-22T16:15:33","modified_gmt":"2015-08-22T15:15:33","slug":"hammamet-concert-de-bouchnak-en-faveur-de-lecole-publique","status":"publish","type":"post","link":"https:\/\/kapitalis.com\/tunisie\/2015\/08\/22\/hammamet-concert-de-bouchnak-en-faveur-de-lecole-publique\/","title":{"rendered":"Hammamet : Concert de Bouchnak en faveur de l\u2019\u00e9cole publique"},"content":{"rendered":"<p><img loading=\"lazy\" decoding=\"async\" class=\"alignnone size-full wp-image-10358 aligncenter\" src=\"http:\/\/kapitalis.com\/tunisie\/wp-content\/uploads\/2015\/08\/Lotfi-Bouchnak-Carthage.jpg\" alt=\"Lotfi-Bouchnak-Carthage\" width=\"626\" height=\"380\" \/><\/p>\n<p><em><strong>Lotfi Bouchnak donnera, dimanche soir, au th\u00e9\u00e2tre de plein air de Hammamet, un concert dont les recettes seront vers\u00e9es au profit des \u00e9coles publiques.<\/strong> <\/em><\/p>\n<p><!--more--><\/p>\n<p>Pour joindre l\u2019utile \u00e0 l\u2019agr\u00e9able, il ne faut pas h\u00e9siter \u00e0 faire un saut, demain soir, \u00e0 Hammamet, pour assister \u00e0 un concert sp\u00e9cial &#8211; \u00e9coles publiques qui sera donn\u00e9 par notre crooner national Lotfi Bouchnak.<\/p>\n<p>Ce dernier, qui a cl\u00f4tur\u00e9, avant-hier soir, avec maestria, le 51e Festival de Carthage, en gratifiant son public d\u2019un bouquet de chansons patriotiques, avant d\u2019interpr\u00e9ter ses inoubliables tubes, devant un public aux anges.<\/p>\n<p>Lotfi Bouchnak avait, ce soir-l\u00e0, appel\u00e9 les citoyens \u00e0 contribuer \u00e0 la campagne nationale de restauration des \u00e9coles publiques dans toutes les r\u00e9gions. Et pour donner l\u2019exemple, il a programm\u00e9 le concert de demain soir \u00e0 Hammamet, dont les recettes seront vers\u00e9es dans les caisses du minist\u00e8re de l\u2019Education, pour contribuer au financement de la campagne nationale pour la restauration des \u00e9coles publiques.<\/p>\n<p>Le chanteur, qui interpr\u00e9tera, entre autres chansons, <em>\u2018\u2018Allemni\u2019\u2019<\/em> (Apprend-moi), d\u00e9di\u00e9e aux enseignants, vient d\u2019enregistrer un clip sur le m\u00eame sujet qui sera diffus\u00e9 sur les chaines de radio et de t\u00e9l\u00e9vision pour sensibiliser les citoyens \u00e0 participer \u00e0 cette campagne citoyenne.<\/p>\n<p style=\"text-align: right;\"><strong>Z. A.<\/strong><\/p>\n","protected":false},"excerpt":{"rendered":"<p>Lotfi Bouchnak donnera, dimanche soir, au th\u00e9\u00e2tre de plein air de Hammamet, un concert dont les recettes seront vers\u00e9es au profit des \u00e9coles publiques.<\/p>\n","protected":false},"author":8,"featured_media":10358,"comment_status":"open","ping_status":"open","sticky":false,"template":"","format":"standard","meta":{"footnotes":""},"categories":[994,2433],"tags":[4804,439,3527,2115],"class_list":["post-10357","post","type-post","status-publish","format-standard","has-post-thumbnail","hentry","category-culture","category-tunisie","tag-ecoles-publiques","tag-hammamet","tag-lotfi-bouchnak","tag-restauration"],"yoast_head":"<!-- This site is optimized with the Yoast SEO plugin v26.6 - https:\/\/yoast.com\/wordpress\/plugins\/seo\/ -->\n<title>Hammamet : Concert de Bouchnak en faveur de l\u2019\u00e9cole publique - Kapitalis<\/title>\n<meta name=\"robots\" content=\"index, follow, max-snippet:-1, max-image-preview:large, max-video-preview:-1\" \/>\n<link rel=\"canonical\" href=\"https:\/\/kapitalis.com\/tunisie\/2015\/08\/22\/hammamet-concert-de-bouchnak-en-faveur-de-lecole-publique\/\" \/>\n<meta property=\"og:locale\" content=\"fr_FR\" \/>\n<meta property=\"og:type\" content=\"article\" \/>\n<meta property=\"og:title\" content=\"Hammamet : Concert de Bouchnak en faveur de l\u2019\u00e9cole publique - Kapitalis\" \/>\n<meta property=\"og:description\" content=\"Lotfi Bouchnak donnera, dimanche soir, au th\u00e9\u00e2tre de plein air de Hammamet, un concert dont les recettes seront vers\u00e9es au profit des \u00e9coles publiques.\" \/>\n<meta property=\"og:url\" content=\"https:\/\/kapitalis.com\/tunisie\/2015\/08\/22\/hammamet-concert-de-bouchnak-en-faveur-de-lecole-publique\/\" \/>\n<meta property=\"og:site_name\" content=\"Kapitalis\" \/>\n<meta property=\"article:publisher\" content=\"https:\/\/www.facebook.com\/KapitalisInfo\/\" \/>\n<meta property=\"article:published_time\" content=\"2015-08-22T15:15:33+00:00\" \/>\n<meta property=\"og:image\" content=\"https:\/\/kapitalis.com\/tunisie\/wp-content\/uploads\/2022\/05\/kapitalis-logo-fb.png\" \/>\n\t<meta property=\"og:image:width\" content=\"1200\" \/>\n\t<meta property=\"og:image:height\" content=\"630\" \/>\n\t<meta property=\"og:image:type\" content=\"image\/png\" \/>\n<meta name=\"author\" content=\"webmaster kapitalis\" \/>\n<meta name=\"twitter:card\" content=\"summary_large_image\" \/>\n<meta name=\"twitter:creator\" content=\"@KapitalisInfo\" \/>\n<meta name=\"twitter:site\" content=\"@KapitalisInfo\" \/>\n<meta name=\"twitter:label1\" content=\"\u00c9crit par\" \/>\n\t<meta name=\"twitter:data1\" content=\"webmaster kapitalis\" \/>\n\t<meta name=\"twitter:label2\" content=\"Dur\u00e9e de lecture estim\u00e9e\" \/>\n\t<meta name=\"twitter:data2\" content=\"1 minute\" \/>\n<script type=\"application\/ld+json\" class=\"yoast-schema-graph\">{\"@context\":\"https:\/\/schema.org\",\"@graph\":[{\"@type\":\"Article\",\"@id\":\"https:\/\/kapitalis.com\/tunisie\/2015\/08\/22\/hammamet-concert-de-bouchnak-en-faveur-de-lecole-publique\/#article\",\"isPartOf\":{\"@id\":\"https:\/\/kapitalis.com\/tunisie\/2015\/08\/22\/hammamet-concert-de-bouchnak-en-faveur-de-lecole-publique\/\"},\"author\":{\"name\":\"webmaster kapitalis\",\"@id\":\"https:\/\/kapitalis.com\/tunisie\/#\/schema\/person\/d71f33a9ca44f7bad4698210b480c8e9\"},\"headline\":\"Hammamet : Concert de Bouchnak en faveur de l\u2019\u00e9cole publique\",\"datePublished\":\"2015-08-22T15:15:33+00:00\",\"mainEntityOfPage\":{\"@id\":\"https:\/\/kapitalis.com\/tunisie\/2015\/08\/22\/hammamet-concert-de-bouchnak-en-faveur-de-lecole-publique\/\"},\"wordCount\":223,\"commentCount\":0,\"publisher\":{\"@id\":\"https:\/\/kapitalis.com\/tunisie\/#organization\"},\"image\":{\"@id\":\"https:\/\/kapitalis.com\/tunisie\/2015\/08\/22\/hammamet-concert-de-bouchnak-en-faveur-de-lecole-publique\/#primaryimage\"},\"thumbnailUrl\":\"\",\"keywords\":[\"\u00e9coles publiques\",\"Hammamet\",\"Lotfi Bouchnak\",\"restauration\"],\"articleSection\":[\"CULTURE\",\"Tunisie\"],\"inLanguage\":\"fr-FR\",\"potentialAction\":[{\"@type\":\"CommentAction\",\"name\":\"Comment\",\"target\":[\"https:\/\/kapitalis.com\/tunisie\/2015\/08\/22\/hammamet-concert-de-bouchnak-en-faveur-de-lecole-publique\/#respond\"]}]},{\"@type\":\"WebPage\",\"@id\":\"https:\/\/kapitalis.com\/tunisie\/2015\/08\/22\/hammamet-concert-de-bouchnak-en-faveur-de-lecole-publique\/\",\"url\":\"https:\/\/kapitalis.com\/tunisie\/2015\/08\/22\/hammamet-concert-de-bouchnak-en-faveur-de-lecole-publique\/\",\"name\":\"Hammamet : Concert de Bouchnak en faveur de l\u2019\u00e9cole publique - Kapitalis\",\"isPartOf\":{\"@id\":\"https:\/\/kapitalis.com\/tunisie\/#website\"},\"primaryImageOfPage\":{\"@id\":\"https:\/\/kapitalis.com\/tunisie\/2015\/08\/22\/hammamet-concert-de-bouchnak-en-faveur-de-lecole-publique\/#primaryimage\"},\"image\":{\"@id\":\"https:\/\/kapitalis.com\/tunisie\/2015\/08\/22\/hammamet-concert-de-bouchnak-en-faveur-de-lecole-publique\/#primaryimage\"},\"thumbnailUrl\":\"\",\"datePublished\":\"2015-08-22T15:15:33+00:00\",\"breadcrumb\":{\"@id\":\"https:\/\/kapitalis.com\/tunisie\/2015\/08\/22\/hammamet-concert-de-bouchnak-en-faveur-de-lecole-publique\/#breadcrumb\"},\"inLanguage\":\"fr-FR\",\"potentialAction\":[{\"@type\":\"ReadAction\",\"target\":[\"https:\/\/kapitalis.com\/tunisie\/2015\/08\/22\/hammamet-concert-de-bouchnak-en-faveur-de-lecole-publique\/\"]}]},{\"@type\":\"ImageObject\",\"inLanguage\":\"fr-FR\",\"@id\":\"https:\/\/kapitalis.com\/tunisie\/2015\/08\/22\/hammamet-concert-de-bouchnak-en-faveur-de-lecole-publique\/#primaryimage\",\"url\":\"\",\"contentUrl\":\"\"},{\"@type\":\"BreadcrumbList\",\"@id\":\"https:\/\/kapitalis.com\/tunisie\/2015\/08\/22\/hammamet-concert-de-bouchnak-en-faveur-de-lecole-publique\/#breadcrumb\",\"itemListElement\":[{\"@type\":\"ListItem\",\"position\":1,\"name\":\"Accueil\",\"item\":\"https:\/\/kapitalis.com\/tunisie\/\"},{\"@type\":\"ListItem\",\"position\":2,\"name\":\"Hammamet : Concert de Bouchnak en faveur de l\u2019\u00e9cole publique\"}]},{\"@type\":\"WebSite\",\"@id\":\"https:\/\/kapitalis.com\/tunisie\/#website\",\"url\":\"https:\/\/kapitalis.com\/tunisie\/\",\"name\":\"Kapitalis\",\"description\":\"L&#039;actualit\u00e9 en Tunisie et dans le monde\",\"publisher\":{\"@id\":\"https:\/\/kapitalis.com\/tunisie\/#organization\"},\"potentialAction\":[{\"@type\":\"SearchAction\",\"target\":{\"@type\":\"EntryPoint\",\"urlTemplate\":\"https:\/\/kapitalis.com\/tunisie\/?s={search_term_string}\"},\"query-input\":{\"@type\":\"PropertyValueSpecification\",\"valueRequired\":true,\"valueName\":\"search_term_string\"}}],\"inLanguage\":\"fr-FR\"},{\"@type\":\"Organization\",\"@id\":\"https:\/\/kapitalis.com\/tunisie\/#organization\",\"name\":\"Kapitalis\",\"url\":\"https:\/\/kapitalis.com\/tunisie\/\",\"logo\":{\"@type\":\"ImageObject\",\"inLanguage\":\"fr-FR\",\"@id\":\"https:\/\/kapitalis.com\/tunisie\/#\/schema\/logo\/image\/\",\"url\":\"https:\/\/kapitalis.com\/tunisie\/wp-content\/uploads\/2022\/05\/Kapitalis-big-size.png\",\"contentUrl\":\"https:\/\/kapitalis.com\/tunisie\/wp-content\/uploads\/2022\/05\/Kapitalis-big-size.png\",\"width\":5000,\"height\":1500,\"caption\":\"Kapitalis\"},\"image\":{\"@id\":\"https:\/\/kapitalis.com\/tunisie\/#\/schema\/logo\/image\/\"},\"sameAs\":[\"https:\/\/www.facebook.com\/KapitalisInfo\/\",\"https:\/\/x.com\/KapitalisInfo\",\"https:\/\/www.youtube.com\/channel\/UC-yDYrHyfFBWWZaOw3FPg9Q\"]},{\"@type\":\"Person\",\"@id\":\"https:\/\/kapitalis.com\/tunisie\/#\/schema\/person\/d71f33a9ca44f7bad4698210b480c8e9\",\"name\":\"webmaster kapitalis\",\"url\":\"https:\/\/kapitalis.com\/tunisie\/author\/webmaster-kapitalis\/\"}]}<\/script>\n<!-- \/ Yoast SEO plugin. -->","yoast_head_json":{"title":"Hammamet : Concert de Bouchnak en faveur de l\u2019\u00e9cole publique - Kapitalis","robots":{"index":"index","follow":"follow","max-snippet":"max-snippet:-1","max-image-preview":"max-image-preview:large","max-video-preview":"max-video-preview:-1"},"canonical":"https:\/\/kapitalis.com\/tunisie\/2015\/08\/22\/hammamet-concert-de-bouchnak-en-faveur-de-lecole-publique\/","og_locale":"fr_FR","og_type":"article","og_title":"Hammamet : Concert de Bouchnak en faveur de l\u2019\u00e9cole publique - Kapitalis","og_description":"Lotfi Bouchnak donnera, dimanche soir, au th\u00e9\u00e2tre de plein air de Hammamet, un concert dont les recettes seront vers\u00e9es au profit des \u00e9coles publiques.","og_url":"https:\/\/kapitalis.com\/tunisie\/2015\/08\/22\/hammamet-concert-de-bouchnak-en-faveur-de-lecole-publique\/","og_site_name":"Kapitalis","article_publisher":"https:\/\/www.facebook.com\/KapitalisInfo\/","article_published_time":"2015-08-22T15:15:33+00:00","og_image":[{"width":1200,"height":630,"url":"https:\/\/kapitalis.com\/tunisie\/wp-content\/uploads\/2022\/05\/kapitalis-logo-fb.png","type":"image\/png"}],"author":"webmaster kapitalis","twitter_card":"summary_large_image","twitter_creator":"@KapitalisInfo","twitter_site":"@KapitalisInfo","twitter_misc":{"\u00c9crit par":"webmaster kapitalis","Dur\u00e9e de lecture estim\u00e9e":"1 minute"},"schema":{"@context":"https:\/\/schema.org","@graph":[{"@type":"Article","@id":"https:\/\/kapitalis.com\/tunisie\/2015\/08\/22\/hammamet-concert-de-bouchnak-en-faveur-de-lecole-publique\/#article","isPartOf":{"@id":"https:\/\/kapitalis.com\/tunisie\/2015\/08\/22\/hammamet-concert-de-bouchnak-en-faveur-de-lecole-publique\/"},"author":{"name":"webmaster kapitalis","@id":"https:\/\/kapitalis.com\/tunisie\/#\/schema\/person\/d71f33a9ca44f7bad4698210b480c8e9"},"headline":"Hammamet : Concert de Bouchnak en faveur de l\u2019\u00e9cole publique","datePublished":"2015-08-22T15:15:33+00:00","mainEntityOfPage":{"@id":"https:\/\/kapitalis.com\/tunisie\/2015\/08\/22\/hammamet-concert-de-bouchnak-en-faveur-de-lecole-publique\/"},"wordCount":223,"commentCount":0,"publisher":{"@id":"https:\/\/kapitalis.com\/tunisie\/#organization"},"image":{"@id":"https:\/\/kapitalis.com\/tunisie\/2015\/08\/22\/hammamet-concert-de-bouchnak-en-faveur-de-lecole-publique\/#primaryimage"},"thumbnailUrl":"","keywords":["\u00e9coles publiques","Hammamet","Lotfi Bouchnak","restauration"],"articleSection":["CULTURE","Tunisie"],"inLanguage":"fr-FR","potentialAction":[{"@type":"CommentAction","name":"Comment","target":["https:\/\/kapitalis.com\/tunisie\/2015\/08\/22\/hammamet-concert-de-bouchnak-en-faveur-de-lecole-publique\/#respond"]}]},{"@type":"WebPage","@id":"https:\/\/kapitalis.com\/tunisie\/2015\/08\/22\/hammamet-concert-de-bouchnak-en-faveur-de-lecole-publique\/","url":"https:\/\/kapitalis.com\/tunisie\/2015\/08\/22\/hammamet-concert-de-bouchnak-en-faveur-de-lecole-publique\/","name":"Hammamet : Concert de Bouchnak en faveur de l\u2019\u00e9cole publique - Kapitalis","isPartOf":{"@id":"https:\/\/kapitalis.com\/tunisie\/#website"},"primaryImageOfPage":{"@id":"https:\/\/kapitalis.com\/tunisie\/2015\/08\/22\/hammamet-concert-de-bouchnak-en-faveur-de-lecole-publique\/#primaryimage"},"image":{"@id":"https:\/\/kapitalis.com\/tunisie\/2015\/08\/22\/hammamet-concert-de-bouchnak-en-faveur-de-lecole-publique\/#primaryimage"},"thumbnailUrl":"","datePublished":"2015-08-22T15:15:33+00:00","breadcrumb":{"@id":"https:\/\/kapitalis.com\/tunisie\/2015\/08\/22\/hammamet-concert-de-bouchnak-en-faveur-de-lecole-publique\/#breadcrumb"},"inLanguage":"fr-FR","potentialAction":[{"@type":"ReadAction","target":["https:\/\/kapitalis.com\/tunisie\/2015\/08\/22\/hammamet-concert-de-bouchnak-en-faveur-de-lecole-publique\/"]}]},{"@type":"ImageObject","inLanguage":"fr-FR","@id":"https:\/\/kapitalis.com\/tunisie\/2015\/08\/22\/hammamet-concert-de-bouchnak-en-faveur-de-lecole-publique\/#primaryimage","url":"","contentUrl":""},{"@type":"BreadcrumbList","@id":"https:\/\/kapitalis.com\/tunisie\/2015\/08\/22\/hammamet-concert-de-bouchnak-en-faveur-de-lecole-publique\/#breadcrumb","itemListElement":[{"@type":"ListItem","position":1,"name":"Accueil","item":"https:\/\/kapitalis.com\/tunisie\/"},{"@type":"ListItem","position":2,"name":"Hammamet : Concert de Bouchnak en faveur de l\u2019\u00e9cole publique"}]},{"@type":"WebSite","@id":"https:\/\/kapitalis.com\/tunisie\/#website","url":"https:\/\/kapitalis.com\/tunisie\/","name":"Kapitalis","description":"L&#039;actualit\u00e9 en Tunisie et dans le monde","publisher":{"@id":"https:\/\/kapitalis.com\/tunisie\/#organization"},"potentialAction":[{"@type":"SearchAction","target":{"@type":"EntryPoint","urlTemplate":"https:\/\/kapitalis.com\/tunisie\/?s={search_term_string}"},"query-input":{"@type":"PropertyValueSpecification","valueRequired":true,"valueName":"search_term_string"}}],"inLanguage":"fr-FR"},{"@type":"Organization","@id":"https:\/\/kapitalis.com\/tunisie\/#organization","name":"Kapitalis","url":"https:\/\/kapitalis.com\/tunisie\/","logo":{"@type":"ImageObject","inLanguage":"fr-FR","@id":"https:\/\/kapitalis.com\/tunisie\/#\/schema\/logo\/image\/","url":"https:\/\/kapitalis.com\/tunisie\/wp-content\/uploads\/2022\/05\/Kapitalis-big-size.png","contentUrl":"https:\/\/kapitalis.com\/tunisie\/wp-content\/uploads\/2022\/05\/Kapitalis-big-size.png","width":5000,"height":1500,"caption":"Kapitalis"},"image":{"@id":"https:\/\/kapitalis.com\/tunisie\/#\/schema\/logo\/image\/"},"sameAs":["https:\/\/www.facebook.com\/KapitalisInfo\/","https:\/\/x.com\/KapitalisInfo","https:\/\/www.youtube.com\/channel\/UC-yDYrHyfFBWWZaOw3FPg9Q"]},{"@type":"Person","@id":"https:\/\/kapitalis.com\/tunisie\/#\/schema\/person\/d71f33a9ca44f7bad4698210b480c8e9","name":"webmaster kapitalis","url":"https:\/\/kapitalis.com\/tunisie\/author\/webmaster-kapitalis\/"}]}},"_links":{"self":[{"href":"https:\/\/kapitalis.com\/tunisie\/wp-json\/wp\/v2\/posts\/10357","targetHints":{"allow":["GET"]}}],"collection":[{"href":"https:\/\/kapitalis.com\/tunisie\/wp-json\/wp\/v2\/posts"}],"about":[{"href":"https:\/\/kapitalis.com\/tunisie\/wp-json\/wp\/v2\/types\/post"}],"author":[{"embeddable":true,"href":"https:\/\/kapitalis.com\/tunisie\/wp-json\/wp\/v2\/users\/8"}],"replies":[{"embeddable":true,"href":"https:\/\/kapitalis.com\/tunisie\/wp-json\/wp\/v2\/comments?post=10357"}],"version-history":[{"count":0,"href":"https:\/\/kapitalis.com\/tunisie\/wp-json\/wp\/v2\/posts\/10357\/revisions"}],"wp:featuredmedia":[{"embeddable":true,"href":"https:\/\/kapitalis.com\/tunisie\/wp-json\/wp\/v2\/media\/10358"}],"wp:attachment":[{"href":"https:\/\/kapitalis.com\/tunisie\/wp-json\/wp\/v2\/media?parent=10357"}],"wp:term":[{"taxonomy":"category","embeddable":true,"href":"https:\/\/kapitalis.com\/tunisie\/wp-json\/wp\/v2\/categories?post=10357"},{"taxonomy":"post_tag","embeddable":true,"href":"https:\/\/kapitalis.com\/tunisie\/wp-json\/wp\/v2\/tags?post=10357"}],"curies":[{"name":"wp","href":"https:\/\/api.w.org\/{rel}","templated":true}]}}