{"id":10360412,"date":"2023-11-02T10:24:23","date_gmt":"2023-11-02T09:24:23","guid":{"rendered":"https:\/\/kapitalis.com\/tunisie\/?p=10360412"},"modified":"2023-11-02T12:44:32","modified_gmt":"2023-11-02T11:44:32","slug":"voila-pourquoi-israel-doit-etre-juge-pour-crimes-contre-lhumanite","status":"publish","type":"post","link":"https:\/\/kapitalis.com\/tunisie\/2023\/11\/02\/voila-pourquoi-israel-doit-etre-juge-pour-crimes-contre-lhumanite\/","title":{"rendered":"Voil\u00e0 pourquoi Isra\u00ebl doit \u00eatre jug\u00e9 pour crimes contre l\u2019humanit\u00e9"},"content":{"rendered":"\n<p><strong><em>Les massacres qu\u2019Isra\u00ebl est en train de perp\u00e9trer \u00e0 Gaza et en Cisjordanie sont passibles par la Cour P\u00e9nale Internationale (CPI) car ils cochent toutes les cases de la d\u00e9finition internationale de g\u00e9nocide et de crime contre l&rsquo;humanit\u00e9. Quand bien m\u00eame ces massacres b\u00e9n\u00e9ficient \u2013 pour combien de temps encore&nbsp;? \u2013 du soutien des Etats-Unis, de l\u2019Union europ\u00e9enne et du monde occidental en g\u00e9n\u00e9ral.<\/em><\/strong><\/p>\n\n\n\n<p>Par <strong>Elyes Kasri <\/strong>*<\/p>\n\n\n\n<!--more-->\n\n\n<div class=\"wp-block-image\">\n<figure class=\"alignleft size-full\"><img decoding=\"async\" src=\"http:\/\/kapitalis.com\/tunisie\/wp-content\/uploads\/2021\/06\/Elyes-Kasri.jpg\" alt=\"\" class=\"wp-image-352204\"\/><\/figure>\n<\/div>\n\n\n<p>Cet extrait de la lettre de d\u00e9mission du directeur du bureau de New York du Haut Commissariat des Nations Unies pour les Droits de l\u2019Homme,<strong> <\/strong><a href=\"https:\/\/kapitalis.com\/tunisie\/2023\/11\/01\/un-haut-fonctionnaire-de-lonu-denonce-le-genocide-en-cours-en-palestine\/\" target=\"_blank\" rel=\"noreferrer noopener\">Craig Mokhiber,<\/a> \u00e0 la suite du g\u00e9nocide perp\u00e9tr\u00e9 par Isra\u00ebl \u00e0 Gaza est accablant pour l\u2019Etat h\u00e9breu et ses complices internationaux, en premier lieu les Etats-Unis d\u2019Am\u00e9rique, ainsi que le syst\u00e8me des Nations Unies:<\/p>\n\n\n\n<p><em>\u00abEn tant qu\u2019avocat des droits de l\u2019homme avec plus de trois d\u00e9cennies d\u2019exp\u00e9rience dans le domaine, je sais bien que le concept de g\u00e9nocide a souvent fait l\u2019objet d\u2019abus politiques. Mais le massacre g\u00e9n\u00e9ral actuel du peuple palestinien, enracin\u00e9 dans une id\u00e9ologie coloniale ethno-nationaliste, dans la continuit\u00e9 de d\u00e9cennies de pers\u00e9cution et d\u2019\u00e9puration syst\u00e9matiques, enti\u00e8rement fond\u00e9es sur leur statut d\u2019Arabes, et coupl\u00e9 \u00e0 des d\u00e9clarations d\u2019intention explicites de la part des dirigeants du gouvernement et de l\u2019arm\u00e9e isra\u00e9liens ne laissent aucune place au doute ou au d\u00e9bat. \u00c0 Gaza, des habitations civiles, des \u00e9coles, des \u00e9glises, des mosqu\u00e9es et des \u00e9tablissements m\u00e9dicaux sont attaqu\u00e9s sans motif tandis que des milliers de civils sont massacr\u00e9s. En Cisjordanie, y compris \u00e0 J\u00e9rusalem occup\u00e9e, les maisons sont saisies et r\u00e9affect\u00e9es uniquement sur la base de la race, et de violents pogroms de colons sont accompagn\u00e9s par des unit\u00e9s militaires isra\u00e9liennes. Partout dans le pays, l\u2019apartheid r\u00e8gne. C\u2019est un cas d\u2019\u00e9cole de g\u00e9nocide\u2026 \u00bb<\/em>.<\/p>\n\n\n\n<figure class=\"wp-block-embed is-type-wp-embed is-provider-kapitalis wp-block-embed-kapitalis\"><div class=\"wp-block-embed__wrapper\">\n<blockquote class=\"wp-embedded-content\" data-secret=\"PNVBQkKA87\"><a href=\"https:\/\/kapitalis.com\/tunisie\/2023\/11\/01\/un-haut-fonctionnaire-de-lonu-denonce-le-genocide-en-cours-en-palestine\/\">Un haut fonctionnaire de l\u2019Onu d\u00e9nonce le \u00abg\u00e9nocide en cours en Palestine\u00bb<\/a><\/blockquote><iframe loading=\"lazy\" class=\"wp-embedded-content\" sandbox=\"allow-scripts\" security=\"restricted\" style=\"position: absolute; clip: rect(1px, 1px, 1px, 1px);\" title=\"\u00ab\u00a0Un haut fonctionnaire de l\u2019Onu d\u00e9nonce le \u00abg\u00e9nocide en cours en Palestine\u00bb\u00a0\u00bb &#8212; Kapitalis\" src=\"https:\/\/kapitalis.com\/tunisie\/2023\/11\/01\/un-haut-fonctionnaire-de-lonu-denonce-le-genocide-en-cours-en-palestine\/embed\/#?secret=O1TOZT61S6#?secret=PNVBQkKA87\" data-secret=\"PNVBQkKA87\" width=\"600\" height=\"338\" frameborder=\"0\" marginwidth=\"0\" marginheight=\"0\" scrolling=\"no\"><\/iframe>\n<\/div><\/figure>\n\n\n\n<p>Ce t\u00e9moignage devrait alourdir le dossier d\u2019instruction contre Isra\u00ebl pour crimes contre l\u2019humanit\u00e9.<\/p>\n\n\n\n<h2 class=\"wp-block-heading\">D\u00e9finition l\u00e9gale des crimes contre l\u2019humanit\u00e9<\/h2>\n\n\n\n<p>Pour m\u00e9moire, le statut de Rome de la Cour P\u00e9nale Internationale (CPI) d\u00e9finit les crimes contre l\u2019humanit\u00e9 comme suit (article 7):<\/p>\n\n\n\n<p><em>\u00abAux fins du pr\u00e9sent Statut, on entend par crime contre l\u2019humanit\u00e9 l\u2019un quelconque des actes ci-apr\u00e8s lorsqu\u2019il est commis dans le cadre d\u2019une attaque g\u00e9n\u00e9ralis\u00e9e ou syst\u00e9matique lanc\u00e9e contre toute population civile et en connaissance de cette attaque :<\/em><\/p>\n\n\n\n<p><em>&#8211; Meurtre;<\/em><\/p>\n\n\n\n<p><em>&#8211; Extermination;<\/em><\/p>\n\n\n\n<p><em>&#8211; R\u00e9duction en esclavage;<\/em><\/p>\n\n\n\n<p><em>&#8211; D\u00e9portation ou transfert forc\u00e9 de population;<\/em><\/p>\n\n\n\n<p><em>&#8211; Emprisonnement ou autre forme de privation grave de libert\u00e9 physique en violation des dispositions fondamentales du droit international;<\/em><\/p>\n\n\n\n<p><em>&#8211; Torture;<\/em><\/p>\n\n\n\n<p><em>&#8211; Viol, esclavage sexuel, prostitution forc\u00e9e, grossesse forc\u00e9e, st\u00e9rilisation forc\u00e9e ou toute autre forme de violence sexuelle de gravit\u00e9 comparable;<\/em><\/p>\n\n\n\n<p><em>&#8211; Pers\u00e9cution de tout groupe ou de toute collectivit\u00e9 identifiable pour des motifs d&rsquo;ordre politique, racial, national, ethnique, culturel, religieux ou sexiste au sens du paragraphe 3, ou en fonction d&rsquo;autres crit\u00e8res universellement reconnus comme inadmissibles en droit international, en corr\u00e9lation avec tout acte vis\u00e9 dans le pr\u00e9sent paragraphe ou tout crime relevant de la comp\u00e9tence de la Cour;<\/em><\/p>\n\n\n\n<p><em>&#8211; Disparitions forc\u00e9es de personnes;<\/em><\/p>\n\n\n\n<p><em>&#8211; Crime d\u2019apartheid;<\/em><\/p>\n\n\n\n<p><em>&#8211; Autres actes inhumains de caract\u00e8re analogue causant intentionnellement de grandes souffrances ou des atteintes graves \u00e0 l\u2019int\u00e9grit\u00e9 physique ou \u00e0 la sant\u00e9 physique ou mentale.\u00bb<\/em><\/p>\n\n\n\n<figure class=\"wp-block-embed is-type-wp-embed is-provider-kapitalis wp-block-embed-kapitalis\"><div class=\"wp-block-embed__wrapper\">\n<blockquote class=\"wp-embedded-content\" data-secret=\"wpuWUl3pIL\"><a href=\"https:\/\/kapitalis.com\/tunisie\/2023\/11\/02\/projet-de-plainte-pour-genocide-contre-israel-devant-la-cpi\/\">Projet de plainte pour g\u00e9nocide contre Isra\u00ebl devant la CPI<\/a><\/blockquote><iframe loading=\"lazy\" class=\"wp-embedded-content\" sandbox=\"allow-scripts\" security=\"restricted\" style=\"position: absolute; clip: rect(1px, 1px, 1px, 1px);\" title=\"\u00ab\u00a0Projet de plainte pour g\u00e9nocide contre Isra\u00ebl devant la CPI\u00a0\u00bb &#8212; Kapitalis\" src=\"https:\/\/kapitalis.com\/tunisie\/2023\/11\/02\/projet-de-plainte-pour-genocide-contre-israel-devant-la-cpi\/embed\/#?secret=YzCMfd8UoA#?secret=wpuWUl3pIL\" data-secret=\"wpuWUl3pIL\" width=\"600\" height=\"338\" frameborder=\"0\" marginwidth=\"0\" marginheight=\"0\" scrolling=\"no\"><\/iframe>\n<\/div><\/figure>\n\n\n\n<h2 class=\"wp-block-heading\">La comp\u00e9tence de la CPI s\u2019\u00e9tend aux territoires palestiniens occup\u00e9s<\/h2>\n\n\n\n<p>l importe de rappeler \u00e0 cet effet, que la Chambre pr\u00e9liminaire I de la Cour p\u00e9nale internationale (<em>\u00abCPI\u00bb<\/em> ou <em>\u00abla Cour\u00bb<\/em>) a d\u00e9cid\u00e9 \u00e0 la majorit\u00e9, le 5 f\u00e9vrier 2021, que la comp\u00e9tence territoriale de la Cour dans la situation en Palestine, un \u00c9tat partie au Statut de Rome de la CPI depuis le 7 janvier 2015, s\u2019\u00e9tend aux territoires occup\u00e9s par Isra\u00ebl depuis 1967, \u00e0 savoir Gaza et la Cisjordanie, y compris J\u00e9rusalem-Est.<\/p>\n\n\n\n<p>* <em>Ancien diplomate.<\/em><\/p>\n\n\n\n<figure class=\"wp-block-embed is-type-wp-embed is-provider-kapitalis wp-block-embed-kapitalis\"><div class=\"wp-block-embed__wrapper\">\n<blockquote class=\"wp-embedded-content\" data-secret=\"Z0cFJBS4Di\"><a href=\"https:\/\/kapitalis.com\/tunisie\/2023\/10\/24\/le-monde-au-peril-dune-derive-americano-israelo-fasciste\/\">Le monde au p\u00e9ril d\u2019une d\u00e9rive am\u00e9ricano-isra\u00e9lo-fasciste<\/a><\/blockquote><iframe loading=\"lazy\" class=\"wp-embedded-content\" sandbox=\"allow-scripts\" security=\"restricted\" style=\"position: absolute; clip: rect(1px, 1px, 1px, 1px);\" title=\"\u00ab\u00a0Le monde au p\u00e9ril d\u2019une d\u00e9rive am\u00e9ricano-isra\u00e9lo-fasciste\u00a0\u00bb &#8212; Kapitalis\" src=\"https:\/\/kapitalis.com\/tunisie\/2023\/10\/24\/le-monde-au-peril-dune-derive-americano-israelo-fasciste\/embed\/#?secret=HDgSQmPofs#?secret=Z0cFJBS4Di\" data-secret=\"Z0cFJBS4Di\" width=\"600\" height=\"338\" frameborder=\"0\" marginwidth=\"0\" marginheight=\"0\" scrolling=\"no\"><\/iframe>\n<\/div><\/figure>\n","protected":false},"excerpt":{"rendered":"<p>Les massacres qu\u2019Isra\u00ebl est en train de perp\u00e9trer \u00e0 Gaza et en Cisjordanie cochent toutes les cases de la d\u00e9finition internationale de g\u00e9nocide et de crime contre l&rsquo;humanit\u00e9. <\/p>\n","protected":false},"author":8,"featured_media":10153630,"comment_status":"open","ping_status":"open","sticky":false,"template":"","format":"standard","meta":{"footnotes":""},"categories":[992,997,1000,2433],"tags":[1613,4027,111669,111943,111786,71821,2444,111719,2478,2739],"class_list":["post-10360412","post","type-post","status-publish","format-standard","has-post-thumbnail","hentry","category-a-la-une","category-politique","category-tribune","category-tunisie","tag-arabes","tag-cisjordanie","tag-cpi","tag-craig-mokhiber","tag-crimes-contre-lhumanite","tag-elyes-kasri","tag-gaza","tag-genocide","tag-israel","tag-palestiniens"],"yoast_head":"<!-- This site is optimized with the Yoast SEO plugin v26.6 - https:\/\/yoast.com\/wordpress\/plugins\/seo\/ -->\n<title>Voil\u00e0 pourquoi Isra\u00ebl doit \u00eatre jug\u00e9 pour crimes contre l\u2019humanit\u00e9 - Kapitalis<\/title>\n<meta name=\"robots\" content=\"index, follow, max-snippet:-1, max-image-preview:large, max-video-preview:-1\" \/>\n<link rel=\"canonical\" href=\"https:\/\/kapitalis.com\/tunisie\/2023\/11\/02\/voila-pourquoi-israel-doit-etre-juge-pour-crimes-contre-lhumanite\/\" \/>\n<meta property=\"og:locale\" content=\"fr_FR\" \/>\n<meta property=\"og:type\" content=\"article\" \/>\n<meta property=\"og:title\" content=\"Voil\u00e0 pourquoi Isra\u00ebl doit \u00eatre jug\u00e9 pour crimes contre l\u2019humanit\u00e9 - Kapitalis\" \/>\n<meta property=\"og:description\" content=\"Les massacres qu\u2019Isra\u00ebl est en train de perp\u00e9trer \u00e0 Gaza et en Cisjordanie cochent toutes les cases de la d\u00e9finition internationale de g\u00e9nocide et de crime contre l&#039;humanit\u00e9.\" \/>\n<meta property=\"og:url\" content=\"https:\/\/kapitalis.com\/tunisie\/2023\/11\/02\/voila-pourquoi-israel-doit-etre-juge-pour-crimes-contre-lhumanite\/\" \/>\n<meta property=\"og:site_name\" content=\"Kapitalis\" \/>\n<meta property=\"article:publisher\" content=\"https:\/\/www.facebook.com\/KapitalisInfo\/\" \/>\n<meta property=\"article:published_time\" content=\"2023-11-02T09:24:23+00:00\" \/>\n<meta property=\"article:modified_time\" content=\"2023-11-02T11:44:32+00:00\" \/>\n<meta property=\"og:image\" content=\"https:\/\/kapitalis.com\/tunisie\/wp-content\/uploads\/2023\/10\/Bombardement-Gaza-3.jpg\" \/>\n\t<meta property=\"og:image:width\" content=\"1200\" \/>\n\t<meta property=\"og:image:height\" content=\"630\" \/>\n\t<meta property=\"og:image:type\" content=\"image\/jpeg\" \/>\n<meta name=\"author\" content=\"webmaster kapitalis\" \/>\n<meta name=\"twitter:card\" content=\"summary_large_image\" \/>\n<meta name=\"twitter:creator\" content=\"@KapitalisInfo\" \/>\n<meta name=\"twitter:site\" content=\"@KapitalisInfo\" \/>\n<meta name=\"twitter:label1\" content=\"\u00c9crit par\" \/>\n\t<meta name=\"twitter:data1\" content=\"webmaster kapitalis\" \/>\n\t<meta name=\"twitter:label2\" content=\"Dur\u00e9e de lecture estim\u00e9e\" \/>\n\t<meta name=\"twitter:data2\" content=\"4 minutes\" \/>\n<script type=\"application\/ld+json\" class=\"yoast-schema-graph\">{\"@context\":\"https:\/\/schema.org\",\"@graph\":[{\"@type\":\"Article\",\"@id\":\"https:\/\/kapitalis.com\/tunisie\/2023\/11\/02\/voila-pourquoi-israel-doit-etre-juge-pour-crimes-contre-lhumanite\/#article\",\"isPartOf\":{\"@id\":\"https:\/\/kapitalis.com\/tunisie\/2023\/11\/02\/voila-pourquoi-israel-doit-etre-juge-pour-crimes-contre-lhumanite\/\"},\"author\":{\"name\":\"webmaster kapitalis\",\"@id\":\"https:\/\/kapitalis.com\/tunisie\/#\/schema\/person\/d71f33a9ca44f7bad4698210b480c8e9\"},\"headline\":\"Voil\u00e0 pourquoi Isra\u00ebl doit \u00eatre jug\u00e9 pour crimes contre l\u2019humanit\u00e9\",\"datePublished\":\"2023-11-02T09:24:23+00:00\",\"dateModified\":\"2023-11-02T11:44:32+00:00\",\"mainEntityOfPage\":{\"@id\":\"https:\/\/kapitalis.com\/tunisie\/2023\/11\/02\/voila-pourquoi-israel-doit-etre-juge-pour-crimes-contre-lhumanite\/\"},\"wordCount\":719,\"commentCount\":2,\"publisher\":{\"@id\":\"https:\/\/kapitalis.com\/tunisie\/#organization\"},\"image\":{\"@id\":\"https:\/\/kapitalis.com\/tunisie\/2023\/11\/02\/voila-pourquoi-israel-doit-etre-juge-pour-crimes-contre-lhumanite\/#primaryimage\"},\"thumbnailUrl\":\"https:\/\/kapitalis.com\/tunisie\/wp-content\/uploads\/2023\/10\/Bombardement-Gaza-3.jpg\",\"keywords\":[\"arabes\",\"Cisjordanie\",\"CPI\",\"Craig Mokhiber\",\"crimes contre l\u2019humanit\u00e9\",\"Ely\u00e8s Kasri\",\"Gaza\",\"g\u00e9nocide\",\"Isra\u00ebl\",\"Palestiniens\"],\"articleSection\":[\"A LA UNE\",\"POLITIQUE\",\"TRIBUNE\",\"Tunisie\"],\"inLanguage\":\"fr-FR\",\"potentialAction\":[{\"@type\":\"CommentAction\",\"name\":\"Comment\",\"target\":[\"https:\/\/kapitalis.com\/tunisie\/2023\/11\/02\/voila-pourquoi-israel-doit-etre-juge-pour-crimes-contre-lhumanite\/#respond\"]}]},{\"@type\":\"WebPage\",\"@id\":\"https:\/\/kapitalis.com\/tunisie\/2023\/11\/02\/voila-pourquoi-israel-doit-etre-juge-pour-crimes-contre-lhumanite\/\",\"url\":\"https:\/\/kapitalis.com\/tunisie\/2023\/11\/02\/voila-pourquoi-israel-doit-etre-juge-pour-crimes-contre-lhumanite\/\",\"name\":\"Voil\u00e0 pourquoi Isra\u00ebl doit \u00eatre jug\u00e9 pour crimes contre l\u2019humanit\u00e9 - Kapitalis\",\"isPartOf\":{\"@id\":\"https:\/\/kapitalis.com\/tunisie\/#website\"},\"primaryImageOfPage\":{\"@id\":\"https:\/\/kapitalis.com\/tunisie\/2023\/11\/02\/voila-pourquoi-israel-doit-etre-juge-pour-crimes-contre-lhumanite\/#primaryimage\"},\"image\":{\"@id\":\"https:\/\/kapitalis.com\/tunisie\/2023\/11\/02\/voila-pourquoi-israel-doit-etre-juge-pour-crimes-contre-lhumanite\/#primaryimage\"},\"thumbnailUrl\":\"https:\/\/kapitalis.com\/tunisie\/wp-content\/uploads\/2023\/10\/Bombardement-Gaza-3.jpg\",\"datePublished\":\"2023-11-02T09:24:23+00:00\",\"dateModified\":\"2023-11-02T11:44:32+00:00\",\"breadcrumb\":{\"@id\":\"https:\/\/kapitalis.com\/tunisie\/2023\/11\/02\/voila-pourquoi-israel-doit-etre-juge-pour-crimes-contre-lhumanite\/#breadcrumb\"},\"inLanguage\":\"fr-FR\",\"potentialAction\":[{\"@type\":\"ReadAction\",\"target\":[\"https:\/\/kapitalis.com\/tunisie\/2023\/11\/02\/voila-pourquoi-israel-doit-etre-juge-pour-crimes-contre-lhumanite\/\"]}]},{\"@type\":\"ImageObject\",\"inLanguage\":\"fr-FR\",\"@id\":\"https:\/\/kapitalis.com\/tunisie\/2023\/11\/02\/voila-pourquoi-israel-doit-etre-juge-pour-crimes-contre-lhumanite\/#primaryimage\",\"url\":\"https:\/\/kapitalis.com\/tunisie\/wp-content\/uploads\/2023\/10\/Bombardement-Gaza-3.jpg\",\"contentUrl\":\"https:\/\/kapitalis.com\/tunisie\/wp-content\/uploads\/2023\/10\/Bombardement-Gaza-3.jpg\",\"width\":1200,\"height\":630},{\"@type\":\"BreadcrumbList\",\"@id\":\"https:\/\/kapitalis.com\/tunisie\/2023\/11\/02\/voila-pourquoi-israel-doit-etre-juge-pour-crimes-contre-lhumanite\/#breadcrumb\",\"itemListElement\":[{\"@type\":\"ListItem\",\"position\":1,\"name\":\"Accueil\",\"item\":\"https:\/\/kapitalis.com\/tunisie\/\"},{\"@type\":\"ListItem\",\"position\":2,\"name\":\"Voil\u00e0 pourquoi Isra\u00ebl doit \u00eatre jug\u00e9 pour crimes contre l\u2019humanit\u00e9\"}]},{\"@type\":\"WebSite\",\"@id\":\"https:\/\/kapitalis.com\/tunisie\/#website\",\"url\":\"https:\/\/kapitalis.com\/tunisie\/\",\"name\":\"Kapitalis\",\"description\":\"L&#039;actualit\u00e9 en Tunisie et dans le monde\",\"publisher\":{\"@id\":\"https:\/\/kapitalis.com\/tunisie\/#organization\"},\"potentialAction\":[{\"@type\":\"SearchAction\",\"target\":{\"@type\":\"EntryPoint\",\"urlTemplate\":\"https:\/\/kapitalis.com\/tunisie\/?s={search_term_string}\"},\"query-input\":{\"@type\":\"PropertyValueSpecification\",\"valueRequired\":true,\"valueName\":\"search_term_string\"}}],\"inLanguage\":\"fr-FR\"},{\"@type\":\"Organization\",\"@id\":\"https:\/\/kapitalis.com\/tunisie\/#organization\",\"name\":\"Kapitalis\",\"url\":\"https:\/\/kapitalis.com\/tunisie\/\",\"logo\":{\"@type\":\"ImageObject\",\"inLanguage\":\"fr-FR\",\"@id\":\"https:\/\/kapitalis.com\/tunisie\/#\/schema\/logo\/image\/\",\"url\":\"https:\/\/kapitalis.com\/tunisie\/wp-content\/uploads\/2022\/05\/Kapitalis-big-size.png\",\"contentUrl\":\"https:\/\/kapitalis.com\/tunisie\/wp-content\/uploads\/2022\/05\/Kapitalis-big-size.png\",\"width\":5000,\"height\":1500,\"caption\":\"Kapitalis\"},\"image\":{\"@id\":\"https:\/\/kapitalis.com\/tunisie\/#\/schema\/logo\/image\/\"},\"sameAs\":[\"https:\/\/www.facebook.com\/KapitalisInfo\/\",\"https:\/\/x.com\/KapitalisInfo\",\"https:\/\/www.youtube.com\/channel\/UC-yDYrHyfFBWWZaOw3FPg9Q\"]},{\"@type\":\"Person\",\"@id\":\"https:\/\/kapitalis.com\/tunisie\/#\/schema\/person\/d71f33a9ca44f7bad4698210b480c8e9\",\"name\":\"webmaster kapitalis\",\"url\":\"https:\/\/kapitalis.com\/tunisie\/author\/webmaster-kapitalis\/\"}]}<\/script>\n<!-- \/ Yoast SEO plugin. -->","yoast_head_json":{"title":"Voil\u00e0 pourquoi Isra\u00ebl doit \u00eatre jug\u00e9 pour crimes contre l\u2019humanit\u00e9 - Kapitalis","robots":{"index":"index","follow":"follow","max-snippet":"max-snippet:-1","max-image-preview":"max-image-preview:large","max-video-preview":"max-video-preview:-1"},"canonical":"https:\/\/kapitalis.com\/tunisie\/2023\/11\/02\/voila-pourquoi-israel-doit-etre-juge-pour-crimes-contre-lhumanite\/","og_locale":"fr_FR","og_type":"article","og_title":"Voil\u00e0 pourquoi Isra\u00ebl doit \u00eatre jug\u00e9 pour crimes contre l\u2019humanit\u00e9 - Kapitalis","og_description":"Les massacres qu\u2019Isra\u00ebl est en train de perp\u00e9trer \u00e0 Gaza et en Cisjordanie cochent toutes les cases de la d\u00e9finition internationale de g\u00e9nocide et de crime contre l'humanit\u00e9.","og_url":"https:\/\/kapitalis.com\/tunisie\/2023\/11\/02\/voila-pourquoi-israel-doit-etre-juge-pour-crimes-contre-lhumanite\/","og_site_name":"Kapitalis","article_publisher":"https:\/\/www.facebook.com\/KapitalisInfo\/","article_published_time":"2023-11-02T09:24:23+00:00","article_modified_time":"2023-11-02T11:44:32+00:00","og_image":[{"width":1200,"height":630,"url":"https:\/\/kapitalis.com\/tunisie\/wp-content\/uploads\/2023\/10\/Bombardement-Gaza-3.jpg","type":"image\/jpeg"}],"author":"webmaster kapitalis","twitter_card":"summary_large_image","twitter_creator":"@KapitalisInfo","twitter_site":"@KapitalisInfo","twitter_misc":{"\u00c9crit par":"webmaster kapitalis","Dur\u00e9e de lecture estim\u00e9e":"4 minutes"},"schema":{"@context":"https:\/\/schema.org","@graph":[{"@type":"Article","@id":"https:\/\/kapitalis.com\/tunisie\/2023\/11\/02\/voila-pourquoi-israel-doit-etre-juge-pour-crimes-contre-lhumanite\/#article","isPartOf":{"@id":"https:\/\/kapitalis.com\/tunisie\/2023\/11\/02\/voila-pourquoi-israel-doit-etre-juge-pour-crimes-contre-lhumanite\/"},"author":{"name":"webmaster kapitalis","@id":"https:\/\/kapitalis.com\/tunisie\/#\/schema\/person\/d71f33a9ca44f7bad4698210b480c8e9"},"headline":"Voil\u00e0 pourquoi Isra\u00ebl doit \u00eatre jug\u00e9 pour crimes contre l\u2019humanit\u00e9","datePublished":"2023-11-02T09:24:23+00:00","dateModified":"2023-11-02T11:44:32+00:00","mainEntityOfPage":{"@id":"https:\/\/kapitalis.com\/tunisie\/2023\/11\/02\/voila-pourquoi-israel-doit-etre-juge-pour-crimes-contre-lhumanite\/"},"wordCount":719,"commentCount":2,"publisher":{"@id":"https:\/\/kapitalis.com\/tunisie\/#organization"},"image":{"@id":"https:\/\/kapitalis.com\/tunisie\/2023\/11\/02\/voila-pourquoi-israel-doit-etre-juge-pour-crimes-contre-lhumanite\/#primaryimage"},"thumbnailUrl":"https:\/\/kapitalis.com\/tunisie\/wp-content\/uploads\/2023\/10\/Bombardement-Gaza-3.jpg","keywords":["arabes","Cisjordanie","CPI","Craig Mokhiber","crimes contre l\u2019humanit\u00e9","Ely\u00e8s Kasri","Gaza","g\u00e9nocide","Isra\u00ebl","Palestiniens"],"articleSection":["A LA UNE","POLITIQUE","TRIBUNE","Tunisie"],"inLanguage":"fr-FR","potentialAction":[{"@type":"CommentAction","name":"Comment","target":["https:\/\/kapitalis.com\/tunisie\/2023\/11\/02\/voila-pourquoi-israel-doit-etre-juge-pour-crimes-contre-lhumanite\/#respond"]}]},{"@type":"WebPage","@id":"https:\/\/kapitalis.com\/tunisie\/2023\/11\/02\/voila-pourquoi-israel-doit-etre-juge-pour-crimes-contre-lhumanite\/","url":"https:\/\/kapitalis.com\/tunisie\/2023\/11\/02\/voila-pourquoi-israel-doit-etre-juge-pour-crimes-contre-lhumanite\/","name":"Voil\u00e0 pourquoi Isra\u00ebl doit \u00eatre jug\u00e9 pour crimes contre l\u2019humanit\u00e9 - Kapitalis","isPartOf":{"@id":"https:\/\/kapitalis.com\/tunisie\/#website"},"primaryImageOfPage":{"@id":"https:\/\/kapitalis.com\/tunisie\/2023\/11\/02\/voila-pourquoi-israel-doit-etre-juge-pour-crimes-contre-lhumanite\/#primaryimage"},"image":{"@id":"https:\/\/kapitalis.com\/tunisie\/2023\/11\/02\/voila-pourquoi-israel-doit-etre-juge-pour-crimes-contre-lhumanite\/#primaryimage"},"thumbnailUrl":"https:\/\/kapitalis.com\/tunisie\/wp-content\/uploads\/2023\/10\/Bombardement-Gaza-3.jpg","datePublished":"2023-11-02T09:24:23+00:00","dateModified":"2023-11-02T11:44:32+00:00","breadcrumb":{"@id":"https:\/\/kapitalis.com\/tunisie\/2023\/11\/02\/voila-pourquoi-israel-doit-etre-juge-pour-crimes-contre-lhumanite\/#breadcrumb"},"inLanguage":"fr-FR","potentialAction":[{"@type":"ReadAction","target":["https:\/\/kapitalis.com\/tunisie\/2023\/11\/02\/voila-pourquoi-israel-doit-etre-juge-pour-crimes-contre-lhumanite\/"]}]},{"@type":"ImageObject","inLanguage":"fr-FR","@id":"https:\/\/kapitalis.com\/tunisie\/2023\/11\/02\/voila-pourquoi-israel-doit-etre-juge-pour-crimes-contre-lhumanite\/#primaryimage","url":"https:\/\/kapitalis.com\/tunisie\/wp-content\/uploads\/2023\/10\/Bombardement-Gaza-3.jpg","contentUrl":"https:\/\/kapitalis.com\/tunisie\/wp-content\/uploads\/2023\/10\/Bombardement-Gaza-3.jpg","width":1200,"height":630},{"@type":"BreadcrumbList","@id":"https:\/\/kapitalis.com\/tunisie\/2023\/11\/02\/voila-pourquoi-israel-doit-etre-juge-pour-crimes-contre-lhumanite\/#breadcrumb","itemListElement":[{"@type":"ListItem","position":1,"name":"Accueil","item":"https:\/\/kapitalis.com\/tunisie\/"},{"@type":"ListItem","position":2,"name":"Voil\u00e0 pourquoi Isra\u00ebl doit \u00eatre jug\u00e9 pour crimes contre l\u2019humanit\u00e9"}]},{"@type":"WebSite","@id":"https:\/\/kapitalis.com\/tunisie\/#website","url":"https:\/\/kapitalis.com\/tunisie\/","name":"Kapitalis","description":"L&#039;actualit\u00e9 en Tunisie et dans le monde","publisher":{"@id":"https:\/\/kapitalis.com\/tunisie\/#organization"},"potentialAction":[{"@type":"SearchAction","target":{"@type":"EntryPoint","urlTemplate":"https:\/\/kapitalis.com\/tunisie\/?s={search_term_string}"},"query-input":{"@type":"PropertyValueSpecification","valueRequired":true,"valueName":"search_term_string"}}],"inLanguage":"fr-FR"},{"@type":"Organization","@id":"https:\/\/kapitalis.com\/tunisie\/#organization","name":"Kapitalis","url":"https:\/\/kapitalis.com\/tunisie\/","logo":{"@type":"ImageObject","inLanguage":"fr-FR","@id":"https:\/\/kapitalis.com\/tunisie\/#\/schema\/logo\/image\/","url":"https:\/\/kapitalis.com\/tunisie\/wp-content\/uploads\/2022\/05\/Kapitalis-big-size.png","contentUrl":"https:\/\/kapitalis.com\/tunisie\/wp-content\/uploads\/2022\/05\/Kapitalis-big-size.png","width":5000,"height":1500,"caption":"Kapitalis"},"image":{"@id":"https:\/\/kapitalis.com\/tunisie\/#\/schema\/logo\/image\/"},"sameAs":["https:\/\/www.facebook.com\/KapitalisInfo\/","https:\/\/x.com\/KapitalisInfo","https:\/\/www.youtube.com\/channel\/UC-yDYrHyfFBWWZaOw3FPg9Q"]},{"@type":"Person","@id":"https:\/\/kapitalis.com\/tunisie\/#\/schema\/person\/d71f33a9ca44f7bad4698210b480c8e9","name":"webmaster kapitalis","url":"https:\/\/kapitalis.com\/tunisie\/author\/webmaster-kapitalis\/"}]}},"_links":{"self":[{"href":"https:\/\/kapitalis.com\/tunisie\/wp-json\/wp\/v2\/posts\/10360412","targetHints":{"allow":["GET"]}}],"collection":[{"href":"https:\/\/kapitalis.com\/tunisie\/wp-json\/wp\/v2\/posts"}],"about":[{"href":"https:\/\/kapitalis.com\/tunisie\/wp-json\/wp\/v2\/types\/post"}],"author":[{"embeddable":true,"href":"https:\/\/kapitalis.com\/tunisie\/wp-json\/wp\/v2\/users\/8"}],"replies":[{"embeddable":true,"href":"https:\/\/kapitalis.com\/tunisie\/wp-json\/wp\/v2\/comments?post=10360412"}],"version-history":[{"count":2,"href":"https:\/\/kapitalis.com\/tunisie\/wp-json\/wp\/v2\/posts\/10360412\/revisions"}],"predecessor-version":[{"id":10362173,"href":"https:\/\/kapitalis.com\/tunisie\/wp-json\/wp\/v2\/posts\/10360412\/revisions\/10362173"}],"wp:featuredmedia":[{"embeddable":true,"href":"https:\/\/kapitalis.com\/tunisie\/wp-json\/wp\/v2\/media\/10153630"}],"wp:attachment":[{"href":"https:\/\/kapitalis.com\/tunisie\/wp-json\/wp\/v2\/media?parent=10360412"}],"wp:term":[{"taxonomy":"category","embeddable":true,"href":"https:\/\/kapitalis.com\/tunisie\/wp-json\/wp\/v2\/categories?post=10360412"},{"taxonomy":"post_tag","embeddable":true,"href":"https:\/\/kapitalis.com\/tunisie\/wp-json\/wp\/v2\/tags?post=10360412"}],"curies":[{"name":"wp","href":"https:\/\/api.w.org\/{rel}","templated":true}]}}