{"id":10415379,"date":"2023-11-06T07:32:35","date_gmt":"2023-11-06T06:32:35","guid":{"rendered":"https:\/\/kapitalis.com\/tunisie\/?p=10415379"},"modified":"2023-11-06T07:32:36","modified_gmt":"2023-11-06T06:32:36","slug":"tunisie-les-partisans-du-pdl-ne-baissent-pas-les-bras-video","status":"publish","type":"post","link":"https:\/\/kapitalis.com\/tunisie\/2023\/11\/06\/tunisie-les-partisans-du-pdl-ne-baissent-pas-les-bras-video\/","title":{"rendered":"Tunisie\u00a0: les partisans du PDL ne baissent pas les bras (Vid\u00e9o)"},"content":{"rendered":"\n<p><strong><em>Les partisans du Parti destourien libre (PDL) ont organis\u00e9, dimanche 6 novembre 2023, un rassemblement de protestation devant le minist\u00e8re de la Justice pour exiger la lib\u00e9ration de leur pr\u00e9sidente, Abir Moussi.<\/em><\/strong> (<a href=\"https:\/\/www.facebook.com\/watch\/live\/?ref=watch_permalink&amp;v=211634741954719\" target=\"_blank\" rel=\"noreferrer noopener\">Vid\u00e9o<\/a>)<\/p>\n\n\n\n<!--more-->\n\n\n\n<p>Les manifestants ont scand\u00e9 des slogans contre <em>\u00abl\u2019exclusion de l\u2019opposition\u00bb<\/em> et la <em>\u00abpers\u00e9cution\u00bb<\/em> de la cheffe de leur parti.<\/p>\n\n\n\n<p>Karim Krifa, membre du collectif de d\u00e9fense, a d\u00e9clar\u00e9 que <em>\u00abl\u2019arrestation arbitraire de la cheffe du parti n\u2019affaiblira en rien notre d\u00e9termination \u00e0 poursuivre le combat. Et ceux qui parient sur le contraire devraient reconsid\u00e9rer leurs calculs\u00bb<\/em>, a-t-il ajout\u00e9.<\/p>\n\n\n\n<p>Le dossier d\u2019accusation <em>\u00abne contient pas de charges claires et pr\u00e9cises contre Abir Moussi (&#8230;), mais seulement un rapport de police\u00bb<\/em>, a-t-il dit, en appelant \u00e0 la lib\u00e9ration de la pr\u00e9sidente du PDL dans les plus brefs d\u00e9lais. <em>\u00abLe dossier est actuellement entre les mains du juge d\u2019instruction qui ne s\u2019est pas encore prononc\u00e9 sur l\u2019affaire\u00bb<\/em>, a-t-il encore indiqu\u00e9.<\/p>\n\n\n\n<p>La pr\u00e9sidente du PDL a \u00e9t\u00e9 arr\u00eat\u00e9e et transf\u00e9r\u00e9e \u00e0 la maison d\u2019arr\u00eat de Bouchoucha, dans la capitale, le 3 octobre, apr\u00e8s avoir \u00e9t\u00e9 arr\u00eat\u00e9e devant le bureau d\u2019ordre du palais de Carthage o\u00f9 elle \u00e9tait venue d\u00e9poser un courrier. Deux jours plus tard, le premier magistrat instructeur a d\u00e9livr\u00e9 un mandat de d\u00e9p\u00f4t \u00e0 son encontre pour des chefs d\u2019accusation d\u00e9lirants pouvant lui valoir<a href=\"https:\/\/kapitalis.com\/tunisie\/2023\/10\/07\/tunisie-abir-moussi-risque-la-peine-de-mort\/\" target=\"_blank\" rel=\"noreferrer noopener\"> la peine de mort<\/a>. <\/p>\n\n\n\n<p class=\"has-text-align-right\"><strong>I. B.<\/strong><\/p>\n\n\n\n<figure class=\"wp-block-embed is-type-wp-embed is-provider-kapitalis wp-block-embed-kapitalis\"><div class=\"wp-block-embed__wrapper\">\n<blockquote class=\"wp-embedded-content\" data-secret=\"vppBLw2QWk\"><a href=\"https:\/\/kapitalis.com\/tunisie\/2023\/10\/07\/tunisie-abir-moussi-risque-la-peine-de-mort\/\">Tunisie\u00a0: Abir Moussi risque\u2026 la peine de mort<\/a><\/blockquote><iframe loading=\"lazy\" class=\"wp-embedded-content\" sandbox=\"allow-scripts\" security=\"restricted\" style=\"position: absolute; clip: rect(1px, 1px, 1px, 1px);\" title=\"\u00ab\u00a0Tunisie\u00a0: Abir Moussi risque\u2026 la peine de mort\u00a0\u00bb &#8212; Kapitalis\" src=\"https:\/\/kapitalis.com\/tunisie\/2023\/10\/07\/tunisie-abir-moussi-risque-la-peine-de-mort\/embed\/#?secret=fhhlkFEnEf#?secret=vppBLw2QWk\" data-secret=\"vppBLw2QWk\" width=\"600\" height=\"338\" frameborder=\"0\" marginwidth=\"0\" marginheight=\"0\" scrolling=\"no\"><\/iframe>\n<\/div><\/figure>\n","protected":false},"excerpt":{"rendered":"<p>Les partisans du PDL continuent de se mobiliser pour la lib\u00e9ration de Abir Moussi. <\/p>\n","protected":false},"author":8,"featured_media":10415399,"comment_status":"open","ping_status":"open","sticky":false,"template":"","format":"standard","meta":{"footnotes":""},"categories":[997,2433,4806],"tags":[15144,80884,93581,33536,62643],"class_list":["post-10415379","post","type-post","status-publish","format-standard","has-post-thumbnail","hentry","category-politique","category-tunisie","category-videos","tag-abir-moussi","tag-karim-krifa","tag-parti-des-ouvriers","tag-pdl","tag-tunisie"],"yoast_head":"<!-- This site is optimized with the Yoast SEO plugin v26.6 - https:\/\/yoast.com\/wordpress\/plugins\/seo\/ -->\n<title>Tunisie\u00a0: les partisans du PDL ne baissent pas les bras (Vid\u00e9o) - Kapitalis<\/title>\n<meta name=\"robots\" content=\"index, follow, max-snippet:-1, max-image-preview:large, max-video-preview:-1\" \/>\n<link rel=\"canonical\" href=\"https:\/\/kapitalis.com\/tunisie\/2023\/11\/06\/tunisie-les-partisans-du-pdl-ne-baissent-pas-les-bras-video\/\" \/>\n<meta property=\"og:locale\" content=\"fr_FR\" \/>\n<meta property=\"og:type\" content=\"article\" \/>\n<meta property=\"og:title\" content=\"Tunisie\u00a0: les partisans du PDL ne baissent pas les bras (Vid\u00e9o) - Kapitalis\" \/>\n<meta property=\"og:description\" content=\"Les partisans du PDL continuent de se mobiliser pour la lib\u00e9ration de Abir Moussi.\" \/>\n<meta property=\"og:url\" content=\"https:\/\/kapitalis.com\/tunisie\/2023\/11\/06\/tunisie-les-partisans-du-pdl-ne-baissent-pas-les-bras-video\/\" \/>\n<meta property=\"og:site_name\" content=\"Kapitalis\" \/>\n<meta property=\"article:publisher\" content=\"https:\/\/www.facebook.com\/KapitalisInfo\/\" \/>\n<meta property=\"article:published_time\" content=\"2023-11-06T06:32:35+00:00\" \/>\n<meta property=\"article:modified_time\" content=\"2023-11-06T06:32:36+00:00\" \/>\n<meta property=\"og:image\" content=\"https:\/\/kapitalis.com\/tunisie\/wp-content\/uploads\/2023\/11\/PDL-Abir-Moussi.jpg\" \/>\n\t<meta property=\"og:image:width\" content=\"1200\" \/>\n\t<meta property=\"og:image:height\" content=\"630\" \/>\n\t<meta property=\"og:image:type\" content=\"image\/jpeg\" \/>\n<meta name=\"author\" content=\"webmaster kapitalis\" \/>\n<meta name=\"twitter:card\" content=\"summary_large_image\" \/>\n<meta name=\"twitter:creator\" content=\"@KapitalisInfo\" \/>\n<meta name=\"twitter:site\" content=\"@KapitalisInfo\" \/>\n<meta name=\"twitter:label1\" content=\"\u00c9crit par\" \/>\n\t<meta name=\"twitter:data1\" content=\"webmaster kapitalis\" \/>\n\t<meta name=\"twitter:label2\" content=\"Dur\u00e9e de lecture estim\u00e9e\" \/>\n\t<meta name=\"twitter:data2\" content=\"2 minutes\" \/>\n<script type=\"application\/ld+json\" class=\"yoast-schema-graph\">{\"@context\":\"https:\/\/schema.org\",\"@graph\":[{\"@type\":\"Article\",\"@id\":\"https:\/\/kapitalis.com\/tunisie\/2023\/11\/06\/tunisie-les-partisans-du-pdl-ne-baissent-pas-les-bras-video\/#article\",\"isPartOf\":{\"@id\":\"https:\/\/kapitalis.com\/tunisie\/2023\/11\/06\/tunisie-les-partisans-du-pdl-ne-baissent-pas-les-bras-video\/\"},\"author\":{\"name\":\"webmaster kapitalis\",\"@id\":\"https:\/\/kapitalis.com\/tunisie\/#\/schema\/person\/d71f33a9ca44f7bad4698210b480c8e9\"},\"headline\":\"Tunisie\u00a0: les partisans du PDL ne baissent pas les bras (Vid\u00e9o)\",\"datePublished\":\"2023-11-06T06:32:35+00:00\",\"dateModified\":\"2023-11-06T06:32:36+00:00\",\"mainEntityOfPage\":{\"@id\":\"https:\/\/kapitalis.com\/tunisie\/2023\/11\/06\/tunisie-les-partisans-du-pdl-ne-baissent-pas-les-bras-video\/\"},\"wordCount\":268,\"commentCount\":2,\"publisher\":{\"@id\":\"https:\/\/kapitalis.com\/tunisie\/#organization\"},\"image\":{\"@id\":\"https:\/\/kapitalis.com\/tunisie\/2023\/11\/06\/tunisie-les-partisans-du-pdl-ne-baissent-pas-les-bras-video\/#primaryimage\"},\"thumbnailUrl\":\"https:\/\/kapitalis.com\/tunisie\/wp-content\/uploads\/2023\/11\/PDL-Abir-Moussi.jpg\",\"keywords\":[\"Abir Moussi\",\"Karim Krifa\",\"Parti des Ouvriers\",\"PDL\",\"Tunisie\"],\"articleSection\":[\"POLITIQUE\",\"Tunisie\",\"VIDEOS\"],\"inLanguage\":\"fr-FR\",\"potentialAction\":[{\"@type\":\"CommentAction\",\"name\":\"Comment\",\"target\":[\"https:\/\/kapitalis.com\/tunisie\/2023\/11\/06\/tunisie-les-partisans-du-pdl-ne-baissent-pas-les-bras-video\/#respond\"]}]},{\"@type\":\"WebPage\",\"@id\":\"https:\/\/kapitalis.com\/tunisie\/2023\/11\/06\/tunisie-les-partisans-du-pdl-ne-baissent-pas-les-bras-video\/\",\"url\":\"https:\/\/kapitalis.com\/tunisie\/2023\/11\/06\/tunisie-les-partisans-du-pdl-ne-baissent-pas-les-bras-video\/\",\"name\":\"Tunisie\u00a0: les partisans du PDL ne baissent pas les bras (Vid\u00e9o) - Kapitalis\",\"isPartOf\":{\"@id\":\"https:\/\/kapitalis.com\/tunisie\/#website\"},\"primaryImageOfPage\":{\"@id\":\"https:\/\/kapitalis.com\/tunisie\/2023\/11\/06\/tunisie-les-partisans-du-pdl-ne-baissent-pas-les-bras-video\/#primaryimage\"},\"image\":{\"@id\":\"https:\/\/kapitalis.com\/tunisie\/2023\/11\/06\/tunisie-les-partisans-du-pdl-ne-baissent-pas-les-bras-video\/#primaryimage\"},\"thumbnailUrl\":\"https:\/\/kapitalis.com\/tunisie\/wp-content\/uploads\/2023\/11\/PDL-Abir-Moussi.jpg\",\"datePublished\":\"2023-11-06T06:32:35+00:00\",\"dateModified\":\"2023-11-06T06:32:36+00:00\",\"breadcrumb\":{\"@id\":\"https:\/\/kapitalis.com\/tunisie\/2023\/11\/06\/tunisie-les-partisans-du-pdl-ne-baissent-pas-les-bras-video\/#breadcrumb\"},\"inLanguage\":\"fr-FR\",\"potentialAction\":[{\"@type\":\"ReadAction\",\"target\":[\"https:\/\/kapitalis.com\/tunisie\/2023\/11\/06\/tunisie-les-partisans-du-pdl-ne-baissent-pas-les-bras-video\/\"]}]},{\"@type\":\"ImageObject\",\"inLanguage\":\"fr-FR\",\"@id\":\"https:\/\/kapitalis.com\/tunisie\/2023\/11\/06\/tunisie-les-partisans-du-pdl-ne-baissent-pas-les-bras-video\/#primaryimage\",\"url\":\"https:\/\/kapitalis.com\/tunisie\/wp-content\/uploads\/2023\/11\/PDL-Abir-Moussi.jpg\",\"contentUrl\":\"https:\/\/kapitalis.com\/tunisie\/wp-content\/uploads\/2023\/11\/PDL-Abir-Moussi.jpg\",\"width\":1200,\"height\":630},{\"@type\":\"BreadcrumbList\",\"@id\":\"https:\/\/kapitalis.com\/tunisie\/2023\/11\/06\/tunisie-les-partisans-du-pdl-ne-baissent-pas-les-bras-video\/#breadcrumb\",\"itemListElement\":[{\"@type\":\"ListItem\",\"position\":1,\"name\":\"Accueil\",\"item\":\"https:\/\/kapitalis.com\/tunisie\/\"},{\"@type\":\"ListItem\",\"position\":2,\"name\":\"Tunisie\u00a0: les partisans du PDL ne baissent pas les bras (Vid\u00e9o)\"}]},{\"@type\":\"WebSite\",\"@id\":\"https:\/\/kapitalis.com\/tunisie\/#website\",\"url\":\"https:\/\/kapitalis.com\/tunisie\/\",\"name\":\"Kapitalis\",\"description\":\"L&#039;actualit\u00e9 en Tunisie et dans le monde\",\"publisher\":{\"@id\":\"https:\/\/kapitalis.com\/tunisie\/#organization\"},\"potentialAction\":[{\"@type\":\"SearchAction\",\"target\":{\"@type\":\"EntryPoint\",\"urlTemplate\":\"https:\/\/kapitalis.com\/tunisie\/?s={search_term_string}\"},\"query-input\":{\"@type\":\"PropertyValueSpecification\",\"valueRequired\":true,\"valueName\":\"search_term_string\"}}],\"inLanguage\":\"fr-FR\"},{\"@type\":\"Organization\",\"@id\":\"https:\/\/kapitalis.com\/tunisie\/#organization\",\"name\":\"Kapitalis\",\"url\":\"https:\/\/kapitalis.com\/tunisie\/\",\"logo\":{\"@type\":\"ImageObject\",\"inLanguage\":\"fr-FR\",\"@id\":\"https:\/\/kapitalis.com\/tunisie\/#\/schema\/logo\/image\/\",\"url\":\"https:\/\/kapitalis.com\/tunisie\/wp-content\/uploads\/2022\/05\/Kapitalis-big-size.png\",\"contentUrl\":\"https:\/\/kapitalis.com\/tunisie\/wp-content\/uploads\/2022\/05\/Kapitalis-big-size.png\",\"width\":5000,\"height\":1500,\"caption\":\"Kapitalis\"},\"image\":{\"@id\":\"https:\/\/kapitalis.com\/tunisie\/#\/schema\/logo\/image\/\"},\"sameAs\":[\"https:\/\/www.facebook.com\/KapitalisInfo\/\",\"https:\/\/x.com\/KapitalisInfo\",\"https:\/\/www.youtube.com\/channel\/UC-yDYrHyfFBWWZaOw3FPg9Q\"]},{\"@type\":\"Person\",\"@id\":\"https:\/\/kapitalis.com\/tunisie\/#\/schema\/person\/d71f33a9ca44f7bad4698210b480c8e9\",\"name\":\"webmaster kapitalis\",\"url\":\"https:\/\/kapitalis.com\/tunisie\/author\/webmaster-kapitalis\/\"}]}<\/script>\n<!-- \/ Yoast SEO plugin. -->","yoast_head_json":{"title":"Tunisie\u00a0: les partisans du PDL ne baissent pas les bras (Vid\u00e9o) - Kapitalis","robots":{"index":"index","follow":"follow","max-snippet":"max-snippet:-1","max-image-preview":"max-image-preview:large","max-video-preview":"max-video-preview:-1"},"canonical":"https:\/\/kapitalis.com\/tunisie\/2023\/11\/06\/tunisie-les-partisans-du-pdl-ne-baissent-pas-les-bras-video\/","og_locale":"fr_FR","og_type":"article","og_title":"Tunisie\u00a0: les partisans du PDL ne baissent pas les bras (Vid\u00e9o) - Kapitalis","og_description":"Les partisans du PDL continuent de se mobiliser pour la lib\u00e9ration de Abir Moussi.","og_url":"https:\/\/kapitalis.com\/tunisie\/2023\/11\/06\/tunisie-les-partisans-du-pdl-ne-baissent-pas-les-bras-video\/","og_site_name":"Kapitalis","article_publisher":"https:\/\/www.facebook.com\/KapitalisInfo\/","article_published_time":"2023-11-06T06:32:35+00:00","article_modified_time":"2023-11-06T06:32:36+00:00","og_image":[{"width":1200,"height":630,"url":"https:\/\/kapitalis.com\/tunisie\/wp-content\/uploads\/2023\/11\/PDL-Abir-Moussi.jpg","type":"image\/jpeg"}],"author":"webmaster kapitalis","twitter_card":"summary_large_image","twitter_creator":"@KapitalisInfo","twitter_site":"@KapitalisInfo","twitter_misc":{"\u00c9crit par":"webmaster kapitalis","Dur\u00e9e de lecture estim\u00e9e":"2 minutes"},"schema":{"@context":"https:\/\/schema.org","@graph":[{"@type":"Article","@id":"https:\/\/kapitalis.com\/tunisie\/2023\/11\/06\/tunisie-les-partisans-du-pdl-ne-baissent-pas-les-bras-video\/#article","isPartOf":{"@id":"https:\/\/kapitalis.com\/tunisie\/2023\/11\/06\/tunisie-les-partisans-du-pdl-ne-baissent-pas-les-bras-video\/"},"author":{"name":"webmaster kapitalis","@id":"https:\/\/kapitalis.com\/tunisie\/#\/schema\/person\/d71f33a9ca44f7bad4698210b480c8e9"},"headline":"Tunisie\u00a0: les partisans du PDL ne baissent pas les bras (Vid\u00e9o)","datePublished":"2023-11-06T06:32:35+00:00","dateModified":"2023-11-06T06:32:36+00:00","mainEntityOfPage":{"@id":"https:\/\/kapitalis.com\/tunisie\/2023\/11\/06\/tunisie-les-partisans-du-pdl-ne-baissent-pas-les-bras-video\/"},"wordCount":268,"commentCount":2,"publisher":{"@id":"https:\/\/kapitalis.com\/tunisie\/#organization"},"image":{"@id":"https:\/\/kapitalis.com\/tunisie\/2023\/11\/06\/tunisie-les-partisans-du-pdl-ne-baissent-pas-les-bras-video\/#primaryimage"},"thumbnailUrl":"https:\/\/kapitalis.com\/tunisie\/wp-content\/uploads\/2023\/11\/PDL-Abir-Moussi.jpg","keywords":["Abir Moussi","Karim Krifa","Parti des Ouvriers","PDL","Tunisie"],"articleSection":["POLITIQUE","Tunisie","VIDEOS"],"inLanguage":"fr-FR","potentialAction":[{"@type":"CommentAction","name":"Comment","target":["https:\/\/kapitalis.com\/tunisie\/2023\/11\/06\/tunisie-les-partisans-du-pdl-ne-baissent-pas-les-bras-video\/#respond"]}]},{"@type":"WebPage","@id":"https:\/\/kapitalis.com\/tunisie\/2023\/11\/06\/tunisie-les-partisans-du-pdl-ne-baissent-pas-les-bras-video\/","url":"https:\/\/kapitalis.com\/tunisie\/2023\/11\/06\/tunisie-les-partisans-du-pdl-ne-baissent-pas-les-bras-video\/","name":"Tunisie\u00a0: les partisans du PDL ne baissent pas les bras (Vid\u00e9o) - Kapitalis","isPartOf":{"@id":"https:\/\/kapitalis.com\/tunisie\/#website"},"primaryImageOfPage":{"@id":"https:\/\/kapitalis.com\/tunisie\/2023\/11\/06\/tunisie-les-partisans-du-pdl-ne-baissent-pas-les-bras-video\/#primaryimage"},"image":{"@id":"https:\/\/kapitalis.com\/tunisie\/2023\/11\/06\/tunisie-les-partisans-du-pdl-ne-baissent-pas-les-bras-video\/#primaryimage"},"thumbnailUrl":"https:\/\/kapitalis.com\/tunisie\/wp-content\/uploads\/2023\/11\/PDL-Abir-Moussi.jpg","datePublished":"2023-11-06T06:32:35+00:00","dateModified":"2023-11-06T06:32:36+00:00","breadcrumb":{"@id":"https:\/\/kapitalis.com\/tunisie\/2023\/11\/06\/tunisie-les-partisans-du-pdl-ne-baissent-pas-les-bras-video\/#breadcrumb"},"inLanguage":"fr-FR","potentialAction":[{"@type":"ReadAction","target":["https:\/\/kapitalis.com\/tunisie\/2023\/11\/06\/tunisie-les-partisans-du-pdl-ne-baissent-pas-les-bras-video\/"]}]},{"@type":"ImageObject","inLanguage":"fr-FR","@id":"https:\/\/kapitalis.com\/tunisie\/2023\/11\/06\/tunisie-les-partisans-du-pdl-ne-baissent-pas-les-bras-video\/#primaryimage","url":"https:\/\/kapitalis.com\/tunisie\/wp-content\/uploads\/2023\/11\/PDL-Abir-Moussi.jpg","contentUrl":"https:\/\/kapitalis.com\/tunisie\/wp-content\/uploads\/2023\/11\/PDL-Abir-Moussi.jpg","width":1200,"height":630},{"@type":"BreadcrumbList","@id":"https:\/\/kapitalis.com\/tunisie\/2023\/11\/06\/tunisie-les-partisans-du-pdl-ne-baissent-pas-les-bras-video\/#breadcrumb","itemListElement":[{"@type":"ListItem","position":1,"name":"Accueil","item":"https:\/\/kapitalis.com\/tunisie\/"},{"@type":"ListItem","position":2,"name":"Tunisie\u00a0: les partisans du PDL ne baissent pas les bras (Vid\u00e9o)"}]},{"@type":"WebSite","@id":"https:\/\/kapitalis.com\/tunisie\/#website","url":"https:\/\/kapitalis.com\/tunisie\/","name":"Kapitalis","description":"L&#039;actualit\u00e9 en Tunisie et dans le monde","publisher":{"@id":"https:\/\/kapitalis.com\/tunisie\/#organization"},"potentialAction":[{"@type":"SearchAction","target":{"@type":"EntryPoint","urlTemplate":"https:\/\/kapitalis.com\/tunisie\/?s={search_term_string}"},"query-input":{"@type":"PropertyValueSpecification","valueRequired":true,"valueName":"search_term_string"}}],"inLanguage":"fr-FR"},{"@type":"Organization","@id":"https:\/\/kapitalis.com\/tunisie\/#organization","name":"Kapitalis","url":"https:\/\/kapitalis.com\/tunisie\/","logo":{"@type":"ImageObject","inLanguage":"fr-FR","@id":"https:\/\/kapitalis.com\/tunisie\/#\/schema\/logo\/image\/","url":"https:\/\/kapitalis.com\/tunisie\/wp-content\/uploads\/2022\/05\/Kapitalis-big-size.png","contentUrl":"https:\/\/kapitalis.com\/tunisie\/wp-content\/uploads\/2022\/05\/Kapitalis-big-size.png","width":5000,"height":1500,"caption":"Kapitalis"},"image":{"@id":"https:\/\/kapitalis.com\/tunisie\/#\/schema\/logo\/image\/"},"sameAs":["https:\/\/www.facebook.com\/KapitalisInfo\/","https:\/\/x.com\/KapitalisInfo","https:\/\/www.youtube.com\/channel\/UC-yDYrHyfFBWWZaOw3FPg9Q"]},{"@type":"Person","@id":"https:\/\/kapitalis.com\/tunisie\/#\/schema\/person\/d71f33a9ca44f7bad4698210b480c8e9","name":"webmaster kapitalis","url":"https:\/\/kapitalis.com\/tunisie\/author\/webmaster-kapitalis\/"}]}},"_links":{"self":[{"href":"https:\/\/kapitalis.com\/tunisie\/wp-json\/wp\/v2\/posts\/10415379","targetHints":{"allow":["GET"]}}],"collection":[{"href":"https:\/\/kapitalis.com\/tunisie\/wp-json\/wp\/v2\/posts"}],"about":[{"href":"https:\/\/kapitalis.com\/tunisie\/wp-json\/wp\/v2\/types\/post"}],"author":[{"embeddable":true,"href":"https:\/\/kapitalis.com\/tunisie\/wp-json\/wp\/v2\/users\/8"}],"replies":[{"embeddable":true,"href":"https:\/\/kapitalis.com\/tunisie\/wp-json\/wp\/v2\/comments?post=10415379"}],"version-history":[{"count":1,"href":"https:\/\/kapitalis.com\/tunisie\/wp-json\/wp\/v2\/posts\/10415379\/revisions"}],"predecessor-version":[{"id":10415431,"href":"https:\/\/kapitalis.com\/tunisie\/wp-json\/wp\/v2\/posts\/10415379\/revisions\/10415431"}],"wp:featuredmedia":[{"embeddable":true,"href":"https:\/\/kapitalis.com\/tunisie\/wp-json\/wp\/v2\/media\/10415399"}],"wp:attachment":[{"href":"https:\/\/kapitalis.com\/tunisie\/wp-json\/wp\/v2\/media?parent=10415379"}],"wp:term":[{"taxonomy":"category","embeddable":true,"href":"https:\/\/kapitalis.com\/tunisie\/wp-json\/wp\/v2\/categories?post=10415379"},{"taxonomy":"post_tag","embeddable":true,"href":"https:\/\/kapitalis.com\/tunisie\/wp-json\/wp\/v2\/tags?post=10415379"}],"curies":[{"name":"wp","href":"https:\/\/api.w.org\/{rel}","templated":true}]}}