{"id":104258,"date":"2017-07-01T12:02:19","date_gmt":"2017-07-01T11:02:19","guid":{"rendered":"http:\/\/kapitalis.com\/tunisie\/?p=104258"},"modified":"2017-07-01T12:04:03","modified_gmt":"2017-07-01T11:04:03","slug":"meurtre-de-dubosville-pas-de-traces-de-violences-sur-le-corps-de-la-victime","status":"publish","type":"post","link":"https:\/\/kapitalis.com\/tunisie\/2017\/07\/01\/meurtre-de-dubosville-pas-de-traces-de-violences-sur-le-corps-de-la-victime\/","title":{"rendered":"Meurtre de Dubosville : Pas de traces de violences sur le corps de la victime"},"content":{"rendered":"<p style=\"text-align: center;\"><img loading=\"lazy\" decoding=\"async\" class=\"alignnone size-full wp-image-103917\" src=\"http:\/\/kapitalis.com\/tunisie\/wp-content\/uploads\/2017\/06\/Safouane-Dubosville-meurtre.jpg\" alt=\"\" width=\"626\" height=\"380\" \/><\/p>\n<p><em><strong>Le corps de Safouene, fils d&rsquo;un couple de policiers, tu\u00e9 le 26 juin 2017, \u00e0 Dubosville (sud de Tunis), ne porte pas de trace de violence.<\/strong><\/em><!--more--><\/p>\n<p>C&rsquo;est ce qu&rsquo;a indiqu\u00e9 un communiqu\u00e9 du minist\u00e8re de l&rsquo;Int\u00e9rieur publi\u00e9, vendredi 30 juin 2017, en pr\u00e9cisant que le rapport du m\u00e9decin l\u00e9giste de l&rsquo;h\u00f4pital de\u00a0Charles-Nicolle de Tunis a indiqu\u00e9 que\u00a0l&rsquo;adolescent de 16 ans n&rsquo;avait pas \u00e9t\u00e9 poignard\u00e9, comme cela a \u00e9t\u00e9 relay\u00e9 par les m\u00e9dias.<\/p>\n<p>Le corps du d\u00e9funt porte seulement des traces de blessures caus\u00e9es par l&rsquo;impact d&rsquo;une chute sur le sol, pr\u00e9cise le communiqu\u00e9, ajoutant que le m\u00e9decin l\u00e9giste n&rsquo;a pas trouv\u00e9, non plus, de trace ADN d&rsquo;une autre personne pouvant \u00eatre un agresseur pr\u00e9sum\u00e9 ou un indice laissant penser que le corps de la victime a \u00e9t\u00e9 en contact avec le corps d&rsquo;une autre personne.<\/p>\n<p>L&rsquo;enqu\u00eate est toujours en cours.<\/p>\n<p style=\"text-align: right;\"><strong>E. B. A.<\/strong><\/p>\n","protected":false},"excerpt":{"rendered":"<p>Le corps de Safouene, fils d&rsquo;un couple de policiers, tu\u00e9 le 26 juin 2017, \u00e0 Dubosville (sud de Tunis), ne porte pas de trace de violence.<\/p>\n","protected":false},"author":16,"featured_media":0,"comment_status":"open","ping_status":"open","sticky":false,"template":"","format":"standard","meta":{"footnotes":""},"categories":[998,2433],"tags":[3352,613],"class_list":["post-104258","post","type-post","status-publish","format-standard","hentry","category-societe","category-tunisie","tag-dubosville","tag-ministere-de-linterieur"],"yoast_head":"<!-- This site is optimized with the Yoast SEO plugin v26.6 - https:\/\/yoast.com\/wordpress\/plugins\/seo\/ -->\n<title>Meurtre de Dubosville : Pas de traces de violences sur le corps de la victime - Kapitalis<\/title>\n<meta name=\"robots\" content=\"index, follow, max-snippet:-1, max-image-preview:large, max-video-preview:-1\" \/>\n<link rel=\"canonical\" href=\"https:\/\/kapitalis.com\/tunisie\/2017\/07\/01\/meurtre-de-dubosville-pas-de-traces-de-violences-sur-le-corps-de-la-victime\/\" \/>\n<meta property=\"og:locale\" content=\"fr_FR\" \/>\n<meta property=\"og:type\" content=\"article\" \/>\n<meta property=\"og:title\" content=\"Meurtre de Dubosville : Pas de traces de violences sur le corps de la victime - Kapitalis\" \/>\n<meta property=\"og:description\" content=\"Le corps de Safouene, fils d&rsquo;un couple de policiers, tu\u00e9 le 26 juin 2017, \u00e0 Dubosville (sud de Tunis), ne porte pas de trace de violence.\" \/>\n<meta property=\"og:url\" content=\"https:\/\/kapitalis.com\/tunisie\/2017\/07\/01\/meurtre-de-dubosville-pas-de-traces-de-violences-sur-le-corps-de-la-victime\/\" \/>\n<meta property=\"og:site_name\" content=\"Kapitalis\" \/>\n<meta property=\"article:publisher\" content=\"https:\/\/www.facebook.com\/KapitalisInfo\/\" \/>\n<meta property=\"article:published_time\" content=\"2017-07-01T11:02:19+00:00\" \/>\n<meta property=\"article:modified_time\" content=\"2017-07-01T11:04:03+00:00\" \/>\n<meta property=\"og:image\" content=\"http:\/\/kapitalis.com\/tunisie\/wp-content\/uploads\/2017\/06\/Safouane-Dubosville-meurtre.jpg\" \/>\n<meta name=\"author\" content=\"emna benabdallah\" \/>\n<meta name=\"twitter:card\" content=\"summary_large_image\" \/>\n<meta name=\"twitter:creator\" content=\"@KapitalisInfo\" \/>\n<meta name=\"twitter:site\" content=\"@KapitalisInfo\" \/>\n<meta name=\"twitter:label1\" content=\"\u00c9crit par\" \/>\n\t<meta name=\"twitter:data1\" content=\"emna benabdallah\" \/>\n\t<meta name=\"twitter:label2\" content=\"Dur\u00e9e de lecture estim\u00e9e\" \/>\n\t<meta name=\"twitter:data2\" content=\"1 minute\" \/>\n<script type=\"application\/ld+json\" class=\"yoast-schema-graph\">{\"@context\":\"https:\/\/schema.org\",\"@graph\":[{\"@type\":\"Article\",\"@id\":\"https:\/\/kapitalis.com\/tunisie\/2017\/07\/01\/meurtre-de-dubosville-pas-de-traces-de-violences-sur-le-corps-de-la-victime\/#article\",\"isPartOf\":{\"@id\":\"https:\/\/kapitalis.com\/tunisie\/2017\/07\/01\/meurtre-de-dubosville-pas-de-traces-de-violences-sur-le-corps-de-la-victime\/\"},\"author\":{\"name\":\"emna benabdallah\",\"@id\":\"https:\/\/kapitalis.com\/tunisie\/#\/schema\/person\/2c6e134b2f3369dffcd1daf5f087d28b\"},\"headline\":\"Meurtre de Dubosville : Pas de traces de violences sur le corps de la victime\",\"datePublished\":\"2017-07-01T11:02:19+00:00\",\"dateModified\":\"2017-07-01T11:04:03+00:00\",\"mainEntityOfPage\":{\"@id\":\"https:\/\/kapitalis.com\/tunisie\/2017\/07\/01\/meurtre-de-dubosville-pas-de-traces-de-violences-sur-le-corps-de-la-victime\/\"},\"wordCount\":167,\"commentCount\":1,\"publisher\":{\"@id\":\"https:\/\/kapitalis.com\/tunisie\/#organization\"},\"image\":{\"@id\":\"https:\/\/kapitalis.com\/tunisie\/2017\/07\/01\/meurtre-de-dubosville-pas-de-traces-de-violences-sur-le-corps-de-la-victime\/#primaryimage\"},\"thumbnailUrl\":\"http:\/\/kapitalis.com\/tunisie\/wp-content\/uploads\/2017\/06\/Safouane-Dubosville-meurtre.jpg\",\"keywords\":[\"Dubosville\",\"minist\u00e8re de l\u2019Int\u00e9rieur\"],\"articleSection\":[\"SOCIETE\",\"Tunisie\"],\"inLanguage\":\"fr-FR\",\"potentialAction\":[{\"@type\":\"CommentAction\",\"name\":\"Comment\",\"target\":[\"https:\/\/kapitalis.com\/tunisie\/2017\/07\/01\/meurtre-de-dubosville-pas-de-traces-de-violences-sur-le-corps-de-la-victime\/#respond\"]}]},{\"@type\":\"WebPage\",\"@id\":\"https:\/\/kapitalis.com\/tunisie\/2017\/07\/01\/meurtre-de-dubosville-pas-de-traces-de-violences-sur-le-corps-de-la-victime\/\",\"url\":\"https:\/\/kapitalis.com\/tunisie\/2017\/07\/01\/meurtre-de-dubosville-pas-de-traces-de-violences-sur-le-corps-de-la-victime\/\",\"name\":\"Meurtre de Dubosville : Pas de traces de violences sur le corps de la victime - Kapitalis\",\"isPartOf\":{\"@id\":\"https:\/\/kapitalis.com\/tunisie\/#website\"},\"primaryImageOfPage\":{\"@id\":\"https:\/\/kapitalis.com\/tunisie\/2017\/07\/01\/meurtre-de-dubosville-pas-de-traces-de-violences-sur-le-corps-de-la-victime\/#primaryimage\"},\"image\":{\"@id\":\"https:\/\/kapitalis.com\/tunisie\/2017\/07\/01\/meurtre-de-dubosville-pas-de-traces-de-violences-sur-le-corps-de-la-victime\/#primaryimage\"},\"thumbnailUrl\":\"http:\/\/kapitalis.com\/tunisie\/wp-content\/uploads\/2017\/06\/Safouane-Dubosville-meurtre.jpg\",\"datePublished\":\"2017-07-01T11:02:19+00:00\",\"dateModified\":\"2017-07-01T11:04:03+00:00\",\"breadcrumb\":{\"@id\":\"https:\/\/kapitalis.com\/tunisie\/2017\/07\/01\/meurtre-de-dubosville-pas-de-traces-de-violences-sur-le-corps-de-la-victime\/#breadcrumb\"},\"inLanguage\":\"fr-FR\",\"potentialAction\":[{\"@type\":\"ReadAction\",\"target\":[\"https:\/\/kapitalis.com\/tunisie\/2017\/07\/01\/meurtre-de-dubosville-pas-de-traces-de-violences-sur-le-corps-de-la-victime\/\"]}]},{\"@type\":\"ImageObject\",\"inLanguage\":\"fr-FR\",\"@id\":\"https:\/\/kapitalis.com\/tunisie\/2017\/07\/01\/meurtre-de-dubosville-pas-de-traces-de-violences-sur-le-corps-de-la-victime\/#primaryimage\",\"url\":\"http:\/\/kapitalis.com\/tunisie\/wp-content\/uploads\/2017\/06\/Safouane-Dubosville-meurtre.jpg\",\"contentUrl\":\"http:\/\/kapitalis.com\/tunisie\/wp-content\/uploads\/2017\/06\/Safouane-Dubosville-meurtre.jpg\"},{\"@type\":\"BreadcrumbList\",\"@id\":\"https:\/\/kapitalis.com\/tunisie\/2017\/07\/01\/meurtre-de-dubosville-pas-de-traces-de-violences-sur-le-corps-de-la-victime\/#breadcrumb\",\"itemListElement\":[{\"@type\":\"ListItem\",\"position\":1,\"name\":\"Accueil\",\"item\":\"https:\/\/kapitalis.com\/tunisie\/\"},{\"@type\":\"ListItem\",\"position\":2,\"name\":\"Meurtre de Dubosville : Pas de traces de violences sur le corps de la victime\"}]},{\"@type\":\"WebSite\",\"@id\":\"https:\/\/kapitalis.com\/tunisie\/#website\",\"url\":\"https:\/\/kapitalis.com\/tunisie\/\",\"name\":\"Kapitalis\",\"description\":\"L&#039;actualit\u00e9 en Tunisie et dans le monde\",\"publisher\":{\"@id\":\"https:\/\/kapitalis.com\/tunisie\/#organization\"},\"potentialAction\":[{\"@type\":\"SearchAction\",\"target\":{\"@type\":\"EntryPoint\",\"urlTemplate\":\"https:\/\/kapitalis.com\/tunisie\/?s={search_term_string}\"},\"query-input\":{\"@type\":\"PropertyValueSpecification\",\"valueRequired\":true,\"valueName\":\"search_term_string\"}}],\"inLanguage\":\"fr-FR\"},{\"@type\":\"Organization\",\"@id\":\"https:\/\/kapitalis.com\/tunisie\/#organization\",\"name\":\"Kapitalis\",\"url\":\"https:\/\/kapitalis.com\/tunisie\/\",\"logo\":{\"@type\":\"ImageObject\",\"inLanguage\":\"fr-FR\",\"@id\":\"https:\/\/kapitalis.com\/tunisie\/#\/schema\/logo\/image\/\",\"url\":\"https:\/\/kapitalis.com\/tunisie\/wp-content\/uploads\/2022\/05\/Kapitalis-big-size.png\",\"contentUrl\":\"https:\/\/kapitalis.com\/tunisie\/wp-content\/uploads\/2022\/05\/Kapitalis-big-size.png\",\"width\":5000,\"height\":1500,\"caption\":\"Kapitalis\"},\"image\":{\"@id\":\"https:\/\/kapitalis.com\/tunisie\/#\/schema\/logo\/image\/\"},\"sameAs\":[\"https:\/\/www.facebook.com\/KapitalisInfo\/\",\"https:\/\/x.com\/KapitalisInfo\",\"https:\/\/www.youtube.com\/channel\/UC-yDYrHyfFBWWZaOw3FPg9Q\"]},{\"@type\":\"Person\",\"@id\":\"https:\/\/kapitalis.com\/tunisie\/#\/schema\/person\/2c6e134b2f3369dffcd1daf5f087d28b\",\"name\":\"emna benabdallah\",\"url\":\"https:\/\/kapitalis.com\/tunisie\/author\/emna\/\"}]}<\/script>\n<!-- \/ Yoast SEO plugin. -->","yoast_head_json":{"title":"Meurtre de Dubosville : Pas de traces de violences sur le corps de la victime - Kapitalis","robots":{"index":"index","follow":"follow","max-snippet":"max-snippet:-1","max-image-preview":"max-image-preview:large","max-video-preview":"max-video-preview:-1"},"canonical":"https:\/\/kapitalis.com\/tunisie\/2017\/07\/01\/meurtre-de-dubosville-pas-de-traces-de-violences-sur-le-corps-de-la-victime\/","og_locale":"fr_FR","og_type":"article","og_title":"Meurtre de Dubosville : Pas de traces de violences sur le corps de la victime - Kapitalis","og_description":"Le corps de Safouene, fils d&rsquo;un couple de policiers, tu\u00e9 le 26 juin 2017, \u00e0 Dubosville (sud de Tunis), ne porte pas de trace de violence.","og_url":"https:\/\/kapitalis.com\/tunisie\/2017\/07\/01\/meurtre-de-dubosville-pas-de-traces-de-violences-sur-le-corps-de-la-victime\/","og_site_name":"Kapitalis","article_publisher":"https:\/\/www.facebook.com\/KapitalisInfo\/","article_published_time":"2017-07-01T11:02:19+00:00","article_modified_time":"2017-07-01T11:04:03+00:00","og_image":[{"url":"http:\/\/kapitalis.com\/tunisie\/wp-content\/uploads\/2017\/06\/Safouane-Dubosville-meurtre.jpg","type":"","width":"","height":""}],"author":"emna benabdallah","twitter_card":"summary_large_image","twitter_creator":"@KapitalisInfo","twitter_site":"@KapitalisInfo","twitter_misc":{"\u00c9crit par":"emna benabdallah","Dur\u00e9e de lecture estim\u00e9e":"1 minute"},"schema":{"@context":"https:\/\/schema.org","@graph":[{"@type":"Article","@id":"https:\/\/kapitalis.com\/tunisie\/2017\/07\/01\/meurtre-de-dubosville-pas-de-traces-de-violences-sur-le-corps-de-la-victime\/#article","isPartOf":{"@id":"https:\/\/kapitalis.com\/tunisie\/2017\/07\/01\/meurtre-de-dubosville-pas-de-traces-de-violences-sur-le-corps-de-la-victime\/"},"author":{"name":"emna benabdallah","@id":"https:\/\/kapitalis.com\/tunisie\/#\/schema\/person\/2c6e134b2f3369dffcd1daf5f087d28b"},"headline":"Meurtre de Dubosville : Pas de traces de violences sur le corps de la victime","datePublished":"2017-07-01T11:02:19+00:00","dateModified":"2017-07-01T11:04:03+00:00","mainEntityOfPage":{"@id":"https:\/\/kapitalis.com\/tunisie\/2017\/07\/01\/meurtre-de-dubosville-pas-de-traces-de-violences-sur-le-corps-de-la-victime\/"},"wordCount":167,"commentCount":1,"publisher":{"@id":"https:\/\/kapitalis.com\/tunisie\/#organization"},"image":{"@id":"https:\/\/kapitalis.com\/tunisie\/2017\/07\/01\/meurtre-de-dubosville-pas-de-traces-de-violences-sur-le-corps-de-la-victime\/#primaryimage"},"thumbnailUrl":"http:\/\/kapitalis.com\/tunisie\/wp-content\/uploads\/2017\/06\/Safouane-Dubosville-meurtre.jpg","keywords":["Dubosville","minist\u00e8re de l\u2019Int\u00e9rieur"],"articleSection":["SOCIETE","Tunisie"],"inLanguage":"fr-FR","potentialAction":[{"@type":"CommentAction","name":"Comment","target":["https:\/\/kapitalis.com\/tunisie\/2017\/07\/01\/meurtre-de-dubosville-pas-de-traces-de-violences-sur-le-corps-de-la-victime\/#respond"]}]},{"@type":"WebPage","@id":"https:\/\/kapitalis.com\/tunisie\/2017\/07\/01\/meurtre-de-dubosville-pas-de-traces-de-violences-sur-le-corps-de-la-victime\/","url":"https:\/\/kapitalis.com\/tunisie\/2017\/07\/01\/meurtre-de-dubosville-pas-de-traces-de-violences-sur-le-corps-de-la-victime\/","name":"Meurtre de Dubosville : Pas de traces de violences sur le corps de la victime - Kapitalis","isPartOf":{"@id":"https:\/\/kapitalis.com\/tunisie\/#website"},"primaryImageOfPage":{"@id":"https:\/\/kapitalis.com\/tunisie\/2017\/07\/01\/meurtre-de-dubosville-pas-de-traces-de-violences-sur-le-corps-de-la-victime\/#primaryimage"},"image":{"@id":"https:\/\/kapitalis.com\/tunisie\/2017\/07\/01\/meurtre-de-dubosville-pas-de-traces-de-violences-sur-le-corps-de-la-victime\/#primaryimage"},"thumbnailUrl":"http:\/\/kapitalis.com\/tunisie\/wp-content\/uploads\/2017\/06\/Safouane-Dubosville-meurtre.jpg","datePublished":"2017-07-01T11:02:19+00:00","dateModified":"2017-07-01T11:04:03+00:00","breadcrumb":{"@id":"https:\/\/kapitalis.com\/tunisie\/2017\/07\/01\/meurtre-de-dubosville-pas-de-traces-de-violences-sur-le-corps-de-la-victime\/#breadcrumb"},"inLanguage":"fr-FR","potentialAction":[{"@type":"ReadAction","target":["https:\/\/kapitalis.com\/tunisie\/2017\/07\/01\/meurtre-de-dubosville-pas-de-traces-de-violences-sur-le-corps-de-la-victime\/"]}]},{"@type":"ImageObject","inLanguage":"fr-FR","@id":"https:\/\/kapitalis.com\/tunisie\/2017\/07\/01\/meurtre-de-dubosville-pas-de-traces-de-violences-sur-le-corps-de-la-victime\/#primaryimage","url":"http:\/\/kapitalis.com\/tunisie\/wp-content\/uploads\/2017\/06\/Safouane-Dubosville-meurtre.jpg","contentUrl":"http:\/\/kapitalis.com\/tunisie\/wp-content\/uploads\/2017\/06\/Safouane-Dubosville-meurtre.jpg"},{"@type":"BreadcrumbList","@id":"https:\/\/kapitalis.com\/tunisie\/2017\/07\/01\/meurtre-de-dubosville-pas-de-traces-de-violences-sur-le-corps-de-la-victime\/#breadcrumb","itemListElement":[{"@type":"ListItem","position":1,"name":"Accueil","item":"https:\/\/kapitalis.com\/tunisie\/"},{"@type":"ListItem","position":2,"name":"Meurtre de Dubosville : Pas de traces de violences sur le corps de la victime"}]},{"@type":"WebSite","@id":"https:\/\/kapitalis.com\/tunisie\/#website","url":"https:\/\/kapitalis.com\/tunisie\/","name":"Kapitalis","description":"L&#039;actualit\u00e9 en Tunisie et dans le monde","publisher":{"@id":"https:\/\/kapitalis.com\/tunisie\/#organization"},"potentialAction":[{"@type":"SearchAction","target":{"@type":"EntryPoint","urlTemplate":"https:\/\/kapitalis.com\/tunisie\/?s={search_term_string}"},"query-input":{"@type":"PropertyValueSpecification","valueRequired":true,"valueName":"search_term_string"}}],"inLanguage":"fr-FR"},{"@type":"Organization","@id":"https:\/\/kapitalis.com\/tunisie\/#organization","name":"Kapitalis","url":"https:\/\/kapitalis.com\/tunisie\/","logo":{"@type":"ImageObject","inLanguage":"fr-FR","@id":"https:\/\/kapitalis.com\/tunisie\/#\/schema\/logo\/image\/","url":"https:\/\/kapitalis.com\/tunisie\/wp-content\/uploads\/2022\/05\/Kapitalis-big-size.png","contentUrl":"https:\/\/kapitalis.com\/tunisie\/wp-content\/uploads\/2022\/05\/Kapitalis-big-size.png","width":5000,"height":1500,"caption":"Kapitalis"},"image":{"@id":"https:\/\/kapitalis.com\/tunisie\/#\/schema\/logo\/image\/"},"sameAs":["https:\/\/www.facebook.com\/KapitalisInfo\/","https:\/\/x.com\/KapitalisInfo","https:\/\/www.youtube.com\/channel\/UC-yDYrHyfFBWWZaOw3FPg9Q"]},{"@type":"Person","@id":"https:\/\/kapitalis.com\/tunisie\/#\/schema\/person\/2c6e134b2f3369dffcd1daf5f087d28b","name":"emna benabdallah","url":"https:\/\/kapitalis.com\/tunisie\/author\/emna\/"}]}},"_links":{"self":[{"href":"https:\/\/kapitalis.com\/tunisie\/wp-json\/wp\/v2\/posts\/104258","targetHints":{"allow":["GET"]}}],"collection":[{"href":"https:\/\/kapitalis.com\/tunisie\/wp-json\/wp\/v2\/posts"}],"about":[{"href":"https:\/\/kapitalis.com\/tunisie\/wp-json\/wp\/v2\/types\/post"}],"author":[{"embeddable":true,"href":"https:\/\/kapitalis.com\/tunisie\/wp-json\/wp\/v2\/users\/16"}],"replies":[{"embeddable":true,"href":"https:\/\/kapitalis.com\/tunisie\/wp-json\/wp\/v2\/comments?post=104258"}],"version-history":[{"count":0,"href":"https:\/\/kapitalis.com\/tunisie\/wp-json\/wp\/v2\/posts\/104258\/revisions"}],"wp:attachment":[{"href":"https:\/\/kapitalis.com\/tunisie\/wp-json\/wp\/v2\/media?parent=104258"}],"wp:term":[{"taxonomy":"category","embeddable":true,"href":"https:\/\/kapitalis.com\/tunisie\/wp-json\/wp\/v2\/categories?post=104258"},{"taxonomy":"post_tag","embeddable":true,"href":"https:\/\/kapitalis.com\/tunisie\/wp-json\/wp\/v2\/tags?post=104258"}],"curies":[{"name":"wp","href":"https:\/\/api.w.org\/{rel}","templated":true}]}}