{"id":10426182,"date":"2023-11-07T07:52:13","date_gmt":"2023-11-07T06:52:13","guid":{"rendered":"https:\/\/kapitalis.com\/tunisie\/?p=10426182"},"modified":"2023-11-07T07:57:49","modified_gmt":"2023-11-07T06:57:49","slug":"tunisie-les-quatre-terroristes-en-fuite-arretes-a-jebel-boukornine","status":"publish","type":"post","link":"https:\/\/kapitalis.com\/tunisie\/2023\/11\/07\/tunisie-les-quatre-terroristes-en-fuite-arretes-a-jebel-boukornine\/","title":{"rendered":"Tunisie : les quatre terroristes en fuite arr\u00eat\u00e9s \u00e0 Jebel Boukornine"},"content":{"rendered":"\n<p><strong><em>Diff\u00e9rents corps s\u00e9curitaires (police, garde nationale et arm\u00e9e) ont r\u00e9ussi \u00e0 arr\u00eater les quatre terroristes en fuite, ce mardi 7 novembre 2023 vers 5 heures dans la montagne de Boukornine, pr\u00e8s de Hammam-Lif, dans la banlieue sur de Tunis. Ils \u00e9taient tous en vie, affirme le minist\u00e8re de l&rsquo;Int\u00e9rieur dans un communiqu\u00e9. <\/em><\/strong><\/p>\n\n\n\n<!--more-->\n\n\n\n<p>Les terroristes arr\u00eat\u00e9s, qui avaient pris la fuite mardi dernier de la prison de Mornaguia, o\u00f9 ils \u00e9taient incarc\u00e9r\u00e9s dans des cellules d&rsquo;isolement dans un quartier de haute s\u00e9curit\u00e9, sont Alaeddine Ghazouani, Nader Ghanmi, Amer Belazi et Raed Touati.<\/p>\n\n\n\n<p>Le cinqui\u00e8me, Ahmed Melki alias Somali avait \u00e9t\u00e9 arr\u00eat\u00e9, dimanche, \u00e0 la cit\u00e9 Ettadhamen, \u00e0 l&rsquo;ouest de la capitale, par un agent de s\u00e9curit\u00e9, avec l&rsquo;aide d&rsquo;un groupe de citoyens.  <\/p>\n\n\n\n<p>La cavale des cinq fuyards a dur\u00e9 une semaine, mais ils ont r\u00e9ussi, entretemps, \u00e0 d\u00e9valiser une banque \u00e0 Boumhel, au sud de la capitale, deux jours apr\u00e8s leur fuite. Ils ont vol\u00e9 une somme de 20 000 dinars.   <\/p>\n\n\n\n<p class=\"has-text-align-right\"><strong>I. B.<\/strong> <\/p>\n","protected":false},"excerpt":{"rendered":"<p>Arrestation des quatre terroristes en fuite dans la montagne de Boukornine, dans la banlieue sur de Tunis.<\/p>\n","protected":false},"author":8,"featured_media":10390591,"comment_status":"open","ping_status":"open","sticky":false,"template":"","format":"standard","meta":{"footnotes":""},"categories":[997,998,2433],"tags":[111929,111932,111930,438,79256,1315,111931,107602,62643],"class_list":["post-10426182","post","type-post","status-publish","format-standard","has-post-thumbnail","hentry","category-politique","category-societe","category-tunisie","tag-ahmed-melki","tag-alaeddine-ghazouani","tag-amer-belazi","tag-hammam-lif","tag-jebel-boukornine","tag-mornaguia","tag-nader-ghanmi","tag-raed-touati","tag-tunisie"],"yoast_head":"<!-- This site is optimized with the Yoast SEO plugin v26.6 - https:\/\/yoast.com\/wordpress\/plugins\/seo\/ -->\n<title>Tunisie : les quatre terroristes en fuite arr\u00eat\u00e9s \u00e0 Jebel Boukornine - Kapitalis<\/title>\n<meta name=\"robots\" content=\"index, follow, max-snippet:-1, max-image-preview:large, max-video-preview:-1\" \/>\n<link rel=\"canonical\" href=\"https:\/\/kapitalis.com\/tunisie\/2023\/11\/07\/tunisie-les-quatre-terroristes-en-fuite-arretes-a-jebel-boukornine\/\" \/>\n<meta property=\"og:locale\" content=\"fr_FR\" \/>\n<meta property=\"og:type\" content=\"article\" \/>\n<meta property=\"og:title\" content=\"Tunisie : les quatre terroristes en fuite arr\u00eat\u00e9s \u00e0 Jebel Boukornine - Kapitalis\" \/>\n<meta property=\"og:description\" content=\"Arrestation des quatre terroristes en fuite dans la montagne de Boukornine, dans la banlieue sur de Tunis.\" \/>\n<meta property=\"og:url\" content=\"https:\/\/kapitalis.com\/tunisie\/2023\/11\/07\/tunisie-les-quatre-terroristes-en-fuite-arretes-a-jebel-boukornine\/\" \/>\n<meta property=\"og:site_name\" content=\"Kapitalis\" \/>\n<meta property=\"article:publisher\" content=\"https:\/\/www.facebook.com\/KapitalisInfo\/\" \/>\n<meta property=\"article:published_time\" content=\"2023-11-07T06:52:13+00:00\" \/>\n<meta property=\"article:modified_time\" content=\"2023-11-07T06:57:49+00:00\" \/>\n<meta property=\"og:image\" content=\"https:\/\/kapitalis.com\/tunisie\/wp-content\/uploads\/2023\/11\/Terroristes-Evades.jpg\" \/>\n\t<meta property=\"og:image:width\" content=\"1200\" \/>\n\t<meta property=\"og:image:height\" content=\"630\" \/>\n\t<meta property=\"og:image:type\" content=\"image\/jpeg\" \/>\n<meta name=\"author\" content=\"webmaster kapitalis\" \/>\n<meta name=\"twitter:card\" content=\"summary_large_image\" \/>\n<meta name=\"twitter:creator\" content=\"@KapitalisInfo\" \/>\n<meta name=\"twitter:site\" content=\"@KapitalisInfo\" \/>\n<meta name=\"twitter:label1\" content=\"\u00c9crit par\" \/>\n\t<meta name=\"twitter:data1\" content=\"webmaster kapitalis\" \/>\n\t<meta name=\"twitter:label2\" content=\"Dur\u00e9e de lecture estim\u00e9e\" \/>\n\t<meta name=\"twitter:data2\" content=\"1 minute\" \/>\n<script type=\"application\/ld+json\" class=\"yoast-schema-graph\">{\"@context\":\"https:\/\/schema.org\",\"@graph\":[{\"@type\":\"Article\",\"@id\":\"https:\/\/kapitalis.com\/tunisie\/2023\/11\/07\/tunisie-les-quatre-terroristes-en-fuite-arretes-a-jebel-boukornine\/#article\",\"isPartOf\":{\"@id\":\"https:\/\/kapitalis.com\/tunisie\/2023\/11\/07\/tunisie-les-quatre-terroristes-en-fuite-arretes-a-jebel-boukornine\/\"},\"author\":{\"name\":\"webmaster kapitalis\",\"@id\":\"https:\/\/kapitalis.com\/tunisie\/#\/schema\/person\/d71f33a9ca44f7bad4698210b480c8e9\"},\"headline\":\"Tunisie : les quatre terroristes en fuite arr\u00eat\u00e9s \u00e0 Jebel Boukornine\",\"datePublished\":\"2023-11-07T06:52:13+00:00\",\"dateModified\":\"2023-11-07T06:57:49+00:00\",\"mainEntityOfPage\":{\"@id\":\"https:\/\/kapitalis.com\/tunisie\/2023\/11\/07\/tunisie-les-quatre-terroristes-en-fuite-arretes-a-jebel-boukornine\/\"},\"wordCount\":182,\"commentCount\":2,\"publisher\":{\"@id\":\"https:\/\/kapitalis.com\/tunisie\/#organization\"},\"image\":{\"@id\":\"https:\/\/kapitalis.com\/tunisie\/2023\/11\/07\/tunisie-les-quatre-terroristes-en-fuite-arretes-a-jebel-boukornine\/#primaryimage\"},\"thumbnailUrl\":\"https:\/\/kapitalis.com\/tunisie\/wp-content\/uploads\/2023\/11\/Terroristes-Evades.jpg\",\"keywords\":[\"Ahmed Melki\",\"Alaeddine Ghazouani\",\"Amer Belazi\",\"Hammam-Lif\",\"Jebel Boukornine\",\"Mornaguia\",\"Nader Ghanmi\",\"Raed Touati\",\"Tunisie\"],\"articleSection\":[\"POLITIQUE\",\"SOCIETE\",\"Tunisie\"],\"inLanguage\":\"fr-FR\",\"potentialAction\":[{\"@type\":\"CommentAction\",\"name\":\"Comment\",\"target\":[\"https:\/\/kapitalis.com\/tunisie\/2023\/11\/07\/tunisie-les-quatre-terroristes-en-fuite-arretes-a-jebel-boukornine\/#respond\"]}]},{\"@type\":\"WebPage\",\"@id\":\"https:\/\/kapitalis.com\/tunisie\/2023\/11\/07\/tunisie-les-quatre-terroristes-en-fuite-arretes-a-jebel-boukornine\/\",\"url\":\"https:\/\/kapitalis.com\/tunisie\/2023\/11\/07\/tunisie-les-quatre-terroristes-en-fuite-arretes-a-jebel-boukornine\/\",\"name\":\"Tunisie : les quatre terroristes en fuite arr\u00eat\u00e9s \u00e0 Jebel Boukornine - Kapitalis\",\"isPartOf\":{\"@id\":\"https:\/\/kapitalis.com\/tunisie\/#website\"},\"primaryImageOfPage\":{\"@id\":\"https:\/\/kapitalis.com\/tunisie\/2023\/11\/07\/tunisie-les-quatre-terroristes-en-fuite-arretes-a-jebel-boukornine\/#primaryimage\"},\"image\":{\"@id\":\"https:\/\/kapitalis.com\/tunisie\/2023\/11\/07\/tunisie-les-quatre-terroristes-en-fuite-arretes-a-jebel-boukornine\/#primaryimage\"},\"thumbnailUrl\":\"https:\/\/kapitalis.com\/tunisie\/wp-content\/uploads\/2023\/11\/Terroristes-Evades.jpg\",\"datePublished\":\"2023-11-07T06:52:13+00:00\",\"dateModified\":\"2023-11-07T06:57:49+00:00\",\"breadcrumb\":{\"@id\":\"https:\/\/kapitalis.com\/tunisie\/2023\/11\/07\/tunisie-les-quatre-terroristes-en-fuite-arretes-a-jebel-boukornine\/#breadcrumb\"},\"inLanguage\":\"fr-FR\",\"potentialAction\":[{\"@type\":\"ReadAction\",\"target\":[\"https:\/\/kapitalis.com\/tunisie\/2023\/11\/07\/tunisie-les-quatre-terroristes-en-fuite-arretes-a-jebel-boukornine\/\"]}]},{\"@type\":\"ImageObject\",\"inLanguage\":\"fr-FR\",\"@id\":\"https:\/\/kapitalis.com\/tunisie\/2023\/11\/07\/tunisie-les-quatre-terroristes-en-fuite-arretes-a-jebel-boukornine\/#primaryimage\",\"url\":\"https:\/\/kapitalis.com\/tunisie\/wp-content\/uploads\/2023\/11\/Terroristes-Evades.jpg\",\"contentUrl\":\"https:\/\/kapitalis.com\/tunisie\/wp-content\/uploads\/2023\/11\/Terroristes-Evades.jpg\",\"width\":1200,\"height\":630},{\"@type\":\"BreadcrumbList\",\"@id\":\"https:\/\/kapitalis.com\/tunisie\/2023\/11\/07\/tunisie-les-quatre-terroristes-en-fuite-arretes-a-jebel-boukornine\/#breadcrumb\",\"itemListElement\":[{\"@type\":\"ListItem\",\"position\":1,\"name\":\"Accueil\",\"item\":\"https:\/\/kapitalis.com\/tunisie\/\"},{\"@type\":\"ListItem\",\"position\":2,\"name\":\"Tunisie : les quatre terroristes en fuite arr\u00eat\u00e9s \u00e0 Jebel Boukornine\"}]},{\"@type\":\"WebSite\",\"@id\":\"https:\/\/kapitalis.com\/tunisie\/#website\",\"url\":\"https:\/\/kapitalis.com\/tunisie\/\",\"name\":\"Kapitalis\",\"description\":\"L&#039;actualit\u00e9 en Tunisie et dans le monde\",\"publisher\":{\"@id\":\"https:\/\/kapitalis.com\/tunisie\/#organization\"},\"potentialAction\":[{\"@type\":\"SearchAction\",\"target\":{\"@type\":\"EntryPoint\",\"urlTemplate\":\"https:\/\/kapitalis.com\/tunisie\/?s={search_term_string}\"},\"query-input\":{\"@type\":\"PropertyValueSpecification\",\"valueRequired\":true,\"valueName\":\"search_term_string\"}}],\"inLanguage\":\"fr-FR\"},{\"@type\":\"Organization\",\"@id\":\"https:\/\/kapitalis.com\/tunisie\/#organization\",\"name\":\"Kapitalis\",\"url\":\"https:\/\/kapitalis.com\/tunisie\/\",\"logo\":{\"@type\":\"ImageObject\",\"inLanguage\":\"fr-FR\",\"@id\":\"https:\/\/kapitalis.com\/tunisie\/#\/schema\/logo\/image\/\",\"url\":\"https:\/\/kapitalis.com\/tunisie\/wp-content\/uploads\/2022\/05\/Kapitalis-big-size.png\",\"contentUrl\":\"https:\/\/kapitalis.com\/tunisie\/wp-content\/uploads\/2022\/05\/Kapitalis-big-size.png\",\"width\":5000,\"height\":1500,\"caption\":\"Kapitalis\"},\"image\":{\"@id\":\"https:\/\/kapitalis.com\/tunisie\/#\/schema\/logo\/image\/\"},\"sameAs\":[\"https:\/\/www.facebook.com\/KapitalisInfo\/\",\"https:\/\/x.com\/KapitalisInfo\",\"https:\/\/www.youtube.com\/channel\/UC-yDYrHyfFBWWZaOw3FPg9Q\"]},{\"@type\":\"Person\",\"@id\":\"https:\/\/kapitalis.com\/tunisie\/#\/schema\/person\/d71f33a9ca44f7bad4698210b480c8e9\",\"name\":\"webmaster kapitalis\",\"url\":\"https:\/\/kapitalis.com\/tunisie\/author\/webmaster-kapitalis\/\"}]}<\/script>\n<!-- \/ Yoast SEO plugin. -->","yoast_head_json":{"title":"Tunisie : les quatre terroristes en fuite arr\u00eat\u00e9s \u00e0 Jebel Boukornine - Kapitalis","robots":{"index":"index","follow":"follow","max-snippet":"max-snippet:-1","max-image-preview":"max-image-preview:large","max-video-preview":"max-video-preview:-1"},"canonical":"https:\/\/kapitalis.com\/tunisie\/2023\/11\/07\/tunisie-les-quatre-terroristes-en-fuite-arretes-a-jebel-boukornine\/","og_locale":"fr_FR","og_type":"article","og_title":"Tunisie : les quatre terroristes en fuite arr\u00eat\u00e9s \u00e0 Jebel Boukornine - Kapitalis","og_description":"Arrestation des quatre terroristes en fuite dans la montagne de Boukornine, dans la banlieue sur de Tunis.","og_url":"https:\/\/kapitalis.com\/tunisie\/2023\/11\/07\/tunisie-les-quatre-terroristes-en-fuite-arretes-a-jebel-boukornine\/","og_site_name":"Kapitalis","article_publisher":"https:\/\/www.facebook.com\/KapitalisInfo\/","article_published_time":"2023-11-07T06:52:13+00:00","article_modified_time":"2023-11-07T06:57:49+00:00","og_image":[{"width":1200,"height":630,"url":"https:\/\/kapitalis.com\/tunisie\/wp-content\/uploads\/2023\/11\/Terroristes-Evades.jpg","type":"image\/jpeg"}],"author":"webmaster kapitalis","twitter_card":"summary_large_image","twitter_creator":"@KapitalisInfo","twitter_site":"@KapitalisInfo","twitter_misc":{"\u00c9crit par":"webmaster kapitalis","Dur\u00e9e de lecture estim\u00e9e":"1 minute"},"schema":{"@context":"https:\/\/schema.org","@graph":[{"@type":"Article","@id":"https:\/\/kapitalis.com\/tunisie\/2023\/11\/07\/tunisie-les-quatre-terroristes-en-fuite-arretes-a-jebel-boukornine\/#article","isPartOf":{"@id":"https:\/\/kapitalis.com\/tunisie\/2023\/11\/07\/tunisie-les-quatre-terroristes-en-fuite-arretes-a-jebel-boukornine\/"},"author":{"name":"webmaster kapitalis","@id":"https:\/\/kapitalis.com\/tunisie\/#\/schema\/person\/d71f33a9ca44f7bad4698210b480c8e9"},"headline":"Tunisie : les quatre terroristes en fuite arr\u00eat\u00e9s \u00e0 Jebel Boukornine","datePublished":"2023-11-07T06:52:13+00:00","dateModified":"2023-11-07T06:57:49+00:00","mainEntityOfPage":{"@id":"https:\/\/kapitalis.com\/tunisie\/2023\/11\/07\/tunisie-les-quatre-terroristes-en-fuite-arretes-a-jebel-boukornine\/"},"wordCount":182,"commentCount":2,"publisher":{"@id":"https:\/\/kapitalis.com\/tunisie\/#organization"},"image":{"@id":"https:\/\/kapitalis.com\/tunisie\/2023\/11\/07\/tunisie-les-quatre-terroristes-en-fuite-arretes-a-jebel-boukornine\/#primaryimage"},"thumbnailUrl":"https:\/\/kapitalis.com\/tunisie\/wp-content\/uploads\/2023\/11\/Terroristes-Evades.jpg","keywords":["Ahmed Melki","Alaeddine Ghazouani","Amer Belazi","Hammam-Lif","Jebel Boukornine","Mornaguia","Nader Ghanmi","Raed Touati","Tunisie"],"articleSection":["POLITIQUE","SOCIETE","Tunisie"],"inLanguage":"fr-FR","potentialAction":[{"@type":"CommentAction","name":"Comment","target":["https:\/\/kapitalis.com\/tunisie\/2023\/11\/07\/tunisie-les-quatre-terroristes-en-fuite-arretes-a-jebel-boukornine\/#respond"]}]},{"@type":"WebPage","@id":"https:\/\/kapitalis.com\/tunisie\/2023\/11\/07\/tunisie-les-quatre-terroristes-en-fuite-arretes-a-jebel-boukornine\/","url":"https:\/\/kapitalis.com\/tunisie\/2023\/11\/07\/tunisie-les-quatre-terroristes-en-fuite-arretes-a-jebel-boukornine\/","name":"Tunisie : les quatre terroristes en fuite arr\u00eat\u00e9s \u00e0 Jebel Boukornine - Kapitalis","isPartOf":{"@id":"https:\/\/kapitalis.com\/tunisie\/#website"},"primaryImageOfPage":{"@id":"https:\/\/kapitalis.com\/tunisie\/2023\/11\/07\/tunisie-les-quatre-terroristes-en-fuite-arretes-a-jebel-boukornine\/#primaryimage"},"image":{"@id":"https:\/\/kapitalis.com\/tunisie\/2023\/11\/07\/tunisie-les-quatre-terroristes-en-fuite-arretes-a-jebel-boukornine\/#primaryimage"},"thumbnailUrl":"https:\/\/kapitalis.com\/tunisie\/wp-content\/uploads\/2023\/11\/Terroristes-Evades.jpg","datePublished":"2023-11-07T06:52:13+00:00","dateModified":"2023-11-07T06:57:49+00:00","breadcrumb":{"@id":"https:\/\/kapitalis.com\/tunisie\/2023\/11\/07\/tunisie-les-quatre-terroristes-en-fuite-arretes-a-jebel-boukornine\/#breadcrumb"},"inLanguage":"fr-FR","potentialAction":[{"@type":"ReadAction","target":["https:\/\/kapitalis.com\/tunisie\/2023\/11\/07\/tunisie-les-quatre-terroristes-en-fuite-arretes-a-jebel-boukornine\/"]}]},{"@type":"ImageObject","inLanguage":"fr-FR","@id":"https:\/\/kapitalis.com\/tunisie\/2023\/11\/07\/tunisie-les-quatre-terroristes-en-fuite-arretes-a-jebel-boukornine\/#primaryimage","url":"https:\/\/kapitalis.com\/tunisie\/wp-content\/uploads\/2023\/11\/Terroristes-Evades.jpg","contentUrl":"https:\/\/kapitalis.com\/tunisie\/wp-content\/uploads\/2023\/11\/Terroristes-Evades.jpg","width":1200,"height":630},{"@type":"BreadcrumbList","@id":"https:\/\/kapitalis.com\/tunisie\/2023\/11\/07\/tunisie-les-quatre-terroristes-en-fuite-arretes-a-jebel-boukornine\/#breadcrumb","itemListElement":[{"@type":"ListItem","position":1,"name":"Accueil","item":"https:\/\/kapitalis.com\/tunisie\/"},{"@type":"ListItem","position":2,"name":"Tunisie : les quatre terroristes en fuite arr\u00eat\u00e9s \u00e0 Jebel Boukornine"}]},{"@type":"WebSite","@id":"https:\/\/kapitalis.com\/tunisie\/#website","url":"https:\/\/kapitalis.com\/tunisie\/","name":"Kapitalis","description":"L&#039;actualit\u00e9 en Tunisie et dans le monde","publisher":{"@id":"https:\/\/kapitalis.com\/tunisie\/#organization"},"potentialAction":[{"@type":"SearchAction","target":{"@type":"EntryPoint","urlTemplate":"https:\/\/kapitalis.com\/tunisie\/?s={search_term_string}"},"query-input":{"@type":"PropertyValueSpecification","valueRequired":true,"valueName":"search_term_string"}}],"inLanguage":"fr-FR"},{"@type":"Organization","@id":"https:\/\/kapitalis.com\/tunisie\/#organization","name":"Kapitalis","url":"https:\/\/kapitalis.com\/tunisie\/","logo":{"@type":"ImageObject","inLanguage":"fr-FR","@id":"https:\/\/kapitalis.com\/tunisie\/#\/schema\/logo\/image\/","url":"https:\/\/kapitalis.com\/tunisie\/wp-content\/uploads\/2022\/05\/Kapitalis-big-size.png","contentUrl":"https:\/\/kapitalis.com\/tunisie\/wp-content\/uploads\/2022\/05\/Kapitalis-big-size.png","width":5000,"height":1500,"caption":"Kapitalis"},"image":{"@id":"https:\/\/kapitalis.com\/tunisie\/#\/schema\/logo\/image\/"},"sameAs":["https:\/\/www.facebook.com\/KapitalisInfo\/","https:\/\/x.com\/KapitalisInfo","https:\/\/www.youtube.com\/channel\/UC-yDYrHyfFBWWZaOw3FPg9Q"]},{"@type":"Person","@id":"https:\/\/kapitalis.com\/tunisie\/#\/schema\/person\/d71f33a9ca44f7bad4698210b480c8e9","name":"webmaster kapitalis","url":"https:\/\/kapitalis.com\/tunisie\/author\/webmaster-kapitalis\/"}]}},"_links":{"self":[{"href":"https:\/\/kapitalis.com\/tunisie\/wp-json\/wp\/v2\/posts\/10426182","targetHints":{"allow":["GET"]}}],"collection":[{"href":"https:\/\/kapitalis.com\/tunisie\/wp-json\/wp\/v2\/posts"}],"about":[{"href":"https:\/\/kapitalis.com\/tunisie\/wp-json\/wp\/v2\/types\/post"}],"author":[{"embeddable":true,"href":"https:\/\/kapitalis.com\/tunisie\/wp-json\/wp\/v2\/users\/8"}],"replies":[{"embeddable":true,"href":"https:\/\/kapitalis.com\/tunisie\/wp-json\/wp\/v2\/comments?post=10426182"}],"version-history":[{"count":3,"href":"https:\/\/kapitalis.com\/tunisie\/wp-json\/wp\/v2\/posts\/10426182\/revisions"}],"predecessor-version":[{"id":10426454,"href":"https:\/\/kapitalis.com\/tunisie\/wp-json\/wp\/v2\/posts\/10426182\/revisions\/10426454"}],"wp:featuredmedia":[{"embeddable":true,"href":"https:\/\/kapitalis.com\/tunisie\/wp-json\/wp\/v2\/media\/10390591"}],"wp:attachment":[{"href":"https:\/\/kapitalis.com\/tunisie\/wp-json\/wp\/v2\/media?parent=10426182"}],"wp:term":[{"taxonomy":"category","embeddable":true,"href":"https:\/\/kapitalis.com\/tunisie\/wp-json\/wp\/v2\/categories?post=10426182"},{"taxonomy":"post_tag","embeddable":true,"href":"https:\/\/kapitalis.com\/tunisie\/wp-json\/wp\/v2\/tags?post=10426182"}],"curies":[{"name":"wp","href":"https:\/\/api.w.org\/{rel}","templated":true}]}}