{"id":10470232,"date":"2023-11-10T01:36:30","date_gmt":"2023-11-10T00:36:30","guid":{"rendered":"https:\/\/kapitalis.com\/tunisie\/?p=10470232"},"modified":"2023-11-10T01:38:58","modified_gmt":"2023-11-10T00:38:58","slug":"tunisie-36e-edition-du-marathon-comar-de-tunis-carthage-dimanche-3-decembre-2023","status":"publish","type":"post","link":"https:\/\/kapitalis.com\/tunisie\/2023\/11\/10\/tunisie-36e-edition-du-marathon-comar-de-tunis-carthage-dimanche-3-decembre-2023\/","title":{"rendered":"Tunisie : 36e \u00e9dition du Marathon Comar de Tunis-Carthage dimanche 3 d\u00e9cembre 2023"},"content":{"rendered":"\n<p><strong><em>La 36e \u00e9dition du Marathon Comar de Tunis-Carthage, rendez-vous sportif incontournable en Tunisie, se tiendra le 3 d\u00e9cembre 2023, avec trois courses au programme.<\/em><\/strong><\/p>\n\n\n\n<!--more-->\n\n\n\n<p>Le marathon Comar de Tunis-Carthage, s\u2019est impos\u00e9 comme un rendez-vous sportif annuel tr\u00e8s attendu qui draine plus de 3000 athl\u00e8tes, amateurs et professionnels, tunisiens et \u00e9trangers venant participer aux trois courses programm\u00e9es \u00e0 savoir : Le Marathon (42,195km), le semi-Marathon (21,1) et la Course Pour Tous (5km)<\/p>\n\n\n\n<p><strong>Notre Marathon n\u2019a cess\u00e9 d\u2019\u00e9voluer d\u2019une session \u00e0 l\u2019autre en consolidant les axes suivants :<\/strong><\/p>\n\n\n\n<ul class=\"wp-block-list\">\n<li>S\u2019imposer comme l\u2019un des \u00e9v\u00e9nements sportifs majeurs en Tunisie (championnat de Tunisie pour les 42.195 km), tout en s\u2019ouvrant sur tous les pays du Maghreb, d\u2019Europe et au-del\u00e0.<\/li>\n\n\n\n<li>Attirer de plus en plus de participations \u00e9trang\u00e8res contribuant ainsi \u00e0 la promotion touristique de notre pays.<\/li>\n\n\n\n<li>Promouvoir le sport pour tous en tant que discipline de vie afin de combattre les m\u00e9faits du s\u00e9dentarisme et pr\u00e9server notre sant\u00e9.<\/li>\n\n\n\n<li>P\u00e9renniser l\u2019action environnementale et s\u2019engager dans la protection de la plan\u00e8te (reboisement des arbres).<\/li>\n<\/ul>\n\n\n\n<p>Depuis la 34\u00e8me \u00e9dition en 2019 et suite \u00e0 la crise sanitaire du COVID, le monde de l\u2019athl\u00e9tisme s\u2019est dirig\u00e9 vers le digital pour s&rsquo;entra\u00eener, garder le contact avec les co\u00e9quipiers et surtout pour participer aux diff\u00e9rentes comp\u00e9titions.<\/p>\n\n\n\n<p>En 2020 et 2021, les deux \u00e9ditions du Marathon COMAR de Tunis-Carthage ont \u00e9t\u00e9 organis\u00e9es sous forme de s\u00e9ries de courses promotionnelles virtuelles : la 1\u00e8re, le 05 et 06 d\u00e9cembre 2020 et la 2\u00e8me, le 11 et le 12 d\u00e9cembre 2021.<\/p>\n\n\n\n<p><strong>DIMENSION GREEN du Marathon COMAR<\/strong><\/p>\n\n\n\n<ul class=\"wp-block-list\">\n<li>L\u2019\u00e9cologie et le d\u00e9veloppement durable sont au c\u0153ur du Marathon. Nous souhaitons sensibiliser les participants \u00e0 la n\u00e9cessit\u00e9 de respecter l\u2019environnement : s\u2019engager dans la protection de la plan\u00e8te et participer \u00e0 un \u00e9v\u00e9nement sportif porteur de belles valeurs.\u2009<\/li>\n\n\n\n<li>En 2021, Le Marathon COMAR Virtual Run a \u00e9t\u00e9 organis\u00e9 sous le th\u00e8me \u00ab Courons pour l\u2019environnement \u00bb. en partenariat avec l\u2019association \u00ab Tounes Clean Up \u00bb pour contribuer \u00e0 la plantation d\u2019arbres \u00e0 travers la Tunisie:1 Dinar collect\u00e9 = 1 Arbre plant\u00e9.<\/li>\n\n\n\n<li>Gr\u00e2ce \u00e0 la participation \u00e0 cette cause environnementale en 2021, nous avons r\u00e9ussi \u00e0 collecter des fonds pour planter 20 623 arbres dans nos for\u00eats endommag\u00e9es par les incendies !<\/li>\n\n\n\n<li>En 2022, les fonds collect\u00e9s ont atteint la somme de 33 794 arbres qui ont \u00e9t\u00e9 plant\u00e9s<\/li>\n<\/ul>\n\n\n\n<p>Pour plis d&rsquo;informations se rendre directement sur le site <a href=\"https:\/\/marathon.comar.tn\/fr\/presentation\" target=\"_blank\" rel=\"noreferrer noopener\">Marathon Comar <\/a><\/p>\n\n\n\n<p class=\"has-text-align-right\"><strong>Communiqu\u00e9<\/strong> <\/p>\n","protected":false},"excerpt":{"rendered":"<p>Tunisie : 36e \u00e9dition du Marathon Comar de Tunis-Carthage dimanche 3 d\u00e9cembre 2023<\/p>\n","protected":false},"author":6,"featured_media":10470284,"comment_status":"open","ping_status":"open","sticky":false,"template":"","format":"standard","meta":{"footnotes":""},"categories":[998,999,2433],"tags":[112095,7885,1234,335,7573,64491],"class_list":["post-10470232","post","type-post","status-publish","format-standard","has-post-thumbnail","hentry","category-societe","category-sport","category-tunisie","tag-action-environnementale","tag-athletes","tag-carthage","tag-environnement","tag-marathon-comar","tag-tunis"],"yoast_head":"<!-- This site is optimized with the Yoast SEO plugin v26.6 - https:\/\/yoast.com\/wordpress\/plugins\/seo\/ -->\n<title>Tunisie : 36e \u00e9dition du Marathon Comar de Tunis-Carthage dimanche 3 d\u00e9cembre 2023 - Kapitalis<\/title>\n<meta name=\"description\" content=\"La 36e \u00e9dition du Marathon Comar de Tunis-Carthage, rendez-vous sportif incontournable en Tunisie, se tiendra le 3 d\u00e9cembre 2023, avec trois courses au programme.\" \/>\n<meta name=\"robots\" content=\"index, follow, max-snippet:-1, max-image-preview:large, max-video-preview:-1\" \/>\n<link rel=\"canonical\" href=\"https:\/\/kapitalis.com\/tunisie\/2023\/11\/10\/tunisie-36e-edition-du-marathon-comar-de-tunis-carthage-dimanche-3-decembre-2023\/\" \/>\n<meta property=\"og:locale\" content=\"fr_FR\" \/>\n<meta property=\"og:type\" content=\"article\" \/>\n<meta property=\"og:title\" content=\"Tunisie : 36e \u00e9dition du Marathon Comar de Tunis-Carthage dimanche 3 d\u00e9cembre 2023 - Kapitalis\" \/>\n<meta property=\"og:description\" content=\"La 36e \u00e9dition du Marathon Comar de Tunis-Carthage, rendez-vous sportif incontournable en Tunisie, se tiendra le 3 d\u00e9cembre 2023, avec trois courses au programme.\" \/>\n<meta property=\"og:url\" content=\"https:\/\/kapitalis.com\/tunisie\/2023\/11\/10\/tunisie-36e-edition-du-marathon-comar-de-tunis-carthage-dimanche-3-decembre-2023\/\" \/>\n<meta property=\"og:site_name\" content=\"Kapitalis\" \/>\n<meta property=\"article:publisher\" content=\"https:\/\/www.facebook.com\/KapitalisInfo\/\" \/>\n<meta property=\"article:published_time\" content=\"2023-11-10T00:36:30+00:00\" \/>\n<meta property=\"article:modified_time\" content=\"2023-11-10T00:38:58+00:00\" \/>\n<meta property=\"og:image\" content=\"https:\/\/kapitalis.com\/tunisie\/wp-content\/uploads\/2023\/11\/Marathon-COMAR.jpg\" \/>\n\t<meta property=\"og:image:width\" content=\"1200\" \/>\n\t<meta property=\"og:image:height\" content=\"630\" \/>\n\t<meta property=\"og:image:type\" content=\"image\/jpeg\" \/>\n<meta name=\"author\" content=\"Yusra NY\" \/>\n<meta name=\"twitter:card\" content=\"summary_large_image\" \/>\n<meta name=\"twitter:creator\" content=\"@KapitalisInfo\" \/>\n<meta name=\"twitter:site\" content=\"@KapitalisInfo\" \/>\n<meta name=\"twitter:label1\" content=\"\u00c9crit par\" \/>\n\t<meta name=\"twitter:data1\" content=\"Yusra NY\" \/>\n\t<meta name=\"twitter:label2\" content=\"Dur\u00e9e de lecture estim\u00e9e\" \/>\n\t<meta name=\"twitter:data2\" content=\"2 minutes\" \/>\n<script type=\"application\/ld+json\" class=\"yoast-schema-graph\">{\"@context\":\"https:\/\/schema.org\",\"@graph\":[{\"@type\":\"Article\",\"@id\":\"https:\/\/kapitalis.com\/tunisie\/2023\/11\/10\/tunisie-36e-edition-du-marathon-comar-de-tunis-carthage-dimanche-3-decembre-2023\/#article\",\"isPartOf\":{\"@id\":\"https:\/\/kapitalis.com\/tunisie\/2023\/11\/10\/tunisie-36e-edition-du-marathon-comar-de-tunis-carthage-dimanche-3-decembre-2023\/\"},\"author\":{\"name\":\"Yusra NY\",\"@id\":\"https:\/\/kapitalis.com\/tunisie\/#\/schema\/person\/74bbde0154d49d790a92aaeac5bc01d5\"},\"headline\":\"Tunisie : 36e \u00e9dition du Marathon Comar de Tunis-Carthage dimanche 3 d\u00e9cembre 2023\",\"datePublished\":\"2023-11-10T00:36:30+00:00\",\"dateModified\":\"2023-11-10T00:38:58+00:00\",\"mainEntityOfPage\":{\"@id\":\"https:\/\/kapitalis.com\/tunisie\/2023\/11\/10\/tunisie-36e-edition-du-marathon-comar-de-tunis-carthage-dimanche-3-decembre-2023\/\"},\"wordCount\":412,\"commentCount\":0,\"publisher\":{\"@id\":\"https:\/\/kapitalis.com\/tunisie\/#organization\"},\"image\":{\"@id\":\"https:\/\/kapitalis.com\/tunisie\/2023\/11\/10\/tunisie-36e-edition-du-marathon-comar-de-tunis-carthage-dimanche-3-decembre-2023\/#primaryimage\"},\"thumbnailUrl\":\"https:\/\/kapitalis.com\/tunisie\/wp-content\/uploads\/2023\/11\/Marathon-COMAR.jpg\",\"keywords\":[\"action environnementale\",\"athl\u00e8tes\",\"Carthage\",\"environnement\",\"Marathon Comar\",\"Tunis\"],\"articleSection\":[\"SOCIETE\",\"SPORT\",\"Tunisie\"],\"inLanguage\":\"fr-FR\",\"potentialAction\":[{\"@type\":\"CommentAction\",\"name\":\"Comment\",\"target\":[\"https:\/\/kapitalis.com\/tunisie\/2023\/11\/10\/tunisie-36e-edition-du-marathon-comar-de-tunis-carthage-dimanche-3-decembre-2023\/#respond\"]}]},{\"@type\":\"WebPage\",\"@id\":\"https:\/\/kapitalis.com\/tunisie\/2023\/11\/10\/tunisie-36e-edition-du-marathon-comar-de-tunis-carthage-dimanche-3-decembre-2023\/\",\"url\":\"https:\/\/kapitalis.com\/tunisie\/2023\/11\/10\/tunisie-36e-edition-du-marathon-comar-de-tunis-carthage-dimanche-3-decembre-2023\/\",\"name\":\"Tunisie : 36e \u00e9dition du Marathon Comar de Tunis-Carthage dimanche 3 d\u00e9cembre 2023 - Kapitalis\",\"isPartOf\":{\"@id\":\"https:\/\/kapitalis.com\/tunisie\/#website\"},\"primaryImageOfPage\":{\"@id\":\"https:\/\/kapitalis.com\/tunisie\/2023\/11\/10\/tunisie-36e-edition-du-marathon-comar-de-tunis-carthage-dimanche-3-decembre-2023\/#primaryimage\"},\"image\":{\"@id\":\"https:\/\/kapitalis.com\/tunisie\/2023\/11\/10\/tunisie-36e-edition-du-marathon-comar-de-tunis-carthage-dimanche-3-decembre-2023\/#primaryimage\"},\"thumbnailUrl\":\"https:\/\/kapitalis.com\/tunisie\/wp-content\/uploads\/2023\/11\/Marathon-COMAR.jpg\",\"datePublished\":\"2023-11-10T00:36:30+00:00\",\"dateModified\":\"2023-11-10T00:38:58+00:00\",\"description\":\"La 36e \u00e9dition du Marathon Comar de Tunis-Carthage, rendez-vous sportif incontournable en Tunisie, se tiendra le 3 d\u00e9cembre 2023, avec trois courses au programme.\",\"breadcrumb\":{\"@id\":\"https:\/\/kapitalis.com\/tunisie\/2023\/11\/10\/tunisie-36e-edition-du-marathon-comar-de-tunis-carthage-dimanche-3-decembre-2023\/#breadcrumb\"},\"inLanguage\":\"fr-FR\",\"potentialAction\":[{\"@type\":\"ReadAction\",\"target\":[\"https:\/\/kapitalis.com\/tunisie\/2023\/11\/10\/tunisie-36e-edition-du-marathon-comar-de-tunis-carthage-dimanche-3-decembre-2023\/\"]}]},{\"@type\":\"ImageObject\",\"inLanguage\":\"fr-FR\",\"@id\":\"https:\/\/kapitalis.com\/tunisie\/2023\/11\/10\/tunisie-36e-edition-du-marathon-comar-de-tunis-carthage-dimanche-3-decembre-2023\/#primaryimage\",\"url\":\"https:\/\/kapitalis.com\/tunisie\/wp-content\/uploads\/2023\/11\/Marathon-COMAR.jpg\",\"contentUrl\":\"https:\/\/kapitalis.com\/tunisie\/wp-content\/uploads\/2023\/11\/Marathon-COMAR.jpg\",\"width\":1200,\"height\":630},{\"@type\":\"BreadcrumbList\",\"@id\":\"https:\/\/kapitalis.com\/tunisie\/2023\/11\/10\/tunisie-36e-edition-du-marathon-comar-de-tunis-carthage-dimanche-3-decembre-2023\/#breadcrumb\",\"itemListElement\":[{\"@type\":\"ListItem\",\"position\":1,\"name\":\"Accueil\",\"item\":\"https:\/\/kapitalis.com\/tunisie\/\"},{\"@type\":\"ListItem\",\"position\":2,\"name\":\"Tunisie : 36e \u00e9dition du Marathon Comar de Tunis-Carthage dimanche 3 d\u00e9cembre 2023\"}]},{\"@type\":\"WebSite\",\"@id\":\"https:\/\/kapitalis.com\/tunisie\/#website\",\"url\":\"https:\/\/kapitalis.com\/tunisie\/\",\"name\":\"Kapitalis\",\"description\":\"L&#039;actualit\u00e9 en Tunisie et dans le monde\",\"publisher\":{\"@id\":\"https:\/\/kapitalis.com\/tunisie\/#organization\"},\"potentialAction\":[{\"@type\":\"SearchAction\",\"target\":{\"@type\":\"EntryPoint\",\"urlTemplate\":\"https:\/\/kapitalis.com\/tunisie\/?s={search_term_string}\"},\"query-input\":{\"@type\":\"PropertyValueSpecification\",\"valueRequired\":true,\"valueName\":\"search_term_string\"}}],\"inLanguage\":\"fr-FR\"},{\"@type\":\"Organization\",\"@id\":\"https:\/\/kapitalis.com\/tunisie\/#organization\",\"name\":\"Kapitalis\",\"url\":\"https:\/\/kapitalis.com\/tunisie\/\",\"logo\":{\"@type\":\"ImageObject\",\"inLanguage\":\"fr-FR\",\"@id\":\"https:\/\/kapitalis.com\/tunisie\/#\/schema\/logo\/image\/\",\"url\":\"https:\/\/kapitalis.com\/tunisie\/wp-content\/uploads\/2022\/05\/Kapitalis-big-size.png\",\"contentUrl\":\"https:\/\/kapitalis.com\/tunisie\/wp-content\/uploads\/2022\/05\/Kapitalis-big-size.png\",\"width\":5000,\"height\":1500,\"caption\":\"Kapitalis\"},\"image\":{\"@id\":\"https:\/\/kapitalis.com\/tunisie\/#\/schema\/logo\/image\/\"},\"sameAs\":[\"https:\/\/www.facebook.com\/KapitalisInfo\/\",\"https:\/\/x.com\/KapitalisInfo\",\"https:\/\/www.youtube.com\/channel\/UC-yDYrHyfFBWWZaOw3FPg9Q\"]},{\"@type\":\"Person\",\"@id\":\"https:\/\/kapitalis.com\/tunisie\/#\/schema\/person\/74bbde0154d49d790a92aaeac5bc01d5\",\"name\":\"Yusra NY\",\"url\":\"https:\/\/kapitalis.com\/tunisie\/author\/yuza_adam\/\"}]}<\/script>\n<!-- \/ Yoast SEO plugin. -->","yoast_head_json":{"title":"Tunisie : 36e \u00e9dition du Marathon Comar de Tunis-Carthage dimanche 3 d\u00e9cembre 2023 - Kapitalis","description":"La 36e \u00e9dition du Marathon Comar de Tunis-Carthage, rendez-vous sportif incontournable en Tunisie, se tiendra le 3 d\u00e9cembre 2023, avec trois courses au programme.","robots":{"index":"index","follow":"follow","max-snippet":"max-snippet:-1","max-image-preview":"max-image-preview:large","max-video-preview":"max-video-preview:-1"},"canonical":"https:\/\/kapitalis.com\/tunisie\/2023\/11\/10\/tunisie-36e-edition-du-marathon-comar-de-tunis-carthage-dimanche-3-decembre-2023\/","og_locale":"fr_FR","og_type":"article","og_title":"Tunisie : 36e \u00e9dition du Marathon Comar de Tunis-Carthage dimanche 3 d\u00e9cembre 2023 - Kapitalis","og_description":"La 36e \u00e9dition du Marathon Comar de Tunis-Carthage, rendez-vous sportif incontournable en Tunisie, se tiendra le 3 d\u00e9cembre 2023, avec trois courses au programme.","og_url":"https:\/\/kapitalis.com\/tunisie\/2023\/11\/10\/tunisie-36e-edition-du-marathon-comar-de-tunis-carthage-dimanche-3-decembre-2023\/","og_site_name":"Kapitalis","article_publisher":"https:\/\/www.facebook.com\/KapitalisInfo\/","article_published_time":"2023-11-10T00:36:30+00:00","article_modified_time":"2023-11-10T00:38:58+00:00","og_image":[{"width":1200,"height":630,"url":"https:\/\/kapitalis.com\/tunisie\/wp-content\/uploads\/2023\/11\/Marathon-COMAR.jpg","type":"image\/jpeg"}],"author":"Yusra NY","twitter_card":"summary_large_image","twitter_creator":"@KapitalisInfo","twitter_site":"@KapitalisInfo","twitter_misc":{"\u00c9crit par":"Yusra NY","Dur\u00e9e de lecture estim\u00e9e":"2 minutes"},"schema":{"@context":"https:\/\/schema.org","@graph":[{"@type":"Article","@id":"https:\/\/kapitalis.com\/tunisie\/2023\/11\/10\/tunisie-36e-edition-du-marathon-comar-de-tunis-carthage-dimanche-3-decembre-2023\/#article","isPartOf":{"@id":"https:\/\/kapitalis.com\/tunisie\/2023\/11\/10\/tunisie-36e-edition-du-marathon-comar-de-tunis-carthage-dimanche-3-decembre-2023\/"},"author":{"name":"Yusra NY","@id":"https:\/\/kapitalis.com\/tunisie\/#\/schema\/person\/74bbde0154d49d790a92aaeac5bc01d5"},"headline":"Tunisie : 36e \u00e9dition du Marathon Comar de Tunis-Carthage dimanche 3 d\u00e9cembre 2023","datePublished":"2023-11-10T00:36:30+00:00","dateModified":"2023-11-10T00:38:58+00:00","mainEntityOfPage":{"@id":"https:\/\/kapitalis.com\/tunisie\/2023\/11\/10\/tunisie-36e-edition-du-marathon-comar-de-tunis-carthage-dimanche-3-decembre-2023\/"},"wordCount":412,"commentCount":0,"publisher":{"@id":"https:\/\/kapitalis.com\/tunisie\/#organization"},"image":{"@id":"https:\/\/kapitalis.com\/tunisie\/2023\/11\/10\/tunisie-36e-edition-du-marathon-comar-de-tunis-carthage-dimanche-3-decembre-2023\/#primaryimage"},"thumbnailUrl":"https:\/\/kapitalis.com\/tunisie\/wp-content\/uploads\/2023\/11\/Marathon-COMAR.jpg","keywords":["action environnementale","athl\u00e8tes","Carthage","environnement","Marathon Comar","Tunis"],"articleSection":["SOCIETE","SPORT","Tunisie"],"inLanguage":"fr-FR","potentialAction":[{"@type":"CommentAction","name":"Comment","target":["https:\/\/kapitalis.com\/tunisie\/2023\/11\/10\/tunisie-36e-edition-du-marathon-comar-de-tunis-carthage-dimanche-3-decembre-2023\/#respond"]}]},{"@type":"WebPage","@id":"https:\/\/kapitalis.com\/tunisie\/2023\/11\/10\/tunisie-36e-edition-du-marathon-comar-de-tunis-carthage-dimanche-3-decembre-2023\/","url":"https:\/\/kapitalis.com\/tunisie\/2023\/11\/10\/tunisie-36e-edition-du-marathon-comar-de-tunis-carthage-dimanche-3-decembre-2023\/","name":"Tunisie : 36e \u00e9dition du Marathon Comar de Tunis-Carthage dimanche 3 d\u00e9cembre 2023 - Kapitalis","isPartOf":{"@id":"https:\/\/kapitalis.com\/tunisie\/#website"},"primaryImageOfPage":{"@id":"https:\/\/kapitalis.com\/tunisie\/2023\/11\/10\/tunisie-36e-edition-du-marathon-comar-de-tunis-carthage-dimanche-3-decembre-2023\/#primaryimage"},"image":{"@id":"https:\/\/kapitalis.com\/tunisie\/2023\/11\/10\/tunisie-36e-edition-du-marathon-comar-de-tunis-carthage-dimanche-3-decembre-2023\/#primaryimage"},"thumbnailUrl":"https:\/\/kapitalis.com\/tunisie\/wp-content\/uploads\/2023\/11\/Marathon-COMAR.jpg","datePublished":"2023-11-10T00:36:30+00:00","dateModified":"2023-11-10T00:38:58+00:00","description":"La 36e \u00e9dition du Marathon Comar de Tunis-Carthage, rendez-vous sportif incontournable en Tunisie, se tiendra le 3 d\u00e9cembre 2023, avec trois courses au programme.","breadcrumb":{"@id":"https:\/\/kapitalis.com\/tunisie\/2023\/11\/10\/tunisie-36e-edition-du-marathon-comar-de-tunis-carthage-dimanche-3-decembre-2023\/#breadcrumb"},"inLanguage":"fr-FR","potentialAction":[{"@type":"ReadAction","target":["https:\/\/kapitalis.com\/tunisie\/2023\/11\/10\/tunisie-36e-edition-du-marathon-comar-de-tunis-carthage-dimanche-3-decembre-2023\/"]}]},{"@type":"ImageObject","inLanguage":"fr-FR","@id":"https:\/\/kapitalis.com\/tunisie\/2023\/11\/10\/tunisie-36e-edition-du-marathon-comar-de-tunis-carthage-dimanche-3-decembre-2023\/#primaryimage","url":"https:\/\/kapitalis.com\/tunisie\/wp-content\/uploads\/2023\/11\/Marathon-COMAR.jpg","contentUrl":"https:\/\/kapitalis.com\/tunisie\/wp-content\/uploads\/2023\/11\/Marathon-COMAR.jpg","width":1200,"height":630},{"@type":"BreadcrumbList","@id":"https:\/\/kapitalis.com\/tunisie\/2023\/11\/10\/tunisie-36e-edition-du-marathon-comar-de-tunis-carthage-dimanche-3-decembre-2023\/#breadcrumb","itemListElement":[{"@type":"ListItem","position":1,"name":"Accueil","item":"https:\/\/kapitalis.com\/tunisie\/"},{"@type":"ListItem","position":2,"name":"Tunisie : 36e \u00e9dition du Marathon Comar de Tunis-Carthage dimanche 3 d\u00e9cembre 2023"}]},{"@type":"WebSite","@id":"https:\/\/kapitalis.com\/tunisie\/#website","url":"https:\/\/kapitalis.com\/tunisie\/","name":"Kapitalis","description":"L&#039;actualit\u00e9 en Tunisie et dans le monde","publisher":{"@id":"https:\/\/kapitalis.com\/tunisie\/#organization"},"potentialAction":[{"@type":"SearchAction","target":{"@type":"EntryPoint","urlTemplate":"https:\/\/kapitalis.com\/tunisie\/?s={search_term_string}"},"query-input":{"@type":"PropertyValueSpecification","valueRequired":true,"valueName":"search_term_string"}}],"inLanguage":"fr-FR"},{"@type":"Organization","@id":"https:\/\/kapitalis.com\/tunisie\/#organization","name":"Kapitalis","url":"https:\/\/kapitalis.com\/tunisie\/","logo":{"@type":"ImageObject","inLanguage":"fr-FR","@id":"https:\/\/kapitalis.com\/tunisie\/#\/schema\/logo\/image\/","url":"https:\/\/kapitalis.com\/tunisie\/wp-content\/uploads\/2022\/05\/Kapitalis-big-size.png","contentUrl":"https:\/\/kapitalis.com\/tunisie\/wp-content\/uploads\/2022\/05\/Kapitalis-big-size.png","width":5000,"height":1500,"caption":"Kapitalis"},"image":{"@id":"https:\/\/kapitalis.com\/tunisie\/#\/schema\/logo\/image\/"},"sameAs":["https:\/\/www.facebook.com\/KapitalisInfo\/","https:\/\/x.com\/KapitalisInfo","https:\/\/www.youtube.com\/channel\/UC-yDYrHyfFBWWZaOw3FPg9Q"]},{"@type":"Person","@id":"https:\/\/kapitalis.com\/tunisie\/#\/schema\/person\/74bbde0154d49d790a92aaeac5bc01d5","name":"Yusra NY","url":"https:\/\/kapitalis.com\/tunisie\/author\/yuza_adam\/"}]}},"_links":{"self":[{"href":"https:\/\/kapitalis.com\/tunisie\/wp-json\/wp\/v2\/posts\/10470232","targetHints":{"allow":["GET"]}}],"collection":[{"href":"https:\/\/kapitalis.com\/tunisie\/wp-json\/wp\/v2\/posts"}],"about":[{"href":"https:\/\/kapitalis.com\/tunisie\/wp-json\/wp\/v2\/types\/post"}],"author":[{"embeddable":true,"href":"https:\/\/kapitalis.com\/tunisie\/wp-json\/wp\/v2\/users\/6"}],"replies":[{"embeddable":true,"href":"https:\/\/kapitalis.com\/tunisie\/wp-json\/wp\/v2\/comments?post=10470232"}],"version-history":[{"count":4,"href":"https:\/\/kapitalis.com\/tunisie\/wp-json\/wp\/v2\/posts\/10470232\/revisions"}],"predecessor-version":[{"id":10470297,"href":"https:\/\/kapitalis.com\/tunisie\/wp-json\/wp\/v2\/posts\/10470232\/revisions\/10470297"}],"wp:featuredmedia":[{"embeddable":true,"href":"https:\/\/kapitalis.com\/tunisie\/wp-json\/wp\/v2\/media\/10470284"}],"wp:attachment":[{"href":"https:\/\/kapitalis.com\/tunisie\/wp-json\/wp\/v2\/media?parent=10470232"}],"wp:term":[{"taxonomy":"category","embeddable":true,"href":"https:\/\/kapitalis.com\/tunisie\/wp-json\/wp\/v2\/categories?post=10470232"},{"taxonomy":"post_tag","embeddable":true,"href":"https:\/\/kapitalis.com\/tunisie\/wp-json\/wp\/v2\/tags?post=10470232"}],"curies":[{"name":"wp","href":"https:\/\/api.w.org\/{rel}","templated":true}]}}