{"id":104769,"date":"2017-07-04T17:25:44","date_gmt":"2017-07-04T16:25:44","guid":{"rendered":"http:\/\/kapitalis.com\/tunisie\/?p=104769"},"modified":"2017-07-04T22:54:48","modified_gmt":"2017-07-04T21:54:48","slug":"une-delegation-de-la-ville-de-suresnes-recue-au-siege-de-tunisie-telecom","status":"publish","type":"post","link":"https:\/\/kapitalis.com\/tunisie\/2017\/07\/04\/une-delegation-de-la-ville-de-suresnes-recue-au-siege-de-tunisie-telecom\/","title":{"rendered":"Une d\u00e9l\u00e9gation de la ville de Suresnes re\u00e7ue au si\u00e8ge de Tunisie Telecom"},"content":{"rendered":"<p style=\"text-align: center;\"><img loading=\"lazy\" decoding=\"async\" class=\"alignnone size-full wp-image-104770\" src=\"http:\/\/kapitalis.com\/tunisie\/wp-content\/uploads\/2017\/07\/Tunisie-Telecom-Ville-de-Suresnes.jpg\" alt=\"\" width=\"626\" height=\"380\" \/><\/p>\n<p><em><strong>Une d\u00e9l\u00e9gation officielle de la ville fran\u00e7aise de Suresnes a effectu\u00e9 le mardi 4 juillet 2017 une visite au si\u00e8ge de Tunisie Telecom.<\/strong><\/em><\/p>\n<p><!--more--><\/p>\n<p>Cette visite s\u2019inscrit dans le cadre du partenariat sign\u00e9 entre l\u2019Etat tunisien et la Ville de Suresnes, qui vise \u00e0 d\u00e9velopper le dialogue social au sein de la fonction publique et des entreprises publiques tunisiennes.<\/p>\n<p>Re\u00e7ue par le secr\u00e9taire g\u00e9n\u00e9ral de Tunisie Telecom, Nabil Hammami, des responsables de l\u2019op\u00e9rateur t\u00e9l\u00e9coms et des repr\u00e9sentants de la F\u00e9d\u00e9ration g\u00e9n\u00e9rale des t\u00e9l\u00e9communications, la d\u00e9l\u00e9gation a \u00e9t\u00e9 accompagn\u00e9e par Nizar Ben Sghaier, le conseiller des services publics \u00e0 la pr\u00e9sidence du gouvernement, coordinateur national du projet <em>\u2018\u2018Dialogue social_Suresnes\u2019\u2019<\/em>, ainsi que d\u2019un repr\u00e9sentant de l\u2019ambassade de France en Tunisie.<\/p>\n<p style=\"text-align: center;\"><img loading=\"lazy\" decoding=\"async\" class=\"alignnone wp-image-104771\" src=\"http:\/\/kapitalis.com\/tunisie\/wp-content\/uploads\/2017\/07\/unnamedTT-Suresnes-2.jpg\" alt=\"TT Suresnes\" width=\"500\" height=\"331\" \/><\/p>\n<p>Entreprise nationale, qui \u0153uvre \u00e0 maintenir de bonnes relations avec le partenaire syndical et \u00e0 sauvegarder un climat social sain en son sein, Tunisie Telecom s\u2019emploie \u00e0 d\u00e9velopper les \u00e9changes avec ces responsables fran\u00e7ais et examiner les pistes d\u2019une \u00e9ventuelle collaboration future et l\u2019adoption des bonnes pratiques de dialogue social men\u00e9es par la ville de Suresnes.<\/p>\n<p>M. Ben Sghaier a donn\u00e9 un aper\u00e7u sur la collaboration fructueuse men\u00e9e entre l&rsquo;Etat tunisien et la Ville de Suresnes depuis le mois d\u2019octobre 2014, sous l\u2019\u00e9gide de l\u2019Organisation Internationale du travail (OIT). Il a \u00e9galement pr\u00e9cis\u00e9 que ce partenariat vise \u00e0 consolider davantage le processus engag\u00e9 par l\u2019administration tunisienne pour la construction de la d\u00e9mocratie sociale, en s&rsquo;inspirant de la politique exemplaire men\u00e9e par la ville de Suresnes.<\/p>\n<p style=\"text-align: center;\"><img loading=\"lazy\" decoding=\"async\" class=\"alignnone wp-image-104772\" src=\"http:\/\/kapitalis.com\/tunisie\/wp-content\/uploads\/2017\/07\/TT-Suresnes.jpg\" alt=\"TT Suresnes\" width=\"500\" height=\"433\" \/><\/p>\n<p>De son c\u00f4t\u00e9, le maire de Suresnes, Christian Dupuy, a pr\u00e9sent\u00e9 la politique de dialogue social de la ville de Suresnes et sa \u00ab<em>Charte sur la reconnaissance du parcours syndical<\/em>\u00bb qui constitue la pierre angulaire de la d\u00e9marche et reste, \u00e0 ce jour, unique en son genre dans le secteur public.<\/p>\n<p>M. Dupuy a aussi exprim\u00e9 sa fiert\u00e9 d\u2019accompagner Tunisie Telecom, l\u2019op\u00e9rateur de renomm\u00e9e, dans le d\u00e9veloppement d\u2019un dialogue social intelligent et constructif \u00e0 travers le partage du savoir-faire de la ville en mati\u00e8re de relations sociales.<\/p>\n<p>Mme Beatrice de Lavalette, \u00a0conseill\u00e8re r\u00e9gionale de l&rsquo;\u00cele de France et membre du conseil sup\u00e9rieur de la fonction publique territoriale a ajout\u00e9, pour sa part, que le mod\u00e8le de dialogue social de la ville de Suresnes a \u00e9t\u00e9 reconnu par l&rsquo;OIT comme performant et transposable et que l ann\u00e9e 2018 sera celle du dialogue social et que la ville sera invit\u00e9e \u00e0 la conf\u00e9rence internationale du travail pour pr\u00e9senter la d\u00e9marche pionni\u00e8re en mati\u00e8re de dialogue social.<\/p>\n<p><em><strong>Source<\/strong><\/em> : communiqu\u00e9.<\/p>\n","protected":false},"excerpt":{"rendered":"<p>Une d\u00e9l\u00e9gation officielle de la ville fran\u00e7aise de Suresnes a effectu\u00e9 le mardi 4 juillet 2017 une visite au si\u00e8ge de Tunisie Telecom.<\/p>\n","protected":false},"author":8,"featured_media":104770,"comment_status":"open","ping_status":"open","sticky":false,"template":"","format":"standard","meta":{"footnotes":""},"categories":[998,2433],"tags":[9785,930],"class_list":["post-104769","post","type-post","status-publish","format-standard","has-post-thumbnail","hentry","category-societe","category-tunisie","tag-dialogue-social","tag-tunisie-telecom"],"yoast_head":"<!-- This site is optimized with the Yoast SEO plugin v26.6 - https:\/\/yoast.com\/wordpress\/plugins\/seo\/ -->\n<title>Une d\u00e9l\u00e9gation de la ville de Suresnes re\u00e7ue au si\u00e8ge de Tunisie Telecom - Kapitalis<\/title>\n<meta name=\"robots\" content=\"index, follow, max-snippet:-1, max-image-preview:large, max-video-preview:-1\" \/>\n<link rel=\"canonical\" href=\"https:\/\/kapitalis.com\/tunisie\/2017\/07\/04\/une-delegation-de-la-ville-de-suresnes-recue-au-siege-de-tunisie-telecom\/\" \/>\n<meta property=\"og:locale\" content=\"fr_FR\" \/>\n<meta property=\"og:type\" content=\"article\" \/>\n<meta property=\"og:title\" content=\"Une d\u00e9l\u00e9gation de la ville de Suresnes re\u00e7ue au si\u00e8ge de Tunisie Telecom - Kapitalis\" \/>\n<meta property=\"og:description\" content=\"Une d\u00e9l\u00e9gation officielle de la ville fran\u00e7aise de Suresnes a effectu\u00e9 le mardi 4 juillet 2017 une visite au si\u00e8ge de Tunisie Telecom.\" \/>\n<meta property=\"og:url\" content=\"https:\/\/kapitalis.com\/tunisie\/2017\/07\/04\/une-delegation-de-la-ville-de-suresnes-recue-au-siege-de-tunisie-telecom\/\" \/>\n<meta property=\"og:site_name\" content=\"Kapitalis\" \/>\n<meta property=\"article:publisher\" content=\"https:\/\/www.facebook.com\/KapitalisInfo\/\" \/>\n<meta property=\"article:published_time\" content=\"2017-07-04T16:25:44+00:00\" \/>\n<meta property=\"article:modified_time\" content=\"2017-07-04T21:54:48+00:00\" \/>\n<meta property=\"og:image\" content=\"https:\/\/kapitalis.com\/tunisie\/wp-content\/uploads\/2022\/05\/kapitalis-logo-fb.png\" \/>\n\t<meta property=\"og:image:width\" content=\"1200\" \/>\n\t<meta property=\"og:image:height\" content=\"630\" \/>\n\t<meta property=\"og:image:type\" content=\"image\/png\" \/>\n<meta name=\"author\" content=\"webmaster kapitalis\" \/>\n<meta name=\"twitter:card\" content=\"summary_large_image\" \/>\n<meta name=\"twitter:creator\" content=\"@KapitalisInfo\" \/>\n<meta name=\"twitter:site\" content=\"@KapitalisInfo\" \/>\n<meta name=\"twitter:label1\" content=\"\u00c9crit par\" \/>\n\t<meta name=\"twitter:data1\" content=\"webmaster kapitalis\" \/>\n\t<meta name=\"twitter:label2\" content=\"Dur\u00e9e de lecture estim\u00e9e\" \/>\n\t<meta name=\"twitter:data2\" content=\"2 minutes\" \/>\n<script type=\"application\/ld+json\" class=\"yoast-schema-graph\">{\"@context\":\"https:\/\/schema.org\",\"@graph\":[{\"@type\":\"Article\",\"@id\":\"https:\/\/kapitalis.com\/tunisie\/2017\/07\/04\/une-delegation-de-la-ville-de-suresnes-recue-au-siege-de-tunisie-telecom\/#article\",\"isPartOf\":{\"@id\":\"https:\/\/kapitalis.com\/tunisie\/2017\/07\/04\/une-delegation-de-la-ville-de-suresnes-recue-au-siege-de-tunisie-telecom\/\"},\"author\":{\"name\":\"webmaster kapitalis\",\"@id\":\"https:\/\/kapitalis.com\/tunisie\/#\/schema\/person\/d71f33a9ca44f7bad4698210b480c8e9\"},\"headline\":\"Une d\u00e9l\u00e9gation de la ville de Suresnes re\u00e7ue au si\u00e8ge de Tunisie Telecom\",\"datePublished\":\"2017-07-04T16:25:44+00:00\",\"dateModified\":\"2017-07-04T21:54:48+00:00\",\"mainEntityOfPage\":{\"@id\":\"https:\/\/kapitalis.com\/tunisie\/2017\/07\/04\/une-delegation-de-la-ville-de-suresnes-recue-au-siege-de-tunisie-telecom\/\"},\"wordCount\":479,\"commentCount\":0,\"publisher\":{\"@id\":\"https:\/\/kapitalis.com\/tunisie\/#organization\"},\"image\":{\"@id\":\"https:\/\/kapitalis.com\/tunisie\/2017\/07\/04\/une-delegation-de-la-ville-de-suresnes-recue-au-siege-de-tunisie-telecom\/#primaryimage\"},\"thumbnailUrl\":\"\",\"keywords\":[\"dialogue social\",\"Tunisie Telecom\"],\"articleSection\":[\"SOCIETE\",\"Tunisie\"],\"inLanguage\":\"fr-FR\",\"potentialAction\":[{\"@type\":\"CommentAction\",\"name\":\"Comment\",\"target\":[\"https:\/\/kapitalis.com\/tunisie\/2017\/07\/04\/une-delegation-de-la-ville-de-suresnes-recue-au-siege-de-tunisie-telecom\/#respond\"]}]},{\"@type\":\"WebPage\",\"@id\":\"https:\/\/kapitalis.com\/tunisie\/2017\/07\/04\/une-delegation-de-la-ville-de-suresnes-recue-au-siege-de-tunisie-telecom\/\",\"url\":\"https:\/\/kapitalis.com\/tunisie\/2017\/07\/04\/une-delegation-de-la-ville-de-suresnes-recue-au-siege-de-tunisie-telecom\/\",\"name\":\"Une d\u00e9l\u00e9gation de la ville de Suresnes re\u00e7ue au si\u00e8ge de Tunisie Telecom - Kapitalis\",\"isPartOf\":{\"@id\":\"https:\/\/kapitalis.com\/tunisie\/#website\"},\"primaryImageOfPage\":{\"@id\":\"https:\/\/kapitalis.com\/tunisie\/2017\/07\/04\/une-delegation-de-la-ville-de-suresnes-recue-au-siege-de-tunisie-telecom\/#primaryimage\"},\"image\":{\"@id\":\"https:\/\/kapitalis.com\/tunisie\/2017\/07\/04\/une-delegation-de-la-ville-de-suresnes-recue-au-siege-de-tunisie-telecom\/#primaryimage\"},\"thumbnailUrl\":\"\",\"datePublished\":\"2017-07-04T16:25:44+00:00\",\"dateModified\":\"2017-07-04T21:54:48+00:00\",\"breadcrumb\":{\"@id\":\"https:\/\/kapitalis.com\/tunisie\/2017\/07\/04\/une-delegation-de-la-ville-de-suresnes-recue-au-siege-de-tunisie-telecom\/#breadcrumb\"},\"inLanguage\":\"fr-FR\",\"potentialAction\":[{\"@type\":\"ReadAction\",\"target\":[\"https:\/\/kapitalis.com\/tunisie\/2017\/07\/04\/une-delegation-de-la-ville-de-suresnes-recue-au-siege-de-tunisie-telecom\/\"]}]},{\"@type\":\"ImageObject\",\"inLanguage\":\"fr-FR\",\"@id\":\"https:\/\/kapitalis.com\/tunisie\/2017\/07\/04\/une-delegation-de-la-ville-de-suresnes-recue-au-siege-de-tunisie-telecom\/#primaryimage\",\"url\":\"\",\"contentUrl\":\"\"},{\"@type\":\"BreadcrumbList\",\"@id\":\"https:\/\/kapitalis.com\/tunisie\/2017\/07\/04\/une-delegation-de-la-ville-de-suresnes-recue-au-siege-de-tunisie-telecom\/#breadcrumb\",\"itemListElement\":[{\"@type\":\"ListItem\",\"position\":1,\"name\":\"Accueil\",\"item\":\"https:\/\/kapitalis.com\/tunisie\/\"},{\"@type\":\"ListItem\",\"position\":2,\"name\":\"Une d\u00e9l\u00e9gation de la ville de Suresnes re\u00e7ue au si\u00e8ge de Tunisie Telecom\"}]},{\"@type\":\"WebSite\",\"@id\":\"https:\/\/kapitalis.com\/tunisie\/#website\",\"url\":\"https:\/\/kapitalis.com\/tunisie\/\",\"name\":\"Kapitalis\",\"description\":\"L&#039;actualit\u00e9 en Tunisie et dans le monde\",\"publisher\":{\"@id\":\"https:\/\/kapitalis.com\/tunisie\/#organization\"},\"potentialAction\":[{\"@type\":\"SearchAction\",\"target\":{\"@type\":\"EntryPoint\",\"urlTemplate\":\"https:\/\/kapitalis.com\/tunisie\/?s={search_term_string}\"},\"query-input\":{\"@type\":\"PropertyValueSpecification\",\"valueRequired\":true,\"valueName\":\"search_term_string\"}}],\"inLanguage\":\"fr-FR\"},{\"@type\":\"Organization\",\"@id\":\"https:\/\/kapitalis.com\/tunisie\/#organization\",\"name\":\"Kapitalis\",\"url\":\"https:\/\/kapitalis.com\/tunisie\/\",\"logo\":{\"@type\":\"ImageObject\",\"inLanguage\":\"fr-FR\",\"@id\":\"https:\/\/kapitalis.com\/tunisie\/#\/schema\/logo\/image\/\",\"url\":\"https:\/\/kapitalis.com\/tunisie\/wp-content\/uploads\/2022\/05\/Kapitalis-big-size.png\",\"contentUrl\":\"https:\/\/kapitalis.com\/tunisie\/wp-content\/uploads\/2022\/05\/Kapitalis-big-size.png\",\"width\":5000,\"height\":1500,\"caption\":\"Kapitalis\"},\"image\":{\"@id\":\"https:\/\/kapitalis.com\/tunisie\/#\/schema\/logo\/image\/\"},\"sameAs\":[\"https:\/\/www.facebook.com\/KapitalisInfo\/\",\"https:\/\/x.com\/KapitalisInfo\",\"https:\/\/www.youtube.com\/channel\/UC-yDYrHyfFBWWZaOw3FPg9Q\"]},{\"@type\":\"Person\",\"@id\":\"https:\/\/kapitalis.com\/tunisie\/#\/schema\/person\/d71f33a9ca44f7bad4698210b480c8e9\",\"name\":\"webmaster kapitalis\",\"url\":\"https:\/\/kapitalis.com\/tunisie\/author\/webmaster-kapitalis\/\"}]}<\/script>\n<!-- \/ Yoast SEO plugin. -->","yoast_head_json":{"title":"Une d\u00e9l\u00e9gation de la ville de Suresnes re\u00e7ue au si\u00e8ge de Tunisie Telecom - Kapitalis","robots":{"index":"index","follow":"follow","max-snippet":"max-snippet:-1","max-image-preview":"max-image-preview:large","max-video-preview":"max-video-preview:-1"},"canonical":"https:\/\/kapitalis.com\/tunisie\/2017\/07\/04\/une-delegation-de-la-ville-de-suresnes-recue-au-siege-de-tunisie-telecom\/","og_locale":"fr_FR","og_type":"article","og_title":"Une d\u00e9l\u00e9gation de la ville de Suresnes re\u00e7ue au si\u00e8ge de Tunisie Telecom - Kapitalis","og_description":"Une d\u00e9l\u00e9gation officielle de la ville fran\u00e7aise de Suresnes a effectu\u00e9 le mardi 4 juillet 2017 une visite au si\u00e8ge de Tunisie Telecom.","og_url":"https:\/\/kapitalis.com\/tunisie\/2017\/07\/04\/une-delegation-de-la-ville-de-suresnes-recue-au-siege-de-tunisie-telecom\/","og_site_name":"Kapitalis","article_publisher":"https:\/\/www.facebook.com\/KapitalisInfo\/","article_published_time":"2017-07-04T16:25:44+00:00","article_modified_time":"2017-07-04T21:54:48+00:00","og_image":[{"width":1200,"height":630,"url":"https:\/\/kapitalis.com\/tunisie\/wp-content\/uploads\/2022\/05\/kapitalis-logo-fb.png","type":"image\/png"}],"author":"webmaster kapitalis","twitter_card":"summary_large_image","twitter_creator":"@KapitalisInfo","twitter_site":"@KapitalisInfo","twitter_misc":{"\u00c9crit par":"webmaster kapitalis","Dur\u00e9e de lecture estim\u00e9e":"2 minutes"},"schema":{"@context":"https:\/\/schema.org","@graph":[{"@type":"Article","@id":"https:\/\/kapitalis.com\/tunisie\/2017\/07\/04\/une-delegation-de-la-ville-de-suresnes-recue-au-siege-de-tunisie-telecom\/#article","isPartOf":{"@id":"https:\/\/kapitalis.com\/tunisie\/2017\/07\/04\/une-delegation-de-la-ville-de-suresnes-recue-au-siege-de-tunisie-telecom\/"},"author":{"name":"webmaster kapitalis","@id":"https:\/\/kapitalis.com\/tunisie\/#\/schema\/person\/d71f33a9ca44f7bad4698210b480c8e9"},"headline":"Une d\u00e9l\u00e9gation de la ville de Suresnes re\u00e7ue au si\u00e8ge de Tunisie Telecom","datePublished":"2017-07-04T16:25:44+00:00","dateModified":"2017-07-04T21:54:48+00:00","mainEntityOfPage":{"@id":"https:\/\/kapitalis.com\/tunisie\/2017\/07\/04\/une-delegation-de-la-ville-de-suresnes-recue-au-siege-de-tunisie-telecom\/"},"wordCount":479,"commentCount":0,"publisher":{"@id":"https:\/\/kapitalis.com\/tunisie\/#organization"},"image":{"@id":"https:\/\/kapitalis.com\/tunisie\/2017\/07\/04\/une-delegation-de-la-ville-de-suresnes-recue-au-siege-de-tunisie-telecom\/#primaryimage"},"thumbnailUrl":"","keywords":["dialogue social","Tunisie Telecom"],"articleSection":["SOCIETE","Tunisie"],"inLanguage":"fr-FR","potentialAction":[{"@type":"CommentAction","name":"Comment","target":["https:\/\/kapitalis.com\/tunisie\/2017\/07\/04\/une-delegation-de-la-ville-de-suresnes-recue-au-siege-de-tunisie-telecom\/#respond"]}]},{"@type":"WebPage","@id":"https:\/\/kapitalis.com\/tunisie\/2017\/07\/04\/une-delegation-de-la-ville-de-suresnes-recue-au-siege-de-tunisie-telecom\/","url":"https:\/\/kapitalis.com\/tunisie\/2017\/07\/04\/une-delegation-de-la-ville-de-suresnes-recue-au-siege-de-tunisie-telecom\/","name":"Une d\u00e9l\u00e9gation de la ville de Suresnes re\u00e7ue au si\u00e8ge de Tunisie Telecom - Kapitalis","isPartOf":{"@id":"https:\/\/kapitalis.com\/tunisie\/#website"},"primaryImageOfPage":{"@id":"https:\/\/kapitalis.com\/tunisie\/2017\/07\/04\/une-delegation-de-la-ville-de-suresnes-recue-au-siege-de-tunisie-telecom\/#primaryimage"},"image":{"@id":"https:\/\/kapitalis.com\/tunisie\/2017\/07\/04\/une-delegation-de-la-ville-de-suresnes-recue-au-siege-de-tunisie-telecom\/#primaryimage"},"thumbnailUrl":"","datePublished":"2017-07-04T16:25:44+00:00","dateModified":"2017-07-04T21:54:48+00:00","breadcrumb":{"@id":"https:\/\/kapitalis.com\/tunisie\/2017\/07\/04\/une-delegation-de-la-ville-de-suresnes-recue-au-siege-de-tunisie-telecom\/#breadcrumb"},"inLanguage":"fr-FR","potentialAction":[{"@type":"ReadAction","target":["https:\/\/kapitalis.com\/tunisie\/2017\/07\/04\/une-delegation-de-la-ville-de-suresnes-recue-au-siege-de-tunisie-telecom\/"]}]},{"@type":"ImageObject","inLanguage":"fr-FR","@id":"https:\/\/kapitalis.com\/tunisie\/2017\/07\/04\/une-delegation-de-la-ville-de-suresnes-recue-au-siege-de-tunisie-telecom\/#primaryimage","url":"","contentUrl":""},{"@type":"BreadcrumbList","@id":"https:\/\/kapitalis.com\/tunisie\/2017\/07\/04\/une-delegation-de-la-ville-de-suresnes-recue-au-siege-de-tunisie-telecom\/#breadcrumb","itemListElement":[{"@type":"ListItem","position":1,"name":"Accueil","item":"https:\/\/kapitalis.com\/tunisie\/"},{"@type":"ListItem","position":2,"name":"Une d\u00e9l\u00e9gation de la ville de Suresnes re\u00e7ue au si\u00e8ge de Tunisie Telecom"}]},{"@type":"WebSite","@id":"https:\/\/kapitalis.com\/tunisie\/#website","url":"https:\/\/kapitalis.com\/tunisie\/","name":"Kapitalis","description":"L&#039;actualit\u00e9 en Tunisie et dans le monde","publisher":{"@id":"https:\/\/kapitalis.com\/tunisie\/#organization"},"potentialAction":[{"@type":"SearchAction","target":{"@type":"EntryPoint","urlTemplate":"https:\/\/kapitalis.com\/tunisie\/?s={search_term_string}"},"query-input":{"@type":"PropertyValueSpecification","valueRequired":true,"valueName":"search_term_string"}}],"inLanguage":"fr-FR"},{"@type":"Organization","@id":"https:\/\/kapitalis.com\/tunisie\/#organization","name":"Kapitalis","url":"https:\/\/kapitalis.com\/tunisie\/","logo":{"@type":"ImageObject","inLanguage":"fr-FR","@id":"https:\/\/kapitalis.com\/tunisie\/#\/schema\/logo\/image\/","url":"https:\/\/kapitalis.com\/tunisie\/wp-content\/uploads\/2022\/05\/Kapitalis-big-size.png","contentUrl":"https:\/\/kapitalis.com\/tunisie\/wp-content\/uploads\/2022\/05\/Kapitalis-big-size.png","width":5000,"height":1500,"caption":"Kapitalis"},"image":{"@id":"https:\/\/kapitalis.com\/tunisie\/#\/schema\/logo\/image\/"},"sameAs":["https:\/\/www.facebook.com\/KapitalisInfo\/","https:\/\/x.com\/KapitalisInfo","https:\/\/www.youtube.com\/channel\/UC-yDYrHyfFBWWZaOw3FPg9Q"]},{"@type":"Person","@id":"https:\/\/kapitalis.com\/tunisie\/#\/schema\/person\/d71f33a9ca44f7bad4698210b480c8e9","name":"webmaster kapitalis","url":"https:\/\/kapitalis.com\/tunisie\/author\/webmaster-kapitalis\/"}]}},"_links":{"self":[{"href":"https:\/\/kapitalis.com\/tunisie\/wp-json\/wp\/v2\/posts\/104769","targetHints":{"allow":["GET"]}}],"collection":[{"href":"https:\/\/kapitalis.com\/tunisie\/wp-json\/wp\/v2\/posts"}],"about":[{"href":"https:\/\/kapitalis.com\/tunisie\/wp-json\/wp\/v2\/types\/post"}],"author":[{"embeddable":true,"href":"https:\/\/kapitalis.com\/tunisie\/wp-json\/wp\/v2\/users\/8"}],"replies":[{"embeddable":true,"href":"https:\/\/kapitalis.com\/tunisie\/wp-json\/wp\/v2\/comments?post=104769"}],"version-history":[{"count":0,"href":"https:\/\/kapitalis.com\/tunisie\/wp-json\/wp\/v2\/posts\/104769\/revisions"}],"wp:featuredmedia":[{"embeddable":true,"href":"https:\/\/kapitalis.com\/tunisie\/wp-json\/wp\/v2\/media\/104770"}],"wp:attachment":[{"href":"https:\/\/kapitalis.com\/tunisie\/wp-json\/wp\/v2\/media?parent=104769"}],"wp:term":[{"taxonomy":"category","embeddable":true,"href":"https:\/\/kapitalis.com\/tunisie\/wp-json\/wp\/v2\/categories?post=104769"},{"taxonomy":"post_tag","embeddable":true,"href":"https:\/\/kapitalis.com\/tunisie\/wp-json\/wp\/v2\/tags?post=104769"}],"curies":[{"name":"wp","href":"https:\/\/api.w.org\/{rel}","templated":true}]}}