{"id":104907,"date":"2017-07-05T16:49:29","date_gmt":"2017-07-05T15:49:29","guid":{"rendered":"http:\/\/kapitalis.com\/tunisie\/?p=104907"},"modified":"2017-07-05T16:49:29","modified_gmt":"2017-07-05T15:49:29","slug":"battue-et-menacee-de-mort-pour-une-robe-jugee-trop-courte","status":"publish","type":"post","link":"https:\/\/kapitalis.com\/tunisie\/2017\/07\/05\/battue-et-menacee-de-mort-pour-une-robe-jugee-trop-courte\/","title":{"rendered":"Battue et menac\u00e9e de mort pour\u2026 une robe jug\u00e9e trop courte !"},"content":{"rendered":"<p style=\"text-align: center;\"><img loading=\"lazy\" decoding=\"async\" class=\"alignnone size-full wp-image-104915\" src=\"http:\/\/kapitalis.com\/tunisie\/wp-content\/uploads\/2017\/07\/violences-fille-battue-robe-Nabeul.jpg\" alt=\"\" width=\"626\" height=\"380\" \/><\/p>\n<p><em><strong>Une jeune fille de 25 ans habitant au nord-ouest de la Tunisie a port\u00e9 plainte contre son oncle qui l\u2019a battue et a menac\u00e9e de la tuer \u00e0 cause d&rsquo;une robe.<\/strong><\/em><!--more--><\/p>\n<p>Salma (pseudonyme) vit dans la crainte depuis qu\u2019elle a port\u00e9 plainte contre son oncle paternel, joignant au dossier un certificat m\u00e9dical de convalescence de 21 jours, suite aux coups que ce dernier lui a port\u00e9s pour \u00ab<em>l\u2019\u00e9duquer<\/em>\u00bb, dit-il.<\/p>\n<p>La jeune fille a confi\u00e9 \u00e0 Kapitalis qu\u2019elle craint une vengeance de son oncle en rapportant son affaire aux m\u00e9dias mais souhaite en parler comme pour lancer un cri de d\u00e9tresse et d\u00e9noncer les violences faites aux femmes.<\/p>\n<p>Samedi dernier, Salma a \u00e9t\u00e9 intercept\u00e9e par son oncle qui lui a reproch\u00e9 de porter une robe trop courte (on notera que, selon la version de la plaignante, la robe arrive tout de m\u00eame en dessous des genoux\u2026). Elle lui a indiqu\u00e9 que sa robe est respectable et qu\u2019il n\u2019y a pas de raison de se f\u00e2cher, mais ce n\u2019est pas ainsi que son oncle voit les choses. Il l\u2019a violent\u00e9e puis l\u2019a poursuivie jusqu\u2019au domicile familial o\u00f9 il a continu\u00e9 \u00e0 la frapper. La maman a essay\u00e9 de s\u2019interposer et a eu le droit elle aussi \u00e0 quelques coups.<\/p>\n<p>Le p\u00e8re de Salma a \u00e9t\u00e9 alert\u00e9 et il est rentr\u00e9 \u00e0 la maison tentant raisonner son fr\u00e8re\u2026 ce dernier s\u2019en est \u00e9galement pris \u00e0 lui et l\u2019a cogn\u00e9 sur la t\u00eate.<\/p>\n<p>L\u2019oncle furieux est entr\u00e9 dans un \u00e9tat second, il a menac\u00e9 de tuer Salma, \u00ab<em>une honte pour la famille et une salope qu\u2019il faut \u00e9duquer\u00bb, <\/em>a-t-il dit<em>.<br \/>\n<\/em><\/p>\n<p style=\"text-align: center;\"><img loading=\"lazy\" decoding=\"async\" class=\"alignnone size-full wp-image-104916\" src=\"http:\/\/kapitalis.com\/tunisie\/wp-content\/uploads\/2017\/07\/Nourhane-violences-.jpg\" alt=\"\" width=\"500\" height=\"300\" \/><\/p>\n<p style=\"text-align: center;\"><em>La robe que portait Salma&#8230;<\/em><\/p>\n<p>Salma et ses parents se sont rendus \u00e0 l\u2019h\u00f4pital et la jeune fille a d\u00e9cid\u00e9 de porter plainte contre son oncle qu\u2019elle a d\u00e9crit comme <em>\u00abun homme complex\u00e9 et obscur\u00bb<\/em>.<\/p>\n<p>\u00ab<em>Mes oncles et mes grands parents m\u2019ont demand\u00e9 de retirer la plainte, d\u2019autant qu\u2019il pr\u00e9pare son mariage, pr\u00e9vu dans 2 mois, mais j\u2019ai refus\u00e9, car il doit payer pour ce qu\u2019il a fait<\/em>\u00bb, a-t-elle dit, ajoutant que tout homme, quel qu&rsquo;il soit, doit payer s\u2019il l\u00e8ve la main sur une femme.<\/p>\n<p><em>\u00abIl faut le poursuivre et \u00e7a lui servira de le\u00e7on \u00e0 lui et \u00e0 tous ceux qui jugent les femmes sur leur accoutrements et qui se permettent de les frapper. Ma robe n\u2019\u00e9tait m\u00eame pas courte<\/em>\u00bb, a d\u00e9plor\u00e9 Salma, qui vit clo\u00eetr\u00e9e chez elle, depuis cet incident, craignant pour sa vie, mais elle est soutenue par ses parents.<\/p>\n<p>Aux derni\u00e8res informations, la police recherche l&rsquo;oncle violent qui est en fuite. Il aurait, selon les voisins, indiqu\u00e9 qu\u2019il passerait \u00e0 l\u2019acte et ex\u00e9cuterait sa menace avant de se rendre \u00e0 la police\u2026<\/p>\n<p style=\"text-align: right;\"><strong>Y. N.<\/strong><\/p>\n","protected":false},"excerpt":{"rendered":"<p>Une jeune fille de 25 ans habitant au nord-ouest de la Tunisie a port\u00e9 plainte contre son oncle qui l\u2019a battue et a menac\u00e9e de la tuer \u00e0 cause d&rsquo;une robe.<\/p>\n","protected":false},"author":6,"featured_media":104915,"comment_status":"open","ping_status":"open","sticky":false,"template":"","format":"standard","meta":{"footnotes":""},"categories":[998,2433],"tags":[15566,5420,721],"class_list":["post-104907","post","type-post","status-publish","format-standard","has-post-thumbnail","hentry","category-societe","category-tunisie","tag-menaces-mort","tag-nord-ouest","tag-plainte"],"yoast_head":"<!-- This site is optimized with the Yoast SEO plugin v26.6 - https:\/\/yoast.com\/wordpress\/plugins\/seo\/ -->\n<title>Battue et menac\u00e9e de mort pour\u2026 une robe jug\u00e9e trop courte ! - Kapitalis<\/title>\n<meta name=\"robots\" content=\"index, follow, max-snippet:-1, max-image-preview:large, max-video-preview:-1\" \/>\n<link rel=\"canonical\" href=\"https:\/\/kapitalis.com\/tunisie\/2017\/07\/05\/battue-et-menacee-de-mort-pour-une-robe-jugee-trop-courte\/\" \/>\n<meta property=\"og:locale\" content=\"fr_FR\" \/>\n<meta property=\"og:type\" content=\"article\" \/>\n<meta property=\"og:title\" content=\"Battue et menac\u00e9e de mort pour\u2026 une robe jug\u00e9e trop courte ! - Kapitalis\" \/>\n<meta property=\"og:description\" content=\"Une jeune fille de 25 ans habitant au nord-ouest de la Tunisie a port\u00e9 plainte contre son oncle qui l\u2019a battue et a menac\u00e9e de la tuer \u00e0 cause d&rsquo;une robe.\" \/>\n<meta property=\"og:url\" content=\"https:\/\/kapitalis.com\/tunisie\/2017\/07\/05\/battue-et-menacee-de-mort-pour-une-robe-jugee-trop-courte\/\" \/>\n<meta property=\"og:site_name\" content=\"Kapitalis\" \/>\n<meta property=\"article:publisher\" content=\"https:\/\/www.facebook.com\/KapitalisInfo\/\" \/>\n<meta property=\"article:published_time\" content=\"2017-07-05T15:49:29+00:00\" \/>\n<meta property=\"og:image\" content=\"https:\/\/kapitalis.com\/tunisie\/wp-content\/uploads\/2022\/05\/kapitalis-logo-fb.png\" \/>\n\t<meta property=\"og:image:width\" content=\"1200\" \/>\n\t<meta property=\"og:image:height\" content=\"630\" \/>\n\t<meta property=\"og:image:type\" content=\"image\/png\" \/>\n<meta name=\"author\" content=\"Yusra NY\" \/>\n<meta name=\"twitter:card\" content=\"summary_large_image\" \/>\n<meta name=\"twitter:creator\" content=\"@KapitalisInfo\" \/>\n<meta name=\"twitter:site\" content=\"@KapitalisInfo\" \/>\n<meta name=\"twitter:label1\" content=\"\u00c9crit par\" \/>\n\t<meta name=\"twitter:data1\" content=\"Yusra NY\" \/>\n\t<meta name=\"twitter:label2\" content=\"Dur\u00e9e de lecture estim\u00e9e\" \/>\n\t<meta name=\"twitter:data2\" content=\"2 minutes\" \/>\n<script type=\"application\/ld+json\" class=\"yoast-schema-graph\">{\"@context\":\"https:\/\/schema.org\",\"@graph\":[{\"@type\":\"Article\",\"@id\":\"https:\/\/kapitalis.com\/tunisie\/2017\/07\/05\/battue-et-menacee-de-mort-pour-une-robe-jugee-trop-courte\/#article\",\"isPartOf\":{\"@id\":\"https:\/\/kapitalis.com\/tunisie\/2017\/07\/05\/battue-et-menacee-de-mort-pour-une-robe-jugee-trop-courte\/\"},\"author\":{\"name\":\"Yusra NY\",\"@id\":\"https:\/\/kapitalis.com\/tunisie\/#\/schema\/person\/74bbde0154d49d790a92aaeac5bc01d5\"},\"headline\":\"Battue et menac\u00e9e de mort pour\u2026 une robe jug\u00e9e trop courte !\",\"datePublished\":\"2017-07-05T15:49:29+00:00\",\"mainEntityOfPage\":{\"@id\":\"https:\/\/kapitalis.com\/tunisie\/2017\/07\/05\/battue-et-menacee-de-mort-pour-une-robe-jugee-trop-courte\/\"},\"wordCount\":496,\"commentCount\":13,\"publisher\":{\"@id\":\"https:\/\/kapitalis.com\/tunisie\/#organization\"},\"image\":{\"@id\":\"https:\/\/kapitalis.com\/tunisie\/2017\/07\/05\/battue-et-menacee-de-mort-pour-une-robe-jugee-trop-courte\/#primaryimage\"},\"thumbnailUrl\":\"\",\"keywords\":[\"menaces mort\",\"nord-ouest\",\"plainte\"],\"articleSection\":[\"SOCIETE\",\"Tunisie\"],\"inLanguage\":\"fr-FR\",\"potentialAction\":[{\"@type\":\"CommentAction\",\"name\":\"Comment\",\"target\":[\"https:\/\/kapitalis.com\/tunisie\/2017\/07\/05\/battue-et-menacee-de-mort-pour-une-robe-jugee-trop-courte\/#respond\"]}]},{\"@type\":\"WebPage\",\"@id\":\"https:\/\/kapitalis.com\/tunisie\/2017\/07\/05\/battue-et-menacee-de-mort-pour-une-robe-jugee-trop-courte\/\",\"url\":\"https:\/\/kapitalis.com\/tunisie\/2017\/07\/05\/battue-et-menacee-de-mort-pour-une-robe-jugee-trop-courte\/\",\"name\":\"Battue et menac\u00e9e de mort pour\u2026 une robe jug\u00e9e trop courte ! - Kapitalis\",\"isPartOf\":{\"@id\":\"https:\/\/kapitalis.com\/tunisie\/#website\"},\"primaryImageOfPage\":{\"@id\":\"https:\/\/kapitalis.com\/tunisie\/2017\/07\/05\/battue-et-menacee-de-mort-pour-une-robe-jugee-trop-courte\/#primaryimage\"},\"image\":{\"@id\":\"https:\/\/kapitalis.com\/tunisie\/2017\/07\/05\/battue-et-menacee-de-mort-pour-une-robe-jugee-trop-courte\/#primaryimage\"},\"thumbnailUrl\":\"\",\"datePublished\":\"2017-07-05T15:49:29+00:00\",\"breadcrumb\":{\"@id\":\"https:\/\/kapitalis.com\/tunisie\/2017\/07\/05\/battue-et-menacee-de-mort-pour-une-robe-jugee-trop-courte\/#breadcrumb\"},\"inLanguage\":\"fr-FR\",\"potentialAction\":[{\"@type\":\"ReadAction\",\"target\":[\"https:\/\/kapitalis.com\/tunisie\/2017\/07\/05\/battue-et-menacee-de-mort-pour-une-robe-jugee-trop-courte\/\"]}]},{\"@type\":\"ImageObject\",\"inLanguage\":\"fr-FR\",\"@id\":\"https:\/\/kapitalis.com\/tunisie\/2017\/07\/05\/battue-et-menacee-de-mort-pour-une-robe-jugee-trop-courte\/#primaryimage\",\"url\":\"\",\"contentUrl\":\"\"},{\"@type\":\"BreadcrumbList\",\"@id\":\"https:\/\/kapitalis.com\/tunisie\/2017\/07\/05\/battue-et-menacee-de-mort-pour-une-robe-jugee-trop-courte\/#breadcrumb\",\"itemListElement\":[{\"@type\":\"ListItem\",\"position\":1,\"name\":\"Accueil\",\"item\":\"https:\/\/kapitalis.com\/tunisie\/\"},{\"@type\":\"ListItem\",\"position\":2,\"name\":\"Battue et menac\u00e9e de mort pour\u2026 une robe jug\u00e9e trop courte !\"}]},{\"@type\":\"WebSite\",\"@id\":\"https:\/\/kapitalis.com\/tunisie\/#website\",\"url\":\"https:\/\/kapitalis.com\/tunisie\/\",\"name\":\"Kapitalis\",\"description\":\"L&#039;actualit\u00e9 en Tunisie et dans le monde\",\"publisher\":{\"@id\":\"https:\/\/kapitalis.com\/tunisie\/#organization\"},\"potentialAction\":[{\"@type\":\"SearchAction\",\"target\":{\"@type\":\"EntryPoint\",\"urlTemplate\":\"https:\/\/kapitalis.com\/tunisie\/?s={search_term_string}\"},\"query-input\":{\"@type\":\"PropertyValueSpecification\",\"valueRequired\":true,\"valueName\":\"search_term_string\"}}],\"inLanguage\":\"fr-FR\"},{\"@type\":\"Organization\",\"@id\":\"https:\/\/kapitalis.com\/tunisie\/#organization\",\"name\":\"Kapitalis\",\"url\":\"https:\/\/kapitalis.com\/tunisie\/\",\"logo\":{\"@type\":\"ImageObject\",\"inLanguage\":\"fr-FR\",\"@id\":\"https:\/\/kapitalis.com\/tunisie\/#\/schema\/logo\/image\/\",\"url\":\"https:\/\/kapitalis.com\/tunisie\/wp-content\/uploads\/2022\/05\/Kapitalis-big-size.png\",\"contentUrl\":\"https:\/\/kapitalis.com\/tunisie\/wp-content\/uploads\/2022\/05\/Kapitalis-big-size.png\",\"width\":5000,\"height\":1500,\"caption\":\"Kapitalis\"},\"image\":{\"@id\":\"https:\/\/kapitalis.com\/tunisie\/#\/schema\/logo\/image\/\"},\"sameAs\":[\"https:\/\/www.facebook.com\/KapitalisInfo\/\",\"https:\/\/x.com\/KapitalisInfo\",\"https:\/\/www.youtube.com\/channel\/UC-yDYrHyfFBWWZaOw3FPg9Q\"]},{\"@type\":\"Person\",\"@id\":\"https:\/\/kapitalis.com\/tunisie\/#\/schema\/person\/74bbde0154d49d790a92aaeac5bc01d5\",\"name\":\"Yusra NY\",\"url\":\"https:\/\/kapitalis.com\/tunisie\/author\/yuza_adam\/\"}]}<\/script>\n<!-- \/ Yoast SEO plugin. -->","yoast_head_json":{"title":"Battue et menac\u00e9e de mort pour\u2026 une robe jug\u00e9e trop courte ! - Kapitalis","robots":{"index":"index","follow":"follow","max-snippet":"max-snippet:-1","max-image-preview":"max-image-preview:large","max-video-preview":"max-video-preview:-1"},"canonical":"https:\/\/kapitalis.com\/tunisie\/2017\/07\/05\/battue-et-menacee-de-mort-pour-une-robe-jugee-trop-courte\/","og_locale":"fr_FR","og_type":"article","og_title":"Battue et menac\u00e9e de mort pour\u2026 une robe jug\u00e9e trop courte ! - Kapitalis","og_description":"Une jeune fille de 25 ans habitant au nord-ouest de la Tunisie a port\u00e9 plainte contre son oncle qui l\u2019a battue et a menac\u00e9e de la tuer \u00e0 cause d&rsquo;une robe.","og_url":"https:\/\/kapitalis.com\/tunisie\/2017\/07\/05\/battue-et-menacee-de-mort-pour-une-robe-jugee-trop-courte\/","og_site_name":"Kapitalis","article_publisher":"https:\/\/www.facebook.com\/KapitalisInfo\/","article_published_time":"2017-07-05T15:49:29+00:00","og_image":[{"width":1200,"height":630,"url":"https:\/\/kapitalis.com\/tunisie\/wp-content\/uploads\/2022\/05\/kapitalis-logo-fb.png","type":"image\/png"}],"author":"Yusra NY","twitter_card":"summary_large_image","twitter_creator":"@KapitalisInfo","twitter_site":"@KapitalisInfo","twitter_misc":{"\u00c9crit par":"Yusra NY","Dur\u00e9e de lecture estim\u00e9e":"2 minutes"},"schema":{"@context":"https:\/\/schema.org","@graph":[{"@type":"Article","@id":"https:\/\/kapitalis.com\/tunisie\/2017\/07\/05\/battue-et-menacee-de-mort-pour-une-robe-jugee-trop-courte\/#article","isPartOf":{"@id":"https:\/\/kapitalis.com\/tunisie\/2017\/07\/05\/battue-et-menacee-de-mort-pour-une-robe-jugee-trop-courte\/"},"author":{"name":"Yusra NY","@id":"https:\/\/kapitalis.com\/tunisie\/#\/schema\/person\/74bbde0154d49d790a92aaeac5bc01d5"},"headline":"Battue et menac\u00e9e de mort pour\u2026 une robe jug\u00e9e trop courte !","datePublished":"2017-07-05T15:49:29+00:00","mainEntityOfPage":{"@id":"https:\/\/kapitalis.com\/tunisie\/2017\/07\/05\/battue-et-menacee-de-mort-pour-une-robe-jugee-trop-courte\/"},"wordCount":496,"commentCount":13,"publisher":{"@id":"https:\/\/kapitalis.com\/tunisie\/#organization"},"image":{"@id":"https:\/\/kapitalis.com\/tunisie\/2017\/07\/05\/battue-et-menacee-de-mort-pour-une-robe-jugee-trop-courte\/#primaryimage"},"thumbnailUrl":"","keywords":["menaces mort","nord-ouest","plainte"],"articleSection":["SOCIETE","Tunisie"],"inLanguage":"fr-FR","potentialAction":[{"@type":"CommentAction","name":"Comment","target":["https:\/\/kapitalis.com\/tunisie\/2017\/07\/05\/battue-et-menacee-de-mort-pour-une-robe-jugee-trop-courte\/#respond"]}]},{"@type":"WebPage","@id":"https:\/\/kapitalis.com\/tunisie\/2017\/07\/05\/battue-et-menacee-de-mort-pour-une-robe-jugee-trop-courte\/","url":"https:\/\/kapitalis.com\/tunisie\/2017\/07\/05\/battue-et-menacee-de-mort-pour-une-robe-jugee-trop-courte\/","name":"Battue et menac\u00e9e de mort pour\u2026 une robe jug\u00e9e trop courte ! - Kapitalis","isPartOf":{"@id":"https:\/\/kapitalis.com\/tunisie\/#website"},"primaryImageOfPage":{"@id":"https:\/\/kapitalis.com\/tunisie\/2017\/07\/05\/battue-et-menacee-de-mort-pour-une-robe-jugee-trop-courte\/#primaryimage"},"image":{"@id":"https:\/\/kapitalis.com\/tunisie\/2017\/07\/05\/battue-et-menacee-de-mort-pour-une-robe-jugee-trop-courte\/#primaryimage"},"thumbnailUrl":"","datePublished":"2017-07-05T15:49:29+00:00","breadcrumb":{"@id":"https:\/\/kapitalis.com\/tunisie\/2017\/07\/05\/battue-et-menacee-de-mort-pour-une-robe-jugee-trop-courte\/#breadcrumb"},"inLanguage":"fr-FR","potentialAction":[{"@type":"ReadAction","target":["https:\/\/kapitalis.com\/tunisie\/2017\/07\/05\/battue-et-menacee-de-mort-pour-une-robe-jugee-trop-courte\/"]}]},{"@type":"ImageObject","inLanguage":"fr-FR","@id":"https:\/\/kapitalis.com\/tunisie\/2017\/07\/05\/battue-et-menacee-de-mort-pour-une-robe-jugee-trop-courte\/#primaryimage","url":"","contentUrl":""},{"@type":"BreadcrumbList","@id":"https:\/\/kapitalis.com\/tunisie\/2017\/07\/05\/battue-et-menacee-de-mort-pour-une-robe-jugee-trop-courte\/#breadcrumb","itemListElement":[{"@type":"ListItem","position":1,"name":"Accueil","item":"https:\/\/kapitalis.com\/tunisie\/"},{"@type":"ListItem","position":2,"name":"Battue et menac\u00e9e de mort pour\u2026 une robe jug\u00e9e trop courte !"}]},{"@type":"WebSite","@id":"https:\/\/kapitalis.com\/tunisie\/#website","url":"https:\/\/kapitalis.com\/tunisie\/","name":"Kapitalis","description":"L&#039;actualit\u00e9 en Tunisie et dans le monde","publisher":{"@id":"https:\/\/kapitalis.com\/tunisie\/#organization"},"potentialAction":[{"@type":"SearchAction","target":{"@type":"EntryPoint","urlTemplate":"https:\/\/kapitalis.com\/tunisie\/?s={search_term_string}"},"query-input":{"@type":"PropertyValueSpecification","valueRequired":true,"valueName":"search_term_string"}}],"inLanguage":"fr-FR"},{"@type":"Organization","@id":"https:\/\/kapitalis.com\/tunisie\/#organization","name":"Kapitalis","url":"https:\/\/kapitalis.com\/tunisie\/","logo":{"@type":"ImageObject","inLanguage":"fr-FR","@id":"https:\/\/kapitalis.com\/tunisie\/#\/schema\/logo\/image\/","url":"https:\/\/kapitalis.com\/tunisie\/wp-content\/uploads\/2022\/05\/Kapitalis-big-size.png","contentUrl":"https:\/\/kapitalis.com\/tunisie\/wp-content\/uploads\/2022\/05\/Kapitalis-big-size.png","width":5000,"height":1500,"caption":"Kapitalis"},"image":{"@id":"https:\/\/kapitalis.com\/tunisie\/#\/schema\/logo\/image\/"},"sameAs":["https:\/\/www.facebook.com\/KapitalisInfo\/","https:\/\/x.com\/KapitalisInfo","https:\/\/www.youtube.com\/channel\/UC-yDYrHyfFBWWZaOw3FPg9Q"]},{"@type":"Person","@id":"https:\/\/kapitalis.com\/tunisie\/#\/schema\/person\/74bbde0154d49d790a92aaeac5bc01d5","name":"Yusra NY","url":"https:\/\/kapitalis.com\/tunisie\/author\/yuza_adam\/"}]}},"_links":{"self":[{"href":"https:\/\/kapitalis.com\/tunisie\/wp-json\/wp\/v2\/posts\/104907","targetHints":{"allow":["GET"]}}],"collection":[{"href":"https:\/\/kapitalis.com\/tunisie\/wp-json\/wp\/v2\/posts"}],"about":[{"href":"https:\/\/kapitalis.com\/tunisie\/wp-json\/wp\/v2\/types\/post"}],"author":[{"embeddable":true,"href":"https:\/\/kapitalis.com\/tunisie\/wp-json\/wp\/v2\/users\/6"}],"replies":[{"embeddable":true,"href":"https:\/\/kapitalis.com\/tunisie\/wp-json\/wp\/v2\/comments?post=104907"}],"version-history":[{"count":0,"href":"https:\/\/kapitalis.com\/tunisie\/wp-json\/wp\/v2\/posts\/104907\/revisions"}],"wp:featuredmedia":[{"embeddable":true,"href":"https:\/\/kapitalis.com\/tunisie\/wp-json\/wp\/v2\/media\/104915"}],"wp:attachment":[{"href":"https:\/\/kapitalis.com\/tunisie\/wp-json\/wp\/v2\/media?parent=104907"}],"wp:term":[{"taxonomy":"category","embeddable":true,"href":"https:\/\/kapitalis.com\/tunisie\/wp-json\/wp\/v2\/categories?post=104907"},{"taxonomy":"post_tag","embeddable":true,"href":"https:\/\/kapitalis.com\/tunisie\/wp-json\/wp\/v2\/tags?post=104907"}],"curies":[{"name":"wp","href":"https:\/\/api.w.org\/{rel}","templated":true}]}}