{"id":10490764,"date":"2023-11-12T07:07:57","date_gmt":"2023-11-12T06:07:57","guid":{"rendered":"https:\/\/kapitalis.com\/tunisie\/?p=10490764"},"modified":"2023-11-12T07:07:58","modified_gmt":"2023-11-12T06:07:58","slug":"le-poeme-du-dimanche-retiens-ta-langue-de-patrick-williamson","status":"publish","type":"post","link":"https:\/\/kapitalis.com\/tunisie\/2023\/11\/12\/le-poeme-du-dimanche-retiens-ta-langue-de-patrick-williamson\/","title":{"rendered":"Le po\u00e8me du dimanche\u00a0: \u2018\u2018Retiens ta langue\u2019\u2019 de Patrick Williamson"},"content":{"rendered":"\n<p><strong><em>N\u00e9 en 1960 \u00e0 Madrid, Patrick Williamson est po\u00e8te et traducteur anglais. Vit \u00e0 Paris.<\/em><\/strong> <strong><em>Recueils de po\u00e9sie r\u00e9cents : \u2018\u2018Here and Now\u2019\u2019 et \u2018\u2018Take a deep look\u2019\u2019 (Cyberwit.net, 2023-2022)\u00a0; \u2018\u2018Traversi\u2019\u2019 (anglais-italien, Samuele Editore, 2018).<\/em><\/strong><\/p>\n\n\n\n<!--more-->\n\n\n\n<p>\u00c9diteur et traducteur de \u2018\u2018<em>Turn your back on the night<\/em> : <em>Ten poets from French-speaking Africa and the Arab World\u2019\u2019<\/em> (The Antonym, 2023), \u2018\u2018<em>The Parley Tree : Poets from French-speaking Africa and the Arab World\u2019\u2019<\/em> (Arc Publications, 2012); \u2018\u2018<em>Quarante et un po\u00e8tes de la Grande-Bretagne\u2019\u2019 <\/em>(Ecrits des Forges\/Le Temps de Cerises).<\/p>\n\n\n\n<p>Membre de l\u2019agence litt\u00e9raire transnationale Linguafranca et du conseil europ\u00e9en de The Antonym.<\/p>\n\n\n\n<p><em>Lucio est rong\u00e9 par la solitude. La Calahorra<\/em><\/p>\n\n\n\n<p><em>est la demeure du dialogue, les oiseaux<\/em><\/p>\n\n\n\n<p><em>jacassent dans les arbres, \u00e0 minuit entre les pierres.<\/em><\/p>\n\n\n\n<p><em>Derri\u00e8re les grandes portes closes les spectres des assassin\u00e9s,<\/em><\/p>\n\n\n\n<p><em>des exil\u00e9s, des pers\u00e9cut\u00e9s, se glissent dans l\u2019ombre.<\/em><\/p>\n\n\n\n<p><em>des jacinthes poussent dans les fentes ruisselant de sang.<\/em><\/p>\n\n\n\n<p><em>Remonte ta manche, montre-moi<\/em><\/p>\n\n\n\n<p><em>les chiffres auxquels tu as \u00e9chapp\u00e9, ceux que j\u2019ai fuit.<\/em><\/p>\n\n\n\n<p><\/p>\n\n\n\n<p><em>je me tords, pris<\/em><\/p>\n\n\n\n<p><\/p>\n\n\n\n<p><em>dans un cauchemar inextricable de murs chaul\u00e9s.<\/em><\/p>\n\n\n\n<p><em>Mon silence rompu par des cris d\u2019angoisse. Bestia<\/em><\/p>\n\n\n\n<p><em>je tourne en tous sens dans mon donjon, des d\u00e9cisions<\/em><\/p>\n\n\n\n<p><em>irr\u00e9vocables<\/em><\/p>\n\n\n\n<p><em>Tra\u00een\u00e9 dans la lumi\u00e8re froide, enfoui dans les foules<\/em><\/p>\n\n\n\n<p><em>qui d\u00e9ferlent,<\/em><\/p>\n\n\n\n<p><em>portes closes. Tiens ta langue.<\/em><\/p>\n\n\n\n<p><em>Qui poss\u00e8de<\/em><\/p>\n\n\n\n<p><em>ce g\u00e2chis de vies. Souvenirs, noms,<\/em><\/p>\n\n\n\n<p><em>cet album photo de soldats entre eux, ce Talmud<\/em><\/p>\n\n\n\n<p><em>de regards qui vous glacent dans un monde disparu<\/em><\/p>\n\n\n\n<p class=\"has-text-align-right\"><em>Traduction de <strong>Claude Held<\/strong><\/em><\/p>\n\n\n\n<p><em>Extrait de \u2018\u2018Hold your Tongue\/Retiens ta langue\u2019\u2019 (Ed. L\u2019Harmattan, 2014).<\/em><\/p>\n\n\n\n<figure class=\"wp-block-embed is-type-wp-embed is-provider-kapitalis wp-block-embed-kapitalis\"><div class=\"wp-block-embed__wrapper\">\n<blockquote class=\"wp-embedded-content\" data-secret=\"kWVjMl2A9v\"><a href=\"https:\/\/kapitalis.com\/tunisie\/2020\/05\/03\/le-poeme-du-dimanche-elle-marche-dans-sa-beaute-de-lord-byron\/\">Le po\u00e8me du dimanche: \u2018\u2018Elle marche dans sa beaut\u00e9\u2019\u2019 de Lord Byron<\/a><\/blockquote><iframe loading=\"lazy\" class=\"wp-embedded-content\" sandbox=\"allow-scripts\" security=\"restricted\" style=\"position: absolute; clip: rect(1px, 1px, 1px, 1px);\" title=\"\u00ab\u00a0Le po\u00e8me du dimanche: \u2018\u2018Elle marche dans sa beaut\u00e9\u2019\u2019 de Lord Byron\u00a0\u00bb &#8212; Kapitalis\" src=\"https:\/\/kapitalis.com\/tunisie\/2020\/05\/03\/le-poeme-du-dimanche-elle-marche-dans-sa-beaute-de-lord-byron\/embed\/#?secret=DzFtTUeVOc#?secret=kWVjMl2A9v\" data-secret=\"kWVjMl2A9v\" width=\"600\" height=\"338\" frameborder=\"0\" marginwidth=\"0\" marginheight=\"0\" scrolling=\"no\"><\/iframe>\n<\/div><\/figure>\n\n\n\n<figure class=\"wp-block-embed is-type-wp-embed is-provider-kapitalis wp-block-embed-kapitalis\"><div class=\"wp-block-embed__wrapper\">\n<blockquote class=\"wp-embedded-content\" data-secret=\"y0kEYxUmng\"><a href=\"https:\/\/kapitalis.com\/tunisie\/2021\/08\/01\/le-poeme-du-dimanche-la-ballade-du-vieux-marin-de-coleridge-premiere-partie\/\">Le po\u00e8me du dimanche : \u00ab\u00a0La ballade du vieux marin\u00a0\u00bb de Coleridge (premi\u00e8re partie)<\/a><\/blockquote><iframe loading=\"lazy\" class=\"wp-embedded-content\" sandbox=\"allow-scripts\" security=\"restricted\" style=\"position: absolute; clip: rect(1px, 1px, 1px, 1px);\" title=\"\u00ab\u00a0Le po\u00e8me du dimanche : \u00ab\u00a0La ballade du vieux marin\u00a0\u00bb de Coleridge (premi\u00e8re partie)\u00a0\u00bb &#8212; Kapitalis\" src=\"https:\/\/kapitalis.com\/tunisie\/2021\/08\/01\/le-poeme-du-dimanche-la-ballade-du-vieux-marin-de-coleridge-premiere-partie\/embed\/#?secret=J3wGMSnuKi#?secret=y0kEYxUmng\" data-secret=\"y0kEYxUmng\" width=\"600\" height=\"338\" frameborder=\"0\" marginwidth=\"0\" marginheight=\"0\" scrolling=\"no\"><\/iframe>\n<\/div><\/figure>\n","protected":false},"excerpt":{"rendered":"<p>Patrick Williamson est po\u00e8te et traducteur anglais. Vit \u00e0 Paris.<\/p>\n","protected":false},"author":8,"featured_media":10490797,"comment_status":"open","ping_status":"open","sticky":false,"template":"","format":"standard","meta":{"footnotes":""},"categories":[992,994],"tags":[112157,112158],"class_list":["post-10490764","post","type-post","status-publish","format-standard","has-post-thumbnail","hentry","category-a-la-une","category-culture","tag-patrick-williamson","tag-poete-anglais"],"yoast_head":"<!-- This site is optimized with the Yoast SEO plugin v26.6 - https:\/\/yoast.com\/wordpress\/plugins\/seo\/ -->\n<title>Le po\u00e8me du dimanche\u00a0: \u2018\u2018Retiens ta langue\u2019\u2019 de Patrick Williamson - Kapitalis<\/title>\n<meta name=\"robots\" content=\"index, follow, max-snippet:-1, max-image-preview:large, max-video-preview:-1\" \/>\n<link rel=\"canonical\" href=\"https:\/\/kapitalis.com\/tunisie\/2023\/11\/12\/le-poeme-du-dimanche-retiens-ta-langue-de-patrick-williamson\/\" \/>\n<meta property=\"og:locale\" content=\"fr_FR\" \/>\n<meta property=\"og:type\" content=\"article\" \/>\n<meta property=\"og:title\" content=\"Le po\u00e8me du dimanche\u00a0: \u2018\u2018Retiens ta langue\u2019\u2019 de Patrick Williamson - Kapitalis\" \/>\n<meta property=\"og:description\" content=\"Patrick Williamson est po\u00e8te et traducteur anglais. Vit \u00e0 Paris.\" \/>\n<meta property=\"og:url\" content=\"https:\/\/kapitalis.com\/tunisie\/2023\/11\/12\/le-poeme-du-dimanche-retiens-ta-langue-de-patrick-williamson\/\" \/>\n<meta property=\"og:site_name\" content=\"Kapitalis\" \/>\n<meta property=\"article:publisher\" content=\"https:\/\/www.facebook.com\/KapitalisInfo\/\" \/>\n<meta property=\"article:published_time\" content=\"2023-11-12T06:07:57+00:00\" \/>\n<meta property=\"article:modified_time\" content=\"2023-11-12T06:07:58+00:00\" \/>\n<meta property=\"og:image\" content=\"https:\/\/kapitalis.com\/tunisie\/wp-content\/uploads\/2023\/11\/Patrick-Williamson.jpg\" \/>\n\t<meta property=\"og:image:width\" content=\"1200\" \/>\n\t<meta property=\"og:image:height\" content=\"630\" \/>\n\t<meta property=\"og:image:type\" content=\"image\/jpeg\" \/>\n<meta name=\"author\" content=\"webmaster kapitalis\" \/>\n<meta name=\"twitter:card\" content=\"summary_large_image\" \/>\n<meta name=\"twitter:creator\" content=\"@KapitalisInfo\" \/>\n<meta name=\"twitter:site\" content=\"@KapitalisInfo\" \/>\n<meta name=\"twitter:label1\" content=\"\u00c9crit par\" \/>\n\t<meta name=\"twitter:data1\" content=\"webmaster kapitalis\" \/>\n\t<meta name=\"twitter:label2\" content=\"Dur\u00e9e de lecture estim\u00e9e\" \/>\n\t<meta name=\"twitter:data2\" content=\"2 minutes\" \/>\n<script type=\"application\/ld+json\" class=\"yoast-schema-graph\">{\"@context\":\"https:\/\/schema.org\",\"@graph\":[{\"@type\":\"Article\",\"@id\":\"https:\/\/kapitalis.com\/tunisie\/2023\/11\/12\/le-poeme-du-dimanche-retiens-ta-langue-de-patrick-williamson\/#article\",\"isPartOf\":{\"@id\":\"https:\/\/kapitalis.com\/tunisie\/2023\/11\/12\/le-poeme-du-dimanche-retiens-ta-langue-de-patrick-williamson\/\"},\"author\":{\"name\":\"webmaster kapitalis\",\"@id\":\"https:\/\/kapitalis.com\/tunisie\/#\/schema\/person\/d71f33a9ca44f7bad4698210b480c8e9\"},\"headline\":\"Le po\u00e8me du dimanche\u00a0: \u2018\u2018Retiens ta langue\u2019\u2019 de Patrick Williamson\",\"datePublished\":\"2023-11-12T06:07:57+00:00\",\"dateModified\":\"2023-11-12T06:07:58+00:00\",\"mainEntityOfPage\":{\"@id\":\"https:\/\/kapitalis.com\/tunisie\/2023\/11\/12\/le-poeme-du-dimanche-retiens-ta-langue-de-patrick-williamson\/\"},\"wordCount\":286,\"commentCount\":0,\"publisher\":{\"@id\":\"https:\/\/kapitalis.com\/tunisie\/#organization\"},\"image\":{\"@id\":\"https:\/\/kapitalis.com\/tunisie\/2023\/11\/12\/le-poeme-du-dimanche-retiens-ta-langue-de-patrick-williamson\/#primaryimage\"},\"thumbnailUrl\":\"https:\/\/kapitalis.com\/tunisie\/wp-content\/uploads\/2023\/11\/Patrick-Williamson.jpg\",\"keywords\":[\"Patrick Williamson\",\"po\u00e8te anglais\"],\"articleSection\":[\"A LA UNE\",\"CULTURE\"],\"inLanguage\":\"fr-FR\",\"potentialAction\":[{\"@type\":\"CommentAction\",\"name\":\"Comment\",\"target\":[\"https:\/\/kapitalis.com\/tunisie\/2023\/11\/12\/le-poeme-du-dimanche-retiens-ta-langue-de-patrick-williamson\/#respond\"]}]},{\"@type\":\"WebPage\",\"@id\":\"https:\/\/kapitalis.com\/tunisie\/2023\/11\/12\/le-poeme-du-dimanche-retiens-ta-langue-de-patrick-williamson\/\",\"url\":\"https:\/\/kapitalis.com\/tunisie\/2023\/11\/12\/le-poeme-du-dimanche-retiens-ta-langue-de-patrick-williamson\/\",\"name\":\"Le po\u00e8me du dimanche\u00a0: \u2018\u2018Retiens ta langue\u2019\u2019 de Patrick Williamson - Kapitalis\",\"isPartOf\":{\"@id\":\"https:\/\/kapitalis.com\/tunisie\/#website\"},\"primaryImageOfPage\":{\"@id\":\"https:\/\/kapitalis.com\/tunisie\/2023\/11\/12\/le-poeme-du-dimanche-retiens-ta-langue-de-patrick-williamson\/#primaryimage\"},\"image\":{\"@id\":\"https:\/\/kapitalis.com\/tunisie\/2023\/11\/12\/le-poeme-du-dimanche-retiens-ta-langue-de-patrick-williamson\/#primaryimage\"},\"thumbnailUrl\":\"https:\/\/kapitalis.com\/tunisie\/wp-content\/uploads\/2023\/11\/Patrick-Williamson.jpg\",\"datePublished\":\"2023-11-12T06:07:57+00:00\",\"dateModified\":\"2023-11-12T06:07:58+00:00\",\"breadcrumb\":{\"@id\":\"https:\/\/kapitalis.com\/tunisie\/2023\/11\/12\/le-poeme-du-dimanche-retiens-ta-langue-de-patrick-williamson\/#breadcrumb\"},\"inLanguage\":\"fr-FR\",\"potentialAction\":[{\"@type\":\"ReadAction\",\"target\":[\"https:\/\/kapitalis.com\/tunisie\/2023\/11\/12\/le-poeme-du-dimanche-retiens-ta-langue-de-patrick-williamson\/\"]}]},{\"@type\":\"ImageObject\",\"inLanguage\":\"fr-FR\",\"@id\":\"https:\/\/kapitalis.com\/tunisie\/2023\/11\/12\/le-poeme-du-dimanche-retiens-ta-langue-de-patrick-williamson\/#primaryimage\",\"url\":\"https:\/\/kapitalis.com\/tunisie\/wp-content\/uploads\/2023\/11\/Patrick-Williamson.jpg\",\"contentUrl\":\"https:\/\/kapitalis.com\/tunisie\/wp-content\/uploads\/2023\/11\/Patrick-Williamson.jpg\",\"width\":1200,\"height\":630},{\"@type\":\"BreadcrumbList\",\"@id\":\"https:\/\/kapitalis.com\/tunisie\/2023\/11\/12\/le-poeme-du-dimanche-retiens-ta-langue-de-patrick-williamson\/#breadcrumb\",\"itemListElement\":[{\"@type\":\"ListItem\",\"position\":1,\"name\":\"Accueil\",\"item\":\"https:\/\/kapitalis.com\/tunisie\/\"},{\"@type\":\"ListItem\",\"position\":2,\"name\":\"Le po\u00e8me du dimanche\u00a0: \u2018\u2018Retiens ta langue\u2019\u2019 de Patrick Williamson\"}]},{\"@type\":\"WebSite\",\"@id\":\"https:\/\/kapitalis.com\/tunisie\/#website\",\"url\":\"https:\/\/kapitalis.com\/tunisie\/\",\"name\":\"Kapitalis\",\"description\":\"L&#039;actualit\u00e9 en Tunisie et dans le monde\",\"publisher\":{\"@id\":\"https:\/\/kapitalis.com\/tunisie\/#organization\"},\"potentialAction\":[{\"@type\":\"SearchAction\",\"target\":{\"@type\":\"EntryPoint\",\"urlTemplate\":\"https:\/\/kapitalis.com\/tunisie\/?s={search_term_string}\"},\"query-input\":{\"@type\":\"PropertyValueSpecification\",\"valueRequired\":true,\"valueName\":\"search_term_string\"}}],\"inLanguage\":\"fr-FR\"},{\"@type\":\"Organization\",\"@id\":\"https:\/\/kapitalis.com\/tunisie\/#organization\",\"name\":\"Kapitalis\",\"url\":\"https:\/\/kapitalis.com\/tunisie\/\",\"logo\":{\"@type\":\"ImageObject\",\"inLanguage\":\"fr-FR\",\"@id\":\"https:\/\/kapitalis.com\/tunisie\/#\/schema\/logo\/image\/\",\"url\":\"https:\/\/kapitalis.com\/tunisie\/wp-content\/uploads\/2022\/05\/Kapitalis-big-size.png\",\"contentUrl\":\"https:\/\/kapitalis.com\/tunisie\/wp-content\/uploads\/2022\/05\/Kapitalis-big-size.png\",\"width\":5000,\"height\":1500,\"caption\":\"Kapitalis\"},\"image\":{\"@id\":\"https:\/\/kapitalis.com\/tunisie\/#\/schema\/logo\/image\/\"},\"sameAs\":[\"https:\/\/www.facebook.com\/KapitalisInfo\/\",\"https:\/\/x.com\/KapitalisInfo\",\"https:\/\/www.youtube.com\/channel\/UC-yDYrHyfFBWWZaOw3FPg9Q\"]},{\"@type\":\"Person\",\"@id\":\"https:\/\/kapitalis.com\/tunisie\/#\/schema\/person\/d71f33a9ca44f7bad4698210b480c8e9\",\"name\":\"webmaster kapitalis\",\"url\":\"https:\/\/kapitalis.com\/tunisie\/author\/webmaster-kapitalis\/\"}]}<\/script>\n<!-- \/ Yoast SEO plugin. -->","yoast_head_json":{"title":"Le po\u00e8me du dimanche\u00a0: \u2018\u2018Retiens ta langue\u2019\u2019 de Patrick Williamson - Kapitalis","robots":{"index":"index","follow":"follow","max-snippet":"max-snippet:-1","max-image-preview":"max-image-preview:large","max-video-preview":"max-video-preview:-1"},"canonical":"https:\/\/kapitalis.com\/tunisie\/2023\/11\/12\/le-poeme-du-dimanche-retiens-ta-langue-de-patrick-williamson\/","og_locale":"fr_FR","og_type":"article","og_title":"Le po\u00e8me du dimanche\u00a0: \u2018\u2018Retiens ta langue\u2019\u2019 de Patrick Williamson - Kapitalis","og_description":"Patrick Williamson est po\u00e8te et traducteur anglais. Vit \u00e0 Paris.","og_url":"https:\/\/kapitalis.com\/tunisie\/2023\/11\/12\/le-poeme-du-dimanche-retiens-ta-langue-de-patrick-williamson\/","og_site_name":"Kapitalis","article_publisher":"https:\/\/www.facebook.com\/KapitalisInfo\/","article_published_time":"2023-11-12T06:07:57+00:00","article_modified_time":"2023-11-12T06:07:58+00:00","og_image":[{"width":1200,"height":630,"url":"https:\/\/kapitalis.com\/tunisie\/wp-content\/uploads\/2023\/11\/Patrick-Williamson.jpg","type":"image\/jpeg"}],"author":"webmaster kapitalis","twitter_card":"summary_large_image","twitter_creator":"@KapitalisInfo","twitter_site":"@KapitalisInfo","twitter_misc":{"\u00c9crit par":"webmaster kapitalis","Dur\u00e9e de lecture estim\u00e9e":"2 minutes"},"schema":{"@context":"https:\/\/schema.org","@graph":[{"@type":"Article","@id":"https:\/\/kapitalis.com\/tunisie\/2023\/11\/12\/le-poeme-du-dimanche-retiens-ta-langue-de-patrick-williamson\/#article","isPartOf":{"@id":"https:\/\/kapitalis.com\/tunisie\/2023\/11\/12\/le-poeme-du-dimanche-retiens-ta-langue-de-patrick-williamson\/"},"author":{"name":"webmaster kapitalis","@id":"https:\/\/kapitalis.com\/tunisie\/#\/schema\/person\/d71f33a9ca44f7bad4698210b480c8e9"},"headline":"Le po\u00e8me du dimanche\u00a0: \u2018\u2018Retiens ta langue\u2019\u2019 de Patrick Williamson","datePublished":"2023-11-12T06:07:57+00:00","dateModified":"2023-11-12T06:07:58+00:00","mainEntityOfPage":{"@id":"https:\/\/kapitalis.com\/tunisie\/2023\/11\/12\/le-poeme-du-dimanche-retiens-ta-langue-de-patrick-williamson\/"},"wordCount":286,"commentCount":0,"publisher":{"@id":"https:\/\/kapitalis.com\/tunisie\/#organization"},"image":{"@id":"https:\/\/kapitalis.com\/tunisie\/2023\/11\/12\/le-poeme-du-dimanche-retiens-ta-langue-de-patrick-williamson\/#primaryimage"},"thumbnailUrl":"https:\/\/kapitalis.com\/tunisie\/wp-content\/uploads\/2023\/11\/Patrick-Williamson.jpg","keywords":["Patrick Williamson","po\u00e8te anglais"],"articleSection":["A LA UNE","CULTURE"],"inLanguage":"fr-FR","potentialAction":[{"@type":"CommentAction","name":"Comment","target":["https:\/\/kapitalis.com\/tunisie\/2023\/11\/12\/le-poeme-du-dimanche-retiens-ta-langue-de-patrick-williamson\/#respond"]}]},{"@type":"WebPage","@id":"https:\/\/kapitalis.com\/tunisie\/2023\/11\/12\/le-poeme-du-dimanche-retiens-ta-langue-de-patrick-williamson\/","url":"https:\/\/kapitalis.com\/tunisie\/2023\/11\/12\/le-poeme-du-dimanche-retiens-ta-langue-de-patrick-williamson\/","name":"Le po\u00e8me du dimanche\u00a0: \u2018\u2018Retiens ta langue\u2019\u2019 de Patrick Williamson - Kapitalis","isPartOf":{"@id":"https:\/\/kapitalis.com\/tunisie\/#website"},"primaryImageOfPage":{"@id":"https:\/\/kapitalis.com\/tunisie\/2023\/11\/12\/le-poeme-du-dimanche-retiens-ta-langue-de-patrick-williamson\/#primaryimage"},"image":{"@id":"https:\/\/kapitalis.com\/tunisie\/2023\/11\/12\/le-poeme-du-dimanche-retiens-ta-langue-de-patrick-williamson\/#primaryimage"},"thumbnailUrl":"https:\/\/kapitalis.com\/tunisie\/wp-content\/uploads\/2023\/11\/Patrick-Williamson.jpg","datePublished":"2023-11-12T06:07:57+00:00","dateModified":"2023-11-12T06:07:58+00:00","breadcrumb":{"@id":"https:\/\/kapitalis.com\/tunisie\/2023\/11\/12\/le-poeme-du-dimanche-retiens-ta-langue-de-patrick-williamson\/#breadcrumb"},"inLanguage":"fr-FR","potentialAction":[{"@type":"ReadAction","target":["https:\/\/kapitalis.com\/tunisie\/2023\/11\/12\/le-poeme-du-dimanche-retiens-ta-langue-de-patrick-williamson\/"]}]},{"@type":"ImageObject","inLanguage":"fr-FR","@id":"https:\/\/kapitalis.com\/tunisie\/2023\/11\/12\/le-poeme-du-dimanche-retiens-ta-langue-de-patrick-williamson\/#primaryimage","url":"https:\/\/kapitalis.com\/tunisie\/wp-content\/uploads\/2023\/11\/Patrick-Williamson.jpg","contentUrl":"https:\/\/kapitalis.com\/tunisie\/wp-content\/uploads\/2023\/11\/Patrick-Williamson.jpg","width":1200,"height":630},{"@type":"BreadcrumbList","@id":"https:\/\/kapitalis.com\/tunisie\/2023\/11\/12\/le-poeme-du-dimanche-retiens-ta-langue-de-patrick-williamson\/#breadcrumb","itemListElement":[{"@type":"ListItem","position":1,"name":"Accueil","item":"https:\/\/kapitalis.com\/tunisie\/"},{"@type":"ListItem","position":2,"name":"Le po\u00e8me du dimanche\u00a0: \u2018\u2018Retiens ta langue\u2019\u2019 de Patrick Williamson"}]},{"@type":"WebSite","@id":"https:\/\/kapitalis.com\/tunisie\/#website","url":"https:\/\/kapitalis.com\/tunisie\/","name":"Kapitalis","description":"L&#039;actualit\u00e9 en Tunisie et dans le monde","publisher":{"@id":"https:\/\/kapitalis.com\/tunisie\/#organization"},"potentialAction":[{"@type":"SearchAction","target":{"@type":"EntryPoint","urlTemplate":"https:\/\/kapitalis.com\/tunisie\/?s={search_term_string}"},"query-input":{"@type":"PropertyValueSpecification","valueRequired":true,"valueName":"search_term_string"}}],"inLanguage":"fr-FR"},{"@type":"Organization","@id":"https:\/\/kapitalis.com\/tunisie\/#organization","name":"Kapitalis","url":"https:\/\/kapitalis.com\/tunisie\/","logo":{"@type":"ImageObject","inLanguage":"fr-FR","@id":"https:\/\/kapitalis.com\/tunisie\/#\/schema\/logo\/image\/","url":"https:\/\/kapitalis.com\/tunisie\/wp-content\/uploads\/2022\/05\/Kapitalis-big-size.png","contentUrl":"https:\/\/kapitalis.com\/tunisie\/wp-content\/uploads\/2022\/05\/Kapitalis-big-size.png","width":5000,"height":1500,"caption":"Kapitalis"},"image":{"@id":"https:\/\/kapitalis.com\/tunisie\/#\/schema\/logo\/image\/"},"sameAs":["https:\/\/www.facebook.com\/KapitalisInfo\/","https:\/\/x.com\/KapitalisInfo","https:\/\/www.youtube.com\/channel\/UC-yDYrHyfFBWWZaOw3FPg9Q"]},{"@type":"Person","@id":"https:\/\/kapitalis.com\/tunisie\/#\/schema\/person\/d71f33a9ca44f7bad4698210b480c8e9","name":"webmaster kapitalis","url":"https:\/\/kapitalis.com\/tunisie\/author\/webmaster-kapitalis\/"}]}},"_links":{"self":[{"href":"https:\/\/kapitalis.com\/tunisie\/wp-json\/wp\/v2\/posts\/10490764","targetHints":{"allow":["GET"]}}],"collection":[{"href":"https:\/\/kapitalis.com\/tunisie\/wp-json\/wp\/v2\/posts"}],"about":[{"href":"https:\/\/kapitalis.com\/tunisie\/wp-json\/wp\/v2\/types\/post"}],"author":[{"embeddable":true,"href":"https:\/\/kapitalis.com\/tunisie\/wp-json\/wp\/v2\/users\/8"}],"replies":[{"embeddable":true,"href":"https:\/\/kapitalis.com\/tunisie\/wp-json\/wp\/v2\/comments?post=10490764"}],"version-history":[{"count":1,"href":"https:\/\/kapitalis.com\/tunisie\/wp-json\/wp\/v2\/posts\/10490764\/revisions"}],"predecessor-version":[{"id":10490803,"href":"https:\/\/kapitalis.com\/tunisie\/wp-json\/wp\/v2\/posts\/10490764\/revisions\/10490803"}],"wp:featuredmedia":[{"embeddable":true,"href":"https:\/\/kapitalis.com\/tunisie\/wp-json\/wp\/v2\/media\/10490797"}],"wp:attachment":[{"href":"https:\/\/kapitalis.com\/tunisie\/wp-json\/wp\/v2\/media?parent=10490764"}],"wp:term":[{"taxonomy":"category","embeddable":true,"href":"https:\/\/kapitalis.com\/tunisie\/wp-json\/wp\/v2\/categories?post=10490764"},{"taxonomy":"post_tag","embeddable":true,"href":"https:\/\/kapitalis.com\/tunisie\/wp-json\/wp\/v2\/tags?post=10490764"}],"curies":[{"name":"wp","href":"https:\/\/api.w.org\/{rel}","templated":true}]}}