{"id":105056,"date":"2017-07-06T15:07:52","date_gmt":"2017-07-06T14:07:52","guid":{"rendered":"http:\/\/kapitalis.com\/tunisie\/?p=105056"},"modified":"2017-07-06T15:07:52","modified_gmt":"2017-07-06T14:07:52","slug":"lutica-lance-le-prix-de-linnovation-sociale","status":"publish","type":"post","link":"https:\/\/kapitalis.com\/tunisie\/2017\/07\/06\/lutica-lance-le-prix-de-linnovation-sociale\/","title":{"rendered":"L\u2019Utica lance le Prix de l\u2019Innovation sociale"},"content":{"rendered":"<p style=\"text-align: center;\"><img loading=\"lazy\" decoding=\"async\" class=\"alignnone size-full wp-image-105057\" src=\"http:\/\/kapitalis.com\/tunisie\/wp-content\/uploads\/2017\/07\/Prix-Utica-Innovation-Sociale.jpg\" alt=\"\" width=\"626\" height=\"380\" \/><\/p>\n<p><em><strong>L\u2019Utica lance le 1er concours de l\u2019innovation sociale, d\u00e9di\u00e9 aux entreprises en activit\u00e9 depuis plus de 2 ans et aux start-up cr\u00e9\u00e9es autour d\u2019une innovation sociale.<\/strong> <\/em><\/p>\n<p><!--more--><\/p>\n<p>Le Prix Utica de l\u2019Innovation sociale vise \u00e0 soutenir et valoriser des exp\u00e9riences originales, initiatives ou actions innovantes en mesure d\u2019apporter une plus-value r\u00e9elle, tant au niveau de la pratique professionnelle que des r\u00e9sultats obtenus aupr\u00e8s des usagers.<\/p>\n<p>Ces innovations concernent aussi bien le produit ou service, que le mode d\u2019organisation, de distribution, dans des domaines comme le vieillissement, la petite enfance, le logement, la sant\u00e9, la lutte contre la pauvret\u00e9, l\u2019inclusion sociale, le bien-\u00eatre et l\u2019\u00e9panouissement\u2026<\/p>\n<p>Le jury sera particuli\u00e8rement attentif aux crit\u00e8res suivants : la nouveaut\u00e9 et l\u2019originalit\u00e9 de l\u2019id\u00e9e d\u2019innovation; le progr\u00e8s social pour l\u2019entreprise (ou dans la soci\u00e9t\u00e9); d\u2019autres effets positifs induits, sur les plans \u00e9conomique, soci\u00e9tal, environnemental; la participation et l\u2019implication des b\u00e9n\u00e9ficiaires et des partenaires; et la viabilit\u00e9 de l\u2019action ou du projet.<\/p>\n<p>Les projets devront \u00eatre pr\u00e9sent\u00e9s selon le canevas d\u00e9fini dans le document dossier de candidature et en respectant le r\u00e8glement du concours.<\/p>\n<p>Le concours sera lanc\u00e9 officiellement le 7 juillet 2017. Le d\u00e9p\u00f4t des candidatures qui d\u00e9marrera du 10 juillet, prendra fin le 15 septembre 2017 et la pr\u00e9s\u00e9lection des dossiers sera achev\u00e9e le 25 septembre 2017. L\u2019\u00e9valuation sur site et la pr\u00e9sentation devant le jury des candidats pr\u00e9s\u00e9lectionn\u00e9s aura lieu le 24 octobre et l\u2019annonce des laur\u00e9ats et la remise des prix le 26 octobre 2017.<\/p>\n<p>Pour toutes informations compl\u00e9mentaires, consulter le site web de l\u2019Utica, ou sa page facebook ou \u00e9crire \u00e0 Utica Awards (awards@utica.org.tn).<\/p>\n<p>Le dossier de candidature et le r\u00e8glement du concours sont t\u00e9l\u00e9chargeables sur le site de l\u2019a centrale patronale.<\/p>\n<p><em><strong>Source<\/strong><\/em> : communiqu\u00e9.<\/p>\n","protected":false},"excerpt":{"rendered":"<p>L\u2019Utica lance le 1er concours de l\u2019innovation sociale, d\u00e9di\u00e9 aux entreprises en activit\u00e9 depuis plus de 2 ans et aux start-up cr\u00e9\u00e9es autour d\u2019une innovation sociale.<\/p>\n","protected":false},"author":8,"featured_media":105057,"comment_status":"open","ping_status":"open","sticky":false,"template":"","format":"standard","meta":{"footnotes":""},"categories":[995,2433],"tags":[7767,334,11704,810,27285],"class_list":["post-105056","post","type-post","status-publish","format-standard","has-post-thumbnail","hentry","category-economie","category-tunisie","tag-bien-etre","tag-entreprises","tag-logement","tag-sante","tag-start-ups"],"yoast_head":"<!-- This site is optimized with the Yoast SEO plugin v26.6 - https:\/\/yoast.com\/wordpress\/plugins\/seo\/ -->\n<title>L\u2019Utica lance le Prix de l\u2019Innovation sociale - Kapitalis<\/title>\n<meta name=\"robots\" content=\"index, follow, max-snippet:-1, max-image-preview:large, max-video-preview:-1\" \/>\n<link rel=\"canonical\" href=\"https:\/\/kapitalis.com\/tunisie\/2017\/07\/06\/lutica-lance-le-prix-de-linnovation-sociale\/\" \/>\n<meta property=\"og:locale\" content=\"fr_FR\" \/>\n<meta property=\"og:type\" content=\"article\" \/>\n<meta property=\"og:title\" content=\"L\u2019Utica lance le Prix de l\u2019Innovation sociale - Kapitalis\" \/>\n<meta property=\"og:description\" content=\"L\u2019Utica lance le 1er concours de l\u2019innovation sociale, d\u00e9di\u00e9 aux entreprises en activit\u00e9 depuis plus de 2 ans et aux start-up cr\u00e9\u00e9es autour d\u2019une innovation sociale.\" \/>\n<meta property=\"og:url\" content=\"https:\/\/kapitalis.com\/tunisie\/2017\/07\/06\/lutica-lance-le-prix-de-linnovation-sociale\/\" \/>\n<meta property=\"og:site_name\" content=\"Kapitalis\" \/>\n<meta property=\"article:publisher\" content=\"https:\/\/www.facebook.com\/KapitalisInfo\/\" \/>\n<meta property=\"article:published_time\" content=\"2017-07-06T14:07:52+00:00\" \/>\n<meta property=\"og:image\" content=\"https:\/\/kapitalis.com\/tunisie\/wp-content\/uploads\/2022\/05\/kapitalis-logo-fb.png\" \/>\n\t<meta property=\"og:image:width\" content=\"1200\" \/>\n\t<meta property=\"og:image:height\" content=\"630\" \/>\n\t<meta property=\"og:image:type\" content=\"image\/png\" \/>\n<meta name=\"author\" content=\"webmaster kapitalis\" \/>\n<meta name=\"twitter:card\" content=\"summary_large_image\" \/>\n<meta name=\"twitter:creator\" content=\"@KapitalisInfo\" \/>\n<meta name=\"twitter:site\" content=\"@KapitalisInfo\" \/>\n<meta name=\"twitter:label1\" content=\"\u00c9crit par\" \/>\n\t<meta name=\"twitter:data1\" content=\"webmaster kapitalis\" \/>\n\t<meta name=\"twitter:label2\" content=\"Dur\u00e9e de lecture estim\u00e9e\" \/>\n\t<meta name=\"twitter:data2\" content=\"2 minutes\" \/>\n<script type=\"application\/ld+json\" class=\"yoast-schema-graph\">{\"@context\":\"https:\/\/schema.org\",\"@graph\":[{\"@type\":\"Article\",\"@id\":\"https:\/\/kapitalis.com\/tunisie\/2017\/07\/06\/lutica-lance-le-prix-de-linnovation-sociale\/#article\",\"isPartOf\":{\"@id\":\"https:\/\/kapitalis.com\/tunisie\/2017\/07\/06\/lutica-lance-le-prix-de-linnovation-sociale\/\"},\"author\":{\"name\":\"webmaster kapitalis\",\"@id\":\"https:\/\/kapitalis.com\/tunisie\/#\/schema\/person\/d71f33a9ca44f7bad4698210b480c8e9\"},\"headline\":\"L\u2019Utica lance le Prix de l\u2019Innovation sociale\",\"datePublished\":\"2017-07-06T14:07:52+00:00\",\"mainEntityOfPage\":{\"@id\":\"https:\/\/kapitalis.com\/tunisie\/2017\/07\/06\/lutica-lance-le-prix-de-linnovation-sociale\/\"},\"wordCount\":333,\"commentCount\":0,\"publisher\":{\"@id\":\"https:\/\/kapitalis.com\/tunisie\/#organization\"},\"image\":{\"@id\":\"https:\/\/kapitalis.com\/tunisie\/2017\/07\/06\/lutica-lance-le-prix-de-linnovation-sociale\/#primaryimage\"},\"thumbnailUrl\":\"\",\"keywords\":[\"bien-\u00eatre\",\"entreprises\",\"logement\",\"Sant\u00e9\",\"start-ups\"],\"articleSection\":[\"ECONOMIE\",\"Tunisie\"],\"inLanguage\":\"fr-FR\",\"potentialAction\":[{\"@type\":\"CommentAction\",\"name\":\"Comment\",\"target\":[\"https:\/\/kapitalis.com\/tunisie\/2017\/07\/06\/lutica-lance-le-prix-de-linnovation-sociale\/#respond\"]}]},{\"@type\":\"WebPage\",\"@id\":\"https:\/\/kapitalis.com\/tunisie\/2017\/07\/06\/lutica-lance-le-prix-de-linnovation-sociale\/\",\"url\":\"https:\/\/kapitalis.com\/tunisie\/2017\/07\/06\/lutica-lance-le-prix-de-linnovation-sociale\/\",\"name\":\"L\u2019Utica lance le Prix de l\u2019Innovation sociale - Kapitalis\",\"isPartOf\":{\"@id\":\"https:\/\/kapitalis.com\/tunisie\/#website\"},\"primaryImageOfPage\":{\"@id\":\"https:\/\/kapitalis.com\/tunisie\/2017\/07\/06\/lutica-lance-le-prix-de-linnovation-sociale\/#primaryimage\"},\"image\":{\"@id\":\"https:\/\/kapitalis.com\/tunisie\/2017\/07\/06\/lutica-lance-le-prix-de-linnovation-sociale\/#primaryimage\"},\"thumbnailUrl\":\"\",\"datePublished\":\"2017-07-06T14:07:52+00:00\",\"breadcrumb\":{\"@id\":\"https:\/\/kapitalis.com\/tunisie\/2017\/07\/06\/lutica-lance-le-prix-de-linnovation-sociale\/#breadcrumb\"},\"inLanguage\":\"fr-FR\",\"potentialAction\":[{\"@type\":\"ReadAction\",\"target\":[\"https:\/\/kapitalis.com\/tunisie\/2017\/07\/06\/lutica-lance-le-prix-de-linnovation-sociale\/\"]}]},{\"@type\":\"ImageObject\",\"inLanguage\":\"fr-FR\",\"@id\":\"https:\/\/kapitalis.com\/tunisie\/2017\/07\/06\/lutica-lance-le-prix-de-linnovation-sociale\/#primaryimage\",\"url\":\"\",\"contentUrl\":\"\"},{\"@type\":\"BreadcrumbList\",\"@id\":\"https:\/\/kapitalis.com\/tunisie\/2017\/07\/06\/lutica-lance-le-prix-de-linnovation-sociale\/#breadcrumb\",\"itemListElement\":[{\"@type\":\"ListItem\",\"position\":1,\"name\":\"Accueil\",\"item\":\"https:\/\/kapitalis.com\/tunisie\/\"},{\"@type\":\"ListItem\",\"position\":2,\"name\":\"L\u2019Utica lance le Prix de l\u2019Innovation sociale\"}]},{\"@type\":\"WebSite\",\"@id\":\"https:\/\/kapitalis.com\/tunisie\/#website\",\"url\":\"https:\/\/kapitalis.com\/tunisie\/\",\"name\":\"Kapitalis\",\"description\":\"L&#039;actualit\u00e9 en Tunisie et dans le monde\",\"publisher\":{\"@id\":\"https:\/\/kapitalis.com\/tunisie\/#organization\"},\"potentialAction\":[{\"@type\":\"SearchAction\",\"target\":{\"@type\":\"EntryPoint\",\"urlTemplate\":\"https:\/\/kapitalis.com\/tunisie\/?s={search_term_string}\"},\"query-input\":{\"@type\":\"PropertyValueSpecification\",\"valueRequired\":true,\"valueName\":\"search_term_string\"}}],\"inLanguage\":\"fr-FR\"},{\"@type\":\"Organization\",\"@id\":\"https:\/\/kapitalis.com\/tunisie\/#organization\",\"name\":\"Kapitalis\",\"url\":\"https:\/\/kapitalis.com\/tunisie\/\",\"logo\":{\"@type\":\"ImageObject\",\"inLanguage\":\"fr-FR\",\"@id\":\"https:\/\/kapitalis.com\/tunisie\/#\/schema\/logo\/image\/\",\"url\":\"https:\/\/kapitalis.com\/tunisie\/wp-content\/uploads\/2022\/05\/Kapitalis-big-size.png\",\"contentUrl\":\"https:\/\/kapitalis.com\/tunisie\/wp-content\/uploads\/2022\/05\/Kapitalis-big-size.png\",\"width\":5000,\"height\":1500,\"caption\":\"Kapitalis\"},\"image\":{\"@id\":\"https:\/\/kapitalis.com\/tunisie\/#\/schema\/logo\/image\/\"},\"sameAs\":[\"https:\/\/www.facebook.com\/KapitalisInfo\/\",\"https:\/\/x.com\/KapitalisInfo\",\"https:\/\/www.youtube.com\/channel\/UC-yDYrHyfFBWWZaOw3FPg9Q\"]},{\"@type\":\"Person\",\"@id\":\"https:\/\/kapitalis.com\/tunisie\/#\/schema\/person\/d71f33a9ca44f7bad4698210b480c8e9\",\"name\":\"webmaster kapitalis\",\"url\":\"https:\/\/kapitalis.com\/tunisie\/author\/webmaster-kapitalis\/\"}]}<\/script>\n<!-- \/ Yoast SEO plugin. -->","yoast_head_json":{"title":"L\u2019Utica lance le Prix de l\u2019Innovation sociale - Kapitalis","robots":{"index":"index","follow":"follow","max-snippet":"max-snippet:-1","max-image-preview":"max-image-preview:large","max-video-preview":"max-video-preview:-1"},"canonical":"https:\/\/kapitalis.com\/tunisie\/2017\/07\/06\/lutica-lance-le-prix-de-linnovation-sociale\/","og_locale":"fr_FR","og_type":"article","og_title":"L\u2019Utica lance le Prix de l\u2019Innovation sociale - Kapitalis","og_description":"L\u2019Utica lance le 1er concours de l\u2019innovation sociale, d\u00e9di\u00e9 aux entreprises en activit\u00e9 depuis plus de 2 ans et aux start-up cr\u00e9\u00e9es autour d\u2019une innovation sociale.","og_url":"https:\/\/kapitalis.com\/tunisie\/2017\/07\/06\/lutica-lance-le-prix-de-linnovation-sociale\/","og_site_name":"Kapitalis","article_publisher":"https:\/\/www.facebook.com\/KapitalisInfo\/","article_published_time":"2017-07-06T14:07:52+00:00","og_image":[{"width":1200,"height":630,"url":"https:\/\/kapitalis.com\/tunisie\/wp-content\/uploads\/2022\/05\/kapitalis-logo-fb.png","type":"image\/png"}],"author":"webmaster kapitalis","twitter_card":"summary_large_image","twitter_creator":"@KapitalisInfo","twitter_site":"@KapitalisInfo","twitter_misc":{"\u00c9crit par":"webmaster kapitalis","Dur\u00e9e de lecture estim\u00e9e":"2 minutes"},"schema":{"@context":"https:\/\/schema.org","@graph":[{"@type":"Article","@id":"https:\/\/kapitalis.com\/tunisie\/2017\/07\/06\/lutica-lance-le-prix-de-linnovation-sociale\/#article","isPartOf":{"@id":"https:\/\/kapitalis.com\/tunisie\/2017\/07\/06\/lutica-lance-le-prix-de-linnovation-sociale\/"},"author":{"name":"webmaster kapitalis","@id":"https:\/\/kapitalis.com\/tunisie\/#\/schema\/person\/d71f33a9ca44f7bad4698210b480c8e9"},"headline":"L\u2019Utica lance le Prix de l\u2019Innovation sociale","datePublished":"2017-07-06T14:07:52+00:00","mainEntityOfPage":{"@id":"https:\/\/kapitalis.com\/tunisie\/2017\/07\/06\/lutica-lance-le-prix-de-linnovation-sociale\/"},"wordCount":333,"commentCount":0,"publisher":{"@id":"https:\/\/kapitalis.com\/tunisie\/#organization"},"image":{"@id":"https:\/\/kapitalis.com\/tunisie\/2017\/07\/06\/lutica-lance-le-prix-de-linnovation-sociale\/#primaryimage"},"thumbnailUrl":"","keywords":["bien-\u00eatre","entreprises","logement","Sant\u00e9","start-ups"],"articleSection":["ECONOMIE","Tunisie"],"inLanguage":"fr-FR","potentialAction":[{"@type":"CommentAction","name":"Comment","target":["https:\/\/kapitalis.com\/tunisie\/2017\/07\/06\/lutica-lance-le-prix-de-linnovation-sociale\/#respond"]}]},{"@type":"WebPage","@id":"https:\/\/kapitalis.com\/tunisie\/2017\/07\/06\/lutica-lance-le-prix-de-linnovation-sociale\/","url":"https:\/\/kapitalis.com\/tunisie\/2017\/07\/06\/lutica-lance-le-prix-de-linnovation-sociale\/","name":"L\u2019Utica lance le Prix de l\u2019Innovation sociale - Kapitalis","isPartOf":{"@id":"https:\/\/kapitalis.com\/tunisie\/#website"},"primaryImageOfPage":{"@id":"https:\/\/kapitalis.com\/tunisie\/2017\/07\/06\/lutica-lance-le-prix-de-linnovation-sociale\/#primaryimage"},"image":{"@id":"https:\/\/kapitalis.com\/tunisie\/2017\/07\/06\/lutica-lance-le-prix-de-linnovation-sociale\/#primaryimage"},"thumbnailUrl":"","datePublished":"2017-07-06T14:07:52+00:00","breadcrumb":{"@id":"https:\/\/kapitalis.com\/tunisie\/2017\/07\/06\/lutica-lance-le-prix-de-linnovation-sociale\/#breadcrumb"},"inLanguage":"fr-FR","potentialAction":[{"@type":"ReadAction","target":["https:\/\/kapitalis.com\/tunisie\/2017\/07\/06\/lutica-lance-le-prix-de-linnovation-sociale\/"]}]},{"@type":"ImageObject","inLanguage":"fr-FR","@id":"https:\/\/kapitalis.com\/tunisie\/2017\/07\/06\/lutica-lance-le-prix-de-linnovation-sociale\/#primaryimage","url":"","contentUrl":""},{"@type":"BreadcrumbList","@id":"https:\/\/kapitalis.com\/tunisie\/2017\/07\/06\/lutica-lance-le-prix-de-linnovation-sociale\/#breadcrumb","itemListElement":[{"@type":"ListItem","position":1,"name":"Accueil","item":"https:\/\/kapitalis.com\/tunisie\/"},{"@type":"ListItem","position":2,"name":"L\u2019Utica lance le Prix de l\u2019Innovation sociale"}]},{"@type":"WebSite","@id":"https:\/\/kapitalis.com\/tunisie\/#website","url":"https:\/\/kapitalis.com\/tunisie\/","name":"Kapitalis","description":"L&#039;actualit\u00e9 en Tunisie et dans le monde","publisher":{"@id":"https:\/\/kapitalis.com\/tunisie\/#organization"},"potentialAction":[{"@type":"SearchAction","target":{"@type":"EntryPoint","urlTemplate":"https:\/\/kapitalis.com\/tunisie\/?s={search_term_string}"},"query-input":{"@type":"PropertyValueSpecification","valueRequired":true,"valueName":"search_term_string"}}],"inLanguage":"fr-FR"},{"@type":"Organization","@id":"https:\/\/kapitalis.com\/tunisie\/#organization","name":"Kapitalis","url":"https:\/\/kapitalis.com\/tunisie\/","logo":{"@type":"ImageObject","inLanguage":"fr-FR","@id":"https:\/\/kapitalis.com\/tunisie\/#\/schema\/logo\/image\/","url":"https:\/\/kapitalis.com\/tunisie\/wp-content\/uploads\/2022\/05\/Kapitalis-big-size.png","contentUrl":"https:\/\/kapitalis.com\/tunisie\/wp-content\/uploads\/2022\/05\/Kapitalis-big-size.png","width":5000,"height":1500,"caption":"Kapitalis"},"image":{"@id":"https:\/\/kapitalis.com\/tunisie\/#\/schema\/logo\/image\/"},"sameAs":["https:\/\/www.facebook.com\/KapitalisInfo\/","https:\/\/x.com\/KapitalisInfo","https:\/\/www.youtube.com\/channel\/UC-yDYrHyfFBWWZaOw3FPg9Q"]},{"@type":"Person","@id":"https:\/\/kapitalis.com\/tunisie\/#\/schema\/person\/d71f33a9ca44f7bad4698210b480c8e9","name":"webmaster kapitalis","url":"https:\/\/kapitalis.com\/tunisie\/author\/webmaster-kapitalis\/"}]}},"_links":{"self":[{"href":"https:\/\/kapitalis.com\/tunisie\/wp-json\/wp\/v2\/posts\/105056","targetHints":{"allow":["GET"]}}],"collection":[{"href":"https:\/\/kapitalis.com\/tunisie\/wp-json\/wp\/v2\/posts"}],"about":[{"href":"https:\/\/kapitalis.com\/tunisie\/wp-json\/wp\/v2\/types\/post"}],"author":[{"embeddable":true,"href":"https:\/\/kapitalis.com\/tunisie\/wp-json\/wp\/v2\/users\/8"}],"replies":[{"embeddable":true,"href":"https:\/\/kapitalis.com\/tunisie\/wp-json\/wp\/v2\/comments?post=105056"}],"version-history":[{"count":0,"href":"https:\/\/kapitalis.com\/tunisie\/wp-json\/wp\/v2\/posts\/105056\/revisions"}],"wp:featuredmedia":[{"embeddable":true,"href":"https:\/\/kapitalis.com\/tunisie\/wp-json\/wp\/v2\/media\/105057"}],"wp:attachment":[{"href":"https:\/\/kapitalis.com\/tunisie\/wp-json\/wp\/v2\/media?parent=105056"}],"wp:term":[{"taxonomy":"category","embeddable":true,"href":"https:\/\/kapitalis.com\/tunisie\/wp-json\/wp\/v2\/categories?post=105056"},{"taxonomy":"post_tag","embeddable":true,"href":"https:\/\/kapitalis.com\/tunisie\/wp-json\/wp\/v2\/tags?post=105056"}],"curies":[{"name":"wp","href":"https:\/\/api.w.org\/{rel}","templated":true}]}}