{"id":10508152,"date":"2023-11-13T11:45:53","date_gmt":"2023-11-13T10:45:53","guid":{"rendered":"https:\/\/kapitalis.com\/tunisie\/?p=10508152"},"modified":"2023-11-13T11:45:54","modified_gmt":"2023-11-13T10:45:54","slug":"kais-saied-la-tunisie-restera-verte-et-sera-encore-plus-verdoyante-video","status":"publish","type":"post","link":"https:\/\/kapitalis.com\/tunisie\/2023\/11\/13\/kais-saied-la-tunisie-restera-verte-et-sera-encore-plus-verdoyante-video\/","title":{"rendered":"Ka\u00efs Sa\u00efed\u00a0: \u00abLa Tunisie restera verte et sera encore plus verdoyante\u00bb (Vid\u00e9o)"},"content":{"rendered":"\n<p><strong><em>En se rendant \u00e0 Rjim Maatoug et Mohdeth, gouvernorat de K\u00e9bili, d\u00e9l\u00e9gation de Nefzaoua &#8211; El-Faouar, dimanche 12 novembre 2023, le pr\u00e9sident Ka\u00efs Sa\u00efed a voulu c\u00e9l\u00e9brer la F\u00eate de l\u2019Arbre sur un ton plut\u00f4t optimiste et tourn\u00e9 vers l\u2019avenir, au moment o\u00f9, face \u00e0 la s\u00e9cheresse due aux changements climatiques, les agriculteurs broient du noir.<\/em><\/strong> (<a href=\"https:\/\/www.facebook.com\/Presidence.tn\/videos\/1059175908849451\" target=\"_blank\" rel=\"noreferrer noopener\">Vid\u00e9o<\/a>). <\/p>\n\n\n\n<!--more-->\n\n\n\n<p>Selon la vid\u00e9o diffus\u00e9e par la pr\u00e9sidence de la r\u00e9publique, Sa\u00efed a, comme de coutume, plant\u00e9 des arbres dans la nouvelle zone d\u00e9sertique en train d\u2019\u00eatre mise en valeur par l\u2019arm\u00e9e nationale, Mohdeth, et ce, 40 ans apr\u00e8s la mise en valeur de zone de Rjim Maatoug, et selon la m\u00eame m\u00e9thode qui consiste \u00e0 planter des palmiers, des arbres fruitiers, des l\u00e9gumes et autres plantes susceptibles d\u2019aider \u00e0 arr\u00eater l\u2019avanc\u00e9e du d\u00e9sert et de s\u00e9dentariser les populations locales en construisant des villages d&rsquo;habitation autour de points d\u2019eau transform\u00e9s en oasis propices au d\u00e9veloppement socio-\u00e9conomique.<\/p>\n\n\n\n<p>Les habitants de Rjim Maatoug, au contact desquels le pr\u00e9sident Sa\u00efed est all\u00e9 en premier, se sont tous plaint du m\u00eame probl\u00e8me, les difficult\u00e9s de d\u00e9placement de et vers Rjim Maatoug, car si les villages cr\u00e9\u00e9s disposent des services minimums comme le raccordement au r\u00e9seau \u00e9lectrique, la t\u00e9l\u00e9phonie, la poste et autres, il manque encore une route nationale asphalt\u00e9e digne de ce nom qui facilite la vie des villageois. Le pr\u00e9sident a affirm\u00e9 que le projet de la dite route existe d\u00e9j\u00e0 et qu\u2019il veillera personnellement \u00e0 en acc\u00e9l\u00e9rer la mise en \u0153uvre. <\/p>\n\n\n\n<p>Le chef de l&rsquo;Etat a assist\u00e9 ensuite \u00e0 la pr\u00e9sentation des composantes de la nouvelle zone en train d\u2019\u00eatre mise en valeur, celle de Mohdeth, afin que, a-t-il dit, <em>\u00able d\u00e9sert devienne une zone prosp\u00e8re qui produit des richesses et fixe les populations dans les terres\u00bb<\/em>. <em>\u00abLa Tunisie restera verte et sera encore plus verdoyante gr\u00e2ce \u00e0 des projets similaires, dans le but de garantir l\u2019autosuffisance alimentaire\u00bb<\/em>, a-t-il ajout\u00e9.<\/p>\n\n\n\n<figure class=\"wp-block-gallery aligncenter has-nested-images columns-default is-cropped wp-block-gallery-1 is-layout-flex wp-block-gallery-is-layout-flex\">\n<figure class=\"wp-block-image size-large\"><img loading=\"lazy\" decoding=\"async\" width=\"1024\" height=\"538\" data-id=\"10508529\" src=\"https:\/\/kapitalis.com\/tunisie\/wp-content\/uploads\/2023\/11\/Rjim-Maatoug-2-1024x538.jpg\" alt=\"\" class=\"wp-image-10508529\" srcset=\"https:\/\/kapitalis.com\/tunisie\/wp-content\/uploads\/2023\/11\/Rjim-Maatoug-2-1024x538.jpg 1024w, https:\/\/kapitalis.com\/tunisie\/wp-content\/uploads\/2023\/11\/Rjim-Maatoug-2-300x158.jpg 300w, https:\/\/kapitalis.com\/tunisie\/wp-content\/uploads\/2023\/11\/Rjim-Maatoug-2-768x403.jpg 768w, https:\/\/kapitalis.com\/tunisie\/wp-content\/uploads\/2023\/11\/Rjim-Maatoug-2-580x305.jpg 580w, https:\/\/kapitalis.com\/tunisie\/wp-content\/uploads\/2023\/11\/Rjim-Maatoug-2-860x452.jpg 860w, https:\/\/kapitalis.com\/tunisie\/wp-content\/uploads\/2023\/11\/Rjim-Maatoug-2-1160x609.jpg 1160w, https:\/\/kapitalis.com\/tunisie\/wp-content\/uploads\/2023\/11\/Rjim-Maatoug-2.jpg 1200w\" sizes=\"auto, (max-width: 1024px) 100vw, 1024px\" \/><\/figure>\n\n\n\n<figure class=\"wp-block-image size-large\"><img loading=\"lazy\" decoding=\"async\" width=\"1024\" height=\"538\" data-id=\"10508530\" src=\"https:\/\/kapitalis.com\/tunisie\/wp-content\/uploads\/2023\/11\/Rjim-Maatoug-3-1024x538.jpg\" alt=\"\" class=\"wp-image-10508530\" srcset=\"https:\/\/kapitalis.com\/tunisie\/wp-content\/uploads\/2023\/11\/Rjim-Maatoug-3-1024x538.jpg 1024w, https:\/\/kapitalis.com\/tunisie\/wp-content\/uploads\/2023\/11\/Rjim-Maatoug-3-300x158.jpg 300w, https:\/\/kapitalis.com\/tunisie\/wp-content\/uploads\/2023\/11\/Rjim-Maatoug-3-768x403.jpg 768w, https:\/\/kapitalis.com\/tunisie\/wp-content\/uploads\/2023\/11\/Rjim-Maatoug-3-580x305.jpg 580w, https:\/\/kapitalis.com\/tunisie\/wp-content\/uploads\/2023\/11\/Rjim-Maatoug-3-860x452.jpg 860w, https:\/\/kapitalis.com\/tunisie\/wp-content\/uploads\/2023\/11\/Rjim-Maatoug-3-1160x609.jpg 1160w, https:\/\/kapitalis.com\/tunisie\/wp-content\/uploads\/2023\/11\/Rjim-Maatoug-3.jpg 1200w\" sizes=\"auto, (max-width: 1024px) 100vw, 1024px\" \/><\/figure>\n<\/figure>\n\n\n\n<p>C\u2019est l\u00e0 une promesse \u00e9lectorale qui sera difficile \u00e0 tenir, car elle est faite au moment o\u00f9 la Tunisie, dont le climat est semi-aride et les ressources en eau sont jug\u00e9es tr\u00e8s en-de\u00e7\u00e0 de la moyenne requise, n\u2019a jamais autant manqu\u00e9 d\u2019eau, en raison de la s\u00e9cheresse s\u00e9vissant dans le pays depuis au moins quatre ans, s\u00e9cheresse qui a provoqu\u00e9 une baisse sans pr\u00e9c\u00e9dent des r\u00e9serves d\u2019eau dans les barrages (qui sont aujourd\u2019hui \u00e0 seulement 23% de leur capacit\u00e9 globale) et des restrictions d\u2019utilisation de l\u2019eau pour l\u2019irrigation agricole, et autres usages tout aussi vitaux, comme l&rsquo;arrosage des jardins publics ou le remplissage des piscines des h\u00f4tels, sans parler des usages industriels n\u00e9cessaires \u00e0 l&rsquo;\u00e9conomie.<\/p>\n\n\n\n<figure class=\"wp-block-gallery aligncenter has-nested-images columns-default is-cropped wp-block-gallery-2 is-layout-flex wp-block-gallery-is-layout-flex\">\n<figure class=\"wp-block-image size-large\"><img loading=\"lazy\" decoding=\"async\" width=\"1024\" height=\"538\" data-id=\"10508544\" src=\"https:\/\/kapitalis.com\/tunisie\/wp-content\/uploads\/2023\/11\/Rjim-Maatoug-1024x538.jpg\" alt=\"\" class=\"wp-image-10508544\" srcset=\"https:\/\/kapitalis.com\/tunisie\/wp-content\/uploads\/2023\/11\/Rjim-Maatoug-1024x538.jpg 1024w, https:\/\/kapitalis.com\/tunisie\/wp-content\/uploads\/2023\/11\/Rjim-Maatoug-300x158.jpg 300w, https:\/\/kapitalis.com\/tunisie\/wp-content\/uploads\/2023\/11\/Rjim-Maatoug-768x403.jpg 768w, https:\/\/kapitalis.com\/tunisie\/wp-content\/uploads\/2023\/11\/Rjim-Maatoug-580x305.jpg 580w, https:\/\/kapitalis.com\/tunisie\/wp-content\/uploads\/2023\/11\/Rjim-Maatoug-860x452.jpg 860w, https:\/\/kapitalis.com\/tunisie\/wp-content\/uploads\/2023\/11\/Rjim-Maatoug-1160x609.jpg 1160w, https:\/\/kapitalis.com\/tunisie\/wp-content\/uploads\/2023\/11\/Rjim-Maatoug.jpg 1200w\" sizes=\"auto, (max-width: 1024px) 100vw, 1024px\" \/><\/figure>\n\n\n\n<figure class=\"wp-block-image size-large\"><img loading=\"lazy\" decoding=\"async\" width=\"1024\" height=\"538\" data-id=\"10508536\" src=\"https:\/\/kapitalis.com\/tunisie\/wp-content\/uploads\/2023\/11\/Kais-Saied-Fete-Arbre-Mohdeth-1024x538.jpg\" alt=\"\" class=\"wp-image-10508536\" srcset=\"https:\/\/kapitalis.com\/tunisie\/wp-content\/uploads\/2023\/11\/Kais-Saied-Fete-Arbre-Mohdeth-1024x538.jpg 1024w, https:\/\/kapitalis.com\/tunisie\/wp-content\/uploads\/2023\/11\/Kais-Saied-Fete-Arbre-Mohdeth-300x158.jpg 300w, https:\/\/kapitalis.com\/tunisie\/wp-content\/uploads\/2023\/11\/Kais-Saied-Fete-Arbre-Mohdeth-768x403.jpg 768w, https:\/\/kapitalis.com\/tunisie\/wp-content\/uploads\/2023\/11\/Kais-Saied-Fete-Arbre-Mohdeth-580x305.jpg 580w, https:\/\/kapitalis.com\/tunisie\/wp-content\/uploads\/2023\/11\/Kais-Saied-Fete-Arbre-Mohdeth-860x452.jpg 860w, https:\/\/kapitalis.com\/tunisie\/wp-content\/uploads\/2023\/11\/Kais-Saied-Fete-Arbre-Mohdeth-1160x609.jpg 1160w, https:\/\/kapitalis.com\/tunisie\/wp-content\/uploads\/2023\/11\/Kais-Saied-Fete-Arbre-Mohdeth.jpg 1200w\" sizes=\"auto, (max-width: 1024px) 100vw, 1024px\" \/><\/figure>\n<\/figure>\n\n\n\n<p>L\u2019eau qui sera utilis\u00e9e pour verdir les nouvelles zones agricoles au c\u0153ur du d\u00e9sert va \u00eatre puis\u00e9e, \u00e0 n&rsquo;en pas douter, dans le Syst\u00e8me\u00a0aquif\u00e8re\u00a0du Sahara, partag\u00e9 par l\u2019Alg\u00e9rie, la Tunisie et la Libye, form\u00e9 de d\u00e9p\u00f4ts continentaux renfermant deux grandes nappes souterraines d\u00e9j\u00e0 largement exploit\u00e9. Une organisation onusienne dont le si\u00e8ge se trouve \u00e0 Tunis, l\u2019Observatoire du Sahel et du Sahara (OSS), a d\u2019ailleurs pour mission d\u2019aider \u00e0 la gestion durable de cette ressource dans un contexte de changement climatique. <\/p>\n\n\n\n<p class=\"has-text-align-right\"><strong>I. B.<\/strong> <\/p>\n\n\n\n<p class=\"has-text-align-left\">\u00a0<a href=\"https:\/\/www.facebook.com\/Presidence.tn\/videos\/1059175908849451\" target=\"_blank\" rel=\"noreferrer noopener\">Vid\u00e9o.<\/a><\/p>\n","protected":false},"excerpt":{"rendered":"<p>Ka\u00efs Sa\u00efed a voulu c\u00e9l\u00e9brer la F\u00eate de l\u2019Arbre sur un ton plut\u00f4t optimiste et tourn\u00e9 vers l\u2019avenir.<\/p>\n","protected":false},"author":8,"featured_media":10508520,"comment_status":"open","ping_status":"open","sticky":false,"template":"","format":"standard","meta":{"footnotes":""},"categories":[997,2433],"tags":[100746,76012,112184,103505,15272,62643],"class_list":["post-10508152","post","type-post","status-publish","format-standard","has-post-thumbnail","hentry","category-politique","category-tunisie","tag-desertification-2","tag-kais-saied-2","tag-mohdeth","tag-rjim-maatoug","tag-secheresse","tag-tunisie"],"yoast_head":"<!-- This site is optimized with the Yoast SEO plugin v26.6 - https:\/\/yoast.com\/wordpress\/plugins\/seo\/ -->\n<title>Ka\u00efs Sa\u00efed\u00a0: \u00abLa Tunisie restera verte et sera encore plus verdoyante\u00bb (Vid\u00e9o) - Kapitalis<\/title>\n<meta name=\"robots\" content=\"index, follow, max-snippet:-1, max-image-preview:large, max-video-preview:-1\" \/>\n<link rel=\"canonical\" href=\"https:\/\/kapitalis.com\/tunisie\/2023\/11\/13\/kais-saied-la-tunisie-restera-verte-et-sera-encore-plus-verdoyante-video\/\" \/>\n<meta property=\"og:locale\" content=\"fr_FR\" \/>\n<meta property=\"og:type\" content=\"article\" \/>\n<meta property=\"og:title\" content=\"Ka\u00efs Sa\u00efed\u00a0: \u00abLa Tunisie restera verte et sera encore plus verdoyante\u00bb (Vid\u00e9o) - Kapitalis\" \/>\n<meta property=\"og:description\" content=\"Ka\u00efs Sa\u00efed a voulu c\u00e9l\u00e9brer la F\u00eate de l\u2019Arbre sur un ton plut\u00f4t optimiste et tourn\u00e9 vers l\u2019avenir.\" \/>\n<meta property=\"og:url\" content=\"https:\/\/kapitalis.com\/tunisie\/2023\/11\/13\/kais-saied-la-tunisie-restera-verte-et-sera-encore-plus-verdoyante-video\/\" \/>\n<meta property=\"og:site_name\" content=\"Kapitalis\" \/>\n<meta property=\"article:publisher\" content=\"https:\/\/www.facebook.com\/KapitalisInfo\/\" \/>\n<meta property=\"article:published_time\" content=\"2023-11-13T10:45:53+00:00\" \/>\n<meta property=\"article:modified_time\" content=\"2023-11-13T10:45:54+00:00\" \/>\n<meta property=\"og:image\" content=\"https:\/\/kapitalis.com\/tunisie\/wp-content\/uploads\/2023\/11\/Kais-Saied-Mohdeth.jpg\" \/>\n\t<meta property=\"og:image:width\" content=\"1200\" \/>\n\t<meta property=\"og:image:height\" content=\"630\" \/>\n\t<meta property=\"og:image:type\" content=\"image\/jpeg\" \/>\n<meta name=\"author\" content=\"webmaster kapitalis\" \/>\n<meta name=\"twitter:card\" content=\"summary_large_image\" \/>\n<meta name=\"twitter:creator\" content=\"@KapitalisInfo\" \/>\n<meta name=\"twitter:site\" content=\"@KapitalisInfo\" \/>\n<meta name=\"twitter:label1\" content=\"\u00c9crit par\" \/>\n\t<meta name=\"twitter:data1\" content=\"webmaster kapitalis\" \/>\n\t<meta name=\"twitter:label2\" content=\"Dur\u00e9e de lecture estim\u00e9e\" \/>\n\t<meta name=\"twitter:data2\" content=\"4 minutes\" \/>\n<script type=\"application\/ld+json\" class=\"yoast-schema-graph\">{\"@context\":\"https:\/\/schema.org\",\"@graph\":[{\"@type\":\"Article\",\"@id\":\"https:\/\/kapitalis.com\/tunisie\/2023\/11\/13\/kais-saied-la-tunisie-restera-verte-et-sera-encore-plus-verdoyante-video\/#article\",\"isPartOf\":{\"@id\":\"https:\/\/kapitalis.com\/tunisie\/2023\/11\/13\/kais-saied-la-tunisie-restera-verte-et-sera-encore-plus-verdoyante-video\/\"},\"author\":{\"name\":\"webmaster kapitalis\",\"@id\":\"https:\/\/kapitalis.com\/tunisie\/#\/schema\/person\/d71f33a9ca44f7bad4698210b480c8e9\"},\"headline\":\"Ka\u00efs Sa\u00efed\u00a0: \u00abLa Tunisie restera verte et sera encore plus verdoyante\u00bb (Vid\u00e9o)\",\"datePublished\":\"2023-11-13T10:45:53+00:00\",\"dateModified\":\"2023-11-13T10:45:54+00:00\",\"mainEntityOfPage\":{\"@id\":\"https:\/\/kapitalis.com\/tunisie\/2023\/11\/13\/kais-saied-la-tunisie-restera-verte-et-sera-encore-plus-verdoyante-video\/\"},\"wordCount\":607,\"commentCount\":2,\"publisher\":{\"@id\":\"https:\/\/kapitalis.com\/tunisie\/#organization\"},\"image\":{\"@id\":\"https:\/\/kapitalis.com\/tunisie\/2023\/11\/13\/kais-saied-la-tunisie-restera-verte-et-sera-encore-plus-verdoyante-video\/#primaryimage\"},\"thumbnailUrl\":\"https:\/\/kapitalis.com\/tunisie\/wp-content\/uploads\/2023\/11\/Kais-Saied-Mohdeth.jpg\",\"keywords\":[\"d\u00e9sertification\",\"Ka\u00efs Sa\u00efed\",\"Mohdeth\",\"Rjim Maatoug\",\"s\u00e9cheresse\",\"Tunisie\"],\"articleSection\":[\"POLITIQUE\",\"Tunisie\"],\"inLanguage\":\"fr-FR\",\"potentialAction\":[{\"@type\":\"CommentAction\",\"name\":\"Comment\",\"target\":[\"https:\/\/kapitalis.com\/tunisie\/2023\/11\/13\/kais-saied-la-tunisie-restera-verte-et-sera-encore-plus-verdoyante-video\/#respond\"]}]},{\"@type\":\"WebPage\",\"@id\":\"https:\/\/kapitalis.com\/tunisie\/2023\/11\/13\/kais-saied-la-tunisie-restera-verte-et-sera-encore-plus-verdoyante-video\/\",\"url\":\"https:\/\/kapitalis.com\/tunisie\/2023\/11\/13\/kais-saied-la-tunisie-restera-verte-et-sera-encore-plus-verdoyante-video\/\",\"name\":\"Ka\u00efs Sa\u00efed\u00a0: \u00abLa Tunisie restera verte et sera encore plus verdoyante\u00bb (Vid\u00e9o) - Kapitalis\",\"isPartOf\":{\"@id\":\"https:\/\/kapitalis.com\/tunisie\/#website\"},\"primaryImageOfPage\":{\"@id\":\"https:\/\/kapitalis.com\/tunisie\/2023\/11\/13\/kais-saied-la-tunisie-restera-verte-et-sera-encore-plus-verdoyante-video\/#primaryimage\"},\"image\":{\"@id\":\"https:\/\/kapitalis.com\/tunisie\/2023\/11\/13\/kais-saied-la-tunisie-restera-verte-et-sera-encore-plus-verdoyante-video\/#primaryimage\"},\"thumbnailUrl\":\"https:\/\/kapitalis.com\/tunisie\/wp-content\/uploads\/2023\/11\/Kais-Saied-Mohdeth.jpg\",\"datePublished\":\"2023-11-13T10:45:53+00:00\",\"dateModified\":\"2023-11-13T10:45:54+00:00\",\"breadcrumb\":{\"@id\":\"https:\/\/kapitalis.com\/tunisie\/2023\/11\/13\/kais-saied-la-tunisie-restera-verte-et-sera-encore-plus-verdoyante-video\/#breadcrumb\"},\"inLanguage\":\"fr-FR\",\"potentialAction\":[{\"@type\":\"ReadAction\",\"target\":[\"https:\/\/kapitalis.com\/tunisie\/2023\/11\/13\/kais-saied-la-tunisie-restera-verte-et-sera-encore-plus-verdoyante-video\/\"]}]},{\"@type\":\"ImageObject\",\"inLanguage\":\"fr-FR\",\"@id\":\"https:\/\/kapitalis.com\/tunisie\/2023\/11\/13\/kais-saied-la-tunisie-restera-verte-et-sera-encore-plus-verdoyante-video\/#primaryimage\",\"url\":\"https:\/\/kapitalis.com\/tunisie\/wp-content\/uploads\/2023\/11\/Kais-Saied-Mohdeth.jpg\",\"contentUrl\":\"https:\/\/kapitalis.com\/tunisie\/wp-content\/uploads\/2023\/11\/Kais-Saied-Mohdeth.jpg\",\"width\":1200,\"height\":630},{\"@type\":\"BreadcrumbList\",\"@id\":\"https:\/\/kapitalis.com\/tunisie\/2023\/11\/13\/kais-saied-la-tunisie-restera-verte-et-sera-encore-plus-verdoyante-video\/#breadcrumb\",\"itemListElement\":[{\"@type\":\"ListItem\",\"position\":1,\"name\":\"Accueil\",\"item\":\"https:\/\/kapitalis.com\/tunisie\/\"},{\"@type\":\"ListItem\",\"position\":2,\"name\":\"Ka\u00efs Sa\u00efed\u00a0: \u00abLa Tunisie restera verte et sera encore plus verdoyante\u00bb (Vid\u00e9o)\"}]},{\"@type\":\"WebSite\",\"@id\":\"https:\/\/kapitalis.com\/tunisie\/#website\",\"url\":\"https:\/\/kapitalis.com\/tunisie\/\",\"name\":\"Kapitalis\",\"description\":\"L&#039;actualit\u00e9 en Tunisie et dans le monde\",\"publisher\":{\"@id\":\"https:\/\/kapitalis.com\/tunisie\/#organization\"},\"potentialAction\":[{\"@type\":\"SearchAction\",\"target\":{\"@type\":\"EntryPoint\",\"urlTemplate\":\"https:\/\/kapitalis.com\/tunisie\/?s={search_term_string}\"},\"query-input\":{\"@type\":\"PropertyValueSpecification\",\"valueRequired\":true,\"valueName\":\"search_term_string\"}}],\"inLanguage\":\"fr-FR\"},{\"@type\":\"Organization\",\"@id\":\"https:\/\/kapitalis.com\/tunisie\/#organization\",\"name\":\"Kapitalis\",\"url\":\"https:\/\/kapitalis.com\/tunisie\/\",\"logo\":{\"@type\":\"ImageObject\",\"inLanguage\":\"fr-FR\",\"@id\":\"https:\/\/kapitalis.com\/tunisie\/#\/schema\/logo\/image\/\",\"url\":\"https:\/\/kapitalis.com\/tunisie\/wp-content\/uploads\/2022\/05\/Kapitalis-big-size.png\",\"contentUrl\":\"https:\/\/kapitalis.com\/tunisie\/wp-content\/uploads\/2022\/05\/Kapitalis-big-size.png\",\"width\":5000,\"height\":1500,\"caption\":\"Kapitalis\"},\"image\":{\"@id\":\"https:\/\/kapitalis.com\/tunisie\/#\/schema\/logo\/image\/\"},\"sameAs\":[\"https:\/\/www.facebook.com\/KapitalisInfo\/\",\"https:\/\/x.com\/KapitalisInfo\",\"https:\/\/www.youtube.com\/channel\/UC-yDYrHyfFBWWZaOw3FPg9Q\"]},{\"@type\":\"Person\",\"@id\":\"https:\/\/kapitalis.com\/tunisie\/#\/schema\/person\/d71f33a9ca44f7bad4698210b480c8e9\",\"name\":\"webmaster kapitalis\",\"url\":\"https:\/\/kapitalis.com\/tunisie\/author\/webmaster-kapitalis\/\"}]}<\/script>\n<!-- \/ Yoast SEO plugin. -->","yoast_head_json":{"title":"Ka\u00efs Sa\u00efed\u00a0: \u00abLa Tunisie restera verte et sera encore plus verdoyante\u00bb (Vid\u00e9o) - Kapitalis","robots":{"index":"index","follow":"follow","max-snippet":"max-snippet:-1","max-image-preview":"max-image-preview:large","max-video-preview":"max-video-preview:-1"},"canonical":"https:\/\/kapitalis.com\/tunisie\/2023\/11\/13\/kais-saied-la-tunisie-restera-verte-et-sera-encore-plus-verdoyante-video\/","og_locale":"fr_FR","og_type":"article","og_title":"Ka\u00efs Sa\u00efed\u00a0: \u00abLa Tunisie restera verte et sera encore plus verdoyante\u00bb (Vid\u00e9o) - Kapitalis","og_description":"Ka\u00efs Sa\u00efed a voulu c\u00e9l\u00e9brer la F\u00eate de l\u2019Arbre sur un ton plut\u00f4t optimiste et tourn\u00e9 vers l\u2019avenir.","og_url":"https:\/\/kapitalis.com\/tunisie\/2023\/11\/13\/kais-saied-la-tunisie-restera-verte-et-sera-encore-plus-verdoyante-video\/","og_site_name":"Kapitalis","article_publisher":"https:\/\/www.facebook.com\/KapitalisInfo\/","article_published_time":"2023-11-13T10:45:53+00:00","article_modified_time":"2023-11-13T10:45:54+00:00","og_image":[{"width":1200,"height":630,"url":"https:\/\/kapitalis.com\/tunisie\/wp-content\/uploads\/2023\/11\/Kais-Saied-Mohdeth.jpg","type":"image\/jpeg"}],"author":"webmaster kapitalis","twitter_card":"summary_large_image","twitter_creator":"@KapitalisInfo","twitter_site":"@KapitalisInfo","twitter_misc":{"\u00c9crit par":"webmaster kapitalis","Dur\u00e9e de lecture estim\u00e9e":"4 minutes"},"schema":{"@context":"https:\/\/schema.org","@graph":[{"@type":"Article","@id":"https:\/\/kapitalis.com\/tunisie\/2023\/11\/13\/kais-saied-la-tunisie-restera-verte-et-sera-encore-plus-verdoyante-video\/#article","isPartOf":{"@id":"https:\/\/kapitalis.com\/tunisie\/2023\/11\/13\/kais-saied-la-tunisie-restera-verte-et-sera-encore-plus-verdoyante-video\/"},"author":{"name":"webmaster kapitalis","@id":"https:\/\/kapitalis.com\/tunisie\/#\/schema\/person\/d71f33a9ca44f7bad4698210b480c8e9"},"headline":"Ka\u00efs Sa\u00efed\u00a0: \u00abLa Tunisie restera verte et sera encore plus verdoyante\u00bb (Vid\u00e9o)","datePublished":"2023-11-13T10:45:53+00:00","dateModified":"2023-11-13T10:45:54+00:00","mainEntityOfPage":{"@id":"https:\/\/kapitalis.com\/tunisie\/2023\/11\/13\/kais-saied-la-tunisie-restera-verte-et-sera-encore-plus-verdoyante-video\/"},"wordCount":607,"commentCount":2,"publisher":{"@id":"https:\/\/kapitalis.com\/tunisie\/#organization"},"image":{"@id":"https:\/\/kapitalis.com\/tunisie\/2023\/11\/13\/kais-saied-la-tunisie-restera-verte-et-sera-encore-plus-verdoyante-video\/#primaryimage"},"thumbnailUrl":"https:\/\/kapitalis.com\/tunisie\/wp-content\/uploads\/2023\/11\/Kais-Saied-Mohdeth.jpg","keywords":["d\u00e9sertification","Ka\u00efs Sa\u00efed","Mohdeth","Rjim Maatoug","s\u00e9cheresse","Tunisie"],"articleSection":["POLITIQUE","Tunisie"],"inLanguage":"fr-FR","potentialAction":[{"@type":"CommentAction","name":"Comment","target":["https:\/\/kapitalis.com\/tunisie\/2023\/11\/13\/kais-saied-la-tunisie-restera-verte-et-sera-encore-plus-verdoyante-video\/#respond"]}]},{"@type":"WebPage","@id":"https:\/\/kapitalis.com\/tunisie\/2023\/11\/13\/kais-saied-la-tunisie-restera-verte-et-sera-encore-plus-verdoyante-video\/","url":"https:\/\/kapitalis.com\/tunisie\/2023\/11\/13\/kais-saied-la-tunisie-restera-verte-et-sera-encore-plus-verdoyante-video\/","name":"Ka\u00efs Sa\u00efed\u00a0: \u00abLa Tunisie restera verte et sera encore plus verdoyante\u00bb (Vid\u00e9o) - Kapitalis","isPartOf":{"@id":"https:\/\/kapitalis.com\/tunisie\/#website"},"primaryImageOfPage":{"@id":"https:\/\/kapitalis.com\/tunisie\/2023\/11\/13\/kais-saied-la-tunisie-restera-verte-et-sera-encore-plus-verdoyante-video\/#primaryimage"},"image":{"@id":"https:\/\/kapitalis.com\/tunisie\/2023\/11\/13\/kais-saied-la-tunisie-restera-verte-et-sera-encore-plus-verdoyante-video\/#primaryimage"},"thumbnailUrl":"https:\/\/kapitalis.com\/tunisie\/wp-content\/uploads\/2023\/11\/Kais-Saied-Mohdeth.jpg","datePublished":"2023-11-13T10:45:53+00:00","dateModified":"2023-11-13T10:45:54+00:00","breadcrumb":{"@id":"https:\/\/kapitalis.com\/tunisie\/2023\/11\/13\/kais-saied-la-tunisie-restera-verte-et-sera-encore-plus-verdoyante-video\/#breadcrumb"},"inLanguage":"fr-FR","potentialAction":[{"@type":"ReadAction","target":["https:\/\/kapitalis.com\/tunisie\/2023\/11\/13\/kais-saied-la-tunisie-restera-verte-et-sera-encore-plus-verdoyante-video\/"]}]},{"@type":"ImageObject","inLanguage":"fr-FR","@id":"https:\/\/kapitalis.com\/tunisie\/2023\/11\/13\/kais-saied-la-tunisie-restera-verte-et-sera-encore-plus-verdoyante-video\/#primaryimage","url":"https:\/\/kapitalis.com\/tunisie\/wp-content\/uploads\/2023\/11\/Kais-Saied-Mohdeth.jpg","contentUrl":"https:\/\/kapitalis.com\/tunisie\/wp-content\/uploads\/2023\/11\/Kais-Saied-Mohdeth.jpg","width":1200,"height":630},{"@type":"BreadcrumbList","@id":"https:\/\/kapitalis.com\/tunisie\/2023\/11\/13\/kais-saied-la-tunisie-restera-verte-et-sera-encore-plus-verdoyante-video\/#breadcrumb","itemListElement":[{"@type":"ListItem","position":1,"name":"Accueil","item":"https:\/\/kapitalis.com\/tunisie\/"},{"@type":"ListItem","position":2,"name":"Ka\u00efs Sa\u00efed\u00a0: \u00abLa Tunisie restera verte et sera encore plus verdoyante\u00bb (Vid\u00e9o)"}]},{"@type":"WebSite","@id":"https:\/\/kapitalis.com\/tunisie\/#website","url":"https:\/\/kapitalis.com\/tunisie\/","name":"Kapitalis","description":"L&#039;actualit\u00e9 en Tunisie et dans le monde","publisher":{"@id":"https:\/\/kapitalis.com\/tunisie\/#organization"},"potentialAction":[{"@type":"SearchAction","target":{"@type":"EntryPoint","urlTemplate":"https:\/\/kapitalis.com\/tunisie\/?s={search_term_string}"},"query-input":{"@type":"PropertyValueSpecification","valueRequired":true,"valueName":"search_term_string"}}],"inLanguage":"fr-FR"},{"@type":"Organization","@id":"https:\/\/kapitalis.com\/tunisie\/#organization","name":"Kapitalis","url":"https:\/\/kapitalis.com\/tunisie\/","logo":{"@type":"ImageObject","inLanguage":"fr-FR","@id":"https:\/\/kapitalis.com\/tunisie\/#\/schema\/logo\/image\/","url":"https:\/\/kapitalis.com\/tunisie\/wp-content\/uploads\/2022\/05\/Kapitalis-big-size.png","contentUrl":"https:\/\/kapitalis.com\/tunisie\/wp-content\/uploads\/2022\/05\/Kapitalis-big-size.png","width":5000,"height":1500,"caption":"Kapitalis"},"image":{"@id":"https:\/\/kapitalis.com\/tunisie\/#\/schema\/logo\/image\/"},"sameAs":["https:\/\/www.facebook.com\/KapitalisInfo\/","https:\/\/x.com\/KapitalisInfo","https:\/\/www.youtube.com\/channel\/UC-yDYrHyfFBWWZaOw3FPg9Q"]},{"@type":"Person","@id":"https:\/\/kapitalis.com\/tunisie\/#\/schema\/person\/d71f33a9ca44f7bad4698210b480c8e9","name":"webmaster kapitalis","url":"https:\/\/kapitalis.com\/tunisie\/author\/webmaster-kapitalis\/"}]}},"_links":{"self":[{"href":"https:\/\/kapitalis.com\/tunisie\/wp-json\/wp\/v2\/posts\/10508152","targetHints":{"allow":["GET"]}}],"collection":[{"href":"https:\/\/kapitalis.com\/tunisie\/wp-json\/wp\/v2\/posts"}],"about":[{"href":"https:\/\/kapitalis.com\/tunisie\/wp-json\/wp\/v2\/types\/post"}],"author":[{"embeddable":true,"href":"https:\/\/kapitalis.com\/tunisie\/wp-json\/wp\/v2\/users\/8"}],"replies":[{"embeddable":true,"href":"https:\/\/kapitalis.com\/tunisie\/wp-json\/wp\/v2\/comments?post=10508152"}],"version-history":[{"count":2,"href":"https:\/\/kapitalis.com\/tunisie\/wp-json\/wp\/v2\/posts\/10508152\/revisions"}],"predecessor-version":[{"id":10508608,"href":"https:\/\/kapitalis.com\/tunisie\/wp-json\/wp\/v2\/posts\/10508152\/revisions\/10508608"}],"wp:featuredmedia":[{"embeddable":true,"href":"https:\/\/kapitalis.com\/tunisie\/wp-json\/wp\/v2\/media\/10508520"}],"wp:attachment":[{"href":"https:\/\/kapitalis.com\/tunisie\/wp-json\/wp\/v2\/media?parent=10508152"}],"wp:term":[{"taxonomy":"category","embeddable":true,"href":"https:\/\/kapitalis.com\/tunisie\/wp-json\/wp\/v2\/categories?post=10508152"},{"taxonomy":"post_tag","embeddable":true,"href":"https:\/\/kapitalis.com\/tunisie\/wp-json\/wp\/v2\/tags?post=10508152"}],"curies":[{"name":"wp","href":"https:\/\/api.w.org\/{rel}","templated":true}]}}