{"id":10518375,"date":"2023-11-14T10:10:32","date_gmt":"2023-11-14T09:10:32","guid":{"rendered":"https:\/\/kapitalis.com\/tunisie\/?p=10518375"},"modified":"2023-11-14T10:10:34","modified_gmt":"2023-11-14T09:10:34","slug":"la-cinematheque-tunisienne-rend-hommage-a-ousmane-sembene","status":"publish","type":"post","link":"https:\/\/kapitalis.com\/tunisie\/2023\/11\/14\/la-cinematheque-tunisienne-rend-hommage-a-ousmane-sembene\/","title":{"rendered":"La Cin\u00e9math\u00e8que Tunisienne rend hommage \u00e0 Ousmane Semb\u00e8ne"},"content":{"rendered":"\n<p><strong><em>L\u2019\u0153uvre int\u00e9grale du r\u00e9alisateur et \u00e9crivain s\u00e9n\u00e9galais Ousmane Semb\u00e8ne (1923-2007) sera \u00e0 l\u2019honneur du 17 novembre au 9 d\u00e9cembre 2023 \u00e0 la Cin\u00e9math\u00e8que Tunisienne, Cit\u00e9 de la culture Chedly Klibi, \u00e0 Tunis.<\/em><\/strong><\/p>\n\n\n\n<!--more-->\n\n\n\n<p>Un cycle de projections qui s&rsquo;intitule <em>\u00abL\u2019a\u00een\u00e9 du cin\u00e9ma africain : Ousmane Semb\u00e8ne\u00bb<\/em> pr\u00e9voit des lectures de l\u2019\u0153uvre du cin\u00e9aste-\u00e9crivain, le 1er d\u00e9cembre \u00e0 la Biblioth\u00e8que Mohamed Mahfoudh.<\/p>\n\n\n\n<p>Ce nouveau cycle pr\u00e9voit la projection de 11 films dont <em>\u2018\u2018La Noire De\u2026\u2019\u2019<\/em> (1966, 65&prime;) laur\u00e9at du Tanit d\u2019or de la premi\u00e8re \u00e9dition des Journ\u00e9es Cin\u00e9matographiques de Carthage (JCC) en 1966. Ce long-m\u00e9trage sera projet\u00e9 avec deux courts m\u00e9trages, <em>\u2018\u2018Borom Sarret\u2019\u2019<\/em> (1963) et <em>\u2018\u2018Niaye\u2019\u2019<\/em> (1964).<\/p>\n\n\n\n<p>Les autres films au menu sont des longs m\u00e9trages : <em>\u2018\u2018Le Mandat\u2019\u2019<\/em> (1968), <em>\u2018\u2018Emitai\u2019\u2019<\/em> (1971), <em>\u2018\u2018Xala\u2019\u2019<\/em> (1974) adaptation de son roman \u00e9ponyme paru en 1973,<em> \u2018\u2018Ceddo\u2019\u2019<\/em> (1977), <em>\u2018\u2018Camp de Thiaroye\u2019\u2019<\/em>, un film cor\u00e9alis\u00e9 avec Thierno Faty Sow (1988), <em>\u2018\u2018Guelwaar\u2019\u2019<\/em> (1992), <em>\u2018\u2018Faat-Kin\u00e9\u2019\u2019<\/em> (2000) et <em>\u2018\u2018Moolaade\u2019\u2019<\/em> (2004).<\/p>\n\n\n\n<p>Deux projections sont pr\u00e9vues pour chaque film avec un sous-titrage en fran\u00e7ais.<\/p>\n\n\n\n<p>L&rsquo;engagement de ce cin\u00e9aste dans la d\u00e9fense des causes de son pays et de tout le continent africain, s&rsquo;est illustr\u00e9 dans des films qui ont d\u00e9croch\u00e9 de nombreuses distinctions pour ne citer que <em>\u2018\u2018Camp de Thiaroye\u2019\u2019<\/em>, qui a remport\u00e9 le Grand Prix du Jury \u00e0 la Mostra de Venise en 1988 et son tout dernier film, trois ans avant son d\u00e9c\u00e8s en 2007, <em>\u2018\u2018Moolaad\u00e9\u2019\u2019<\/em>, qui a re\u00e7u en 2004 le Prix \u00abUn Certain Regard\u00bb au Festival de Cannes ainsi que le prix sp\u00e9cial du jury au Festival international du film de Marrakech.<\/p>\n\n\n\n<p>Tout au long de sa carri\u00e8re cin\u00e9matographique et litt\u00e9raire, Ousmane Semb\u00e8ne parti \u00e0 l&rsquo;\u00e2ge de 84 ans, a publi\u00e9 plusieurs livres dont des romans et des nouvelles. <em>\u2018\u2018Le Docker Noir\u2019\u2019<\/em>, paru en 1956 est son premier roman suivi de romans comme <em>\u2018\u2018\u00d4 pays, mon beau peuple\u2019\u2019<\/em> (1957), <em>\u2018\u2018Les bouts de bois de Dieu\u2019\u2019<\/em> (1960), <em>\u2018\u2018L\u2019harmattan\u2019\u2019<\/em> (1964), \u2018<em>\u2018Xala\u2019\u2019 (1<\/em>973), <em>\u2018\u2018Le dernier de l&rsquo;Empire\u2019\u2019<\/em> (1985) et <em>\u2018\u2018Niiwan\u2019\u2019<\/em> (1987).<\/p>\n\n\n\n<p>Il est \u00e9galement auteur d&rsquo;un recueil de nouvelles, <em>\u2018\u2018Voltaique\u2019\u2019<\/em> (1962), en plus d&rsquo;une nouvelle parue en 1966, <em>\u2018\u2018Le mandat pr\u00e9c\u00e9d\u00e9 de Vehi Ciosane\u2019\u2019<\/em>.<\/p>\n\n\n\n<p>Il est \u00e0 rappeler qu&rsquo;un hommage \u00e0 Ousmane Semb\u00e8ne \u00e9tait au menu de la 34<sup>e<\/sup> \u00e9dition des JCC co\u00efncidant avec la c\u00e9l\u00e9bration du centenaire de sa naissance (1923-2023) dont la tenue a \u00e9t\u00e9 annul\u00e9e en solidarit\u00e9 avec la Palestine.<\/p>\n\n\n\n<p>Fid\u00e8le compagnon de feu Tahar Ch\u00e9riaa dans le parcours de naissance des JCC, ce pionnier du cin\u00e9ma africain a \u0153uvr\u00e9 pour l&rsquo;ind\u00e9pendance des cin\u00e9mas du Sud et pour d\u00e9fendre les causes de sa patrie et de l&rsquo;Afrique. <\/p>\n\n\n\n<p>Le <em>\u00abP\u00e8re des cin\u00e9mas africains\u00bb <\/em>a forg\u00e9 durant sa carri\u00e8re cin\u00e9matographique un v\u00e9ritable plaidoyer contre la perte de l&rsquo;identit\u00e9 culturelle africaine et pour la r\u00e9sistance contre les oppressions de tous bords.<\/p>\n","protected":false},"excerpt":{"rendered":"<p>L\u2019\u0153uvre int\u00e9grale du r\u00e9alisateur et \u00e9crivain s\u00e9n\u00e9galais Ousmane Semb\u00e8ne pr\u00e9sent\u00e9e \u00e0 la Cin\u00e9math\u00e8que Tunisienne. <\/p>\n","protected":false},"author":8,"featured_media":10518457,"comment_status":"open","ping_status":"open","sticky":false,"template":"","format":"standard","meta":{"footnotes":""},"categories":[994,2433],"tags":[86778,34406,510,109667,2986,84257],"class_list":["post-10518375","post","type-post","status-publish","format-standard","has-post-thumbnail","hentry","category-culture","category-tunisie","tag-cinema-africain","tag-cinematheque-tunisienne","tag-jcc","tag-ousmane-sembene","tag-senegal","tag-tahar-cheriaa"],"yoast_head":"<!-- This site is optimized with the Yoast SEO plugin v26.6 - https:\/\/yoast.com\/wordpress\/plugins\/seo\/ -->\n<title>La Cin\u00e9math\u00e8que Tunisienne rend hommage \u00e0 Ousmane Semb\u00e8ne - Kapitalis<\/title>\n<meta name=\"robots\" content=\"index, follow, max-snippet:-1, max-image-preview:large, max-video-preview:-1\" \/>\n<link rel=\"canonical\" href=\"https:\/\/kapitalis.com\/tunisie\/2023\/11\/14\/la-cinematheque-tunisienne-rend-hommage-a-ousmane-sembene\/\" \/>\n<meta property=\"og:locale\" content=\"fr_FR\" \/>\n<meta property=\"og:type\" content=\"article\" \/>\n<meta property=\"og:title\" content=\"La Cin\u00e9math\u00e8que Tunisienne rend hommage \u00e0 Ousmane Semb\u00e8ne - Kapitalis\" \/>\n<meta property=\"og:description\" content=\"L\u2019\u0153uvre int\u00e9grale du r\u00e9alisateur et \u00e9crivain s\u00e9n\u00e9galais Ousmane Semb\u00e8ne pr\u00e9sent\u00e9e \u00e0 la Cin\u00e9math\u00e8que Tunisienne.\" \/>\n<meta property=\"og:url\" content=\"https:\/\/kapitalis.com\/tunisie\/2023\/11\/14\/la-cinematheque-tunisienne-rend-hommage-a-ousmane-sembene\/\" \/>\n<meta property=\"og:site_name\" content=\"Kapitalis\" \/>\n<meta property=\"article:publisher\" content=\"https:\/\/www.facebook.com\/KapitalisInfo\/\" \/>\n<meta property=\"article:published_time\" content=\"2023-11-14T09:10:32+00:00\" \/>\n<meta property=\"article:modified_time\" content=\"2023-11-14T09:10:34+00:00\" \/>\n<meta property=\"og:image\" content=\"https:\/\/kapitalis.com\/tunisie\/wp-content\/uploads\/2023\/11\/Ousmane-Sembene.jpg\" \/>\n\t<meta property=\"og:image:width\" content=\"1200\" \/>\n\t<meta property=\"og:image:height\" content=\"630\" \/>\n\t<meta property=\"og:image:type\" content=\"image\/jpeg\" \/>\n<meta name=\"author\" content=\"webmaster kapitalis\" \/>\n<meta name=\"twitter:card\" content=\"summary_large_image\" \/>\n<meta name=\"twitter:creator\" content=\"@KapitalisInfo\" \/>\n<meta name=\"twitter:site\" content=\"@KapitalisInfo\" \/>\n<meta name=\"twitter:label1\" content=\"\u00c9crit par\" \/>\n\t<meta name=\"twitter:data1\" content=\"webmaster kapitalis\" \/>\n\t<meta name=\"twitter:label2\" content=\"Dur\u00e9e de lecture estim\u00e9e\" \/>\n\t<meta name=\"twitter:data2\" content=\"3 minutes\" \/>\n<script type=\"application\/ld+json\" class=\"yoast-schema-graph\">{\"@context\":\"https:\/\/schema.org\",\"@graph\":[{\"@type\":\"Article\",\"@id\":\"https:\/\/kapitalis.com\/tunisie\/2023\/11\/14\/la-cinematheque-tunisienne-rend-hommage-a-ousmane-sembene\/#article\",\"isPartOf\":{\"@id\":\"https:\/\/kapitalis.com\/tunisie\/2023\/11\/14\/la-cinematheque-tunisienne-rend-hommage-a-ousmane-sembene\/\"},\"author\":{\"name\":\"webmaster kapitalis\",\"@id\":\"https:\/\/kapitalis.com\/tunisie\/#\/schema\/person\/d71f33a9ca44f7bad4698210b480c8e9\"},\"headline\":\"La Cin\u00e9math\u00e8que Tunisienne rend hommage \u00e0 Ousmane Semb\u00e8ne\",\"datePublished\":\"2023-11-14T09:10:32+00:00\",\"dateModified\":\"2023-11-14T09:10:34+00:00\",\"mainEntityOfPage\":{\"@id\":\"https:\/\/kapitalis.com\/tunisie\/2023\/11\/14\/la-cinematheque-tunisienne-rend-hommage-a-ousmane-sembene\/\"},\"wordCount\":483,\"commentCount\":0,\"publisher\":{\"@id\":\"https:\/\/kapitalis.com\/tunisie\/#organization\"},\"image\":{\"@id\":\"https:\/\/kapitalis.com\/tunisie\/2023\/11\/14\/la-cinematheque-tunisienne-rend-hommage-a-ousmane-sembene\/#primaryimage\"},\"thumbnailUrl\":\"https:\/\/kapitalis.com\/tunisie\/wp-content\/uploads\/2023\/11\/Ousmane-Sembene.jpg\",\"keywords\":[\"cin\u00e9ma africain\",\"Cin\u00e9math\u00e8que tunisienne\",\"JCC\",\"Ousmane Semb\u00e8ne\",\"S\u00e9n\u00e9gal\",\"Tahar Ch\u00e9riaa\"],\"articleSection\":[\"CULTURE\",\"Tunisie\"],\"inLanguage\":\"fr-FR\",\"potentialAction\":[{\"@type\":\"CommentAction\",\"name\":\"Comment\",\"target\":[\"https:\/\/kapitalis.com\/tunisie\/2023\/11\/14\/la-cinematheque-tunisienne-rend-hommage-a-ousmane-sembene\/#respond\"]}]},{\"@type\":\"WebPage\",\"@id\":\"https:\/\/kapitalis.com\/tunisie\/2023\/11\/14\/la-cinematheque-tunisienne-rend-hommage-a-ousmane-sembene\/\",\"url\":\"https:\/\/kapitalis.com\/tunisie\/2023\/11\/14\/la-cinematheque-tunisienne-rend-hommage-a-ousmane-sembene\/\",\"name\":\"La Cin\u00e9math\u00e8que Tunisienne rend hommage \u00e0 Ousmane Semb\u00e8ne - Kapitalis\",\"isPartOf\":{\"@id\":\"https:\/\/kapitalis.com\/tunisie\/#website\"},\"primaryImageOfPage\":{\"@id\":\"https:\/\/kapitalis.com\/tunisie\/2023\/11\/14\/la-cinematheque-tunisienne-rend-hommage-a-ousmane-sembene\/#primaryimage\"},\"image\":{\"@id\":\"https:\/\/kapitalis.com\/tunisie\/2023\/11\/14\/la-cinematheque-tunisienne-rend-hommage-a-ousmane-sembene\/#primaryimage\"},\"thumbnailUrl\":\"https:\/\/kapitalis.com\/tunisie\/wp-content\/uploads\/2023\/11\/Ousmane-Sembene.jpg\",\"datePublished\":\"2023-11-14T09:10:32+00:00\",\"dateModified\":\"2023-11-14T09:10:34+00:00\",\"breadcrumb\":{\"@id\":\"https:\/\/kapitalis.com\/tunisie\/2023\/11\/14\/la-cinematheque-tunisienne-rend-hommage-a-ousmane-sembene\/#breadcrumb\"},\"inLanguage\":\"fr-FR\",\"potentialAction\":[{\"@type\":\"ReadAction\",\"target\":[\"https:\/\/kapitalis.com\/tunisie\/2023\/11\/14\/la-cinematheque-tunisienne-rend-hommage-a-ousmane-sembene\/\"]}]},{\"@type\":\"ImageObject\",\"inLanguage\":\"fr-FR\",\"@id\":\"https:\/\/kapitalis.com\/tunisie\/2023\/11\/14\/la-cinematheque-tunisienne-rend-hommage-a-ousmane-sembene\/#primaryimage\",\"url\":\"https:\/\/kapitalis.com\/tunisie\/wp-content\/uploads\/2023\/11\/Ousmane-Sembene.jpg\",\"contentUrl\":\"https:\/\/kapitalis.com\/tunisie\/wp-content\/uploads\/2023\/11\/Ousmane-Sembene.jpg\",\"width\":1200,\"height\":630},{\"@type\":\"BreadcrumbList\",\"@id\":\"https:\/\/kapitalis.com\/tunisie\/2023\/11\/14\/la-cinematheque-tunisienne-rend-hommage-a-ousmane-sembene\/#breadcrumb\",\"itemListElement\":[{\"@type\":\"ListItem\",\"position\":1,\"name\":\"Accueil\",\"item\":\"https:\/\/kapitalis.com\/tunisie\/\"},{\"@type\":\"ListItem\",\"position\":2,\"name\":\"La Cin\u00e9math\u00e8que Tunisienne rend hommage \u00e0 Ousmane Semb\u00e8ne\"}]},{\"@type\":\"WebSite\",\"@id\":\"https:\/\/kapitalis.com\/tunisie\/#website\",\"url\":\"https:\/\/kapitalis.com\/tunisie\/\",\"name\":\"Kapitalis\",\"description\":\"L&#039;actualit\u00e9 en Tunisie et dans le monde\",\"publisher\":{\"@id\":\"https:\/\/kapitalis.com\/tunisie\/#organization\"},\"potentialAction\":[{\"@type\":\"SearchAction\",\"target\":{\"@type\":\"EntryPoint\",\"urlTemplate\":\"https:\/\/kapitalis.com\/tunisie\/?s={search_term_string}\"},\"query-input\":{\"@type\":\"PropertyValueSpecification\",\"valueRequired\":true,\"valueName\":\"search_term_string\"}}],\"inLanguage\":\"fr-FR\"},{\"@type\":\"Organization\",\"@id\":\"https:\/\/kapitalis.com\/tunisie\/#organization\",\"name\":\"Kapitalis\",\"url\":\"https:\/\/kapitalis.com\/tunisie\/\",\"logo\":{\"@type\":\"ImageObject\",\"inLanguage\":\"fr-FR\",\"@id\":\"https:\/\/kapitalis.com\/tunisie\/#\/schema\/logo\/image\/\",\"url\":\"https:\/\/kapitalis.com\/tunisie\/wp-content\/uploads\/2022\/05\/Kapitalis-big-size.png\",\"contentUrl\":\"https:\/\/kapitalis.com\/tunisie\/wp-content\/uploads\/2022\/05\/Kapitalis-big-size.png\",\"width\":5000,\"height\":1500,\"caption\":\"Kapitalis\"},\"image\":{\"@id\":\"https:\/\/kapitalis.com\/tunisie\/#\/schema\/logo\/image\/\"},\"sameAs\":[\"https:\/\/www.facebook.com\/KapitalisInfo\/\",\"https:\/\/x.com\/KapitalisInfo\",\"https:\/\/www.youtube.com\/channel\/UC-yDYrHyfFBWWZaOw3FPg9Q\"]},{\"@type\":\"Person\",\"@id\":\"https:\/\/kapitalis.com\/tunisie\/#\/schema\/person\/d71f33a9ca44f7bad4698210b480c8e9\",\"name\":\"webmaster kapitalis\",\"url\":\"https:\/\/kapitalis.com\/tunisie\/author\/webmaster-kapitalis\/\"}]}<\/script>\n<!-- \/ Yoast SEO plugin. -->","yoast_head_json":{"title":"La Cin\u00e9math\u00e8que Tunisienne rend hommage \u00e0 Ousmane Semb\u00e8ne - Kapitalis","robots":{"index":"index","follow":"follow","max-snippet":"max-snippet:-1","max-image-preview":"max-image-preview:large","max-video-preview":"max-video-preview:-1"},"canonical":"https:\/\/kapitalis.com\/tunisie\/2023\/11\/14\/la-cinematheque-tunisienne-rend-hommage-a-ousmane-sembene\/","og_locale":"fr_FR","og_type":"article","og_title":"La Cin\u00e9math\u00e8que Tunisienne rend hommage \u00e0 Ousmane Semb\u00e8ne - Kapitalis","og_description":"L\u2019\u0153uvre int\u00e9grale du r\u00e9alisateur et \u00e9crivain s\u00e9n\u00e9galais Ousmane Semb\u00e8ne pr\u00e9sent\u00e9e \u00e0 la Cin\u00e9math\u00e8que Tunisienne.","og_url":"https:\/\/kapitalis.com\/tunisie\/2023\/11\/14\/la-cinematheque-tunisienne-rend-hommage-a-ousmane-sembene\/","og_site_name":"Kapitalis","article_publisher":"https:\/\/www.facebook.com\/KapitalisInfo\/","article_published_time":"2023-11-14T09:10:32+00:00","article_modified_time":"2023-11-14T09:10:34+00:00","og_image":[{"width":1200,"height":630,"url":"https:\/\/kapitalis.com\/tunisie\/wp-content\/uploads\/2023\/11\/Ousmane-Sembene.jpg","type":"image\/jpeg"}],"author":"webmaster kapitalis","twitter_card":"summary_large_image","twitter_creator":"@KapitalisInfo","twitter_site":"@KapitalisInfo","twitter_misc":{"\u00c9crit par":"webmaster kapitalis","Dur\u00e9e de lecture estim\u00e9e":"3 minutes"},"schema":{"@context":"https:\/\/schema.org","@graph":[{"@type":"Article","@id":"https:\/\/kapitalis.com\/tunisie\/2023\/11\/14\/la-cinematheque-tunisienne-rend-hommage-a-ousmane-sembene\/#article","isPartOf":{"@id":"https:\/\/kapitalis.com\/tunisie\/2023\/11\/14\/la-cinematheque-tunisienne-rend-hommage-a-ousmane-sembene\/"},"author":{"name":"webmaster kapitalis","@id":"https:\/\/kapitalis.com\/tunisie\/#\/schema\/person\/d71f33a9ca44f7bad4698210b480c8e9"},"headline":"La Cin\u00e9math\u00e8que Tunisienne rend hommage \u00e0 Ousmane Semb\u00e8ne","datePublished":"2023-11-14T09:10:32+00:00","dateModified":"2023-11-14T09:10:34+00:00","mainEntityOfPage":{"@id":"https:\/\/kapitalis.com\/tunisie\/2023\/11\/14\/la-cinematheque-tunisienne-rend-hommage-a-ousmane-sembene\/"},"wordCount":483,"commentCount":0,"publisher":{"@id":"https:\/\/kapitalis.com\/tunisie\/#organization"},"image":{"@id":"https:\/\/kapitalis.com\/tunisie\/2023\/11\/14\/la-cinematheque-tunisienne-rend-hommage-a-ousmane-sembene\/#primaryimage"},"thumbnailUrl":"https:\/\/kapitalis.com\/tunisie\/wp-content\/uploads\/2023\/11\/Ousmane-Sembene.jpg","keywords":["cin\u00e9ma africain","Cin\u00e9math\u00e8que tunisienne","JCC","Ousmane Semb\u00e8ne","S\u00e9n\u00e9gal","Tahar Ch\u00e9riaa"],"articleSection":["CULTURE","Tunisie"],"inLanguage":"fr-FR","potentialAction":[{"@type":"CommentAction","name":"Comment","target":["https:\/\/kapitalis.com\/tunisie\/2023\/11\/14\/la-cinematheque-tunisienne-rend-hommage-a-ousmane-sembene\/#respond"]}]},{"@type":"WebPage","@id":"https:\/\/kapitalis.com\/tunisie\/2023\/11\/14\/la-cinematheque-tunisienne-rend-hommage-a-ousmane-sembene\/","url":"https:\/\/kapitalis.com\/tunisie\/2023\/11\/14\/la-cinematheque-tunisienne-rend-hommage-a-ousmane-sembene\/","name":"La Cin\u00e9math\u00e8que Tunisienne rend hommage \u00e0 Ousmane Semb\u00e8ne - Kapitalis","isPartOf":{"@id":"https:\/\/kapitalis.com\/tunisie\/#website"},"primaryImageOfPage":{"@id":"https:\/\/kapitalis.com\/tunisie\/2023\/11\/14\/la-cinematheque-tunisienne-rend-hommage-a-ousmane-sembene\/#primaryimage"},"image":{"@id":"https:\/\/kapitalis.com\/tunisie\/2023\/11\/14\/la-cinematheque-tunisienne-rend-hommage-a-ousmane-sembene\/#primaryimage"},"thumbnailUrl":"https:\/\/kapitalis.com\/tunisie\/wp-content\/uploads\/2023\/11\/Ousmane-Sembene.jpg","datePublished":"2023-11-14T09:10:32+00:00","dateModified":"2023-11-14T09:10:34+00:00","breadcrumb":{"@id":"https:\/\/kapitalis.com\/tunisie\/2023\/11\/14\/la-cinematheque-tunisienne-rend-hommage-a-ousmane-sembene\/#breadcrumb"},"inLanguage":"fr-FR","potentialAction":[{"@type":"ReadAction","target":["https:\/\/kapitalis.com\/tunisie\/2023\/11\/14\/la-cinematheque-tunisienne-rend-hommage-a-ousmane-sembene\/"]}]},{"@type":"ImageObject","inLanguage":"fr-FR","@id":"https:\/\/kapitalis.com\/tunisie\/2023\/11\/14\/la-cinematheque-tunisienne-rend-hommage-a-ousmane-sembene\/#primaryimage","url":"https:\/\/kapitalis.com\/tunisie\/wp-content\/uploads\/2023\/11\/Ousmane-Sembene.jpg","contentUrl":"https:\/\/kapitalis.com\/tunisie\/wp-content\/uploads\/2023\/11\/Ousmane-Sembene.jpg","width":1200,"height":630},{"@type":"BreadcrumbList","@id":"https:\/\/kapitalis.com\/tunisie\/2023\/11\/14\/la-cinematheque-tunisienne-rend-hommage-a-ousmane-sembene\/#breadcrumb","itemListElement":[{"@type":"ListItem","position":1,"name":"Accueil","item":"https:\/\/kapitalis.com\/tunisie\/"},{"@type":"ListItem","position":2,"name":"La Cin\u00e9math\u00e8que Tunisienne rend hommage \u00e0 Ousmane Semb\u00e8ne"}]},{"@type":"WebSite","@id":"https:\/\/kapitalis.com\/tunisie\/#website","url":"https:\/\/kapitalis.com\/tunisie\/","name":"Kapitalis","description":"L&#039;actualit\u00e9 en Tunisie et dans le monde","publisher":{"@id":"https:\/\/kapitalis.com\/tunisie\/#organization"},"potentialAction":[{"@type":"SearchAction","target":{"@type":"EntryPoint","urlTemplate":"https:\/\/kapitalis.com\/tunisie\/?s={search_term_string}"},"query-input":{"@type":"PropertyValueSpecification","valueRequired":true,"valueName":"search_term_string"}}],"inLanguage":"fr-FR"},{"@type":"Organization","@id":"https:\/\/kapitalis.com\/tunisie\/#organization","name":"Kapitalis","url":"https:\/\/kapitalis.com\/tunisie\/","logo":{"@type":"ImageObject","inLanguage":"fr-FR","@id":"https:\/\/kapitalis.com\/tunisie\/#\/schema\/logo\/image\/","url":"https:\/\/kapitalis.com\/tunisie\/wp-content\/uploads\/2022\/05\/Kapitalis-big-size.png","contentUrl":"https:\/\/kapitalis.com\/tunisie\/wp-content\/uploads\/2022\/05\/Kapitalis-big-size.png","width":5000,"height":1500,"caption":"Kapitalis"},"image":{"@id":"https:\/\/kapitalis.com\/tunisie\/#\/schema\/logo\/image\/"},"sameAs":["https:\/\/www.facebook.com\/KapitalisInfo\/","https:\/\/x.com\/KapitalisInfo","https:\/\/www.youtube.com\/channel\/UC-yDYrHyfFBWWZaOw3FPg9Q"]},{"@type":"Person","@id":"https:\/\/kapitalis.com\/tunisie\/#\/schema\/person\/d71f33a9ca44f7bad4698210b480c8e9","name":"webmaster kapitalis","url":"https:\/\/kapitalis.com\/tunisie\/author\/webmaster-kapitalis\/"}]}},"_links":{"self":[{"href":"https:\/\/kapitalis.com\/tunisie\/wp-json\/wp\/v2\/posts\/10518375","targetHints":{"allow":["GET"]}}],"collection":[{"href":"https:\/\/kapitalis.com\/tunisie\/wp-json\/wp\/v2\/posts"}],"about":[{"href":"https:\/\/kapitalis.com\/tunisie\/wp-json\/wp\/v2\/types\/post"}],"author":[{"embeddable":true,"href":"https:\/\/kapitalis.com\/tunisie\/wp-json\/wp\/v2\/users\/8"}],"replies":[{"embeddable":true,"href":"https:\/\/kapitalis.com\/tunisie\/wp-json\/wp\/v2\/comments?post=10518375"}],"version-history":[{"count":1,"href":"https:\/\/kapitalis.com\/tunisie\/wp-json\/wp\/v2\/posts\/10518375\/revisions"}],"predecessor-version":[{"id":10518472,"href":"https:\/\/kapitalis.com\/tunisie\/wp-json\/wp\/v2\/posts\/10518375\/revisions\/10518472"}],"wp:featuredmedia":[{"embeddable":true,"href":"https:\/\/kapitalis.com\/tunisie\/wp-json\/wp\/v2\/media\/10518457"}],"wp:attachment":[{"href":"https:\/\/kapitalis.com\/tunisie\/wp-json\/wp\/v2\/media?parent=10518375"}],"wp:term":[{"taxonomy":"category","embeddable":true,"href":"https:\/\/kapitalis.com\/tunisie\/wp-json\/wp\/v2\/categories?post=10518375"},{"taxonomy":"post_tag","embeddable":true,"href":"https:\/\/kapitalis.com\/tunisie\/wp-json\/wp\/v2\/tags?post=10518375"}],"curies":[{"name":"wp","href":"https:\/\/api.w.org\/{rel}","templated":true}]}}